{"id":40720,"date":"2022-08-24T06:31:23","date_gmt":"2022-08-24T12:31:23","guid":{"rendered":"https:\/\/fuentesfidedignas.com.mx\/?p=40720"},"modified":"2022-08-24T06:31:49","modified_gmt":"2022-08-24T12:31:49","slug":"sep-publica-lista-sugerida-de-utiles-a-unos-dias-de-comenzar-ciclo-escolar","status":"publish","type":"post","link":"https:\/\/fuentesfidedignas.com.mx\/index.php\/2022\/08\/24\/sep-publica-lista-sugerida-de-utiles-a-unos-dias-de-comenzar-ciclo-escolar\/","title":{"rendered":"SEP publica lista sugerida de \u00fatiles a unos d\u00edas de comenzar ciclo escolar"},"content":{"rendered":"\n<p><strong><em>Se pide a los padres de familia antes de adquirir nuevos materiales revisar los del ciclo anterior<\/em><\/strong> <\/p>\n\n\n\n<p>Ciudad de M\u00e9xico.- La<strong><a href=\"https:\/\/noticieros.televisa.com\/tag\/sep\/\" target=\"_blank\" rel=\"noreferrer noopener\">\u00a0Secretar\u00eda de Educaci\u00f3n P\u00fablica (SEP)<\/a><\/strong>\u00a0public\u00f3 la\u00a0<strong>lista sugerida de \u00fatiles<\/strong>\u00a0a unos d\u00edas de comenzar el\u00a0<strong>ciclo escolar 2022-2023<\/strong>, que dar\u00e1 inicio el pr\u00f3ximo lunes 29 de agosto, para educaci\u00f3n preescolar, primaria y secundaria en el pa\u00eds.<\/p>\n\n\n\n<p>Se pide a los&nbsp;<strong>padres de familia<\/strong>&nbsp;antes de&nbsp;<strong>adquirir nuevos materiales revisar los del ciclo anterior<\/strong>, a fin de reutilizar aquellos que se encuentren en buenas condiciones.<\/p>\n\n\n\n<h2 class=\"wp-block-heading\">Estos son los \u00fatiles escolares para preescolar<\/h2>\n\n\n\n<p>Los materiales y&nbsp;<strong>\u00fatiles escolares necesarios en jardines de ni\u00f1os<\/strong>&nbsp;de los&nbsp;<strong>tres grados de preescolar<\/strong>, como&nbsp;<strong>diferentes tipos de papel, pinturas, pinceles, l\u00e1pices de colores, brochas, tijeras, pegamentos y plastilina<\/strong>&nbsp;(no t\u00f3xicos), ser\u00e1n solicitados por las educadoras de com\u00fan acuerdo con madres y padres, seg\u00fan los requerimientos de las actividades que realizar\u00e1n los estudiantes.<\/p>\n\n\n\n<h2 class=\"wp-block-heading\">\u00datiles escolares para alumnos de primaria<\/h2>\n\n\n\n<h2 class=\"wp-block-heading\">Primer grado<\/h2>\n\n\n\n<ul class=\"wp-block-list\"><li>Dos cuadernos de cuadr\u00edcula grande de 100 hojas.<\/li><li>Un cuaderno de rayas de 100 hojas.<\/li><li>Un l\u00e1piz del n\u00famero 2, un bicolor y una goma para borrar.<\/li><li>Un sacapuntas y unas tijeras de punta roma (redonda).<\/li><li>L\u00e1pices de colores de madera o cera.<\/li><li>Pegamento.<\/li><\/ul>\n\n\n\n<h2 class=\"wp-block-heading\">Segundo grado<\/h2>\n\n\n\n<ul class=\"wp-block-list\"><li>Dos cuadernos de cuadr\u00edcula grande de 100 hojas.<\/li><li>Un cuaderno de rayas de 100 hojas, tama\u00f1o profesional.<\/li><li>Un l\u00e1piz del n\u00famero 2, un bicolor y una goma para borrar.<\/li><li>Un sacapuntas y unas tijeras de punta roma.<\/li><li>L\u00e1pices de colores de madera o cera.<\/li><li>Pegamento.<\/li><\/ul>\n\n\n\n<h2 class=\"wp-block-heading\">Tercer grado<\/h2>\n\n\n\n<ul class=\"wp-block-list\"><li>Cuatro cuadernos de cuadr\u00edcula chica de 100 hojas.<\/li><li>Un cuaderno de rayas de 100 hojas.<br>Un l\u00e1piz del n\u00famero 2, un bicolor y un bol\u00edgrafo.<\/li><li>Una regla.<\/li><li>Un sacapuntas, una goma para borrar y unas tijeras de punta roma (redonda).<\/li><li>L\u00e1pices de colores de madera.<\/li><li>Pegamento.<\/li><\/ul>\n\n\n\n<h2 class=\"wp-block-heading\">Cuarto grado<\/h2>\n\n\n\n<ul class=\"wp-block-list\"><li>Cuatro cuadernos de cuadricula chica de 100 hojas.<\/li><li>Un cuaderno de rayas de 100 hojas.<\/li><li>Un l\u00e1piz del n\u00famero 2, un bicolor, un bol\u00edgrafo y un marcatextos.<\/li><li>Una regla.<\/li><li>Un sacapuntas, una goma para borrar y unas tijeras de punta roma (redonda).<\/li><li>L\u00e1pices de colores de madera.<\/li><li>Juego de geometr\u00eda.<\/li><li>Pegamento.<\/li><\/ul>\n\n\n\n<h2 class=\"wp-block-heading\">Quinto grado<\/h2>\n\n\n\n<ul class=\"wp-block-list\"><li>Cuatro cuadernos de cuadr\u00edcula chica de 100 hojas<\/li><li>Un cuaderno de rayas de 100 hojas<\/li><li>Un l\u00e1piz del n\u00famero 2, un bicolor, un bol\u00edgrafo y un marcatextos<\/li><li>Una regla<\/li><li>Un sacapuntas, una goma para borrar y unas tijeras de punta roma (redonda)<\/li><li>L\u00e1pices de colores de madera<\/li><li>Juego de geometr\u00eda<\/li><li>Pegamento<\/li><\/ul>\n\n\n\n<h2 class=\"wp-block-heading\">Sexto grado<\/h2>\n\n\n\n<ul class=\"wp-block-list\"><li>Cuatro cuadernos de cuadr\u00edcula chica de 100 hojas<\/li><li>Un cuaderno de rayas de 100 hojas<\/li><li>Un l\u00e1piz del n\u00famero 2, un bicolor, un bol\u00edgrafo y un marcatextos<\/li><li>Una regla<\/li><li>Un sacapuntas, una goma para borrar y unas tijeras de punta roma (redonda)<\/li><li>L\u00e1pices de colores de madera<\/li><li>Juego de geometr\u00eda<\/li><li>Pegamento<\/li><\/ul>\n\n\n\n<h2 class=\"wp-block-heading\">\u00datiles escolares para alumnos de secundaria<\/h2>\n\n\n\n<p>Materiales y&nbsp;<strong>\u00fatiles escolares para cada uno de los tres grad<\/strong>os:<\/p>\n\n\n\n<ul class=\"wp-block-list\"><li>Un cuaderno de 100 hojas para cada una de las asignaturas. El tipo de cuaderno ser\u00e1\u0301 determinado por cada profesor.<\/li><li>Un l\u00e1piz, un bicolor, un bol\u00edgrafo y un marcatextos<\/li><li>Un sacapuntas, una goma para borrar y unas tijeras<\/li><li>L\u00e1pices de colores<\/li><li>Pegamento<\/li><li>Juego de geometr\u00eda<\/li><li>Calculadora b\u00e1sica<\/li><\/ul>\n\n\n\n<p>Existen otros materiales particulares para&nbsp;<strong>Educaci\u00f3n F\u00edsica<\/strong>, as\u00ed como para las pr\u00e1cticas de laboratorio que solicitar\u00e1 la maestra en acuerdo con los padres seg\u00fan los requerimientos del programa de estudio.<\/p>\n\n\n\n<h2 class=\"wp-block-heading\">Medidas sanitarias contra COVID-19 para el regreso a clases<\/h2>\n\n\n\n<p>Asimismo, indica que los alumnos de seis a\u00f1os en adelante deber\u00e1n&nbsp;<strong>utilizar cubrebocas durante las actividades en espacios cerrados<\/strong>; colocarlo y retirarlo aplicando las medidas de higiene respectivas y usarlo de manera correcta. La medida no es aplicable para personas con discapacidad que no puedan usarlo de forma segura.<\/p>\n\n\n\n<p>Se sugiere\u00a0<strong>evitar el uso de caretas, protectores faciales o lentes protectores<\/strong>, al no ser eficaces para proteger a quien lo porta ni a las personas que lo rodean.\u00a0<strong>Tampoco se recomienda el uso de tapetes, t\u00faneles sanitizantes, o rociar a las personas<\/strong>\u00a0con sustancias aparentemente sanitizantes como<strong>\u00a0l\u00edquidos o aerosoles<\/strong>.<\/p>\n\n\n\n<p><\/p>\n","protected":false},"excerpt":{"rendered":"<p>Se pide a los padres de familia antes de adquirir nuevos materiales revisar los del ciclo anterior Ciudad de M\u00e9xico.- La\u00a0Secretar\u00eda de Educaci\u00f3n P\u00fablica (SEP)\u00a0public\u00f3 la\u00a0lista sugerida de \u00fatiles\u00a0a unos d\u00edas de comenzar el\u00a0ciclo escolar 2022-2023, que dar\u00e1 inicio el pr\u00f3ximo lunes 29 de agosto, para educaci\u00f3n preescolar, primaria y secundaria en el pa\u00eds. Se [&hellip;]<\/p>\n","protected":false},"author":46,"featured_media":40722,"comment_status":"open","ping_status":"open","sticky":false,"template":"","format":"standard","meta":{"tdm_status":"","tdm_grid_status":"","footnotes":""},"categories":[39],"tags":[3057,715],"class_list":{"0":"post-40720","1":"post","2":"type-post","3":"status-publish","4":"format-standard","5":"has-post-thumbnail","7":"category-noticias-nacionales","8":"tag-ciclo-escolar-2022-2023","9":"tag-uniformes-y-utiles-escolares"},"yoast_head":"<!-- This site is optimized with the Yoast SEO plugin v27.5 - https:\/\/yoast.com\/product\/yoast-seo-wordpress\/ -->\n<title>SEP publica lista sugerida de \u00fatiles a unos d\u00edas de comenzar ciclo escolar - Fuentes Fidedignas<\/title>\n<meta name=\"robots\" content=\"index, follow, max-snippet:-1, max-image-preview:large, max-video-preview:-1\" \/>\n<link rel=\"canonical\" href=\"https:\/\/fuentesfidedignas.com.mx\/index.php\/2022\/08\/24\/sep-publica-lista-sugerida-de-utiles-a-unos-dias-de-comenzar-ciclo-escolar\/\" \/>\n<meta property=\"og:locale\" content=\"es_MX\" \/>\n<meta property=\"og:type\" content=\"article\" \/>\n<meta property=\"og:title\" content=\"SEP publica lista sugerida de \u00fatiles a unos d\u00edas de comenzar ciclo escolar - Fuentes Fidedignas\" \/>\n<meta property=\"og:description\" content=\"Se pide a los padres de familia antes de adquirir nuevos materiales revisar los del ciclo anterior Ciudad de M\u00e9xico.- La\u00a0Secretar\u00eda de Educaci\u00f3n P\u00fablica (SEP)\u00a0public\u00f3 la\u00a0lista sugerida de \u00fatiles\u00a0a unos d\u00edas de comenzar el\u00a0ciclo escolar 2022-2023, que dar\u00e1 inicio el pr\u00f3ximo lunes 29 de agosto, para educaci\u00f3n preescolar, primaria y secundaria en el pa\u00eds. Se [&hellip;]\" \/>\n<meta property=\"og:url\" content=\"https:\/\/fuentesfidedignas.com.mx\/index.php\/2022\/08\/24\/sep-publica-lista-sugerida-de-utiles-a-unos-dias-de-comenzar-ciclo-escolar\/\" \/>\n<meta property=\"og:site_name\" content=\"Fuentes Fidedignas\" \/>\n<meta property=\"article:publisher\" content=\"https:\/\/www.facebook.com\/Fuentes-Fidedignas-368234489921644\" \/>\n<meta property=\"article:published_time\" content=\"2022-08-24T12:31:23+00:00\" \/>\n<meta property=\"article:modified_time\" content=\"2022-08-24T12:31:49+00:00\" \/>\n<meta property=\"og:image\" content=\"https:\/\/fuentesfidedignas.com.mx\/wp-content\/uploads\/2022\/08\/utiles.jpeg\" \/>\n\t<meta property=\"og:image:width\" content=\"1280\" \/>\n\t<meta property=\"og:image:height\" content=\"850\" \/>\n\t<meta property=\"og:image:type\" content=\"image\/jpeg\" \/>\n<meta name=\"author\" content=\"Noticieros Televisa\" \/>\n<meta name=\"twitter:card\" content=\"summary_large_image\" \/>\n<meta name=\"twitter:creator\" content=\"@fidedignas\" \/>\n<meta name=\"twitter:site\" content=\"@fidedignas\" \/>\n<meta name=\"twitter:label1\" content=\"Escrito por\" \/>\n\t<meta name=\"twitter:data1\" content=\"Noticieros Televisa\" \/>\n\t<meta name=\"twitter:label2\" content=\"Tiempo de lectura\" \/>\n\t<meta name=\"twitter:data2\" content=\"4 minutos\" \/>\n<script type=\"application\/ld+json\" class=\"yoast-schema-graph\">{\"@context\":\"https:\\\/\\\/schema.org\",\"@graph\":[{\"@type\":\"Article\",\"@id\":\"https:\\\/\\\/fuentesfidedignas.com.mx\\\/index.php\\\/2022\\\/08\\\/24\\\/sep-publica-lista-sugerida-de-utiles-a-unos-dias-de-comenzar-ciclo-escolar\\\/#article\",\"isPartOf\":{\"@id\":\"https:\\\/\\\/fuentesfidedignas.com.mx\\\/index.php\\\/2022\\\/08\\\/24\\\/sep-publica-lista-sugerida-de-utiles-a-unos-dias-de-comenzar-ciclo-escolar\\\/\"},\"author\":{\"name\":\"Noticieros Televisa\",\"@id\":\"https:\\\/\\\/fuentesfidedignas.com.mx\\\/#\\\/schema\\\/person\\\/f030e42657a5a464a8bbd891b1aab6ee\"},\"headline\":\"SEP publica lista sugerida de \u00fatiles a unos d\u00edas de comenzar ciclo escolar\",\"datePublished\":\"2022-08-24T12:31:23+00:00\",\"dateModified\":\"2022-08-24T12:31:49+00:00\",\"mainEntityOfPage\":{\"@id\":\"https:\\\/\\\/fuentesfidedignas.com.mx\\\/index.php\\\/2022\\\/08\\\/24\\\/sep-publica-lista-sugerida-de-utiles-a-unos-dias-de-comenzar-ciclo-escolar\\\/\"},\"wordCount\":723,\"commentCount\":0,\"publisher\":{\"@id\":\"https:\\\/\\\/fuentesfidedignas.com.mx\\\/#organization\"},\"image\":{\"@id\":\"https:\\\/\\\/fuentesfidedignas.com.mx\\\/index.php\\\/2022\\\/08\\\/24\\\/sep-publica-lista-sugerida-de-utiles-a-unos-dias-de-comenzar-ciclo-escolar\\\/#primaryimage\"},\"thumbnailUrl\":\"https:\\\/\\\/fuentesfidedignas.com.mx\\\/wp-content\\\/uploads\\\/2022\\\/08\\\/utiles.jpeg\",\"keywords\":[\"Ciclo Escolar 2022-2023\",\"Uniformes y \u00datiles Escolares\"],\"articleSection\":[\"NOTICIAS NACIONALES\"],\"inLanguage\":\"es\",\"potentialAction\":[{\"@type\":\"CommentAction\",\"name\":\"Comment\",\"target\":[\"https:\\\/\\\/fuentesfidedignas.com.mx\\\/index.php\\\/2022\\\/08\\\/24\\\/sep-publica-lista-sugerida-de-utiles-a-unos-dias-de-comenzar-ciclo-escolar\\\/#respond\"]}]},{\"@type\":\"WebPage\",\"@id\":\"https:\\\/\\\/fuentesfidedignas.com.mx\\\/index.php\\\/2022\\\/08\\\/24\\\/sep-publica-lista-sugerida-de-utiles-a-unos-dias-de-comenzar-ciclo-escolar\\\/\",\"url\":\"https:\\\/\\\/fuentesfidedignas.com.mx\\\/index.php\\\/2022\\\/08\\\/24\\\/sep-publica-lista-sugerida-de-utiles-a-unos-dias-de-comenzar-ciclo-escolar\\\/\",\"name\":\"SEP publica lista sugerida de \u00fatiles a unos d\u00edas de comenzar ciclo escolar - Fuentes Fidedignas\",\"isPartOf\":{\"@id\":\"https:\\\/\\\/fuentesfidedignas.com.mx\\\/#website\"},\"primaryImageOfPage\":{\"@id\":\"https:\\\/\\\/fuentesfidedignas.com.mx\\\/index.php\\\/2022\\\/08\\\/24\\\/sep-publica-lista-sugerida-de-utiles-a-unos-dias-de-comenzar-ciclo-escolar\\\/#primaryimage\"},\"image\":{\"@id\":\"https:\\\/\\\/fuentesfidedignas.com.mx\\\/index.php\\\/2022\\\/08\\\/24\\\/sep-publica-lista-sugerida-de-utiles-a-unos-dias-de-comenzar-ciclo-escolar\\\/#primaryimage\"},\"thumbnailUrl\":\"https:\\\/\\\/fuentesfidedignas.com.mx\\\/wp-content\\\/uploads\\\/2022\\\/08\\\/utiles.jpeg\",\"datePublished\":\"2022-08-24T12:31:23+00:00\",\"dateModified\":\"2022-08-24T12:31:49+00:00\",\"breadcrumb\":{\"@id\":\"https:\\\/\\\/fuentesfidedignas.com.mx\\\/index.php\\\/2022\\\/08\\\/24\\\/sep-publica-lista-sugerida-de-utiles-a-unos-dias-de-comenzar-ciclo-escolar\\\/#breadcrumb\"},\"inLanguage\":\"es\",\"potentialAction\":[{\"@type\":\"ReadAction\",\"target\":[\"https:\\\/\\\/fuentesfidedignas.com.mx\\\/index.php\\\/2022\\\/08\\\/24\\\/sep-publica-lista-sugerida-de-utiles-a-unos-dias-de-comenzar-ciclo-escolar\\\/\"]}]},{\"@type\":\"ImageObject\",\"inLanguage\":\"es\",\"@id\":\"https:\\\/\\\/fuentesfidedignas.com.mx\\\/index.php\\\/2022\\\/08\\\/24\\\/sep-publica-lista-sugerida-de-utiles-a-unos-dias-de-comenzar-ciclo-escolar\\\/#primaryimage\",\"url\":\"https:\\\/\\\/fuentesfidedignas.com.mx\\\/wp-content\\\/uploads\\\/2022\\\/08\\\/utiles.jpeg\",\"contentUrl\":\"https:\\\/\\\/fuentesfidedignas.com.mx\\\/wp-content\\\/uploads\\\/2022\\\/08\\\/utiles.jpeg\",\"width\":1280,\"height\":850},{\"@type\":\"BreadcrumbList\",\"@id\":\"https:\\\/\\\/fuentesfidedignas.com.mx\\\/index.php\\\/2022\\\/08\\\/24\\\/sep-publica-lista-sugerida-de-utiles-a-unos-dias-de-comenzar-ciclo-escolar\\\/#breadcrumb\",\"itemListElement\":[{\"@type\":\"ListItem\",\"position\":1,\"name\":\"Inicio\",\"item\":\"https:\\\/\\\/fuentesfidedignas.com.mx\\\/\"},{\"@type\":\"ListItem\",\"position\":2,\"name\":\"SEP publica lista sugerida de \u00fatiles a unos d\u00edas de comenzar ciclo escolar\"}]},{\"@type\":\"WebSite\",\"@id\":\"https:\\\/\\\/fuentesfidedignas.com.mx\\\/#website\",\"url\":\"https:\\\/\\\/fuentesfidedignas.com.mx\\\/\",\"name\":\"Fuentes Fidedignas\",\"description\":\"Otro sitio realizado con WordPress\",\"publisher\":{\"@id\":\"https:\\\/\\\/fuentesfidedignas.com.mx\\\/#organization\"},\"potentialAction\":[{\"@type\":\"SearchAction\",\"target\":{\"@type\":\"EntryPoint\",\"urlTemplate\":\"https:\\\/\\\/fuentesfidedignas.com.mx\\\/?s={search_term_string}\"},\"query-input\":{\"@type\":\"PropertyValueSpecification\",\"valueRequired\":true,\"valueName\":\"search_term_string\"}}],\"inLanguage\":\"es\"},{\"@type\":\"Organization\",\"@id\":\"https:\\\/\\\/fuentesfidedignas.com.mx\\\/#organization\",\"name\":\"Fuentes Fidedignas\",\"url\":\"https:\\\/\\\/fuentesfidedignas.com.mx\\\/\",\"logo\":{\"@type\":\"ImageObject\",\"inLanguage\":\"es\",\"@id\":\"https:\\\/\\\/fuentesfidedignas.com.mx\\\/#\\\/schema\\\/logo\\\/image\\\/\",\"url\":\"https:\\\/\\\/fuentesfidedignas.com.mx\\\/wp-content\\\/uploads\\\/2021\\\/04\\\/logo-retina.png\",\"contentUrl\":\"https:\\\/\\\/fuentesfidedignas.com.mx\\\/wp-content\\\/uploads\\\/2021\\\/04\\\/logo-retina.png\",\"width\":280,\"height\":51,\"caption\":\"Fuentes Fidedignas\"},\"image\":{\"@id\":\"https:\\\/\\\/fuentesfidedignas.com.mx\\\/#\\\/schema\\\/logo\\\/image\\\/\"},\"sameAs\":[\"https:\\\/\\\/www.facebook.com\\\/Fuentes-Fidedignas-368234489921644\",\"https:\\\/\\\/x.com\\\/fidedignas\"]},{\"@type\":\"Person\",\"@id\":\"https:\\\/\\\/fuentesfidedignas.com.mx\\\/#\\\/schema\\\/person\\\/f030e42657a5a464a8bbd891b1aab6ee\",\"name\":\"Noticieros Televisa\",\"image\":{\"@type\":\"ImageObject\",\"inLanguage\":\"es\",\"@id\":\"https:\\\/\\\/secure.gravatar.com\\\/avatar\\\/0e47b9e785a628831b8fd9eaf15e090e106760a879abbd4a3306f128ef5d43a9?s=96&d=mm&r=g\",\"url\":\"https:\\\/\\\/secure.gravatar.com\\\/avatar\\\/0e47b9e785a628831b8fd9eaf15e090e106760a879abbd4a3306f128ef5d43a9?s=96&d=mm&r=g\",\"contentUrl\":\"https:\\\/\\\/secure.gravatar.com\\\/avatar\\\/0e47b9e785a628831b8fd9eaf15e090e106760a879abbd4a3306f128ef5d43a9?s=96&d=mm&r=g\",\"caption\":\"Noticieros Televisa\"},\"url\":\"https:\\\/\\\/fuentesfidedignas.com.mx\\\/index.php\\\/author\\\/noticieros-televisa\\\/\"}]}<\/script>\n<!-- \/ Yoast SEO plugin. -->","yoast_head_json":{"title":"SEP publica lista sugerida de \u00fatiles a unos d\u00edas de comenzar ciclo escolar - Fuentes Fidedignas","robots":{"index":"index","follow":"follow","max-snippet":"max-snippet:-1","max-image-preview":"max-image-preview:large","max-video-preview":"max-video-preview:-1"},"canonical":"https:\/\/fuentesfidedignas.com.mx\/index.php\/2022\/08\/24\/sep-publica-lista-sugerida-de-utiles-a-unos-dias-de-comenzar-ciclo-escolar\/","og_locale":"es_MX","og_type":"article","og_title":"SEP publica lista sugerida de \u00fatiles a unos d\u00edas de comenzar ciclo escolar - Fuentes Fidedignas","og_description":"Se pide a los padres de familia antes de adquirir nuevos materiales revisar los del ciclo anterior Ciudad de M\u00e9xico.- La\u00a0Secretar\u00eda de Educaci\u00f3n P\u00fablica (SEP)\u00a0public\u00f3 la\u00a0lista sugerida de \u00fatiles\u00a0a unos d\u00edas de comenzar el\u00a0ciclo escolar 2022-2023, que dar\u00e1 inicio el pr\u00f3ximo lunes 29 de agosto, para educaci\u00f3n preescolar, primaria y secundaria en el pa\u00eds. Se [&hellip;]","og_url":"https:\/\/fuentesfidedignas.com.mx\/index.php\/2022\/08\/24\/sep-publica-lista-sugerida-de-utiles-a-unos-dias-de-comenzar-ciclo-escolar\/","og_site_name":"Fuentes Fidedignas","article_publisher":"https:\/\/www.facebook.com\/Fuentes-Fidedignas-368234489921644","article_published_time":"2022-08-24T12:31:23+00:00","article_modified_time":"2022-08-24T12:31:49+00:00","og_image":[{"width":1280,"height":850,"url":"https:\/\/fuentesfidedignas.com.mx\/wp-content\/uploads\/2022\/08\/utiles.jpeg","type":"image\/jpeg"}],"author":"Noticieros Televisa","twitter_card":"summary_large_image","twitter_creator":"@fidedignas","twitter_site":"@fidedignas","twitter_misc":{"Escrito por":"Noticieros Televisa","Tiempo de lectura":"4 minutos"},"schema":{"@context":"https:\/\/schema.org","@graph":[{"@type":"Article","@id":"https:\/\/fuentesfidedignas.com.mx\/index.php\/2022\/08\/24\/sep-publica-lista-sugerida-de-utiles-a-unos-dias-de-comenzar-ciclo-escolar\/#article","isPartOf":{"@id":"https:\/\/fuentesfidedignas.com.mx\/index.php\/2022\/08\/24\/sep-publica-lista-sugerida-de-utiles-a-unos-dias-de-comenzar-ciclo-escolar\/"},"author":{"name":"Noticieros Televisa","@id":"https:\/\/fuentesfidedignas.com.mx\/#\/schema\/person\/f030e42657a5a464a8bbd891b1aab6ee"},"headline":"SEP publica lista sugerida de \u00fatiles a unos d\u00edas de comenzar ciclo escolar","datePublished":"2022-08-24T12:31:23+00:00","dateModified":"2022-08-24T12:31:49+00:00","mainEntityOfPage":{"@id":"https:\/\/fuentesfidedignas.com.mx\/index.php\/2022\/08\/24\/sep-publica-lista-sugerida-de-utiles-a-unos-dias-de-comenzar-ciclo-escolar\/"},"wordCount":723,"commentCount":0,"publisher":{"@id":"https:\/\/fuentesfidedignas.com.mx\/#organization"},"image":{"@id":"https:\/\/fuentesfidedignas.com.mx\/index.php\/2022\/08\/24\/sep-publica-lista-sugerida-de-utiles-a-unos-dias-de-comenzar-ciclo-escolar\/#primaryimage"},"thumbnailUrl":"https:\/\/fuentesfidedignas.com.mx\/wp-content\/uploads\/2022\/08\/utiles.jpeg","keywords":["Ciclo Escolar 2022-2023","Uniformes y \u00datiles Escolares"],"articleSection":["NOTICIAS NACIONALES"],"inLanguage":"es","potentialAction":[{"@type":"CommentAction","name":"Comment","target":["https:\/\/fuentesfidedignas.com.mx\/index.php\/2022\/08\/24\/sep-publica-lista-sugerida-de-utiles-a-unos-dias-de-comenzar-ciclo-escolar\/#respond"]}]},{"@type":"WebPage","@id":"https:\/\/fuentesfidedignas.com.mx\/index.php\/2022\/08\/24\/sep-publica-lista-sugerida-de-utiles-a-unos-dias-de-comenzar-ciclo-escolar\/","url":"https:\/\/fuentesfidedignas.com.mx\/index.php\/2022\/08\/24\/sep-publica-lista-sugerida-de-utiles-a-unos-dias-de-comenzar-ciclo-escolar\/","name":"SEP publica lista sugerida de \u00fatiles a unos d\u00edas de comenzar ciclo escolar - Fuentes Fidedignas","isPartOf":{"@id":"https:\/\/fuentesfidedignas.com.mx\/#website"},"primaryImageOfPage":{"@id":"https:\/\/fuentesfidedignas.com.mx\/index.php\/2022\/08\/24\/sep-publica-lista-sugerida-de-utiles-a-unos-dias-de-comenzar-ciclo-escolar\/#primaryimage"},"image":{"@id":"https:\/\/fuentesfidedignas.com.mx\/index.php\/2022\/08\/24\/sep-publica-lista-sugerida-de-utiles-a-unos-dias-de-comenzar-ciclo-escolar\/#primaryimage"},"thumbnailUrl":"https:\/\/fuentesfidedignas.com.mx\/wp-content\/uploads\/2022\/08\/utiles.jpeg","datePublished":"2022-08-24T12:31:23+00:00","dateModified":"2022-08-24T12:31:49+00:00","breadcrumb":{"@id":"https:\/\/fuentesfidedignas.com.mx\/index.php\/2022\/08\/24\/sep-publica-lista-sugerida-de-utiles-a-unos-dias-de-comenzar-ciclo-escolar\/#breadcrumb"},"inLanguage":"es","potentialAction":[{"@type":"ReadAction","target":["https:\/\/fuentesfidedignas.com.mx\/index.php\/2022\/08\/24\/sep-publica-lista-sugerida-de-utiles-a-unos-dias-de-comenzar-ciclo-escolar\/"]}]},{"@type":"ImageObject","inLanguage":"es","@id":"https:\/\/fuentesfidedignas.com.mx\/index.php\/2022\/08\/24\/sep-publica-lista-sugerida-de-utiles-a-unos-dias-de-comenzar-ciclo-escolar\/#primaryimage","url":"https:\/\/fuentesfidedignas.com.mx\/wp-content\/uploads\/2022\/08\/utiles.jpeg","contentUrl":"https:\/\/fuentesfidedignas.com.mx\/wp-content\/uploads\/2022\/08\/utiles.jpeg","width":1280,"height":850},{"@type":"BreadcrumbList","@id":"https:\/\/fuentesfidedignas.com.mx\/index.php\/2022\/08\/24\/sep-publica-lista-sugerida-de-utiles-a-unos-dias-de-comenzar-ciclo-escolar\/#breadcrumb","itemListElement":[{"@type":"ListItem","position":1,"name":"Inicio","item":"https:\/\/fuentesfidedignas.com.mx\/"},{"@type":"ListItem","position":2,"name":"SEP publica lista sugerida de \u00fatiles a unos d\u00edas de comenzar ciclo escolar"}]},{"@type":"WebSite","@id":"https:\/\/fuentesfidedignas.com.mx\/#website","url":"https:\/\/fuentesfidedignas.com.mx\/","name":"Fuentes Fidedignas","description":"Otro sitio realizado con WordPress","publisher":{"@id":"https:\/\/fuentesfidedignas.com.mx\/#organization"},"potentialAction":[{"@type":"SearchAction","target":{"@type":"EntryPoint","urlTemplate":"https:\/\/fuentesfidedignas.com.mx\/?s={search_term_string}"},"query-input":{"@type":"PropertyValueSpecification","valueRequired":true,"valueName":"search_term_string"}}],"inLanguage":"es"},{"@type":"Organization","@id":"https:\/\/fuentesfidedignas.com.mx\/#organization","name":"Fuentes Fidedignas","url":"https:\/\/fuentesfidedignas.com.mx\/","logo":{"@type":"ImageObject","inLanguage":"es","@id":"https:\/\/fuentesfidedignas.com.mx\/#\/schema\/logo\/image\/","url":"https:\/\/fuentesfidedignas.com.mx\/wp-content\/uploads\/2021\/04\/logo-retina.png","contentUrl":"https:\/\/fuentesfidedignas.com.mx\/wp-content\/uploads\/2021\/04\/logo-retina.png","width":280,"height":51,"caption":"Fuentes Fidedignas"},"image":{"@id":"https:\/\/fuentesfidedignas.com.mx\/#\/schema\/logo\/image\/"},"sameAs":["https:\/\/www.facebook.com\/Fuentes-Fidedignas-368234489921644","https:\/\/x.com\/fidedignas"]},{"@type":"Person","@id":"https:\/\/fuentesfidedignas.com.mx\/#\/schema\/person\/f030e42657a5a464a8bbd891b1aab6ee","name":"Noticieros Televisa","image":{"@type":"ImageObject","inLanguage":"es","@id":"https:\/\/secure.gravatar.com\/avatar\/0e47b9e785a628831b8fd9eaf15e090e106760a879abbd4a3306f128ef5d43a9?s=96&d=mm&r=g","url":"https:\/\/secure.gravatar.com\/avatar\/0e47b9e785a628831b8fd9eaf15e090e106760a879abbd4a3306f128ef5d43a9?s=96&d=mm&r=g","contentUrl":"https:\/\/secure.gravatar.com\/avatar\/0e47b9e785a628831b8fd9eaf15e090e106760a879abbd4a3306f128ef5d43a9?s=96&d=mm&r=g","caption":"Noticieros Televisa"},"url":"https:\/\/fuentesfidedignas.com.mx\/index.php\/author\/noticieros-televisa\/"}]}},"_links":{"self":[{"href":"https:\/\/fuentesfidedignas.com.mx\/index.php\/wp-json\/wp\/v2\/posts\/40720","targetHints":{"allow":["GET"]}}],"collection":[{"href":"https:\/\/fuentesfidedignas.com.mx\/index.php\/wp-json\/wp\/v2\/posts"}],"about":[{"href":"https:\/\/fuentesfidedignas.com.mx\/index.php\/wp-json\/wp\/v2\/types\/post"}],"author":[{"embeddable":true,"href":"https:\/\/fuentesfidedignas.com.mx\/index.php\/wp-json\/wp\/v2\/users\/46"}],"replies":[{"embeddable":true,"href":"https:\/\/fuentesfidedignas.com.mx\/index.php\/wp-json\/wp\/v2\/comments?post=40720"}],"version-history":[{"count":1,"href":"https:\/\/fuentesfidedignas.com.mx\/index.php\/wp-json\/wp\/v2\/posts\/40720\/revisions"}],"predecessor-version":[{"id":40721,"href":"https:\/\/fuentesfidedignas.com.mx\/index.php\/wp-json\/wp\/v2\/posts\/40720\/revisions\/40721"}],"wp:featuredmedia":[{"embeddable":true,"href":"https:\/\/fuentesfidedignas.com.mx\/index.php\/wp-json\/wp\/v2\/media\/40722"}],"wp:attachment":[{"href":"https:\/\/fuentesfidedignas.com.mx\/index.php\/wp-json\/wp\/v2\/media?parent=40720"}],"wp:term":[{"taxonomy":"category","embeddable":true,"href":"https:\/\/fuentesfidedignas.com.mx\/index.php\/wp-json\/wp\/v2\/categories?post=40720"},{"taxonomy":"post_tag","embeddable":true,"href":"https:\/\/fuentesfidedignas.com.mx\/index.php\/wp-json\/wp\/v2\/tags?post=40720"}],"curies":[{"name":"wp","href":"https:\/\/api.w.org\/{rel}","templated":true}]}}