{"id":40674,"date":"2022-08-23T14:37:22","date_gmt":"2022-08-23T20:37:22","guid":{"rendered":"https:\/\/fuentesfidedignas.com.mx\/?p=40674"},"modified":"2022-08-23T14:39:44","modified_gmt":"2022-08-23T20:39:44","slug":"dan-10-anos-de-prision-a-quien-mato-a-athos-y-tango-perritos-rescatistas-de-queretaro","status":"publish","type":"post","link":"https:\/\/fuentesfidedignas.com.mx\/index.php\/2022\/08\/23\/dan-10-anos-de-prision-a-quien-mato-a-athos-y-tango-perritos-rescatistas-de-queretaro\/","title":{"rendered":"Dan 10 a\u00f1os de prisi\u00f3n a quien mat\u00f3 a Athos y Tango, perritos rescatistas de Quer\u00e9taro"},"content":{"rendered":"\n<p><strong><em>La jueza Alicia Basurto Garc\u00eda conden\u00f3 al sentenciado a pagar 2.4 millones de pesos como reparaci\u00f3n del da\u00f1o.<\/em><\/strong><\/p>\n\n\n\n<p>Ciudad de M\u00e9xico.- En Quer\u00e9taro, una juez penal dict\u00f3 una sentencia de 10.5 a\u00f1os de prisi\u00f3n contra Benjam\u00edn \u2018N\u2019 por el asesinato de los perros rescatistas de la Cruz Roja Mexicana Athos y Tango.<\/p>\n\n\n\n<p>Adem\u00e1s, la jueza Alicia Basurto Garc\u00eda conden\u00f3 al sentenciado a pagar 2.4 millones de pesos como reparaci\u00f3n del da\u00f1o.<\/p>\n\n\n\n<p>La noticia se da un d\u00eda despu\u00e9s de que Benjam\u00edn N fue declarado culpable por el delito agravado contra ambos animales.<\/p>\n\n\n\n<p>\u201cLas pruebas fueron suficientes y tenemos un fallo de condena. Nosotros estamos en la petici\u00f3n, los argumentos suficientes y ser\u00e1 una peque\u00f1a audiencia donde se emitir\u00e1 un debate del porque s\u00ed menor o porqu\u00e9 mayor y es a consideraci\u00f3n de la juez la condena que se emita\u201d, se\u00f1al\u00f3 la abogada.<\/p>\n\n\n\n<p>Explic\u00f3 que todos los elementos llevados a juicio fueron contundentes para emitir un fallo de condena, donde el imputado si bien podr\u00e1 apelar la resoluci\u00f3n o acudir a un amparo, no podr\u00e1 alcanzar fianza debido al sistema acusatorio.<\/p>\n\n\n\n<p><strong>\u00bfQu\u00e9 sucedi\u00f3 con los perros rescatistas Athos y Tango?<\/strong><br>Athos y Tango, perros rescatistas de la Cruz Roja de Quer\u00e9taro, murieron envenenados con salchichas el pasado 13 de junio de 2021.<\/p>\n\n\n\n<p>El hombre que los mat\u00f3 les arroj\u00f3 salchichas envenenadas cuando los \u201clomitos\u201d se encontraban dentro del domicilio de su cuidador.<\/p>\n\n\n\n<p>Seg\u00fan informaci\u00f3n de la Cruz Roja, Athos, de raza Border Collie y de aproximadamente cuatro a\u00f1os de edad, era un perro especialista en labores de b\u00fasqueda y rescate, certificado internacionalmente ante la Organizaci\u00f3n Internacional de Perros de B\u00fasqueda y Rescate. Trabaj\u00f3 en la b\u00fasqueda de personas despu\u00e9s del sismo del 19 de septiembre de 2017 en la Ciudad de M\u00e9xico.<\/p>\n\n\n\n<p>Mientras que Tango era un peque\u00f1o Yorkshire, cuya labor se desempe\u00f1aba en la asistencia emocional, que por su car\u00e1cter d\u00f3cil y gentil, apoy\u00f3 durante a\u00f1os a personas con traumas y conmociones, con altos niveles de estr\u00e9s y de ansiedad despu\u00e9s de vivir alg\u00fan suceso tr\u00e1gico.<\/p>\n\n\n\n<p>El mismo d\u00eda que los dos \u201clomitos\u201d fueron envenenados, la Fiscal\u00eda General del Estado inici\u00f3 una carpeta de investigaci\u00f3n por la muerte de Athos y Tango.<\/p>\n\n\n\n<p>El imputado fue detenido y en audiencia inicial fue vinculado a proceso, pero s\u00f3lo estuvo en la c\u00e1rcel 20 d\u00edas. La juez dictamin\u00f3 que se pusiera en libertad bajo el argumento de que el hombre hab\u00eda sido amenazado en redes sociales por el crimen cometido.<\/p>\n\n\n\n<p>Tras la resoluci\u00f3n de la Juez y con el objetivo de que estos hechos no queden impunes, la abogada M\u00f3nica Huerta Mu\u00f1oz asumi\u00f3 legalmente el caso de Athos y Tango, para defender a los que no pueden hacerlo de la maldad y crueldad del ser humano.<\/p>\n","protected":false},"excerpt":{"rendered":"<p>La jueza Alicia Basurto Garc\u00eda conden\u00f3 al sentenciado a pagar 2.4 millones de pesos como reparaci\u00f3n del da\u00f1o. Ciudad de M\u00e9xico.- En Quer\u00e9taro, una juez penal dict\u00f3 una sentencia de 10.5 a\u00f1os de prisi\u00f3n contra Benjam\u00edn \u2018N\u2019 por el asesinato de los perros rescatistas de la Cruz Roja Mexicana Athos y Tango. Adem\u00e1s, la jueza [&hellip;]<\/p>\n","protected":false},"author":39,"featured_media":40675,"comment_status":"open","ping_status":"open","sticky":false,"template":"","format":"standard","meta":{"tdm_status":"","tdm_grid_status":"","footnotes":""},"categories":[39],"tags":[],"class_list":{"0":"post-40674","1":"post","2":"type-post","3":"status-publish","4":"format-standard","5":"has-post-thumbnail","7":"category-noticias-nacionales"},"yoast_head":"<!-- This site is optimized with the Yoast SEO plugin v27.4 - https:\/\/yoast.com\/product\/yoast-seo-wordpress\/ -->\n<title>Dan 10 a\u00f1os de prisi\u00f3n a quien mat\u00f3 a Athos y Tango, perritos rescatistas de Quer\u00e9taro - Fuentes Fidedignas<\/title>\n<meta name=\"robots\" content=\"index, follow, max-snippet:-1, max-image-preview:large, max-video-preview:-1\" \/>\n<link rel=\"canonical\" href=\"https:\/\/fuentesfidedignas.com.mx\/index.php\/2022\/08\/23\/dan-10-anos-de-prision-a-quien-mato-a-athos-y-tango-perritos-rescatistas-de-queretaro\/\" \/>\n<meta property=\"og:locale\" content=\"es_MX\" \/>\n<meta property=\"og:type\" content=\"article\" \/>\n<meta property=\"og:title\" content=\"Dan 10 a\u00f1os de prisi\u00f3n a quien mat\u00f3 a Athos y Tango, perritos rescatistas de Quer\u00e9taro - Fuentes Fidedignas\" \/>\n<meta property=\"og:description\" content=\"La jueza Alicia Basurto Garc\u00eda conden\u00f3 al sentenciado a pagar 2.4 millones de pesos como reparaci\u00f3n del da\u00f1o. Ciudad de M\u00e9xico.- En Quer\u00e9taro, una juez penal dict\u00f3 una sentencia de 10.5 a\u00f1os de prisi\u00f3n contra Benjam\u00edn \u2018N\u2019 por el asesinato de los perros rescatistas de la Cruz Roja Mexicana Athos y Tango. Adem\u00e1s, la jueza [&hellip;]\" \/>\n<meta property=\"og:url\" content=\"https:\/\/fuentesfidedignas.com.mx\/index.php\/2022\/08\/23\/dan-10-anos-de-prision-a-quien-mato-a-athos-y-tango-perritos-rescatistas-de-queretaro\/\" \/>\n<meta property=\"og:site_name\" content=\"Fuentes Fidedignas\" \/>\n<meta property=\"article:publisher\" content=\"https:\/\/www.facebook.com\/Fuentes-Fidedignas-368234489921644\" \/>\n<meta property=\"article:published_time\" content=\"2022-08-23T20:37:22+00:00\" \/>\n<meta property=\"article:modified_time\" content=\"2022-08-23T20:39:44+00:00\" \/>\n<meta property=\"og:image\" content=\"https:\/\/fuentesfidedignas.com.mx\/wp-content\/uploads\/2022\/08\/LoMITOS.jpg\" \/>\n\t<meta property=\"og:image:width\" content=\"800\" \/>\n\t<meta property=\"og:image:height\" content=\"450\" \/>\n\t<meta property=\"og:image:type\" content=\"image\/jpeg\" \/>\n<meta name=\"author\" content=\"El Universal\" \/>\n<meta name=\"twitter:card\" content=\"summary_large_image\" \/>\n<meta name=\"twitter:creator\" content=\"@fidedignas\" \/>\n<meta name=\"twitter:site\" content=\"@fidedignas\" \/>\n<meta name=\"twitter:label1\" content=\"Escrito por\" \/>\n\t<meta name=\"twitter:data1\" content=\"El Universal\" \/>\n\t<meta name=\"twitter:label2\" content=\"Tiempo de lectura\" \/>\n\t<meta name=\"twitter:data2\" content=\"3 minutos\" \/>\n<script type=\"application\/ld+json\" class=\"yoast-schema-graph\">{\"@context\":\"https:\\\/\\\/schema.org\",\"@graph\":[{\"@type\":\"Article\",\"@id\":\"https:\\\/\\\/fuentesfidedignas.com.mx\\\/index.php\\\/2022\\\/08\\\/23\\\/dan-10-anos-de-prision-a-quien-mato-a-athos-y-tango-perritos-rescatistas-de-queretaro\\\/#article\",\"isPartOf\":{\"@id\":\"https:\\\/\\\/fuentesfidedignas.com.mx\\\/index.php\\\/2022\\\/08\\\/23\\\/dan-10-anos-de-prision-a-quien-mato-a-athos-y-tango-perritos-rescatistas-de-queretaro\\\/\"},\"author\":{\"name\":\"El Universal\",\"@id\":\"https:\\\/\\\/fuentesfidedignas.com.mx\\\/#\\\/schema\\\/person\\\/fee3882e65fd0510d292c43a346d35d7\"},\"headline\":\"Dan 10 a\u00f1os de prisi\u00f3n a quien mat\u00f3 a Athos y Tango, perritos rescatistas de Quer\u00e9taro\",\"datePublished\":\"2022-08-23T20:37:22+00:00\",\"dateModified\":\"2022-08-23T20:39:44+00:00\",\"mainEntityOfPage\":{\"@id\":\"https:\\\/\\\/fuentesfidedignas.com.mx\\\/index.php\\\/2022\\\/08\\\/23\\\/dan-10-anos-de-prision-a-quien-mato-a-athos-y-tango-perritos-rescatistas-de-queretaro\\\/\"},\"wordCount\":513,\"commentCount\":0,\"publisher\":{\"@id\":\"https:\\\/\\\/fuentesfidedignas.com.mx\\\/#organization\"},\"image\":{\"@id\":\"https:\\\/\\\/fuentesfidedignas.com.mx\\\/index.php\\\/2022\\\/08\\\/23\\\/dan-10-anos-de-prision-a-quien-mato-a-athos-y-tango-perritos-rescatistas-de-queretaro\\\/#primaryimage\"},\"thumbnailUrl\":\"https:\\\/\\\/fuentesfidedignas.com.mx\\\/wp-content\\\/uploads\\\/2022\\\/08\\\/LoMITOS.jpg\",\"articleSection\":[\"NOTICIAS NACIONALES\"],\"inLanguage\":\"es\",\"potentialAction\":[{\"@type\":\"CommentAction\",\"name\":\"Comment\",\"target\":[\"https:\\\/\\\/fuentesfidedignas.com.mx\\\/index.php\\\/2022\\\/08\\\/23\\\/dan-10-anos-de-prision-a-quien-mato-a-athos-y-tango-perritos-rescatistas-de-queretaro\\\/#respond\"]}]},{\"@type\":\"WebPage\",\"@id\":\"https:\\\/\\\/fuentesfidedignas.com.mx\\\/index.php\\\/2022\\\/08\\\/23\\\/dan-10-anos-de-prision-a-quien-mato-a-athos-y-tango-perritos-rescatistas-de-queretaro\\\/\",\"url\":\"https:\\\/\\\/fuentesfidedignas.com.mx\\\/index.php\\\/2022\\\/08\\\/23\\\/dan-10-anos-de-prision-a-quien-mato-a-athos-y-tango-perritos-rescatistas-de-queretaro\\\/\",\"name\":\"Dan 10 a\u00f1os de prisi\u00f3n a quien mat\u00f3 a Athos y Tango, perritos rescatistas de Quer\u00e9taro - Fuentes Fidedignas\",\"isPartOf\":{\"@id\":\"https:\\\/\\\/fuentesfidedignas.com.mx\\\/#website\"},\"primaryImageOfPage\":{\"@id\":\"https:\\\/\\\/fuentesfidedignas.com.mx\\\/index.php\\\/2022\\\/08\\\/23\\\/dan-10-anos-de-prision-a-quien-mato-a-athos-y-tango-perritos-rescatistas-de-queretaro\\\/#primaryimage\"},\"image\":{\"@id\":\"https:\\\/\\\/fuentesfidedignas.com.mx\\\/index.php\\\/2022\\\/08\\\/23\\\/dan-10-anos-de-prision-a-quien-mato-a-athos-y-tango-perritos-rescatistas-de-queretaro\\\/#primaryimage\"},\"thumbnailUrl\":\"https:\\\/\\\/fuentesfidedignas.com.mx\\\/wp-content\\\/uploads\\\/2022\\\/08\\\/LoMITOS.jpg\",\"datePublished\":\"2022-08-23T20:37:22+00:00\",\"dateModified\":\"2022-08-23T20:39:44+00:00\",\"breadcrumb\":{\"@id\":\"https:\\\/\\\/fuentesfidedignas.com.mx\\\/index.php\\\/2022\\\/08\\\/23\\\/dan-10-anos-de-prision-a-quien-mato-a-athos-y-tango-perritos-rescatistas-de-queretaro\\\/#breadcrumb\"},\"inLanguage\":\"es\",\"potentialAction\":[{\"@type\":\"ReadAction\",\"target\":[\"https:\\\/\\\/fuentesfidedignas.com.mx\\\/index.php\\\/2022\\\/08\\\/23\\\/dan-10-anos-de-prision-a-quien-mato-a-athos-y-tango-perritos-rescatistas-de-queretaro\\\/\"]}]},{\"@type\":\"ImageObject\",\"inLanguage\":\"es\",\"@id\":\"https:\\\/\\\/fuentesfidedignas.com.mx\\\/index.php\\\/2022\\\/08\\\/23\\\/dan-10-anos-de-prision-a-quien-mato-a-athos-y-tango-perritos-rescatistas-de-queretaro\\\/#primaryimage\",\"url\":\"https:\\\/\\\/fuentesfidedignas.com.mx\\\/wp-content\\\/uploads\\\/2022\\\/08\\\/LoMITOS.jpg\",\"contentUrl\":\"https:\\\/\\\/fuentesfidedignas.com.mx\\\/wp-content\\\/uploads\\\/2022\\\/08\\\/LoMITOS.jpg\",\"width\":800,\"height\":450},{\"@type\":\"BreadcrumbList\",\"@id\":\"https:\\\/\\\/fuentesfidedignas.com.mx\\\/index.php\\\/2022\\\/08\\\/23\\\/dan-10-anos-de-prision-a-quien-mato-a-athos-y-tango-perritos-rescatistas-de-queretaro\\\/#breadcrumb\",\"itemListElement\":[{\"@type\":\"ListItem\",\"position\":1,\"name\":\"Inicio\",\"item\":\"https:\\\/\\\/fuentesfidedignas.com.mx\\\/\"},{\"@type\":\"ListItem\",\"position\":2,\"name\":\"Dan 10 a\u00f1os de prisi\u00f3n a quien mat\u00f3 a Athos y Tango, perritos rescatistas de Quer\u00e9taro\"}]},{\"@type\":\"WebSite\",\"@id\":\"https:\\\/\\\/fuentesfidedignas.com.mx\\\/#website\",\"url\":\"https:\\\/\\\/fuentesfidedignas.com.mx\\\/\",\"name\":\"Fuentes Fidedignas\",\"description\":\"Otro sitio realizado con WordPress\",\"publisher\":{\"@id\":\"https:\\\/\\\/fuentesfidedignas.com.mx\\\/#organization\"},\"potentialAction\":[{\"@type\":\"SearchAction\",\"target\":{\"@type\":\"EntryPoint\",\"urlTemplate\":\"https:\\\/\\\/fuentesfidedignas.com.mx\\\/?s={search_term_string}\"},\"query-input\":{\"@type\":\"PropertyValueSpecification\",\"valueRequired\":true,\"valueName\":\"search_term_string\"}}],\"inLanguage\":\"es\"},{\"@type\":\"Organization\",\"@id\":\"https:\\\/\\\/fuentesfidedignas.com.mx\\\/#organization\",\"name\":\"Fuentes Fidedignas\",\"url\":\"https:\\\/\\\/fuentesfidedignas.com.mx\\\/\",\"logo\":{\"@type\":\"ImageObject\",\"inLanguage\":\"es\",\"@id\":\"https:\\\/\\\/fuentesfidedignas.com.mx\\\/#\\\/schema\\\/logo\\\/image\\\/\",\"url\":\"https:\\\/\\\/fuentesfidedignas.com.mx\\\/wp-content\\\/uploads\\\/2021\\\/04\\\/logo-retina.png\",\"contentUrl\":\"https:\\\/\\\/fuentesfidedignas.com.mx\\\/wp-content\\\/uploads\\\/2021\\\/04\\\/logo-retina.png\",\"width\":280,\"height\":51,\"caption\":\"Fuentes Fidedignas\"},\"image\":{\"@id\":\"https:\\\/\\\/fuentesfidedignas.com.mx\\\/#\\\/schema\\\/logo\\\/image\\\/\"},\"sameAs\":[\"https:\\\/\\\/www.facebook.com\\\/Fuentes-Fidedignas-368234489921644\",\"https:\\\/\\\/x.com\\\/fidedignas\"]},{\"@type\":\"Person\",\"@id\":\"https:\\\/\\\/fuentesfidedignas.com.mx\\\/#\\\/schema\\\/person\\\/fee3882e65fd0510d292c43a346d35d7\",\"name\":\"El Universal\",\"image\":{\"@type\":\"ImageObject\",\"inLanguage\":\"es\",\"@id\":\"https:\\\/\\\/secure.gravatar.com\\\/avatar\\\/1ebc94d82b6c3c081781f73e5b76a0d0c1ac7bf8e57426f18802246eeaa2747c?s=96&d=mm&r=g\",\"url\":\"https:\\\/\\\/secure.gravatar.com\\\/avatar\\\/1ebc94d82b6c3c081781f73e5b76a0d0c1ac7bf8e57426f18802246eeaa2747c?s=96&d=mm&r=g\",\"contentUrl\":\"https:\\\/\\\/secure.gravatar.com\\\/avatar\\\/1ebc94d82b6c3c081781f73e5b76a0d0c1ac7bf8e57426f18802246eeaa2747c?s=96&d=mm&r=g\",\"caption\":\"El Universal\"},\"url\":\"https:\\\/\\\/fuentesfidedignas.com.mx\\\/index.php\\\/author\\\/el-universal\\\/\"}]}<\/script>\n<!-- \/ Yoast SEO plugin. -->","yoast_head_json":{"title":"Dan 10 a\u00f1os de prisi\u00f3n a quien mat\u00f3 a Athos y Tango, perritos rescatistas de Quer\u00e9taro - Fuentes Fidedignas","robots":{"index":"index","follow":"follow","max-snippet":"max-snippet:-1","max-image-preview":"max-image-preview:large","max-video-preview":"max-video-preview:-1"},"canonical":"https:\/\/fuentesfidedignas.com.mx\/index.php\/2022\/08\/23\/dan-10-anos-de-prision-a-quien-mato-a-athos-y-tango-perritos-rescatistas-de-queretaro\/","og_locale":"es_MX","og_type":"article","og_title":"Dan 10 a\u00f1os de prisi\u00f3n a quien mat\u00f3 a Athos y Tango, perritos rescatistas de Quer\u00e9taro - Fuentes Fidedignas","og_description":"La jueza Alicia Basurto Garc\u00eda conden\u00f3 al sentenciado a pagar 2.4 millones de pesos como reparaci\u00f3n del da\u00f1o. Ciudad de M\u00e9xico.- En Quer\u00e9taro, una juez penal dict\u00f3 una sentencia de 10.5 a\u00f1os de prisi\u00f3n contra Benjam\u00edn \u2018N\u2019 por el asesinato de los perros rescatistas de la Cruz Roja Mexicana Athos y Tango. Adem\u00e1s, la jueza [&hellip;]","og_url":"https:\/\/fuentesfidedignas.com.mx\/index.php\/2022\/08\/23\/dan-10-anos-de-prision-a-quien-mato-a-athos-y-tango-perritos-rescatistas-de-queretaro\/","og_site_name":"Fuentes Fidedignas","article_publisher":"https:\/\/www.facebook.com\/Fuentes-Fidedignas-368234489921644","article_published_time":"2022-08-23T20:37:22+00:00","article_modified_time":"2022-08-23T20:39:44+00:00","og_image":[{"width":800,"height":450,"url":"https:\/\/fuentesfidedignas.com.mx\/wp-content\/uploads\/2022\/08\/LoMITOS.jpg","type":"image\/jpeg"}],"author":"El Universal","twitter_card":"summary_large_image","twitter_creator":"@fidedignas","twitter_site":"@fidedignas","twitter_misc":{"Escrito por":"El Universal","Tiempo de lectura":"3 minutos"},"schema":{"@context":"https:\/\/schema.org","@graph":[{"@type":"Article","@id":"https:\/\/fuentesfidedignas.com.mx\/index.php\/2022\/08\/23\/dan-10-anos-de-prision-a-quien-mato-a-athos-y-tango-perritos-rescatistas-de-queretaro\/#article","isPartOf":{"@id":"https:\/\/fuentesfidedignas.com.mx\/index.php\/2022\/08\/23\/dan-10-anos-de-prision-a-quien-mato-a-athos-y-tango-perritos-rescatistas-de-queretaro\/"},"author":{"name":"El Universal","@id":"https:\/\/fuentesfidedignas.com.mx\/#\/schema\/person\/fee3882e65fd0510d292c43a346d35d7"},"headline":"Dan 10 a\u00f1os de prisi\u00f3n a quien mat\u00f3 a Athos y Tango, perritos rescatistas de Quer\u00e9taro","datePublished":"2022-08-23T20:37:22+00:00","dateModified":"2022-08-23T20:39:44+00:00","mainEntityOfPage":{"@id":"https:\/\/fuentesfidedignas.com.mx\/index.php\/2022\/08\/23\/dan-10-anos-de-prision-a-quien-mato-a-athos-y-tango-perritos-rescatistas-de-queretaro\/"},"wordCount":513,"commentCount":0,"publisher":{"@id":"https:\/\/fuentesfidedignas.com.mx\/#organization"},"image":{"@id":"https:\/\/fuentesfidedignas.com.mx\/index.php\/2022\/08\/23\/dan-10-anos-de-prision-a-quien-mato-a-athos-y-tango-perritos-rescatistas-de-queretaro\/#primaryimage"},"thumbnailUrl":"https:\/\/fuentesfidedignas.com.mx\/wp-content\/uploads\/2022\/08\/LoMITOS.jpg","articleSection":["NOTICIAS NACIONALES"],"inLanguage":"es","potentialAction":[{"@type":"CommentAction","name":"Comment","target":["https:\/\/fuentesfidedignas.com.mx\/index.php\/2022\/08\/23\/dan-10-anos-de-prision-a-quien-mato-a-athos-y-tango-perritos-rescatistas-de-queretaro\/#respond"]}]},{"@type":"WebPage","@id":"https:\/\/fuentesfidedignas.com.mx\/index.php\/2022\/08\/23\/dan-10-anos-de-prision-a-quien-mato-a-athos-y-tango-perritos-rescatistas-de-queretaro\/","url":"https:\/\/fuentesfidedignas.com.mx\/index.php\/2022\/08\/23\/dan-10-anos-de-prision-a-quien-mato-a-athos-y-tango-perritos-rescatistas-de-queretaro\/","name":"Dan 10 a\u00f1os de prisi\u00f3n a quien mat\u00f3 a Athos y Tango, perritos rescatistas de Quer\u00e9taro - Fuentes Fidedignas","isPartOf":{"@id":"https:\/\/fuentesfidedignas.com.mx\/#website"},"primaryImageOfPage":{"@id":"https:\/\/fuentesfidedignas.com.mx\/index.php\/2022\/08\/23\/dan-10-anos-de-prision-a-quien-mato-a-athos-y-tango-perritos-rescatistas-de-queretaro\/#primaryimage"},"image":{"@id":"https:\/\/fuentesfidedignas.com.mx\/index.php\/2022\/08\/23\/dan-10-anos-de-prision-a-quien-mato-a-athos-y-tango-perritos-rescatistas-de-queretaro\/#primaryimage"},"thumbnailUrl":"https:\/\/fuentesfidedignas.com.mx\/wp-content\/uploads\/2022\/08\/LoMITOS.jpg","datePublished":"2022-08-23T20:37:22+00:00","dateModified":"2022-08-23T20:39:44+00:00","breadcrumb":{"@id":"https:\/\/fuentesfidedignas.com.mx\/index.php\/2022\/08\/23\/dan-10-anos-de-prision-a-quien-mato-a-athos-y-tango-perritos-rescatistas-de-queretaro\/#breadcrumb"},"inLanguage":"es","potentialAction":[{"@type":"ReadAction","target":["https:\/\/fuentesfidedignas.com.mx\/index.php\/2022\/08\/23\/dan-10-anos-de-prision-a-quien-mato-a-athos-y-tango-perritos-rescatistas-de-queretaro\/"]}]},{"@type":"ImageObject","inLanguage":"es","@id":"https:\/\/fuentesfidedignas.com.mx\/index.php\/2022\/08\/23\/dan-10-anos-de-prision-a-quien-mato-a-athos-y-tango-perritos-rescatistas-de-queretaro\/#primaryimage","url":"https:\/\/fuentesfidedignas.com.mx\/wp-content\/uploads\/2022\/08\/LoMITOS.jpg","contentUrl":"https:\/\/fuentesfidedignas.com.mx\/wp-content\/uploads\/2022\/08\/LoMITOS.jpg","width":800,"height":450},{"@type":"BreadcrumbList","@id":"https:\/\/fuentesfidedignas.com.mx\/index.php\/2022\/08\/23\/dan-10-anos-de-prision-a-quien-mato-a-athos-y-tango-perritos-rescatistas-de-queretaro\/#breadcrumb","itemListElement":[{"@type":"ListItem","position":1,"name":"Inicio","item":"https:\/\/fuentesfidedignas.com.mx\/"},{"@type":"ListItem","position":2,"name":"Dan 10 a\u00f1os de prisi\u00f3n a quien mat\u00f3 a Athos y Tango, perritos rescatistas de Quer\u00e9taro"}]},{"@type":"WebSite","@id":"https:\/\/fuentesfidedignas.com.mx\/#website","url":"https:\/\/fuentesfidedignas.com.mx\/","name":"Fuentes Fidedignas","description":"Otro sitio realizado con WordPress","publisher":{"@id":"https:\/\/fuentesfidedignas.com.mx\/#organization"},"potentialAction":[{"@type":"SearchAction","target":{"@type":"EntryPoint","urlTemplate":"https:\/\/fuentesfidedignas.com.mx\/?s={search_term_string}"},"query-input":{"@type":"PropertyValueSpecification","valueRequired":true,"valueName":"search_term_string"}}],"inLanguage":"es"},{"@type":"Organization","@id":"https:\/\/fuentesfidedignas.com.mx\/#organization","name":"Fuentes Fidedignas","url":"https:\/\/fuentesfidedignas.com.mx\/","logo":{"@type":"ImageObject","inLanguage":"es","@id":"https:\/\/fuentesfidedignas.com.mx\/#\/schema\/logo\/image\/","url":"https:\/\/fuentesfidedignas.com.mx\/wp-content\/uploads\/2021\/04\/logo-retina.png","contentUrl":"https:\/\/fuentesfidedignas.com.mx\/wp-content\/uploads\/2021\/04\/logo-retina.png","width":280,"height":51,"caption":"Fuentes Fidedignas"},"image":{"@id":"https:\/\/fuentesfidedignas.com.mx\/#\/schema\/logo\/image\/"},"sameAs":["https:\/\/www.facebook.com\/Fuentes-Fidedignas-368234489921644","https:\/\/x.com\/fidedignas"]},{"@type":"Person","@id":"https:\/\/fuentesfidedignas.com.mx\/#\/schema\/person\/fee3882e65fd0510d292c43a346d35d7","name":"El Universal","image":{"@type":"ImageObject","inLanguage":"es","@id":"https:\/\/secure.gravatar.com\/avatar\/1ebc94d82b6c3c081781f73e5b76a0d0c1ac7bf8e57426f18802246eeaa2747c?s=96&d=mm&r=g","url":"https:\/\/secure.gravatar.com\/avatar\/1ebc94d82b6c3c081781f73e5b76a0d0c1ac7bf8e57426f18802246eeaa2747c?s=96&d=mm&r=g","contentUrl":"https:\/\/secure.gravatar.com\/avatar\/1ebc94d82b6c3c081781f73e5b76a0d0c1ac7bf8e57426f18802246eeaa2747c?s=96&d=mm&r=g","caption":"El Universal"},"url":"https:\/\/fuentesfidedignas.com.mx\/index.php\/author\/el-universal\/"}]}},"_links":{"self":[{"href":"https:\/\/fuentesfidedignas.com.mx\/index.php\/wp-json\/wp\/v2\/posts\/40674","targetHints":{"allow":["GET"]}}],"collection":[{"href":"https:\/\/fuentesfidedignas.com.mx\/index.php\/wp-json\/wp\/v2\/posts"}],"about":[{"href":"https:\/\/fuentesfidedignas.com.mx\/index.php\/wp-json\/wp\/v2\/types\/post"}],"author":[{"embeddable":true,"href":"https:\/\/fuentesfidedignas.com.mx\/index.php\/wp-json\/wp\/v2\/users\/39"}],"replies":[{"embeddable":true,"href":"https:\/\/fuentesfidedignas.com.mx\/index.php\/wp-json\/wp\/v2\/comments?post=40674"}],"version-history":[{"count":2,"href":"https:\/\/fuentesfidedignas.com.mx\/index.php\/wp-json\/wp\/v2\/posts\/40674\/revisions"}],"predecessor-version":[{"id":40678,"href":"https:\/\/fuentesfidedignas.com.mx\/index.php\/wp-json\/wp\/v2\/posts\/40674\/revisions\/40678"}],"wp:featuredmedia":[{"embeddable":true,"href":"https:\/\/fuentesfidedignas.com.mx\/index.php\/wp-json\/wp\/v2\/media\/40675"}],"wp:attachment":[{"href":"https:\/\/fuentesfidedignas.com.mx\/index.php\/wp-json\/wp\/v2\/media?parent=40674"}],"wp:term":[{"taxonomy":"category","embeddable":true,"href":"https:\/\/fuentesfidedignas.com.mx\/index.php\/wp-json\/wp\/v2\/categories?post=40674"},{"taxonomy":"post_tag","embeddable":true,"href":"https:\/\/fuentesfidedignas.com.mx\/index.php\/wp-json\/wp\/v2\/tags?post=40674"}],"curies":[{"name":"wp","href":"https:\/\/api.w.org\/{rel}","templated":true}]}}