{"id":40643,"date":"2022-08-23T06:54:00","date_gmt":"2022-08-23T12:54:00","guid":{"rendered":"https:\/\/fuentesfidedignas.com.mx\/?p=40643"},"modified":"2022-08-23T09:02:07","modified_gmt":"2022-08-23T15:02:07","slug":"reconocen-padres-de-familia-la-calidad-y-atencion-del-bachillerato-de-la-uas","status":"publish","type":"post","link":"https:\/\/fuentesfidedignas.com.mx\/index.php\/2022\/08\/23\/reconocen-padres-de-familia-la-calidad-y-atencion-del-bachillerato-de-la-uas\/","title":{"rendered":"Reconocen padres de familia la calidad y atenci\u00f3n del bachillerato de la UAS"},"content":{"rendered":"\n<p><strong><em>Externaron su orgullo de que los j\u00f3venes pertenezcan a una instituci\u00f3n de calidad y altamente reconocida por sus alumnos y docentes<\/em><\/strong><\/p>\n\n\n\n<p>Culiac\u00e1n, Sin.- Con su uniforme bien puesto y entusiasmados por estudiar, alumnos de bachillerato de la <strong>Universidad Aut\u00f3noma de Sinaloa<\/strong> (UAS) arribaron este lunes a las unidades acad\u00e9micas listos para dar inicio al nuevo ciclo escolar, en el cual la M<strong>\u00e1xima Casa de Estudios<\/strong> abri\u00f3 las puertas a todos los j\u00f3venes que solicitaron su ingreso.<\/p>\n\n\n\n<p>En ese sentido, padres de familia que acompa\u00f1aron a sus hijas e hijos durante su primer d\u00eda de clases, <strong>externaron su orgullo de que los j\u00f3venes pertenezcan a una instituci\u00f3n de calidad y altamente reconocida por sus alumnos y docentes<\/strong>, adem\u00e1s de que brinda oportunidades a todo aquel que desee estudiar.<\/p>\n\n\n\n<p>\u201c<em>Tiene el mejor nivel acad\u00e9mico en Culiac\u00e1n, por eso la eleg\u00ed como el centro de estudios para mi hijo<\/em>\u201d, destac\u00f3 <strong>Lourdes Niebla<\/strong>, madre de alumno que ingres\u00f3 a la Preparatoria Central Diurna.<\/p>\n\n\n\n<figure class=\"wp-block-image size-large\"><img decoding=\"async\" width=\"1024\" height=\"680\" src=\"https:\/\/fuentesfidedignas.com.mx\/wp-content\/uploads\/2022\/08\/Estudiantes-de-bachillerato-2-1024x680.jpg\" alt=\"\" class=\"wp-image-40645\" srcset=\"https:\/\/fuentesfidedignas.com.mx\/wp-content\/uploads\/2022\/08\/Estudiantes-de-bachillerato-2-1024x680.jpg 1024w, https:\/\/fuentesfidedignas.com.mx\/wp-content\/uploads\/2022\/08\/Estudiantes-de-bachillerato-2-300x199.jpg 300w, https:\/\/fuentesfidedignas.com.mx\/wp-content\/uploads\/2022\/08\/Estudiantes-de-bachillerato-2-768x510.jpg 768w, https:\/\/fuentesfidedignas.com.mx\/wp-content\/uploads\/2022\/08\/Estudiantes-de-bachillerato-2-1536x1020.jpg 1536w, https:\/\/fuentesfidedignas.com.mx\/wp-content\/uploads\/2022\/08\/Estudiantes-de-bachillerato-2-696x462.jpg 696w, https:\/\/fuentesfidedignas.com.mx\/wp-content\/uploads\/2022\/08\/Estudiantes-de-bachillerato-2-1068x709.jpg 1068w, https:\/\/fuentesfidedignas.com.mx\/wp-content\/uploads\/2022\/08\/Estudiantes-de-bachillerato-2-1920x1275.jpg 1920w, https:\/\/fuentesfidedignas.com.mx\/wp-content\/uploads\/2022\/08\/Estudiantes-de-bachillerato-2-633x420.jpg 633w, https:\/\/fuentesfidedignas.com.mx\/wp-content\/uploads\/2022\/08\/Estudiantes-de-bachillerato-2.jpg 2000w\" sizes=\"(max-width: 1024px) 100vw, 1024px\" \/><\/figure>\n\n\n\n<p>\u201c<em>Mi hija desde chiquita siempre dijo que ella quer\u00eda estudiar en esta prepa, y aqu\u00ed ha estudiado la mayor\u00eda de la familia, se me hace buena prepa con buenos maestros<\/em>\u201d, coment\u00f3 <strong>Cecilia Beltr\u00e1n Castro,<\/strong> madre de estudiante de nuevo ingreso de la Preparatoria Central Diurna.<\/p>\n\n\n\n<p>Asimismo, padres de familia con j\u00f3venes que cuentan con alguna discapacidad agradecieron a la Universidad por contar con el Programa de Atenci\u00f3n a la Diversidad (ADIUAS) que les ha permitido a sus hijos incorporarse en la preparatoria y contar con oportunidades como todos los j\u00f3venes.<\/p>\n\n\n\n<p>\u201c<em>Eleg\u00ed la escuela por recomendaci\u00f3n, como mi hija es especial, y nos mandaron a unas pl\u00e1ticas, que aqu\u00ed hab\u00eda maestras especiales que pod\u00edan ayudar mucho a la ni\u00f1a (\u2026) nos han apoyado mucho<\/em>\u201d, explic\u00f3 <strong>Juliana Pimentel<\/strong>, madre de alumna de nuevo ingreso de la Preparatoria Central Diurna.<\/p>\n\n\n\n<p>\u201cAqu\u00ed en la UAS hay un centro de apoyo de ADIUAS, donde ayudan a las personas con diferentes discapacidades, entonces hay un grupo especial para ellos, que tiene la discapacidad auditiva y escogimos la UAS por el apoyo ese, para que se integre\u201d, indic\u00f3 <strong>Lizbeth L\u00f3pez Ibarra<\/strong>, madre de joven de la Preparatoria Central Diurna.<\/p>\n\n\n\n<figure class=\"wp-block-image size-large\"><img decoding=\"async\" width=\"1024\" height=\"680\" src=\"https:\/\/fuentesfidedignas.com.mx\/wp-content\/uploads\/2022\/08\/Dr-Candelario-Ortiz-DGEP-1024x680.jpg\" alt=\"\" class=\"wp-image-40646\" srcset=\"https:\/\/fuentesfidedignas.com.mx\/wp-content\/uploads\/2022\/08\/Dr-Candelario-Ortiz-DGEP-1024x680.jpg 1024w, https:\/\/fuentesfidedignas.com.mx\/wp-content\/uploads\/2022\/08\/Dr-Candelario-Ortiz-DGEP-300x199.jpg 300w, https:\/\/fuentesfidedignas.com.mx\/wp-content\/uploads\/2022\/08\/Dr-Candelario-Ortiz-DGEP-768x510.jpg 768w, https:\/\/fuentesfidedignas.com.mx\/wp-content\/uploads\/2022\/08\/Dr-Candelario-Ortiz-DGEP-1536x1020.jpg 1536w, https:\/\/fuentesfidedignas.com.mx\/wp-content\/uploads\/2022\/08\/Dr-Candelario-Ortiz-DGEP-696x462.jpg 696w, https:\/\/fuentesfidedignas.com.mx\/wp-content\/uploads\/2022\/08\/Dr-Candelario-Ortiz-DGEP-1068x709.jpg 1068w, https:\/\/fuentesfidedignas.com.mx\/wp-content\/uploads\/2022\/08\/Dr-Candelario-Ortiz-DGEP-1920x1275.jpg 1920w, https:\/\/fuentesfidedignas.com.mx\/wp-content\/uploads\/2022\/08\/Dr-Candelario-Ortiz-DGEP-633x420.jpg 633w, https:\/\/fuentesfidedignas.com.mx\/wp-content\/uploads\/2022\/08\/Dr-Candelario-Ortiz-DGEP.jpg 2000w\" sizes=\"(max-width: 1024px) 100vw, 1024px\" \/><\/figure>\n\n\n\n<p>Cabe destacar que el doctor Candelario Ortiz Bueno, titular de la&nbsp;<strong>Direcci\u00f3n General de Escuelas Preparatorias <\/strong>(DGEP), realiz\u00f3 un recorrido por los distintos planteles de la Unidad Regional Centro, para verificar que el regreso a clases se diera de la mejor manera.<\/p>\n\n\n\n<p>\u201c<em>Se nota la afluencia muy fuerte por parte de los alumnos, tambi\u00e9n los padres los est\u00e1n acompa\u00f1ando a llegar al plantel, y las autoridades locales de cada unidad acad\u00e9mica est\u00e1n recibi\u00e9ndolos con los filtros de seguridad, los protocolos establecidos por el Comit\u00e9 de Salud<\/em>\u201d, resalt\u00f3.<\/p>\n\n\n\n<p>Ortiz Bueno estableci\u00f3 que aquellos alumnos que a\u00fan no han concluido su proceso de inscripci\u00f3n, a\u00fan pueden hacerlo acudiendo a control escolar de cada preparatoria, para que se puedan incorporar en este inicio de clases.<\/p>\n","protected":false},"excerpt":{"rendered":"<p>Externaron su orgullo de que los j\u00f3venes pertenezcan a una instituci\u00f3n de calidad y altamente reconocida por sus alumnos y docentes Culiac\u00e1n, Sin.- Con su uniforme bien puesto y entusiasmados por estudiar, alumnos de bachillerato de la Universidad Aut\u00f3noma de Sinaloa (UAS) arribaron este lunes a las unidades acad\u00e9micas listos para dar inicio al nuevo [&hellip;]<\/p>\n","protected":false},"author":4,"featured_media":40644,"comment_status":"open","ping_status":"open","sticky":false,"template":"","format":"standard","meta":{"tdm_status":"","tdm_grid_status":"","footnotes":""},"categories":[38],"tags":[234],"class_list":{"0":"post-40643","1":"post","2":"type-post","3":"status-publish","4":"format-standard","5":"has-post-thumbnail","7":"category-noticias-locales","8":"tag-universidad-autonoma-de-sinaloa"},"yoast_head":"<!-- This site is optimized with the Yoast SEO plugin v27.4 - https:\/\/yoast.com\/product\/yoast-seo-wordpress\/ -->\n<title>Reconocen padres de familia la calidad y atenci\u00f3n del bachillerato de la UAS - Fuentes Fidedignas<\/title>\n<meta name=\"robots\" content=\"index, follow, max-snippet:-1, max-image-preview:large, max-video-preview:-1\" \/>\n<link rel=\"canonical\" href=\"https:\/\/fuentesfidedignas.com.mx\/index.php\/2022\/08\/23\/reconocen-padres-de-familia-la-calidad-y-atencion-del-bachillerato-de-la-uas\/\" \/>\n<meta property=\"og:locale\" content=\"es_MX\" \/>\n<meta property=\"og:type\" content=\"article\" \/>\n<meta property=\"og:title\" content=\"Reconocen padres de familia la calidad y atenci\u00f3n del bachillerato de la UAS - Fuentes Fidedignas\" \/>\n<meta property=\"og:description\" content=\"Externaron su orgullo de que los j\u00f3venes pertenezcan a una instituci\u00f3n de calidad y altamente reconocida por sus alumnos y docentes Culiac\u00e1n, Sin.- Con su uniforme bien puesto y entusiasmados por estudiar, alumnos de bachillerato de la Universidad Aut\u00f3noma de Sinaloa (UAS) arribaron este lunes a las unidades acad\u00e9micas listos para dar inicio al nuevo [&hellip;]\" \/>\n<meta property=\"og:url\" content=\"https:\/\/fuentesfidedignas.com.mx\/index.php\/2022\/08\/23\/reconocen-padres-de-familia-la-calidad-y-atencion-del-bachillerato-de-la-uas\/\" \/>\n<meta property=\"og:site_name\" content=\"Fuentes Fidedignas\" \/>\n<meta property=\"article:publisher\" content=\"https:\/\/www.facebook.com\/Fuentes-Fidedignas-368234489921644\" \/>\n<meta property=\"article:published_time\" content=\"2022-08-23T12:54:00+00:00\" \/>\n<meta property=\"article:modified_time\" content=\"2022-08-23T15:02:07+00:00\" \/>\n<meta property=\"og:image\" content=\"https:\/\/fuentesfidedignas.com.mx\/wp-content\/uploads\/2022\/08\/Lizbeth-Lopez-Ibarra.jpg\" \/>\n\t<meta property=\"og:image:width\" content=\"2000\" \/>\n\t<meta property=\"og:image:height\" content=\"1328\" \/>\n\t<meta property=\"og:image:type\" content=\"image\/jpeg\" \/>\n<meta name=\"author\" content=\"Redacci\u00f3n\" \/>\n<meta name=\"twitter:card\" content=\"summary_large_image\" \/>\n<meta name=\"twitter:creator\" content=\"@fidedignas\" \/>\n<meta name=\"twitter:site\" content=\"@fidedignas\" \/>\n<meta name=\"twitter:label1\" content=\"Escrito por\" \/>\n\t<meta name=\"twitter:data1\" content=\"Redacci\u00f3n\" \/>\n\t<meta name=\"twitter:label2\" content=\"Tiempo de lectura\" \/>\n\t<meta name=\"twitter:data2\" content=\"3 minutos\" \/>\n<script type=\"application\/ld+json\" class=\"yoast-schema-graph\">{\"@context\":\"https:\\\/\\\/schema.org\",\"@graph\":[{\"@type\":\"Article\",\"@id\":\"https:\\\/\\\/fuentesfidedignas.com.mx\\\/index.php\\\/2022\\\/08\\\/23\\\/reconocen-padres-de-familia-la-calidad-y-atencion-del-bachillerato-de-la-uas\\\/#article\",\"isPartOf\":{\"@id\":\"https:\\\/\\\/fuentesfidedignas.com.mx\\\/index.php\\\/2022\\\/08\\\/23\\\/reconocen-padres-de-familia-la-calidad-y-atencion-del-bachillerato-de-la-uas\\\/\"},\"author\":{\"name\":\"Redacci\u00f3n\",\"@id\":\"https:\\\/\\\/fuentesfidedignas.com.mx\\\/#\\\/schema\\\/person\\\/331be9283d37198e2acd5750279085b0\"},\"headline\":\"Reconocen padres de familia la calidad y atenci\u00f3n del bachillerato de la UAS\",\"datePublished\":\"2022-08-23T12:54:00+00:00\",\"dateModified\":\"2022-08-23T15:02:07+00:00\",\"mainEntityOfPage\":{\"@id\":\"https:\\\/\\\/fuentesfidedignas.com.mx\\\/index.php\\\/2022\\\/08\\\/23\\\/reconocen-padres-de-familia-la-calidad-y-atencion-del-bachillerato-de-la-uas\\\/\"},\"wordCount\":524,\"commentCount\":0,\"publisher\":{\"@id\":\"https:\\\/\\\/fuentesfidedignas.com.mx\\\/#organization\"},\"image\":{\"@id\":\"https:\\\/\\\/fuentesfidedignas.com.mx\\\/index.php\\\/2022\\\/08\\\/23\\\/reconocen-padres-de-familia-la-calidad-y-atencion-del-bachillerato-de-la-uas\\\/#primaryimage\"},\"thumbnailUrl\":\"https:\\\/\\\/fuentesfidedignas.com.mx\\\/wp-content\\\/uploads\\\/2022\\\/08\\\/Lizbeth-Lopez-Ibarra.jpg\",\"keywords\":[\"Universidad Aut\u00f3noma de Sinaloa\"],\"articleSection\":[\"NOTICIAS LOCALES\"],\"inLanguage\":\"es\",\"potentialAction\":[{\"@type\":\"CommentAction\",\"name\":\"Comment\",\"target\":[\"https:\\\/\\\/fuentesfidedignas.com.mx\\\/index.php\\\/2022\\\/08\\\/23\\\/reconocen-padres-de-familia-la-calidad-y-atencion-del-bachillerato-de-la-uas\\\/#respond\"]}]},{\"@type\":\"WebPage\",\"@id\":\"https:\\\/\\\/fuentesfidedignas.com.mx\\\/index.php\\\/2022\\\/08\\\/23\\\/reconocen-padres-de-familia-la-calidad-y-atencion-del-bachillerato-de-la-uas\\\/\",\"url\":\"https:\\\/\\\/fuentesfidedignas.com.mx\\\/index.php\\\/2022\\\/08\\\/23\\\/reconocen-padres-de-familia-la-calidad-y-atencion-del-bachillerato-de-la-uas\\\/\",\"name\":\"Reconocen padres de familia la calidad y atenci\u00f3n del bachillerato de la UAS - Fuentes Fidedignas\",\"isPartOf\":{\"@id\":\"https:\\\/\\\/fuentesfidedignas.com.mx\\\/#website\"},\"primaryImageOfPage\":{\"@id\":\"https:\\\/\\\/fuentesfidedignas.com.mx\\\/index.php\\\/2022\\\/08\\\/23\\\/reconocen-padres-de-familia-la-calidad-y-atencion-del-bachillerato-de-la-uas\\\/#primaryimage\"},\"image\":{\"@id\":\"https:\\\/\\\/fuentesfidedignas.com.mx\\\/index.php\\\/2022\\\/08\\\/23\\\/reconocen-padres-de-familia-la-calidad-y-atencion-del-bachillerato-de-la-uas\\\/#primaryimage\"},\"thumbnailUrl\":\"https:\\\/\\\/fuentesfidedignas.com.mx\\\/wp-content\\\/uploads\\\/2022\\\/08\\\/Lizbeth-Lopez-Ibarra.jpg\",\"datePublished\":\"2022-08-23T12:54:00+00:00\",\"dateModified\":\"2022-08-23T15:02:07+00:00\",\"breadcrumb\":{\"@id\":\"https:\\\/\\\/fuentesfidedignas.com.mx\\\/index.php\\\/2022\\\/08\\\/23\\\/reconocen-padres-de-familia-la-calidad-y-atencion-del-bachillerato-de-la-uas\\\/#breadcrumb\"},\"inLanguage\":\"es\",\"potentialAction\":[{\"@type\":\"ReadAction\",\"target\":[\"https:\\\/\\\/fuentesfidedignas.com.mx\\\/index.php\\\/2022\\\/08\\\/23\\\/reconocen-padres-de-familia-la-calidad-y-atencion-del-bachillerato-de-la-uas\\\/\"]}]},{\"@type\":\"ImageObject\",\"inLanguage\":\"es\",\"@id\":\"https:\\\/\\\/fuentesfidedignas.com.mx\\\/index.php\\\/2022\\\/08\\\/23\\\/reconocen-padres-de-familia-la-calidad-y-atencion-del-bachillerato-de-la-uas\\\/#primaryimage\",\"url\":\"https:\\\/\\\/fuentesfidedignas.com.mx\\\/wp-content\\\/uploads\\\/2022\\\/08\\\/Lizbeth-Lopez-Ibarra.jpg\",\"contentUrl\":\"https:\\\/\\\/fuentesfidedignas.com.mx\\\/wp-content\\\/uploads\\\/2022\\\/08\\\/Lizbeth-Lopez-Ibarra.jpg\",\"width\":2000,\"height\":1328},{\"@type\":\"BreadcrumbList\",\"@id\":\"https:\\\/\\\/fuentesfidedignas.com.mx\\\/index.php\\\/2022\\\/08\\\/23\\\/reconocen-padres-de-familia-la-calidad-y-atencion-del-bachillerato-de-la-uas\\\/#breadcrumb\",\"itemListElement\":[{\"@type\":\"ListItem\",\"position\":1,\"name\":\"Inicio\",\"item\":\"https:\\\/\\\/fuentesfidedignas.com.mx\\\/\"},{\"@type\":\"ListItem\",\"position\":2,\"name\":\"Reconocen padres de familia la calidad y atenci\u00f3n del bachillerato de la UAS\"}]},{\"@type\":\"WebSite\",\"@id\":\"https:\\\/\\\/fuentesfidedignas.com.mx\\\/#website\",\"url\":\"https:\\\/\\\/fuentesfidedignas.com.mx\\\/\",\"name\":\"Fuentes Fidedignas\",\"description\":\"Otro sitio realizado con WordPress\",\"publisher\":{\"@id\":\"https:\\\/\\\/fuentesfidedignas.com.mx\\\/#organization\"},\"potentialAction\":[{\"@type\":\"SearchAction\",\"target\":{\"@type\":\"EntryPoint\",\"urlTemplate\":\"https:\\\/\\\/fuentesfidedignas.com.mx\\\/?s={search_term_string}\"},\"query-input\":{\"@type\":\"PropertyValueSpecification\",\"valueRequired\":true,\"valueName\":\"search_term_string\"}}],\"inLanguage\":\"es\"},{\"@type\":\"Organization\",\"@id\":\"https:\\\/\\\/fuentesfidedignas.com.mx\\\/#organization\",\"name\":\"Fuentes Fidedignas\",\"url\":\"https:\\\/\\\/fuentesfidedignas.com.mx\\\/\",\"logo\":{\"@type\":\"ImageObject\",\"inLanguage\":\"es\",\"@id\":\"https:\\\/\\\/fuentesfidedignas.com.mx\\\/#\\\/schema\\\/logo\\\/image\\\/\",\"url\":\"https:\\\/\\\/fuentesfidedignas.com.mx\\\/wp-content\\\/uploads\\\/2021\\\/04\\\/logo-retina.png\",\"contentUrl\":\"https:\\\/\\\/fuentesfidedignas.com.mx\\\/wp-content\\\/uploads\\\/2021\\\/04\\\/logo-retina.png\",\"width\":280,\"height\":51,\"caption\":\"Fuentes Fidedignas\"},\"image\":{\"@id\":\"https:\\\/\\\/fuentesfidedignas.com.mx\\\/#\\\/schema\\\/logo\\\/image\\\/\"},\"sameAs\":[\"https:\\\/\\\/www.facebook.com\\\/Fuentes-Fidedignas-368234489921644\",\"https:\\\/\\\/x.com\\\/fidedignas\"]},{\"@type\":\"Person\",\"@id\":\"https:\\\/\\\/fuentesfidedignas.com.mx\\\/#\\\/schema\\\/person\\\/331be9283d37198e2acd5750279085b0\",\"name\":\"Redacci\u00f3n\",\"image\":{\"@type\":\"ImageObject\",\"inLanguage\":\"es\",\"@id\":\"https:\\\/\\\/secure.gravatar.com\\\/avatar\\\/f6d8782c11d12b2d4ad3fbb6931aeab5309937a4d6cd2fc9cfaa28a6396a5aec?s=96&d=mm&r=g\",\"url\":\"https:\\\/\\\/secure.gravatar.com\\\/avatar\\\/f6d8782c11d12b2d4ad3fbb6931aeab5309937a4d6cd2fc9cfaa28a6396a5aec?s=96&d=mm&r=g\",\"contentUrl\":\"https:\\\/\\\/secure.gravatar.com\\\/avatar\\\/f6d8782c11d12b2d4ad3fbb6931aeab5309937a4d6cd2fc9cfaa28a6396a5aec?s=96&d=mm&r=g\",\"caption\":\"Redacci\u00f3n\"},\"url\":\"https:\\\/\\\/fuentesfidedignas.com.mx\\\/index.php\\\/author\\\/redaccion\\\/\"}]}<\/script>\n<!-- \/ Yoast SEO plugin. -->","yoast_head_json":{"title":"Reconocen padres de familia la calidad y atenci\u00f3n del bachillerato de la UAS - Fuentes Fidedignas","robots":{"index":"index","follow":"follow","max-snippet":"max-snippet:-1","max-image-preview":"max-image-preview:large","max-video-preview":"max-video-preview:-1"},"canonical":"https:\/\/fuentesfidedignas.com.mx\/index.php\/2022\/08\/23\/reconocen-padres-de-familia-la-calidad-y-atencion-del-bachillerato-de-la-uas\/","og_locale":"es_MX","og_type":"article","og_title":"Reconocen padres de familia la calidad y atenci\u00f3n del bachillerato de la UAS - Fuentes Fidedignas","og_description":"Externaron su orgullo de que los j\u00f3venes pertenezcan a una instituci\u00f3n de calidad y altamente reconocida por sus alumnos y docentes Culiac\u00e1n, Sin.- Con su uniforme bien puesto y entusiasmados por estudiar, alumnos de bachillerato de la Universidad Aut\u00f3noma de Sinaloa (UAS) arribaron este lunes a las unidades acad\u00e9micas listos para dar inicio al nuevo [&hellip;]","og_url":"https:\/\/fuentesfidedignas.com.mx\/index.php\/2022\/08\/23\/reconocen-padres-de-familia-la-calidad-y-atencion-del-bachillerato-de-la-uas\/","og_site_name":"Fuentes Fidedignas","article_publisher":"https:\/\/www.facebook.com\/Fuentes-Fidedignas-368234489921644","article_published_time":"2022-08-23T12:54:00+00:00","article_modified_time":"2022-08-23T15:02:07+00:00","og_image":[{"width":2000,"height":1328,"url":"https:\/\/fuentesfidedignas.com.mx\/wp-content\/uploads\/2022\/08\/Lizbeth-Lopez-Ibarra.jpg","type":"image\/jpeg"}],"author":"Redacci\u00f3n","twitter_card":"summary_large_image","twitter_creator":"@fidedignas","twitter_site":"@fidedignas","twitter_misc":{"Escrito por":"Redacci\u00f3n","Tiempo de lectura":"3 minutos"},"schema":{"@context":"https:\/\/schema.org","@graph":[{"@type":"Article","@id":"https:\/\/fuentesfidedignas.com.mx\/index.php\/2022\/08\/23\/reconocen-padres-de-familia-la-calidad-y-atencion-del-bachillerato-de-la-uas\/#article","isPartOf":{"@id":"https:\/\/fuentesfidedignas.com.mx\/index.php\/2022\/08\/23\/reconocen-padres-de-familia-la-calidad-y-atencion-del-bachillerato-de-la-uas\/"},"author":{"name":"Redacci\u00f3n","@id":"https:\/\/fuentesfidedignas.com.mx\/#\/schema\/person\/331be9283d37198e2acd5750279085b0"},"headline":"Reconocen padres de familia la calidad y atenci\u00f3n del bachillerato de la UAS","datePublished":"2022-08-23T12:54:00+00:00","dateModified":"2022-08-23T15:02:07+00:00","mainEntityOfPage":{"@id":"https:\/\/fuentesfidedignas.com.mx\/index.php\/2022\/08\/23\/reconocen-padres-de-familia-la-calidad-y-atencion-del-bachillerato-de-la-uas\/"},"wordCount":524,"commentCount":0,"publisher":{"@id":"https:\/\/fuentesfidedignas.com.mx\/#organization"},"image":{"@id":"https:\/\/fuentesfidedignas.com.mx\/index.php\/2022\/08\/23\/reconocen-padres-de-familia-la-calidad-y-atencion-del-bachillerato-de-la-uas\/#primaryimage"},"thumbnailUrl":"https:\/\/fuentesfidedignas.com.mx\/wp-content\/uploads\/2022\/08\/Lizbeth-Lopez-Ibarra.jpg","keywords":["Universidad Aut\u00f3noma de Sinaloa"],"articleSection":["NOTICIAS LOCALES"],"inLanguage":"es","potentialAction":[{"@type":"CommentAction","name":"Comment","target":["https:\/\/fuentesfidedignas.com.mx\/index.php\/2022\/08\/23\/reconocen-padres-de-familia-la-calidad-y-atencion-del-bachillerato-de-la-uas\/#respond"]}]},{"@type":"WebPage","@id":"https:\/\/fuentesfidedignas.com.mx\/index.php\/2022\/08\/23\/reconocen-padres-de-familia-la-calidad-y-atencion-del-bachillerato-de-la-uas\/","url":"https:\/\/fuentesfidedignas.com.mx\/index.php\/2022\/08\/23\/reconocen-padres-de-familia-la-calidad-y-atencion-del-bachillerato-de-la-uas\/","name":"Reconocen padres de familia la calidad y atenci\u00f3n del bachillerato de la UAS - Fuentes Fidedignas","isPartOf":{"@id":"https:\/\/fuentesfidedignas.com.mx\/#website"},"primaryImageOfPage":{"@id":"https:\/\/fuentesfidedignas.com.mx\/index.php\/2022\/08\/23\/reconocen-padres-de-familia-la-calidad-y-atencion-del-bachillerato-de-la-uas\/#primaryimage"},"image":{"@id":"https:\/\/fuentesfidedignas.com.mx\/index.php\/2022\/08\/23\/reconocen-padres-de-familia-la-calidad-y-atencion-del-bachillerato-de-la-uas\/#primaryimage"},"thumbnailUrl":"https:\/\/fuentesfidedignas.com.mx\/wp-content\/uploads\/2022\/08\/Lizbeth-Lopez-Ibarra.jpg","datePublished":"2022-08-23T12:54:00+00:00","dateModified":"2022-08-23T15:02:07+00:00","breadcrumb":{"@id":"https:\/\/fuentesfidedignas.com.mx\/index.php\/2022\/08\/23\/reconocen-padres-de-familia-la-calidad-y-atencion-del-bachillerato-de-la-uas\/#breadcrumb"},"inLanguage":"es","potentialAction":[{"@type":"ReadAction","target":["https:\/\/fuentesfidedignas.com.mx\/index.php\/2022\/08\/23\/reconocen-padres-de-familia-la-calidad-y-atencion-del-bachillerato-de-la-uas\/"]}]},{"@type":"ImageObject","inLanguage":"es","@id":"https:\/\/fuentesfidedignas.com.mx\/index.php\/2022\/08\/23\/reconocen-padres-de-familia-la-calidad-y-atencion-del-bachillerato-de-la-uas\/#primaryimage","url":"https:\/\/fuentesfidedignas.com.mx\/wp-content\/uploads\/2022\/08\/Lizbeth-Lopez-Ibarra.jpg","contentUrl":"https:\/\/fuentesfidedignas.com.mx\/wp-content\/uploads\/2022\/08\/Lizbeth-Lopez-Ibarra.jpg","width":2000,"height":1328},{"@type":"BreadcrumbList","@id":"https:\/\/fuentesfidedignas.com.mx\/index.php\/2022\/08\/23\/reconocen-padres-de-familia-la-calidad-y-atencion-del-bachillerato-de-la-uas\/#breadcrumb","itemListElement":[{"@type":"ListItem","position":1,"name":"Inicio","item":"https:\/\/fuentesfidedignas.com.mx\/"},{"@type":"ListItem","position":2,"name":"Reconocen padres de familia la calidad y atenci\u00f3n del bachillerato de la UAS"}]},{"@type":"WebSite","@id":"https:\/\/fuentesfidedignas.com.mx\/#website","url":"https:\/\/fuentesfidedignas.com.mx\/","name":"Fuentes Fidedignas","description":"Otro sitio realizado con WordPress","publisher":{"@id":"https:\/\/fuentesfidedignas.com.mx\/#organization"},"potentialAction":[{"@type":"SearchAction","target":{"@type":"EntryPoint","urlTemplate":"https:\/\/fuentesfidedignas.com.mx\/?s={search_term_string}"},"query-input":{"@type":"PropertyValueSpecification","valueRequired":true,"valueName":"search_term_string"}}],"inLanguage":"es"},{"@type":"Organization","@id":"https:\/\/fuentesfidedignas.com.mx\/#organization","name":"Fuentes Fidedignas","url":"https:\/\/fuentesfidedignas.com.mx\/","logo":{"@type":"ImageObject","inLanguage":"es","@id":"https:\/\/fuentesfidedignas.com.mx\/#\/schema\/logo\/image\/","url":"https:\/\/fuentesfidedignas.com.mx\/wp-content\/uploads\/2021\/04\/logo-retina.png","contentUrl":"https:\/\/fuentesfidedignas.com.mx\/wp-content\/uploads\/2021\/04\/logo-retina.png","width":280,"height":51,"caption":"Fuentes Fidedignas"},"image":{"@id":"https:\/\/fuentesfidedignas.com.mx\/#\/schema\/logo\/image\/"},"sameAs":["https:\/\/www.facebook.com\/Fuentes-Fidedignas-368234489921644","https:\/\/x.com\/fidedignas"]},{"@type":"Person","@id":"https:\/\/fuentesfidedignas.com.mx\/#\/schema\/person\/331be9283d37198e2acd5750279085b0","name":"Redacci\u00f3n","image":{"@type":"ImageObject","inLanguage":"es","@id":"https:\/\/secure.gravatar.com\/avatar\/f6d8782c11d12b2d4ad3fbb6931aeab5309937a4d6cd2fc9cfaa28a6396a5aec?s=96&d=mm&r=g","url":"https:\/\/secure.gravatar.com\/avatar\/f6d8782c11d12b2d4ad3fbb6931aeab5309937a4d6cd2fc9cfaa28a6396a5aec?s=96&d=mm&r=g","contentUrl":"https:\/\/secure.gravatar.com\/avatar\/f6d8782c11d12b2d4ad3fbb6931aeab5309937a4d6cd2fc9cfaa28a6396a5aec?s=96&d=mm&r=g","caption":"Redacci\u00f3n"},"url":"https:\/\/fuentesfidedignas.com.mx\/index.php\/author\/redaccion\/"}]}},"_links":{"self":[{"href":"https:\/\/fuentesfidedignas.com.mx\/index.php\/wp-json\/wp\/v2\/posts\/40643","targetHints":{"allow":["GET"]}}],"collection":[{"href":"https:\/\/fuentesfidedignas.com.mx\/index.php\/wp-json\/wp\/v2\/posts"}],"about":[{"href":"https:\/\/fuentesfidedignas.com.mx\/index.php\/wp-json\/wp\/v2\/types\/post"}],"author":[{"embeddable":true,"href":"https:\/\/fuentesfidedignas.com.mx\/index.php\/wp-json\/wp\/v2\/users\/4"}],"replies":[{"embeddable":true,"href":"https:\/\/fuentesfidedignas.com.mx\/index.php\/wp-json\/wp\/v2\/comments?post=40643"}],"version-history":[{"count":2,"href":"https:\/\/fuentesfidedignas.com.mx\/index.php\/wp-json\/wp\/v2\/posts\/40643\/revisions"}],"predecessor-version":[{"id":40648,"href":"https:\/\/fuentesfidedignas.com.mx\/index.php\/wp-json\/wp\/v2\/posts\/40643\/revisions\/40648"}],"wp:featuredmedia":[{"embeddable":true,"href":"https:\/\/fuentesfidedignas.com.mx\/index.php\/wp-json\/wp\/v2\/media\/40644"}],"wp:attachment":[{"href":"https:\/\/fuentesfidedignas.com.mx\/index.php\/wp-json\/wp\/v2\/media?parent=40643"}],"wp:term":[{"taxonomy":"category","embeddable":true,"href":"https:\/\/fuentesfidedignas.com.mx\/index.php\/wp-json\/wp\/v2\/categories?post=40643"},{"taxonomy":"post_tag","embeddable":true,"href":"https:\/\/fuentesfidedignas.com.mx\/index.php\/wp-json\/wp\/v2\/tags?post=40643"}],"curies":[{"name":"wp","href":"https:\/\/api.w.org\/{rel}","templated":true}]}}