{"id":40589,"date":"2022-08-22T13:30:00","date_gmt":"2022-08-22T19:30:00","guid":{"rendered":"https:\/\/fuentesfidedignas.com.mx\/?p=40589"},"modified":"2022-08-22T21:58:55","modified_gmt":"2022-08-23T03:58:55","slug":"gobernador-rocha-es-un-aliado-solidario-en-temas-de-mujeres-sanchez-castillo","status":"publish","type":"post","link":"https:\/\/fuentesfidedignas.com.mx\/index.php\/2022\/08\/22\/gobernador-rocha-es-un-aliado-solidario-en-temas-de-mujeres-sanchez-castillo\/","title":{"rendered":"Rocha es un aliado solidario en temas de mujeres: S\u00e1nchez Castillo"},"content":{"rendered":"\n<p><strong><em>La Jueza fue premiada por la SCJN por su modelo de justicia para la protecci\u00f3n de las mujeres.<\/em><\/strong><\/p>\n\n\n\n<p>Culiac\u00e1n, Sinaloa.- Con el prop\u00f3sito de impulsar las adecuadas medidas de atenci\u00f3n a las mujeres, especialmente en los temas de violencia, el Gobernador Rub\u00e9n Rocha Moya acudi\u00f3 a inaugurar el &#8220;Foro de An\u00e1lisis sobre Mejores Pr\u00e1cticas Judiciales para Juzgar la Violencia de G\u00e9nero en el \u00c1mbito Familiar&#8221;, organizado por la Secretar\u00eda de las Mujeres, en coordinaci\u00f3n con el Congreso del Estado.<\/p>\n\n\n\n<p>En sus palabras de bienvenida, el Presidente de la Junta de Coordinaci\u00f3n Pol\u00edtica, Feliciano Castro Mel\u00e9ndrez comprometi\u00f3 el respaldo del Legislativo para propiciar mejores condiciones para el combate de la violencia contra las mujeres, ante Lilia Ver\u00f3nica S\u00e1nchez Castillo, Jueza del Poder Judicial del Estado de Coahuila de Zaragoza, quien fue premiada por la Suprema Corte de Justicia de la Naci\u00f3n, por su modelo de justicia para la protecci\u00f3n de la seguridad de las mujeres, el cual presentar\u00e1 en Sinaloa a trav\u00e9s de este foro.<\/p>\n\n\n\n<p>Mar\u00eda Teresa Guerra Ochoa, Secretaria de las Mujeres, se\u00f1al\u00f3 que en otros estados el juzgar esta violencia con perspectiva de g\u00e9nero, ha brindado resultados satisfactorios, destacando el caso de Coahuila que se fundamenta en conocer en un solo juzgado, los casos de violencia contra las mujeres en el \u00e1mbito familiar y sus controversias.<\/p>\n\n\n\n<p>La Jueza S\u00e1nchez Castillo reconoci\u00f3 la trascendencia de las acciones del Ejecutivo Estatal, en el impulso a los derechos de la mujer y la pol\u00edtica con perspectiva de g\u00e9nero.<\/p>\n\n\n\n<p>&#8220;Gobernador, su nombre en mi tierra, suena bien fuerte, porque se le reconoce como un aliado solidario en los temas de mujeres, porque se reconoce el enorme compromiso que tiene con los derechos fundamentales de las mujeres, de sus hijos y de sus hijas y porque su pol\u00edtica es garante de las libertades y el derecho que tienen todas las mujeres en la familia, a tener una vida llena de justicia, mi admiraci\u00f3n&#8221;, expres\u00f3 la Jueza.<\/p>\n\n\n\n<p>Rocha Moya agradeci\u00f3 el reconocimiento a sus acciones y reiter\u00f3 su compromiso con el fomento a la cultura de g\u00e9nero.<\/p>\n\n\n\n<p>&#8220;La equidad y la igualdad de g\u00e9nero, no es un problema aritm\u00e9tico, es un problema de cultura, entonces, la equidad sustantiva es, si efectivamente, la mujer ya trabaja, trabaja pero le pagan menos que lo que le pagan a los varones ocupando el mismo puesto y ah\u00ed ya no hay equidad, ah\u00ed la parte sustantiva no se est\u00e1 cumpliendo. Para todo eso hay que trabajar, en eso estamos comprometidos&#8221;, se\u00f1al\u00f3 el Gobernador.<\/p>\n\n\n\n<p>En el evento destac\u00f3 la presencia de Anabel L\u00f3pez S\u00e1nchez, Directora General para la Promoci\u00f3n de una Vida Libre de Violencia e Impulso a la Participaci\u00f3n Pol\u00edtica del Inmujeres y Nely Montealegre D\u00edaz, Secretaria Auxiliar con ponencia de la Ministra Jazm\u00edn Esquivel de la Suprema Corte de Justicia de la Naci\u00f3n, Juan de Dios G\u00e1mez Mend\u00edvil, Alcalde de Culiac\u00e1n, Jes\u00fas Iv\u00e1n Ch\u00e1vez Rangel, Magistrado Presidente del Supremo Tribunal de Justicia, as\u00ed como la Fiscal Sara Bruna Qui\u00f1\u00f3nez y Graciela Dom\u00ednguez, Secretaria de Educaci\u00f3n.<\/p>\n","protected":false},"excerpt":{"rendered":"<p>La Jueza fue premiada por la SCJN por su modelo de justicia para la protecci\u00f3n de las mujeres. Culiac\u00e1n, Sinaloa.- Con el prop\u00f3sito de impulsar las adecuadas medidas de atenci\u00f3n a las mujeres, especialmente en los temas de violencia, el Gobernador Rub\u00e9n Rocha Moya acudi\u00f3 a inaugurar el &#8220;Foro de An\u00e1lisis sobre Mejores Pr\u00e1cticas Judiciales [&hellip;]<\/p>\n","protected":false},"author":4,"featured_media":40590,"comment_status":"open","ping_status":"open","sticky":false,"template":"","format":"standard","meta":{"tdm_status":"","tdm_grid_status":"","footnotes":""},"categories":[38],"tags":[],"class_list":{"0":"post-40589","1":"post","2":"type-post","3":"status-publish","4":"format-standard","5":"has-post-thumbnail","7":"category-noticias-locales"},"yoast_head":"<!-- This site is optimized with the Yoast SEO plugin v27.5 - https:\/\/yoast.com\/product\/yoast-seo-wordpress\/ -->\n<title>Rocha es un aliado solidario en temas de mujeres: S\u00e1nchez Castillo - Fuentes Fidedignas<\/title>\n<meta name=\"robots\" content=\"index, follow, max-snippet:-1, max-image-preview:large, max-video-preview:-1\" \/>\n<link rel=\"canonical\" href=\"https:\/\/fuentesfidedignas.com.mx\/index.php\/2022\/08\/22\/gobernador-rocha-es-un-aliado-solidario-en-temas-de-mujeres-sanchez-castillo\/\" \/>\n<meta property=\"og:locale\" content=\"es_MX\" \/>\n<meta property=\"og:type\" content=\"article\" \/>\n<meta property=\"og:title\" content=\"Rocha es un aliado solidario en temas de mujeres: S\u00e1nchez Castillo - Fuentes Fidedignas\" \/>\n<meta property=\"og:description\" content=\"La Jueza fue premiada por la SCJN por su modelo de justicia para la protecci\u00f3n de las mujeres. Culiac\u00e1n, Sinaloa.- Con el prop\u00f3sito de impulsar las adecuadas medidas de atenci\u00f3n a las mujeres, especialmente en los temas de violencia, el Gobernador Rub\u00e9n Rocha Moya acudi\u00f3 a inaugurar el &#8220;Foro de An\u00e1lisis sobre Mejores Pr\u00e1cticas Judiciales [&hellip;]\" \/>\n<meta property=\"og:url\" content=\"https:\/\/fuentesfidedignas.com.mx\/index.php\/2022\/08\/22\/gobernador-rocha-es-un-aliado-solidario-en-temas-de-mujeres-sanchez-castillo\/\" \/>\n<meta property=\"og:site_name\" content=\"Fuentes Fidedignas\" \/>\n<meta property=\"article:publisher\" content=\"https:\/\/www.facebook.com\/Fuentes-Fidedignas-368234489921644\" \/>\n<meta property=\"article:published_time\" content=\"2022-08-22T19:30:00+00:00\" \/>\n<meta property=\"article:modified_time\" content=\"2022-08-23T03:58:55+00:00\" \/>\n<meta property=\"og:image\" content=\"https:\/\/fuentesfidedignas.com.mx\/wp-content\/uploads\/2022\/08\/WhatsApp-Image-2022-08-22-at-3.29.17-PM.jpeg\" \/>\n\t<meta property=\"og:image:width\" content=\"1024\" \/>\n\t<meta property=\"og:image:height\" content=\"682\" \/>\n\t<meta property=\"og:image:type\" content=\"image\/jpeg\" \/>\n<meta name=\"author\" content=\"Redacci\u00f3n\" \/>\n<meta name=\"twitter:card\" content=\"summary_large_image\" \/>\n<meta name=\"twitter:creator\" content=\"@fidedignas\" \/>\n<meta name=\"twitter:site\" content=\"@fidedignas\" \/>\n<meta name=\"twitter:label1\" content=\"Escrito por\" \/>\n\t<meta name=\"twitter:data1\" content=\"Redacci\u00f3n\" \/>\n\t<meta name=\"twitter:label2\" content=\"Tiempo de lectura\" \/>\n\t<meta name=\"twitter:data2\" content=\"3 minutos\" \/>\n<script type=\"application\/ld+json\" class=\"yoast-schema-graph\">{\"@context\":\"https:\\\/\\\/schema.org\",\"@graph\":[{\"@type\":\"Article\",\"@id\":\"https:\\\/\\\/fuentesfidedignas.com.mx\\\/index.php\\\/2022\\\/08\\\/22\\\/gobernador-rocha-es-un-aliado-solidario-en-temas-de-mujeres-sanchez-castillo\\\/#article\",\"isPartOf\":{\"@id\":\"https:\\\/\\\/fuentesfidedignas.com.mx\\\/index.php\\\/2022\\\/08\\\/22\\\/gobernador-rocha-es-un-aliado-solidario-en-temas-de-mujeres-sanchez-castillo\\\/\"},\"author\":{\"name\":\"Redacci\u00f3n\",\"@id\":\"https:\\\/\\\/fuentesfidedignas.com.mx\\\/#\\\/schema\\\/person\\\/331be9283d37198e2acd5750279085b0\"},\"headline\":\"Rocha es un aliado solidario en temas de mujeres: S\u00e1nchez Castillo\",\"datePublished\":\"2022-08-22T19:30:00+00:00\",\"dateModified\":\"2022-08-23T03:58:55+00:00\",\"mainEntityOfPage\":{\"@id\":\"https:\\\/\\\/fuentesfidedignas.com.mx\\\/index.php\\\/2022\\\/08\\\/22\\\/gobernador-rocha-es-un-aliado-solidario-en-temas-de-mujeres-sanchez-castillo\\\/\"},\"wordCount\":557,\"commentCount\":0,\"publisher\":{\"@id\":\"https:\\\/\\\/fuentesfidedignas.com.mx\\\/#organization\"},\"image\":{\"@id\":\"https:\\\/\\\/fuentesfidedignas.com.mx\\\/index.php\\\/2022\\\/08\\\/22\\\/gobernador-rocha-es-un-aliado-solidario-en-temas-de-mujeres-sanchez-castillo\\\/#primaryimage\"},\"thumbnailUrl\":\"https:\\\/\\\/fuentesfidedignas.com.mx\\\/wp-content\\\/uploads\\\/2022\\\/08\\\/WhatsApp-Image-2022-08-22-at-3.29.17-PM.jpeg\",\"articleSection\":[\"NOTICIAS LOCALES\"],\"inLanguage\":\"es\",\"potentialAction\":[{\"@type\":\"CommentAction\",\"name\":\"Comment\",\"target\":[\"https:\\\/\\\/fuentesfidedignas.com.mx\\\/index.php\\\/2022\\\/08\\\/22\\\/gobernador-rocha-es-un-aliado-solidario-en-temas-de-mujeres-sanchez-castillo\\\/#respond\"]}]},{\"@type\":\"WebPage\",\"@id\":\"https:\\\/\\\/fuentesfidedignas.com.mx\\\/index.php\\\/2022\\\/08\\\/22\\\/gobernador-rocha-es-un-aliado-solidario-en-temas-de-mujeres-sanchez-castillo\\\/\",\"url\":\"https:\\\/\\\/fuentesfidedignas.com.mx\\\/index.php\\\/2022\\\/08\\\/22\\\/gobernador-rocha-es-un-aliado-solidario-en-temas-de-mujeres-sanchez-castillo\\\/\",\"name\":\"Rocha es un aliado solidario en temas de mujeres: S\u00e1nchez Castillo - Fuentes Fidedignas\",\"isPartOf\":{\"@id\":\"https:\\\/\\\/fuentesfidedignas.com.mx\\\/#website\"},\"primaryImageOfPage\":{\"@id\":\"https:\\\/\\\/fuentesfidedignas.com.mx\\\/index.php\\\/2022\\\/08\\\/22\\\/gobernador-rocha-es-un-aliado-solidario-en-temas-de-mujeres-sanchez-castillo\\\/#primaryimage\"},\"image\":{\"@id\":\"https:\\\/\\\/fuentesfidedignas.com.mx\\\/index.php\\\/2022\\\/08\\\/22\\\/gobernador-rocha-es-un-aliado-solidario-en-temas-de-mujeres-sanchez-castillo\\\/#primaryimage\"},\"thumbnailUrl\":\"https:\\\/\\\/fuentesfidedignas.com.mx\\\/wp-content\\\/uploads\\\/2022\\\/08\\\/WhatsApp-Image-2022-08-22-at-3.29.17-PM.jpeg\",\"datePublished\":\"2022-08-22T19:30:00+00:00\",\"dateModified\":\"2022-08-23T03:58:55+00:00\",\"breadcrumb\":{\"@id\":\"https:\\\/\\\/fuentesfidedignas.com.mx\\\/index.php\\\/2022\\\/08\\\/22\\\/gobernador-rocha-es-un-aliado-solidario-en-temas-de-mujeres-sanchez-castillo\\\/#breadcrumb\"},\"inLanguage\":\"es\",\"potentialAction\":[{\"@type\":\"ReadAction\",\"target\":[\"https:\\\/\\\/fuentesfidedignas.com.mx\\\/index.php\\\/2022\\\/08\\\/22\\\/gobernador-rocha-es-un-aliado-solidario-en-temas-de-mujeres-sanchez-castillo\\\/\"]}]},{\"@type\":\"ImageObject\",\"inLanguage\":\"es\",\"@id\":\"https:\\\/\\\/fuentesfidedignas.com.mx\\\/index.php\\\/2022\\\/08\\\/22\\\/gobernador-rocha-es-un-aliado-solidario-en-temas-de-mujeres-sanchez-castillo\\\/#primaryimage\",\"url\":\"https:\\\/\\\/fuentesfidedignas.com.mx\\\/wp-content\\\/uploads\\\/2022\\\/08\\\/WhatsApp-Image-2022-08-22-at-3.29.17-PM.jpeg\",\"contentUrl\":\"https:\\\/\\\/fuentesfidedignas.com.mx\\\/wp-content\\\/uploads\\\/2022\\\/08\\\/WhatsApp-Image-2022-08-22-at-3.29.17-PM.jpeg\",\"width\":1024,\"height\":682},{\"@type\":\"BreadcrumbList\",\"@id\":\"https:\\\/\\\/fuentesfidedignas.com.mx\\\/index.php\\\/2022\\\/08\\\/22\\\/gobernador-rocha-es-un-aliado-solidario-en-temas-de-mujeres-sanchez-castillo\\\/#breadcrumb\",\"itemListElement\":[{\"@type\":\"ListItem\",\"position\":1,\"name\":\"Inicio\",\"item\":\"https:\\\/\\\/fuentesfidedignas.com.mx\\\/\"},{\"@type\":\"ListItem\",\"position\":2,\"name\":\"Rocha es un aliado solidario en temas de mujeres: S\u00e1nchez Castillo\"}]},{\"@type\":\"WebSite\",\"@id\":\"https:\\\/\\\/fuentesfidedignas.com.mx\\\/#website\",\"url\":\"https:\\\/\\\/fuentesfidedignas.com.mx\\\/\",\"name\":\"Fuentes Fidedignas\",\"description\":\"Otro sitio realizado con WordPress\",\"publisher\":{\"@id\":\"https:\\\/\\\/fuentesfidedignas.com.mx\\\/#organization\"},\"potentialAction\":[{\"@type\":\"SearchAction\",\"target\":{\"@type\":\"EntryPoint\",\"urlTemplate\":\"https:\\\/\\\/fuentesfidedignas.com.mx\\\/?s={search_term_string}\"},\"query-input\":{\"@type\":\"PropertyValueSpecification\",\"valueRequired\":true,\"valueName\":\"search_term_string\"}}],\"inLanguage\":\"es\"},{\"@type\":\"Organization\",\"@id\":\"https:\\\/\\\/fuentesfidedignas.com.mx\\\/#organization\",\"name\":\"Fuentes Fidedignas\",\"url\":\"https:\\\/\\\/fuentesfidedignas.com.mx\\\/\",\"logo\":{\"@type\":\"ImageObject\",\"inLanguage\":\"es\",\"@id\":\"https:\\\/\\\/fuentesfidedignas.com.mx\\\/#\\\/schema\\\/logo\\\/image\\\/\",\"url\":\"https:\\\/\\\/fuentesfidedignas.com.mx\\\/wp-content\\\/uploads\\\/2021\\\/04\\\/logo-retina.png\",\"contentUrl\":\"https:\\\/\\\/fuentesfidedignas.com.mx\\\/wp-content\\\/uploads\\\/2021\\\/04\\\/logo-retina.png\",\"width\":280,\"height\":51,\"caption\":\"Fuentes Fidedignas\"},\"image\":{\"@id\":\"https:\\\/\\\/fuentesfidedignas.com.mx\\\/#\\\/schema\\\/logo\\\/image\\\/\"},\"sameAs\":[\"https:\\\/\\\/www.facebook.com\\\/Fuentes-Fidedignas-368234489921644\",\"https:\\\/\\\/x.com\\\/fidedignas\"]},{\"@type\":\"Person\",\"@id\":\"https:\\\/\\\/fuentesfidedignas.com.mx\\\/#\\\/schema\\\/person\\\/331be9283d37198e2acd5750279085b0\",\"name\":\"Redacci\u00f3n\",\"image\":{\"@type\":\"ImageObject\",\"inLanguage\":\"es\",\"@id\":\"https:\\\/\\\/secure.gravatar.com\\\/avatar\\\/f6d8782c11d12b2d4ad3fbb6931aeab5309937a4d6cd2fc9cfaa28a6396a5aec?s=96&d=mm&r=g\",\"url\":\"https:\\\/\\\/secure.gravatar.com\\\/avatar\\\/f6d8782c11d12b2d4ad3fbb6931aeab5309937a4d6cd2fc9cfaa28a6396a5aec?s=96&d=mm&r=g\",\"contentUrl\":\"https:\\\/\\\/secure.gravatar.com\\\/avatar\\\/f6d8782c11d12b2d4ad3fbb6931aeab5309937a4d6cd2fc9cfaa28a6396a5aec?s=96&d=mm&r=g\",\"caption\":\"Redacci\u00f3n\"},\"url\":\"https:\\\/\\\/fuentesfidedignas.com.mx\\\/index.php\\\/author\\\/redaccion\\\/\"}]}<\/script>\n<!-- \/ Yoast SEO plugin. -->","yoast_head_json":{"title":"Rocha es un aliado solidario en temas de mujeres: S\u00e1nchez Castillo - Fuentes Fidedignas","robots":{"index":"index","follow":"follow","max-snippet":"max-snippet:-1","max-image-preview":"max-image-preview:large","max-video-preview":"max-video-preview:-1"},"canonical":"https:\/\/fuentesfidedignas.com.mx\/index.php\/2022\/08\/22\/gobernador-rocha-es-un-aliado-solidario-en-temas-de-mujeres-sanchez-castillo\/","og_locale":"es_MX","og_type":"article","og_title":"Rocha es un aliado solidario en temas de mujeres: S\u00e1nchez Castillo - Fuentes Fidedignas","og_description":"La Jueza fue premiada por la SCJN por su modelo de justicia para la protecci\u00f3n de las mujeres. Culiac\u00e1n, Sinaloa.- Con el prop\u00f3sito de impulsar las adecuadas medidas de atenci\u00f3n a las mujeres, especialmente en los temas de violencia, el Gobernador Rub\u00e9n Rocha Moya acudi\u00f3 a inaugurar el &#8220;Foro de An\u00e1lisis sobre Mejores Pr\u00e1cticas Judiciales [&hellip;]","og_url":"https:\/\/fuentesfidedignas.com.mx\/index.php\/2022\/08\/22\/gobernador-rocha-es-un-aliado-solidario-en-temas-de-mujeres-sanchez-castillo\/","og_site_name":"Fuentes Fidedignas","article_publisher":"https:\/\/www.facebook.com\/Fuentes-Fidedignas-368234489921644","article_published_time":"2022-08-22T19:30:00+00:00","article_modified_time":"2022-08-23T03:58:55+00:00","og_image":[{"width":1024,"height":682,"url":"https:\/\/fuentesfidedignas.com.mx\/wp-content\/uploads\/2022\/08\/WhatsApp-Image-2022-08-22-at-3.29.17-PM.jpeg","type":"image\/jpeg"}],"author":"Redacci\u00f3n","twitter_card":"summary_large_image","twitter_creator":"@fidedignas","twitter_site":"@fidedignas","twitter_misc":{"Escrito por":"Redacci\u00f3n","Tiempo de lectura":"3 minutos"},"schema":{"@context":"https:\/\/schema.org","@graph":[{"@type":"Article","@id":"https:\/\/fuentesfidedignas.com.mx\/index.php\/2022\/08\/22\/gobernador-rocha-es-un-aliado-solidario-en-temas-de-mujeres-sanchez-castillo\/#article","isPartOf":{"@id":"https:\/\/fuentesfidedignas.com.mx\/index.php\/2022\/08\/22\/gobernador-rocha-es-un-aliado-solidario-en-temas-de-mujeres-sanchez-castillo\/"},"author":{"name":"Redacci\u00f3n","@id":"https:\/\/fuentesfidedignas.com.mx\/#\/schema\/person\/331be9283d37198e2acd5750279085b0"},"headline":"Rocha es un aliado solidario en temas de mujeres: S\u00e1nchez Castillo","datePublished":"2022-08-22T19:30:00+00:00","dateModified":"2022-08-23T03:58:55+00:00","mainEntityOfPage":{"@id":"https:\/\/fuentesfidedignas.com.mx\/index.php\/2022\/08\/22\/gobernador-rocha-es-un-aliado-solidario-en-temas-de-mujeres-sanchez-castillo\/"},"wordCount":557,"commentCount":0,"publisher":{"@id":"https:\/\/fuentesfidedignas.com.mx\/#organization"},"image":{"@id":"https:\/\/fuentesfidedignas.com.mx\/index.php\/2022\/08\/22\/gobernador-rocha-es-un-aliado-solidario-en-temas-de-mujeres-sanchez-castillo\/#primaryimage"},"thumbnailUrl":"https:\/\/fuentesfidedignas.com.mx\/wp-content\/uploads\/2022\/08\/WhatsApp-Image-2022-08-22-at-3.29.17-PM.jpeg","articleSection":["NOTICIAS LOCALES"],"inLanguage":"es","potentialAction":[{"@type":"CommentAction","name":"Comment","target":["https:\/\/fuentesfidedignas.com.mx\/index.php\/2022\/08\/22\/gobernador-rocha-es-un-aliado-solidario-en-temas-de-mujeres-sanchez-castillo\/#respond"]}]},{"@type":"WebPage","@id":"https:\/\/fuentesfidedignas.com.mx\/index.php\/2022\/08\/22\/gobernador-rocha-es-un-aliado-solidario-en-temas-de-mujeres-sanchez-castillo\/","url":"https:\/\/fuentesfidedignas.com.mx\/index.php\/2022\/08\/22\/gobernador-rocha-es-un-aliado-solidario-en-temas-de-mujeres-sanchez-castillo\/","name":"Rocha es un aliado solidario en temas de mujeres: S\u00e1nchez Castillo - Fuentes Fidedignas","isPartOf":{"@id":"https:\/\/fuentesfidedignas.com.mx\/#website"},"primaryImageOfPage":{"@id":"https:\/\/fuentesfidedignas.com.mx\/index.php\/2022\/08\/22\/gobernador-rocha-es-un-aliado-solidario-en-temas-de-mujeres-sanchez-castillo\/#primaryimage"},"image":{"@id":"https:\/\/fuentesfidedignas.com.mx\/index.php\/2022\/08\/22\/gobernador-rocha-es-un-aliado-solidario-en-temas-de-mujeres-sanchez-castillo\/#primaryimage"},"thumbnailUrl":"https:\/\/fuentesfidedignas.com.mx\/wp-content\/uploads\/2022\/08\/WhatsApp-Image-2022-08-22-at-3.29.17-PM.jpeg","datePublished":"2022-08-22T19:30:00+00:00","dateModified":"2022-08-23T03:58:55+00:00","breadcrumb":{"@id":"https:\/\/fuentesfidedignas.com.mx\/index.php\/2022\/08\/22\/gobernador-rocha-es-un-aliado-solidario-en-temas-de-mujeres-sanchez-castillo\/#breadcrumb"},"inLanguage":"es","potentialAction":[{"@type":"ReadAction","target":["https:\/\/fuentesfidedignas.com.mx\/index.php\/2022\/08\/22\/gobernador-rocha-es-un-aliado-solidario-en-temas-de-mujeres-sanchez-castillo\/"]}]},{"@type":"ImageObject","inLanguage":"es","@id":"https:\/\/fuentesfidedignas.com.mx\/index.php\/2022\/08\/22\/gobernador-rocha-es-un-aliado-solidario-en-temas-de-mujeres-sanchez-castillo\/#primaryimage","url":"https:\/\/fuentesfidedignas.com.mx\/wp-content\/uploads\/2022\/08\/WhatsApp-Image-2022-08-22-at-3.29.17-PM.jpeg","contentUrl":"https:\/\/fuentesfidedignas.com.mx\/wp-content\/uploads\/2022\/08\/WhatsApp-Image-2022-08-22-at-3.29.17-PM.jpeg","width":1024,"height":682},{"@type":"BreadcrumbList","@id":"https:\/\/fuentesfidedignas.com.mx\/index.php\/2022\/08\/22\/gobernador-rocha-es-un-aliado-solidario-en-temas-de-mujeres-sanchez-castillo\/#breadcrumb","itemListElement":[{"@type":"ListItem","position":1,"name":"Inicio","item":"https:\/\/fuentesfidedignas.com.mx\/"},{"@type":"ListItem","position":2,"name":"Rocha es un aliado solidario en temas de mujeres: S\u00e1nchez Castillo"}]},{"@type":"WebSite","@id":"https:\/\/fuentesfidedignas.com.mx\/#website","url":"https:\/\/fuentesfidedignas.com.mx\/","name":"Fuentes Fidedignas","description":"Otro sitio realizado con WordPress","publisher":{"@id":"https:\/\/fuentesfidedignas.com.mx\/#organization"},"potentialAction":[{"@type":"SearchAction","target":{"@type":"EntryPoint","urlTemplate":"https:\/\/fuentesfidedignas.com.mx\/?s={search_term_string}"},"query-input":{"@type":"PropertyValueSpecification","valueRequired":true,"valueName":"search_term_string"}}],"inLanguage":"es"},{"@type":"Organization","@id":"https:\/\/fuentesfidedignas.com.mx\/#organization","name":"Fuentes Fidedignas","url":"https:\/\/fuentesfidedignas.com.mx\/","logo":{"@type":"ImageObject","inLanguage":"es","@id":"https:\/\/fuentesfidedignas.com.mx\/#\/schema\/logo\/image\/","url":"https:\/\/fuentesfidedignas.com.mx\/wp-content\/uploads\/2021\/04\/logo-retina.png","contentUrl":"https:\/\/fuentesfidedignas.com.mx\/wp-content\/uploads\/2021\/04\/logo-retina.png","width":280,"height":51,"caption":"Fuentes Fidedignas"},"image":{"@id":"https:\/\/fuentesfidedignas.com.mx\/#\/schema\/logo\/image\/"},"sameAs":["https:\/\/www.facebook.com\/Fuentes-Fidedignas-368234489921644","https:\/\/x.com\/fidedignas"]},{"@type":"Person","@id":"https:\/\/fuentesfidedignas.com.mx\/#\/schema\/person\/331be9283d37198e2acd5750279085b0","name":"Redacci\u00f3n","image":{"@type":"ImageObject","inLanguage":"es","@id":"https:\/\/secure.gravatar.com\/avatar\/f6d8782c11d12b2d4ad3fbb6931aeab5309937a4d6cd2fc9cfaa28a6396a5aec?s=96&d=mm&r=g","url":"https:\/\/secure.gravatar.com\/avatar\/f6d8782c11d12b2d4ad3fbb6931aeab5309937a4d6cd2fc9cfaa28a6396a5aec?s=96&d=mm&r=g","contentUrl":"https:\/\/secure.gravatar.com\/avatar\/f6d8782c11d12b2d4ad3fbb6931aeab5309937a4d6cd2fc9cfaa28a6396a5aec?s=96&d=mm&r=g","caption":"Redacci\u00f3n"},"url":"https:\/\/fuentesfidedignas.com.mx\/index.php\/author\/redaccion\/"}]}},"_links":{"self":[{"href":"https:\/\/fuentesfidedignas.com.mx\/index.php\/wp-json\/wp\/v2\/posts\/40589","targetHints":{"allow":["GET"]}}],"collection":[{"href":"https:\/\/fuentesfidedignas.com.mx\/index.php\/wp-json\/wp\/v2\/posts"}],"about":[{"href":"https:\/\/fuentesfidedignas.com.mx\/index.php\/wp-json\/wp\/v2\/types\/post"}],"author":[{"embeddable":true,"href":"https:\/\/fuentesfidedignas.com.mx\/index.php\/wp-json\/wp\/v2\/users\/4"}],"replies":[{"embeddable":true,"href":"https:\/\/fuentesfidedignas.com.mx\/index.php\/wp-json\/wp\/v2\/comments?post=40589"}],"version-history":[{"count":2,"href":"https:\/\/fuentesfidedignas.com.mx\/index.php\/wp-json\/wp\/v2\/posts\/40589\/revisions"}],"predecessor-version":[{"id":40621,"href":"https:\/\/fuentesfidedignas.com.mx\/index.php\/wp-json\/wp\/v2\/posts\/40589\/revisions\/40621"}],"wp:featuredmedia":[{"embeddable":true,"href":"https:\/\/fuentesfidedignas.com.mx\/index.php\/wp-json\/wp\/v2\/media\/40590"}],"wp:attachment":[{"href":"https:\/\/fuentesfidedignas.com.mx\/index.php\/wp-json\/wp\/v2\/media?parent=40589"}],"wp:term":[{"taxonomy":"category","embeddable":true,"href":"https:\/\/fuentesfidedignas.com.mx\/index.php\/wp-json\/wp\/v2\/categories?post=40589"},{"taxonomy":"post_tag","embeddable":true,"href":"https:\/\/fuentesfidedignas.com.mx\/index.php\/wp-json\/wp\/v2\/tags?post=40589"}],"curies":[{"name":"wp","href":"https:\/\/api.w.org\/{rel}","templated":true}]}}