{"id":40533,"date":"2022-08-22T13:32:36","date_gmt":"2022-08-22T19:32:36","guid":{"rendered":"https:\/\/fuentesfidedignas.com.mx\/?p=40533"},"modified":"2022-08-22T14:41:36","modified_gmt":"2022-08-22T20:41:36","slug":"bienvenida-a-70-jovenes-la-primera-generacion-del-cobaes-130-la-conquista","status":"publish","type":"post","link":"https:\/\/fuentesfidedignas.com.mx\/index.php\/2022\/08\/22\/bienvenida-a-70-jovenes-la-primera-generacion-del-cobaes-130-la-conquista\/","title":{"rendered":"Bienvenida a 70 j\u00f3venes: La primera generaci\u00f3n del Cobaes 130 &#8220;La Conquista&#8221;"},"content":{"rendered":"\n<p><strong><em>El director general de COBAES, Santiago Inzunza dio a conocer que a\u00fan hay espacios para dos grupos m\u00e1s.<\/em><\/strong><\/p>\n\n\n\n<p>Culiac\u00e1n, Sinaloa. \u2013 Como se establece en el calendario oficial, este lunes 22 de agosto inici\u00f3 el ciclo escolar 2022-2023 para las y los alumnos del Colegio de Bachilleres del Estado de Sinaloa (COBAES); durante un evento que se realiz\u00f3 en las instalaciones provisionales del Plantel 130 de la Biblioteca Gilberto Owen, el director general Santiago Inzunza C\u00e1zares les dio la bienvenida a los 70 j\u00f3venes que inician sus estudios de educaci\u00f3n media superior, en esta instituci\u00f3n educativa.<\/p>\n\n\n\n<p>El director general de COBAES record\u00f3 que durante la campa\u00f1a del gobernador Rub\u00e9n Rocha Moya, la ciudadan\u00eda le solicit\u00f3 la creaci\u00f3n de un plantel de bachillerato en el sector norponiente, para lo cual, las autoridades correspondientes se dieron a la tarea de realizar los estudios de factibilidad, mismos que corroboraron la necesidad de una nueva escuela, para la cual se tiene un presupuesto de 12.5 millones de pesos para su construcci\u00f3n.<\/p>\n\n\n\n<p>\u201cInmediatamente se autoriz\u00f3 la cantidad de 12 millones y medio de pesos para el plantel, tenemos ya un terreno que el Ayuntamiento nos est\u00e1 donando en el sector de La Conquista, en unas semanas m\u00e1s se va a licitar y se van a construir aulas nuevas, canchas, oficinas y ba\u00f1os en una primera etapa que es en la que ustedes van a estar en unos meses m\u00e1s j\u00f3venes\u201d.<\/p>\n\n\n\n<p>Inzunza C\u00e1zares coment\u00f3 que a\u00fan tienen espacios disponibles en este nuevo plantel, donde pueden recibir hasta 70 alumnos m\u00e1s, los cuales estar\u00e1n iniciando sus estudios en \u00f3ptimas condiciones, mismas con las que cuentan los dem\u00e1s planteles ya consolidados.<\/p>\n\n\n\n<figure class=\"wp-block-gallery has-nested-images columns-default is-cropped wp-block-gallery-1 is-layout-flex wp-block-gallery-is-layout-flex\">\n<figure class=\"wp-block-image size-large\"><img decoding=\"async\" width=\"1280\" height=\"803\" data-id=\"40538\" src=\"https:\/\/fuentesfidedignas.com.mx\/wp-content\/uploads\/2022\/08\/IMG-20220822-WA0039.jpg\" alt=\"\" class=\"wp-image-40538\" srcset=\"https:\/\/fuentesfidedignas.com.mx\/wp-content\/uploads\/2022\/08\/IMG-20220822-WA0039.jpg 1280w, https:\/\/fuentesfidedignas.com.mx\/wp-content\/uploads\/2022\/08\/IMG-20220822-WA0039-300x188.jpg 300w, https:\/\/fuentesfidedignas.com.mx\/wp-content\/uploads\/2022\/08\/IMG-20220822-WA0039-1024x642.jpg 1024w, https:\/\/fuentesfidedignas.com.mx\/wp-content\/uploads\/2022\/08\/IMG-20220822-WA0039-768x482.jpg 768w\" sizes=\"(max-width: 1280px) 100vw, 1280px\" \/><\/figure>\n\n\n\n<figure class=\"wp-block-image size-large\"><img decoding=\"async\" width=\"1280\" height=\"853\" data-id=\"40534\" src=\"https:\/\/fuentesfidedignas.com.mx\/wp-content\/uploads\/2022\/08\/IMG-20220822-WA0037.jpg\" alt=\"\" class=\"wp-image-40534\" srcset=\"https:\/\/fuentesfidedignas.com.mx\/wp-content\/uploads\/2022\/08\/IMG-20220822-WA0037.jpg 1280w, https:\/\/fuentesfidedignas.com.mx\/wp-content\/uploads\/2022\/08\/IMG-20220822-WA0037-300x200.jpg 300w, https:\/\/fuentesfidedignas.com.mx\/wp-content\/uploads\/2022\/08\/IMG-20220822-WA0037-1024x682.jpg 1024w, https:\/\/fuentesfidedignas.com.mx\/wp-content\/uploads\/2022\/08\/IMG-20220822-WA0037-768x512.jpg 768w\" sizes=\"(max-width: 1280px) 100vw, 1280px\" \/><\/figure>\n\n\n\n<figure class=\"wp-block-image size-large\"><img decoding=\"async\" width=\"1280\" height=\"853\" data-id=\"40535\" src=\"https:\/\/fuentesfidedignas.com.mx\/wp-content\/uploads\/2022\/08\/IMG-20220822-WA0040.jpg\" alt=\"\" class=\"wp-image-40535\" srcset=\"https:\/\/fuentesfidedignas.com.mx\/wp-content\/uploads\/2022\/08\/IMG-20220822-WA0040.jpg 1280w, https:\/\/fuentesfidedignas.com.mx\/wp-content\/uploads\/2022\/08\/IMG-20220822-WA0040-300x200.jpg 300w, https:\/\/fuentesfidedignas.com.mx\/wp-content\/uploads\/2022\/08\/IMG-20220822-WA0040-1024x682.jpg 1024w, https:\/\/fuentesfidedignas.com.mx\/wp-content\/uploads\/2022\/08\/IMG-20220822-WA0040-768x512.jpg 768w\" sizes=\"(max-width: 1280px) 100vw, 1280px\" \/><\/figure>\n\n\n\n<figure class=\"wp-block-image size-large\"><img decoding=\"async\" width=\"1280\" height=\"853\" data-id=\"40536\" src=\"https:\/\/fuentesfidedignas.com.mx\/wp-content\/uploads\/2022\/08\/IMG-20220822-WA0038.jpg\" alt=\"\" class=\"wp-image-40536\" srcset=\"https:\/\/fuentesfidedignas.com.mx\/wp-content\/uploads\/2022\/08\/IMG-20220822-WA0038.jpg 1280w, https:\/\/fuentesfidedignas.com.mx\/wp-content\/uploads\/2022\/08\/IMG-20220822-WA0038-300x200.jpg 300w, https:\/\/fuentesfidedignas.com.mx\/wp-content\/uploads\/2022\/08\/IMG-20220822-WA0038-1024x682.jpg 1024w, https:\/\/fuentesfidedignas.com.mx\/wp-content\/uploads\/2022\/08\/IMG-20220822-WA0038-768x512.jpg 768w\" sizes=\"(max-width: 1280px) 100vw, 1280px\" \/><\/figure>\n<\/figure>\n\n\n\n<p>\u201cEsperamos completar el tercer grupo esta semana, j\u00f3venes est\u00e1n ustedes iniciando una nueva era en COBAES, me dicen que hace como 20 a\u00f1os no se construye un gran plantel c\u00f3mo va a ser este en la ciudad de a Culiac\u00e1n, les pedimos que platiquen con sus compa\u00f1eros, con sus amigos, con sus pap\u00e1s, todos los compa\u00f1eros que puedan ustedes traerse para que formemos un tercer y si es posible hasta un cuarto grupo\u201d.<\/p>\n\n\n\n<p>En el evento estuvieron presentes la secretaria general de COBAES, Thal\u00eda Karamanos Cece\u00f1a; la secretaria T\u00e9cnica, Sandra Irene Reyes Garc\u00eda; el director de Planeaci\u00f3n y Presupuesto, Eduardo Salazar Higuera; la coordinadora ejecutiva de la zona 04, Sandra Judith Lara D\u00edaz; el director interino del plantel 130, Omar Arias P\u00e9rez, entre otras autoridades.<\/p>\n\n\n\n<figure class=\"wp-block-embed is-type-rich is-provider-twitter wp-block-embed-twitter\"><div class=\"wp-block-embed__wrapper\">\n<blockquote class=\"twitter-tweet\" data-width=\"550\" data-dnt=\"true\"><p lang=\"es\" dir=\"ltr\"><a href=\"https:\/\/twitter.com\/hashtag\/CobaesVideo?src=hash&amp;ref_src=twsrc%5Etfw\">#CobaesVideo<\/a> | Bienvenida a 70 j\u00f3venes: La primera generaci\u00f3n del Cobaes 130 &quot;La Conquista&quot;<br><br>El director general de COBAES, Santiago Inzunza dio a conocer que a\u00fan hay espacios para dos grupos m\u00e1s. <a href=\"https:\/\/t.co\/jXTym9t7o3\">pic.twitter.com\/jXTym9t7o3<\/a><\/p>&mdash; Cobaes Sinaloa (@CobaesSinaloa) <a href=\"https:\/\/twitter.com\/CobaesSinaloa\/status\/1561815051799040000?ref_src=twsrc%5Etfw\">August 22, 2022<\/a><\/blockquote><script async src=\"https:\/\/platform.twitter.com\/widgets.js\" charset=\"utf-8\"><\/script>\n<\/div><\/figure>\n","protected":false},"excerpt":{"rendered":"<p>El director general de COBAES, Santiago Inzunza dio a conocer que a\u00fan hay espacios para dos grupos m\u00e1s. Culiac\u00e1n, Sinaloa. \u2013 Como se establece en el calendario oficial, este lunes 22 de agosto inici\u00f3 el ciclo escolar 2022-2023 para las y los alumnos del Colegio de Bachilleres del Estado de Sinaloa (COBAES); durante un evento [&hellip;]<\/p>\n","protected":false},"author":4,"featured_media":40537,"comment_status":"open","ping_status":"open","sticky":false,"template":"","format":"standard","meta":{"tdm_status":"","tdm_grid_status":"","footnotes":""},"categories":[38],"tags":[],"class_list":{"0":"post-40533","1":"post","2":"type-post","3":"status-publish","4":"format-standard","5":"has-post-thumbnail","7":"category-noticias-locales"},"yoast_head":"<!-- This site is optimized with the Yoast SEO plugin v27.5 - https:\/\/yoast.com\/product\/yoast-seo-wordpress\/ -->\n<title>Bienvenida a 70 j\u00f3venes: La primera generaci\u00f3n del Cobaes 130 &quot;La Conquista&quot; - Fuentes Fidedignas<\/title>\n<meta name=\"robots\" content=\"index, follow, max-snippet:-1, max-image-preview:large, max-video-preview:-1\" \/>\n<link rel=\"canonical\" href=\"https:\/\/fuentesfidedignas.com.mx\/index.php\/2022\/08\/22\/bienvenida-a-70-jovenes-la-primera-generacion-del-cobaes-130-la-conquista\/\" \/>\n<meta property=\"og:locale\" content=\"es_MX\" \/>\n<meta property=\"og:type\" content=\"article\" \/>\n<meta property=\"og:title\" content=\"Bienvenida a 70 j\u00f3venes: La primera generaci\u00f3n del Cobaes 130 &quot;La Conquista&quot; - Fuentes Fidedignas\" \/>\n<meta property=\"og:description\" content=\"El director general de COBAES, Santiago Inzunza dio a conocer que a\u00fan hay espacios para dos grupos m\u00e1s. Culiac\u00e1n, Sinaloa. \u2013 Como se establece en el calendario oficial, este lunes 22 de agosto inici\u00f3 el ciclo escolar 2022-2023 para las y los alumnos del Colegio de Bachilleres del Estado de Sinaloa (COBAES); durante un evento [&hellip;]\" \/>\n<meta property=\"og:url\" content=\"https:\/\/fuentesfidedignas.com.mx\/index.php\/2022\/08\/22\/bienvenida-a-70-jovenes-la-primera-generacion-del-cobaes-130-la-conquista\/\" \/>\n<meta property=\"og:site_name\" content=\"Fuentes Fidedignas\" \/>\n<meta property=\"article:publisher\" content=\"https:\/\/www.facebook.com\/Fuentes-Fidedignas-368234489921644\" \/>\n<meta property=\"article:published_time\" content=\"2022-08-22T19:32:36+00:00\" \/>\n<meta property=\"article:modified_time\" content=\"2022-08-22T20:41:36+00:00\" \/>\n<meta property=\"og:image\" content=\"https:\/\/fuentesfidedignas.com.mx\/wp-content\/uploads\/2022\/08\/IMG-20220822-WA0036.jpg\" \/>\n\t<meta property=\"og:image:width\" content=\"1280\" \/>\n\t<meta property=\"og:image:height\" content=\"797\" \/>\n\t<meta property=\"og:image:type\" content=\"image\/jpeg\" \/>\n<meta name=\"author\" content=\"Redacci\u00f3n\" \/>\n<meta name=\"twitter:card\" content=\"summary_large_image\" \/>\n<meta name=\"twitter:creator\" content=\"@fidedignas\" \/>\n<meta name=\"twitter:site\" content=\"@fidedignas\" \/>\n<meta name=\"twitter:label1\" content=\"Escrito por\" \/>\n\t<meta name=\"twitter:data1\" content=\"Redacci\u00f3n\" \/>\n\t<meta name=\"twitter:label2\" content=\"Tiempo de lectura\" \/>\n\t<meta name=\"twitter:data2\" content=\"3 minutos\" \/>\n<script type=\"application\/ld+json\" class=\"yoast-schema-graph\">{\"@context\":\"https:\\\/\\\/schema.org\",\"@graph\":[{\"@type\":\"Article\",\"@id\":\"https:\\\/\\\/fuentesfidedignas.com.mx\\\/index.php\\\/2022\\\/08\\\/22\\\/bienvenida-a-70-jovenes-la-primera-generacion-del-cobaes-130-la-conquista\\\/#article\",\"isPartOf\":{\"@id\":\"https:\\\/\\\/fuentesfidedignas.com.mx\\\/index.php\\\/2022\\\/08\\\/22\\\/bienvenida-a-70-jovenes-la-primera-generacion-del-cobaes-130-la-conquista\\\/\"},\"author\":{\"name\":\"Redacci\u00f3n\",\"@id\":\"https:\\\/\\\/fuentesfidedignas.com.mx\\\/#\\\/schema\\\/person\\\/331be9283d37198e2acd5750279085b0\"},\"headline\":\"Bienvenida a 70 j\u00f3venes: La primera generaci\u00f3n del Cobaes 130 &#8220;La Conquista&#8221;\",\"datePublished\":\"2022-08-22T19:32:36+00:00\",\"dateModified\":\"2022-08-22T20:41:36+00:00\",\"mainEntityOfPage\":{\"@id\":\"https:\\\/\\\/fuentesfidedignas.com.mx\\\/index.php\\\/2022\\\/08\\\/22\\\/bienvenida-a-70-jovenes-la-primera-generacion-del-cobaes-130-la-conquista\\\/\"},\"wordCount\":441,\"commentCount\":0,\"publisher\":{\"@id\":\"https:\\\/\\\/fuentesfidedignas.com.mx\\\/#organization\"},\"image\":{\"@id\":\"https:\\\/\\\/fuentesfidedignas.com.mx\\\/index.php\\\/2022\\\/08\\\/22\\\/bienvenida-a-70-jovenes-la-primera-generacion-del-cobaes-130-la-conquista\\\/#primaryimage\"},\"thumbnailUrl\":\"https:\\\/\\\/fuentesfidedignas.com.mx\\\/wp-content\\\/uploads\\\/2022\\\/08\\\/IMG-20220822-WA0036.jpg\",\"articleSection\":[\"NOTICIAS LOCALES\"],\"inLanguage\":\"es\",\"potentialAction\":[{\"@type\":\"CommentAction\",\"name\":\"Comment\",\"target\":[\"https:\\\/\\\/fuentesfidedignas.com.mx\\\/index.php\\\/2022\\\/08\\\/22\\\/bienvenida-a-70-jovenes-la-primera-generacion-del-cobaes-130-la-conquista\\\/#respond\"]}]},{\"@type\":\"WebPage\",\"@id\":\"https:\\\/\\\/fuentesfidedignas.com.mx\\\/index.php\\\/2022\\\/08\\\/22\\\/bienvenida-a-70-jovenes-la-primera-generacion-del-cobaes-130-la-conquista\\\/\",\"url\":\"https:\\\/\\\/fuentesfidedignas.com.mx\\\/index.php\\\/2022\\\/08\\\/22\\\/bienvenida-a-70-jovenes-la-primera-generacion-del-cobaes-130-la-conquista\\\/\",\"name\":\"Bienvenida a 70 j\u00f3venes: La primera generaci\u00f3n del Cobaes 130 \\\"La Conquista\\\" - Fuentes Fidedignas\",\"isPartOf\":{\"@id\":\"https:\\\/\\\/fuentesfidedignas.com.mx\\\/#website\"},\"primaryImageOfPage\":{\"@id\":\"https:\\\/\\\/fuentesfidedignas.com.mx\\\/index.php\\\/2022\\\/08\\\/22\\\/bienvenida-a-70-jovenes-la-primera-generacion-del-cobaes-130-la-conquista\\\/#primaryimage\"},\"image\":{\"@id\":\"https:\\\/\\\/fuentesfidedignas.com.mx\\\/index.php\\\/2022\\\/08\\\/22\\\/bienvenida-a-70-jovenes-la-primera-generacion-del-cobaes-130-la-conquista\\\/#primaryimage\"},\"thumbnailUrl\":\"https:\\\/\\\/fuentesfidedignas.com.mx\\\/wp-content\\\/uploads\\\/2022\\\/08\\\/IMG-20220822-WA0036.jpg\",\"datePublished\":\"2022-08-22T19:32:36+00:00\",\"dateModified\":\"2022-08-22T20:41:36+00:00\",\"breadcrumb\":{\"@id\":\"https:\\\/\\\/fuentesfidedignas.com.mx\\\/index.php\\\/2022\\\/08\\\/22\\\/bienvenida-a-70-jovenes-la-primera-generacion-del-cobaes-130-la-conquista\\\/#breadcrumb\"},\"inLanguage\":\"es\",\"potentialAction\":[{\"@type\":\"ReadAction\",\"target\":[\"https:\\\/\\\/fuentesfidedignas.com.mx\\\/index.php\\\/2022\\\/08\\\/22\\\/bienvenida-a-70-jovenes-la-primera-generacion-del-cobaes-130-la-conquista\\\/\"]}]},{\"@type\":\"ImageObject\",\"inLanguage\":\"es\",\"@id\":\"https:\\\/\\\/fuentesfidedignas.com.mx\\\/index.php\\\/2022\\\/08\\\/22\\\/bienvenida-a-70-jovenes-la-primera-generacion-del-cobaes-130-la-conquista\\\/#primaryimage\",\"url\":\"https:\\\/\\\/fuentesfidedignas.com.mx\\\/wp-content\\\/uploads\\\/2022\\\/08\\\/IMG-20220822-WA0036.jpg\",\"contentUrl\":\"https:\\\/\\\/fuentesfidedignas.com.mx\\\/wp-content\\\/uploads\\\/2022\\\/08\\\/IMG-20220822-WA0036.jpg\",\"width\":1280,\"height\":797},{\"@type\":\"BreadcrumbList\",\"@id\":\"https:\\\/\\\/fuentesfidedignas.com.mx\\\/index.php\\\/2022\\\/08\\\/22\\\/bienvenida-a-70-jovenes-la-primera-generacion-del-cobaes-130-la-conquista\\\/#breadcrumb\",\"itemListElement\":[{\"@type\":\"ListItem\",\"position\":1,\"name\":\"Inicio\",\"item\":\"https:\\\/\\\/fuentesfidedignas.com.mx\\\/\"},{\"@type\":\"ListItem\",\"position\":2,\"name\":\"Bienvenida a 70 j\u00f3venes: La primera generaci\u00f3n del Cobaes 130 &#8220;La Conquista&#8221;\"}]},{\"@type\":\"WebSite\",\"@id\":\"https:\\\/\\\/fuentesfidedignas.com.mx\\\/#website\",\"url\":\"https:\\\/\\\/fuentesfidedignas.com.mx\\\/\",\"name\":\"Fuentes Fidedignas\",\"description\":\"Otro sitio realizado con WordPress\",\"publisher\":{\"@id\":\"https:\\\/\\\/fuentesfidedignas.com.mx\\\/#organization\"},\"potentialAction\":[{\"@type\":\"SearchAction\",\"target\":{\"@type\":\"EntryPoint\",\"urlTemplate\":\"https:\\\/\\\/fuentesfidedignas.com.mx\\\/?s={search_term_string}\"},\"query-input\":{\"@type\":\"PropertyValueSpecification\",\"valueRequired\":true,\"valueName\":\"search_term_string\"}}],\"inLanguage\":\"es\"},{\"@type\":\"Organization\",\"@id\":\"https:\\\/\\\/fuentesfidedignas.com.mx\\\/#organization\",\"name\":\"Fuentes Fidedignas\",\"url\":\"https:\\\/\\\/fuentesfidedignas.com.mx\\\/\",\"logo\":{\"@type\":\"ImageObject\",\"inLanguage\":\"es\",\"@id\":\"https:\\\/\\\/fuentesfidedignas.com.mx\\\/#\\\/schema\\\/logo\\\/image\\\/\",\"url\":\"https:\\\/\\\/fuentesfidedignas.com.mx\\\/wp-content\\\/uploads\\\/2021\\\/04\\\/logo-retina.png\",\"contentUrl\":\"https:\\\/\\\/fuentesfidedignas.com.mx\\\/wp-content\\\/uploads\\\/2021\\\/04\\\/logo-retina.png\",\"width\":280,\"height\":51,\"caption\":\"Fuentes Fidedignas\"},\"image\":{\"@id\":\"https:\\\/\\\/fuentesfidedignas.com.mx\\\/#\\\/schema\\\/logo\\\/image\\\/\"},\"sameAs\":[\"https:\\\/\\\/www.facebook.com\\\/Fuentes-Fidedignas-368234489921644\",\"https:\\\/\\\/x.com\\\/fidedignas\"]},{\"@type\":\"Person\",\"@id\":\"https:\\\/\\\/fuentesfidedignas.com.mx\\\/#\\\/schema\\\/person\\\/331be9283d37198e2acd5750279085b0\",\"name\":\"Redacci\u00f3n\",\"image\":{\"@type\":\"ImageObject\",\"inLanguage\":\"es\",\"@id\":\"https:\\\/\\\/secure.gravatar.com\\\/avatar\\\/f6d8782c11d12b2d4ad3fbb6931aeab5309937a4d6cd2fc9cfaa28a6396a5aec?s=96&d=mm&r=g\",\"url\":\"https:\\\/\\\/secure.gravatar.com\\\/avatar\\\/f6d8782c11d12b2d4ad3fbb6931aeab5309937a4d6cd2fc9cfaa28a6396a5aec?s=96&d=mm&r=g\",\"contentUrl\":\"https:\\\/\\\/secure.gravatar.com\\\/avatar\\\/f6d8782c11d12b2d4ad3fbb6931aeab5309937a4d6cd2fc9cfaa28a6396a5aec?s=96&d=mm&r=g\",\"caption\":\"Redacci\u00f3n\"},\"url\":\"https:\\\/\\\/fuentesfidedignas.com.mx\\\/index.php\\\/author\\\/redaccion\\\/\"}]}<\/script>\n<!-- \/ Yoast SEO plugin. -->","yoast_head_json":{"title":"Bienvenida a 70 j\u00f3venes: La primera generaci\u00f3n del Cobaes 130 \"La Conquista\" - Fuentes Fidedignas","robots":{"index":"index","follow":"follow","max-snippet":"max-snippet:-1","max-image-preview":"max-image-preview:large","max-video-preview":"max-video-preview:-1"},"canonical":"https:\/\/fuentesfidedignas.com.mx\/index.php\/2022\/08\/22\/bienvenida-a-70-jovenes-la-primera-generacion-del-cobaes-130-la-conquista\/","og_locale":"es_MX","og_type":"article","og_title":"Bienvenida a 70 j\u00f3venes: La primera generaci\u00f3n del Cobaes 130 \"La Conquista\" - Fuentes Fidedignas","og_description":"El director general de COBAES, Santiago Inzunza dio a conocer que a\u00fan hay espacios para dos grupos m\u00e1s. Culiac\u00e1n, Sinaloa. \u2013 Como se establece en el calendario oficial, este lunes 22 de agosto inici\u00f3 el ciclo escolar 2022-2023 para las y los alumnos del Colegio de Bachilleres del Estado de Sinaloa (COBAES); durante un evento [&hellip;]","og_url":"https:\/\/fuentesfidedignas.com.mx\/index.php\/2022\/08\/22\/bienvenida-a-70-jovenes-la-primera-generacion-del-cobaes-130-la-conquista\/","og_site_name":"Fuentes Fidedignas","article_publisher":"https:\/\/www.facebook.com\/Fuentes-Fidedignas-368234489921644","article_published_time":"2022-08-22T19:32:36+00:00","article_modified_time":"2022-08-22T20:41:36+00:00","og_image":[{"width":1280,"height":797,"url":"https:\/\/fuentesfidedignas.com.mx\/wp-content\/uploads\/2022\/08\/IMG-20220822-WA0036.jpg","type":"image\/jpeg"}],"author":"Redacci\u00f3n","twitter_card":"summary_large_image","twitter_creator":"@fidedignas","twitter_site":"@fidedignas","twitter_misc":{"Escrito por":"Redacci\u00f3n","Tiempo de lectura":"3 minutos"},"schema":{"@context":"https:\/\/schema.org","@graph":[{"@type":"Article","@id":"https:\/\/fuentesfidedignas.com.mx\/index.php\/2022\/08\/22\/bienvenida-a-70-jovenes-la-primera-generacion-del-cobaes-130-la-conquista\/#article","isPartOf":{"@id":"https:\/\/fuentesfidedignas.com.mx\/index.php\/2022\/08\/22\/bienvenida-a-70-jovenes-la-primera-generacion-del-cobaes-130-la-conquista\/"},"author":{"name":"Redacci\u00f3n","@id":"https:\/\/fuentesfidedignas.com.mx\/#\/schema\/person\/331be9283d37198e2acd5750279085b0"},"headline":"Bienvenida a 70 j\u00f3venes: La primera generaci\u00f3n del Cobaes 130 &#8220;La Conquista&#8221;","datePublished":"2022-08-22T19:32:36+00:00","dateModified":"2022-08-22T20:41:36+00:00","mainEntityOfPage":{"@id":"https:\/\/fuentesfidedignas.com.mx\/index.php\/2022\/08\/22\/bienvenida-a-70-jovenes-la-primera-generacion-del-cobaes-130-la-conquista\/"},"wordCount":441,"commentCount":0,"publisher":{"@id":"https:\/\/fuentesfidedignas.com.mx\/#organization"},"image":{"@id":"https:\/\/fuentesfidedignas.com.mx\/index.php\/2022\/08\/22\/bienvenida-a-70-jovenes-la-primera-generacion-del-cobaes-130-la-conquista\/#primaryimage"},"thumbnailUrl":"https:\/\/fuentesfidedignas.com.mx\/wp-content\/uploads\/2022\/08\/IMG-20220822-WA0036.jpg","articleSection":["NOTICIAS LOCALES"],"inLanguage":"es","potentialAction":[{"@type":"CommentAction","name":"Comment","target":["https:\/\/fuentesfidedignas.com.mx\/index.php\/2022\/08\/22\/bienvenida-a-70-jovenes-la-primera-generacion-del-cobaes-130-la-conquista\/#respond"]}]},{"@type":"WebPage","@id":"https:\/\/fuentesfidedignas.com.mx\/index.php\/2022\/08\/22\/bienvenida-a-70-jovenes-la-primera-generacion-del-cobaes-130-la-conquista\/","url":"https:\/\/fuentesfidedignas.com.mx\/index.php\/2022\/08\/22\/bienvenida-a-70-jovenes-la-primera-generacion-del-cobaes-130-la-conquista\/","name":"Bienvenida a 70 j\u00f3venes: La primera generaci\u00f3n del Cobaes 130 \"La Conquista\" - Fuentes Fidedignas","isPartOf":{"@id":"https:\/\/fuentesfidedignas.com.mx\/#website"},"primaryImageOfPage":{"@id":"https:\/\/fuentesfidedignas.com.mx\/index.php\/2022\/08\/22\/bienvenida-a-70-jovenes-la-primera-generacion-del-cobaes-130-la-conquista\/#primaryimage"},"image":{"@id":"https:\/\/fuentesfidedignas.com.mx\/index.php\/2022\/08\/22\/bienvenida-a-70-jovenes-la-primera-generacion-del-cobaes-130-la-conquista\/#primaryimage"},"thumbnailUrl":"https:\/\/fuentesfidedignas.com.mx\/wp-content\/uploads\/2022\/08\/IMG-20220822-WA0036.jpg","datePublished":"2022-08-22T19:32:36+00:00","dateModified":"2022-08-22T20:41:36+00:00","breadcrumb":{"@id":"https:\/\/fuentesfidedignas.com.mx\/index.php\/2022\/08\/22\/bienvenida-a-70-jovenes-la-primera-generacion-del-cobaes-130-la-conquista\/#breadcrumb"},"inLanguage":"es","potentialAction":[{"@type":"ReadAction","target":["https:\/\/fuentesfidedignas.com.mx\/index.php\/2022\/08\/22\/bienvenida-a-70-jovenes-la-primera-generacion-del-cobaes-130-la-conquista\/"]}]},{"@type":"ImageObject","inLanguage":"es","@id":"https:\/\/fuentesfidedignas.com.mx\/index.php\/2022\/08\/22\/bienvenida-a-70-jovenes-la-primera-generacion-del-cobaes-130-la-conquista\/#primaryimage","url":"https:\/\/fuentesfidedignas.com.mx\/wp-content\/uploads\/2022\/08\/IMG-20220822-WA0036.jpg","contentUrl":"https:\/\/fuentesfidedignas.com.mx\/wp-content\/uploads\/2022\/08\/IMG-20220822-WA0036.jpg","width":1280,"height":797},{"@type":"BreadcrumbList","@id":"https:\/\/fuentesfidedignas.com.mx\/index.php\/2022\/08\/22\/bienvenida-a-70-jovenes-la-primera-generacion-del-cobaes-130-la-conquista\/#breadcrumb","itemListElement":[{"@type":"ListItem","position":1,"name":"Inicio","item":"https:\/\/fuentesfidedignas.com.mx\/"},{"@type":"ListItem","position":2,"name":"Bienvenida a 70 j\u00f3venes: La primera generaci\u00f3n del Cobaes 130 &#8220;La Conquista&#8221;"}]},{"@type":"WebSite","@id":"https:\/\/fuentesfidedignas.com.mx\/#website","url":"https:\/\/fuentesfidedignas.com.mx\/","name":"Fuentes Fidedignas","description":"Otro sitio realizado con WordPress","publisher":{"@id":"https:\/\/fuentesfidedignas.com.mx\/#organization"},"potentialAction":[{"@type":"SearchAction","target":{"@type":"EntryPoint","urlTemplate":"https:\/\/fuentesfidedignas.com.mx\/?s={search_term_string}"},"query-input":{"@type":"PropertyValueSpecification","valueRequired":true,"valueName":"search_term_string"}}],"inLanguage":"es"},{"@type":"Organization","@id":"https:\/\/fuentesfidedignas.com.mx\/#organization","name":"Fuentes Fidedignas","url":"https:\/\/fuentesfidedignas.com.mx\/","logo":{"@type":"ImageObject","inLanguage":"es","@id":"https:\/\/fuentesfidedignas.com.mx\/#\/schema\/logo\/image\/","url":"https:\/\/fuentesfidedignas.com.mx\/wp-content\/uploads\/2021\/04\/logo-retina.png","contentUrl":"https:\/\/fuentesfidedignas.com.mx\/wp-content\/uploads\/2021\/04\/logo-retina.png","width":280,"height":51,"caption":"Fuentes Fidedignas"},"image":{"@id":"https:\/\/fuentesfidedignas.com.mx\/#\/schema\/logo\/image\/"},"sameAs":["https:\/\/www.facebook.com\/Fuentes-Fidedignas-368234489921644","https:\/\/x.com\/fidedignas"]},{"@type":"Person","@id":"https:\/\/fuentesfidedignas.com.mx\/#\/schema\/person\/331be9283d37198e2acd5750279085b0","name":"Redacci\u00f3n","image":{"@type":"ImageObject","inLanguage":"es","@id":"https:\/\/secure.gravatar.com\/avatar\/f6d8782c11d12b2d4ad3fbb6931aeab5309937a4d6cd2fc9cfaa28a6396a5aec?s=96&d=mm&r=g","url":"https:\/\/secure.gravatar.com\/avatar\/f6d8782c11d12b2d4ad3fbb6931aeab5309937a4d6cd2fc9cfaa28a6396a5aec?s=96&d=mm&r=g","contentUrl":"https:\/\/secure.gravatar.com\/avatar\/f6d8782c11d12b2d4ad3fbb6931aeab5309937a4d6cd2fc9cfaa28a6396a5aec?s=96&d=mm&r=g","caption":"Redacci\u00f3n"},"url":"https:\/\/fuentesfidedignas.com.mx\/index.php\/author\/redaccion\/"}]}},"_links":{"self":[{"href":"https:\/\/fuentesfidedignas.com.mx\/index.php\/wp-json\/wp\/v2\/posts\/40533","targetHints":{"allow":["GET"]}}],"collection":[{"href":"https:\/\/fuentesfidedignas.com.mx\/index.php\/wp-json\/wp\/v2\/posts"}],"about":[{"href":"https:\/\/fuentesfidedignas.com.mx\/index.php\/wp-json\/wp\/v2\/types\/post"}],"author":[{"embeddable":true,"href":"https:\/\/fuentesfidedignas.com.mx\/index.php\/wp-json\/wp\/v2\/users\/4"}],"replies":[{"embeddable":true,"href":"https:\/\/fuentesfidedignas.com.mx\/index.php\/wp-json\/wp\/v2\/comments?post=40533"}],"version-history":[{"count":2,"href":"https:\/\/fuentesfidedignas.com.mx\/index.php\/wp-json\/wp\/v2\/posts\/40533\/revisions"}],"predecessor-version":[{"id":40571,"href":"https:\/\/fuentesfidedignas.com.mx\/index.php\/wp-json\/wp\/v2\/posts\/40533\/revisions\/40571"}],"wp:featuredmedia":[{"embeddable":true,"href":"https:\/\/fuentesfidedignas.com.mx\/index.php\/wp-json\/wp\/v2\/media\/40537"}],"wp:attachment":[{"href":"https:\/\/fuentesfidedignas.com.mx\/index.php\/wp-json\/wp\/v2\/media?parent=40533"}],"wp:term":[{"taxonomy":"category","embeddable":true,"href":"https:\/\/fuentesfidedignas.com.mx\/index.php\/wp-json\/wp\/v2\/categories?post=40533"},{"taxonomy":"post_tag","embeddable":true,"href":"https:\/\/fuentesfidedignas.com.mx\/index.php\/wp-json\/wp\/v2\/tags?post=40533"}],"curies":[{"name":"wp","href":"https:\/\/api.w.org\/{rel}","templated":true}]}}