{"id":40528,"date":"2022-08-22T13:20:22","date_gmt":"2022-08-22T19:20:22","guid":{"rendered":"https:\/\/fuentesfidedignas.com.mx\/?p=40528"},"modified":"2022-08-22T13:20:23","modified_gmt":"2022-08-22T19:20:23","slug":"presentan-amparo-a-nombre-de-murillo-karam-ordenan-cuidar-su-vida-y-salud","status":"publish","type":"post","link":"https:\/\/fuentesfidedignas.com.mx\/index.php\/2022\/08\/22\/presentan-amparo-a-nombre-de-murillo-karam-ordenan-cuidar-su-vida-y-salud\/","title":{"rendered":"Presentan amparo a nombre de Murillo Karam; ordenan cuidar su vida y salud"},"content":{"rendered":"\n<p><em style=\"\"><b>Un juez exigi\u00f3 al director del Reclusorio Norte de medidas de prevenci\u00f3n a favor de <\/b><\/em><strong><em>Jes\u00fas Murillo Karam, quien est\u00e1 en prisi\u00f3n preventiva por el caso Ayotzinapa<\/em><\/strong><\/p>\n\n\n\n<p>Ciudad de M\u00e9xico.- Jes\u00fas Murillo Karam, procurador General de la Rep\u00fablica (PGR), recibir\u00e1 la atenci\u00f3n m\u00e9dica necesaria para que no se contagie de Covid-19, as\u00ed como le garantizar\u00e1n su integridad f\u00edsica y su vida, mientras permanece en el Reclusorio Norte por los supuestos delitos de desaparici\u00f3n forzada, contra la administraci\u00f3n de la justicia y tortura en el caso de la desaparici\u00f3n de los 43 estudiantes de la Escuela Normal Rural Isidro Burgos.<\/p>\n\n\n\n<p>\u201cAhora, dado el contexto de la pandemia derivada del virus Covid-19, a efecto de garantizar su derecho a la salud y de encontrarse al quejoso en las instalaciones que ocupa el Reclusorio Norte de la Ciudad de M\u00e9xico: El director (del Reclusorio Norte de la CIudad de M\u00e9xico) queda obligado a garantizar, por s\u00ed o por conducto de quien corresponda, la salud e integridad f\u00edsica y psicol\u00f3gica (de Jes\u00fas Murillo Karam)\u201d, dijo Antonio Gonz\u00e1lez Garc\u00eda, juez del Juzgado Segundo de Distrito de Amparo en Materia Penal en la Ciudad de M\u00e9xico.<\/p>\n\n\n\n<p>De manera inmediata deber\u00e1 las autoridades penitenciarias deben tomar todas las prevenciones, acciones y medidas pertinentes para controlar y evitar su contagio de Covid-19, dijo el juzgador del Consejo de la Judicatura Federal (CJF).<\/p>\n\n\n\n<p>Rosa Azucena Vargas Hern\u00e1ndez fue la encargada de presentar la petici\u00f3n de demanda de garant\u00edas para conservar la vida y no estar incomunicado el exgobernador de Hidalgo en el Reclusorio Norte de la Ciudad de M\u00e9xico.<\/p>\n\n\n\n<p>El 19 de agosto de 2022, la Fiscal\u00eda General de la Rep\u00fablica (FGR) libr\u00f3 una orden de aprehensi\u00f3n contra el exprocurador Jes\u00fas Murillo Karam.<\/p>\n\n\n\n<p>Fueron elementos de la Polic\u00eda Federal Ministerial quienes ejecutaron la orden de captura cuando Murillo Karam sal\u00eda de su domicilio en las Lomas de Chapultepec.<\/p>\n\n\n\n<p>De acuerdo con la FGR, el exfuncionario enfrentar\u00e1 imputaciones por los delitos de desaparici\u00f3n forzada, tortura y obstaculizaci\u00f3n de la justicia.<\/p>\n\n\n\n<p>El juez pidi\u00f3 tambi\u00e9n a las autoridades del Reclusorio Norte que sean respetuosos de la dignidad y de los derechos humanos de Jes\u00fas Murillo Karam.<\/p>\n\n\n\n<p>\u201cSe debe prevenir cualquier acto tendente a menoscabar su esfera personal, por lo que deber\u00e1, bajo su m\u00e1s estricta responsabilidad, permitir el acceso de familiares, abogados y autorizados de aquellos, en las condiciones y bajo las medidas de seguridad que la propia responsable estime conveniente atendiendo a la emergencia sanitaria que atraviesa nuestro pa\u00eds\u201d, coment\u00f3 Antonio Gonz\u00e1lez Garc\u00eda.<\/p>\n\n\n\n<p>Los directivos del Reclusorio Norte deben evitar cualquier acto que pongan en peligro la integridad f\u00edsica y emocional, as\u00ed como la vida de Jes\u00fas Murillo Karam procediendo las condiciones m\u00ednimas de dignidad, sanidad, higiene y conceder todos los tratos humanitarios.<\/p>\n\n\n\n<p>\u201cEn la inteligencia de que la seguridad, guarda, custodia y la salud del quejoso, de ser el caso, queda bajo la m\u00e1s estricta responsabilidad de la autoridad a cuya disposici\u00f3n f\u00edsica se encuentre, misma deber\u00e1 tomar todas las medidas pertinentes para tal efecto atendiendo a la naturaleza y circunstancias del asunto\u201d, agreg\u00f3 Gonz\u00e1lez Garc\u00eda.<\/p>\n","protected":false},"excerpt":{"rendered":"<p>Un juez exigi\u00f3 al director del Reclusorio Norte de medidas de prevenci\u00f3n a favor de Jes\u00fas Murillo Karam, quien est\u00e1 en prisi\u00f3n preventiva por el caso Ayotzinapa Ciudad de M\u00e9xico.- Jes\u00fas Murillo Karam, procurador General de la Rep\u00fablica (PGR), recibir\u00e1 la atenci\u00f3n m\u00e9dica necesaria para que no se contagie de Covid-19, as\u00ed como le garantizar\u00e1n [&hellip;]<\/p>\n","protected":false},"author":5,"featured_media":40531,"comment_status":"open","ping_status":"open","sticky":false,"template":"","format":"standard","meta":{"tdm_status":"","tdm_grid_status":"","footnotes":""},"categories":[39],"tags":[],"class_list":{"0":"post-40528","1":"post","2":"type-post","3":"status-publish","4":"format-standard","5":"has-post-thumbnail","7":"category-noticias-nacionales"},"yoast_head":"<!-- This site is optimized with the Yoast SEO plugin v27.4 - https:\/\/yoast.com\/product\/yoast-seo-wordpress\/ -->\n<title>Presentan amparo a nombre de Murillo Karam; ordenan cuidar su vida y salud - Fuentes Fidedignas<\/title>\n<meta name=\"robots\" content=\"index, follow, max-snippet:-1, max-image-preview:large, max-video-preview:-1\" \/>\n<link rel=\"canonical\" href=\"https:\/\/fuentesfidedignas.com.mx\/index.php\/2022\/08\/22\/presentan-amparo-a-nombre-de-murillo-karam-ordenan-cuidar-su-vida-y-salud\/\" \/>\n<meta property=\"og:locale\" content=\"es_MX\" \/>\n<meta property=\"og:type\" content=\"article\" \/>\n<meta property=\"og:title\" content=\"Presentan amparo a nombre de Murillo Karam; ordenan cuidar su vida y salud - Fuentes Fidedignas\" \/>\n<meta property=\"og:description\" content=\"Un juez exigi\u00f3 al director del Reclusorio Norte de medidas de prevenci\u00f3n a favor de Jes\u00fas Murillo Karam, quien est\u00e1 en prisi\u00f3n preventiva por el caso Ayotzinapa Ciudad de M\u00e9xico.- Jes\u00fas Murillo Karam, procurador General de la Rep\u00fablica (PGR), recibir\u00e1 la atenci\u00f3n m\u00e9dica necesaria para que no se contagie de Covid-19, as\u00ed como le garantizar\u00e1n [&hellip;]\" \/>\n<meta property=\"og:url\" content=\"https:\/\/fuentesfidedignas.com.mx\/index.php\/2022\/08\/22\/presentan-amparo-a-nombre-de-murillo-karam-ordenan-cuidar-su-vida-y-salud\/\" \/>\n<meta property=\"og:site_name\" content=\"Fuentes Fidedignas\" \/>\n<meta property=\"article:publisher\" content=\"https:\/\/www.facebook.com\/Fuentes-Fidedignas-368234489921644\" \/>\n<meta property=\"article:published_time\" content=\"2022-08-22T19:20:22+00:00\" \/>\n<meta property=\"article:modified_time\" content=\"2022-08-22T19:20:23+00:00\" \/>\n<meta property=\"og:image\" content=\"https:\/\/fuentesfidedignas.com.mx\/wp-content\/uploads\/2022\/08\/Reuters-Murillo-conferencia-640x400-1.jpg\" \/>\n\t<meta property=\"og:image:width\" content=\"640\" \/>\n\t<meta property=\"og:image:height\" content=\"400\" \/>\n\t<meta property=\"og:image:type\" content=\"image\/jpeg\" \/>\n<meta name=\"author\" content=\"Forbes\" \/>\n<meta name=\"twitter:card\" content=\"summary_large_image\" \/>\n<meta name=\"twitter:creator\" content=\"@fidedignas\" \/>\n<meta name=\"twitter:site\" content=\"@fidedignas\" \/>\n<meta name=\"twitter:label1\" content=\"Escrito por\" \/>\n\t<meta name=\"twitter:data1\" content=\"Forbes\" \/>\n\t<meta name=\"twitter:label2\" content=\"Tiempo de lectura\" \/>\n\t<meta name=\"twitter:data2\" content=\"3 minutos\" \/>\n<script type=\"application\/ld+json\" class=\"yoast-schema-graph\">{\"@context\":\"https:\\\/\\\/schema.org\",\"@graph\":[{\"@type\":\"Article\",\"@id\":\"https:\\\/\\\/fuentesfidedignas.com.mx\\\/index.php\\\/2022\\\/08\\\/22\\\/presentan-amparo-a-nombre-de-murillo-karam-ordenan-cuidar-su-vida-y-salud\\\/#article\",\"isPartOf\":{\"@id\":\"https:\\\/\\\/fuentesfidedignas.com.mx\\\/index.php\\\/2022\\\/08\\\/22\\\/presentan-amparo-a-nombre-de-murillo-karam-ordenan-cuidar-su-vida-y-salud\\\/\"},\"author\":{\"name\":\"Forbes\",\"@id\":\"https:\\\/\\\/fuentesfidedignas.com.mx\\\/#\\\/schema\\\/person\\\/5623d53fe2e579d825b1679734abcc44\"},\"headline\":\"Presentan amparo a nombre de Murillo Karam; ordenan cuidar su vida y salud\",\"datePublished\":\"2022-08-22T19:20:22+00:00\",\"dateModified\":\"2022-08-22T19:20:23+00:00\",\"mainEntityOfPage\":{\"@id\":\"https:\\\/\\\/fuentesfidedignas.com.mx\\\/index.php\\\/2022\\\/08\\\/22\\\/presentan-amparo-a-nombre-de-murillo-karam-ordenan-cuidar-su-vida-y-salud\\\/\"},\"wordCount\":565,\"commentCount\":0,\"publisher\":{\"@id\":\"https:\\\/\\\/fuentesfidedignas.com.mx\\\/#organization\"},\"image\":{\"@id\":\"https:\\\/\\\/fuentesfidedignas.com.mx\\\/index.php\\\/2022\\\/08\\\/22\\\/presentan-amparo-a-nombre-de-murillo-karam-ordenan-cuidar-su-vida-y-salud\\\/#primaryimage\"},\"thumbnailUrl\":\"https:\\\/\\\/fuentesfidedignas.com.mx\\\/wp-content\\\/uploads\\\/2022\\\/08\\\/Reuters-Murillo-conferencia-640x400-1.jpg\",\"articleSection\":[\"NOTICIAS NACIONALES\"],\"inLanguage\":\"es\",\"potentialAction\":[{\"@type\":\"CommentAction\",\"name\":\"Comment\",\"target\":[\"https:\\\/\\\/fuentesfidedignas.com.mx\\\/index.php\\\/2022\\\/08\\\/22\\\/presentan-amparo-a-nombre-de-murillo-karam-ordenan-cuidar-su-vida-y-salud\\\/#respond\"]}]},{\"@type\":\"WebPage\",\"@id\":\"https:\\\/\\\/fuentesfidedignas.com.mx\\\/index.php\\\/2022\\\/08\\\/22\\\/presentan-amparo-a-nombre-de-murillo-karam-ordenan-cuidar-su-vida-y-salud\\\/\",\"url\":\"https:\\\/\\\/fuentesfidedignas.com.mx\\\/index.php\\\/2022\\\/08\\\/22\\\/presentan-amparo-a-nombre-de-murillo-karam-ordenan-cuidar-su-vida-y-salud\\\/\",\"name\":\"Presentan amparo a nombre de Murillo Karam; ordenan cuidar su vida y salud - Fuentes Fidedignas\",\"isPartOf\":{\"@id\":\"https:\\\/\\\/fuentesfidedignas.com.mx\\\/#website\"},\"primaryImageOfPage\":{\"@id\":\"https:\\\/\\\/fuentesfidedignas.com.mx\\\/index.php\\\/2022\\\/08\\\/22\\\/presentan-amparo-a-nombre-de-murillo-karam-ordenan-cuidar-su-vida-y-salud\\\/#primaryimage\"},\"image\":{\"@id\":\"https:\\\/\\\/fuentesfidedignas.com.mx\\\/index.php\\\/2022\\\/08\\\/22\\\/presentan-amparo-a-nombre-de-murillo-karam-ordenan-cuidar-su-vida-y-salud\\\/#primaryimage\"},\"thumbnailUrl\":\"https:\\\/\\\/fuentesfidedignas.com.mx\\\/wp-content\\\/uploads\\\/2022\\\/08\\\/Reuters-Murillo-conferencia-640x400-1.jpg\",\"datePublished\":\"2022-08-22T19:20:22+00:00\",\"dateModified\":\"2022-08-22T19:20:23+00:00\",\"breadcrumb\":{\"@id\":\"https:\\\/\\\/fuentesfidedignas.com.mx\\\/index.php\\\/2022\\\/08\\\/22\\\/presentan-amparo-a-nombre-de-murillo-karam-ordenan-cuidar-su-vida-y-salud\\\/#breadcrumb\"},\"inLanguage\":\"es\",\"potentialAction\":[{\"@type\":\"ReadAction\",\"target\":[\"https:\\\/\\\/fuentesfidedignas.com.mx\\\/index.php\\\/2022\\\/08\\\/22\\\/presentan-amparo-a-nombre-de-murillo-karam-ordenan-cuidar-su-vida-y-salud\\\/\"]}]},{\"@type\":\"ImageObject\",\"inLanguage\":\"es\",\"@id\":\"https:\\\/\\\/fuentesfidedignas.com.mx\\\/index.php\\\/2022\\\/08\\\/22\\\/presentan-amparo-a-nombre-de-murillo-karam-ordenan-cuidar-su-vida-y-salud\\\/#primaryimage\",\"url\":\"https:\\\/\\\/fuentesfidedignas.com.mx\\\/wp-content\\\/uploads\\\/2022\\\/08\\\/Reuters-Murillo-conferencia-640x400-1.jpg\",\"contentUrl\":\"https:\\\/\\\/fuentesfidedignas.com.mx\\\/wp-content\\\/uploads\\\/2022\\\/08\\\/Reuters-Murillo-conferencia-640x400-1.jpg\",\"width\":640,\"height\":400},{\"@type\":\"BreadcrumbList\",\"@id\":\"https:\\\/\\\/fuentesfidedignas.com.mx\\\/index.php\\\/2022\\\/08\\\/22\\\/presentan-amparo-a-nombre-de-murillo-karam-ordenan-cuidar-su-vida-y-salud\\\/#breadcrumb\",\"itemListElement\":[{\"@type\":\"ListItem\",\"position\":1,\"name\":\"Inicio\",\"item\":\"https:\\\/\\\/fuentesfidedignas.com.mx\\\/\"},{\"@type\":\"ListItem\",\"position\":2,\"name\":\"Presentan amparo a nombre de Murillo Karam; ordenan cuidar su vida y salud\"}]},{\"@type\":\"WebSite\",\"@id\":\"https:\\\/\\\/fuentesfidedignas.com.mx\\\/#website\",\"url\":\"https:\\\/\\\/fuentesfidedignas.com.mx\\\/\",\"name\":\"Fuentes Fidedignas\",\"description\":\"Otro sitio realizado con WordPress\",\"publisher\":{\"@id\":\"https:\\\/\\\/fuentesfidedignas.com.mx\\\/#organization\"},\"potentialAction\":[{\"@type\":\"SearchAction\",\"target\":{\"@type\":\"EntryPoint\",\"urlTemplate\":\"https:\\\/\\\/fuentesfidedignas.com.mx\\\/?s={search_term_string}\"},\"query-input\":{\"@type\":\"PropertyValueSpecification\",\"valueRequired\":true,\"valueName\":\"search_term_string\"}}],\"inLanguage\":\"es\"},{\"@type\":\"Organization\",\"@id\":\"https:\\\/\\\/fuentesfidedignas.com.mx\\\/#organization\",\"name\":\"Fuentes Fidedignas\",\"url\":\"https:\\\/\\\/fuentesfidedignas.com.mx\\\/\",\"logo\":{\"@type\":\"ImageObject\",\"inLanguage\":\"es\",\"@id\":\"https:\\\/\\\/fuentesfidedignas.com.mx\\\/#\\\/schema\\\/logo\\\/image\\\/\",\"url\":\"https:\\\/\\\/fuentesfidedignas.com.mx\\\/wp-content\\\/uploads\\\/2021\\\/04\\\/logo-retina.png\",\"contentUrl\":\"https:\\\/\\\/fuentesfidedignas.com.mx\\\/wp-content\\\/uploads\\\/2021\\\/04\\\/logo-retina.png\",\"width\":280,\"height\":51,\"caption\":\"Fuentes Fidedignas\"},\"image\":{\"@id\":\"https:\\\/\\\/fuentesfidedignas.com.mx\\\/#\\\/schema\\\/logo\\\/image\\\/\"},\"sameAs\":[\"https:\\\/\\\/www.facebook.com\\\/Fuentes-Fidedignas-368234489921644\",\"https:\\\/\\\/x.com\\\/fidedignas\"]},{\"@type\":\"Person\",\"@id\":\"https:\\\/\\\/fuentesfidedignas.com.mx\\\/#\\\/schema\\\/person\\\/5623d53fe2e579d825b1679734abcc44\",\"name\":\"Forbes\",\"image\":{\"@type\":\"ImageObject\",\"inLanguage\":\"es\",\"@id\":\"https:\\\/\\\/secure.gravatar.com\\\/avatar\\\/87ce3dd4e41e60c22a79c758614f01a6bc2469255fc936ec7b15efb9bb5cb66f?s=96&d=mm&r=g\",\"url\":\"https:\\\/\\\/secure.gravatar.com\\\/avatar\\\/87ce3dd4e41e60c22a79c758614f01a6bc2469255fc936ec7b15efb9bb5cb66f?s=96&d=mm&r=g\",\"contentUrl\":\"https:\\\/\\\/secure.gravatar.com\\\/avatar\\\/87ce3dd4e41e60c22a79c758614f01a6bc2469255fc936ec7b15efb9bb5cb66f?s=96&d=mm&r=g\",\"caption\":\"Forbes\"},\"url\":\"https:\\\/\\\/fuentesfidedignas.com.mx\\\/index.php\\\/author\\\/forbes\\\/\"}]}<\/script>\n<!-- \/ Yoast SEO plugin. -->","yoast_head_json":{"title":"Presentan amparo a nombre de Murillo Karam; ordenan cuidar su vida y salud - Fuentes Fidedignas","robots":{"index":"index","follow":"follow","max-snippet":"max-snippet:-1","max-image-preview":"max-image-preview:large","max-video-preview":"max-video-preview:-1"},"canonical":"https:\/\/fuentesfidedignas.com.mx\/index.php\/2022\/08\/22\/presentan-amparo-a-nombre-de-murillo-karam-ordenan-cuidar-su-vida-y-salud\/","og_locale":"es_MX","og_type":"article","og_title":"Presentan amparo a nombre de Murillo Karam; ordenan cuidar su vida y salud - Fuentes Fidedignas","og_description":"Un juez exigi\u00f3 al director del Reclusorio Norte de medidas de prevenci\u00f3n a favor de Jes\u00fas Murillo Karam, quien est\u00e1 en prisi\u00f3n preventiva por el caso Ayotzinapa Ciudad de M\u00e9xico.- Jes\u00fas Murillo Karam, procurador General de la Rep\u00fablica (PGR), recibir\u00e1 la atenci\u00f3n m\u00e9dica necesaria para que no se contagie de Covid-19, as\u00ed como le garantizar\u00e1n [&hellip;]","og_url":"https:\/\/fuentesfidedignas.com.mx\/index.php\/2022\/08\/22\/presentan-amparo-a-nombre-de-murillo-karam-ordenan-cuidar-su-vida-y-salud\/","og_site_name":"Fuentes Fidedignas","article_publisher":"https:\/\/www.facebook.com\/Fuentes-Fidedignas-368234489921644","article_published_time":"2022-08-22T19:20:22+00:00","article_modified_time":"2022-08-22T19:20:23+00:00","og_image":[{"width":640,"height":400,"url":"https:\/\/fuentesfidedignas.com.mx\/wp-content\/uploads\/2022\/08\/Reuters-Murillo-conferencia-640x400-1.jpg","type":"image\/jpeg"}],"author":"Forbes","twitter_card":"summary_large_image","twitter_creator":"@fidedignas","twitter_site":"@fidedignas","twitter_misc":{"Escrito por":"Forbes","Tiempo de lectura":"3 minutos"},"schema":{"@context":"https:\/\/schema.org","@graph":[{"@type":"Article","@id":"https:\/\/fuentesfidedignas.com.mx\/index.php\/2022\/08\/22\/presentan-amparo-a-nombre-de-murillo-karam-ordenan-cuidar-su-vida-y-salud\/#article","isPartOf":{"@id":"https:\/\/fuentesfidedignas.com.mx\/index.php\/2022\/08\/22\/presentan-amparo-a-nombre-de-murillo-karam-ordenan-cuidar-su-vida-y-salud\/"},"author":{"name":"Forbes","@id":"https:\/\/fuentesfidedignas.com.mx\/#\/schema\/person\/5623d53fe2e579d825b1679734abcc44"},"headline":"Presentan amparo a nombre de Murillo Karam; ordenan cuidar su vida y salud","datePublished":"2022-08-22T19:20:22+00:00","dateModified":"2022-08-22T19:20:23+00:00","mainEntityOfPage":{"@id":"https:\/\/fuentesfidedignas.com.mx\/index.php\/2022\/08\/22\/presentan-amparo-a-nombre-de-murillo-karam-ordenan-cuidar-su-vida-y-salud\/"},"wordCount":565,"commentCount":0,"publisher":{"@id":"https:\/\/fuentesfidedignas.com.mx\/#organization"},"image":{"@id":"https:\/\/fuentesfidedignas.com.mx\/index.php\/2022\/08\/22\/presentan-amparo-a-nombre-de-murillo-karam-ordenan-cuidar-su-vida-y-salud\/#primaryimage"},"thumbnailUrl":"https:\/\/fuentesfidedignas.com.mx\/wp-content\/uploads\/2022\/08\/Reuters-Murillo-conferencia-640x400-1.jpg","articleSection":["NOTICIAS NACIONALES"],"inLanguage":"es","potentialAction":[{"@type":"CommentAction","name":"Comment","target":["https:\/\/fuentesfidedignas.com.mx\/index.php\/2022\/08\/22\/presentan-amparo-a-nombre-de-murillo-karam-ordenan-cuidar-su-vida-y-salud\/#respond"]}]},{"@type":"WebPage","@id":"https:\/\/fuentesfidedignas.com.mx\/index.php\/2022\/08\/22\/presentan-amparo-a-nombre-de-murillo-karam-ordenan-cuidar-su-vida-y-salud\/","url":"https:\/\/fuentesfidedignas.com.mx\/index.php\/2022\/08\/22\/presentan-amparo-a-nombre-de-murillo-karam-ordenan-cuidar-su-vida-y-salud\/","name":"Presentan amparo a nombre de Murillo Karam; ordenan cuidar su vida y salud - Fuentes Fidedignas","isPartOf":{"@id":"https:\/\/fuentesfidedignas.com.mx\/#website"},"primaryImageOfPage":{"@id":"https:\/\/fuentesfidedignas.com.mx\/index.php\/2022\/08\/22\/presentan-amparo-a-nombre-de-murillo-karam-ordenan-cuidar-su-vida-y-salud\/#primaryimage"},"image":{"@id":"https:\/\/fuentesfidedignas.com.mx\/index.php\/2022\/08\/22\/presentan-amparo-a-nombre-de-murillo-karam-ordenan-cuidar-su-vida-y-salud\/#primaryimage"},"thumbnailUrl":"https:\/\/fuentesfidedignas.com.mx\/wp-content\/uploads\/2022\/08\/Reuters-Murillo-conferencia-640x400-1.jpg","datePublished":"2022-08-22T19:20:22+00:00","dateModified":"2022-08-22T19:20:23+00:00","breadcrumb":{"@id":"https:\/\/fuentesfidedignas.com.mx\/index.php\/2022\/08\/22\/presentan-amparo-a-nombre-de-murillo-karam-ordenan-cuidar-su-vida-y-salud\/#breadcrumb"},"inLanguage":"es","potentialAction":[{"@type":"ReadAction","target":["https:\/\/fuentesfidedignas.com.mx\/index.php\/2022\/08\/22\/presentan-amparo-a-nombre-de-murillo-karam-ordenan-cuidar-su-vida-y-salud\/"]}]},{"@type":"ImageObject","inLanguage":"es","@id":"https:\/\/fuentesfidedignas.com.mx\/index.php\/2022\/08\/22\/presentan-amparo-a-nombre-de-murillo-karam-ordenan-cuidar-su-vida-y-salud\/#primaryimage","url":"https:\/\/fuentesfidedignas.com.mx\/wp-content\/uploads\/2022\/08\/Reuters-Murillo-conferencia-640x400-1.jpg","contentUrl":"https:\/\/fuentesfidedignas.com.mx\/wp-content\/uploads\/2022\/08\/Reuters-Murillo-conferencia-640x400-1.jpg","width":640,"height":400},{"@type":"BreadcrumbList","@id":"https:\/\/fuentesfidedignas.com.mx\/index.php\/2022\/08\/22\/presentan-amparo-a-nombre-de-murillo-karam-ordenan-cuidar-su-vida-y-salud\/#breadcrumb","itemListElement":[{"@type":"ListItem","position":1,"name":"Inicio","item":"https:\/\/fuentesfidedignas.com.mx\/"},{"@type":"ListItem","position":2,"name":"Presentan amparo a nombre de Murillo Karam; ordenan cuidar su vida y salud"}]},{"@type":"WebSite","@id":"https:\/\/fuentesfidedignas.com.mx\/#website","url":"https:\/\/fuentesfidedignas.com.mx\/","name":"Fuentes Fidedignas","description":"Otro sitio realizado con WordPress","publisher":{"@id":"https:\/\/fuentesfidedignas.com.mx\/#organization"},"potentialAction":[{"@type":"SearchAction","target":{"@type":"EntryPoint","urlTemplate":"https:\/\/fuentesfidedignas.com.mx\/?s={search_term_string}"},"query-input":{"@type":"PropertyValueSpecification","valueRequired":true,"valueName":"search_term_string"}}],"inLanguage":"es"},{"@type":"Organization","@id":"https:\/\/fuentesfidedignas.com.mx\/#organization","name":"Fuentes Fidedignas","url":"https:\/\/fuentesfidedignas.com.mx\/","logo":{"@type":"ImageObject","inLanguage":"es","@id":"https:\/\/fuentesfidedignas.com.mx\/#\/schema\/logo\/image\/","url":"https:\/\/fuentesfidedignas.com.mx\/wp-content\/uploads\/2021\/04\/logo-retina.png","contentUrl":"https:\/\/fuentesfidedignas.com.mx\/wp-content\/uploads\/2021\/04\/logo-retina.png","width":280,"height":51,"caption":"Fuentes Fidedignas"},"image":{"@id":"https:\/\/fuentesfidedignas.com.mx\/#\/schema\/logo\/image\/"},"sameAs":["https:\/\/www.facebook.com\/Fuentes-Fidedignas-368234489921644","https:\/\/x.com\/fidedignas"]},{"@type":"Person","@id":"https:\/\/fuentesfidedignas.com.mx\/#\/schema\/person\/5623d53fe2e579d825b1679734abcc44","name":"Forbes","image":{"@type":"ImageObject","inLanguage":"es","@id":"https:\/\/secure.gravatar.com\/avatar\/87ce3dd4e41e60c22a79c758614f01a6bc2469255fc936ec7b15efb9bb5cb66f?s=96&d=mm&r=g","url":"https:\/\/secure.gravatar.com\/avatar\/87ce3dd4e41e60c22a79c758614f01a6bc2469255fc936ec7b15efb9bb5cb66f?s=96&d=mm&r=g","contentUrl":"https:\/\/secure.gravatar.com\/avatar\/87ce3dd4e41e60c22a79c758614f01a6bc2469255fc936ec7b15efb9bb5cb66f?s=96&d=mm&r=g","caption":"Forbes"},"url":"https:\/\/fuentesfidedignas.com.mx\/index.php\/author\/forbes\/"}]}},"_links":{"self":[{"href":"https:\/\/fuentesfidedignas.com.mx\/index.php\/wp-json\/wp\/v2\/posts\/40528","targetHints":{"allow":["GET"]}}],"collection":[{"href":"https:\/\/fuentesfidedignas.com.mx\/index.php\/wp-json\/wp\/v2\/posts"}],"about":[{"href":"https:\/\/fuentesfidedignas.com.mx\/index.php\/wp-json\/wp\/v2\/types\/post"}],"author":[{"embeddable":true,"href":"https:\/\/fuentesfidedignas.com.mx\/index.php\/wp-json\/wp\/v2\/users\/5"}],"replies":[{"embeddable":true,"href":"https:\/\/fuentesfidedignas.com.mx\/index.php\/wp-json\/wp\/v2\/comments?post=40528"}],"version-history":[{"count":1,"href":"https:\/\/fuentesfidedignas.com.mx\/index.php\/wp-json\/wp\/v2\/posts\/40528\/revisions"}],"predecessor-version":[{"id":40532,"href":"https:\/\/fuentesfidedignas.com.mx\/index.php\/wp-json\/wp\/v2\/posts\/40528\/revisions\/40532"}],"wp:featuredmedia":[{"embeddable":true,"href":"https:\/\/fuentesfidedignas.com.mx\/index.php\/wp-json\/wp\/v2\/media\/40531"}],"wp:attachment":[{"href":"https:\/\/fuentesfidedignas.com.mx\/index.php\/wp-json\/wp\/v2\/media?parent=40528"}],"wp:term":[{"taxonomy":"category","embeddable":true,"href":"https:\/\/fuentesfidedignas.com.mx\/index.php\/wp-json\/wp\/v2\/categories?post=40528"},{"taxonomy":"post_tag","embeddable":true,"href":"https:\/\/fuentesfidedignas.com.mx\/index.php\/wp-json\/wp\/v2\/tags?post=40528"}],"curies":[{"name":"wp","href":"https:\/\/api.w.org\/{rel}","templated":true}]}}