{"id":40527,"date":"2022-08-22T13:19:19","date_gmt":"2022-08-22T19:19:19","guid":{"rendered":"https:\/\/fuentesfidedignas.com.mx\/?p=40527"},"modified":"2022-08-22T13:19:21","modified_gmt":"2022-08-22T19:19:21","slug":"recaudado-por-legalizacion-de-vehiculos-sera-para-carreteras-y-vialidades","status":"publish","type":"post","link":"https:\/\/fuentesfidedignas.com.mx\/index.php\/2022\/08\/22\/recaudado-por-legalizacion-de-vehiculos-sera-para-carreteras-y-vialidades\/","title":{"rendered":"Recaudado por legalizaci\u00f3n de veh\u00edculos ser\u00e1 para carreteras y vialidades"},"content":{"rendered":"\n<p><strong><em>El gobernador del estado inform\u00f3 que se han recaudado a la fecha 131 millones de pesos<\/em><\/strong><\/p>\n\n\n\n<p>Culiac\u00e1n, Sin.- El gobernador <strong>Rub\u00e9n Rocha Moya <\/strong>dio a conocer que el dinero recaudado por la legalizaci\u00f3n de veh\u00edculos usados de procedencia extranjera, conocidos coloquialmente como \u201c<em>autos chocolate<\/em>\u201d, se destinar\u00e1 para la rehabilitaci\u00f3n de carreteras afectadas por las lluvias y en la pavimentaci\u00f3n de calles en comunidades en todos los municipios.<\/p>\n\n\n\n<p>Esto lo dio a conocer durante su <strong>Conferencia Semanera <\/strong>desde el Auditorio de Palacio de Gobierno, donde se hizo acompa\u00f1ar por el secretario general de Gobierno, <strong>Enrique Inzunza C\u00e1zarez<\/strong>, quien inform\u00f3 que a la fecha se han regularizado 30 mil de estos veh\u00edculos, con una recaudaci\u00f3n de 131 millones de pesos, de los cuales 56 millones de pesos corresponden al \u00e1mbito estatal por el emplacamiento y los restantes 75 millones de pesos a la Federaci\u00f3n por el tr\u00e1mite de registro.<\/p>\n\n\n\n<p>El secretario Inzunza a\u00f1adi\u00f3 que se tienen 7 mil 400 citas disponibles y 7 mil 300 citas ya agendadas, en 17 municipios donde se cuenta con m\u00f3dulos para la regularizaci\u00f3n de los \u201c<em>autos chocolate<\/em>\u201d, restando s\u00f3lo Choix.<\/p>\n\n\n\n<p>A su vez, el gobernador Rocha dio a conocer que ya gestion\u00f3 ante la Federaci\u00f3n para que los 75 millones de pesos recaudados por el registro de los veh\u00edculos en el padr\u00f3n nacional, se regresen a Sinaloa para destinar esos recursos al mejoramiento de carreteras y de calles en todos los municipios.<\/p>\n\n\n\n<p><em>\u201cLes informo que los 75 millones que se van a la Federaci\u00f3n los estamos documentando para que regresen aqu\u00ed porque los vamos a usar para carretera, para bacheo para los municipios, va a llegar ese recurso de manera proporcional para cada municipio, eso nos va a permitir que en cada municipio tengamos una obra, algunas m\u00e1s grandecitas, otras m\u00e1s chiquitas, pero eso nos ayuda para ayudarles en Gobierno del Estado, pero es una buena cantidad que vamos a invertir sobre todo en el mejoramiento de carreteras, de calles en las ciudades y de las comunidades que tienen pavimento o que tienen necesidad de ser atendidos<\/em>\u201d, dijo.<\/p>\n\n\n\n<p>Por \u00faltimo, el secretario Inzunza, a pregunta expresa de los medios de comunicaci\u00f3n, explic\u00f3 que el plazo para regularizar los veh\u00edculos se mantendr\u00e1 abierto mientras haya demanda, y aprovech\u00f3 para invitar a sus propietarios a no esperar que pase m\u00e1s tiempo para solicitar su cita.<\/p>\n","protected":false},"excerpt":{"rendered":"<p>El gobernador del estado inform\u00f3 que se han recaudado a la fecha 131 millones de pesos Culiac\u00e1n, Sin.- El gobernador Rub\u00e9n Rocha Moya dio a conocer que el dinero recaudado por la legalizaci\u00f3n de veh\u00edculos usados de procedencia extranjera, conocidos coloquialmente como \u201cautos chocolate\u201d, se destinar\u00e1 para la rehabilitaci\u00f3n de carreteras afectadas por las lluvias [&hellip;]<\/p>\n","protected":false},"author":4,"featured_media":40529,"comment_status":"open","ping_status":"open","sticky":false,"template":"","format":"standard","meta":{"tdm_status":"","tdm_grid_status":"","footnotes":""},"categories":[38],"tags":[],"class_list":{"0":"post-40527","1":"post","2":"type-post","3":"status-publish","4":"format-standard","5":"has-post-thumbnail","7":"category-noticias-locales"},"yoast_head":"<!-- This site is optimized with the Yoast SEO plugin v27.5 - https:\/\/yoast.com\/product\/yoast-seo-wordpress\/ -->\n<title>Recaudado por legalizaci\u00f3n de veh\u00edculos ser\u00e1 para carreteras y vialidades - Fuentes Fidedignas<\/title>\n<meta name=\"robots\" content=\"index, follow, max-snippet:-1, max-image-preview:large, max-video-preview:-1\" \/>\n<link rel=\"canonical\" href=\"https:\/\/fuentesfidedignas.com.mx\/index.php\/2022\/08\/22\/recaudado-por-legalizacion-de-vehiculos-sera-para-carreteras-y-vialidades\/\" \/>\n<meta property=\"og:locale\" content=\"es_MX\" \/>\n<meta property=\"og:type\" content=\"article\" \/>\n<meta property=\"og:title\" content=\"Recaudado por legalizaci\u00f3n de veh\u00edculos ser\u00e1 para carreteras y vialidades - Fuentes Fidedignas\" \/>\n<meta property=\"og:description\" content=\"El gobernador del estado inform\u00f3 que se han recaudado a la fecha 131 millones de pesos Culiac\u00e1n, Sin.- El gobernador Rub\u00e9n Rocha Moya dio a conocer que el dinero recaudado por la legalizaci\u00f3n de veh\u00edculos usados de procedencia extranjera, conocidos coloquialmente como \u201cautos chocolate\u201d, se destinar\u00e1 para la rehabilitaci\u00f3n de carreteras afectadas por las lluvias [&hellip;]\" \/>\n<meta property=\"og:url\" content=\"https:\/\/fuentesfidedignas.com.mx\/index.php\/2022\/08\/22\/recaudado-por-legalizacion-de-vehiculos-sera-para-carreteras-y-vialidades\/\" \/>\n<meta property=\"og:site_name\" content=\"Fuentes Fidedignas\" \/>\n<meta property=\"article:publisher\" content=\"https:\/\/www.facebook.com\/Fuentes-Fidedignas-368234489921644\" \/>\n<meta property=\"article:published_time\" content=\"2022-08-22T19:19:19+00:00\" \/>\n<meta property=\"article:modified_time\" content=\"2022-08-22T19:19:21+00:00\" \/>\n<meta property=\"og:image\" content=\"https:\/\/fuentesfidedignas.com.mx\/wp-content\/uploads\/2022\/08\/recaudado.jpg\" \/>\n\t<meta property=\"og:image:width\" content=\"1280\" \/>\n\t<meta property=\"og:image:height\" content=\"852\" \/>\n\t<meta property=\"og:image:type\" content=\"image\/jpeg\" \/>\n<meta name=\"author\" content=\"Redacci\u00f3n\" \/>\n<meta name=\"twitter:card\" content=\"summary_large_image\" \/>\n<meta name=\"twitter:creator\" content=\"@fidedignas\" \/>\n<meta name=\"twitter:site\" content=\"@fidedignas\" \/>\n<meta name=\"twitter:label1\" content=\"Escrito por\" \/>\n\t<meta name=\"twitter:data1\" content=\"Redacci\u00f3n\" \/>\n\t<meta name=\"twitter:label2\" content=\"Tiempo de lectura\" \/>\n\t<meta name=\"twitter:data2\" content=\"2 minutos\" \/>\n<script type=\"application\/ld+json\" class=\"yoast-schema-graph\">{\"@context\":\"https:\\\/\\\/schema.org\",\"@graph\":[{\"@type\":\"Article\",\"@id\":\"https:\\\/\\\/fuentesfidedignas.com.mx\\\/index.php\\\/2022\\\/08\\\/22\\\/recaudado-por-legalizacion-de-vehiculos-sera-para-carreteras-y-vialidades\\\/#article\",\"isPartOf\":{\"@id\":\"https:\\\/\\\/fuentesfidedignas.com.mx\\\/index.php\\\/2022\\\/08\\\/22\\\/recaudado-por-legalizacion-de-vehiculos-sera-para-carreteras-y-vialidades\\\/\"},\"author\":{\"name\":\"Redacci\u00f3n\",\"@id\":\"https:\\\/\\\/fuentesfidedignas.com.mx\\\/#\\\/schema\\\/person\\\/331be9283d37198e2acd5750279085b0\"},\"headline\":\"Recaudado por legalizaci\u00f3n de veh\u00edculos ser\u00e1 para carreteras y vialidades\",\"datePublished\":\"2022-08-22T19:19:19+00:00\",\"dateModified\":\"2022-08-22T19:19:21+00:00\",\"mainEntityOfPage\":{\"@id\":\"https:\\\/\\\/fuentesfidedignas.com.mx\\\/index.php\\\/2022\\\/08\\\/22\\\/recaudado-por-legalizacion-de-vehiculos-sera-para-carreteras-y-vialidades\\\/\"},\"wordCount\":413,\"commentCount\":0,\"publisher\":{\"@id\":\"https:\\\/\\\/fuentesfidedignas.com.mx\\\/#organization\"},\"image\":{\"@id\":\"https:\\\/\\\/fuentesfidedignas.com.mx\\\/index.php\\\/2022\\\/08\\\/22\\\/recaudado-por-legalizacion-de-vehiculos-sera-para-carreteras-y-vialidades\\\/#primaryimage\"},\"thumbnailUrl\":\"https:\\\/\\\/fuentesfidedignas.com.mx\\\/wp-content\\\/uploads\\\/2022\\\/08\\\/recaudado.jpg\",\"articleSection\":[\"NOTICIAS LOCALES\"],\"inLanguage\":\"es\",\"potentialAction\":[{\"@type\":\"CommentAction\",\"name\":\"Comment\",\"target\":[\"https:\\\/\\\/fuentesfidedignas.com.mx\\\/index.php\\\/2022\\\/08\\\/22\\\/recaudado-por-legalizacion-de-vehiculos-sera-para-carreteras-y-vialidades\\\/#respond\"]}]},{\"@type\":\"WebPage\",\"@id\":\"https:\\\/\\\/fuentesfidedignas.com.mx\\\/index.php\\\/2022\\\/08\\\/22\\\/recaudado-por-legalizacion-de-vehiculos-sera-para-carreteras-y-vialidades\\\/\",\"url\":\"https:\\\/\\\/fuentesfidedignas.com.mx\\\/index.php\\\/2022\\\/08\\\/22\\\/recaudado-por-legalizacion-de-vehiculos-sera-para-carreteras-y-vialidades\\\/\",\"name\":\"Recaudado por legalizaci\u00f3n de veh\u00edculos ser\u00e1 para carreteras y vialidades - Fuentes Fidedignas\",\"isPartOf\":{\"@id\":\"https:\\\/\\\/fuentesfidedignas.com.mx\\\/#website\"},\"primaryImageOfPage\":{\"@id\":\"https:\\\/\\\/fuentesfidedignas.com.mx\\\/index.php\\\/2022\\\/08\\\/22\\\/recaudado-por-legalizacion-de-vehiculos-sera-para-carreteras-y-vialidades\\\/#primaryimage\"},\"image\":{\"@id\":\"https:\\\/\\\/fuentesfidedignas.com.mx\\\/index.php\\\/2022\\\/08\\\/22\\\/recaudado-por-legalizacion-de-vehiculos-sera-para-carreteras-y-vialidades\\\/#primaryimage\"},\"thumbnailUrl\":\"https:\\\/\\\/fuentesfidedignas.com.mx\\\/wp-content\\\/uploads\\\/2022\\\/08\\\/recaudado.jpg\",\"datePublished\":\"2022-08-22T19:19:19+00:00\",\"dateModified\":\"2022-08-22T19:19:21+00:00\",\"breadcrumb\":{\"@id\":\"https:\\\/\\\/fuentesfidedignas.com.mx\\\/index.php\\\/2022\\\/08\\\/22\\\/recaudado-por-legalizacion-de-vehiculos-sera-para-carreteras-y-vialidades\\\/#breadcrumb\"},\"inLanguage\":\"es\",\"potentialAction\":[{\"@type\":\"ReadAction\",\"target\":[\"https:\\\/\\\/fuentesfidedignas.com.mx\\\/index.php\\\/2022\\\/08\\\/22\\\/recaudado-por-legalizacion-de-vehiculos-sera-para-carreteras-y-vialidades\\\/\"]}]},{\"@type\":\"ImageObject\",\"inLanguage\":\"es\",\"@id\":\"https:\\\/\\\/fuentesfidedignas.com.mx\\\/index.php\\\/2022\\\/08\\\/22\\\/recaudado-por-legalizacion-de-vehiculos-sera-para-carreteras-y-vialidades\\\/#primaryimage\",\"url\":\"https:\\\/\\\/fuentesfidedignas.com.mx\\\/wp-content\\\/uploads\\\/2022\\\/08\\\/recaudado.jpg\",\"contentUrl\":\"https:\\\/\\\/fuentesfidedignas.com.mx\\\/wp-content\\\/uploads\\\/2022\\\/08\\\/recaudado.jpg\",\"width\":1280,\"height\":852},{\"@type\":\"BreadcrumbList\",\"@id\":\"https:\\\/\\\/fuentesfidedignas.com.mx\\\/index.php\\\/2022\\\/08\\\/22\\\/recaudado-por-legalizacion-de-vehiculos-sera-para-carreteras-y-vialidades\\\/#breadcrumb\",\"itemListElement\":[{\"@type\":\"ListItem\",\"position\":1,\"name\":\"Inicio\",\"item\":\"https:\\\/\\\/fuentesfidedignas.com.mx\\\/\"},{\"@type\":\"ListItem\",\"position\":2,\"name\":\"Recaudado por legalizaci\u00f3n de veh\u00edculos ser\u00e1 para carreteras y vialidades\"}]},{\"@type\":\"WebSite\",\"@id\":\"https:\\\/\\\/fuentesfidedignas.com.mx\\\/#website\",\"url\":\"https:\\\/\\\/fuentesfidedignas.com.mx\\\/\",\"name\":\"Fuentes Fidedignas\",\"description\":\"Otro sitio realizado con WordPress\",\"publisher\":{\"@id\":\"https:\\\/\\\/fuentesfidedignas.com.mx\\\/#organization\"},\"potentialAction\":[{\"@type\":\"SearchAction\",\"target\":{\"@type\":\"EntryPoint\",\"urlTemplate\":\"https:\\\/\\\/fuentesfidedignas.com.mx\\\/?s={search_term_string}\"},\"query-input\":{\"@type\":\"PropertyValueSpecification\",\"valueRequired\":true,\"valueName\":\"search_term_string\"}}],\"inLanguage\":\"es\"},{\"@type\":\"Organization\",\"@id\":\"https:\\\/\\\/fuentesfidedignas.com.mx\\\/#organization\",\"name\":\"Fuentes Fidedignas\",\"url\":\"https:\\\/\\\/fuentesfidedignas.com.mx\\\/\",\"logo\":{\"@type\":\"ImageObject\",\"inLanguage\":\"es\",\"@id\":\"https:\\\/\\\/fuentesfidedignas.com.mx\\\/#\\\/schema\\\/logo\\\/image\\\/\",\"url\":\"https:\\\/\\\/fuentesfidedignas.com.mx\\\/wp-content\\\/uploads\\\/2021\\\/04\\\/logo-retina.png\",\"contentUrl\":\"https:\\\/\\\/fuentesfidedignas.com.mx\\\/wp-content\\\/uploads\\\/2021\\\/04\\\/logo-retina.png\",\"width\":280,\"height\":51,\"caption\":\"Fuentes Fidedignas\"},\"image\":{\"@id\":\"https:\\\/\\\/fuentesfidedignas.com.mx\\\/#\\\/schema\\\/logo\\\/image\\\/\"},\"sameAs\":[\"https:\\\/\\\/www.facebook.com\\\/Fuentes-Fidedignas-368234489921644\",\"https:\\\/\\\/x.com\\\/fidedignas\"]},{\"@type\":\"Person\",\"@id\":\"https:\\\/\\\/fuentesfidedignas.com.mx\\\/#\\\/schema\\\/person\\\/331be9283d37198e2acd5750279085b0\",\"name\":\"Redacci\u00f3n\",\"image\":{\"@type\":\"ImageObject\",\"inLanguage\":\"es\",\"@id\":\"https:\\\/\\\/secure.gravatar.com\\\/avatar\\\/f6d8782c11d12b2d4ad3fbb6931aeab5309937a4d6cd2fc9cfaa28a6396a5aec?s=96&d=mm&r=g\",\"url\":\"https:\\\/\\\/secure.gravatar.com\\\/avatar\\\/f6d8782c11d12b2d4ad3fbb6931aeab5309937a4d6cd2fc9cfaa28a6396a5aec?s=96&d=mm&r=g\",\"contentUrl\":\"https:\\\/\\\/secure.gravatar.com\\\/avatar\\\/f6d8782c11d12b2d4ad3fbb6931aeab5309937a4d6cd2fc9cfaa28a6396a5aec?s=96&d=mm&r=g\",\"caption\":\"Redacci\u00f3n\"},\"url\":\"https:\\\/\\\/fuentesfidedignas.com.mx\\\/index.php\\\/author\\\/redaccion\\\/\"}]}<\/script>\n<!-- \/ Yoast SEO plugin. -->","yoast_head_json":{"title":"Recaudado por legalizaci\u00f3n de veh\u00edculos ser\u00e1 para carreteras y vialidades - Fuentes Fidedignas","robots":{"index":"index","follow":"follow","max-snippet":"max-snippet:-1","max-image-preview":"max-image-preview:large","max-video-preview":"max-video-preview:-1"},"canonical":"https:\/\/fuentesfidedignas.com.mx\/index.php\/2022\/08\/22\/recaudado-por-legalizacion-de-vehiculos-sera-para-carreteras-y-vialidades\/","og_locale":"es_MX","og_type":"article","og_title":"Recaudado por legalizaci\u00f3n de veh\u00edculos ser\u00e1 para carreteras y vialidades - Fuentes Fidedignas","og_description":"El gobernador del estado inform\u00f3 que se han recaudado a la fecha 131 millones de pesos Culiac\u00e1n, Sin.- El gobernador Rub\u00e9n Rocha Moya dio a conocer que el dinero recaudado por la legalizaci\u00f3n de veh\u00edculos usados de procedencia extranjera, conocidos coloquialmente como \u201cautos chocolate\u201d, se destinar\u00e1 para la rehabilitaci\u00f3n de carreteras afectadas por las lluvias [&hellip;]","og_url":"https:\/\/fuentesfidedignas.com.mx\/index.php\/2022\/08\/22\/recaudado-por-legalizacion-de-vehiculos-sera-para-carreteras-y-vialidades\/","og_site_name":"Fuentes Fidedignas","article_publisher":"https:\/\/www.facebook.com\/Fuentes-Fidedignas-368234489921644","article_published_time":"2022-08-22T19:19:19+00:00","article_modified_time":"2022-08-22T19:19:21+00:00","og_image":[{"width":1280,"height":852,"url":"https:\/\/fuentesfidedignas.com.mx\/wp-content\/uploads\/2022\/08\/recaudado.jpg","type":"image\/jpeg"}],"author":"Redacci\u00f3n","twitter_card":"summary_large_image","twitter_creator":"@fidedignas","twitter_site":"@fidedignas","twitter_misc":{"Escrito por":"Redacci\u00f3n","Tiempo de lectura":"2 minutos"},"schema":{"@context":"https:\/\/schema.org","@graph":[{"@type":"Article","@id":"https:\/\/fuentesfidedignas.com.mx\/index.php\/2022\/08\/22\/recaudado-por-legalizacion-de-vehiculos-sera-para-carreteras-y-vialidades\/#article","isPartOf":{"@id":"https:\/\/fuentesfidedignas.com.mx\/index.php\/2022\/08\/22\/recaudado-por-legalizacion-de-vehiculos-sera-para-carreteras-y-vialidades\/"},"author":{"name":"Redacci\u00f3n","@id":"https:\/\/fuentesfidedignas.com.mx\/#\/schema\/person\/331be9283d37198e2acd5750279085b0"},"headline":"Recaudado por legalizaci\u00f3n de veh\u00edculos ser\u00e1 para carreteras y vialidades","datePublished":"2022-08-22T19:19:19+00:00","dateModified":"2022-08-22T19:19:21+00:00","mainEntityOfPage":{"@id":"https:\/\/fuentesfidedignas.com.mx\/index.php\/2022\/08\/22\/recaudado-por-legalizacion-de-vehiculos-sera-para-carreteras-y-vialidades\/"},"wordCount":413,"commentCount":0,"publisher":{"@id":"https:\/\/fuentesfidedignas.com.mx\/#organization"},"image":{"@id":"https:\/\/fuentesfidedignas.com.mx\/index.php\/2022\/08\/22\/recaudado-por-legalizacion-de-vehiculos-sera-para-carreteras-y-vialidades\/#primaryimage"},"thumbnailUrl":"https:\/\/fuentesfidedignas.com.mx\/wp-content\/uploads\/2022\/08\/recaudado.jpg","articleSection":["NOTICIAS LOCALES"],"inLanguage":"es","potentialAction":[{"@type":"CommentAction","name":"Comment","target":["https:\/\/fuentesfidedignas.com.mx\/index.php\/2022\/08\/22\/recaudado-por-legalizacion-de-vehiculos-sera-para-carreteras-y-vialidades\/#respond"]}]},{"@type":"WebPage","@id":"https:\/\/fuentesfidedignas.com.mx\/index.php\/2022\/08\/22\/recaudado-por-legalizacion-de-vehiculos-sera-para-carreteras-y-vialidades\/","url":"https:\/\/fuentesfidedignas.com.mx\/index.php\/2022\/08\/22\/recaudado-por-legalizacion-de-vehiculos-sera-para-carreteras-y-vialidades\/","name":"Recaudado por legalizaci\u00f3n de veh\u00edculos ser\u00e1 para carreteras y vialidades - Fuentes Fidedignas","isPartOf":{"@id":"https:\/\/fuentesfidedignas.com.mx\/#website"},"primaryImageOfPage":{"@id":"https:\/\/fuentesfidedignas.com.mx\/index.php\/2022\/08\/22\/recaudado-por-legalizacion-de-vehiculos-sera-para-carreteras-y-vialidades\/#primaryimage"},"image":{"@id":"https:\/\/fuentesfidedignas.com.mx\/index.php\/2022\/08\/22\/recaudado-por-legalizacion-de-vehiculos-sera-para-carreteras-y-vialidades\/#primaryimage"},"thumbnailUrl":"https:\/\/fuentesfidedignas.com.mx\/wp-content\/uploads\/2022\/08\/recaudado.jpg","datePublished":"2022-08-22T19:19:19+00:00","dateModified":"2022-08-22T19:19:21+00:00","breadcrumb":{"@id":"https:\/\/fuentesfidedignas.com.mx\/index.php\/2022\/08\/22\/recaudado-por-legalizacion-de-vehiculos-sera-para-carreteras-y-vialidades\/#breadcrumb"},"inLanguage":"es","potentialAction":[{"@type":"ReadAction","target":["https:\/\/fuentesfidedignas.com.mx\/index.php\/2022\/08\/22\/recaudado-por-legalizacion-de-vehiculos-sera-para-carreteras-y-vialidades\/"]}]},{"@type":"ImageObject","inLanguage":"es","@id":"https:\/\/fuentesfidedignas.com.mx\/index.php\/2022\/08\/22\/recaudado-por-legalizacion-de-vehiculos-sera-para-carreteras-y-vialidades\/#primaryimage","url":"https:\/\/fuentesfidedignas.com.mx\/wp-content\/uploads\/2022\/08\/recaudado.jpg","contentUrl":"https:\/\/fuentesfidedignas.com.mx\/wp-content\/uploads\/2022\/08\/recaudado.jpg","width":1280,"height":852},{"@type":"BreadcrumbList","@id":"https:\/\/fuentesfidedignas.com.mx\/index.php\/2022\/08\/22\/recaudado-por-legalizacion-de-vehiculos-sera-para-carreteras-y-vialidades\/#breadcrumb","itemListElement":[{"@type":"ListItem","position":1,"name":"Inicio","item":"https:\/\/fuentesfidedignas.com.mx\/"},{"@type":"ListItem","position":2,"name":"Recaudado por legalizaci\u00f3n de veh\u00edculos ser\u00e1 para carreteras y vialidades"}]},{"@type":"WebSite","@id":"https:\/\/fuentesfidedignas.com.mx\/#website","url":"https:\/\/fuentesfidedignas.com.mx\/","name":"Fuentes Fidedignas","description":"Otro sitio realizado con WordPress","publisher":{"@id":"https:\/\/fuentesfidedignas.com.mx\/#organization"},"potentialAction":[{"@type":"SearchAction","target":{"@type":"EntryPoint","urlTemplate":"https:\/\/fuentesfidedignas.com.mx\/?s={search_term_string}"},"query-input":{"@type":"PropertyValueSpecification","valueRequired":true,"valueName":"search_term_string"}}],"inLanguage":"es"},{"@type":"Organization","@id":"https:\/\/fuentesfidedignas.com.mx\/#organization","name":"Fuentes Fidedignas","url":"https:\/\/fuentesfidedignas.com.mx\/","logo":{"@type":"ImageObject","inLanguage":"es","@id":"https:\/\/fuentesfidedignas.com.mx\/#\/schema\/logo\/image\/","url":"https:\/\/fuentesfidedignas.com.mx\/wp-content\/uploads\/2021\/04\/logo-retina.png","contentUrl":"https:\/\/fuentesfidedignas.com.mx\/wp-content\/uploads\/2021\/04\/logo-retina.png","width":280,"height":51,"caption":"Fuentes Fidedignas"},"image":{"@id":"https:\/\/fuentesfidedignas.com.mx\/#\/schema\/logo\/image\/"},"sameAs":["https:\/\/www.facebook.com\/Fuentes-Fidedignas-368234489921644","https:\/\/x.com\/fidedignas"]},{"@type":"Person","@id":"https:\/\/fuentesfidedignas.com.mx\/#\/schema\/person\/331be9283d37198e2acd5750279085b0","name":"Redacci\u00f3n","image":{"@type":"ImageObject","inLanguage":"es","@id":"https:\/\/secure.gravatar.com\/avatar\/f6d8782c11d12b2d4ad3fbb6931aeab5309937a4d6cd2fc9cfaa28a6396a5aec?s=96&d=mm&r=g","url":"https:\/\/secure.gravatar.com\/avatar\/f6d8782c11d12b2d4ad3fbb6931aeab5309937a4d6cd2fc9cfaa28a6396a5aec?s=96&d=mm&r=g","contentUrl":"https:\/\/secure.gravatar.com\/avatar\/f6d8782c11d12b2d4ad3fbb6931aeab5309937a4d6cd2fc9cfaa28a6396a5aec?s=96&d=mm&r=g","caption":"Redacci\u00f3n"},"url":"https:\/\/fuentesfidedignas.com.mx\/index.php\/author\/redaccion\/"}]}},"_links":{"self":[{"href":"https:\/\/fuentesfidedignas.com.mx\/index.php\/wp-json\/wp\/v2\/posts\/40527","targetHints":{"allow":["GET"]}}],"collection":[{"href":"https:\/\/fuentesfidedignas.com.mx\/index.php\/wp-json\/wp\/v2\/posts"}],"about":[{"href":"https:\/\/fuentesfidedignas.com.mx\/index.php\/wp-json\/wp\/v2\/types\/post"}],"author":[{"embeddable":true,"href":"https:\/\/fuentesfidedignas.com.mx\/index.php\/wp-json\/wp\/v2\/users\/4"}],"replies":[{"embeddable":true,"href":"https:\/\/fuentesfidedignas.com.mx\/index.php\/wp-json\/wp\/v2\/comments?post=40527"}],"version-history":[{"count":1,"href":"https:\/\/fuentesfidedignas.com.mx\/index.php\/wp-json\/wp\/v2\/posts\/40527\/revisions"}],"predecessor-version":[{"id":40530,"href":"https:\/\/fuentesfidedignas.com.mx\/index.php\/wp-json\/wp\/v2\/posts\/40527\/revisions\/40530"}],"wp:featuredmedia":[{"embeddable":true,"href":"https:\/\/fuentesfidedignas.com.mx\/index.php\/wp-json\/wp\/v2\/media\/40529"}],"wp:attachment":[{"href":"https:\/\/fuentesfidedignas.com.mx\/index.php\/wp-json\/wp\/v2\/media?parent=40527"}],"wp:term":[{"taxonomy":"category","embeddable":true,"href":"https:\/\/fuentesfidedignas.com.mx\/index.php\/wp-json\/wp\/v2\/categories?post=40527"},{"taxonomy":"post_tag","embeddable":true,"href":"https:\/\/fuentesfidedignas.com.mx\/index.php\/wp-json\/wp\/v2\/tags?post=40527"}],"curies":[{"name":"wp","href":"https:\/\/api.w.org\/{rel}","templated":true}]}}