{"id":40503,"date":"2022-08-22T08:55:03","date_gmt":"2022-08-22T14:55:03","guid":{"rendered":"https:\/\/fuentesfidedignas.com.mx\/?p=40503"},"modified":"2022-08-22T08:55:05","modified_gmt":"2022-08-22T14:55:05","slug":"mujer-da-a-luz-a-gemelos-con-distinto-tono-de-piel-como-sucedio","status":"publish","type":"post","link":"https:\/\/fuentesfidedignas.com.mx\/index.php\/2022\/08\/22\/mujer-da-a-luz-a-gemelos-con-distinto-tono-de-piel-como-sucedio\/","title":{"rendered":"Mujer da a luz a gemelos con distinto tono de piel, \u00bfc\u00f3mo sucedi\u00f3?"},"content":{"rendered":"\n<p><strong><em>La informaci\u00f3n gen\u00e9tica de ambos padres determin\u00f3 la apariencia f\u00edsica de los beb\u00e9s<\/em><\/strong><\/p>\n\n\n\n<p>En Nottingham, Inglaterra, una mujer dio a luz a dos gemelos, pero con distintas caracter\u00edsticas f\u00edsicas. Uno de los beb\u00e9s naci\u00f3 con tez blanca y ojos verdes, mientras el otro de tez oscura y ojos marrones.<\/p>\n\n\n\n<p>Seg\u00fan la explicaci\u00f3n de los m\u00e9dicos, aunque la madre posee tez clara y ojos oscuros, este nacimiento se explica por la historia gen\u00e9tica de sus padres.<\/p>\n\n\n\n<p>Chantelle Broughton, la mujer que dio a luz a los beb\u00e9s, tiene un abuelo nigeriano, mientras que Ashton \u201cN\u201d, padre de los menores, tiene ascendencia jamaiquina y escocesa.<\/p>\n\n\n\n<p>Aunque los beb\u00e9s nacieron como gemelos, a los cuatro meses de edad ya presentan comportamientos y actitudes completamente diferentes entre ellos. Azirah, la beb\u00e9, es m\u00e1s tranquila que su hermano Ayon, quien es m\u00e1s extrovertido y casi siempre exige que le presten atenci\u00f3n.<\/p>\n\n\n\n<p>\u201cEstoy muy contenta de que hayan salido como son: nuestra peque\u00f1a familia \u00fanica\u2026<\/p>\n\n\n\n<p>\u201cLa tez de Azirah, mi hija, comenz\u00f3 a volverse m\u00e1s oscura a medida que pas\u00f3 el tiempo de su nacimiento\u201d, explic\u00f3 Broughton.<\/p>\n\n\n\n<p>Aunque la gente suele sorprenderse por las diferencias entre ambos beb\u00e9s, para Broughton esto es un motivo de humor, y afirm\u00f3 que las personas reaccionan con \u00e1nimo y alegr\u00eda cuando se enteran que ambos son hermanos.<\/p>\n\n\n\n<p>\u201cLa mayor\u00eda de las veces, la gente no quiere creerlo, pero cuando les decimos, dicen que es una locura, ya que no se ve muy a menudo. Sin embargo, no lo har\u00eda de otra manera, sin duda es \u00fanico\u201d, mencion\u00f3 la madre.<\/p>\n\n\n\n<p><strong>\u00bfPor qu\u00e9 los beb\u00e9s tuvieron diferente color de piel?<\/strong><br>El color de piel de los beb\u00e9s est\u00e1 determinado por la influencia gen\u00e9tica de sus padres. Dependiendo la cantidad de pigmento melanina en estas c\u00e9lulas, una persona tendr\u00e1 un tono de piel m\u00e1s clara o m\u00e1s oscura.<\/p>\n\n\n\n<p>La melanina, de tipo eumelanina (de color marr\u00f3n oscuro) y la feomelanina (de tendencia amarilla-rojiza), se involucran en la tonalidad de piel provocando que entre m\u00e1s eumelanina se tenga m\u00e1s oscura ser\u00e1 la piel, y mientras m\u00e1s feomelanina haya, m\u00e1s clara ser\u00e1 la tez.<\/p>\n\n\n\n<p>El tama\u00f1o, n\u00famero y distribuci\u00f3n de los melanocitos, que tambi\u00e9n contribuyen al color de piel de una persona, tambi\u00e9n afectan estas condiciones f\u00edsicas, ya que a mayor cantidad de melanocitos la piel ser\u00e1 m\u00e1s oscura, mientras que la ausencia de melanocitos produce una piel p\u00e1lida y sin pecas, seg\u00fan lo determina el sitio Primaderm.<\/p>\n","protected":false},"excerpt":{"rendered":"<p>La informaci\u00f3n gen\u00e9tica de ambos padres determin\u00f3 la apariencia f\u00edsica de los beb\u00e9s En Nottingham, Inglaterra, una mujer dio a luz a dos gemelos, pero con distintas caracter\u00edsticas f\u00edsicas. Uno de los beb\u00e9s naci\u00f3 con tez blanca y ojos verdes, mientras el otro de tez oscura y ojos marrones. Seg\u00fan la explicaci\u00f3n de los m\u00e9dicos, [&hellip;]<\/p>\n","protected":false},"author":46,"featured_media":40504,"comment_status":"open","ping_status":"open","sticky":false,"template":"","format":"standard","meta":{"tdm_status":"","tdm_grid_status":"","footnotes":""},"categories":[40],"tags":[290,193],"class_list":{"0":"post-40503","1":"post","2":"type-post","3":"status-publish","4":"format-standard","5":"has-post-thumbnail","7":"category-las-asombrosas","8":"tag-asombrosa","9":"tag-viral"},"yoast_head":"<!-- This site is optimized with the Yoast SEO plugin v27.4 - https:\/\/yoast.com\/product\/yoast-seo-wordpress\/ -->\n<title>Mujer da a luz a gemelos con distinto tono de piel, \u00bfc\u00f3mo sucedi\u00f3? - Fuentes Fidedignas<\/title>\n<meta name=\"robots\" content=\"index, follow, max-snippet:-1, max-image-preview:large, max-video-preview:-1\" \/>\n<link rel=\"canonical\" href=\"https:\/\/fuentesfidedignas.com.mx\/index.php\/2022\/08\/22\/mujer-da-a-luz-a-gemelos-con-distinto-tono-de-piel-como-sucedio\/\" \/>\n<meta property=\"og:locale\" content=\"es_MX\" \/>\n<meta property=\"og:type\" content=\"article\" \/>\n<meta property=\"og:title\" content=\"Mujer da a luz a gemelos con distinto tono de piel, \u00bfc\u00f3mo sucedi\u00f3? - Fuentes Fidedignas\" \/>\n<meta property=\"og:description\" content=\"La informaci\u00f3n gen\u00e9tica de ambos padres determin\u00f3 la apariencia f\u00edsica de los beb\u00e9s En Nottingham, Inglaterra, una mujer dio a luz a dos gemelos, pero con distintas caracter\u00edsticas f\u00edsicas. Uno de los beb\u00e9s naci\u00f3 con tez blanca y ojos verdes, mientras el otro de tez oscura y ojos marrones. Seg\u00fan la explicaci\u00f3n de los m\u00e9dicos, [&hellip;]\" \/>\n<meta property=\"og:url\" content=\"https:\/\/fuentesfidedignas.com.mx\/index.php\/2022\/08\/22\/mujer-da-a-luz-a-gemelos-con-distinto-tono-de-piel-como-sucedio\/\" \/>\n<meta property=\"og:site_name\" content=\"Fuentes Fidedignas\" \/>\n<meta property=\"article:publisher\" content=\"https:\/\/www.facebook.com\/Fuentes-Fidedignas-368234489921644\" \/>\n<meta property=\"article:published_time\" content=\"2022-08-22T14:55:03+00:00\" \/>\n<meta property=\"article:modified_time\" content=\"2022-08-22T14:55:05+00:00\" \/>\n<meta property=\"og:image\" content=\"https:\/\/fuentesfidedignas.com.mx\/wp-content\/uploads\/2022\/08\/GEMELOS.jpg\" \/>\n\t<meta property=\"og:image:width\" content=\"1266\" \/>\n\t<meta property=\"og:image:height\" content=\"714\" \/>\n\t<meta property=\"og:image:type\" content=\"image\/jpeg\" \/>\n<meta name=\"author\" content=\"Noticieros Televisa\" \/>\n<meta name=\"twitter:card\" content=\"summary_large_image\" \/>\n<meta name=\"twitter:creator\" content=\"@fidedignas\" \/>\n<meta name=\"twitter:site\" content=\"@fidedignas\" \/>\n<meta name=\"twitter:label1\" content=\"Escrito por\" \/>\n\t<meta name=\"twitter:data1\" content=\"Noticieros Televisa\" \/>\n\t<meta name=\"twitter:label2\" content=\"Tiempo de lectura\" \/>\n\t<meta name=\"twitter:data2\" content=\"2 minutos\" \/>\n<script type=\"application\/ld+json\" class=\"yoast-schema-graph\">{\"@context\":\"https:\\\/\\\/schema.org\",\"@graph\":[{\"@type\":\"Article\",\"@id\":\"https:\\\/\\\/fuentesfidedignas.com.mx\\\/index.php\\\/2022\\\/08\\\/22\\\/mujer-da-a-luz-a-gemelos-con-distinto-tono-de-piel-como-sucedio\\\/#article\",\"isPartOf\":{\"@id\":\"https:\\\/\\\/fuentesfidedignas.com.mx\\\/index.php\\\/2022\\\/08\\\/22\\\/mujer-da-a-luz-a-gemelos-con-distinto-tono-de-piel-como-sucedio\\\/\"},\"author\":{\"name\":\"Noticieros Televisa\",\"@id\":\"https:\\\/\\\/fuentesfidedignas.com.mx\\\/#\\\/schema\\\/person\\\/f030e42657a5a464a8bbd891b1aab6ee\"},\"headline\":\"Mujer da a luz a gemelos con distinto tono de piel, \u00bfc\u00f3mo sucedi\u00f3?\",\"datePublished\":\"2022-08-22T14:55:03+00:00\",\"dateModified\":\"2022-08-22T14:55:05+00:00\",\"mainEntityOfPage\":{\"@id\":\"https:\\\/\\\/fuentesfidedignas.com.mx\\\/index.php\\\/2022\\\/08\\\/22\\\/mujer-da-a-luz-a-gemelos-con-distinto-tono-de-piel-como-sucedio\\\/\"},\"wordCount\":459,\"commentCount\":0,\"publisher\":{\"@id\":\"https:\\\/\\\/fuentesfidedignas.com.mx\\\/#organization\"},\"image\":{\"@id\":\"https:\\\/\\\/fuentesfidedignas.com.mx\\\/index.php\\\/2022\\\/08\\\/22\\\/mujer-da-a-luz-a-gemelos-con-distinto-tono-de-piel-como-sucedio\\\/#primaryimage\"},\"thumbnailUrl\":\"https:\\\/\\\/fuentesfidedignas.com.mx\\\/wp-content\\\/uploads\\\/2022\\\/08\\\/GEMELOS.jpg\",\"keywords\":[\"Asombrosa\",\"Viral\"],\"articleSection\":[\"LAS ASOMBROSAS\"],\"inLanguage\":\"es\",\"potentialAction\":[{\"@type\":\"CommentAction\",\"name\":\"Comment\",\"target\":[\"https:\\\/\\\/fuentesfidedignas.com.mx\\\/index.php\\\/2022\\\/08\\\/22\\\/mujer-da-a-luz-a-gemelos-con-distinto-tono-de-piel-como-sucedio\\\/#respond\"]}]},{\"@type\":\"WebPage\",\"@id\":\"https:\\\/\\\/fuentesfidedignas.com.mx\\\/index.php\\\/2022\\\/08\\\/22\\\/mujer-da-a-luz-a-gemelos-con-distinto-tono-de-piel-como-sucedio\\\/\",\"url\":\"https:\\\/\\\/fuentesfidedignas.com.mx\\\/index.php\\\/2022\\\/08\\\/22\\\/mujer-da-a-luz-a-gemelos-con-distinto-tono-de-piel-como-sucedio\\\/\",\"name\":\"Mujer da a luz a gemelos con distinto tono de piel, \u00bfc\u00f3mo sucedi\u00f3? - Fuentes Fidedignas\",\"isPartOf\":{\"@id\":\"https:\\\/\\\/fuentesfidedignas.com.mx\\\/#website\"},\"primaryImageOfPage\":{\"@id\":\"https:\\\/\\\/fuentesfidedignas.com.mx\\\/index.php\\\/2022\\\/08\\\/22\\\/mujer-da-a-luz-a-gemelos-con-distinto-tono-de-piel-como-sucedio\\\/#primaryimage\"},\"image\":{\"@id\":\"https:\\\/\\\/fuentesfidedignas.com.mx\\\/index.php\\\/2022\\\/08\\\/22\\\/mujer-da-a-luz-a-gemelos-con-distinto-tono-de-piel-como-sucedio\\\/#primaryimage\"},\"thumbnailUrl\":\"https:\\\/\\\/fuentesfidedignas.com.mx\\\/wp-content\\\/uploads\\\/2022\\\/08\\\/GEMELOS.jpg\",\"datePublished\":\"2022-08-22T14:55:03+00:00\",\"dateModified\":\"2022-08-22T14:55:05+00:00\",\"breadcrumb\":{\"@id\":\"https:\\\/\\\/fuentesfidedignas.com.mx\\\/index.php\\\/2022\\\/08\\\/22\\\/mujer-da-a-luz-a-gemelos-con-distinto-tono-de-piel-como-sucedio\\\/#breadcrumb\"},\"inLanguage\":\"es\",\"potentialAction\":[{\"@type\":\"ReadAction\",\"target\":[\"https:\\\/\\\/fuentesfidedignas.com.mx\\\/index.php\\\/2022\\\/08\\\/22\\\/mujer-da-a-luz-a-gemelos-con-distinto-tono-de-piel-como-sucedio\\\/\"]}]},{\"@type\":\"ImageObject\",\"inLanguage\":\"es\",\"@id\":\"https:\\\/\\\/fuentesfidedignas.com.mx\\\/index.php\\\/2022\\\/08\\\/22\\\/mujer-da-a-luz-a-gemelos-con-distinto-tono-de-piel-como-sucedio\\\/#primaryimage\",\"url\":\"https:\\\/\\\/fuentesfidedignas.com.mx\\\/wp-content\\\/uploads\\\/2022\\\/08\\\/GEMELOS.jpg\",\"contentUrl\":\"https:\\\/\\\/fuentesfidedignas.com.mx\\\/wp-content\\\/uploads\\\/2022\\\/08\\\/GEMELOS.jpg\",\"width\":1266,\"height\":714},{\"@type\":\"BreadcrumbList\",\"@id\":\"https:\\\/\\\/fuentesfidedignas.com.mx\\\/index.php\\\/2022\\\/08\\\/22\\\/mujer-da-a-luz-a-gemelos-con-distinto-tono-de-piel-como-sucedio\\\/#breadcrumb\",\"itemListElement\":[{\"@type\":\"ListItem\",\"position\":1,\"name\":\"Inicio\",\"item\":\"https:\\\/\\\/fuentesfidedignas.com.mx\\\/\"},{\"@type\":\"ListItem\",\"position\":2,\"name\":\"Mujer da a luz a gemelos con distinto tono de piel, \u00bfc\u00f3mo sucedi\u00f3?\"}]},{\"@type\":\"WebSite\",\"@id\":\"https:\\\/\\\/fuentesfidedignas.com.mx\\\/#website\",\"url\":\"https:\\\/\\\/fuentesfidedignas.com.mx\\\/\",\"name\":\"Fuentes Fidedignas\",\"description\":\"Otro sitio realizado con WordPress\",\"publisher\":{\"@id\":\"https:\\\/\\\/fuentesfidedignas.com.mx\\\/#organization\"},\"potentialAction\":[{\"@type\":\"SearchAction\",\"target\":{\"@type\":\"EntryPoint\",\"urlTemplate\":\"https:\\\/\\\/fuentesfidedignas.com.mx\\\/?s={search_term_string}\"},\"query-input\":{\"@type\":\"PropertyValueSpecification\",\"valueRequired\":true,\"valueName\":\"search_term_string\"}}],\"inLanguage\":\"es\"},{\"@type\":\"Organization\",\"@id\":\"https:\\\/\\\/fuentesfidedignas.com.mx\\\/#organization\",\"name\":\"Fuentes Fidedignas\",\"url\":\"https:\\\/\\\/fuentesfidedignas.com.mx\\\/\",\"logo\":{\"@type\":\"ImageObject\",\"inLanguage\":\"es\",\"@id\":\"https:\\\/\\\/fuentesfidedignas.com.mx\\\/#\\\/schema\\\/logo\\\/image\\\/\",\"url\":\"https:\\\/\\\/fuentesfidedignas.com.mx\\\/wp-content\\\/uploads\\\/2021\\\/04\\\/logo-retina.png\",\"contentUrl\":\"https:\\\/\\\/fuentesfidedignas.com.mx\\\/wp-content\\\/uploads\\\/2021\\\/04\\\/logo-retina.png\",\"width\":280,\"height\":51,\"caption\":\"Fuentes Fidedignas\"},\"image\":{\"@id\":\"https:\\\/\\\/fuentesfidedignas.com.mx\\\/#\\\/schema\\\/logo\\\/image\\\/\"},\"sameAs\":[\"https:\\\/\\\/www.facebook.com\\\/Fuentes-Fidedignas-368234489921644\",\"https:\\\/\\\/x.com\\\/fidedignas\"]},{\"@type\":\"Person\",\"@id\":\"https:\\\/\\\/fuentesfidedignas.com.mx\\\/#\\\/schema\\\/person\\\/f030e42657a5a464a8bbd891b1aab6ee\",\"name\":\"Noticieros Televisa\",\"image\":{\"@type\":\"ImageObject\",\"inLanguage\":\"es\",\"@id\":\"https:\\\/\\\/secure.gravatar.com\\\/avatar\\\/0e47b9e785a628831b8fd9eaf15e090e106760a879abbd4a3306f128ef5d43a9?s=96&d=mm&r=g\",\"url\":\"https:\\\/\\\/secure.gravatar.com\\\/avatar\\\/0e47b9e785a628831b8fd9eaf15e090e106760a879abbd4a3306f128ef5d43a9?s=96&d=mm&r=g\",\"contentUrl\":\"https:\\\/\\\/secure.gravatar.com\\\/avatar\\\/0e47b9e785a628831b8fd9eaf15e090e106760a879abbd4a3306f128ef5d43a9?s=96&d=mm&r=g\",\"caption\":\"Noticieros Televisa\"},\"url\":\"https:\\\/\\\/fuentesfidedignas.com.mx\\\/index.php\\\/author\\\/noticieros-televisa\\\/\"}]}<\/script>\n<!-- \/ Yoast SEO plugin. -->","yoast_head_json":{"title":"Mujer da a luz a gemelos con distinto tono de piel, \u00bfc\u00f3mo sucedi\u00f3? - Fuentes Fidedignas","robots":{"index":"index","follow":"follow","max-snippet":"max-snippet:-1","max-image-preview":"max-image-preview:large","max-video-preview":"max-video-preview:-1"},"canonical":"https:\/\/fuentesfidedignas.com.mx\/index.php\/2022\/08\/22\/mujer-da-a-luz-a-gemelos-con-distinto-tono-de-piel-como-sucedio\/","og_locale":"es_MX","og_type":"article","og_title":"Mujer da a luz a gemelos con distinto tono de piel, \u00bfc\u00f3mo sucedi\u00f3? - Fuentes Fidedignas","og_description":"La informaci\u00f3n gen\u00e9tica de ambos padres determin\u00f3 la apariencia f\u00edsica de los beb\u00e9s En Nottingham, Inglaterra, una mujer dio a luz a dos gemelos, pero con distintas caracter\u00edsticas f\u00edsicas. Uno de los beb\u00e9s naci\u00f3 con tez blanca y ojos verdes, mientras el otro de tez oscura y ojos marrones. Seg\u00fan la explicaci\u00f3n de los m\u00e9dicos, [&hellip;]","og_url":"https:\/\/fuentesfidedignas.com.mx\/index.php\/2022\/08\/22\/mujer-da-a-luz-a-gemelos-con-distinto-tono-de-piel-como-sucedio\/","og_site_name":"Fuentes Fidedignas","article_publisher":"https:\/\/www.facebook.com\/Fuentes-Fidedignas-368234489921644","article_published_time":"2022-08-22T14:55:03+00:00","article_modified_time":"2022-08-22T14:55:05+00:00","og_image":[{"width":1266,"height":714,"url":"https:\/\/fuentesfidedignas.com.mx\/wp-content\/uploads\/2022\/08\/GEMELOS.jpg","type":"image\/jpeg"}],"author":"Noticieros Televisa","twitter_card":"summary_large_image","twitter_creator":"@fidedignas","twitter_site":"@fidedignas","twitter_misc":{"Escrito por":"Noticieros Televisa","Tiempo de lectura":"2 minutos"},"schema":{"@context":"https:\/\/schema.org","@graph":[{"@type":"Article","@id":"https:\/\/fuentesfidedignas.com.mx\/index.php\/2022\/08\/22\/mujer-da-a-luz-a-gemelos-con-distinto-tono-de-piel-como-sucedio\/#article","isPartOf":{"@id":"https:\/\/fuentesfidedignas.com.mx\/index.php\/2022\/08\/22\/mujer-da-a-luz-a-gemelos-con-distinto-tono-de-piel-como-sucedio\/"},"author":{"name":"Noticieros Televisa","@id":"https:\/\/fuentesfidedignas.com.mx\/#\/schema\/person\/f030e42657a5a464a8bbd891b1aab6ee"},"headline":"Mujer da a luz a gemelos con distinto tono de piel, \u00bfc\u00f3mo sucedi\u00f3?","datePublished":"2022-08-22T14:55:03+00:00","dateModified":"2022-08-22T14:55:05+00:00","mainEntityOfPage":{"@id":"https:\/\/fuentesfidedignas.com.mx\/index.php\/2022\/08\/22\/mujer-da-a-luz-a-gemelos-con-distinto-tono-de-piel-como-sucedio\/"},"wordCount":459,"commentCount":0,"publisher":{"@id":"https:\/\/fuentesfidedignas.com.mx\/#organization"},"image":{"@id":"https:\/\/fuentesfidedignas.com.mx\/index.php\/2022\/08\/22\/mujer-da-a-luz-a-gemelos-con-distinto-tono-de-piel-como-sucedio\/#primaryimage"},"thumbnailUrl":"https:\/\/fuentesfidedignas.com.mx\/wp-content\/uploads\/2022\/08\/GEMELOS.jpg","keywords":["Asombrosa","Viral"],"articleSection":["LAS ASOMBROSAS"],"inLanguage":"es","potentialAction":[{"@type":"CommentAction","name":"Comment","target":["https:\/\/fuentesfidedignas.com.mx\/index.php\/2022\/08\/22\/mujer-da-a-luz-a-gemelos-con-distinto-tono-de-piel-como-sucedio\/#respond"]}]},{"@type":"WebPage","@id":"https:\/\/fuentesfidedignas.com.mx\/index.php\/2022\/08\/22\/mujer-da-a-luz-a-gemelos-con-distinto-tono-de-piel-como-sucedio\/","url":"https:\/\/fuentesfidedignas.com.mx\/index.php\/2022\/08\/22\/mujer-da-a-luz-a-gemelos-con-distinto-tono-de-piel-como-sucedio\/","name":"Mujer da a luz a gemelos con distinto tono de piel, \u00bfc\u00f3mo sucedi\u00f3? - Fuentes Fidedignas","isPartOf":{"@id":"https:\/\/fuentesfidedignas.com.mx\/#website"},"primaryImageOfPage":{"@id":"https:\/\/fuentesfidedignas.com.mx\/index.php\/2022\/08\/22\/mujer-da-a-luz-a-gemelos-con-distinto-tono-de-piel-como-sucedio\/#primaryimage"},"image":{"@id":"https:\/\/fuentesfidedignas.com.mx\/index.php\/2022\/08\/22\/mujer-da-a-luz-a-gemelos-con-distinto-tono-de-piel-como-sucedio\/#primaryimage"},"thumbnailUrl":"https:\/\/fuentesfidedignas.com.mx\/wp-content\/uploads\/2022\/08\/GEMELOS.jpg","datePublished":"2022-08-22T14:55:03+00:00","dateModified":"2022-08-22T14:55:05+00:00","breadcrumb":{"@id":"https:\/\/fuentesfidedignas.com.mx\/index.php\/2022\/08\/22\/mujer-da-a-luz-a-gemelos-con-distinto-tono-de-piel-como-sucedio\/#breadcrumb"},"inLanguage":"es","potentialAction":[{"@type":"ReadAction","target":["https:\/\/fuentesfidedignas.com.mx\/index.php\/2022\/08\/22\/mujer-da-a-luz-a-gemelos-con-distinto-tono-de-piel-como-sucedio\/"]}]},{"@type":"ImageObject","inLanguage":"es","@id":"https:\/\/fuentesfidedignas.com.mx\/index.php\/2022\/08\/22\/mujer-da-a-luz-a-gemelos-con-distinto-tono-de-piel-como-sucedio\/#primaryimage","url":"https:\/\/fuentesfidedignas.com.mx\/wp-content\/uploads\/2022\/08\/GEMELOS.jpg","contentUrl":"https:\/\/fuentesfidedignas.com.mx\/wp-content\/uploads\/2022\/08\/GEMELOS.jpg","width":1266,"height":714},{"@type":"BreadcrumbList","@id":"https:\/\/fuentesfidedignas.com.mx\/index.php\/2022\/08\/22\/mujer-da-a-luz-a-gemelos-con-distinto-tono-de-piel-como-sucedio\/#breadcrumb","itemListElement":[{"@type":"ListItem","position":1,"name":"Inicio","item":"https:\/\/fuentesfidedignas.com.mx\/"},{"@type":"ListItem","position":2,"name":"Mujer da a luz a gemelos con distinto tono de piel, \u00bfc\u00f3mo sucedi\u00f3?"}]},{"@type":"WebSite","@id":"https:\/\/fuentesfidedignas.com.mx\/#website","url":"https:\/\/fuentesfidedignas.com.mx\/","name":"Fuentes Fidedignas","description":"Otro sitio realizado con WordPress","publisher":{"@id":"https:\/\/fuentesfidedignas.com.mx\/#organization"},"potentialAction":[{"@type":"SearchAction","target":{"@type":"EntryPoint","urlTemplate":"https:\/\/fuentesfidedignas.com.mx\/?s={search_term_string}"},"query-input":{"@type":"PropertyValueSpecification","valueRequired":true,"valueName":"search_term_string"}}],"inLanguage":"es"},{"@type":"Organization","@id":"https:\/\/fuentesfidedignas.com.mx\/#organization","name":"Fuentes Fidedignas","url":"https:\/\/fuentesfidedignas.com.mx\/","logo":{"@type":"ImageObject","inLanguage":"es","@id":"https:\/\/fuentesfidedignas.com.mx\/#\/schema\/logo\/image\/","url":"https:\/\/fuentesfidedignas.com.mx\/wp-content\/uploads\/2021\/04\/logo-retina.png","contentUrl":"https:\/\/fuentesfidedignas.com.mx\/wp-content\/uploads\/2021\/04\/logo-retina.png","width":280,"height":51,"caption":"Fuentes Fidedignas"},"image":{"@id":"https:\/\/fuentesfidedignas.com.mx\/#\/schema\/logo\/image\/"},"sameAs":["https:\/\/www.facebook.com\/Fuentes-Fidedignas-368234489921644","https:\/\/x.com\/fidedignas"]},{"@type":"Person","@id":"https:\/\/fuentesfidedignas.com.mx\/#\/schema\/person\/f030e42657a5a464a8bbd891b1aab6ee","name":"Noticieros Televisa","image":{"@type":"ImageObject","inLanguage":"es","@id":"https:\/\/secure.gravatar.com\/avatar\/0e47b9e785a628831b8fd9eaf15e090e106760a879abbd4a3306f128ef5d43a9?s=96&d=mm&r=g","url":"https:\/\/secure.gravatar.com\/avatar\/0e47b9e785a628831b8fd9eaf15e090e106760a879abbd4a3306f128ef5d43a9?s=96&d=mm&r=g","contentUrl":"https:\/\/secure.gravatar.com\/avatar\/0e47b9e785a628831b8fd9eaf15e090e106760a879abbd4a3306f128ef5d43a9?s=96&d=mm&r=g","caption":"Noticieros Televisa"},"url":"https:\/\/fuentesfidedignas.com.mx\/index.php\/author\/noticieros-televisa\/"}]}},"_links":{"self":[{"href":"https:\/\/fuentesfidedignas.com.mx\/index.php\/wp-json\/wp\/v2\/posts\/40503","targetHints":{"allow":["GET"]}}],"collection":[{"href":"https:\/\/fuentesfidedignas.com.mx\/index.php\/wp-json\/wp\/v2\/posts"}],"about":[{"href":"https:\/\/fuentesfidedignas.com.mx\/index.php\/wp-json\/wp\/v2\/types\/post"}],"author":[{"embeddable":true,"href":"https:\/\/fuentesfidedignas.com.mx\/index.php\/wp-json\/wp\/v2\/users\/46"}],"replies":[{"embeddable":true,"href":"https:\/\/fuentesfidedignas.com.mx\/index.php\/wp-json\/wp\/v2\/comments?post=40503"}],"version-history":[{"count":1,"href":"https:\/\/fuentesfidedignas.com.mx\/index.php\/wp-json\/wp\/v2\/posts\/40503\/revisions"}],"predecessor-version":[{"id":40505,"href":"https:\/\/fuentesfidedignas.com.mx\/index.php\/wp-json\/wp\/v2\/posts\/40503\/revisions\/40505"}],"wp:featuredmedia":[{"embeddable":true,"href":"https:\/\/fuentesfidedignas.com.mx\/index.php\/wp-json\/wp\/v2\/media\/40504"}],"wp:attachment":[{"href":"https:\/\/fuentesfidedignas.com.mx\/index.php\/wp-json\/wp\/v2\/media?parent=40503"}],"wp:term":[{"taxonomy":"category","embeddable":true,"href":"https:\/\/fuentesfidedignas.com.mx\/index.php\/wp-json\/wp\/v2\/categories?post=40503"},{"taxonomy":"post_tag","embeddable":true,"href":"https:\/\/fuentesfidedignas.com.mx\/index.php\/wp-json\/wp\/v2\/tags?post=40503"}],"curies":[{"name":"wp","href":"https:\/\/api.w.org\/{rel}","templated":true}]}}