{"id":40499,"date":"2022-08-22T08:47:17","date_gmt":"2022-08-22T14:47:17","guid":{"rendered":"https:\/\/fuentesfidedignas.com.mx\/?p=40499"},"modified":"2022-08-22T08:47:19","modified_gmt":"2022-08-22T14:47:19","slug":"chambelan-opaca-a-quinceanera-por-su-forma-de-bailar-y-el-video-se-hace-viral","status":"publish","type":"post","link":"https:\/\/fuentesfidedignas.com.mx\/index.php\/2022\/08\/22\/chambelan-opaca-a-quinceanera-por-su-forma-de-bailar-y-el-video-se-hace-viral\/","title":{"rendered":"Chambel\u00e1n opaca a quincea\u00f1era por su forma de bailar y el video se hace viral"},"content":{"rendered":"\n<p><strong><em>El talento para el baile de este chambel\u00e1n lo convirti\u00f3, sin querer, en la estrella del festejo<\/em><\/strong><\/p>\n\n\n\n<p>En redes sociales se ha hecho viral el video de una fiesta de quince a\u00f1os donde la estrella fue el chambel\u00e1n y no la quincea\u00f1era. Los pasos del joven opacaron a la festejada y sorprendieron a miles en Internet.<\/p>\n\n\n\n<p>En el video, grabado en Guanajuato, se aprecia la coreograf\u00eda que mont\u00f3 una quincea\u00f1era en compa\u00f1\u00eda de sus chambelanes. El tema elegido para el baile fue Tit\u00ed me pregunt\u00f3, interpretado por Bad Bunny.<\/p>\n\n\n\n<p>Apenas comenz\u00f3 la canci\u00f3n, se hizo notorio el talento del chambel\u00e1n ubicado a la derecha de la pantalla, muy superior al de los dem\u00e1s presentes en la pista.<\/p>\n\n\n\n<p>\u201cAlguien d\u00edgale al de verde que la quincea\u00f1era es la de en medio\u201d, ironiz\u00f3 la p\u00e1gina de Facebook La p\u00e1gina de pelana al presentar el video.<\/p>\n\n\n\n<iframe loading=\"lazy\" src=\"https:\/\/www.facebook.com\/plugins\/video.php?href=https%3A%2F%2Fwww.facebook.com%2FDesmadreando.net%2Fvideos%2F728003411594087%2F&#038;show_text=0&#038;width=560\" width=\"560\" height=\"315\" style=\"border:none;overflow:hidden\" scrolling=\"no\" frameborder=\"0\" allowfullscreen=\"true\" allow=\"autoplay; clipboard-write; encrypted-media; picture-in-picture; web-share\" allowFullScreen=\"true\"><\/iframe>\n\n\n\n<p>Pronto, el video se hizo viral en redes sociales y suscit\u00f3 cientos de comentarios por parte de los usuarios. Hasta el momento, la grabaci\u00f3n ha sumado m\u00e1s de 15 millones de reproducciones solamente en Facebook, as\u00ed como cientos de comentarios.<\/p>\n\n\n\n<p>El bailar\u00edn que se llev\u00f3 la fiesta de quince a\u00f1os se llama Rub\u00e9n Gonz\u00e1lez y se dedica de forma profesional al baile. Tiene un estudio de danza en Guanajuato, llamado Shulos Dance Academy.<\/p>\n\n\n\n<p>El video viral ha catapultado la fama del joven bailar\u00edn. Desde su cuenta de TikTok coment\u00f3 que s\u00ed not\u00f3 que se hab\u00eda hecho viral en Facebook y que hab\u00eda sido invitado a presentarse en la televisi\u00f3n local.<\/p>\n\n\n\n<p>\u201cS\u00ed me percat\u00e9 de ello [que se hab\u00eda hecho viral], de hecho ahorita voy a las instalaciones de Guanajuato Capital, de TV Guanajuato, a bailar. Voy algo nervioso porque no voy con los Shulos, ya que van a la universidad. Des\u00e9enme mucha suerte\u201d, dijo.<\/p>\n\n\n\n<blockquote class=\"tiktok-embed\" cite=\"https:\/\/www.tiktok.com\/@shulos.dance.academy\/video\/7130648790238760198\" data-video-id=\"7130648790238760198\" style=\"max-width: 605px;min-width: 325px;\" > <section> <a target=\"_blank\" title=\"@shulos.dance.academy\" href=\"https:\/\/www.tiktok.com\/@shulos.dance.academy?refer=embed\" rel=\"noopener\">@shulos.dance.academy<\/a> Respuesta a @nomvr  \ud83d\udc9a @rubengonzalez110 <a title=\"tv\" target=\"_blank\" href=\"https:\/\/www.tiktok.com\/tag\/tv?refer=embed\" rel=\"noopener\">#tv<\/a> <a title=\"titimepregunto\" target=\"_blank\" href=\"https:\/\/www.tiktok.com\/tag\/titimepregunto?refer=embed\" rel=\"noopener\">#titimepregunto<\/a> <a title=\"badbunnypr\" target=\"_blank\" href=\"https:\/\/www.tiktok.com\/tag\/badbunnypr?refer=embed\" rel=\"noopener\">#badbunnypr<\/a> <a title=\"baile\" target=\"_blank\" href=\"https:\/\/www.tiktok.com\/tag\/baile?refer=embed\" rel=\"noopener\">#baile<\/a> <a title=\"viral\" target=\"_blank\" href=\"https:\/\/www.tiktok.com\/tag\/viral?refer=embed\" rel=\"noopener\">#viral<\/a> <a title=\"fyp\" target=\"_blank\" href=\"https:\/\/www.tiktok.com\/tag\/fyp?refer=embed\" rel=\"noopener\">#fyp<\/a> <a title=\"parati\" target=\"_blank\" href=\"https:\/\/www.tiktok.com\/tag\/parati?refer=embed\" rel=\"noopener\">#parati<\/a> <a title=\"gto\" target=\"_blank\" href=\"https:\/\/www.tiktok.com\/tag\/gto?refer=embed\" rel=\"noopener\">#gto<\/a> <a target=\"_blank\" title=\"\u266c Tit\u00ed Me Pregunt\u00f3 - Bad Bunny\" href=\"https:\/\/www.tiktok.com\/music\/Tit\u00ed-Me-Pregunt\u00f3-7094303913528035330?refer=embed\" rel=\"noopener\">\u266c Tit\u00ed Me Pregunt\u00f3 &#8211; Bad Bunny<\/a> <\/section> <\/blockquote> <script async src=\"https:\/\/www.tiktok.com\/embed.js\"><\/script>\n","protected":false},"excerpt":{"rendered":"<p>El talento para el baile de este chambel\u00e1n lo convirti\u00f3, sin querer, en la estrella del festejo En redes sociales se ha hecho viral el video de una fiesta de quince a\u00f1os donde la estrella fue el chambel\u00e1n y no la quincea\u00f1era. Los pasos del joven opacaron a la festejada y sorprendieron a miles en [&hellip;]<\/p>\n","protected":false},"author":46,"featured_media":40501,"comment_status":"open","ping_status":"open","sticky":false,"template":"","format":"standard","meta":{"tdm_status":"","tdm_grid_status":"","footnotes":""},"categories":[40],"tags":[],"class_list":{"0":"post-40499","1":"post","2":"type-post","3":"status-publish","4":"format-standard","5":"has-post-thumbnail","7":"category-las-asombrosas"},"yoast_head":"<!-- This site is optimized with the Yoast SEO plugin v27.4 - https:\/\/yoast.com\/product\/yoast-seo-wordpress\/ -->\n<title>Chambel\u00e1n opaca a quincea\u00f1era por su forma de bailar y el video se hace viral - Fuentes Fidedignas<\/title>\n<meta name=\"robots\" content=\"index, follow, max-snippet:-1, max-image-preview:large, max-video-preview:-1\" \/>\n<link rel=\"canonical\" href=\"https:\/\/fuentesfidedignas.com.mx\/index.php\/2022\/08\/22\/chambelan-opaca-a-quinceanera-por-su-forma-de-bailar-y-el-video-se-hace-viral\/\" \/>\n<meta property=\"og:locale\" content=\"es_MX\" \/>\n<meta property=\"og:type\" content=\"article\" \/>\n<meta property=\"og:title\" content=\"Chambel\u00e1n opaca a quincea\u00f1era por su forma de bailar y el video se hace viral - Fuentes Fidedignas\" \/>\n<meta property=\"og:description\" content=\"El talento para el baile de este chambel\u00e1n lo convirti\u00f3, sin querer, en la estrella del festejo En redes sociales se ha hecho viral el video de una fiesta de quince a\u00f1os donde la estrella fue el chambel\u00e1n y no la quincea\u00f1era. Los pasos del joven opacaron a la festejada y sorprendieron a miles en [&hellip;]\" \/>\n<meta property=\"og:url\" content=\"https:\/\/fuentesfidedignas.com.mx\/index.php\/2022\/08\/22\/chambelan-opaca-a-quinceanera-por-su-forma-de-bailar-y-el-video-se-hace-viral\/\" \/>\n<meta property=\"og:site_name\" content=\"Fuentes Fidedignas\" \/>\n<meta property=\"article:publisher\" content=\"https:\/\/www.facebook.com\/Fuentes-Fidedignas-368234489921644\" \/>\n<meta property=\"article:published_time\" content=\"2022-08-22T14:47:17+00:00\" \/>\n<meta property=\"article:modified_time\" content=\"2022-08-22T14:47:19+00:00\" \/>\n<meta property=\"og:image\" content=\"https:\/\/fuentesfidedignas.com.mx\/wp-content\/uploads\/2022\/08\/BAILARIN.jpg\" \/>\n\t<meta property=\"og:image:width\" content=\"1277\" \/>\n\t<meta property=\"og:image:height\" content=\"782\" \/>\n\t<meta property=\"og:image:type\" content=\"image\/jpeg\" \/>\n<meta name=\"author\" content=\"Noticieros Televisa\" \/>\n<meta name=\"twitter:card\" content=\"summary_large_image\" \/>\n<meta name=\"twitter:creator\" content=\"@fidedignas\" \/>\n<meta name=\"twitter:site\" content=\"@fidedignas\" \/>\n<meta name=\"twitter:label1\" content=\"Escrito por\" \/>\n\t<meta name=\"twitter:data1\" content=\"Noticieros Televisa\" \/>\n\t<meta name=\"twitter:label2\" content=\"Tiempo de lectura\" \/>\n\t<meta name=\"twitter:data2\" content=\"2 minutos\" \/>\n<script type=\"application\/ld+json\" class=\"yoast-schema-graph\">{\"@context\":\"https:\\\/\\\/schema.org\",\"@graph\":[{\"@type\":\"Article\",\"@id\":\"https:\\\/\\\/fuentesfidedignas.com.mx\\\/index.php\\\/2022\\\/08\\\/22\\\/chambelan-opaca-a-quinceanera-por-su-forma-de-bailar-y-el-video-se-hace-viral\\\/#article\",\"isPartOf\":{\"@id\":\"https:\\\/\\\/fuentesfidedignas.com.mx\\\/index.php\\\/2022\\\/08\\\/22\\\/chambelan-opaca-a-quinceanera-por-su-forma-de-bailar-y-el-video-se-hace-viral\\\/\"},\"author\":{\"name\":\"Noticieros Televisa\",\"@id\":\"https:\\\/\\\/fuentesfidedignas.com.mx\\\/#\\\/schema\\\/person\\\/f030e42657a5a464a8bbd891b1aab6ee\"},\"headline\":\"Chambel\u00e1n opaca a quincea\u00f1era por su forma de bailar y el video se hace viral\",\"datePublished\":\"2022-08-22T14:47:17+00:00\",\"dateModified\":\"2022-08-22T14:47:19+00:00\",\"mainEntityOfPage\":{\"@id\":\"https:\\\/\\\/fuentesfidedignas.com.mx\\\/index.php\\\/2022\\\/08\\\/22\\\/chambelan-opaca-a-quinceanera-por-su-forma-de-bailar-y-el-video-se-hace-viral\\\/\"},\"wordCount\":360,\"commentCount\":0,\"publisher\":{\"@id\":\"https:\\\/\\\/fuentesfidedignas.com.mx\\\/#organization\"},\"image\":{\"@id\":\"https:\\\/\\\/fuentesfidedignas.com.mx\\\/index.php\\\/2022\\\/08\\\/22\\\/chambelan-opaca-a-quinceanera-por-su-forma-de-bailar-y-el-video-se-hace-viral\\\/#primaryimage\"},\"thumbnailUrl\":\"https:\\\/\\\/fuentesfidedignas.com.mx\\\/wp-content\\\/uploads\\\/2022\\\/08\\\/BAILARIN.jpg\",\"articleSection\":[\"LAS ASOMBROSAS\"],\"inLanguage\":\"es\",\"potentialAction\":[{\"@type\":\"CommentAction\",\"name\":\"Comment\",\"target\":[\"https:\\\/\\\/fuentesfidedignas.com.mx\\\/index.php\\\/2022\\\/08\\\/22\\\/chambelan-opaca-a-quinceanera-por-su-forma-de-bailar-y-el-video-se-hace-viral\\\/#respond\"]}]},{\"@type\":\"WebPage\",\"@id\":\"https:\\\/\\\/fuentesfidedignas.com.mx\\\/index.php\\\/2022\\\/08\\\/22\\\/chambelan-opaca-a-quinceanera-por-su-forma-de-bailar-y-el-video-se-hace-viral\\\/\",\"url\":\"https:\\\/\\\/fuentesfidedignas.com.mx\\\/index.php\\\/2022\\\/08\\\/22\\\/chambelan-opaca-a-quinceanera-por-su-forma-de-bailar-y-el-video-se-hace-viral\\\/\",\"name\":\"Chambel\u00e1n opaca a quincea\u00f1era por su forma de bailar y el video se hace viral - Fuentes Fidedignas\",\"isPartOf\":{\"@id\":\"https:\\\/\\\/fuentesfidedignas.com.mx\\\/#website\"},\"primaryImageOfPage\":{\"@id\":\"https:\\\/\\\/fuentesfidedignas.com.mx\\\/index.php\\\/2022\\\/08\\\/22\\\/chambelan-opaca-a-quinceanera-por-su-forma-de-bailar-y-el-video-se-hace-viral\\\/#primaryimage\"},\"image\":{\"@id\":\"https:\\\/\\\/fuentesfidedignas.com.mx\\\/index.php\\\/2022\\\/08\\\/22\\\/chambelan-opaca-a-quinceanera-por-su-forma-de-bailar-y-el-video-se-hace-viral\\\/#primaryimage\"},\"thumbnailUrl\":\"https:\\\/\\\/fuentesfidedignas.com.mx\\\/wp-content\\\/uploads\\\/2022\\\/08\\\/BAILARIN.jpg\",\"datePublished\":\"2022-08-22T14:47:17+00:00\",\"dateModified\":\"2022-08-22T14:47:19+00:00\",\"breadcrumb\":{\"@id\":\"https:\\\/\\\/fuentesfidedignas.com.mx\\\/index.php\\\/2022\\\/08\\\/22\\\/chambelan-opaca-a-quinceanera-por-su-forma-de-bailar-y-el-video-se-hace-viral\\\/#breadcrumb\"},\"inLanguage\":\"es\",\"potentialAction\":[{\"@type\":\"ReadAction\",\"target\":[\"https:\\\/\\\/fuentesfidedignas.com.mx\\\/index.php\\\/2022\\\/08\\\/22\\\/chambelan-opaca-a-quinceanera-por-su-forma-de-bailar-y-el-video-se-hace-viral\\\/\"]}]},{\"@type\":\"ImageObject\",\"inLanguage\":\"es\",\"@id\":\"https:\\\/\\\/fuentesfidedignas.com.mx\\\/index.php\\\/2022\\\/08\\\/22\\\/chambelan-opaca-a-quinceanera-por-su-forma-de-bailar-y-el-video-se-hace-viral\\\/#primaryimage\",\"url\":\"https:\\\/\\\/fuentesfidedignas.com.mx\\\/wp-content\\\/uploads\\\/2022\\\/08\\\/BAILARIN.jpg\",\"contentUrl\":\"https:\\\/\\\/fuentesfidedignas.com.mx\\\/wp-content\\\/uploads\\\/2022\\\/08\\\/BAILARIN.jpg\",\"width\":1277,\"height\":782},{\"@type\":\"BreadcrumbList\",\"@id\":\"https:\\\/\\\/fuentesfidedignas.com.mx\\\/index.php\\\/2022\\\/08\\\/22\\\/chambelan-opaca-a-quinceanera-por-su-forma-de-bailar-y-el-video-se-hace-viral\\\/#breadcrumb\",\"itemListElement\":[{\"@type\":\"ListItem\",\"position\":1,\"name\":\"Inicio\",\"item\":\"https:\\\/\\\/fuentesfidedignas.com.mx\\\/\"},{\"@type\":\"ListItem\",\"position\":2,\"name\":\"Chambel\u00e1n opaca a quincea\u00f1era por su forma de bailar y el video se hace viral\"}]},{\"@type\":\"WebSite\",\"@id\":\"https:\\\/\\\/fuentesfidedignas.com.mx\\\/#website\",\"url\":\"https:\\\/\\\/fuentesfidedignas.com.mx\\\/\",\"name\":\"Fuentes Fidedignas\",\"description\":\"Otro sitio realizado con WordPress\",\"publisher\":{\"@id\":\"https:\\\/\\\/fuentesfidedignas.com.mx\\\/#organization\"},\"potentialAction\":[{\"@type\":\"SearchAction\",\"target\":{\"@type\":\"EntryPoint\",\"urlTemplate\":\"https:\\\/\\\/fuentesfidedignas.com.mx\\\/?s={search_term_string}\"},\"query-input\":{\"@type\":\"PropertyValueSpecification\",\"valueRequired\":true,\"valueName\":\"search_term_string\"}}],\"inLanguage\":\"es\"},{\"@type\":\"Organization\",\"@id\":\"https:\\\/\\\/fuentesfidedignas.com.mx\\\/#organization\",\"name\":\"Fuentes Fidedignas\",\"url\":\"https:\\\/\\\/fuentesfidedignas.com.mx\\\/\",\"logo\":{\"@type\":\"ImageObject\",\"inLanguage\":\"es\",\"@id\":\"https:\\\/\\\/fuentesfidedignas.com.mx\\\/#\\\/schema\\\/logo\\\/image\\\/\",\"url\":\"https:\\\/\\\/fuentesfidedignas.com.mx\\\/wp-content\\\/uploads\\\/2021\\\/04\\\/logo-retina.png\",\"contentUrl\":\"https:\\\/\\\/fuentesfidedignas.com.mx\\\/wp-content\\\/uploads\\\/2021\\\/04\\\/logo-retina.png\",\"width\":280,\"height\":51,\"caption\":\"Fuentes Fidedignas\"},\"image\":{\"@id\":\"https:\\\/\\\/fuentesfidedignas.com.mx\\\/#\\\/schema\\\/logo\\\/image\\\/\"},\"sameAs\":[\"https:\\\/\\\/www.facebook.com\\\/Fuentes-Fidedignas-368234489921644\",\"https:\\\/\\\/x.com\\\/fidedignas\"]},{\"@type\":\"Person\",\"@id\":\"https:\\\/\\\/fuentesfidedignas.com.mx\\\/#\\\/schema\\\/person\\\/f030e42657a5a464a8bbd891b1aab6ee\",\"name\":\"Noticieros Televisa\",\"image\":{\"@type\":\"ImageObject\",\"inLanguage\":\"es\",\"@id\":\"https:\\\/\\\/secure.gravatar.com\\\/avatar\\\/0e47b9e785a628831b8fd9eaf15e090e106760a879abbd4a3306f128ef5d43a9?s=96&d=mm&r=g\",\"url\":\"https:\\\/\\\/secure.gravatar.com\\\/avatar\\\/0e47b9e785a628831b8fd9eaf15e090e106760a879abbd4a3306f128ef5d43a9?s=96&d=mm&r=g\",\"contentUrl\":\"https:\\\/\\\/secure.gravatar.com\\\/avatar\\\/0e47b9e785a628831b8fd9eaf15e090e106760a879abbd4a3306f128ef5d43a9?s=96&d=mm&r=g\",\"caption\":\"Noticieros Televisa\"},\"url\":\"https:\\\/\\\/fuentesfidedignas.com.mx\\\/index.php\\\/author\\\/noticieros-televisa\\\/\"}]}<\/script>\n<!-- \/ Yoast SEO plugin. -->","yoast_head_json":{"title":"Chambel\u00e1n opaca a quincea\u00f1era por su forma de bailar y el video se hace viral - Fuentes Fidedignas","robots":{"index":"index","follow":"follow","max-snippet":"max-snippet:-1","max-image-preview":"max-image-preview:large","max-video-preview":"max-video-preview:-1"},"canonical":"https:\/\/fuentesfidedignas.com.mx\/index.php\/2022\/08\/22\/chambelan-opaca-a-quinceanera-por-su-forma-de-bailar-y-el-video-se-hace-viral\/","og_locale":"es_MX","og_type":"article","og_title":"Chambel\u00e1n opaca a quincea\u00f1era por su forma de bailar y el video se hace viral - Fuentes Fidedignas","og_description":"El talento para el baile de este chambel\u00e1n lo convirti\u00f3, sin querer, en la estrella del festejo En redes sociales se ha hecho viral el video de una fiesta de quince a\u00f1os donde la estrella fue el chambel\u00e1n y no la quincea\u00f1era. Los pasos del joven opacaron a la festejada y sorprendieron a miles en [&hellip;]","og_url":"https:\/\/fuentesfidedignas.com.mx\/index.php\/2022\/08\/22\/chambelan-opaca-a-quinceanera-por-su-forma-de-bailar-y-el-video-se-hace-viral\/","og_site_name":"Fuentes Fidedignas","article_publisher":"https:\/\/www.facebook.com\/Fuentes-Fidedignas-368234489921644","article_published_time":"2022-08-22T14:47:17+00:00","article_modified_time":"2022-08-22T14:47:19+00:00","og_image":[{"width":1277,"height":782,"url":"https:\/\/fuentesfidedignas.com.mx\/wp-content\/uploads\/2022\/08\/BAILARIN.jpg","type":"image\/jpeg"}],"author":"Noticieros Televisa","twitter_card":"summary_large_image","twitter_creator":"@fidedignas","twitter_site":"@fidedignas","twitter_misc":{"Escrito por":"Noticieros Televisa","Tiempo de lectura":"2 minutos"},"schema":{"@context":"https:\/\/schema.org","@graph":[{"@type":"Article","@id":"https:\/\/fuentesfidedignas.com.mx\/index.php\/2022\/08\/22\/chambelan-opaca-a-quinceanera-por-su-forma-de-bailar-y-el-video-se-hace-viral\/#article","isPartOf":{"@id":"https:\/\/fuentesfidedignas.com.mx\/index.php\/2022\/08\/22\/chambelan-opaca-a-quinceanera-por-su-forma-de-bailar-y-el-video-se-hace-viral\/"},"author":{"name":"Noticieros Televisa","@id":"https:\/\/fuentesfidedignas.com.mx\/#\/schema\/person\/f030e42657a5a464a8bbd891b1aab6ee"},"headline":"Chambel\u00e1n opaca a quincea\u00f1era por su forma de bailar y el video se hace viral","datePublished":"2022-08-22T14:47:17+00:00","dateModified":"2022-08-22T14:47:19+00:00","mainEntityOfPage":{"@id":"https:\/\/fuentesfidedignas.com.mx\/index.php\/2022\/08\/22\/chambelan-opaca-a-quinceanera-por-su-forma-de-bailar-y-el-video-se-hace-viral\/"},"wordCount":360,"commentCount":0,"publisher":{"@id":"https:\/\/fuentesfidedignas.com.mx\/#organization"},"image":{"@id":"https:\/\/fuentesfidedignas.com.mx\/index.php\/2022\/08\/22\/chambelan-opaca-a-quinceanera-por-su-forma-de-bailar-y-el-video-se-hace-viral\/#primaryimage"},"thumbnailUrl":"https:\/\/fuentesfidedignas.com.mx\/wp-content\/uploads\/2022\/08\/BAILARIN.jpg","articleSection":["LAS ASOMBROSAS"],"inLanguage":"es","potentialAction":[{"@type":"CommentAction","name":"Comment","target":["https:\/\/fuentesfidedignas.com.mx\/index.php\/2022\/08\/22\/chambelan-opaca-a-quinceanera-por-su-forma-de-bailar-y-el-video-se-hace-viral\/#respond"]}]},{"@type":"WebPage","@id":"https:\/\/fuentesfidedignas.com.mx\/index.php\/2022\/08\/22\/chambelan-opaca-a-quinceanera-por-su-forma-de-bailar-y-el-video-se-hace-viral\/","url":"https:\/\/fuentesfidedignas.com.mx\/index.php\/2022\/08\/22\/chambelan-opaca-a-quinceanera-por-su-forma-de-bailar-y-el-video-se-hace-viral\/","name":"Chambel\u00e1n opaca a quincea\u00f1era por su forma de bailar y el video se hace viral - Fuentes Fidedignas","isPartOf":{"@id":"https:\/\/fuentesfidedignas.com.mx\/#website"},"primaryImageOfPage":{"@id":"https:\/\/fuentesfidedignas.com.mx\/index.php\/2022\/08\/22\/chambelan-opaca-a-quinceanera-por-su-forma-de-bailar-y-el-video-se-hace-viral\/#primaryimage"},"image":{"@id":"https:\/\/fuentesfidedignas.com.mx\/index.php\/2022\/08\/22\/chambelan-opaca-a-quinceanera-por-su-forma-de-bailar-y-el-video-se-hace-viral\/#primaryimage"},"thumbnailUrl":"https:\/\/fuentesfidedignas.com.mx\/wp-content\/uploads\/2022\/08\/BAILARIN.jpg","datePublished":"2022-08-22T14:47:17+00:00","dateModified":"2022-08-22T14:47:19+00:00","breadcrumb":{"@id":"https:\/\/fuentesfidedignas.com.mx\/index.php\/2022\/08\/22\/chambelan-opaca-a-quinceanera-por-su-forma-de-bailar-y-el-video-se-hace-viral\/#breadcrumb"},"inLanguage":"es","potentialAction":[{"@type":"ReadAction","target":["https:\/\/fuentesfidedignas.com.mx\/index.php\/2022\/08\/22\/chambelan-opaca-a-quinceanera-por-su-forma-de-bailar-y-el-video-se-hace-viral\/"]}]},{"@type":"ImageObject","inLanguage":"es","@id":"https:\/\/fuentesfidedignas.com.mx\/index.php\/2022\/08\/22\/chambelan-opaca-a-quinceanera-por-su-forma-de-bailar-y-el-video-se-hace-viral\/#primaryimage","url":"https:\/\/fuentesfidedignas.com.mx\/wp-content\/uploads\/2022\/08\/BAILARIN.jpg","contentUrl":"https:\/\/fuentesfidedignas.com.mx\/wp-content\/uploads\/2022\/08\/BAILARIN.jpg","width":1277,"height":782},{"@type":"BreadcrumbList","@id":"https:\/\/fuentesfidedignas.com.mx\/index.php\/2022\/08\/22\/chambelan-opaca-a-quinceanera-por-su-forma-de-bailar-y-el-video-se-hace-viral\/#breadcrumb","itemListElement":[{"@type":"ListItem","position":1,"name":"Inicio","item":"https:\/\/fuentesfidedignas.com.mx\/"},{"@type":"ListItem","position":2,"name":"Chambel\u00e1n opaca a quincea\u00f1era por su forma de bailar y el video se hace viral"}]},{"@type":"WebSite","@id":"https:\/\/fuentesfidedignas.com.mx\/#website","url":"https:\/\/fuentesfidedignas.com.mx\/","name":"Fuentes Fidedignas","description":"Otro sitio realizado con WordPress","publisher":{"@id":"https:\/\/fuentesfidedignas.com.mx\/#organization"},"potentialAction":[{"@type":"SearchAction","target":{"@type":"EntryPoint","urlTemplate":"https:\/\/fuentesfidedignas.com.mx\/?s={search_term_string}"},"query-input":{"@type":"PropertyValueSpecification","valueRequired":true,"valueName":"search_term_string"}}],"inLanguage":"es"},{"@type":"Organization","@id":"https:\/\/fuentesfidedignas.com.mx\/#organization","name":"Fuentes Fidedignas","url":"https:\/\/fuentesfidedignas.com.mx\/","logo":{"@type":"ImageObject","inLanguage":"es","@id":"https:\/\/fuentesfidedignas.com.mx\/#\/schema\/logo\/image\/","url":"https:\/\/fuentesfidedignas.com.mx\/wp-content\/uploads\/2021\/04\/logo-retina.png","contentUrl":"https:\/\/fuentesfidedignas.com.mx\/wp-content\/uploads\/2021\/04\/logo-retina.png","width":280,"height":51,"caption":"Fuentes Fidedignas"},"image":{"@id":"https:\/\/fuentesfidedignas.com.mx\/#\/schema\/logo\/image\/"},"sameAs":["https:\/\/www.facebook.com\/Fuentes-Fidedignas-368234489921644","https:\/\/x.com\/fidedignas"]},{"@type":"Person","@id":"https:\/\/fuentesfidedignas.com.mx\/#\/schema\/person\/f030e42657a5a464a8bbd891b1aab6ee","name":"Noticieros Televisa","image":{"@type":"ImageObject","inLanguage":"es","@id":"https:\/\/secure.gravatar.com\/avatar\/0e47b9e785a628831b8fd9eaf15e090e106760a879abbd4a3306f128ef5d43a9?s=96&d=mm&r=g","url":"https:\/\/secure.gravatar.com\/avatar\/0e47b9e785a628831b8fd9eaf15e090e106760a879abbd4a3306f128ef5d43a9?s=96&d=mm&r=g","contentUrl":"https:\/\/secure.gravatar.com\/avatar\/0e47b9e785a628831b8fd9eaf15e090e106760a879abbd4a3306f128ef5d43a9?s=96&d=mm&r=g","caption":"Noticieros Televisa"},"url":"https:\/\/fuentesfidedignas.com.mx\/index.php\/author\/noticieros-televisa\/"}]}},"_links":{"self":[{"href":"https:\/\/fuentesfidedignas.com.mx\/index.php\/wp-json\/wp\/v2\/posts\/40499","targetHints":{"allow":["GET"]}}],"collection":[{"href":"https:\/\/fuentesfidedignas.com.mx\/index.php\/wp-json\/wp\/v2\/posts"}],"about":[{"href":"https:\/\/fuentesfidedignas.com.mx\/index.php\/wp-json\/wp\/v2\/types\/post"}],"author":[{"embeddable":true,"href":"https:\/\/fuentesfidedignas.com.mx\/index.php\/wp-json\/wp\/v2\/users\/46"}],"replies":[{"embeddable":true,"href":"https:\/\/fuentesfidedignas.com.mx\/index.php\/wp-json\/wp\/v2\/comments?post=40499"}],"version-history":[{"count":1,"href":"https:\/\/fuentesfidedignas.com.mx\/index.php\/wp-json\/wp\/v2\/posts\/40499\/revisions"}],"predecessor-version":[{"id":40502,"href":"https:\/\/fuentesfidedignas.com.mx\/index.php\/wp-json\/wp\/v2\/posts\/40499\/revisions\/40502"}],"wp:featuredmedia":[{"embeddable":true,"href":"https:\/\/fuentesfidedignas.com.mx\/index.php\/wp-json\/wp\/v2\/media\/40501"}],"wp:attachment":[{"href":"https:\/\/fuentesfidedignas.com.mx\/index.php\/wp-json\/wp\/v2\/media?parent=40499"}],"wp:term":[{"taxonomy":"category","embeddable":true,"href":"https:\/\/fuentesfidedignas.com.mx\/index.php\/wp-json\/wp\/v2\/categories?post=40499"},{"taxonomy":"post_tag","embeddable":true,"href":"https:\/\/fuentesfidedignas.com.mx\/index.php\/wp-json\/wp\/v2\/tags?post=40499"}],"curies":[{"name":"wp","href":"https:\/\/api.w.org\/{rel}","templated":true}]}}