{"id":40440,"date":"2022-08-21T13:36:21","date_gmt":"2022-08-21T19:36:21","guid":{"rendered":"https:\/\/fuentesfidedignas.com.mx\/?p=40440"},"modified":"2022-08-21T13:37:56","modified_gmt":"2022-08-21T19:37:56","slug":"lluvia-incomunica-a-sonora-colapsan-carreteras-y-miles-de-familias-estan-inundadas","status":"publish","type":"post","link":"https:\/\/fuentesfidedignas.com.mx\/index.php\/2022\/08\/21\/lluvia-incomunica-a-sonora-colapsan-carreteras-y-miles-de-familias-estan-inundadas\/","title":{"rendered":"Lluvia incomunica a Sonora: colapsan carreteras\u00a0y miles de familias est\u00e1n inundadas"},"content":{"rendered":"\n<p><strong><em>La Secretar\u00eda de Marina en coordinaci\u00f3n con Protecci\u00f3n Civil del estado y cuerpos de auxilio han rescatado a varias personas en riesgo m\u00e1ximo de perder la vida<\/em><\/strong><\/p>\n\n\n\n<p>Sonora.- A miles de familias de Empalme les llueve sobre mojado; sus viviendas est\u00e1n inundadas y el agua en sus viviendas sube de nivel.<\/p>\n\n\n\n<p>El s\u00e1bado 20 de agosto la Coordinaci\u00f3n Estatal de Protecci\u00f3n Civil (CEPC), inform\u00f3 que realiza un plan de acci\u00f3n por inundaci\u00f3n en comunidades rurales de Guaymas-Empalme, en colaboraci\u00f3n con autoridades de los tres niveles de gobierno.<\/p>\n\n\n\n<p>Mediante este plan, desde temprana hora, se llevan a cabo evacuaciones preventivas a ra\u00edz del rompimiento parcial del Bordo Regulador Fusible de Ortiz en varias comisar\u00edas afectadas.<\/p>\n\n\n\n<p>Miles de familias de las zonas rurales de Guaymas y Empalme se inundaron y algunas quedaron atrapadas entre los arroyos.<\/p>\n\n\n\n<p><strong>Muertes y rescate de personas tras inundaciones<\/strong><br>Un padre sufri\u00f3 la gran pena de ver morir a su hijo de apenas 17 a\u00f1os de edad, cuando no pudieron salir de un arroyo en el Ca\u00f1\u00f3n del Nacapule en San Carlos Guaymas.<br>Una familia dur\u00f3 varias horas entre dos arroyos, en el Ejido Santa Mar\u00eda de Empalme; finalmente fueron rescatadas las seis personas, entre ellas dos ni\u00f1as.<\/p>\n\n\n\n<p>La Secretar\u00eda de Marina en coordinaci\u00f3n con Protecci\u00f3n Civil Sonora, logr\u00f3 el rescate de cuatro personas m\u00e1s, tres sobre el techo del Rancho El Ojal y un adulto mayor que estaba arriba de un mezquite en La Atravesada.<\/p>\n\n\n\n<p>Con apoyo de los cuerpos de emergencia de los gobiernos municipales de Guaymas y Empalme, Secretar\u00eda de Marina (Semar), Guardia Nacional (GN) y la Secretar\u00eda de la Defensa Nacional (Sedena).<\/p>\n\n\n\n<p>Las avenidas de agua junto con la fuerte lluvia provocaron crecidas en arroyos que llegaron hasta la bah\u00eda Guaymas-Empalme, donde el mar se desbord\u00f3 sobre la carretera internacional.<\/p>\n\n\n\n<p>Cientos de veh\u00edculos se encuentran varados en la Carretera Federal n\u00famero 15, al colapsar varios tramos por las fuertes avenidas de agua.<\/p>\n\n\n\n<p>Protecci\u00f3n Civil reporta da\u00f1o en el puente El Valiente en la carretera internacional Hermosillo &#8211; Guaymas kil\u00f3metro 138, por lo que recomend\u00f3 no tomar esa v\u00eda, Guardia Nacional y Caminos y Puentes ya trabaja en el lugar.<\/p>\n\n\n\n<p>Por da\u00f1os en su estructura, tambi\u00e9n se cerr\u00f3 el tramo en carretera Obreg\u00f3n &#8211; Empalme, km. 108.<\/p>\n\n\n\n<p>Tambi\u00e9n se report\u00f3 el cierre de la carretera 36 Norte Hermosillo &#8211; Puerto Libertad por inundaci\u00f3n en el Vado San Ignacio, adem\u00e1s de acumulaci\u00f3n de arena y \u00e1rboles, por lo que se recomienda no tomar esa v\u00eda.<\/p>\n\n\n\n<p>Se inform\u00f3 que una persona viol\u00f3 las cintas de advertencia y decidi\u00f3 ingresar con su veh\u00edculo al r\u00edo en Nacozari; fue rescatado ileso por Protecci\u00f3n Civil local, se pide a la poblaci\u00f3n atender las recomendaciones de las autoridades.<\/p>\n","protected":false},"excerpt":{"rendered":"<p>La Secretar\u00eda de Marina en coordinaci\u00f3n con Protecci\u00f3n Civil del estado y cuerpos de auxilio han rescatado a varias personas en riesgo m\u00e1ximo de perder la vida Sonora.- A miles de familias de Empalme les llueve sobre mojado; sus viviendas est\u00e1n inundadas y el agua en sus viviendas sube de nivel. El s\u00e1bado 20 de [&hellip;]<\/p>\n","protected":false},"author":39,"featured_media":40441,"comment_status":"open","ping_status":"open","sticky":false,"template":"","format":"standard","meta":{"tdm_status":"","tdm_grid_status":"","footnotes":""},"categories":[39],"tags":[],"class_list":{"0":"post-40440","1":"post","2":"type-post","3":"status-publish","4":"format-standard","5":"has-post-thumbnail","7":"category-noticias-nacionales"},"yoast_head":"<!-- This site is optimized with the Yoast SEO plugin v27.4 - https:\/\/yoast.com\/product\/yoast-seo-wordpress\/ -->\n<title>Lluvia incomunica a Sonora: colapsan carreteras\u00a0y miles de familias est\u00e1n inundadas - Fuentes Fidedignas<\/title>\n<meta name=\"robots\" content=\"index, follow, max-snippet:-1, max-image-preview:large, max-video-preview:-1\" \/>\n<link rel=\"canonical\" href=\"https:\/\/fuentesfidedignas.com.mx\/index.php\/2022\/08\/21\/lluvia-incomunica-a-sonora-colapsan-carreteras-y-miles-de-familias-estan-inundadas\/\" \/>\n<meta property=\"og:locale\" content=\"es_MX\" \/>\n<meta property=\"og:type\" content=\"article\" \/>\n<meta property=\"og:title\" content=\"Lluvia incomunica a Sonora: colapsan carreteras\u00a0y miles de familias est\u00e1n inundadas - Fuentes Fidedignas\" \/>\n<meta property=\"og:description\" content=\"La Secretar\u00eda de Marina en coordinaci\u00f3n con Protecci\u00f3n Civil del estado y cuerpos de auxilio han rescatado a varias personas en riesgo m\u00e1ximo de perder la vida Sonora.- A miles de familias de Empalme les llueve sobre mojado; sus viviendas est\u00e1n inundadas y el agua en sus viviendas sube de nivel. El s\u00e1bado 20 de [&hellip;]\" \/>\n<meta property=\"og:url\" content=\"https:\/\/fuentesfidedignas.com.mx\/index.php\/2022\/08\/21\/lluvia-incomunica-a-sonora-colapsan-carreteras-y-miles-de-familias-estan-inundadas\/\" \/>\n<meta property=\"og:site_name\" content=\"Fuentes Fidedignas\" \/>\n<meta property=\"article:publisher\" content=\"https:\/\/www.facebook.com\/Fuentes-Fidedignas-368234489921644\" \/>\n<meta property=\"article:published_time\" content=\"2022-08-21T19:36:21+00:00\" \/>\n<meta property=\"article:modified_time\" content=\"2022-08-21T19:37:56+00:00\" \/>\n<meta property=\"og:image\" content=\"https:\/\/fuentesfidedignas.com.mx\/wp-content\/uploads\/2022\/08\/INUNDACION_SONORA.jpg\" \/>\n\t<meta property=\"og:image:width\" content=\"1344\" \/>\n\t<meta property=\"og:image:height\" content=\"774\" \/>\n\t<meta property=\"og:image:type\" content=\"image\/jpeg\" \/>\n<meta name=\"author\" content=\"El Universal\" \/>\n<meta name=\"twitter:card\" content=\"summary_large_image\" \/>\n<meta name=\"twitter:creator\" content=\"@fidedignas\" \/>\n<meta name=\"twitter:site\" content=\"@fidedignas\" \/>\n<meta name=\"twitter:label1\" content=\"Escrito por\" \/>\n\t<meta name=\"twitter:data1\" content=\"El Universal\" \/>\n\t<meta name=\"twitter:label2\" content=\"Tiempo de lectura\" \/>\n\t<meta name=\"twitter:data2\" content=\"3 minutos\" \/>\n<script type=\"application\/ld+json\" class=\"yoast-schema-graph\">{\"@context\":\"https:\\\/\\\/schema.org\",\"@graph\":[{\"@type\":\"Article\",\"@id\":\"https:\\\/\\\/fuentesfidedignas.com.mx\\\/index.php\\\/2022\\\/08\\\/21\\\/lluvia-incomunica-a-sonora-colapsan-carreteras-y-miles-de-familias-estan-inundadas\\\/#article\",\"isPartOf\":{\"@id\":\"https:\\\/\\\/fuentesfidedignas.com.mx\\\/index.php\\\/2022\\\/08\\\/21\\\/lluvia-incomunica-a-sonora-colapsan-carreteras-y-miles-de-familias-estan-inundadas\\\/\"},\"author\":{\"name\":\"El Universal\",\"@id\":\"https:\\\/\\\/fuentesfidedignas.com.mx\\\/#\\\/schema\\\/person\\\/fee3882e65fd0510d292c43a346d35d7\"},\"headline\":\"Lluvia incomunica a Sonora: colapsan carreteras\u00a0y miles de familias est\u00e1n inundadas\",\"datePublished\":\"2022-08-21T19:36:21+00:00\",\"dateModified\":\"2022-08-21T19:37:56+00:00\",\"mainEntityOfPage\":{\"@id\":\"https:\\\/\\\/fuentesfidedignas.com.mx\\\/index.php\\\/2022\\\/08\\\/21\\\/lluvia-incomunica-a-sonora-colapsan-carreteras-y-miles-de-familias-estan-inundadas\\\/\"},\"wordCount\":497,\"commentCount\":0,\"publisher\":{\"@id\":\"https:\\\/\\\/fuentesfidedignas.com.mx\\\/#organization\"},\"image\":{\"@id\":\"https:\\\/\\\/fuentesfidedignas.com.mx\\\/index.php\\\/2022\\\/08\\\/21\\\/lluvia-incomunica-a-sonora-colapsan-carreteras-y-miles-de-familias-estan-inundadas\\\/#primaryimage\"},\"thumbnailUrl\":\"https:\\\/\\\/fuentesfidedignas.com.mx\\\/wp-content\\\/uploads\\\/2022\\\/08\\\/INUNDACION_SONORA.jpg\",\"articleSection\":[\"NOTICIAS NACIONALES\"],\"inLanguage\":\"es\",\"potentialAction\":[{\"@type\":\"CommentAction\",\"name\":\"Comment\",\"target\":[\"https:\\\/\\\/fuentesfidedignas.com.mx\\\/index.php\\\/2022\\\/08\\\/21\\\/lluvia-incomunica-a-sonora-colapsan-carreteras-y-miles-de-familias-estan-inundadas\\\/#respond\"]}]},{\"@type\":\"WebPage\",\"@id\":\"https:\\\/\\\/fuentesfidedignas.com.mx\\\/index.php\\\/2022\\\/08\\\/21\\\/lluvia-incomunica-a-sonora-colapsan-carreteras-y-miles-de-familias-estan-inundadas\\\/\",\"url\":\"https:\\\/\\\/fuentesfidedignas.com.mx\\\/index.php\\\/2022\\\/08\\\/21\\\/lluvia-incomunica-a-sonora-colapsan-carreteras-y-miles-de-familias-estan-inundadas\\\/\",\"name\":\"Lluvia incomunica a Sonora: colapsan carreteras\u00a0y miles de familias est\u00e1n inundadas - Fuentes Fidedignas\",\"isPartOf\":{\"@id\":\"https:\\\/\\\/fuentesfidedignas.com.mx\\\/#website\"},\"primaryImageOfPage\":{\"@id\":\"https:\\\/\\\/fuentesfidedignas.com.mx\\\/index.php\\\/2022\\\/08\\\/21\\\/lluvia-incomunica-a-sonora-colapsan-carreteras-y-miles-de-familias-estan-inundadas\\\/#primaryimage\"},\"image\":{\"@id\":\"https:\\\/\\\/fuentesfidedignas.com.mx\\\/index.php\\\/2022\\\/08\\\/21\\\/lluvia-incomunica-a-sonora-colapsan-carreteras-y-miles-de-familias-estan-inundadas\\\/#primaryimage\"},\"thumbnailUrl\":\"https:\\\/\\\/fuentesfidedignas.com.mx\\\/wp-content\\\/uploads\\\/2022\\\/08\\\/INUNDACION_SONORA.jpg\",\"datePublished\":\"2022-08-21T19:36:21+00:00\",\"dateModified\":\"2022-08-21T19:37:56+00:00\",\"breadcrumb\":{\"@id\":\"https:\\\/\\\/fuentesfidedignas.com.mx\\\/index.php\\\/2022\\\/08\\\/21\\\/lluvia-incomunica-a-sonora-colapsan-carreteras-y-miles-de-familias-estan-inundadas\\\/#breadcrumb\"},\"inLanguage\":\"es\",\"potentialAction\":[{\"@type\":\"ReadAction\",\"target\":[\"https:\\\/\\\/fuentesfidedignas.com.mx\\\/index.php\\\/2022\\\/08\\\/21\\\/lluvia-incomunica-a-sonora-colapsan-carreteras-y-miles-de-familias-estan-inundadas\\\/\"]}]},{\"@type\":\"ImageObject\",\"inLanguage\":\"es\",\"@id\":\"https:\\\/\\\/fuentesfidedignas.com.mx\\\/index.php\\\/2022\\\/08\\\/21\\\/lluvia-incomunica-a-sonora-colapsan-carreteras-y-miles-de-familias-estan-inundadas\\\/#primaryimage\",\"url\":\"https:\\\/\\\/fuentesfidedignas.com.mx\\\/wp-content\\\/uploads\\\/2022\\\/08\\\/INUNDACION_SONORA.jpg\",\"contentUrl\":\"https:\\\/\\\/fuentesfidedignas.com.mx\\\/wp-content\\\/uploads\\\/2022\\\/08\\\/INUNDACION_SONORA.jpg\",\"width\":1344,\"height\":774},{\"@type\":\"BreadcrumbList\",\"@id\":\"https:\\\/\\\/fuentesfidedignas.com.mx\\\/index.php\\\/2022\\\/08\\\/21\\\/lluvia-incomunica-a-sonora-colapsan-carreteras-y-miles-de-familias-estan-inundadas\\\/#breadcrumb\",\"itemListElement\":[{\"@type\":\"ListItem\",\"position\":1,\"name\":\"Inicio\",\"item\":\"https:\\\/\\\/fuentesfidedignas.com.mx\\\/\"},{\"@type\":\"ListItem\",\"position\":2,\"name\":\"Lluvia incomunica a Sonora: colapsan carreteras\u00a0y miles de familias est\u00e1n inundadas\"}]},{\"@type\":\"WebSite\",\"@id\":\"https:\\\/\\\/fuentesfidedignas.com.mx\\\/#website\",\"url\":\"https:\\\/\\\/fuentesfidedignas.com.mx\\\/\",\"name\":\"Fuentes Fidedignas\",\"description\":\"Otro sitio realizado con WordPress\",\"publisher\":{\"@id\":\"https:\\\/\\\/fuentesfidedignas.com.mx\\\/#organization\"},\"potentialAction\":[{\"@type\":\"SearchAction\",\"target\":{\"@type\":\"EntryPoint\",\"urlTemplate\":\"https:\\\/\\\/fuentesfidedignas.com.mx\\\/?s={search_term_string}\"},\"query-input\":{\"@type\":\"PropertyValueSpecification\",\"valueRequired\":true,\"valueName\":\"search_term_string\"}}],\"inLanguage\":\"es\"},{\"@type\":\"Organization\",\"@id\":\"https:\\\/\\\/fuentesfidedignas.com.mx\\\/#organization\",\"name\":\"Fuentes Fidedignas\",\"url\":\"https:\\\/\\\/fuentesfidedignas.com.mx\\\/\",\"logo\":{\"@type\":\"ImageObject\",\"inLanguage\":\"es\",\"@id\":\"https:\\\/\\\/fuentesfidedignas.com.mx\\\/#\\\/schema\\\/logo\\\/image\\\/\",\"url\":\"https:\\\/\\\/fuentesfidedignas.com.mx\\\/wp-content\\\/uploads\\\/2021\\\/04\\\/logo-retina.png\",\"contentUrl\":\"https:\\\/\\\/fuentesfidedignas.com.mx\\\/wp-content\\\/uploads\\\/2021\\\/04\\\/logo-retina.png\",\"width\":280,\"height\":51,\"caption\":\"Fuentes Fidedignas\"},\"image\":{\"@id\":\"https:\\\/\\\/fuentesfidedignas.com.mx\\\/#\\\/schema\\\/logo\\\/image\\\/\"},\"sameAs\":[\"https:\\\/\\\/www.facebook.com\\\/Fuentes-Fidedignas-368234489921644\",\"https:\\\/\\\/x.com\\\/fidedignas\"]},{\"@type\":\"Person\",\"@id\":\"https:\\\/\\\/fuentesfidedignas.com.mx\\\/#\\\/schema\\\/person\\\/fee3882e65fd0510d292c43a346d35d7\",\"name\":\"El Universal\",\"image\":{\"@type\":\"ImageObject\",\"inLanguage\":\"es\",\"@id\":\"https:\\\/\\\/secure.gravatar.com\\\/avatar\\\/1ebc94d82b6c3c081781f73e5b76a0d0c1ac7bf8e57426f18802246eeaa2747c?s=96&d=mm&r=g\",\"url\":\"https:\\\/\\\/secure.gravatar.com\\\/avatar\\\/1ebc94d82b6c3c081781f73e5b76a0d0c1ac7bf8e57426f18802246eeaa2747c?s=96&d=mm&r=g\",\"contentUrl\":\"https:\\\/\\\/secure.gravatar.com\\\/avatar\\\/1ebc94d82b6c3c081781f73e5b76a0d0c1ac7bf8e57426f18802246eeaa2747c?s=96&d=mm&r=g\",\"caption\":\"El Universal\"},\"url\":\"https:\\\/\\\/fuentesfidedignas.com.mx\\\/index.php\\\/author\\\/el-universal\\\/\"}]}<\/script>\n<!-- \/ Yoast SEO plugin. -->","yoast_head_json":{"title":"Lluvia incomunica a Sonora: colapsan carreteras\u00a0y miles de familias est\u00e1n inundadas - Fuentes Fidedignas","robots":{"index":"index","follow":"follow","max-snippet":"max-snippet:-1","max-image-preview":"max-image-preview:large","max-video-preview":"max-video-preview:-1"},"canonical":"https:\/\/fuentesfidedignas.com.mx\/index.php\/2022\/08\/21\/lluvia-incomunica-a-sonora-colapsan-carreteras-y-miles-de-familias-estan-inundadas\/","og_locale":"es_MX","og_type":"article","og_title":"Lluvia incomunica a Sonora: colapsan carreteras\u00a0y miles de familias est\u00e1n inundadas - Fuentes Fidedignas","og_description":"La Secretar\u00eda de Marina en coordinaci\u00f3n con Protecci\u00f3n Civil del estado y cuerpos de auxilio han rescatado a varias personas en riesgo m\u00e1ximo de perder la vida Sonora.- A miles de familias de Empalme les llueve sobre mojado; sus viviendas est\u00e1n inundadas y el agua en sus viviendas sube de nivel. El s\u00e1bado 20 de [&hellip;]","og_url":"https:\/\/fuentesfidedignas.com.mx\/index.php\/2022\/08\/21\/lluvia-incomunica-a-sonora-colapsan-carreteras-y-miles-de-familias-estan-inundadas\/","og_site_name":"Fuentes Fidedignas","article_publisher":"https:\/\/www.facebook.com\/Fuentes-Fidedignas-368234489921644","article_published_time":"2022-08-21T19:36:21+00:00","article_modified_time":"2022-08-21T19:37:56+00:00","og_image":[{"width":1344,"height":774,"url":"https:\/\/fuentesfidedignas.com.mx\/wp-content\/uploads\/2022\/08\/INUNDACION_SONORA.jpg","type":"image\/jpeg"}],"author":"El Universal","twitter_card":"summary_large_image","twitter_creator":"@fidedignas","twitter_site":"@fidedignas","twitter_misc":{"Escrito por":"El Universal","Tiempo de lectura":"3 minutos"},"schema":{"@context":"https:\/\/schema.org","@graph":[{"@type":"Article","@id":"https:\/\/fuentesfidedignas.com.mx\/index.php\/2022\/08\/21\/lluvia-incomunica-a-sonora-colapsan-carreteras-y-miles-de-familias-estan-inundadas\/#article","isPartOf":{"@id":"https:\/\/fuentesfidedignas.com.mx\/index.php\/2022\/08\/21\/lluvia-incomunica-a-sonora-colapsan-carreteras-y-miles-de-familias-estan-inundadas\/"},"author":{"name":"El Universal","@id":"https:\/\/fuentesfidedignas.com.mx\/#\/schema\/person\/fee3882e65fd0510d292c43a346d35d7"},"headline":"Lluvia incomunica a Sonora: colapsan carreteras\u00a0y miles de familias est\u00e1n inundadas","datePublished":"2022-08-21T19:36:21+00:00","dateModified":"2022-08-21T19:37:56+00:00","mainEntityOfPage":{"@id":"https:\/\/fuentesfidedignas.com.mx\/index.php\/2022\/08\/21\/lluvia-incomunica-a-sonora-colapsan-carreteras-y-miles-de-familias-estan-inundadas\/"},"wordCount":497,"commentCount":0,"publisher":{"@id":"https:\/\/fuentesfidedignas.com.mx\/#organization"},"image":{"@id":"https:\/\/fuentesfidedignas.com.mx\/index.php\/2022\/08\/21\/lluvia-incomunica-a-sonora-colapsan-carreteras-y-miles-de-familias-estan-inundadas\/#primaryimage"},"thumbnailUrl":"https:\/\/fuentesfidedignas.com.mx\/wp-content\/uploads\/2022\/08\/INUNDACION_SONORA.jpg","articleSection":["NOTICIAS NACIONALES"],"inLanguage":"es","potentialAction":[{"@type":"CommentAction","name":"Comment","target":["https:\/\/fuentesfidedignas.com.mx\/index.php\/2022\/08\/21\/lluvia-incomunica-a-sonora-colapsan-carreteras-y-miles-de-familias-estan-inundadas\/#respond"]}]},{"@type":"WebPage","@id":"https:\/\/fuentesfidedignas.com.mx\/index.php\/2022\/08\/21\/lluvia-incomunica-a-sonora-colapsan-carreteras-y-miles-de-familias-estan-inundadas\/","url":"https:\/\/fuentesfidedignas.com.mx\/index.php\/2022\/08\/21\/lluvia-incomunica-a-sonora-colapsan-carreteras-y-miles-de-familias-estan-inundadas\/","name":"Lluvia incomunica a Sonora: colapsan carreteras\u00a0y miles de familias est\u00e1n inundadas - Fuentes Fidedignas","isPartOf":{"@id":"https:\/\/fuentesfidedignas.com.mx\/#website"},"primaryImageOfPage":{"@id":"https:\/\/fuentesfidedignas.com.mx\/index.php\/2022\/08\/21\/lluvia-incomunica-a-sonora-colapsan-carreteras-y-miles-de-familias-estan-inundadas\/#primaryimage"},"image":{"@id":"https:\/\/fuentesfidedignas.com.mx\/index.php\/2022\/08\/21\/lluvia-incomunica-a-sonora-colapsan-carreteras-y-miles-de-familias-estan-inundadas\/#primaryimage"},"thumbnailUrl":"https:\/\/fuentesfidedignas.com.mx\/wp-content\/uploads\/2022\/08\/INUNDACION_SONORA.jpg","datePublished":"2022-08-21T19:36:21+00:00","dateModified":"2022-08-21T19:37:56+00:00","breadcrumb":{"@id":"https:\/\/fuentesfidedignas.com.mx\/index.php\/2022\/08\/21\/lluvia-incomunica-a-sonora-colapsan-carreteras-y-miles-de-familias-estan-inundadas\/#breadcrumb"},"inLanguage":"es","potentialAction":[{"@type":"ReadAction","target":["https:\/\/fuentesfidedignas.com.mx\/index.php\/2022\/08\/21\/lluvia-incomunica-a-sonora-colapsan-carreteras-y-miles-de-familias-estan-inundadas\/"]}]},{"@type":"ImageObject","inLanguage":"es","@id":"https:\/\/fuentesfidedignas.com.mx\/index.php\/2022\/08\/21\/lluvia-incomunica-a-sonora-colapsan-carreteras-y-miles-de-familias-estan-inundadas\/#primaryimage","url":"https:\/\/fuentesfidedignas.com.mx\/wp-content\/uploads\/2022\/08\/INUNDACION_SONORA.jpg","contentUrl":"https:\/\/fuentesfidedignas.com.mx\/wp-content\/uploads\/2022\/08\/INUNDACION_SONORA.jpg","width":1344,"height":774},{"@type":"BreadcrumbList","@id":"https:\/\/fuentesfidedignas.com.mx\/index.php\/2022\/08\/21\/lluvia-incomunica-a-sonora-colapsan-carreteras-y-miles-de-familias-estan-inundadas\/#breadcrumb","itemListElement":[{"@type":"ListItem","position":1,"name":"Inicio","item":"https:\/\/fuentesfidedignas.com.mx\/"},{"@type":"ListItem","position":2,"name":"Lluvia incomunica a Sonora: colapsan carreteras\u00a0y miles de familias est\u00e1n inundadas"}]},{"@type":"WebSite","@id":"https:\/\/fuentesfidedignas.com.mx\/#website","url":"https:\/\/fuentesfidedignas.com.mx\/","name":"Fuentes Fidedignas","description":"Otro sitio realizado con WordPress","publisher":{"@id":"https:\/\/fuentesfidedignas.com.mx\/#organization"},"potentialAction":[{"@type":"SearchAction","target":{"@type":"EntryPoint","urlTemplate":"https:\/\/fuentesfidedignas.com.mx\/?s={search_term_string}"},"query-input":{"@type":"PropertyValueSpecification","valueRequired":true,"valueName":"search_term_string"}}],"inLanguage":"es"},{"@type":"Organization","@id":"https:\/\/fuentesfidedignas.com.mx\/#organization","name":"Fuentes Fidedignas","url":"https:\/\/fuentesfidedignas.com.mx\/","logo":{"@type":"ImageObject","inLanguage":"es","@id":"https:\/\/fuentesfidedignas.com.mx\/#\/schema\/logo\/image\/","url":"https:\/\/fuentesfidedignas.com.mx\/wp-content\/uploads\/2021\/04\/logo-retina.png","contentUrl":"https:\/\/fuentesfidedignas.com.mx\/wp-content\/uploads\/2021\/04\/logo-retina.png","width":280,"height":51,"caption":"Fuentes Fidedignas"},"image":{"@id":"https:\/\/fuentesfidedignas.com.mx\/#\/schema\/logo\/image\/"},"sameAs":["https:\/\/www.facebook.com\/Fuentes-Fidedignas-368234489921644","https:\/\/x.com\/fidedignas"]},{"@type":"Person","@id":"https:\/\/fuentesfidedignas.com.mx\/#\/schema\/person\/fee3882e65fd0510d292c43a346d35d7","name":"El Universal","image":{"@type":"ImageObject","inLanguage":"es","@id":"https:\/\/secure.gravatar.com\/avatar\/1ebc94d82b6c3c081781f73e5b76a0d0c1ac7bf8e57426f18802246eeaa2747c?s=96&d=mm&r=g","url":"https:\/\/secure.gravatar.com\/avatar\/1ebc94d82b6c3c081781f73e5b76a0d0c1ac7bf8e57426f18802246eeaa2747c?s=96&d=mm&r=g","contentUrl":"https:\/\/secure.gravatar.com\/avatar\/1ebc94d82b6c3c081781f73e5b76a0d0c1ac7bf8e57426f18802246eeaa2747c?s=96&d=mm&r=g","caption":"El Universal"},"url":"https:\/\/fuentesfidedignas.com.mx\/index.php\/author\/el-universal\/"}]}},"_links":{"self":[{"href":"https:\/\/fuentesfidedignas.com.mx\/index.php\/wp-json\/wp\/v2\/posts\/40440","targetHints":{"allow":["GET"]}}],"collection":[{"href":"https:\/\/fuentesfidedignas.com.mx\/index.php\/wp-json\/wp\/v2\/posts"}],"about":[{"href":"https:\/\/fuentesfidedignas.com.mx\/index.php\/wp-json\/wp\/v2\/types\/post"}],"author":[{"embeddable":true,"href":"https:\/\/fuentesfidedignas.com.mx\/index.php\/wp-json\/wp\/v2\/users\/39"}],"replies":[{"embeddable":true,"href":"https:\/\/fuentesfidedignas.com.mx\/index.php\/wp-json\/wp\/v2\/comments?post=40440"}],"version-history":[{"count":2,"href":"https:\/\/fuentesfidedignas.com.mx\/index.php\/wp-json\/wp\/v2\/posts\/40440\/revisions"}],"predecessor-version":[{"id":40443,"href":"https:\/\/fuentesfidedignas.com.mx\/index.php\/wp-json\/wp\/v2\/posts\/40440\/revisions\/40443"}],"wp:featuredmedia":[{"embeddable":true,"href":"https:\/\/fuentesfidedignas.com.mx\/index.php\/wp-json\/wp\/v2\/media\/40441"}],"wp:attachment":[{"href":"https:\/\/fuentesfidedignas.com.mx\/index.php\/wp-json\/wp\/v2\/media?parent=40440"}],"wp:term":[{"taxonomy":"category","embeddable":true,"href":"https:\/\/fuentesfidedignas.com.mx\/index.php\/wp-json\/wp\/v2\/categories?post=40440"},{"taxonomy":"post_tag","embeddable":true,"href":"https:\/\/fuentesfidedignas.com.mx\/index.php\/wp-json\/wp\/v2\/tags?post=40440"}],"curies":[{"name":"wp","href":"https:\/\/api.w.org\/{rel}","templated":true}]}}