{"id":40390,"date":"2022-08-19T17:18:51","date_gmt":"2022-08-19T23:18:51","guid":{"rendered":"https:\/\/fuentesfidedignas.com.mx\/?p=40390"},"modified":"2022-08-19T17:18:53","modified_gmt":"2022-08-19T23:18:53","slug":"sinaloa-y-jalisco-se-unen-para-impulsar-el-desarrollo-industrial","status":"publish","type":"post","link":"https:\/\/fuentesfidedignas.com.mx\/index.php\/2022\/08\/19\/sinaloa-y-jalisco-se-unen-para-impulsar-el-desarrollo-industrial\/","title":{"rendered":"Sinaloa y Jalisco se unen para impulsar el desarrollo industrial"},"content":{"rendered":"\n<p><strong><em>La alianza estrat\u00e9gica entre INDEX Jalisco e INDEX Sinaloa permitir\u00e1 fomentar las relaciones comerciales y el desarrollo de nuevos proyectos de inversi\u00f3n.<\/em><\/strong><\/p>\n\n\n\n<p>Culiac\u00e1n, Sinaloa.- Sinaloa se est\u00e1 convirtiendo en un estado mucho m\u00e1s din\u00e1mico, con mayores niveles de inversi\u00f3n, crecimiento y desarrollo econ\u00f3mico tal como lo proyecta el Plan Estatal de Desarrollo del Gobernador Rub\u00e9n Rocha Moya y en ruta, y para seguir con ese dinamismo, la estrategia a seguir es la diversificaci\u00f3n en la atracci\u00f3n y retenci\u00f3n de inversiones para el estado a trav\u00e9s de la industrializaci\u00f3n, asegur\u00f3 el Secretario de Econom\u00eda, Javier Gaxiola Coppel.<\/p>\n\n\n\n<p>El d\u00eda de hoy se recibi\u00f3 la visita del Secretario de Desarrollo Econ\u00f3mico de Jalisco, Luis Roberto Arechederra Pacheco y el Presidente de INDEX Occidente Guillermo del R\u00edo Ochoa quienes sostuvieron una reuni\u00f3n con empresarios sinaloenses donde dialogaron sobre las nuevas vocaciones industriales que se pueden potencializar en el estado.<\/p>\n\n\n\n<p>En el marco de esta reuni\u00f3n de trabajo se firm\u00f3 un convenio entre INDEX Sinaloa e INDEX Occidente que busca impulsar la industria y fomentar relaciones comerciales y el desarrollo de nuevos proyectos de inversi\u00f3n.<\/p>\n\n\n\n<p>En su mensaje el Secretario de Econom\u00eda, Javier Gaxiola Coppel reconoci\u00f3 a INDEX Sinaloa el acercamiento con sus hom\u00f3logos de INDEX Occidente para formalizar la alianza.<\/p>\n\n\n\n<p>Lo m\u00e1s valioso al desarrollar la alianza entre INDEX Sinaloa e INDEX Occidente es que con ello se impulsar\u00e1n las exportaciones, se beneficiar\u00e1n miles de familias a trav\u00e9s de la generaci\u00f3n de empleos y la derrama econ\u00f3mica, el objetivo final, es ayudar a la gente, sobre todo a los que m\u00e1s lo necesitan.<\/p>\n\n\n\n<p>En este evento de firma de convenio el Secretario de Econom\u00eda de Jalisco, Luis Roberto Arechederra Pacheco destac\u00f3 tambi\u00e9n la importancia de trabajar en conjunto en busca de impulsar m\u00e1s el comercio hacia el exterior.<\/p>\n\n\n\n<p>INDEX Occidente cuenta con 46 a\u00f1os de experiencia apoyando a las compa\u00f1\u00edas manufacteras de ese estado, y tienen 419 empresas registradas al programa IMMEX.<\/p>\n\n\n\n<p>Jos\u00e9 Alberto Ochoa Calder\u00f3n, Presidente de la Consejo Nacional de la Industria Maquiladora y Manufacturera de Exportaci\u00f3n \u2013INDEX- Sinaloa, admiti\u00f3 que se asume un compromiso con la alianza con Jalisco para detonar de m\u00e1s empleos, atracci\u00f3n de tecnolog\u00eda y de bienestar para Sinaloa.<\/p>\n\n\n\n<p>En su mensaje el Presidente de INDEX Occidente, Guillermo del R\u00edo Ochoa, expres\u00f3 que gracias al trabajo en conjunto de las Secretar\u00edas de Econom\u00eda de Jalisco y de Sinaloa se pueden establecer estrategias a trav\u00e9s de convenios de este tipo que buscan traer mejores oportunidades de empleo y generar una mayor derrama econ\u00f3mica.<\/p>\n\n\n\n<p>El programa IMMEX es un programa de la Secretar\u00eda de Econom\u00eda federal donde las empresas pueden importar temporalmente ciertos bienes sin cubrir el impuesto general de importaci\u00f3n, el IVA y las cuotas compensatorias, para que puedan transformarlas y luego ser exportadas. En Sinaloa este proceso de importaci\u00f3n temporal genera m\u00e1s de 35 mil empleos en nuestro estado.<\/p>\n\n\n\n<p>Asistieron tambi\u00e9n a este evento, la Directora de \u00e1rea de vinculaci\u00f3n estrat\u00e9gica de la Secretar\u00eda de Desarrollo Econ\u00f3mico de Jalisco, Fabiola Berenice Navarro, el Sub Secretario de Promoci\u00f3n y Competitividad Econ\u00f3mica de Sinaloa, Felipe Ibarra, el Director de Codesin, Juan Ernesto Mill\u00e1n, el presidente de Canacintra Culiac\u00e1n, Sergio \u00c1lvarez Torres y el Director del CIT, Germ\u00e1n Rivera.<\/p>\n","protected":false},"excerpt":{"rendered":"<p>La alianza estrat\u00e9gica entre INDEX Jalisco e INDEX Sinaloa permitir\u00e1 fomentar las relaciones comerciales y el desarrollo de nuevos proyectos de inversi\u00f3n. Culiac\u00e1n, Sinaloa.- Sinaloa se est\u00e1 convirtiendo en un estado mucho m\u00e1s din\u00e1mico, con mayores niveles de inversi\u00f3n, crecimiento y desarrollo econ\u00f3mico tal como lo proyecta el Plan Estatal de Desarrollo del Gobernador Rub\u00e9n [&hellip;]<\/p>\n","protected":false},"author":4,"featured_media":40391,"comment_status":"open","ping_status":"open","sticky":false,"template":"","format":"standard","meta":{"tdm_status":"","tdm_grid_status":"","footnotes":""},"categories":[38],"tags":[],"class_list":{"0":"post-40390","1":"post","2":"type-post","3":"status-publish","4":"format-standard","5":"has-post-thumbnail","7":"category-noticias-locales"},"yoast_head":"<!-- This site is optimized with the Yoast SEO plugin v27.5 - https:\/\/yoast.com\/product\/yoast-seo-wordpress\/ -->\n<title>Sinaloa y Jalisco se unen para impulsar el desarrollo industrial - Fuentes Fidedignas<\/title>\n<meta name=\"robots\" content=\"index, follow, max-snippet:-1, max-image-preview:large, max-video-preview:-1\" \/>\n<link rel=\"canonical\" href=\"https:\/\/fuentesfidedignas.com.mx\/index.php\/2022\/08\/19\/sinaloa-y-jalisco-se-unen-para-impulsar-el-desarrollo-industrial\/\" \/>\n<meta property=\"og:locale\" content=\"es_MX\" \/>\n<meta property=\"og:type\" content=\"article\" \/>\n<meta property=\"og:title\" content=\"Sinaloa y Jalisco se unen para impulsar el desarrollo industrial - Fuentes Fidedignas\" \/>\n<meta property=\"og:description\" content=\"La alianza estrat\u00e9gica entre INDEX Jalisco e INDEX Sinaloa permitir\u00e1 fomentar las relaciones comerciales y el desarrollo de nuevos proyectos de inversi\u00f3n. Culiac\u00e1n, Sinaloa.- Sinaloa se est\u00e1 convirtiendo en un estado mucho m\u00e1s din\u00e1mico, con mayores niveles de inversi\u00f3n, crecimiento y desarrollo econ\u00f3mico tal como lo proyecta el Plan Estatal de Desarrollo del Gobernador Rub\u00e9n [&hellip;]\" \/>\n<meta property=\"og:url\" content=\"https:\/\/fuentesfidedignas.com.mx\/index.php\/2022\/08\/19\/sinaloa-y-jalisco-se-unen-para-impulsar-el-desarrollo-industrial\/\" \/>\n<meta property=\"og:site_name\" content=\"Fuentes Fidedignas\" \/>\n<meta property=\"article:publisher\" content=\"https:\/\/www.facebook.com\/Fuentes-Fidedignas-368234489921644\" \/>\n<meta property=\"article:published_time\" content=\"2022-08-19T23:18:51+00:00\" \/>\n<meta property=\"article:modified_time\" content=\"2022-08-19T23:18:53+00:00\" \/>\n<meta property=\"og:image\" content=\"https:\/\/fuentesfidedignas.com.mx\/wp-content\/uploads\/2022\/08\/IMG-20220819-WA0066.jpg\" \/>\n\t<meta property=\"og:image:width\" content=\"1280\" \/>\n\t<meta property=\"og:image:height\" content=\"853\" \/>\n\t<meta property=\"og:image:type\" content=\"image\/jpeg\" \/>\n<meta name=\"author\" content=\"Redacci\u00f3n\" \/>\n<meta name=\"twitter:card\" content=\"summary_large_image\" \/>\n<meta name=\"twitter:creator\" content=\"@fidedignas\" \/>\n<meta name=\"twitter:site\" content=\"@fidedignas\" \/>\n<meta name=\"twitter:label1\" content=\"Escrito por\" \/>\n\t<meta name=\"twitter:data1\" content=\"Redacci\u00f3n\" \/>\n\t<meta name=\"twitter:label2\" content=\"Tiempo de lectura\" \/>\n\t<meta name=\"twitter:data2\" content=\"3 minutos\" \/>\n<script type=\"application\/ld+json\" class=\"yoast-schema-graph\">{\"@context\":\"https:\\\/\\\/schema.org\",\"@graph\":[{\"@type\":\"Article\",\"@id\":\"https:\\\/\\\/fuentesfidedignas.com.mx\\\/index.php\\\/2022\\\/08\\\/19\\\/sinaloa-y-jalisco-se-unen-para-impulsar-el-desarrollo-industrial\\\/#article\",\"isPartOf\":{\"@id\":\"https:\\\/\\\/fuentesfidedignas.com.mx\\\/index.php\\\/2022\\\/08\\\/19\\\/sinaloa-y-jalisco-se-unen-para-impulsar-el-desarrollo-industrial\\\/\"},\"author\":{\"name\":\"Redacci\u00f3n\",\"@id\":\"https:\\\/\\\/fuentesfidedignas.com.mx\\\/#\\\/schema\\\/person\\\/331be9283d37198e2acd5750279085b0\"},\"headline\":\"Sinaloa y Jalisco se unen para impulsar el desarrollo industrial\",\"datePublished\":\"2022-08-19T23:18:51+00:00\",\"dateModified\":\"2022-08-19T23:18:53+00:00\",\"mainEntityOfPage\":{\"@id\":\"https:\\\/\\\/fuentesfidedignas.com.mx\\\/index.php\\\/2022\\\/08\\\/19\\\/sinaloa-y-jalisco-se-unen-para-impulsar-el-desarrollo-industrial\\\/\"},\"wordCount\":596,\"commentCount\":0,\"publisher\":{\"@id\":\"https:\\\/\\\/fuentesfidedignas.com.mx\\\/#organization\"},\"image\":{\"@id\":\"https:\\\/\\\/fuentesfidedignas.com.mx\\\/index.php\\\/2022\\\/08\\\/19\\\/sinaloa-y-jalisco-se-unen-para-impulsar-el-desarrollo-industrial\\\/#primaryimage\"},\"thumbnailUrl\":\"https:\\\/\\\/fuentesfidedignas.com.mx\\\/wp-content\\\/uploads\\\/2022\\\/08\\\/IMG-20220819-WA0066.jpg\",\"articleSection\":[\"NOTICIAS LOCALES\"],\"inLanguage\":\"es\",\"potentialAction\":[{\"@type\":\"CommentAction\",\"name\":\"Comment\",\"target\":[\"https:\\\/\\\/fuentesfidedignas.com.mx\\\/index.php\\\/2022\\\/08\\\/19\\\/sinaloa-y-jalisco-se-unen-para-impulsar-el-desarrollo-industrial\\\/#respond\"]}]},{\"@type\":\"WebPage\",\"@id\":\"https:\\\/\\\/fuentesfidedignas.com.mx\\\/index.php\\\/2022\\\/08\\\/19\\\/sinaloa-y-jalisco-se-unen-para-impulsar-el-desarrollo-industrial\\\/\",\"url\":\"https:\\\/\\\/fuentesfidedignas.com.mx\\\/index.php\\\/2022\\\/08\\\/19\\\/sinaloa-y-jalisco-se-unen-para-impulsar-el-desarrollo-industrial\\\/\",\"name\":\"Sinaloa y Jalisco se unen para impulsar el desarrollo industrial - Fuentes Fidedignas\",\"isPartOf\":{\"@id\":\"https:\\\/\\\/fuentesfidedignas.com.mx\\\/#website\"},\"primaryImageOfPage\":{\"@id\":\"https:\\\/\\\/fuentesfidedignas.com.mx\\\/index.php\\\/2022\\\/08\\\/19\\\/sinaloa-y-jalisco-se-unen-para-impulsar-el-desarrollo-industrial\\\/#primaryimage\"},\"image\":{\"@id\":\"https:\\\/\\\/fuentesfidedignas.com.mx\\\/index.php\\\/2022\\\/08\\\/19\\\/sinaloa-y-jalisco-se-unen-para-impulsar-el-desarrollo-industrial\\\/#primaryimage\"},\"thumbnailUrl\":\"https:\\\/\\\/fuentesfidedignas.com.mx\\\/wp-content\\\/uploads\\\/2022\\\/08\\\/IMG-20220819-WA0066.jpg\",\"datePublished\":\"2022-08-19T23:18:51+00:00\",\"dateModified\":\"2022-08-19T23:18:53+00:00\",\"breadcrumb\":{\"@id\":\"https:\\\/\\\/fuentesfidedignas.com.mx\\\/index.php\\\/2022\\\/08\\\/19\\\/sinaloa-y-jalisco-se-unen-para-impulsar-el-desarrollo-industrial\\\/#breadcrumb\"},\"inLanguage\":\"es\",\"potentialAction\":[{\"@type\":\"ReadAction\",\"target\":[\"https:\\\/\\\/fuentesfidedignas.com.mx\\\/index.php\\\/2022\\\/08\\\/19\\\/sinaloa-y-jalisco-se-unen-para-impulsar-el-desarrollo-industrial\\\/\"]}]},{\"@type\":\"ImageObject\",\"inLanguage\":\"es\",\"@id\":\"https:\\\/\\\/fuentesfidedignas.com.mx\\\/index.php\\\/2022\\\/08\\\/19\\\/sinaloa-y-jalisco-se-unen-para-impulsar-el-desarrollo-industrial\\\/#primaryimage\",\"url\":\"https:\\\/\\\/fuentesfidedignas.com.mx\\\/wp-content\\\/uploads\\\/2022\\\/08\\\/IMG-20220819-WA0066.jpg\",\"contentUrl\":\"https:\\\/\\\/fuentesfidedignas.com.mx\\\/wp-content\\\/uploads\\\/2022\\\/08\\\/IMG-20220819-WA0066.jpg\",\"width\":1280,\"height\":853},{\"@type\":\"BreadcrumbList\",\"@id\":\"https:\\\/\\\/fuentesfidedignas.com.mx\\\/index.php\\\/2022\\\/08\\\/19\\\/sinaloa-y-jalisco-se-unen-para-impulsar-el-desarrollo-industrial\\\/#breadcrumb\",\"itemListElement\":[{\"@type\":\"ListItem\",\"position\":1,\"name\":\"Inicio\",\"item\":\"https:\\\/\\\/fuentesfidedignas.com.mx\\\/\"},{\"@type\":\"ListItem\",\"position\":2,\"name\":\"Sinaloa y Jalisco se unen para impulsar el desarrollo industrial\"}]},{\"@type\":\"WebSite\",\"@id\":\"https:\\\/\\\/fuentesfidedignas.com.mx\\\/#website\",\"url\":\"https:\\\/\\\/fuentesfidedignas.com.mx\\\/\",\"name\":\"Fuentes Fidedignas\",\"description\":\"Otro sitio realizado con WordPress\",\"publisher\":{\"@id\":\"https:\\\/\\\/fuentesfidedignas.com.mx\\\/#organization\"},\"potentialAction\":[{\"@type\":\"SearchAction\",\"target\":{\"@type\":\"EntryPoint\",\"urlTemplate\":\"https:\\\/\\\/fuentesfidedignas.com.mx\\\/?s={search_term_string}\"},\"query-input\":{\"@type\":\"PropertyValueSpecification\",\"valueRequired\":true,\"valueName\":\"search_term_string\"}}],\"inLanguage\":\"es\"},{\"@type\":\"Organization\",\"@id\":\"https:\\\/\\\/fuentesfidedignas.com.mx\\\/#organization\",\"name\":\"Fuentes Fidedignas\",\"url\":\"https:\\\/\\\/fuentesfidedignas.com.mx\\\/\",\"logo\":{\"@type\":\"ImageObject\",\"inLanguage\":\"es\",\"@id\":\"https:\\\/\\\/fuentesfidedignas.com.mx\\\/#\\\/schema\\\/logo\\\/image\\\/\",\"url\":\"https:\\\/\\\/fuentesfidedignas.com.mx\\\/wp-content\\\/uploads\\\/2021\\\/04\\\/logo-retina.png\",\"contentUrl\":\"https:\\\/\\\/fuentesfidedignas.com.mx\\\/wp-content\\\/uploads\\\/2021\\\/04\\\/logo-retina.png\",\"width\":280,\"height\":51,\"caption\":\"Fuentes Fidedignas\"},\"image\":{\"@id\":\"https:\\\/\\\/fuentesfidedignas.com.mx\\\/#\\\/schema\\\/logo\\\/image\\\/\"},\"sameAs\":[\"https:\\\/\\\/www.facebook.com\\\/Fuentes-Fidedignas-368234489921644\",\"https:\\\/\\\/x.com\\\/fidedignas\"]},{\"@type\":\"Person\",\"@id\":\"https:\\\/\\\/fuentesfidedignas.com.mx\\\/#\\\/schema\\\/person\\\/331be9283d37198e2acd5750279085b0\",\"name\":\"Redacci\u00f3n\",\"image\":{\"@type\":\"ImageObject\",\"inLanguage\":\"es\",\"@id\":\"https:\\\/\\\/secure.gravatar.com\\\/avatar\\\/f6d8782c11d12b2d4ad3fbb6931aeab5309937a4d6cd2fc9cfaa28a6396a5aec?s=96&d=mm&r=g\",\"url\":\"https:\\\/\\\/secure.gravatar.com\\\/avatar\\\/f6d8782c11d12b2d4ad3fbb6931aeab5309937a4d6cd2fc9cfaa28a6396a5aec?s=96&d=mm&r=g\",\"contentUrl\":\"https:\\\/\\\/secure.gravatar.com\\\/avatar\\\/f6d8782c11d12b2d4ad3fbb6931aeab5309937a4d6cd2fc9cfaa28a6396a5aec?s=96&d=mm&r=g\",\"caption\":\"Redacci\u00f3n\"},\"url\":\"https:\\\/\\\/fuentesfidedignas.com.mx\\\/index.php\\\/author\\\/redaccion\\\/\"}]}<\/script>\n<!-- \/ Yoast SEO plugin. -->","yoast_head_json":{"title":"Sinaloa y Jalisco se unen para impulsar el desarrollo industrial - Fuentes Fidedignas","robots":{"index":"index","follow":"follow","max-snippet":"max-snippet:-1","max-image-preview":"max-image-preview:large","max-video-preview":"max-video-preview:-1"},"canonical":"https:\/\/fuentesfidedignas.com.mx\/index.php\/2022\/08\/19\/sinaloa-y-jalisco-se-unen-para-impulsar-el-desarrollo-industrial\/","og_locale":"es_MX","og_type":"article","og_title":"Sinaloa y Jalisco se unen para impulsar el desarrollo industrial - Fuentes Fidedignas","og_description":"La alianza estrat\u00e9gica entre INDEX Jalisco e INDEX Sinaloa permitir\u00e1 fomentar las relaciones comerciales y el desarrollo de nuevos proyectos de inversi\u00f3n. Culiac\u00e1n, Sinaloa.- Sinaloa se est\u00e1 convirtiendo en un estado mucho m\u00e1s din\u00e1mico, con mayores niveles de inversi\u00f3n, crecimiento y desarrollo econ\u00f3mico tal como lo proyecta el Plan Estatal de Desarrollo del Gobernador Rub\u00e9n [&hellip;]","og_url":"https:\/\/fuentesfidedignas.com.mx\/index.php\/2022\/08\/19\/sinaloa-y-jalisco-se-unen-para-impulsar-el-desarrollo-industrial\/","og_site_name":"Fuentes Fidedignas","article_publisher":"https:\/\/www.facebook.com\/Fuentes-Fidedignas-368234489921644","article_published_time":"2022-08-19T23:18:51+00:00","article_modified_time":"2022-08-19T23:18:53+00:00","og_image":[{"width":1280,"height":853,"url":"https:\/\/fuentesfidedignas.com.mx\/wp-content\/uploads\/2022\/08\/IMG-20220819-WA0066.jpg","type":"image\/jpeg"}],"author":"Redacci\u00f3n","twitter_card":"summary_large_image","twitter_creator":"@fidedignas","twitter_site":"@fidedignas","twitter_misc":{"Escrito por":"Redacci\u00f3n","Tiempo de lectura":"3 minutos"},"schema":{"@context":"https:\/\/schema.org","@graph":[{"@type":"Article","@id":"https:\/\/fuentesfidedignas.com.mx\/index.php\/2022\/08\/19\/sinaloa-y-jalisco-se-unen-para-impulsar-el-desarrollo-industrial\/#article","isPartOf":{"@id":"https:\/\/fuentesfidedignas.com.mx\/index.php\/2022\/08\/19\/sinaloa-y-jalisco-se-unen-para-impulsar-el-desarrollo-industrial\/"},"author":{"name":"Redacci\u00f3n","@id":"https:\/\/fuentesfidedignas.com.mx\/#\/schema\/person\/331be9283d37198e2acd5750279085b0"},"headline":"Sinaloa y Jalisco se unen para impulsar el desarrollo industrial","datePublished":"2022-08-19T23:18:51+00:00","dateModified":"2022-08-19T23:18:53+00:00","mainEntityOfPage":{"@id":"https:\/\/fuentesfidedignas.com.mx\/index.php\/2022\/08\/19\/sinaloa-y-jalisco-se-unen-para-impulsar-el-desarrollo-industrial\/"},"wordCount":596,"commentCount":0,"publisher":{"@id":"https:\/\/fuentesfidedignas.com.mx\/#organization"},"image":{"@id":"https:\/\/fuentesfidedignas.com.mx\/index.php\/2022\/08\/19\/sinaloa-y-jalisco-se-unen-para-impulsar-el-desarrollo-industrial\/#primaryimage"},"thumbnailUrl":"https:\/\/fuentesfidedignas.com.mx\/wp-content\/uploads\/2022\/08\/IMG-20220819-WA0066.jpg","articleSection":["NOTICIAS LOCALES"],"inLanguage":"es","potentialAction":[{"@type":"CommentAction","name":"Comment","target":["https:\/\/fuentesfidedignas.com.mx\/index.php\/2022\/08\/19\/sinaloa-y-jalisco-se-unen-para-impulsar-el-desarrollo-industrial\/#respond"]}]},{"@type":"WebPage","@id":"https:\/\/fuentesfidedignas.com.mx\/index.php\/2022\/08\/19\/sinaloa-y-jalisco-se-unen-para-impulsar-el-desarrollo-industrial\/","url":"https:\/\/fuentesfidedignas.com.mx\/index.php\/2022\/08\/19\/sinaloa-y-jalisco-se-unen-para-impulsar-el-desarrollo-industrial\/","name":"Sinaloa y Jalisco se unen para impulsar el desarrollo industrial - Fuentes Fidedignas","isPartOf":{"@id":"https:\/\/fuentesfidedignas.com.mx\/#website"},"primaryImageOfPage":{"@id":"https:\/\/fuentesfidedignas.com.mx\/index.php\/2022\/08\/19\/sinaloa-y-jalisco-se-unen-para-impulsar-el-desarrollo-industrial\/#primaryimage"},"image":{"@id":"https:\/\/fuentesfidedignas.com.mx\/index.php\/2022\/08\/19\/sinaloa-y-jalisco-se-unen-para-impulsar-el-desarrollo-industrial\/#primaryimage"},"thumbnailUrl":"https:\/\/fuentesfidedignas.com.mx\/wp-content\/uploads\/2022\/08\/IMG-20220819-WA0066.jpg","datePublished":"2022-08-19T23:18:51+00:00","dateModified":"2022-08-19T23:18:53+00:00","breadcrumb":{"@id":"https:\/\/fuentesfidedignas.com.mx\/index.php\/2022\/08\/19\/sinaloa-y-jalisco-se-unen-para-impulsar-el-desarrollo-industrial\/#breadcrumb"},"inLanguage":"es","potentialAction":[{"@type":"ReadAction","target":["https:\/\/fuentesfidedignas.com.mx\/index.php\/2022\/08\/19\/sinaloa-y-jalisco-se-unen-para-impulsar-el-desarrollo-industrial\/"]}]},{"@type":"ImageObject","inLanguage":"es","@id":"https:\/\/fuentesfidedignas.com.mx\/index.php\/2022\/08\/19\/sinaloa-y-jalisco-se-unen-para-impulsar-el-desarrollo-industrial\/#primaryimage","url":"https:\/\/fuentesfidedignas.com.mx\/wp-content\/uploads\/2022\/08\/IMG-20220819-WA0066.jpg","contentUrl":"https:\/\/fuentesfidedignas.com.mx\/wp-content\/uploads\/2022\/08\/IMG-20220819-WA0066.jpg","width":1280,"height":853},{"@type":"BreadcrumbList","@id":"https:\/\/fuentesfidedignas.com.mx\/index.php\/2022\/08\/19\/sinaloa-y-jalisco-se-unen-para-impulsar-el-desarrollo-industrial\/#breadcrumb","itemListElement":[{"@type":"ListItem","position":1,"name":"Inicio","item":"https:\/\/fuentesfidedignas.com.mx\/"},{"@type":"ListItem","position":2,"name":"Sinaloa y Jalisco se unen para impulsar el desarrollo industrial"}]},{"@type":"WebSite","@id":"https:\/\/fuentesfidedignas.com.mx\/#website","url":"https:\/\/fuentesfidedignas.com.mx\/","name":"Fuentes Fidedignas","description":"Otro sitio realizado con WordPress","publisher":{"@id":"https:\/\/fuentesfidedignas.com.mx\/#organization"},"potentialAction":[{"@type":"SearchAction","target":{"@type":"EntryPoint","urlTemplate":"https:\/\/fuentesfidedignas.com.mx\/?s={search_term_string}"},"query-input":{"@type":"PropertyValueSpecification","valueRequired":true,"valueName":"search_term_string"}}],"inLanguage":"es"},{"@type":"Organization","@id":"https:\/\/fuentesfidedignas.com.mx\/#organization","name":"Fuentes Fidedignas","url":"https:\/\/fuentesfidedignas.com.mx\/","logo":{"@type":"ImageObject","inLanguage":"es","@id":"https:\/\/fuentesfidedignas.com.mx\/#\/schema\/logo\/image\/","url":"https:\/\/fuentesfidedignas.com.mx\/wp-content\/uploads\/2021\/04\/logo-retina.png","contentUrl":"https:\/\/fuentesfidedignas.com.mx\/wp-content\/uploads\/2021\/04\/logo-retina.png","width":280,"height":51,"caption":"Fuentes Fidedignas"},"image":{"@id":"https:\/\/fuentesfidedignas.com.mx\/#\/schema\/logo\/image\/"},"sameAs":["https:\/\/www.facebook.com\/Fuentes-Fidedignas-368234489921644","https:\/\/x.com\/fidedignas"]},{"@type":"Person","@id":"https:\/\/fuentesfidedignas.com.mx\/#\/schema\/person\/331be9283d37198e2acd5750279085b0","name":"Redacci\u00f3n","image":{"@type":"ImageObject","inLanguage":"es","@id":"https:\/\/secure.gravatar.com\/avatar\/f6d8782c11d12b2d4ad3fbb6931aeab5309937a4d6cd2fc9cfaa28a6396a5aec?s=96&d=mm&r=g","url":"https:\/\/secure.gravatar.com\/avatar\/f6d8782c11d12b2d4ad3fbb6931aeab5309937a4d6cd2fc9cfaa28a6396a5aec?s=96&d=mm&r=g","contentUrl":"https:\/\/secure.gravatar.com\/avatar\/f6d8782c11d12b2d4ad3fbb6931aeab5309937a4d6cd2fc9cfaa28a6396a5aec?s=96&d=mm&r=g","caption":"Redacci\u00f3n"},"url":"https:\/\/fuentesfidedignas.com.mx\/index.php\/author\/redaccion\/"}]}},"_links":{"self":[{"href":"https:\/\/fuentesfidedignas.com.mx\/index.php\/wp-json\/wp\/v2\/posts\/40390","targetHints":{"allow":["GET"]}}],"collection":[{"href":"https:\/\/fuentesfidedignas.com.mx\/index.php\/wp-json\/wp\/v2\/posts"}],"about":[{"href":"https:\/\/fuentesfidedignas.com.mx\/index.php\/wp-json\/wp\/v2\/types\/post"}],"author":[{"embeddable":true,"href":"https:\/\/fuentesfidedignas.com.mx\/index.php\/wp-json\/wp\/v2\/users\/4"}],"replies":[{"embeddable":true,"href":"https:\/\/fuentesfidedignas.com.mx\/index.php\/wp-json\/wp\/v2\/comments?post=40390"}],"version-history":[{"count":1,"href":"https:\/\/fuentesfidedignas.com.mx\/index.php\/wp-json\/wp\/v2\/posts\/40390\/revisions"}],"predecessor-version":[{"id":40392,"href":"https:\/\/fuentesfidedignas.com.mx\/index.php\/wp-json\/wp\/v2\/posts\/40390\/revisions\/40392"}],"wp:featuredmedia":[{"embeddable":true,"href":"https:\/\/fuentesfidedignas.com.mx\/index.php\/wp-json\/wp\/v2\/media\/40391"}],"wp:attachment":[{"href":"https:\/\/fuentesfidedignas.com.mx\/index.php\/wp-json\/wp\/v2\/media?parent=40390"}],"wp:term":[{"taxonomy":"category","embeddable":true,"href":"https:\/\/fuentesfidedignas.com.mx\/index.php\/wp-json\/wp\/v2\/categories?post=40390"},{"taxonomy":"post_tag","embeddable":true,"href":"https:\/\/fuentesfidedignas.com.mx\/index.php\/wp-json\/wp\/v2\/tags?post=40390"}],"curies":[{"name":"wp","href":"https:\/\/api.w.org\/{rel}","templated":true}]}}