{"id":40385,"date":"2022-08-19T16:22:18","date_gmt":"2022-08-19T22:22:18","guid":{"rendered":"https:\/\/fuentesfidedignas.com.mx\/?p=40385"},"modified":"2022-08-19T16:22:20","modified_gmt":"2022-08-19T22:22:20","slug":"ceaip-e-iniciativa-sinaloa-firman-convenio-de-colaboracion","status":"publish","type":"post","link":"https:\/\/fuentesfidedignas.com.mx\/index.php\/2022\/08\/19\/ceaip-e-iniciativa-sinaloa-firman-convenio-de-colaboracion\/","title":{"rendered":"CEAIP e Iniciativa Sinaloa firman convenio de colaboraci\u00f3n"},"content":{"rendered":"\n<p><strong><em>Entre los objetivos se encuentran accionar con grupos vulnerables y obtener mayor aprovechamiento de los servicios que presta la Plataforma Nacional de Transparencia<\/em><\/strong><\/p>\n\n\n\n<p>Culiac\u00e1n, Sinaloa.- La Comisi\u00f3n Estatal para el Acceso a la Informaci\u00f3n P\u00fablica y el organismo Iniciativa Sinaloa A. C., firmaron este d\u00eda renovaci\u00f3n de convenio de colaboraci\u00f3n que comprende acciones para fortalecer la transparencia en Sinaloa.<\/p>\n\n\n\n<p>Al respecto el Presidente de CEAIP, Jos\u00e9 Luis Moreno L\u00f3pez, manifest\u00f3 que el organismo se encuentra interesado en todos los ejercicios que se desarrollen a favor de la transparencia, la rendici\u00f3n de cuentas y el Derecho a Saber de las y los ciudadanos.<\/p>\n\n\n\n<p>Se\u00f1al\u00f3 que con la firma de este convenio se potencializan las actividades tendientes a la apertura de las instituciones y a la Protecci\u00f3n de los Datos Personales, as\u00ed como obtener un mayor aprovechamiento de los servicios que presta la Plataforma Nacional de Transparencia.<\/p>\n\n\n\n<p>\u201cRecibimos con gusto a Iniciativa Sinaloa y sus fortalezas que se suman a coadyuvar y reforzar los objetivos institucionales; queremos que cada d\u00eda los sujetos obligados de la Ley de Transparencia atiendan de manera m\u00e1s pronta y expedita las solicitudes presentadas y cumplan a cabalidad con la publicaci\u00f3n de las Obligaciones de Transparencia\u201d, extern\u00f3.<\/p>\n\n\n\n<p>De igual manera dijo que aprovechar\u00e1n los v\u00ednculos de Iniciativa Sinaloa A. C. para sostener acercamientos con la sociedad civil y celebr\u00f3 la alianza conformada entre ambos entes, con toda la disponibilidad del personal de CEAIP para llevar a cabo los objetivos del convenio.<\/p>\n\n\n\n<p>Por su parte la Presidenta de Iniciativa Sinaloa A. C., Marlene Le\u00f3n Fontes, dijo ver con benepl\u00e1cito la renovaci\u00f3n de los lazos de colaboraci\u00f3n entre ambas instituciones e hizo \u00e9nfasis en la realizaci\u00f3n de labores de socializaci\u00f3n del Derecho de Acceso a la Informaci\u00f3n dirigidas a grupos que se encuentran en situaci\u00f3n de vulnerabilidad.<\/p>\n\n\n\n<p>Afirm\u00f3 que son una organizaci\u00f3n apartidista, sin fines de lucro que buscan promover el acceso a la informaci\u00f3n p\u00fablica, el combate a la corrupci\u00f3n y la promoci\u00f3n de los derechos humanos e invit\u00f3 a otras organizaciones de la sociedad civil a que se sumen y firmen este tipo de convenios que ayudar\u00e1n a mejorar el Estado de Derecho en la entidad.<\/p>\n\n\n\n<p>La Comisionada Liliana Margarita Campuzano Vega manifest\u00f3 ser un honor para CEAIP recibir organismos ciudadanos preocupados en el tema de transparencia, alentando con ello a las personas a participar y transparentar el quehacer p\u00fablico.<\/p>\n\n\n\n<p>Agreg\u00f3 que ya se hab\u00eda firmado convenio con el anterior presidente de Iniciativa Sinaloa, Silber Meza, y record\u00f3 que fueron los primeros en adherirse a la estrategia de Gobierno Abierto y los 3 compromisos implementados.<\/p>\n\n\n\n<p>Destac\u00f3 la importancia de trabajar conjuntamente estos temas con grupos vulnerables que representan un \u00e1rea muy sensible de la poblaci\u00f3n, mismos que merecen todo el apoyo.<\/p>\n\n\n\n<p>En tanto que el Comisionado de CEAIP Jos\u00e9 Alfredo Beltr\u00e1n Estrada, recibi\u00f3 con agrado la renovaci\u00f3n de este instrumento legal que tiene como finalidad el empoderamiento de la ciudadan\u00eda como una sociedad vigilante, informada, actuante, demandante y copart\u00edcipe de los cambios que se presentan en la actualidad.<\/p>\n\n\n\n<p>\u201cSeamos aliados estrat\u00e9gicos, con el compromiso y disposici\u00f3n de llevar a cabo los objetivos del convenio\u201d, invit\u00f3.<\/p>\n\n\n\n<p>Entre otras acciones, el convenio de colaboraci\u00f3n establece para ambas partes:<\/p>\n\n\n\n<p>Asesor\u00edas para la presentaci\u00f3n de Denuncias por Obligaciones de Transparencia en procesos de contrataci\u00f3n de compras y obra p\u00fablica; monitoreo del cumplimiento de las citadas obligaciones por parte de las entidades p\u00fablicas.<\/p>\n\n\n\n<p>Implementaci\u00f3n de los compromisos del primer Plan de Acci\u00f3n Local de Gobierno Abierto, acompa\u00f1amiento a integrantes de la asociaci\u00f3n civil firmante en la elaboraci\u00f3n de solicitudes de informaci\u00f3n p\u00fablica, recursos de revisi\u00f3n, avisos de privacidad y de Protecci\u00f3n de Datos Personales.<\/p>\n\n\n\n<p>As\u00ed tambi\u00e9n, el convenio comprende la capacitaci\u00f3n a periodistas y personas defensoras de los derechos humanos y sociedad civil sobre el uso de la Plataforma Nacional de Transparencia, Datos Abiertos, entre otras actividades.<\/p>\n\n\n\n<p>Firmaron el documento los tres Comisionados del organismo aut\u00f3nomo constitucional de transparencia, adem\u00e1s de Marlene Le\u00f3n y Carmen Patricia Garnica Luna, Presidenta y titular de Incidencia y Vinculaci\u00f3n, ambas de Iniciativa Sinaloa A. C., as\u00ed como la Secretaria Ejecutiva de CEAIP, Ana Cristina F\u00e9lix Franco.<\/p>\n","protected":false},"excerpt":{"rendered":"<p>Entre los objetivos se encuentran accionar con grupos vulnerables y obtener mayor aprovechamiento de los servicios que presta la Plataforma Nacional de Transparencia Culiac\u00e1n, Sinaloa.- La Comisi\u00f3n Estatal para el Acceso a la Informaci\u00f3n P\u00fablica y el organismo Iniciativa Sinaloa A. C., firmaron este d\u00eda renovaci\u00f3n de convenio de colaboraci\u00f3n que comprende acciones para fortalecer [&hellip;]<\/p>\n","protected":false},"author":4,"featured_media":40386,"comment_status":"open","ping_status":"open","sticky":false,"template":"","format":"standard","meta":{"tdm_status":"","tdm_grid_status":"","footnotes":""},"categories":[38],"tags":[],"class_list":{"0":"post-40385","1":"post","2":"type-post","3":"status-publish","4":"format-standard","5":"has-post-thumbnail","7":"category-noticias-locales"},"yoast_head":"<!-- This site is optimized with the Yoast SEO plugin v27.5 - https:\/\/yoast.com\/product\/yoast-seo-wordpress\/ -->\n<title>CEAIP e Iniciativa Sinaloa firman convenio de colaboraci\u00f3n - Fuentes Fidedignas<\/title>\n<meta name=\"robots\" content=\"index, follow, max-snippet:-1, max-image-preview:large, max-video-preview:-1\" \/>\n<link rel=\"canonical\" href=\"https:\/\/fuentesfidedignas.com.mx\/index.php\/2022\/08\/19\/ceaip-e-iniciativa-sinaloa-firman-convenio-de-colaboracion\/\" \/>\n<meta property=\"og:locale\" content=\"es_MX\" \/>\n<meta property=\"og:type\" content=\"article\" \/>\n<meta property=\"og:title\" content=\"CEAIP e Iniciativa Sinaloa firman convenio de colaboraci\u00f3n - Fuentes Fidedignas\" \/>\n<meta property=\"og:description\" content=\"Entre los objetivos se encuentran accionar con grupos vulnerables y obtener mayor aprovechamiento de los servicios que presta la Plataforma Nacional de Transparencia Culiac\u00e1n, Sinaloa.- La Comisi\u00f3n Estatal para el Acceso a la Informaci\u00f3n P\u00fablica y el organismo Iniciativa Sinaloa A. C., firmaron este d\u00eda renovaci\u00f3n de convenio de colaboraci\u00f3n que comprende acciones para fortalecer [&hellip;]\" \/>\n<meta property=\"og:url\" content=\"https:\/\/fuentesfidedignas.com.mx\/index.php\/2022\/08\/19\/ceaip-e-iniciativa-sinaloa-firman-convenio-de-colaboracion\/\" \/>\n<meta property=\"og:site_name\" content=\"Fuentes Fidedignas\" \/>\n<meta property=\"article:publisher\" content=\"https:\/\/www.facebook.com\/Fuentes-Fidedignas-368234489921644\" \/>\n<meta property=\"article:published_time\" content=\"2022-08-19T22:22:18+00:00\" \/>\n<meta property=\"article:modified_time\" content=\"2022-08-19T22:22:20+00:00\" \/>\n<meta property=\"og:image\" content=\"https:\/\/fuentesfidedignas.com.mx\/wp-content\/uploads\/2022\/08\/WhatsApp-Image-2022-08-19-at-4.19.26-PM.jpeg\" \/>\n\t<meta property=\"og:image:width\" content=\"1280\" \/>\n\t<meta property=\"og:image:height\" content=\"960\" \/>\n\t<meta property=\"og:image:type\" content=\"image\/jpeg\" \/>\n<meta name=\"author\" content=\"Redacci\u00f3n\" \/>\n<meta name=\"twitter:card\" content=\"summary_large_image\" \/>\n<meta name=\"twitter:creator\" content=\"@fidedignas\" \/>\n<meta name=\"twitter:site\" content=\"@fidedignas\" \/>\n<meta name=\"twitter:label1\" content=\"Escrito por\" \/>\n\t<meta name=\"twitter:data1\" content=\"Redacci\u00f3n\" \/>\n\t<meta name=\"twitter:label2\" content=\"Tiempo de lectura\" \/>\n\t<meta name=\"twitter:data2\" content=\"4 minutos\" \/>\n<script type=\"application\/ld+json\" class=\"yoast-schema-graph\">{\"@context\":\"https:\\\/\\\/schema.org\",\"@graph\":[{\"@type\":\"Article\",\"@id\":\"https:\\\/\\\/fuentesfidedignas.com.mx\\\/index.php\\\/2022\\\/08\\\/19\\\/ceaip-e-iniciativa-sinaloa-firman-convenio-de-colaboracion\\\/#article\",\"isPartOf\":{\"@id\":\"https:\\\/\\\/fuentesfidedignas.com.mx\\\/index.php\\\/2022\\\/08\\\/19\\\/ceaip-e-iniciativa-sinaloa-firman-convenio-de-colaboracion\\\/\"},\"author\":{\"name\":\"Redacci\u00f3n\",\"@id\":\"https:\\\/\\\/fuentesfidedignas.com.mx\\\/#\\\/schema\\\/person\\\/331be9283d37198e2acd5750279085b0\"},\"headline\":\"CEAIP e Iniciativa Sinaloa firman convenio de colaboraci\u00f3n\",\"datePublished\":\"2022-08-19T22:22:18+00:00\",\"dateModified\":\"2022-08-19T22:22:20+00:00\",\"mainEntityOfPage\":{\"@id\":\"https:\\\/\\\/fuentesfidedignas.com.mx\\\/index.php\\\/2022\\\/08\\\/19\\\/ceaip-e-iniciativa-sinaloa-firman-convenio-de-colaboracion\\\/\"},\"wordCount\":749,\"commentCount\":0,\"publisher\":{\"@id\":\"https:\\\/\\\/fuentesfidedignas.com.mx\\\/#organization\"},\"image\":{\"@id\":\"https:\\\/\\\/fuentesfidedignas.com.mx\\\/index.php\\\/2022\\\/08\\\/19\\\/ceaip-e-iniciativa-sinaloa-firman-convenio-de-colaboracion\\\/#primaryimage\"},\"thumbnailUrl\":\"https:\\\/\\\/fuentesfidedignas.com.mx\\\/wp-content\\\/uploads\\\/2022\\\/08\\\/WhatsApp-Image-2022-08-19-at-4.19.26-PM.jpeg\",\"articleSection\":[\"NOTICIAS LOCALES\"],\"inLanguage\":\"es\",\"potentialAction\":[{\"@type\":\"CommentAction\",\"name\":\"Comment\",\"target\":[\"https:\\\/\\\/fuentesfidedignas.com.mx\\\/index.php\\\/2022\\\/08\\\/19\\\/ceaip-e-iniciativa-sinaloa-firman-convenio-de-colaboracion\\\/#respond\"]}]},{\"@type\":\"WebPage\",\"@id\":\"https:\\\/\\\/fuentesfidedignas.com.mx\\\/index.php\\\/2022\\\/08\\\/19\\\/ceaip-e-iniciativa-sinaloa-firman-convenio-de-colaboracion\\\/\",\"url\":\"https:\\\/\\\/fuentesfidedignas.com.mx\\\/index.php\\\/2022\\\/08\\\/19\\\/ceaip-e-iniciativa-sinaloa-firman-convenio-de-colaboracion\\\/\",\"name\":\"CEAIP e Iniciativa Sinaloa firman convenio de colaboraci\u00f3n - Fuentes Fidedignas\",\"isPartOf\":{\"@id\":\"https:\\\/\\\/fuentesfidedignas.com.mx\\\/#website\"},\"primaryImageOfPage\":{\"@id\":\"https:\\\/\\\/fuentesfidedignas.com.mx\\\/index.php\\\/2022\\\/08\\\/19\\\/ceaip-e-iniciativa-sinaloa-firman-convenio-de-colaboracion\\\/#primaryimage\"},\"image\":{\"@id\":\"https:\\\/\\\/fuentesfidedignas.com.mx\\\/index.php\\\/2022\\\/08\\\/19\\\/ceaip-e-iniciativa-sinaloa-firman-convenio-de-colaboracion\\\/#primaryimage\"},\"thumbnailUrl\":\"https:\\\/\\\/fuentesfidedignas.com.mx\\\/wp-content\\\/uploads\\\/2022\\\/08\\\/WhatsApp-Image-2022-08-19-at-4.19.26-PM.jpeg\",\"datePublished\":\"2022-08-19T22:22:18+00:00\",\"dateModified\":\"2022-08-19T22:22:20+00:00\",\"breadcrumb\":{\"@id\":\"https:\\\/\\\/fuentesfidedignas.com.mx\\\/index.php\\\/2022\\\/08\\\/19\\\/ceaip-e-iniciativa-sinaloa-firman-convenio-de-colaboracion\\\/#breadcrumb\"},\"inLanguage\":\"es\",\"potentialAction\":[{\"@type\":\"ReadAction\",\"target\":[\"https:\\\/\\\/fuentesfidedignas.com.mx\\\/index.php\\\/2022\\\/08\\\/19\\\/ceaip-e-iniciativa-sinaloa-firman-convenio-de-colaboracion\\\/\"]}]},{\"@type\":\"ImageObject\",\"inLanguage\":\"es\",\"@id\":\"https:\\\/\\\/fuentesfidedignas.com.mx\\\/index.php\\\/2022\\\/08\\\/19\\\/ceaip-e-iniciativa-sinaloa-firman-convenio-de-colaboracion\\\/#primaryimage\",\"url\":\"https:\\\/\\\/fuentesfidedignas.com.mx\\\/wp-content\\\/uploads\\\/2022\\\/08\\\/WhatsApp-Image-2022-08-19-at-4.19.26-PM.jpeg\",\"contentUrl\":\"https:\\\/\\\/fuentesfidedignas.com.mx\\\/wp-content\\\/uploads\\\/2022\\\/08\\\/WhatsApp-Image-2022-08-19-at-4.19.26-PM.jpeg\",\"width\":1280,\"height\":960},{\"@type\":\"BreadcrumbList\",\"@id\":\"https:\\\/\\\/fuentesfidedignas.com.mx\\\/index.php\\\/2022\\\/08\\\/19\\\/ceaip-e-iniciativa-sinaloa-firman-convenio-de-colaboracion\\\/#breadcrumb\",\"itemListElement\":[{\"@type\":\"ListItem\",\"position\":1,\"name\":\"Inicio\",\"item\":\"https:\\\/\\\/fuentesfidedignas.com.mx\\\/\"},{\"@type\":\"ListItem\",\"position\":2,\"name\":\"CEAIP e Iniciativa Sinaloa firman convenio de colaboraci\u00f3n\"}]},{\"@type\":\"WebSite\",\"@id\":\"https:\\\/\\\/fuentesfidedignas.com.mx\\\/#website\",\"url\":\"https:\\\/\\\/fuentesfidedignas.com.mx\\\/\",\"name\":\"Fuentes Fidedignas\",\"description\":\"Otro sitio realizado con WordPress\",\"publisher\":{\"@id\":\"https:\\\/\\\/fuentesfidedignas.com.mx\\\/#organization\"},\"potentialAction\":[{\"@type\":\"SearchAction\",\"target\":{\"@type\":\"EntryPoint\",\"urlTemplate\":\"https:\\\/\\\/fuentesfidedignas.com.mx\\\/?s={search_term_string}\"},\"query-input\":{\"@type\":\"PropertyValueSpecification\",\"valueRequired\":true,\"valueName\":\"search_term_string\"}}],\"inLanguage\":\"es\"},{\"@type\":\"Organization\",\"@id\":\"https:\\\/\\\/fuentesfidedignas.com.mx\\\/#organization\",\"name\":\"Fuentes Fidedignas\",\"url\":\"https:\\\/\\\/fuentesfidedignas.com.mx\\\/\",\"logo\":{\"@type\":\"ImageObject\",\"inLanguage\":\"es\",\"@id\":\"https:\\\/\\\/fuentesfidedignas.com.mx\\\/#\\\/schema\\\/logo\\\/image\\\/\",\"url\":\"https:\\\/\\\/fuentesfidedignas.com.mx\\\/wp-content\\\/uploads\\\/2021\\\/04\\\/logo-retina.png\",\"contentUrl\":\"https:\\\/\\\/fuentesfidedignas.com.mx\\\/wp-content\\\/uploads\\\/2021\\\/04\\\/logo-retina.png\",\"width\":280,\"height\":51,\"caption\":\"Fuentes Fidedignas\"},\"image\":{\"@id\":\"https:\\\/\\\/fuentesfidedignas.com.mx\\\/#\\\/schema\\\/logo\\\/image\\\/\"},\"sameAs\":[\"https:\\\/\\\/www.facebook.com\\\/Fuentes-Fidedignas-368234489921644\",\"https:\\\/\\\/x.com\\\/fidedignas\"]},{\"@type\":\"Person\",\"@id\":\"https:\\\/\\\/fuentesfidedignas.com.mx\\\/#\\\/schema\\\/person\\\/331be9283d37198e2acd5750279085b0\",\"name\":\"Redacci\u00f3n\",\"image\":{\"@type\":\"ImageObject\",\"inLanguage\":\"es\",\"@id\":\"https:\\\/\\\/secure.gravatar.com\\\/avatar\\\/f6d8782c11d12b2d4ad3fbb6931aeab5309937a4d6cd2fc9cfaa28a6396a5aec?s=96&d=mm&r=g\",\"url\":\"https:\\\/\\\/secure.gravatar.com\\\/avatar\\\/f6d8782c11d12b2d4ad3fbb6931aeab5309937a4d6cd2fc9cfaa28a6396a5aec?s=96&d=mm&r=g\",\"contentUrl\":\"https:\\\/\\\/secure.gravatar.com\\\/avatar\\\/f6d8782c11d12b2d4ad3fbb6931aeab5309937a4d6cd2fc9cfaa28a6396a5aec?s=96&d=mm&r=g\",\"caption\":\"Redacci\u00f3n\"},\"url\":\"https:\\\/\\\/fuentesfidedignas.com.mx\\\/index.php\\\/author\\\/redaccion\\\/\"}]}<\/script>\n<!-- \/ Yoast SEO plugin. -->","yoast_head_json":{"title":"CEAIP e Iniciativa Sinaloa firman convenio de colaboraci\u00f3n - Fuentes Fidedignas","robots":{"index":"index","follow":"follow","max-snippet":"max-snippet:-1","max-image-preview":"max-image-preview:large","max-video-preview":"max-video-preview:-1"},"canonical":"https:\/\/fuentesfidedignas.com.mx\/index.php\/2022\/08\/19\/ceaip-e-iniciativa-sinaloa-firman-convenio-de-colaboracion\/","og_locale":"es_MX","og_type":"article","og_title":"CEAIP e Iniciativa Sinaloa firman convenio de colaboraci\u00f3n - Fuentes Fidedignas","og_description":"Entre los objetivos se encuentran accionar con grupos vulnerables y obtener mayor aprovechamiento de los servicios que presta la Plataforma Nacional de Transparencia Culiac\u00e1n, Sinaloa.- La Comisi\u00f3n Estatal para el Acceso a la Informaci\u00f3n P\u00fablica y el organismo Iniciativa Sinaloa A. C., firmaron este d\u00eda renovaci\u00f3n de convenio de colaboraci\u00f3n que comprende acciones para fortalecer [&hellip;]","og_url":"https:\/\/fuentesfidedignas.com.mx\/index.php\/2022\/08\/19\/ceaip-e-iniciativa-sinaloa-firman-convenio-de-colaboracion\/","og_site_name":"Fuentes Fidedignas","article_publisher":"https:\/\/www.facebook.com\/Fuentes-Fidedignas-368234489921644","article_published_time":"2022-08-19T22:22:18+00:00","article_modified_time":"2022-08-19T22:22:20+00:00","og_image":[{"width":1280,"height":960,"url":"https:\/\/fuentesfidedignas.com.mx\/wp-content\/uploads\/2022\/08\/WhatsApp-Image-2022-08-19-at-4.19.26-PM.jpeg","type":"image\/jpeg"}],"author":"Redacci\u00f3n","twitter_card":"summary_large_image","twitter_creator":"@fidedignas","twitter_site":"@fidedignas","twitter_misc":{"Escrito por":"Redacci\u00f3n","Tiempo de lectura":"4 minutos"},"schema":{"@context":"https:\/\/schema.org","@graph":[{"@type":"Article","@id":"https:\/\/fuentesfidedignas.com.mx\/index.php\/2022\/08\/19\/ceaip-e-iniciativa-sinaloa-firman-convenio-de-colaboracion\/#article","isPartOf":{"@id":"https:\/\/fuentesfidedignas.com.mx\/index.php\/2022\/08\/19\/ceaip-e-iniciativa-sinaloa-firman-convenio-de-colaboracion\/"},"author":{"name":"Redacci\u00f3n","@id":"https:\/\/fuentesfidedignas.com.mx\/#\/schema\/person\/331be9283d37198e2acd5750279085b0"},"headline":"CEAIP e Iniciativa Sinaloa firman convenio de colaboraci\u00f3n","datePublished":"2022-08-19T22:22:18+00:00","dateModified":"2022-08-19T22:22:20+00:00","mainEntityOfPage":{"@id":"https:\/\/fuentesfidedignas.com.mx\/index.php\/2022\/08\/19\/ceaip-e-iniciativa-sinaloa-firman-convenio-de-colaboracion\/"},"wordCount":749,"commentCount":0,"publisher":{"@id":"https:\/\/fuentesfidedignas.com.mx\/#organization"},"image":{"@id":"https:\/\/fuentesfidedignas.com.mx\/index.php\/2022\/08\/19\/ceaip-e-iniciativa-sinaloa-firman-convenio-de-colaboracion\/#primaryimage"},"thumbnailUrl":"https:\/\/fuentesfidedignas.com.mx\/wp-content\/uploads\/2022\/08\/WhatsApp-Image-2022-08-19-at-4.19.26-PM.jpeg","articleSection":["NOTICIAS LOCALES"],"inLanguage":"es","potentialAction":[{"@type":"CommentAction","name":"Comment","target":["https:\/\/fuentesfidedignas.com.mx\/index.php\/2022\/08\/19\/ceaip-e-iniciativa-sinaloa-firman-convenio-de-colaboracion\/#respond"]}]},{"@type":"WebPage","@id":"https:\/\/fuentesfidedignas.com.mx\/index.php\/2022\/08\/19\/ceaip-e-iniciativa-sinaloa-firman-convenio-de-colaboracion\/","url":"https:\/\/fuentesfidedignas.com.mx\/index.php\/2022\/08\/19\/ceaip-e-iniciativa-sinaloa-firman-convenio-de-colaboracion\/","name":"CEAIP e Iniciativa Sinaloa firman convenio de colaboraci\u00f3n - Fuentes Fidedignas","isPartOf":{"@id":"https:\/\/fuentesfidedignas.com.mx\/#website"},"primaryImageOfPage":{"@id":"https:\/\/fuentesfidedignas.com.mx\/index.php\/2022\/08\/19\/ceaip-e-iniciativa-sinaloa-firman-convenio-de-colaboracion\/#primaryimage"},"image":{"@id":"https:\/\/fuentesfidedignas.com.mx\/index.php\/2022\/08\/19\/ceaip-e-iniciativa-sinaloa-firman-convenio-de-colaboracion\/#primaryimage"},"thumbnailUrl":"https:\/\/fuentesfidedignas.com.mx\/wp-content\/uploads\/2022\/08\/WhatsApp-Image-2022-08-19-at-4.19.26-PM.jpeg","datePublished":"2022-08-19T22:22:18+00:00","dateModified":"2022-08-19T22:22:20+00:00","breadcrumb":{"@id":"https:\/\/fuentesfidedignas.com.mx\/index.php\/2022\/08\/19\/ceaip-e-iniciativa-sinaloa-firman-convenio-de-colaboracion\/#breadcrumb"},"inLanguage":"es","potentialAction":[{"@type":"ReadAction","target":["https:\/\/fuentesfidedignas.com.mx\/index.php\/2022\/08\/19\/ceaip-e-iniciativa-sinaloa-firman-convenio-de-colaboracion\/"]}]},{"@type":"ImageObject","inLanguage":"es","@id":"https:\/\/fuentesfidedignas.com.mx\/index.php\/2022\/08\/19\/ceaip-e-iniciativa-sinaloa-firman-convenio-de-colaboracion\/#primaryimage","url":"https:\/\/fuentesfidedignas.com.mx\/wp-content\/uploads\/2022\/08\/WhatsApp-Image-2022-08-19-at-4.19.26-PM.jpeg","contentUrl":"https:\/\/fuentesfidedignas.com.mx\/wp-content\/uploads\/2022\/08\/WhatsApp-Image-2022-08-19-at-4.19.26-PM.jpeg","width":1280,"height":960},{"@type":"BreadcrumbList","@id":"https:\/\/fuentesfidedignas.com.mx\/index.php\/2022\/08\/19\/ceaip-e-iniciativa-sinaloa-firman-convenio-de-colaboracion\/#breadcrumb","itemListElement":[{"@type":"ListItem","position":1,"name":"Inicio","item":"https:\/\/fuentesfidedignas.com.mx\/"},{"@type":"ListItem","position":2,"name":"CEAIP e Iniciativa Sinaloa firman convenio de colaboraci\u00f3n"}]},{"@type":"WebSite","@id":"https:\/\/fuentesfidedignas.com.mx\/#website","url":"https:\/\/fuentesfidedignas.com.mx\/","name":"Fuentes Fidedignas","description":"Otro sitio realizado con WordPress","publisher":{"@id":"https:\/\/fuentesfidedignas.com.mx\/#organization"},"potentialAction":[{"@type":"SearchAction","target":{"@type":"EntryPoint","urlTemplate":"https:\/\/fuentesfidedignas.com.mx\/?s={search_term_string}"},"query-input":{"@type":"PropertyValueSpecification","valueRequired":true,"valueName":"search_term_string"}}],"inLanguage":"es"},{"@type":"Organization","@id":"https:\/\/fuentesfidedignas.com.mx\/#organization","name":"Fuentes Fidedignas","url":"https:\/\/fuentesfidedignas.com.mx\/","logo":{"@type":"ImageObject","inLanguage":"es","@id":"https:\/\/fuentesfidedignas.com.mx\/#\/schema\/logo\/image\/","url":"https:\/\/fuentesfidedignas.com.mx\/wp-content\/uploads\/2021\/04\/logo-retina.png","contentUrl":"https:\/\/fuentesfidedignas.com.mx\/wp-content\/uploads\/2021\/04\/logo-retina.png","width":280,"height":51,"caption":"Fuentes Fidedignas"},"image":{"@id":"https:\/\/fuentesfidedignas.com.mx\/#\/schema\/logo\/image\/"},"sameAs":["https:\/\/www.facebook.com\/Fuentes-Fidedignas-368234489921644","https:\/\/x.com\/fidedignas"]},{"@type":"Person","@id":"https:\/\/fuentesfidedignas.com.mx\/#\/schema\/person\/331be9283d37198e2acd5750279085b0","name":"Redacci\u00f3n","image":{"@type":"ImageObject","inLanguage":"es","@id":"https:\/\/secure.gravatar.com\/avatar\/f6d8782c11d12b2d4ad3fbb6931aeab5309937a4d6cd2fc9cfaa28a6396a5aec?s=96&d=mm&r=g","url":"https:\/\/secure.gravatar.com\/avatar\/f6d8782c11d12b2d4ad3fbb6931aeab5309937a4d6cd2fc9cfaa28a6396a5aec?s=96&d=mm&r=g","contentUrl":"https:\/\/secure.gravatar.com\/avatar\/f6d8782c11d12b2d4ad3fbb6931aeab5309937a4d6cd2fc9cfaa28a6396a5aec?s=96&d=mm&r=g","caption":"Redacci\u00f3n"},"url":"https:\/\/fuentesfidedignas.com.mx\/index.php\/author\/redaccion\/"}]}},"_links":{"self":[{"href":"https:\/\/fuentesfidedignas.com.mx\/index.php\/wp-json\/wp\/v2\/posts\/40385","targetHints":{"allow":["GET"]}}],"collection":[{"href":"https:\/\/fuentesfidedignas.com.mx\/index.php\/wp-json\/wp\/v2\/posts"}],"about":[{"href":"https:\/\/fuentesfidedignas.com.mx\/index.php\/wp-json\/wp\/v2\/types\/post"}],"author":[{"embeddable":true,"href":"https:\/\/fuentesfidedignas.com.mx\/index.php\/wp-json\/wp\/v2\/users\/4"}],"replies":[{"embeddable":true,"href":"https:\/\/fuentesfidedignas.com.mx\/index.php\/wp-json\/wp\/v2\/comments?post=40385"}],"version-history":[{"count":1,"href":"https:\/\/fuentesfidedignas.com.mx\/index.php\/wp-json\/wp\/v2\/posts\/40385\/revisions"}],"predecessor-version":[{"id":40387,"href":"https:\/\/fuentesfidedignas.com.mx\/index.php\/wp-json\/wp\/v2\/posts\/40385\/revisions\/40387"}],"wp:featuredmedia":[{"embeddable":true,"href":"https:\/\/fuentesfidedignas.com.mx\/index.php\/wp-json\/wp\/v2\/media\/40386"}],"wp:attachment":[{"href":"https:\/\/fuentesfidedignas.com.mx\/index.php\/wp-json\/wp\/v2\/media?parent=40385"}],"wp:term":[{"taxonomy":"category","embeddable":true,"href":"https:\/\/fuentesfidedignas.com.mx\/index.php\/wp-json\/wp\/v2\/categories?post=40385"},{"taxonomy":"post_tag","embeddable":true,"href":"https:\/\/fuentesfidedignas.com.mx\/index.php\/wp-json\/wp\/v2\/tags?post=40385"}],"curies":[{"name":"wp","href":"https:\/\/api.w.org\/{rel}","templated":true}]}}