{"id":40381,"date":"2022-08-19T16:02:14","date_gmt":"2022-08-19T22:02:14","guid":{"rendered":"https:\/\/fuentesfidedignas.com.mx\/?p=40381"},"modified":"2022-08-19T16:02:43","modified_gmt":"2022-08-19T22:02:43","slug":"entrega-ayuntamiento-equipo-tactico-de-ultima-tecnologia-a-bomberos-veteranos-de-culiacan","status":"publish","type":"post","link":"https:\/\/fuentesfidedignas.com.mx\/index.php\/2022\/08\/19\/entrega-ayuntamiento-equipo-tactico-de-ultima-tecnologia-a-bomberos-veteranos-de-culiacan\/","title":{"rendered":"Entrega Ayuntamiento equipo t\u00e1ctico de \u00faltima tecnolog\u00eda a Bomberos Veteranos de Culiac\u00e1n"},"content":{"rendered":"\n<p><strong><em>Autoridades del ayuntamiento destacaron que es muy valioso para el municipio tener personas con esta vocaci\u00f3n de servicio, dispuestos a aplicar sus conocimientos a favor de la seguridad de los dem\u00e1s.<\/em><\/strong><\/p>\n\n\n\n<p>Culiac\u00e1n, Sinaloa.- Con una inversi\u00f3n superior al mill\u00f3n de pesos, el Ayuntamiento de Culiac\u00e1n hizo entrega de equipo t\u00e1ctico a Bomberos Veteranos de Culiac\u00e1n A.C., para ser utilizado en situaciones de riesgo que atenten contra la salud de la poblaci\u00f3n, entre ellas aparatos conocidos como \u2018quijadas de la vida\u2019 de \u00faltima tecnolog\u00eda.<\/p>\n\n\n\n<p>Leobardo Gallardo Beltr\u00e1n, secretario del Ayuntamiento, manifest\u00f3 su benepl\u00e1cito por tener la oportunidad de entregar, a nombre del alcalde Juan de Dios G\u00e1mez Mend\u00edvil, estas herramientas de auxilio y rescate al grupo de Bomberos Veteranos, las cuales fue posible adquirir a trav\u00e9s de los recursos obtenidos por las aportaciones de la ciudadan\u00eda en el pago de su impuesto predial.<\/p>\n\n\n\n<p>\u201cNos sentimos satisfechos de poder hacer este equipamiento a ustedes que son los que trabajan para que, en dadas circunstancias, puedan salvar la vida de una persona; como seres humanos tenemos el instinto de ayudar a nuestros semejantes cuando se encuentran en una situaci\u00f3n adversa, pero ustedes tienen perfeccionado ese instinto y lo llevan a la pr\u00e1ctica, ah\u00ed la importancia de este equipamiento para que puedan tener un mejor desempe\u00f1o\u201d, expuso.<\/p>\n\n\n\n<p>Destac\u00f3 que es muy valioso para el municipio tener personas con esta vocaci\u00f3n de servicio, dispuestos a aplicar sus conocimientos a favor de la seguridad de los dem\u00e1s.<\/p>\n\n\n\n<p>Por su parte, Arturo Ram\u00edrez Arellano, presidente de la Asociaci\u00f3n Estatal de Bomberos Veteranos, agradeci\u00f3 a las autoridades municipales el respaldo brindado para la adquisici\u00f3n de este equipo y herramientas de \u00faltima tecnolog\u00eda.<\/p>\n\n\n\n<p>Dio a conocer que, entre los instrumentos de auxilio y rescate, se encuentran \u2018Tijeras de la Vida\u2019 de bater\u00eda, cortadoras de cristal, elevadores de veh\u00edculos, cortadoras de metal, generadores el\u00e9ctricos de gasolina, entre otros.<\/p>\n\n\n\n<p>\u201cEstos elementos se utilizan generalmente en percances automovil\u00edsticos, cuando las personas accidentadas terminan prensadas en la estructura del veh\u00edculo, con esto podremos actuar de manera \u00e1gil, reduciendo los tiempos de maniobra, y elevando la efectividad del rescate\u201d, concluy\u00f3.<\/p>\n","protected":false},"excerpt":{"rendered":"<p>Autoridades del ayuntamiento destacaron que es muy valioso para el municipio tener personas con esta vocaci\u00f3n de servicio, dispuestos a aplicar sus conocimientos a favor de la seguridad de los dem\u00e1s. Culiac\u00e1n, Sinaloa.- Con una inversi\u00f3n superior al mill\u00f3n de pesos, el Ayuntamiento de Culiac\u00e1n hizo entrega de equipo t\u00e1ctico a Bomberos Veteranos de Culiac\u00e1n [&hellip;]<\/p>\n","protected":false},"author":4,"featured_media":40382,"comment_status":"open","ping_status":"open","sticky":false,"template":"","format":"standard","meta":{"tdm_status":"","tdm_grid_status":"","footnotes":""},"categories":[38],"tags":[],"class_list":{"0":"post-40381","1":"post","2":"type-post","3":"status-publish","4":"format-standard","5":"has-post-thumbnail","7":"category-noticias-locales"},"yoast_head":"<!-- This site is optimized with the Yoast SEO plugin v27.5 - https:\/\/yoast.com\/product\/yoast-seo-wordpress\/ -->\n<title>Entrega Ayuntamiento equipo t\u00e1ctico de \u00faltima tecnolog\u00eda a Bomberos Veteranos de Culiac\u00e1n - Fuentes Fidedignas<\/title>\n<meta name=\"robots\" content=\"index, follow, max-snippet:-1, max-image-preview:large, max-video-preview:-1\" \/>\n<link rel=\"canonical\" href=\"https:\/\/fuentesfidedignas.com.mx\/index.php\/2022\/08\/19\/entrega-ayuntamiento-equipo-tactico-de-ultima-tecnologia-a-bomberos-veteranos-de-culiacan\/\" \/>\n<meta property=\"og:locale\" content=\"es_MX\" \/>\n<meta property=\"og:type\" content=\"article\" \/>\n<meta property=\"og:title\" content=\"Entrega Ayuntamiento equipo t\u00e1ctico de \u00faltima tecnolog\u00eda a Bomberos Veteranos de Culiac\u00e1n - Fuentes Fidedignas\" \/>\n<meta property=\"og:description\" content=\"Autoridades del ayuntamiento destacaron que es muy valioso para el municipio tener personas con esta vocaci\u00f3n de servicio, dispuestos a aplicar sus conocimientos a favor de la seguridad de los dem\u00e1s. Culiac\u00e1n, Sinaloa.- Con una inversi\u00f3n superior al mill\u00f3n de pesos, el Ayuntamiento de Culiac\u00e1n hizo entrega de equipo t\u00e1ctico a Bomberos Veteranos de Culiac\u00e1n [&hellip;]\" \/>\n<meta property=\"og:url\" content=\"https:\/\/fuentesfidedignas.com.mx\/index.php\/2022\/08\/19\/entrega-ayuntamiento-equipo-tactico-de-ultima-tecnologia-a-bomberos-veteranos-de-culiacan\/\" \/>\n<meta property=\"og:site_name\" content=\"Fuentes Fidedignas\" \/>\n<meta property=\"article:publisher\" content=\"https:\/\/www.facebook.com\/Fuentes-Fidedignas-368234489921644\" \/>\n<meta property=\"article:published_time\" content=\"2022-08-19T22:02:14+00:00\" \/>\n<meta property=\"article:modified_time\" content=\"2022-08-19T22:02:43+00:00\" \/>\n<meta property=\"og:image\" content=\"https:\/\/fuentesfidedignas.com.mx\/wp-content\/uploads\/2022\/08\/BOMBEROS_VET.jpg\" \/>\n\t<meta property=\"og:image:width\" content=\"891\" \/>\n\t<meta property=\"og:image:height\" content=\"591\" \/>\n\t<meta property=\"og:image:type\" content=\"image\/jpeg\" \/>\n<meta name=\"author\" content=\"Redacci\u00f3n\" \/>\n<meta name=\"twitter:card\" content=\"summary_large_image\" \/>\n<meta name=\"twitter:creator\" content=\"@fidedignas\" \/>\n<meta name=\"twitter:site\" content=\"@fidedignas\" \/>\n<meta name=\"twitter:label1\" content=\"Escrito por\" \/>\n\t<meta name=\"twitter:data1\" content=\"Redacci\u00f3n\" \/>\n\t<meta name=\"twitter:label2\" content=\"Tiempo de lectura\" \/>\n\t<meta name=\"twitter:data2\" content=\"2 minutos\" \/>\n<script type=\"application\/ld+json\" class=\"yoast-schema-graph\">{\"@context\":\"https:\\\/\\\/schema.org\",\"@graph\":[{\"@type\":\"Article\",\"@id\":\"https:\\\/\\\/fuentesfidedignas.com.mx\\\/index.php\\\/2022\\\/08\\\/19\\\/entrega-ayuntamiento-equipo-tactico-de-ultima-tecnologia-a-bomberos-veteranos-de-culiacan\\\/#article\",\"isPartOf\":{\"@id\":\"https:\\\/\\\/fuentesfidedignas.com.mx\\\/index.php\\\/2022\\\/08\\\/19\\\/entrega-ayuntamiento-equipo-tactico-de-ultima-tecnologia-a-bomberos-veteranos-de-culiacan\\\/\"},\"author\":{\"name\":\"Redacci\u00f3n\",\"@id\":\"https:\\\/\\\/fuentesfidedignas.com.mx\\\/#\\\/schema\\\/person\\\/331be9283d37198e2acd5750279085b0\"},\"headline\":\"Entrega Ayuntamiento equipo t\u00e1ctico de \u00faltima tecnolog\u00eda a Bomberos Veteranos de Culiac\u00e1n\",\"datePublished\":\"2022-08-19T22:02:14+00:00\",\"dateModified\":\"2022-08-19T22:02:43+00:00\",\"mainEntityOfPage\":{\"@id\":\"https:\\\/\\\/fuentesfidedignas.com.mx\\\/index.php\\\/2022\\\/08\\\/19\\\/entrega-ayuntamiento-equipo-tactico-de-ultima-tecnologia-a-bomberos-veteranos-de-culiacan\\\/\"},\"wordCount\":393,\"commentCount\":0,\"publisher\":{\"@id\":\"https:\\\/\\\/fuentesfidedignas.com.mx\\\/#organization\"},\"image\":{\"@id\":\"https:\\\/\\\/fuentesfidedignas.com.mx\\\/index.php\\\/2022\\\/08\\\/19\\\/entrega-ayuntamiento-equipo-tactico-de-ultima-tecnologia-a-bomberos-veteranos-de-culiacan\\\/#primaryimage\"},\"thumbnailUrl\":\"https:\\\/\\\/fuentesfidedignas.com.mx\\\/wp-content\\\/uploads\\\/2022\\\/08\\\/BOMBEROS_VET.jpg\",\"articleSection\":[\"NOTICIAS LOCALES\"],\"inLanguage\":\"es\",\"potentialAction\":[{\"@type\":\"CommentAction\",\"name\":\"Comment\",\"target\":[\"https:\\\/\\\/fuentesfidedignas.com.mx\\\/index.php\\\/2022\\\/08\\\/19\\\/entrega-ayuntamiento-equipo-tactico-de-ultima-tecnologia-a-bomberos-veteranos-de-culiacan\\\/#respond\"]}]},{\"@type\":\"WebPage\",\"@id\":\"https:\\\/\\\/fuentesfidedignas.com.mx\\\/index.php\\\/2022\\\/08\\\/19\\\/entrega-ayuntamiento-equipo-tactico-de-ultima-tecnologia-a-bomberos-veteranos-de-culiacan\\\/\",\"url\":\"https:\\\/\\\/fuentesfidedignas.com.mx\\\/index.php\\\/2022\\\/08\\\/19\\\/entrega-ayuntamiento-equipo-tactico-de-ultima-tecnologia-a-bomberos-veteranos-de-culiacan\\\/\",\"name\":\"Entrega Ayuntamiento equipo t\u00e1ctico de \u00faltima tecnolog\u00eda a Bomberos Veteranos de Culiac\u00e1n - Fuentes Fidedignas\",\"isPartOf\":{\"@id\":\"https:\\\/\\\/fuentesfidedignas.com.mx\\\/#website\"},\"primaryImageOfPage\":{\"@id\":\"https:\\\/\\\/fuentesfidedignas.com.mx\\\/index.php\\\/2022\\\/08\\\/19\\\/entrega-ayuntamiento-equipo-tactico-de-ultima-tecnologia-a-bomberos-veteranos-de-culiacan\\\/#primaryimage\"},\"image\":{\"@id\":\"https:\\\/\\\/fuentesfidedignas.com.mx\\\/index.php\\\/2022\\\/08\\\/19\\\/entrega-ayuntamiento-equipo-tactico-de-ultima-tecnologia-a-bomberos-veteranos-de-culiacan\\\/#primaryimage\"},\"thumbnailUrl\":\"https:\\\/\\\/fuentesfidedignas.com.mx\\\/wp-content\\\/uploads\\\/2022\\\/08\\\/BOMBEROS_VET.jpg\",\"datePublished\":\"2022-08-19T22:02:14+00:00\",\"dateModified\":\"2022-08-19T22:02:43+00:00\",\"breadcrumb\":{\"@id\":\"https:\\\/\\\/fuentesfidedignas.com.mx\\\/index.php\\\/2022\\\/08\\\/19\\\/entrega-ayuntamiento-equipo-tactico-de-ultima-tecnologia-a-bomberos-veteranos-de-culiacan\\\/#breadcrumb\"},\"inLanguage\":\"es\",\"potentialAction\":[{\"@type\":\"ReadAction\",\"target\":[\"https:\\\/\\\/fuentesfidedignas.com.mx\\\/index.php\\\/2022\\\/08\\\/19\\\/entrega-ayuntamiento-equipo-tactico-de-ultima-tecnologia-a-bomberos-veteranos-de-culiacan\\\/\"]}]},{\"@type\":\"ImageObject\",\"inLanguage\":\"es\",\"@id\":\"https:\\\/\\\/fuentesfidedignas.com.mx\\\/index.php\\\/2022\\\/08\\\/19\\\/entrega-ayuntamiento-equipo-tactico-de-ultima-tecnologia-a-bomberos-veteranos-de-culiacan\\\/#primaryimage\",\"url\":\"https:\\\/\\\/fuentesfidedignas.com.mx\\\/wp-content\\\/uploads\\\/2022\\\/08\\\/BOMBEROS_VET.jpg\",\"contentUrl\":\"https:\\\/\\\/fuentesfidedignas.com.mx\\\/wp-content\\\/uploads\\\/2022\\\/08\\\/BOMBEROS_VET.jpg\",\"width\":891,\"height\":591},{\"@type\":\"BreadcrumbList\",\"@id\":\"https:\\\/\\\/fuentesfidedignas.com.mx\\\/index.php\\\/2022\\\/08\\\/19\\\/entrega-ayuntamiento-equipo-tactico-de-ultima-tecnologia-a-bomberos-veteranos-de-culiacan\\\/#breadcrumb\",\"itemListElement\":[{\"@type\":\"ListItem\",\"position\":1,\"name\":\"Inicio\",\"item\":\"https:\\\/\\\/fuentesfidedignas.com.mx\\\/\"},{\"@type\":\"ListItem\",\"position\":2,\"name\":\"Entrega Ayuntamiento equipo t\u00e1ctico de \u00faltima tecnolog\u00eda a Bomberos Veteranos de Culiac\u00e1n\"}]},{\"@type\":\"WebSite\",\"@id\":\"https:\\\/\\\/fuentesfidedignas.com.mx\\\/#website\",\"url\":\"https:\\\/\\\/fuentesfidedignas.com.mx\\\/\",\"name\":\"Fuentes Fidedignas\",\"description\":\"Otro sitio realizado con WordPress\",\"publisher\":{\"@id\":\"https:\\\/\\\/fuentesfidedignas.com.mx\\\/#organization\"},\"potentialAction\":[{\"@type\":\"SearchAction\",\"target\":{\"@type\":\"EntryPoint\",\"urlTemplate\":\"https:\\\/\\\/fuentesfidedignas.com.mx\\\/?s={search_term_string}\"},\"query-input\":{\"@type\":\"PropertyValueSpecification\",\"valueRequired\":true,\"valueName\":\"search_term_string\"}}],\"inLanguage\":\"es\"},{\"@type\":\"Organization\",\"@id\":\"https:\\\/\\\/fuentesfidedignas.com.mx\\\/#organization\",\"name\":\"Fuentes Fidedignas\",\"url\":\"https:\\\/\\\/fuentesfidedignas.com.mx\\\/\",\"logo\":{\"@type\":\"ImageObject\",\"inLanguage\":\"es\",\"@id\":\"https:\\\/\\\/fuentesfidedignas.com.mx\\\/#\\\/schema\\\/logo\\\/image\\\/\",\"url\":\"https:\\\/\\\/fuentesfidedignas.com.mx\\\/wp-content\\\/uploads\\\/2021\\\/04\\\/logo-retina.png\",\"contentUrl\":\"https:\\\/\\\/fuentesfidedignas.com.mx\\\/wp-content\\\/uploads\\\/2021\\\/04\\\/logo-retina.png\",\"width\":280,\"height\":51,\"caption\":\"Fuentes Fidedignas\"},\"image\":{\"@id\":\"https:\\\/\\\/fuentesfidedignas.com.mx\\\/#\\\/schema\\\/logo\\\/image\\\/\"},\"sameAs\":[\"https:\\\/\\\/www.facebook.com\\\/Fuentes-Fidedignas-368234489921644\",\"https:\\\/\\\/x.com\\\/fidedignas\"]},{\"@type\":\"Person\",\"@id\":\"https:\\\/\\\/fuentesfidedignas.com.mx\\\/#\\\/schema\\\/person\\\/331be9283d37198e2acd5750279085b0\",\"name\":\"Redacci\u00f3n\",\"image\":{\"@type\":\"ImageObject\",\"inLanguage\":\"es\",\"@id\":\"https:\\\/\\\/secure.gravatar.com\\\/avatar\\\/f6d8782c11d12b2d4ad3fbb6931aeab5309937a4d6cd2fc9cfaa28a6396a5aec?s=96&d=mm&r=g\",\"url\":\"https:\\\/\\\/secure.gravatar.com\\\/avatar\\\/f6d8782c11d12b2d4ad3fbb6931aeab5309937a4d6cd2fc9cfaa28a6396a5aec?s=96&d=mm&r=g\",\"contentUrl\":\"https:\\\/\\\/secure.gravatar.com\\\/avatar\\\/f6d8782c11d12b2d4ad3fbb6931aeab5309937a4d6cd2fc9cfaa28a6396a5aec?s=96&d=mm&r=g\",\"caption\":\"Redacci\u00f3n\"},\"url\":\"https:\\\/\\\/fuentesfidedignas.com.mx\\\/index.php\\\/author\\\/redaccion\\\/\"}]}<\/script>\n<!-- \/ Yoast SEO plugin. -->","yoast_head_json":{"title":"Entrega Ayuntamiento equipo t\u00e1ctico de \u00faltima tecnolog\u00eda a Bomberos Veteranos de Culiac\u00e1n - Fuentes Fidedignas","robots":{"index":"index","follow":"follow","max-snippet":"max-snippet:-1","max-image-preview":"max-image-preview:large","max-video-preview":"max-video-preview:-1"},"canonical":"https:\/\/fuentesfidedignas.com.mx\/index.php\/2022\/08\/19\/entrega-ayuntamiento-equipo-tactico-de-ultima-tecnologia-a-bomberos-veteranos-de-culiacan\/","og_locale":"es_MX","og_type":"article","og_title":"Entrega Ayuntamiento equipo t\u00e1ctico de \u00faltima tecnolog\u00eda a Bomberos Veteranos de Culiac\u00e1n - Fuentes Fidedignas","og_description":"Autoridades del ayuntamiento destacaron que es muy valioso para el municipio tener personas con esta vocaci\u00f3n de servicio, dispuestos a aplicar sus conocimientos a favor de la seguridad de los dem\u00e1s. Culiac\u00e1n, Sinaloa.- Con una inversi\u00f3n superior al mill\u00f3n de pesos, el Ayuntamiento de Culiac\u00e1n hizo entrega de equipo t\u00e1ctico a Bomberos Veteranos de Culiac\u00e1n [&hellip;]","og_url":"https:\/\/fuentesfidedignas.com.mx\/index.php\/2022\/08\/19\/entrega-ayuntamiento-equipo-tactico-de-ultima-tecnologia-a-bomberos-veteranos-de-culiacan\/","og_site_name":"Fuentes Fidedignas","article_publisher":"https:\/\/www.facebook.com\/Fuentes-Fidedignas-368234489921644","article_published_time":"2022-08-19T22:02:14+00:00","article_modified_time":"2022-08-19T22:02:43+00:00","og_image":[{"width":891,"height":591,"url":"https:\/\/fuentesfidedignas.com.mx\/wp-content\/uploads\/2022\/08\/BOMBEROS_VET.jpg","type":"image\/jpeg"}],"author":"Redacci\u00f3n","twitter_card":"summary_large_image","twitter_creator":"@fidedignas","twitter_site":"@fidedignas","twitter_misc":{"Escrito por":"Redacci\u00f3n","Tiempo de lectura":"2 minutos"},"schema":{"@context":"https:\/\/schema.org","@graph":[{"@type":"Article","@id":"https:\/\/fuentesfidedignas.com.mx\/index.php\/2022\/08\/19\/entrega-ayuntamiento-equipo-tactico-de-ultima-tecnologia-a-bomberos-veteranos-de-culiacan\/#article","isPartOf":{"@id":"https:\/\/fuentesfidedignas.com.mx\/index.php\/2022\/08\/19\/entrega-ayuntamiento-equipo-tactico-de-ultima-tecnologia-a-bomberos-veteranos-de-culiacan\/"},"author":{"name":"Redacci\u00f3n","@id":"https:\/\/fuentesfidedignas.com.mx\/#\/schema\/person\/331be9283d37198e2acd5750279085b0"},"headline":"Entrega Ayuntamiento equipo t\u00e1ctico de \u00faltima tecnolog\u00eda a Bomberos Veteranos de Culiac\u00e1n","datePublished":"2022-08-19T22:02:14+00:00","dateModified":"2022-08-19T22:02:43+00:00","mainEntityOfPage":{"@id":"https:\/\/fuentesfidedignas.com.mx\/index.php\/2022\/08\/19\/entrega-ayuntamiento-equipo-tactico-de-ultima-tecnologia-a-bomberos-veteranos-de-culiacan\/"},"wordCount":393,"commentCount":0,"publisher":{"@id":"https:\/\/fuentesfidedignas.com.mx\/#organization"},"image":{"@id":"https:\/\/fuentesfidedignas.com.mx\/index.php\/2022\/08\/19\/entrega-ayuntamiento-equipo-tactico-de-ultima-tecnologia-a-bomberos-veteranos-de-culiacan\/#primaryimage"},"thumbnailUrl":"https:\/\/fuentesfidedignas.com.mx\/wp-content\/uploads\/2022\/08\/BOMBEROS_VET.jpg","articleSection":["NOTICIAS LOCALES"],"inLanguage":"es","potentialAction":[{"@type":"CommentAction","name":"Comment","target":["https:\/\/fuentesfidedignas.com.mx\/index.php\/2022\/08\/19\/entrega-ayuntamiento-equipo-tactico-de-ultima-tecnologia-a-bomberos-veteranos-de-culiacan\/#respond"]}]},{"@type":"WebPage","@id":"https:\/\/fuentesfidedignas.com.mx\/index.php\/2022\/08\/19\/entrega-ayuntamiento-equipo-tactico-de-ultima-tecnologia-a-bomberos-veteranos-de-culiacan\/","url":"https:\/\/fuentesfidedignas.com.mx\/index.php\/2022\/08\/19\/entrega-ayuntamiento-equipo-tactico-de-ultima-tecnologia-a-bomberos-veteranos-de-culiacan\/","name":"Entrega Ayuntamiento equipo t\u00e1ctico de \u00faltima tecnolog\u00eda a Bomberos Veteranos de Culiac\u00e1n - Fuentes Fidedignas","isPartOf":{"@id":"https:\/\/fuentesfidedignas.com.mx\/#website"},"primaryImageOfPage":{"@id":"https:\/\/fuentesfidedignas.com.mx\/index.php\/2022\/08\/19\/entrega-ayuntamiento-equipo-tactico-de-ultima-tecnologia-a-bomberos-veteranos-de-culiacan\/#primaryimage"},"image":{"@id":"https:\/\/fuentesfidedignas.com.mx\/index.php\/2022\/08\/19\/entrega-ayuntamiento-equipo-tactico-de-ultima-tecnologia-a-bomberos-veteranos-de-culiacan\/#primaryimage"},"thumbnailUrl":"https:\/\/fuentesfidedignas.com.mx\/wp-content\/uploads\/2022\/08\/BOMBEROS_VET.jpg","datePublished":"2022-08-19T22:02:14+00:00","dateModified":"2022-08-19T22:02:43+00:00","breadcrumb":{"@id":"https:\/\/fuentesfidedignas.com.mx\/index.php\/2022\/08\/19\/entrega-ayuntamiento-equipo-tactico-de-ultima-tecnologia-a-bomberos-veteranos-de-culiacan\/#breadcrumb"},"inLanguage":"es","potentialAction":[{"@type":"ReadAction","target":["https:\/\/fuentesfidedignas.com.mx\/index.php\/2022\/08\/19\/entrega-ayuntamiento-equipo-tactico-de-ultima-tecnologia-a-bomberos-veteranos-de-culiacan\/"]}]},{"@type":"ImageObject","inLanguage":"es","@id":"https:\/\/fuentesfidedignas.com.mx\/index.php\/2022\/08\/19\/entrega-ayuntamiento-equipo-tactico-de-ultima-tecnologia-a-bomberos-veteranos-de-culiacan\/#primaryimage","url":"https:\/\/fuentesfidedignas.com.mx\/wp-content\/uploads\/2022\/08\/BOMBEROS_VET.jpg","contentUrl":"https:\/\/fuentesfidedignas.com.mx\/wp-content\/uploads\/2022\/08\/BOMBEROS_VET.jpg","width":891,"height":591},{"@type":"BreadcrumbList","@id":"https:\/\/fuentesfidedignas.com.mx\/index.php\/2022\/08\/19\/entrega-ayuntamiento-equipo-tactico-de-ultima-tecnologia-a-bomberos-veteranos-de-culiacan\/#breadcrumb","itemListElement":[{"@type":"ListItem","position":1,"name":"Inicio","item":"https:\/\/fuentesfidedignas.com.mx\/"},{"@type":"ListItem","position":2,"name":"Entrega Ayuntamiento equipo t\u00e1ctico de \u00faltima tecnolog\u00eda a Bomberos Veteranos de Culiac\u00e1n"}]},{"@type":"WebSite","@id":"https:\/\/fuentesfidedignas.com.mx\/#website","url":"https:\/\/fuentesfidedignas.com.mx\/","name":"Fuentes Fidedignas","description":"Otro sitio realizado con WordPress","publisher":{"@id":"https:\/\/fuentesfidedignas.com.mx\/#organization"},"potentialAction":[{"@type":"SearchAction","target":{"@type":"EntryPoint","urlTemplate":"https:\/\/fuentesfidedignas.com.mx\/?s={search_term_string}"},"query-input":{"@type":"PropertyValueSpecification","valueRequired":true,"valueName":"search_term_string"}}],"inLanguage":"es"},{"@type":"Organization","@id":"https:\/\/fuentesfidedignas.com.mx\/#organization","name":"Fuentes Fidedignas","url":"https:\/\/fuentesfidedignas.com.mx\/","logo":{"@type":"ImageObject","inLanguage":"es","@id":"https:\/\/fuentesfidedignas.com.mx\/#\/schema\/logo\/image\/","url":"https:\/\/fuentesfidedignas.com.mx\/wp-content\/uploads\/2021\/04\/logo-retina.png","contentUrl":"https:\/\/fuentesfidedignas.com.mx\/wp-content\/uploads\/2021\/04\/logo-retina.png","width":280,"height":51,"caption":"Fuentes Fidedignas"},"image":{"@id":"https:\/\/fuentesfidedignas.com.mx\/#\/schema\/logo\/image\/"},"sameAs":["https:\/\/www.facebook.com\/Fuentes-Fidedignas-368234489921644","https:\/\/x.com\/fidedignas"]},{"@type":"Person","@id":"https:\/\/fuentesfidedignas.com.mx\/#\/schema\/person\/331be9283d37198e2acd5750279085b0","name":"Redacci\u00f3n","image":{"@type":"ImageObject","inLanguage":"es","@id":"https:\/\/secure.gravatar.com\/avatar\/f6d8782c11d12b2d4ad3fbb6931aeab5309937a4d6cd2fc9cfaa28a6396a5aec?s=96&d=mm&r=g","url":"https:\/\/secure.gravatar.com\/avatar\/f6d8782c11d12b2d4ad3fbb6931aeab5309937a4d6cd2fc9cfaa28a6396a5aec?s=96&d=mm&r=g","contentUrl":"https:\/\/secure.gravatar.com\/avatar\/f6d8782c11d12b2d4ad3fbb6931aeab5309937a4d6cd2fc9cfaa28a6396a5aec?s=96&d=mm&r=g","caption":"Redacci\u00f3n"},"url":"https:\/\/fuentesfidedignas.com.mx\/index.php\/author\/redaccion\/"}]}},"_links":{"self":[{"href":"https:\/\/fuentesfidedignas.com.mx\/index.php\/wp-json\/wp\/v2\/posts\/40381","targetHints":{"allow":["GET"]}}],"collection":[{"href":"https:\/\/fuentesfidedignas.com.mx\/index.php\/wp-json\/wp\/v2\/posts"}],"about":[{"href":"https:\/\/fuentesfidedignas.com.mx\/index.php\/wp-json\/wp\/v2\/types\/post"}],"author":[{"embeddable":true,"href":"https:\/\/fuentesfidedignas.com.mx\/index.php\/wp-json\/wp\/v2\/users\/4"}],"replies":[{"embeddable":true,"href":"https:\/\/fuentesfidedignas.com.mx\/index.php\/wp-json\/wp\/v2\/comments?post=40381"}],"version-history":[{"count":2,"href":"https:\/\/fuentesfidedignas.com.mx\/index.php\/wp-json\/wp\/v2\/posts\/40381\/revisions"}],"predecessor-version":[{"id":40384,"href":"https:\/\/fuentesfidedignas.com.mx\/index.php\/wp-json\/wp\/v2\/posts\/40381\/revisions\/40384"}],"wp:featuredmedia":[{"embeddable":true,"href":"https:\/\/fuentesfidedignas.com.mx\/index.php\/wp-json\/wp\/v2\/media\/40382"}],"wp:attachment":[{"href":"https:\/\/fuentesfidedignas.com.mx\/index.php\/wp-json\/wp\/v2\/media?parent=40381"}],"wp:term":[{"taxonomy":"category","embeddable":true,"href":"https:\/\/fuentesfidedignas.com.mx\/index.php\/wp-json\/wp\/v2\/categories?post=40381"},{"taxonomy":"post_tag","embeddable":true,"href":"https:\/\/fuentesfidedignas.com.mx\/index.php\/wp-json\/wp\/v2\/tags?post=40381"}],"curies":[{"name":"wp","href":"https:\/\/api.w.org\/{rel}","templated":true}]}}