{"id":40248,"date":"2022-08-18T16:06:06","date_gmt":"2022-08-18T22:06:06","guid":{"rendered":"https:\/\/fuentesfidedignas.com.mx\/?p=40248"},"modified":"2022-08-18T16:06:07","modified_gmt":"2022-08-18T22:06:07","slug":"encinas-revela-detalles-en-caso-ayotzinapa-no-hay-indicios-de-que-los-43-esten-con-vida","status":"publish","type":"post","link":"https:\/\/fuentesfidedignas.com.mx\/index.php\/2022\/08\/18\/encinas-revela-detalles-en-caso-ayotzinapa-no-hay-indicios-de-que-los-43-esten-con-vida\/","title":{"rendered":"Encinas revela detalles en caso Ayotzinapa; &#8220;no hay indicios de que los 43 est\u00e9n con vida&#8221;"},"content":{"rendered":"\n<p><strong><em>El subsecretario ofrece una conferencia de prensa esta tarde desde el Sal\u00f3n Tesorer\u00eda del Palacio Nacional, el informe de la Comisi\u00f3n para la Verdad y Acceso a la Justicia del caso Ayotzinapa<\/em><\/strong><\/p>\n\n\n\n<p>Ciudad de M\u00e9xico.- Alejandro Encinas, subsecretario de Derechos Humanos de Segob, revel\u00f3 que no hay indicio alguno de que los 43 estudiantes desaparecidos en la Normal Rural de Ayotzinapa, desaparecidos hace casi ocho a\u00f1os, se encuentren con vida, pues indic\u00f3 que todos los testimonios y evidencias acreditan que los j\u00f3venes fueron &#8220;arteramente&#8221; ultimados y desaparecidos.<\/p>\n\n\n\n<p>El subsecretario ofrece una conferencia de prensa esta tarde desde el Sal\u00f3n Tesorer\u00eda del Palacio Nacional, el informe de la Comisi\u00f3n para la Verdad y Acceso a la Justicia del caso Ayotzinapa.<\/p>\n\n\n\n<p>&#8220;No hay indicio alguno de que los estudiantes se encuentran con vida, por el contrario, todos los testimonios y evidencias acreditan que \u00e9stos fueron arteramente ultimados y desaparecidos&#8221;, dijo Encinas.<\/p>\n\n\n\n<p>Dijo adem\u00e1s que puede trazarse una participaci\u00f3n del Ej\u00e9rcito en el caso.<\/p>\n\n\n\n<p>Confirm\u00f3 que se reuni\u00f3 en febrero pasado en Tel Aviv, Israel, con Tom\u00e1s Zer\u00f3n de Lucio, extitular de la Agencia de Investigaci\u00f3n Criminal (AIC) y acusado de tortura en el caso Ayotzinapa, a quien se le ofreci\u00f3 un criterio de oportunidad, que no acept\u00f3.<\/p>\n\n\n\n<p><\/p>\n","protected":false},"excerpt":{"rendered":"<p>El subsecretario ofrece una conferencia de prensa esta tarde desde el Sal\u00f3n Tesorer\u00eda del Palacio Nacional, el informe de la Comisi\u00f3n para la Verdad y Acceso a la Justicia del caso Ayotzinapa Ciudad de M\u00e9xico.- Alejandro Encinas, subsecretario de Derechos Humanos de Segob, revel\u00f3 que no hay indicio alguno de que los 43 estudiantes desaparecidos [&hellip;]<\/p>\n","protected":false},"author":39,"featured_media":13979,"comment_status":"open","ping_status":"open","sticky":false,"template":"","format":"standard","meta":{"tdm_status":"","tdm_grid_status":"","footnotes":""},"categories":[39],"tags":[],"class_list":{"0":"post-40248","1":"post","2":"type-post","3":"status-publish","4":"format-standard","5":"has-post-thumbnail","7":"category-noticias-nacionales"},"yoast_head":"<!-- This site is optimized with the Yoast SEO plugin v27.4 - https:\/\/yoast.com\/product\/yoast-seo-wordpress\/ -->\n<title>Encinas revela detalles en caso Ayotzinapa; &quot;no hay indicios de que los 43 est\u00e9n con vida&quot; - Fuentes Fidedignas<\/title>\n<meta name=\"robots\" content=\"index, follow, max-snippet:-1, max-image-preview:large, max-video-preview:-1\" \/>\n<link rel=\"canonical\" href=\"https:\/\/fuentesfidedignas.com.mx\/index.php\/2022\/08\/18\/encinas-revela-detalles-en-caso-ayotzinapa-no-hay-indicios-de-que-los-43-esten-con-vida\/\" \/>\n<meta property=\"og:locale\" content=\"es_MX\" \/>\n<meta property=\"og:type\" content=\"article\" \/>\n<meta property=\"og:title\" content=\"Encinas revela detalles en caso Ayotzinapa; &quot;no hay indicios de que los 43 est\u00e9n con vida&quot; - Fuentes Fidedignas\" \/>\n<meta property=\"og:description\" content=\"El subsecretario ofrece una conferencia de prensa esta tarde desde el Sal\u00f3n Tesorer\u00eda del Palacio Nacional, el informe de la Comisi\u00f3n para la Verdad y Acceso a la Justicia del caso Ayotzinapa Ciudad de M\u00e9xico.- Alejandro Encinas, subsecretario de Derechos Humanos de Segob, revel\u00f3 que no hay indicio alguno de que los 43 estudiantes desaparecidos [&hellip;]\" \/>\n<meta property=\"og:url\" content=\"https:\/\/fuentesfidedignas.com.mx\/index.php\/2022\/08\/18\/encinas-revela-detalles-en-caso-ayotzinapa-no-hay-indicios-de-que-los-43-esten-con-vida\/\" \/>\n<meta property=\"og:site_name\" content=\"Fuentes Fidedignas\" \/>\n<meta property=\"article:publisher\" content=\"https:\/\/www.facebook.com\/Fuentes-Fidedignas-368234489921644\" \/>\n<meta property=\"article:published_time\" content=\"2022-08-18T22:06:06+00:00\" \/>\n<meta property=\"article:modified_time\" content=\"2022-08-18T22:06:07+00:00\" \/>\n<meta property=\"og:image\" content=\"https:\/\/fuentesfidedignas.com.mx\/wp-content\/uploads\/2021\/10\/estudiantes-ayotzinapa-juntaron-calles-centrales.jpeg\" \/>\n\t<meta property=\"og:image:width\" content=\"300\" \/>\n\t<meta property=\"og:image:height\" content=\"186\" \/>\n\t<meta property=\"og:image:type\" content=\"image\/jpeg\" \/>\n<meta name=\"author\" content=\"El Universal\" \/>\n<meta name=\"twitter:card\" content=\"summary_large_image\" \/>\n<meta name=\"twitter:creator\" content=\"@fidedignas\" \/>\n<meta name=\"twitter:site\" content=\"@fidedignas\" \/>\n<meta name=\"twitter:label1\" content=\"Escrito por\" \/>\n\t<meta name=\"twitter:data1\" content=\"El Universal\" \/>\n\t<meta name=\"twitter:label2\" content=\"Tiempo de lectura\" \/>\n\t<meta name=\"twitter:data2\" content=\"1 minuto\" \/>\n<script type=\"application\/ld+json\" class=\"yoast-schema-graph\">{\"@context\":\"https:\\\/\\\/schema.org\",\"@graph\":[{\"@type\":\"Article\",\"@id\":\"https:\\\/\\\/fuentesfidedignas.com.mx\\\/index.php\\\/2022\\\/08\\\/18\\\/encinas-revela-detalles-en-caso-ayotzinapa-no-hay-indicios-de-que-los-43-esten-con-vida\\\/#article\",\"isPartOf\":{\"@id\":\"https:\\\/\\\/fuentesfidedignas.com.mx\\\/index.php\\\/2022\\\/08\\\/18\\\/encinas-revela-detalles-en-caso-ayotzinapa-no-hay-indicios-de-que-los-43-esten-con-vida\\\/\"},\"author\":{\"name\":\"El Universal\",\"@id\":\"https:\\\/\\\/fuentesfidedignas.com.mx\\\/#\\\/schema\\\/person\\\/fee3882e65fd0510d292c43a346d35d7\"},\"headline\":\"Encinas revela detalles en caso Ayotzinapa; &#8220;no hay indicios de que los 43 est\u00e9n con vida&#8221;\",\"datePublished\":\"2022-08-18T22:06:06+00:00\",\"dateModified\":\"2022-08-18T22:06:07+00:00\",\"mainEntityOfPage\":{\"@id\":\"https:\\\/\\\/fuentesfidedignas.com.mx\\\/index.php\\\/2022\\\/08\\\/18\\\/encinas-revela-detalles-en-caso-ayotzinapa-no-hay-indicios-de-que-los-43-esten-con-vida\\\/\"},\"wordCount\":236,\"commentCount\":0,\"publisher\":{\"@id\":\"https:\\\/\\\/fuentesfidedignas.com.mx\\\/#organization\"},\"image\":{\"@id\":\"https:\\\/\\\/fuentesfidedignas.com.mx\\\/index.php\\\/2022\\\/08\\\/18\\\/encinas-revela-detalles-en-caso-ayotzinapa-no-hay-indicios-de-que-los-43-esten-con-vida\\\/#primaryimage\"},\"thumbnailUrl\":\"https:\\\/\\\/fuentesfidedignas.com.mx\\\/wp-content\\\/uploads\\\/2021\\\/10\\\/estudiantes-ayotzinapa-juntaron-calles-centrales.jpeg\",\"articleSection\":[\"NOTICIAS NACIONALES\"],\"inLanguage\":\"es\",\"potentialAction\":[{\"@type\":\"CommentAction\",\"name\":\"Comment\",\"target\":[\"https:\\\/\\\/fuentesfidedignas.com.mx\\\/index.php\\\/2022\\\/08\\\/18\\\/encinas-revela-detalles-en-caso-ayotzinapa-no-hay-indicios-de-que-los-43-esten-con-vida\\\/#respond\"]}]},{\"@type\":\"WebPage\",\"@id\":\"https:\\\/\\\/fuentesfidedignas.com.mx\\\/index.php\\\/2022\\\/08\\\/18\\\/encinas-revela-detalles-en-caso-ayotzinapa-no-hay-indicios-de-que-los-43-esten-con-vida\\\/\",\"url\":\"https:\\\/\\\/fuentesfidedignas.com.mx\\\/index.php\\\/2022\\\/08\\\/18\\\/encinas-revela-detalles-en-caso-ayotzinapa-no-hay-indicios-de-que-los-43-esten-con-vida\\\/\",\"name\":\"Encinas revela detalles en caso Ayotzinapa; \\\"no hay indicios de que los 43 est\u00e9n con vida\\\" - Fuentes Fidedignas\",\"isPartOf\":{\"@id\":\"https:\\\/\\\/fuentesfidedignas.com.mx\\\/#website\"},\"primaryImageOfPage\":{\"@id\":\"https:\\\/\\\/fuentesfidedignas.com.mx\\\/index.php\\\/2022\\\/08\\\/18\\\/encinas-revela-detalles-en-caso-ayotzinapa-no-hay-indicios-de-que-los-43-esten-con-vida\\\/#primaryimage\"},\"image\":{\"@id\":\"https:\\\/\\\/fuentesfidedignas.com.mx\\\/index.php\\\/2022\\\/08\\\/18\\\/encinas-revela-detalles-en-caso-ayotzinapa-no-hay-indicios-de-que-los-43-esten-con-vida\\\/#primaryimage\"},\"thumbnailUrl\":\"https:\\\/\\\/fuentesfidedignas.com.mx\\\/wp-content\\\/uploads\\\/2021\\\/10\\\/estudiantes-ayotzinapa-juntaron-calles-centrales.jpeg\",\"datePublished\":\"2022-08-18T22:06:06+00:00\",\"dateModified\":\"2022-08-18T22:06:07+00:00\",\"breadcrumb\":{\"@id\":\"https:\\\/\\\/fuentesfidedignas.com.mx\\\/index.php\\\/2022\\\/08\\\/18\\\/encinas-revela-detalles-en-caso-ayotzinapa-no-hay-indicios-de-que-los-43-esten-con-vida\\\/#breadcrumb\"},\"inLanguage\":\"es\",\"potentialAction\":[{\"@type\":\"ReadAction\",\"target\":[\"https:\\\/\\\/fuentesfidedignas.com.mx\\\/index.php\\\/2022\\\/08\\\/18\\\/encinas-revela-detalles-en-caso-ayotzinapa-no-hay-indicios-de-que-los-43-esten-con-vida\\\/\"]}]},{\"@type\":\"ImageObject\",\"inLanguage\":\"es\",\"@id\":\"https:\\\/\\\/fuentesfidedignas.com.mx\\\/index.php\\\/2022\\\/08\\\/18\\\/encinas-revela-detalles-en-caso-ayotzinapa-no-hay-indicios-de-que-los-43-esten-con-vida\\\/#primaryimage\",\"url\":\"https:\\\/\\\/fuentesfidedignas.com.mx\\\/wp-content\\\/uploads\\\/2021\\\/10\\\/estudiantes-ayotzinapa-juntaron-calles-centrales.jpeg\",\"contentUrl\":\"https:\\\/\\\/fuentesfidedignas.com.mx\\\/wp-content\\\/uploads\\\/2021\\\/10\\\/estudiantes-ayotzinapa-juntaron-calles-centrales.jpeg\",\"width\":300,\"height\":186},{\"@type\":\"BreadcrumbList\",\"@id\":\"https:\\\/\\\/fuentesfidedignas.com.mx\\\/index.php\\\/2022\\\/08\\\/18\\\/encinas-revela-detalles-en-caso-ayotzinapa-no-hay-indicios-de-que-los-43-esten-con-vida\\\/#breadcrumb\",\"itemListElement\":[{\"@type\":\"ListItem\",\"position\":1,\"name\":\"Inicio\",\"item\":\"https:\\\/\\\/fuentesfidedignas.com.mx\\\/\"},{\"@type\":\"ListItem\",\"position\":2,\"name\":\"Encinas revela detalles en caso Ayotzinapa; &#8220;no hay indicios de que los 43 est\u00e9n con vida&#8221;\"}]},{\"@type\":\"WebSite\",\"@id\":\"https:\\\/\\\/fuentesfidedignas.com.mx\\\/#website\",\"url\":\"https:\\\/\\\/fuentesfidedignas.com.mx\\\/\",\"name\":\"Fuentes Fidedignas\",\"description\":\"Otro sitio realizado con WordPress\",\"publisher\":{\"@id\":\"https:\\\/\\\/fuentesfidedignas.com.mx\\\/#organization\"},\"potentialAction\":[{\"@type\":\"SearchAction\",\"target\":{\"@type\":\"EntryPoint\",\"urlTemplate\":\"https:\\\/\\\/fuentesfidedignas.com.mx\\\/?s={search_term_string}\"},\"query-input\":{\"@type\":\"PropertyValueSpecification\",\"valueRequired\":true,\"valueName\":\"search_term_string\"}}],\"inLanguage\":\"es\"},{\"@type\":\"Organization\",\"@id\":\"https:\\\/\\\/fuentesfidedignas.com.mx\\\/#organization\",\"name\":\"Fuentes Fidedignas\",\"url\":\"https:\\\/\\\/fuentesfidedignas.com.mx\\\/\",\"logo\":{\"@type\":\"ImageObject\",\"inLanguage\":\"es\",\"@id\":\"https:\\\/\\\/fuentesfidedignas.com.mx\\\/#\\\/schema\\\/logo\\\/image\\\/\",\"url\":\"https:\\\/\\\/fuentesfidedignas.com.mx\\\/wp-content\\\/uploads\\\/2021\\\/04\\\/logo-retina.png\",\"contentUrl\":\"https:\\\/\\\/fuentesfidedignas.com.mx\\\/wp-content\\\/uploads\\\/2021\\\/04\\\/logo-retina.png\",\"width\":280,\"height\":51,\"caption\":\"Fuentes Fidedignas\"},\"image\":{\"@id\":\"https:\\\/\\\/fuentesfidedignas.com.mx\\\/#\\\/schema\\\/logo\\\/image\\\/\"},\"sameAs\":[\"https:\\\/\\\/www.facebook.com\\\/Fuentes-Fidedignas-368234489921644\",\"https:\\\/\\\/x.com\\\/fidedignas\"]},{\"@type\":\"Person\",\"@id\":\"https:\\\/\\\/fuentesfidedignas.com.mx\\\/#\\\/schema\\\/person\\\/fee3882e65fd0510d292c43a346d35d7\",\"name\":\"El Universal\",\"image\":{\"@type\":\"ImageObject\",\"inLanguage\":\"es\",\"@id\":\"https:\\\/\\\/secure.gravatar.com\\\/avatar\\\/1ebc94d82b6c3c081781f73e5b76a0d0c1ac7bf8e57426f18802246eeaa2747c?s=96&d=mm&r=g\",\"url\":\"https:\\\/\\\/secure.gravatar.com\\\/avatar\\\/1ebc94d82b6c3c081781f73e5b76a0d0c1ac7bf8e57426f18802246eeaa2747c?s=96&d=mm&r=g\",\"contentUrl\":\"https:\\\/\\\/secure.gravatar.com\\\/avatar\\\/1ebc94d82b6c3c081781f73e5b76a0d0c1ac7bf8e57426f18802246eeaa2747c?s=96&d=mm&r=g\",\"caption\":\"El Universal\"},\"url\":\"https:\\\/\\\/fuentesfidedignas.com.mx\\\/index.php\\\/author\\\/el-universal\\\/\"}]}<\/script>\n<!-- \/ Yoast SEO plugin. -->","yoast_head_json":{"title":"Encinas revela detalles en caso Ayotzinapa; \"no hay indicios de que los 43 est\u00e9n con vida\" - Fuentes Fidedignas","robots":{"index":"index","follow":"follow","max-snippet":"max-snippet:-1","max-image-preview":"max-image-preview:large","max-video-preview":"max-video-preview:-1"},"canonical":"https:\/\/fuentesfidedignas.com.mx\/index.php\/2022\/08\/18\/encinas-revela-detalles-en-caso-ayotzinapa-no-hay-indicios-de-que-los-43-esten-con-vida\/","og_locale":"es_MX","og_type":"article","og_title":"Encinas revela detalles en caso Ayotzinapa; \"no hay indicios de que los 43 est\u00e9n con vida\" - Fuentes Fidedignas","og_description":"El subsecretario ofrece una conferencia de prensa esta tarde desde el Sal\u00f3n Tesorer\u00eda del Palacio Nacional, el informe de la Comisi\u00f3n para la Verdad y Acceso a la Justicia del caso Ayotzinapa Ciudad de M\u00e9xico.- Alejandro Encinas, subsecretario de Derechos Humanos de Segob, revel\u00f3 que no hay indicio alguno de que los 43 estudiantes desaparecidos [&hellip;]","og_url":"https:\/\/fuentesfidedignas.com.mx\/index.php\/2022\/08\/18\/encinas-revela-detalles-en-caso-ayotzinapa-no-hay-indicios-de-que-los-43-esten-con-vida\/","og_site_name":"Fuentes Fidedignas","article_publisher":"https:\/\/www.facebook.com\/Fuentes-Fidedignas-368234489921644","article_published_time":"2022-08-18T22:06:06+00:00","article_modified_time":"2022-08-18T22:06:07+00:00","og_image":[{"width":300,"height":186,"url":"https:\/\/fuentesfidedignas.com.mx\/wp-content\/uploads\/2021\/10\/estudiantes-ayotzinapa-juntaron-calles-centrales.jpeg","type":"image\/jpeg"}],"author":"El Universal","twitter_card":"summary_large_image","twitter_creator":"@fidedignas","twitter_site":"@fidedignas","twitter_misc":{"Escrito por":"El Universal","Tiempo de lectura":"1 minuto"},"schema":{"@context":"https:\/\/schema.org","@graph":[{"@type":"Article","@id":"https:\/\/fuentesfidedignas.com.mx\/index.php\/2022\/08\/18\/encinas-revela-detalles-en-caso-ayotzinapa-no-hay-indicios-de-que-los-43-esten-con-vida\/#article","isPartOf":{"@id":"https:\/\/fuentesfidedignas.com.mx\/index.php\/2022\/08\/18\/encinas-revela-detalles-en-caso-ayotzinapa-no-hay-indicios-de-que-los-43-esten-con-vida\/"},"author":{"name":"El Universal","@id":"https:\/\/fuentesfidedignas.com.mx\/#\/schema\/person\/fee3882e65fd0510d292c43a346d35d7"},"headline":"Encinas revela detalles en caso Ayotzinapa; &#8220;no hay indicios de que los 43 est\u00e9n con vida&#8221;","datePublished":"2022-08-18T22:06:06+00:00","dateModified":"2022-08-18T22:06:07+00:00","mainEntityOfPage":{"@id":"https:\/\/fuentesfidedignas.com.mx\/index.php\/2022\/08\/18\/encinas-revela-detalles-en-caso-ayotzinapa-no-hay-indicios-de-que-los-43-esten-con-vida\/"},"wordCount":236,"commentCount":0,"publisher":{"@id":"https:\/\/fuentesfidedignas.com.mx\/#organization"},"image":{"@id":"https:\/\/fuentesfidedignas.com.mx\/index.php\/2022\/08\/18\/encinas-revela-detalles-en-caso-ayotzinapa-no-hay-indicios-de-que-los-43-esten-con-vida\/#primaryimage"},"thumbnailUrl":"https:\/\/fuentesfidedignas.com.mx\/wp-content\/uploads\/2021\/10\/estudiantes-ayotzinapa-juntaron-calles-centrales.jpeg","articleSection":["NOTICIAS NACIONALES"],"inLanguage":"es","potentialAction":[{"@type":"CommentAction","name":"Comment","target":["https:\/\/fuentesfidedignas.com.mx\/index.php\/2022\/08\/18\/encinas-revela-detalles-en-caso-ayotzinapa-no-hay-indicios-de-que-los-43-esten-con-vida\/#respond"]}]},{"@type":"WebPage","@id":"https:\/\/fuentesfidedignas.com.mx\/index.php\/2022\/08\/18\/encinas-revela-detalles-en-caso-ayotzinapa-no-hay-indicios-de-que-los-43-esten-con-vida\/","url":"https:\/\/fuentesfidedignas.com.mx\/index.php\/2022\/08\/18\/encinas-revela-detalles-en-caso-ayotzinapa-no-hay-indicios-de-que-los-43-esten-con-vida\/","name":"Encinas revela detalles en caso Ayotzinapa; \"no hay indicios de que los 43 est\u00e9n con vida\" - Fuentes Fidedignas","isPartOf":{"@id":"https:\/\/fuentesfidedignas.com.mx\/#website"},"primaryImageOfPage":{"@id":"https:\/\/fuentesfidedignas.com.mx\/index.php\/2022\/08\/18\/encinas-revela-detalles-en-caso-ayotzinapa-no-hay-indicios-de-que-los-43-esten-con-vida\/#primaryimage"},"image":{"@id":"https:\/\/fuentesfidedignas.com.mx\/index.php\/2022\/08\/18\/encinas-revela-detalles-en-caso-ayotzinapa-no-hay-indicios-de-que-los-43-esten-con-vida\/#primaryimage"},"thumbnailUrl":"https:\/\/fuentesfidedignas.com.mx\/wp-content\/uploads\/2021\/10\/estudiantes-ayotzinapa-juntaron-calles-centrales.jpeg","datePublished":"2022-08-18T22:06:06+00:00","dateModified":"2022-08-18T22:06:07+00:00","breadcrumb":{"@id":"https:\/\/fuentesfidedignas.com.mx\/index.php\/2022\/08\/18\/encinas-revela-detalles-en-caso-ayotzinapa-no-hay-indicios-de-que-los-43-esten-con-vida\/#breadcrumb"},"inLanguage":"es","potentialAction":[{"@type":"ReadAction","target":["https:\/\/fuentesfidedignas.com.mx\/index.php\/2022\/08\/18\/encinas-revela-detalles-en-caso-ayotzinapa-no-hay-indicios-de-que-los-43-esten-con-vida\/"]}]},{"@type":"ImageObject","inLanguage":"es","@id":"https:\/\/fuentesfidedignas.com.mx\/index.php\/2022\/08\/18\/encinas-revela-detalles-en-caso-ayotzinapa-no-hay-indicios-de-que-los-43-esten-con-vida\/#primaryimage","url":"https:\/\/fuentesfidedignas.com.mx\/wp-content\/uploads\/2021\/10\/estudiantes-ayotzinapa-juntaron-calles-centrales.jpeg","contentUrl":"https:\/\/fuentesfidedignas.com.mx\/wp-content\/uploads\/2021\/10\/estudiantes-ayotzinapa-juntaron-calles-centrales.jpeg","width":300,"height":186},{"@type":"BreadcrumbList","@id":"https:\/\/fuentesfidedignas.com.mx\/index.php\/2022\/08\/18\/encinas-revela-detalles-en-caso-ayotzinapa-no-hay-indicios-de-que-los-43-esten-con-vida\/#breadcrumb","itemListElement":[{"@type":"ListItem","position":1,"name":"Inicio","item":"https:\/\/fuentesfidedignas.com.mx\/"},{"@type":"ListItem","position":2,"name":"Encinas revela detalles en caso Ayotzinapa; &#8220;no hay indicios de que los 43 est\u00e9n con vida&#8221;"}]},{"@type":"WebSite","@id":"https:\/\/fuentesfidedignas.com.mx\/#website","url":"https:\/\/fuentesfidedignas.com.mx\/","name":"Fuentes Fidedignas","description":"Otro sitio realizado con WordPress","publisher":{"@id":"https:\/\/fuentesfidedignas.com.mx\/#organization"},"potentialAction":[{"@type":"SearchAction","target":{"@type":"EntryPoint","urlTemplate":"https:\/\/fuentesfidedignas.com.mx\/?s={search_term_string}"},"query-input":{"@type":"PropertyValueSpecification","valueRequired":true,"valueName":"search_term_string"}}],"inLanguage":"es"},{"@type":"Organization","@id":"https:\/\/fuentesfidedignas.com.mx\/#organization","name":"Fuentes Fidedignas","url":"https:\/\/fuentesfidedignas.com.mx\/","logo":{"@type":"ImageObject","inLanguage":"es","@id":"https:\/\/fuentesfidedignas.com.mx\/#\/schema\/logo\/image\/","url":"https:\/\/fuentesfidedignas.com.mx\/wp-content\/uploads\/2021\/04\/logo-retina.png","contentUrl":"https:\/\/fuentesfidedignas.com.mx\/wp-content\/uploads\/2021\/04\/logo-retina.png","width":280,"height":51,"caption":"Fuentes Fidedignas"},"image":{"@id":"https:\/\/fuentesfidedignas.com.mx\/#\/schema\/logo\/image\/"},"sameAs":["https:\/\/www.facebook.com\/Fuentes-Fidedignas-368234489921644","https:\/\/x.com\/fidedignas"]},{"@type":"Person","@id":"https:\/\/fuentesfidedignas.com.mx\/#\/schema\/person\/fee3882e65fd0510d292c43a346d35d7","name":"El Universal","image":{"@type":"ImageObject","inLanguage":"es","@id":"https:\/\/secure.gravatar.com\/avatar\/1ebc94d82b6c3c081781f73e5b76a0d0c1ac7bf8e57426f18802246eeaa2747c?s=96&d=mm&r=g","url":"https:\/\/secure.gravatar.com\/avatar\/1ebc94d82b6c3c081781f73e5b76a0d0c1ac7bf8e57426f18802246eeaa2747c?s=96&d=mm&r=g","contentUrl":"https:\/\/secure.gravatar.com\/avatar\/1ebc94d82b6c3c081781f73e5b76a0d0c1ac7bf8e57426f18802246eeaa2747c?s=96&d=mm&r=g","caption":"El Universal"},"url":"https:\/\/fuentesfidedignas.com.mx\/index.php\/author\/el-universal\/"}]}},"_links":{"self":[{"href":"https:\/\/fuentesfidedignas.com.mx\/index.php\/wp-json\/wp\/v2\/posts\/40248","targetHints":{"allow":["GET"]}}],"collection":[{"href":"https:\/\/fuentesfidedignas.com.mx\/index.php\/wp-json\/wp\/v2\/posts"}],"about":[{"href":"https:\/\/fuentesfidedignas.com.mx\/index.php\/wp-json\/wp\/v2\/types\/post"}],"author":[{"embeddable":true,"href":"https:\/\/fuentesfidedignas.com.mx\/index.php\/wp-json\/wp\/v2\/users\/39"}],"replies":[{"embeddable":true,"href":"https:\/\/fuentesfidedignas.com.mx\/index.php\/wp-json\/wp\/v2\/comments?post=40248"}],"version-history":[{"count":1,"href":"https:\/\/fuentesfidedignas.com.mx\/index.php\/wp-json\/wp\/v2\/posts\/40248\/revisions"}],"predecessor-version":[{"id":40249,"href":"https:\/\/fuentesfidedignas.com.mx\/index.php\/wp-json\/wp\/v2\/posts\/40248\/revisions\/40249"}],"wp:featuredmedia":[{"embeddable":true,"href":"https:\/\/fuentesfidedignas.com.mx\/index.php\/wp-json\/wp\/v2\/media\/13979"}],"wp:attachment":[{"href":"https:\/\/fuentesfidedignas.com.mx\/index.php\/wp-json\/wp\/v2\/media?parent=40248"}],"wp:term":[{"taxonomy":"category","embeddable":true,"href":"https:\/\/fuentesfidedignas.com.mx\/index.php\/wp-json\/wp\/v2\/categories?post=40248"},{"taxonomy":"post_tag","embeddable":true,"href":"https:\/\/fuentesfidedignas.com.mx\/index.php\/wp-json\/wp\/v2\/tags?post=40248"}],"curies":[{"name":"wp","href":"https:\/\/api.w.org\/{rel}","templated":true}]}}