{"id":40116,"date":"2022-08-17T14:34:07","date_gmt":"2022-08-17T20:34:07","guid":{"rendered":"https:\/\/fuentesfidedignas.com.mx\/?p=40116"},"modified":"2022-08-17T14:34:09","modified_gmt":"2022-08-17T20:34:09","slug":"corte-invalida-orden-de-captura-contra-garcia-cabeza-de-vaca","status":"publish","type":"post","link":"https:\/\/fuentesfidedignas.com.mx\/index.php\/2022\/08\/17\/corte-invalida-orden-de-captura-contra-garcia-cabeza-de-vaca\/","title":{"rendered":"Corte invalida orden de captura contra Garc\u00eda Cabeza de Vaca"},"content":{"rendered":"\n<p><em><strong>La SCJN determin\u00f3 que son los Congresos estatales los que tienen la decisi\u00f3n final para retirar el fuero a un servidor p\u00fablico local<\/strong><\/em><\/p>\n\n\n\n<p>Tamaulipas.- La primera sala de la Suprema Corte de Justicia de la Naci\u00f3n (SCJN) determin\u00f3 mantener vigente el fuero constitucional del gobernador de Tamaulipas, Francisco Javier Garc\u00eda Cabeza de Vaca.<\/p>\n\n\n\n<p>Esto, al se\u00f1alar que son los Congresos estatales los que tienen la decisi\u00f3n final para retirar el fuero a un servidor p\u00fablico local.<\/p>\n\n\n\n<p>Por esta raz\u00f3n, tambi\u00e9n se invalid\u00f3 la orden de aprehensi\u00f3n en su contra, girada por la\u00a0<strong>Fiscal\u00eda General de la Rep\u00fablica (FGR).<\/strong><\/p>\n\n\n\n<p>\u201c<em>Se reconoce la validez del dictamen de declaraci\u00f3n de procedencia a que este expediente se refiere, en la inteligencia de que este pronunciamiento no elimina por s\u00ed mismo la inmunidad procesal de la que goza el titular del poder ejecutivo del estado de Tamaulipas<\/em>\u201d, se\u00f1ala el fallo del m\u00e1ximo rribunal, en este asunto.<\/p>\n\n\n\n<p>\u201c<em>Segundo: se declara la invalidez de la solicitud de orden de aprehensi\u00f3n solicitada por la Fiscal\u00eda General de la Rep\u00fablica (FGR), as\u00ed como de la orden de aprehensi\u00f3n expedida en la causa penal que se precisa en esta ejecutoria en contra del titular del Poder Ejecutivo del estado de Tamaulipas<\/em>\u201d, se estableci\u00f3 en la sentencia.<\/p>\n","protected":false},"excerpt":{"rendered":"<p>La SCJN determin\u00f3 que son los Congresos estatales los que tienen la decisi\u00f3n final para retirar el fuero a un servidor p\u00fablico local Tamaulipas.- La primera sala de la Suprema Corte de Justicia de la Naci\u00f3n (SCJN) determin\u00f3 mantener vigente el fuero constitucional del gobernador de Tamaulipas, Francisco Javier Garc\u00eda Cabeza de Vaca. Esto, al [&hellip;]<\/p>\n","protected":false},"author":46,"featured_media":40117,"comment_status":"open","ping_status":"open","sticky":false,"template":"","format":"standard","meta":{"tdm_status":"","tdm_grid_status":"","footnotes":""},"categories":[39],"tags":[],"class_list":{"0":"post-40116","1":"post","2":"type-post","3":"status-publish","4":"format-standard","5":"has-post-thumbnail","7":"category-noticias-nacionales"},"yoast_head":"<!-- This site is optimized with the Yoast SEO plugin v27.5 - https:\/\/yoast.com\/product\/yoast-seo-wordpress\/ -->\n<title>Corte invalida orden de captura contra Garc\u00eda Cabeza de Vaca - Fuentes Fidedignas<\/title>\n<meta name=\"robots\" content=\"index, follow, max-snippet:-1, max-image-preview:large, max-video-preview:-1\" \/>\n<link rel=\"canonical\" href=\"https:\/\/fuentesfidedignas.com.mx\/index.php\/2022\/08\/17\/corte-invalida-orden-de-captura-contra-garcia-cabeza-de-vaca\/\" \/>\n<meta property=\"og:locale\" content=\"es_MX\" \/>\n<meta property=\"og:type\" content=\"article\" \/>\n<meta property=\"og:title\" content=\"Corte invalida orden de captura contra Garc\u00eda Cabeza de Vaca - Fuentes Fidedignas\" \/>\n<meta property=\"og:description\" content=\"La SCJN determin\u00f3 que son los Congresos estatales los que tienen la decisi\u00f3n final para retirar el fuero a un servidor p\u00fablico local Tamaulipas.- La primera sala de la Suprema Corte de Justicia de la Naci\u00f3n (SCJN) determin\u00f3 mantener vigente el fuero constitucional del gobernador de Tamaulipas, Francisco Javier Garc\u00eda Cabeza de Vaca. Esto, al [&hellip;]\" \/>\n<meta property=\"og:url\" content=\"https:\/\/fuentesfidedignas.com.mx\/index.php\/2022\/08\/17\/corte-invalida-orden-de-captura-contra-garcia-cabeza-de-vaca\/\" \/>\n<meta property=\"og:site_name\" content=\"Fuentes Fidedignas\" \/>\n<meta property=\"article:publisher\" content=\"https:\/\/www.facebook.com\/Fuentes-Fidedignas-368234489921644\" \/>\n<meta property=\"article:published_time\" content=\"2022-08-17T20:34:07+00:00\" \/>\n<meta property=\"article:modified_time\" content=\"2022-08-17T20:34:09+00:00\" \/>\n<meta property=\"og:image\" content=\"https:\/\/fuentesfidedignas.com.mx\/wp-content\/uploads\/2022\/08\/ZWS3R6UTKZD35L5346NJUPC4H4.jpg\" \/>\n\t<meta property=\"og:image:width\" content=\"1920\" \/>\n\t<meta property=\"og:image:height\" content=\"1080\" \/>\n\t<meta property=\"og:image:type\" content=\"image\/jpeg\" \/>\n<meta name=\"author\" content=\"Noticieros Televisa\" \/>\n<meta name=\"twitter:card\" content=\"summary_large_image\" \/>\n<meta name=\"twitter:creator\" content=\"@fidedignas\" \/>\n<meta name=\"twitter:site\" content=\"@fidedignas\" \/>\n<meta name=\"twitter:label1\" content=\"Escrito por\" \/>\n\t<meta name=\"twitter:data1\" content=\"Noticieros Televisa\" \/>\n\t<meta name=\"twitter:label2\" content=\"Tiempo de lectura\" \/>\n\t<meta name=\"twitter:data2\" content=\"1 minuto\" \/>\n<script type=\"application\/ld+json\" class=\"yoast-schema-graph\">{\"@context\":\"https:\\\/\\\/schema.org\",\"@graph\":[{\"@type\":\"Article\",\"@id\":\"https:\\\/\\\/fuentesfidedignas.com.mx\\\/index.php\\\/2022\\\/08\\\/17\\\/corte-invalida-orden-de-captura-contra-garcia-cabeza-de-vaca\\\/#article\",\"isPartOf\":{\"@id\":\"https:\\\/\\\/fuentesfidedignas.com.mx\\\/index.php\\\/2022\\\/08\\\/17\\\/corte-invalida-orden-de-captura-contra-garcia-cabeza-de-vaca\\\/\"},\"author\":{\"name\":\"Noticieros Televisa\",\"@id\":\"https:\\\/\\\/fuentesfidedignas.com.mx\\\/#\\\/schema\\\/person\\\/f030e42657a5a464a8bbd891b1aab6ee\"},\"headline\":\"Corte invalida orden de captura contra Garc\u00eda Cabeza de Vaca\",\"datePublished\":\"2022-08-17T20:34:07+00:00\",\"dateModified\":\"2022-08-17T20:34:09+00:00\",\"mainEntityOfPage\":{\"@id\":\"https:\\\/\\\/fuentesfidedignas.com.mx\\\/index.php\\\/2022\\\/08\\\/17\\\/corte-invalida-orden-de-captura-contra-garcia-cabeza-de-vaca\\\/\"},\"wordCount\":237,\"commentCount\":0,\"publisher\":{\"@id\":\"https:\\\/\\\/fuentesfidedignas.com.mx\\\/#organization\"},\"image\":{\"@id\":\"https:\\\/\\\/fuentesfidedignas.com.mx\\\/index.php\\\/2022\\\/08\\\/17\\\/corte-invalida-orden-de-captura-contra-garcia-cabeza-de-vaca\\\/#primaryimage\"},\"thumbnailUrl\":\"https:\\\/\\\/fuentesfidedignas.com.mx\\\/wp-content\\\/uploads\\\/2022\\\/08\\\/ZWS3R6UTKZD35L5346NJUPC4H4.jpg\",\"articleSection\":[\"NOTICIAS NACIONALES\"],\"inLanguage\":\"es\",\"potentialAction\":[{\"@type\":\"CommentAction\",\"name\":\"Comment\",\"target\":[\"https:\\\/\\\/fuentesfidedignas.com.mx\\\/index.php\\\/2022\\\/08\\\/17\\\/corte-invalida-orden-de-captura-contra-garcia-cabeza-de-vaca\\\/#respond\"]}]},{\"@type\":\"WebPage\",\"@id\":\"https:\\\/\\\/fuentesfidedignas.com.mx\\\/index.php\\\/2022\\\/08\\\/17\\\/corte-invalida-orden-de-captura-contra-garcia-cabeza-de-vaca\\\/\",\"url\":\"https:\\\/\\\/fuentesfidedignas.com.mx\\\/index.php\\\/2022\\\/08\\\/17\\\/corte-invalida-orden-de-captura-contra-garcia-cabeza-de-vaca\\\/\",\"name\":\"Corte invalida orden de captura contra Garc\u00eda Cabeza de Vaca - Fuentes Fidedignas\",\"isPartOf\":{\"@id\":\"https:\\\/\\\/fuentesfidedignas.com.mx\\\/#website\"},\"primaryImageOfPage\":{\"@id\":\"https:\\\/\\\/fuentesfidedignas.com.mx\\\/index.php\\\/2022\\\/08\\\/17\\\/corte-invalida-orden-de-captura-contra-garcia-cabeza-de-vaca\\\/#primaryimage\"},\"image\":{\"@id\":\"https:\\\/\\\/fuentesfidedignas.com.mx\\\/index.php\\\/2022\\\/08\\\/17\\\/corte-invalida-orden-de-captura-contra-garcia-cabeza-de-vaca\\\/#primaryimage\"},\"thumbnailUrl\":\"https:\\\/\\\/fuentesfidedignas.com.mx\\\/wp-content\\\/uploads\\\/2022\\\/08\\\/ZWS3R6UTKZD35L5346NJUPC4H4.jpg\",\"datePublished\":\"2022-08-17T20:34:07+00:00\",\"dateModified\":\"2022-08-17T20:34:09+00:00\",\"breadcrumb\":{\"@id\":\"https:\\\/\\\/fuentesfidedignas.com.mx\\\/index.php\\\/2022\\\/08\\\/17\\\/corte-invalida-orden-de-captura-contra-garcia-cabeza-de-vaca\\\/#breadcrumb\"},\"inLanguage\":\"es\",\"potentialAction\":[{\"@type\":\"ReadAction\",\"target\":[\"https:\\\/\\\/fuentesfidedignas.com.mx\\\/index.php\\\/2022\\\/08\\\/17\\\/corte-invalida-orden-de-captura-contra-garcia-cabeza-de-vaca\\\/\"]}]},{\"@type\":\"ImageObject\",\"inLanguage\":\"es\",\"@id\":\"https:\\\/\\\/fuentesfidedignas.com.mx\\\/index.php\\\/2022\\\/08\\\/17\\\/corte-invalida-orden-de-captura-contra-garcia-cabeza-de-vaca\\\/#primaryimage\",\"url\":\"https:\\\/\\\/fuentesfidedignas.com.mx\\\/wp-content\\\/uploads\\\/2022\\\/08\\\/ZWS3R6UTKZD35L5346NJUPC4H4.jpg\",\"contentUrl\":\"https:\\\/\\\/fuentesfidedignas.com.mx\\\/wp-content\\\/uploads\\\/2022\\\/08\\\/ZWS3R6UTKZD35L5346NJUPC4H4.jpg\",\"width\":1920,\"height\":1080},{\"@type\":\"BreadcrumbList\",\"@id\":\"https:\\\/\\\/fuentesfidedignas.com.mx\\\/index.php\\\/2022\\\/08\\\/17\\\/corte-invalida-orden-de-captura-contra-garcia-cabeza-de-vaca\\\/#breadcrumb\",\"itemListElement\":[{\"@type\":\"ListItem\",\"position\":1,\"name\":\"Inicio\",\"item\":\"https:\\\/\\\/fuentesfidedignas.com.mx\\\/\"},{\"@type\":\"ListItem\",\"position\":2,\"name\":\"Corte invalida orden de captura contra Garc\u00eda Cabeza de Vaca\"}]},{\"@type\":\"WebSite\",\"@id\":\"https:\\\/\\\/fuentesfidedignas.com.mx\\\/#website\",\"url\":\"https:\\\/\\\/fuentesfidedignas.com.mx\\\/\",\"name\":\"Fuentes Fidedignas\",\"description\":\"Otro sitio realizado con WordPress\",\"publisher\":{\"@id\":\"https:\\\/\\\/fuentesfidedignas.com.mx\\\/#organization\"},\"potentialAction\":[{\"@type\":\"SearchAction\",\"target\":{\"@type\":\"EntryPoint\",\"urlTemplate\":\"https:\\\/\\\/fuentesfidedignas.com.mx\\\/?s={search_term_string}\"},\"query-input\":{\"@type\":\"PropertyValueSpecification\",\"valueRequired\":true,\"valueName\":\"search_term_string\"}}],\"inLanguage\":\"es\"},{\"@type\":\"Organization\",\"@id\":\"https:\\\/\\\/fuentesfidedignas.com.mx\\\/#organization\",\"name\":\"Fuentes Fidedignas\",\"url\":\"https:\\\/\\\/fuentesfidedignas.com.mx\\\/\",\"logo\":{\"@type\":\"ImageObject\",\"inLanguage\":\"es\",\"@id\":\"https:\\\/\\\/fuentesfidedignas.com.mx\\\/#\\\/schema\\\/logo\\\/image\\\/\",\"url\":\"https:\\\/\\\/fuentesfidedignas.com.mx\\\/wp-content\\\/uploads\\\/2021\\\/04\\\/logo-retina.png\",\"contentUrl\":\"https:\\\/\\\/fuentesfidedignas.com.mx\\\/wp-content\\\/uploads\\\/2021\\\/04\\\/logo-retina.png\",\"width\":280,\"height\":51,\"caption\":\"Fuentes Fidedignas\"},\"image\":{\"@id\":\"https:\\\/\\\/fuentesfidedignas.com.mx\\\/#\\\/schema\\\/logo\\\/image\\\/\"},\"sameAs\":[\"https:\\\/\\\/www.facebook.com\\\/Fuentes-Fidedignas-368234489921644\",\"https:\\\/\\\/x.com\\\/fidedignas\"]},{\"@type\":\"Person\",\"@id\":\"https:\\\/\\\/fuentesfidedignas.com.mx\\\/#\\\/schema\\\/person\\\/f030e42657a5a464a8bbd891b1aab6ee\",\"name\":\"Noticieros Televisa\",\"image\":{\"@type\":\"ImageObject\",\"inLanguage\":\"es\",\"@id\":\"https:\\\/\\\/secure.gravatar.com\\\/avatar\\\/0e47b9e785a628831b8fd9eaf15e090e106760a879abbd4a3306f128ef5d43a9?s=96&d=mm&r=g\",\"url\":\"https:\\\/\\\/secure.gravatar.com\\\/avatar\\\/0e47b9e785a628831b8fd9eaf15e090e106760a879abbd4a3306f128ef5d43a9?s=96&d=mm&r=g\",\"contentUrl\":\"https:\\\/\\\/secure.gravatar.com\\\/avatar\\\/0e47b9e785a628831b8fd9eaf15e090e106760a879abbd4a3306f128ef5d43a9?s=96&d=mm&r=g\",\"caption\":\"Noticieros Televisa\"},\"url\":\"https:\\\/\\\/fuentesfidedignas.com.mx\\\/index.php\\\/author\\\/noticieros-televisa\\\/\"}]}<\/script>\n<!-- \/ Yoast SEO plugin. -->","yoast_head_json":{"title":"Corte invalida orden de captura contra Garc\u00eda Cabeza de Vaca - Fuentes Fidedignas","robots":{"index":"index","follow":"follow","max-snippet":"max-snippet:-1","max-image-preview":"max-image-preview:large","max-video-preview":"max-video-preview:-1"},"canonical":"https:\/\/fuentesfidedignas.com.mx\/index.php\/2022\/08\/17\/corte-invalida-orden-de-captura-contra-garcia-cabeza-de-vaca\/","og_locale":"es_MX","og_type":"article","og_title":"Corte invalida orden de captura contra Garc\u00eda Cabeza de Vaca - Fuentes Fidedignas","og_description":"La SCJN determin\u00f3 que son los Congresos estatales los que tienen la decisi\u00f3n final para retirar el fuero a un servidor p\u00fablico local Tamaulipas.- La primera sala de la Suprema Corte de Justicia de la Naci\u00f3n (SCJN) determin\u00f3 mantener vigente el fuero constitucional del gobernador de Tamaulipas, Francisco Javier Garc\u00eda Cabeza de Vaca. Esto, al [&hellip;]","og_url":"https:\/\/fuentesfidedignas.com.mx\/index.php\/2022\/08\/17\/corte-invalida-orden-de-captura-contra-garcia-cabeza-de-vaca\/","og_site_name":"Fuentes Fidedignas","article_publisher":"https:\/\/www.facebook.com\/Fuentes-Fidedignas-368234489921644","article_published_time":"2022-08-17T20:34:07+00:00","article_modified_time":"2022-08-17T20:34:09+00:00","og_image":[{"width":1920,"height":1080,"url":"https:\/\/fuentesfidedignas.com.mx\/wp-content\/uploads\/2022\/08\/ZWS3R6UTKZD35L5346NJUPC4H4.jpg","type":"image\/jpeg"}],"author":"Noticieros Televisa","twitter_card":"summary_large_image","twitter_creator":"@fidedignas","twitter_site":"@fidedignas","twitter_misc":{"Escrito por":"Noticieros Televisa","Tiempo de lectura":"1 minuto"},"schema":{"@context":"https:\/\/schema.org","@graph":[{"@type":"Article","@id":"https:\/\/fuentesfidedignas.com.mx\/index.php\/2022\/08\/17\/corte-invalida-orden-de-captura-contra-garcia-cabeza-de-vaca\/#article","isPartOf":{"@id":"https:\/\/fuentesfidedignas.com.mx\/index.php\/2022\/08\/17\/corte-invalida-orden-de-captura-contra-garcia-cabeza-de-vaca\/"},"author":{"name":"Noticieros Televisa","@id":"https:\/\/fuentesfidedignas.com.mx\/#\/schema\/person\/f030e42657a5a464a8bbd891b1aab6ee"},"headline":"Corte invalida orden de captura contra Garc\u00eda Cabeza de Vaca","datePublished":"2022-08-17T20:34:07+00:00","dateModified":"2022-08-17T20:34:09+00:00","mainEntityOfPage":{"@id":"https:\/\/fuentesfidedignas.com.mx\/index.php\/2022\/08\/17\/corte-invalida-orden-de-captura-contra-garcia-cabeza-de-vaca\/"},"wordCount":237,"commentCount":0,"publisher":{"@id":"https:\/\/fuentesfidedignas.com.mx\/#organization"},"image":{"@id":"https:\/\/fuentesfidedignas.com.mx\/index.php\/2022\/08\/17\/corte-invalida-orden-de-captura-contra-garcia-cabeza-de-vaca\/#primaryimage"},"thumbnailUrl":"https:\/\/fuentesfidedignas.com.mx\/wp-content\/uploads\/2022\/08\/ZWS3R6UTKZD35L5346NJUPC4H4.jpg","articleSection":["NOTICIAS NACIONALES"],"inLanguage":"es","potentialAction":[{"@type":"CommentAction","name":"Comment","target":["https:\/\/fuentesfidedignas.com.mx\/index.php\/2022\/08\/17\/corte-invalida-orden-de-captura-contra-garcia-cabeza-de-vaca\/#respond"]}]},{"@type":"WebPage","@id":"https:\/\/fuentesfidedignas.com.mx\/index.php\/2022\/08\/17\/corte-invalida-orden-de-captura-contra-garcia-cabeza-de-vaca\/","url":"https:\/\/fuentesfidedignas.com.mx\/index.php\/2022\/08\/17\/corte-invalida-orden-de-captura-contra-garcia-cabeza-de-vaca\/","name":"Corte invalida orden de captura contra Garc\u00eda Cabeza de Vaca - Fuentes Fidedignas","isPartOf":{"@id":"https:\/\/fuentesfidedignas.com.mx\/#website"},"primaryImageOfPage":{"@id":"https:\/\/fuentesfidedignas.com.mx\/index.php\/2022\/08\/17\/corte-invalida-orden-de-captura-contra-garcia-cabeza-de-vaca\/#primaryimage"},"image":{"@id":"https:\/\/fuentesfidedignas.com.mx\/index.php\/2022\/08\/17\/corte-invalida-orden-de-captura-contra-garcia-cabeza-de-vaca\/#primaryimage"},"thumbnailUrl":"https:\/\/fuentesfidedignas.com.mx\/wp-content\/uploads\/2022\/08\/ZWS3R6UTKZD35L5346NJUPC4H4.jpg","datePublished":"2022-08-17T20:34:07+00:00","dateModified":"2022-08-17T20:34:09+00:00","breadcrumb":{"@id":"https:\/\/fuentesfidedignas.com.mx\/index.php\/2022\/08\/17\/corte-invalida-orden-de-captura-contra-garcia-cabeza-de-vaca\/#breadcrumb"},"inLanguage":"es","potentialAction":[{"@type":"ReadAction","target":["https:\/\/fuentesfidedignas.com.mx\/index.php\/2022\/08\/17\/corte-invalida-orden-de-captura-contra-garcia-cabeza-de-vaca\/"]}]},{"@type":"ImageObject","inLanguage":"es","@id":"https:\/\/fuentesfidedignas.com.mx\/index.php\/2022\/08\/17\/corte-invalida-orden-de-captura-contra-garcia-cabeza-de-vaca\/#primaryimage","url":"https:\/\/fuentesfidedignas.com.mx\/wp-content\/uploads\/2022\/08\/ZWS3R6UTKZD35L5346NJUPC4H4.jpg","contentUrl":"https:\/\/fuentesfidedignas.com.mx\/wp-content\/uploads\/2022\/08\/ZWS3R6UTKZD35L5346NJUPC4H4.jpg","width":1920,"height":1080},{"@type":"BreadcrumbList","@id":"https:\/\/fuentesfidedignas.com.mx\/index.php\/2022\/08\/17\/corte-invalida-orden-de-captura-contra-garcia-cabeza-de-vaca\/#breadcrumb","itemListElement":[{"@type":"ListItem","position":1,"name":"Inicio","item":"https:\/\/fuentesfidedignas.com.mx\/"},{"@type":"ListItem","position":2,"name":"Corte invalida orden de captura contra Garc\u00eda Cabeza de Vaca"}]},{"@type":"WebSite","@id":"https:\/\/fuentesfidedignas.com.mx\/#website","url":"https:\/\/fuentesfidedignas.com.mx\/","name":"Fuentes Fidedignas","description":"Otro sitio realizado con WordPress","publisher":{"@id":"https:\/\/fuentesfidedignas.com.mx\/#organization"},"potentialAction":[{"@type":"SearchAction","target":{"@type":"EntryPoint","urlTemplate":"https:\/\/fuentesfidedignas.com.mx\/?s={search_term_string}"},"query-input":{"@type":"PropertyValueSpecification","valueRequired":true,"valueName":"search_term_string"}}],"inLanguage":"es"},{"@type":"Organization","@id":"https:\/\/fuentesfidedignas.com.mx\/#organization","name":"Fuentes Fidedignas","url":"https:\/\/fuentesfidedignas.com.mx\/","logo":{"@type":"ImageObject","inLanguage":"es","@id":"https:\/\/fuentesfidedignas.com.mx\/#\/schema\/logo\/image\/","url":"https:\/\/fuentesfidedignas.com.mx\/wp-content\/uploads\/2021\/04\/logo-retina.png","contentUrl":"https:\/\/fuentesfidedignas.com.mx\/wp-content\/uploads\/2021\/04\/logo-retina.png","width":280,"height":51,"caption":"Fuentes Fidedignas"},"image":{"@id":"https:\/\/fuentesfidedignas.com.mx\/#\/schema\/logo\/image\/"},"sameAs":["https:\/\/www.facebook.com\/Fuentes-Fidedignas-368234489921644","https:\/\/x.com\/fidedignas"]},{"@type":"Person","@id":"https:\/\/fuentesfidedignas.com.mx\/#\/schema\/person\/f030e42657a5a464a8bbd891b1aab6ee","name":"Noticieros Televisa","image":{"@type":"ImageObject","inLanguage":"es","@id":"https:\/\/secure.gravatar.com\/avatar\/0e47b9e785a628831b8fd9eaf15e090e106760a879abbd4a3306f128ef5d43a9?s=96&d=mm&r=g","url":"https:\/\/secure.gravatar.com\/avatar\/0e47b9e785a628831b8fd9eaf15e090e106760a879abbd4a3306f128ef5d43a9?s=96&d=mm&r=g","contentUrl":"https:\/\/secure.gravatar.com\/avatar\/0e47b9e785a628831b8fd9eaf15e090e106760a879abbd4a3306f128ef5d43a9?s=96&d=mm&r=g","caption":"Noticieros Televisa"},"url":"https:\/\/fuentesfidedignas.com.mx\/index.php\/author\/noticieros-televisa\/"}]}},"_links":{"self":[{"href":"https:\/\/fuentesfidedignas.com.mx\/index.php\/wp-json\/wp\/v2\/posts\/40116","targetHints":{"allow":["GET"]}}],"collection":[{"href":"https:\/\/fuentesfidedignas.com.mx\/index.php\/wp-json\/wp\/v2\/posts"}],"about":[{"href":"https:\/\/fuentesfidedignas.com.mx\/index.php\/wp-json\/wp\/v2\/types\/post"}],"author":[{"embeddable":true,"href":"https:\/\/fuentesfidedignas.com.mx\/index.php\/wp-json\/wp\/v2\/users\/46"}],"replies":[{"embeddable":true,"href":"https:\/\/fuentesfidedignas.com.mx\/index.php\/wp-json\/wp\/v2\/comments?post=40116"}],"version-history":[{"count":1,"href":"https:\/\/fuentesfidedignas.com.mx\/index.php\/wp-json\/wp\/v2\/posts\/40116\/revisions"}],"predecessor-version":[{"id":40118,"href":"https:\/\/fuentesfidedignas.com.mx\/index.php\/wp-json\/wp\/v2\/posts\/40116\/revisions\/40118"}],"wp:featuredmedia":[{"embeddable":true,"href":"https:\/\/fuentesfidedignas.com.mx\/index.php\/wp-json\/wp\/v2\/media\/40117"}],"wp:attachment":[{"href":"https:\/\/fuentesfidedignas.com.mx\/index.php\/wp-json\/wp\/v2\/media?parent=40116"}],"wp:term":[{"taxonomy":"category","embeddable":true,"href":"https:\/\/fuentesfidedignas.com.mx\/index.php\/wp-json\/wp\/v2\/categories?post=40116"},{"taxonomy":"post_tag","embeddable":true,"href":"https:\/\/fuentesfidedignas.com.mx\/index.php\/wp-json\/wp\/v2\/tags?post=40116"}],"curies":[{"name":"wp","href":"https:\/\/api.w.org\/{rel}","templated":true}]}}