{"id":40040,"date":"2022-08-16T19:44:28","date_gmt":"2022-08-17T01:44:28","guid":{"rendered":"https:\/\/fuentesfidedignas.com.mx\/?p=40040"},"modified":"2022-08-16T19:44:30","modified_gmt":"2022-08-17T01:44:30","slug":"reitera-la-uas-disposicion-para-colaborar-con-la-sspytm-de-culiacan","status":"publish","type":"post","link":"https:\/\/fuentesfidedignas.com.mx\/index.php\/2022\/08\/16\/reitera-la-uas-disposicion-para-colaborar-con-la-sspytm-de-culiacan\/","title":{"rendered":"Reitera la UAS disposici\u00f3n para colaborar con la SSPyTM de Culiac\u00e1n"},"content":{"rendered":"\n<p><strong><em>Se plante\u00f3 el prop\u00f3sito de cambiar la imagen de la Polic\u00eda Municipal ante la sociedad y para lograrlo la participaci\u00f3n de la UAS ser\u00e1 clave<\/em><\/strong><\/p>\n\n\n\n<p>Culiac\u00e1n, Sinaloa.- Con la finalidad de fortalecer los lazos de colaboraci\u00f3n entre la Universidad Aut\u00f3noma de Sinaloa (UAS) y la Secretar\u00eda de Seguridad P\u00fablica y Tr\u00e1nsito Municipal de Culiac\u00e1n, se reuni\u00f3 el Rector, doctor Jes\u00fas Madue\u00f1a Molina, con el secretario de la dependencia municipal, Mayor Pedro C\u00e9sar Rojas Ibarra.<\/p>\n\n\n\n<p>Ambos expresaron la disposici\u00f3n de seguir trabajando coordinadamente desde sus instancias en beneficio de las instituciones que representan.<\/p>\n\n\n\n<p>El Rector agradeci\u00f3 al funcionario municipal la seguridad que la corporaci\u00f3n ha brindado a los campus universitarios, a los alumnos, docentes y trabajadores de la Casa Rosalina, por lo que reiter\u00f3 la solicitud de que contin\u00fae ese apoyo, as\u00ed mismo ofreci\u00f3 apoyar, como siempre, los programas preventivos que ellos tienen.<\/p>\n\n\n\n<p>\u201cY nuestras escuelas est\u00e1n abiertas para los polic\u00edas, para los hijos de los polic\u00edas, todo lo que tenga que ver con dignificar el trabajo de esta profesi\u00f3n que cuenten con la Universidad Aut\u00f3noma de Sinaloa (\u2026) agradecerle porque tuvimos por primera vez, en muchos a\u00f1os, un verano sin ning\u00fan desorden, incidente ni robo dentro de las instalaciones de la Universidad, estamos muy agradecidos con la Polic\u00eda Municipal y vamos a seguir colaborando con ellos\u201d, expres\u00f3 el dirigente universitario.<\/p>\n\n\n\n<p>Por su parte el Secretario de Seguridad P\u00fablica y Tr\u00e1nsito Municipal, Mayor Pedro Rojas Ibarra agradeci\u00f3 la invitaci\u00f3n a este encuentro donde refrend\u00f3 el apoyo de la dependencia que representa para seguir coordin\u00e1ndose en beneficio de la sociedad de Culiac\u00e1n y de los universitarios.<\/p>\n\n\n\n<p>\u201cHemos trabajado con la Universidad cuando yo estaba en la Guardia Nacional con el programa de las vacunas, entonces hay esa cercan\u00eda\u201d, manifest\u00f3 Rojas Ibarra al se\u00f1alar que ya conoc\u00eda muchos de los indicadores de la UAS y por eso le interesaba este acercamiento para intercambiar experiencias.<\/p>\n\n\n\n<p>Plante\u00f3 el prop\u00f3sito de cambiar la imagen de la Polic\u00eda Municipal ante la sociedad y para lograrlo la participaci\u00f3n de la UAS ser\u00e1 clave, ya que a trav\u00e9s de los programas educativos se puede dignificar a los elementos policiacos brind\u00e1ndoles la oportunidad de estudiar una licenciatura semipresencial o sabatina y lograr su preparaci\u00f3n en beneficio de los culiacanenses.<\/p>\n\n\n\n<p>En esta reuni\u00f3n estuvieron presentes el director de Asuntos Jur\u00eddicos de la UAS, doctor Robespierre Liz\u00e1rraga Otero, el director de Personal, maestro Fernando Medina Le\u00f3n y el director general de Comunicaci\u00f3n Social, ingeniero Arnoldo Valle Leyva, y se habl\u00f3 de la importancia de la presencia de los elementos de seguridad para persuadir incidentes como robos y asaltos a los universitarios y da\u00f1o a instalaciones, del reto de la Universidad de combinar mayor cobertura con calidad, la participaci\u00f3n de la UAS en la Jornada Nacional de Vacunaci\u00f3n contra COVID-19, de la disposici\u00f3n de edificios universitarios para albergues, del apoyo a las pol\u00edticas del Gobierno del Estado, entre otros temas.<\/p>\n","protected":false},"excerpt":{"rendered":"<p>Se plante\u00f3 el prop\u00f3sito de cambiar la imagen de la Polic\u00eda Municipal ante la sociedad y para lograrlo la participaci\u00f3n de la UAS ser\u00e1 clave Culiac\u00e1n, Sinaloa.- Con la finalidad de fortalecer los lazos de colaboraci\u00f3n entre la Universidad Aut\u00f3noma de Sinaloa (UAS) y la Secretar\u00eda de Seguridad P\u00fablica y Tr\u00e1nsito Municipal de Culiac\u00e1n, se [&hellip;]<\/p>\n","protected":false},"author":4,"featured_media":40041,"comment_status":"open","ping_status":"open","sticky":false,"template":"","format":"standard","meta":{"tdm_status":"","tdm_grid_status":"","footnotes":""},"categories":[38],"tags":[],"class_list":{"0":"post-40040","1":"post","2":"type-post","3":"status-publish","4":"format-standard","5":"has-post-thumbnail","7":"category-noticias-locales"},"yoast_head":"<!-- This site is optimized with the Yoast SEO plugin v27.5 - https:\/\/yoast.com\/product\/yoast-seo-wordpress\/ -->\n<title>Reitera la UAS disposici\u00f3n para colaborar con la SSPyTM de Culiac\u00e1n - Fuentes Fidedignas<\/title>\n<meta name=\"robots\" content=\"index, follow, max-snippet:-1, max-image-preview:large, max-video-preview:-1\" \/>\n<link rel=\"canonical\" href=\"https:\/\/fuentesfidedignas.com.mx\/index.php\/2022\/08\/16\/reitera-la-uas-disposicion-para-colaborar-con-la-sspytm-de-culiacan\/\" \/>\n<meta property=\"og:locale\" content=\"es_MX\" \/>\n<meta property=\"og:type\" content=\"article\" \/>\n<meta property=\"og:title\" content=\"Reitera la UAS disposici\u00f3n para colaborar con la SSPyTM de Culiac\u00e1n - Fuentes Fidedignas\" \/>\n<meta property=\"og:description\" content=\"Se plante\u00f3 el prop\u00f3sito de cambiar la imagen de la Polic\u00eda Municipal ante la sociedad y para lograrlo la participaci\u00f3n de la UAS ser\u00e1 clave Culiac\u00e1n, Sinaloa.- Con la finalidad de fortalecer los lazos de colaboraci\u00f3n entre la Universidad Aut\u00f3noma de Sinaloa (UAS) y la Secretar\u00eda de Seguridad P\u00fablica y Tr\u00e1nsito Municipal de Culiac\u00e1n, se [&hellip;]\" \/>\n<meta property=\"og:url\" content=\"https:\/\/fuentesfidedignas.com.mx\/index.php\/2022\/08\/16\/reitera-la-uas-disposicion-para-colaborar-con-la-sspytm-de-culiacan\/\" \/>\n<meta property=\"og:site_name\" content=\"Fuentes Fidedignas\" \/>\n<meta property=\"article:publisher\" content=\"https:\/\/www.facebook.com\/Fuentes-Fidedignas-368234489921644\" \/>\n<meta property=\"article:published_time\" content=\"2022-08-17T01:44:28+00:00\" \/>\n<meta property=\"article:modified_time\" content=\"2022-08-17T01:44:30+00:00\" \/>\n<meta property=\"og:image\" content=\"https:\/\/fuentesfidedignas.com.mx\/wp-content\/uploads\/2022\/08\/Reunion-con-srio-de-Seguridad-2.jpg\" \/>\n\t<meta property=\"og:image:width\" content=\"1024\" \/>\n\t<meta property=\"og:image:height\" content=\"683\" \/>\n\t<meta property=\"og:image:type\" content=\"image\/jpeg\" \/>\n<meta name=\"author\" content=\"Redacci\u00f3n\" \/>\n<meta name=\"twitter:card\" content=\"summary_large_image\" \/>\n<meta name=\"twitter:creator\" content=\"@fidedignas\" \/>\n<meta name=\"twitter:site\" content=\"@fidedignas\" \/>\n<meta name=\"twitter:label1\" content=\"Escrito por\" \/>\n\t<meta name=\"twitter:data1\" content=\"Redacci\u00f3n\" \/>\n\t<meta name=\"twitter:label2\" content=\"Tiempo de lectura\" \/>\n\t<meta name=\"twitter:data2\" content=\"3 minutos\" \/>\n<script type=\"application\/ld+json\" class=\"yoast-schema-graph\">{\"@context\":\"https:\\\/\\\/schema.org\",\"@graph\":[{\"@type\":\"Article\",\"@id\":\"https:\\\/\\\/fuentesfidedignas.com.mx\\\/index.php\\\/2022\\\/08\\\/16\\\/reitera-la-uas-disposicion-para-colaborar-con-la-sspytm-de-culiacan\\\/#article\",\"isPartOf\":{\"@id\":\"https:\\\/\\\/fuentesfidedignas.com.mx\\\/index.php\\\/2022\\\/08\\\/16\\\/reitera-la-uas-disposicion-para-colaborar-con-la-sspytm-de-culiacan\\\/\"},\"author\":{\"name\":\"Redacci\u00f3n\",\"@id\":\"https:\\\/\\\/fuentesfidedignas.com.mx\\\/#\\\/schema\\\/person\\\/331be9283d37198e2acd5750279085b0\"},\"headline\":\"Reitera la UAS disposici\u00f3n para colaborar con la SSPyTM de Culiac\u00e1n\",\"datePublished\":\"2022-08-17T01:44:28+00:00\",\"dateModified\":\"2022-08-17T01:44:30+00:00\",\"mainEntityOfPage\":{\"@id\":\"https:\\\/\\\/fuentesfidedignas.com.mx\\\/index.php\\\/2022\\\/08\\\/16\\\/reitera-la-uas-disposicion-para-colaborar-con-la-sspytm-de-culiacan\\\/\"},\"wordCount\":538,\"commentCount\":0,\"publisher\":{\"@id\":\"https:\\\/\\\/fuentesfidedignas.com.mx\\\/#organization\"},\"image\":{\"@id\":\"https:\\\/\\\/fuentesfidedignas.com.mx\\\/index.php\\\/2022\\\/08\\\/16\\\/reitera-la-uas-disposicion-para-colaborar-con-la-sspytm-de-culiacan\\\/#primaryimage\"},\"thumbnailUrl\":\"https:\\\/\\\/fuentesfidedignas.com.mx\\\/wp-content\\\/uploads\\\/2022\\\/08\\\/Reunion-con-srio-de-Seguridad-2.jpg\",\"articleSection\":[\"NOTICIAS LOCALES\"],\"inLanguage\":\"es\",\"potentialAction\":[{\"@type\":\"CommentAction\",\"name\":\"Comment\",\"target\":[\"https:\\\/\\\/fuentesfidedignas.com.mx\\\/index.php\\\/2022\\\/08\\\/16\\\/reitera-la-uas-disposicion-para-colaborar-con-la-sspytm-de-culiacan\\\/#respond\"]}]},{\"@type\":\"WebPage\",\"@id\":\"https:\\\/\\\/fuentesfidedignas.com.mx\\\/index.php\\\/2022\\\/08\\\/16\\\/reitera-la-uas-disposicion-para-colaborar-con-la-sspytm-de-culiacan\\\/\",\"url\":\"https:\\\/\\\/fuentesfidedignas.com.mx\\\/index.php\\\/2022\\\/08\\\/16\\\/reitera-la-uas-disposicion-para-colaborar-con-la-sspytm-de-culiacan\\\/\",\"name\":\"Reitera la UAS disposici\u00f3n para colaborar con la SSPyTM de Culiac\u00e1n - Fuentes Fidedignas\",\"isPartOf\":{\"@id\":\"https:\\\/\\\/fuentesfidedignas.com.mx\\\/#website\"},\"primaryImageOfPage\":{\"@id\":\"https:\\\/\\\/fuentesfidedignas.com.mx\\\/index.php\\\/2022\\\/08\\\/16\\\/reitera-la-uas-disposicion-para-colaborar-con-la-sspytm-de-culiacan\\\/#primaryimage\"},\"image\":{\"@id\":\"https:\\\/\\\/fuentesfidedignas.com.mx\\\/index.php\\\/2022\\\/08\\\/16\\\/reitera-la-uas-disposicion-para-colaborar-con-la-sspytm-de-culiacan\\\/#primaryimage\"},\"thumbnailUrl\":\"https:\\\/\\\/fuentesfidedignas.com.mx\\\/wp-content\\\/uploads\\\/2022\\\/08\\\/Reunion-con-srio-de-Seguridad-2.jpg\",\"datePublished\":\"2022-08-17T01:44:28+00:00\",\"dateModified\":\"2022-08-17T01:44:30+00:00\",\"breadcrumb\":{\"@id\":\"https:\\\/\\\/fuentesfidedignas.com.mx\\\/index.php\\\/2022\\\/08\\\/16\\\/reitera-la-uas-disposicion-para-colaborar-con-la-sspytm-de-culiacan\\\/#breadcrumb\"},\"inLanguage\":\"es\",\"potentialAction\":[{\"@type\":\"ReadAction\",\"target\":[\"https:\\\/\\\/fuentesfidedignas.com.mx\\\/index.php\\\/2022\\\/08\\\/16\\\/reitera-la-uas-disposicion-para-colaborar-con-la-sspytm-de-culiacan\\\/\"]}]},{\"@type\":\"ImageObject\",\"inLanguage\":\"es\",\"@id\":\"https:\\\/\\\/fuentesfidedignas.com.mx\\\/index.php\\\/2022\\\/08\\\/16\\\/reitera-la-uas-disposicion-para-colaborar-con-la-sspytm-de-culiacan\\\/#primaryimage\",\"url\":\"https:\\\/\\\/fuentesfidedignas.com.mx\\\/wp-content\\\/uploads\\\/2022\\\/08\\\/Reunion-con-srio-de-Seguridad-2.jpg\",\"contentUrl\":\"https:\\\/\\\/fuentesfidedignas.com.mx\\\/wp-content\\\/uploads\\\/2022\\\/08\\\/Reunion-con-srio-de-Seguridad-2.jpg\",\"width\":1024,\"height\":683},{\"@type\":\"BreadcrumbList\",\"@id\":\"https:\\\/\\\/fuentesfidedignas.com.mx\\\/index.php\\\/2022\\\/08\\\/16\\\/reitera-la-uas-disposicion-para-colaborar-con-la-sspytm-de-culiacan\\\/#breadcrumb\",\"itemListElement\":[{\"@type\":\"ListItem\",\"position\":1,\"name\":\"Inicio\",\"item\":\"https:\\\/\\\/fuentesfidedignas.com.mx\\\/\"},{\"@type\":\"ListItem\",\"position\":2,\"name\":\"Reitera la UAS disposici\u00f3n para colaborar con la SSPyTM de Culiac\u00e1n\"}]},{\"@type\":\"WebSite\",\"@id\":\"https:\\\/\\\/fuentesfidedignas.com.mx\\\/#website\",\"url\":\"https:\\\/\\\/fuentesfidedignas.com.mx\\\/\",\"name\":\"Fuentes Fidedignas\",\"description\":\"Otro sitio realizado con WordPress\",\"publisher\":{\"@id\":\"https:\\\/\\\/fuentesfidedignas.com.mx\\\/#organization\"},\"potentialAction\":[{\"@type\":\"SearchAction\",\"target\":{\"@type\":\"EntryPoint\",\"urlTemplate\":\"https:\\\/\\\/fuentesfidedignas.com.mx\\\/?s={search_term_string}\"},\"query-input\":{\"@type\":\"PropertyValueSpecification\",\"valueRequired\":true,\"valueName\":\"search_term_string\"}}],\"inLanguage\":\"es\"},{\"@type\":\"Organization\",\"@id\":\"https:\\\/\\\/fuentesfidedignas.com.mx\\\/#organization\",\"name\":\"Fuentes Fidedignas\",\"url\":\"https:\\\/\\\/fuentesfidedignas.com.mx\\\/\",\"logo\":{\"@type\":\"ImageObject\",\"inLanguage\":\"es\",\"@id\":\"https:\\\/\\\/fuentesfidedignas.com.mx\\\/#\\\/schema\\\/logo\\\/image\\\/\",\"url\":\"https:\\\/\\\/fuentesfidedignas.com.mx\\\/wp-content\\\/uploads\\\/2021\\\/04\\\/logo-retina.png\",\"contentUrl\":\"https:\\\/\\\/fuentesfidedignas.com.mx\\\/wp-content\\\/uploads\\\/2021\\\/04\\\/logo-retina.png\",\"width\":280,\"height\":51,\"caption\":\"Fuentes Fidedignas\"},\"image\":{\"@id\":\"https:\\\/\\\/fuentesfidedignas.com.mx\\\/#\\\/schema\\\/logo\\\/image\\\/\"},\"sameAs\":[\"https:\\\/\\\/www.facebook.com\\\/Fuentes-Fidedignas-368234489921644\",\"https:\\\/\\\/x.com\\\/fidedignas\"]},{\"@type\":\"Person\",\"@id\":\"https:\\\/\\\/fuentesfidedignas.com.mx\\\/#\\\/schema\\\/person\\\/331be9283d37198e2acd5750279085b0\",\"name\":\"Redacci\u00f3n\",\"image\":{\"@type\":\"ImageObject\",\"inLanguage\":\"es\",\"@id\":\"https:\\\/\\\/secure.gravatar.com\\\/avatar\\\/f6d8782c11d12b2d4ad3fbb6931aeab5309937a4d6cd2fc9cfaa28a6396a5aec?s=96&d=mm&r=g\",\"url\":\"https:\\\/\\\/secure.gravatar.com\\\/avatar\\\/f6d8782c11d12b2d4ad3fbb6931aeab5309937a4d6cd2fc9cfaa28a6396a5aec?s=96&d=mm&r=g\",\"contentUrl\":\"https:\\\/\\\/secure.gravatar.com\\\/avatar\\\/f6d8782c11d12b2d4ad3fbb6931aeab5309937a4d6cd2fc9cfaa28a6396a5aec?s=96&d=mm&r=g\",\"caption\":\"Redacci\u00f3n\"},\"url\":\"https:\\\/\\\/fuentesfidedignas.com.mx\\\/index.php\\\/author\\\/redaccion\\\/\"}]}<\/script>\n<!-- \/ Yoast SEO plugin. -->","yoast_head_json":{"title":"Reitera la UAS disposici\u00f3n para colaborar con la SSPyTM de Culiac\u00e1n - Fuentes Fidedignas","robots":{"index":"index","follow":"follow","max-snippet":"max-snippet:-1","max-image-preview":"max-image-preview:large","max-video-preview":"max-video-preview:-1"},"canonical":"https:\/\/fuentesfidedignas.com.mx\/index.php\/2022\/08\/16\/reitera-la-uas-disposicion-para-colaborar-con-la-sspytm-de-culiacan\/","og_locale":"es_MX","og_type":"article","og_title":"Reitera la UAS disposici\u00f3n para colaborar con la SSPyTM de Culiac\u00e1n - Fuentes Fidedignas","og_description":"Se plante\u00f3 el prop\u00f3sito de cambiar la imagen de la Polic\u00eda Municipal ante la sociedad y para lograrlo la participaci\u00f3n de la UAS ser\u00e1 clave Culiac\u00e1n, Sinaloa.- Con la finalidad de fortalecer los lazos de colaboraci\u00f3n entre la Universidad Aut\u00f3noma de Sinaloa (UAS) y la Secretar\u00eda de Seguridad P\u00fablica y Tr\u00e1nsito Municipal de Culiac\u00e1n, se [&hellip;]","og_url":"https:\/\/fuentesfidedignas.com.mx\/index.php\/2022\/08\/16\/reitera-la-uas-disposicion-para-colaborar-con-la-sspytm-de-culiacan\/","og_site_name":"Fuentes Fidedignas","article_publisher":"https:\/\/www.facebook.com\/Fuentes-Fidedignas-368234489921644","article_published_time":"2022-08-17T01:44:28+00:00","article_modified_time":"2022-08-17T01:44:30+00:00","og_image":[{"width":1024,"height":683,"url":"https:\/\/fuentesfidedignas.com.mx\/wp-content\/uploads\/2022\/08\/Reunion-con-srio-de-Seguridad-2.jpg","type":"image\/jpeg"}],"author":"Redacci\u00f3n","twitter_card":"summary_large_image","twitter_creator":"@fidedignas","twitter_site":"@fidedignas","twitter_misc":{"Escrito por":"Redacci\u00f3n","Tiempo de lectura":"3 minutos"},"schema":{"@context":"https:\/\/schema.org","@graph":[{"@type":"Article","@id":"https:\/\/fuentesfidedignas.com.mx\/index.php\/2022\/08\/16\/reitera-la-uas-disposicion-para-colaborar-con-la-sspytm-de-culiacan\/#article","isPartOf":{"@id":"https:\/\/fuentesfidedignas.com.mx\/index.php\/2022\/08\/16\/reitera-la-uas-disposicion-para-colaborar-con-la-sspytm-de-culiacan\/"},"author":{"name":"Redacci\u00f3n","@id":"https:\/\/fuentesfidedignas.com.mx\/#\/schema\/person\/331be9283d37198e2acd5750279085b0"},"headline":"Reitera la UAS disposici\u00f3n para colaborar con la SSPyTM de Culiac\u00e1n","datePublished":"2022-08-17T01:44:28+00:00","dateModified":"2022-08-17T01:44:30+00:00","mainEntityOfPage":{"@id":"https:\/\/fuentesfidedignas.com.mx\/index.php\/2022\/08\/16\/reitera-la-uas-disposicion-para-colaborar-con-la-sspytm-de-culiacan\/"},"wordCount":538,"commentCount":0,"publisher":{"@id":"https:\/\/fuentesfidedignas.com.mx\/#organization"},"image":{"@id":"https:\/\/fuentesfidedignas.com.mx\/index.php\/2022\/08\/16\/reitera-la-uas-disposicion-para-colaborar-con-la-sspytm-de-culiacan\/#primaryimage"},"thumbnailUrl":"https:\/\/fuentesfidedignas.com.mx\/wp-content\/uploads\/2022\/08\/Reunion-con-srio-de-Seguridad-2.jpg","articleSection":["NOTICIAS LOCALES"],"inLanguage":"es","potentialAction":[{"@type":"CommentAction","name":"Comment","target":["https:\/\/fuentesfidedignas.com.mx\/index.php\/2022\/08\/16\/reitera-la-uas-disposicion-para-colaborar-con-la-sspytm-de-culiacan\/#respond"]}]},{"@type":"WebPage","@id":"https:\/\/fuentesfidedignas.com.mx\/index.php\/2022\/08\/16\/reitera-la-uas-disposicion-para-colaborar-con-la-sspytm-de-culiacan\/","url":"https:\/\/fuentesfidedignas.com.mx\/index.php\/2022\/08\/16\/reitera-la-uas-disposicion-para-colaborar-con-la-sspytm-de-culiacan\/","name":"Reitera la UAS disposici\u00f3n para colaborar con la SSPyTM de Culiac\u00e1n - Fuentes Fidedignas","isPartOf":{"@id":"https:\/\/fuentesfidedignas.com.mx\/#website"},"primaryImageOfPage":{"@id":"https:\/\/fuentesfidedignas.com.mx\/index.php\/2022\/08\/16\/reitera-la-uas-disposicion-para-colaborar-con-la-sspytm-de-culiacan\/#primaryimage"},"image":{"@id":"https:\/\/fuentesfidedignas.com.mx\/index.php\/2022\/08\/16\/reitera-la-uas-disposicion-para-colaborar-con-la-sspytm-de-culiacan\/#primaryimage"},"thumbnailUrl":"https:\/\/fuentesfidedignas.com.mx\/wp-content\/uploads\/2022\/08\/Reunion-con-srio-de-Seguridad-2.jpg","datePublished":"2022-08-17T01:44:28+00:00","dateModified":"2022-08-17T01:44:30+00:00","breadcrumb":{"@id":"https:\/\/fuentesfidedignas.com.mx\/index.php\/2022\/08\/16\/reitera-la-uas-disposicion-para-colaborar-con-la-sspytm-de-culiacan\/#breadcrumb"},"inLanguage":"es","potentialAction":[{"@type":"ReadAction","target":["https:\/\/fuentesfidedignas.com.mx\/index.php\/2022\/08\/16\/reitera-la-uas-disposicion-para-colaborar-con-la-sspytm-de-culiacan\/"]}]},{"@type":"ImageObject","inLanguage":"es","@id":"https:\/\/fuentesfidedignas.com.mx\/index.php\/2022\/08\/16\/reitera-la-uas-disposicion-para-colaborar-con-la-sspytm-de-culiacan\/#primaryimage","url":"https:\/\/fuentesfidedignas.com.mx\/wp-content\/uploads\/2022\/08\/Reunion-con-srio-de-Seguridad-2.jpg","contentUrl":"https:\/\/fuentesfidedignas.com.mx\/wp-content\/uploads\/2022\/08\/Reunion-con-srio-de-Seguridad-2.jpg","width":1024,"height":683},{"@type":"BreadcrumbList","@id":"https:\/\/fuentesfidedignas.com.mx\/index.php\/2022\/08\/16\/reitera-la-uas-disposicion-para-colaborar-con-la-sspytm-de-culiacan\/#breadcrumb","itemListElement":[{"@type":"ListItem","position":1,"name":"Inicio","item":"https:\/\/fuentesfidedignas.com.mx\/"},{"@type":"ListItem","position":2,"name":"Reitera la UAS disposici\u00f3n para colaborar con la SSPyTM de Culiac\u00e1n"}]},{"@type":"WebSite","@id":"https:\/\/fuentesfidedignas.com.mx\/#website","url":"https:\/\/fuentesfidedignas.com.mx\/","name":"Fuentes Fidedignas","description":"Otro sitio realizado con WordPress","publisher":{"@id":"https:\/\/fuentesfidedignas.com.mx\/#organization"},"potentialAction":[{"@type":"SearchAction","target":{"@type":"EntryPoint","urlTemplate":"https:\/\/fuentesfidedignas.com.mx\/?s={search_term_string}"},"query-input":{"@type":"PropertyValueSpecification","valueRequired":true,"valueName":"search_term_string"}}],"inLanguage":"es"},{"@type":"Organization","@id":"https:\/\/fuentesfidedignas.com.mx\/#organization","name":"Fuentes Fidedignas","url":"https:\/\/fuentesfidedignas.com.mx\/","logo":{"@type":"ImageObject","inLanguage":"es","@id":"https:\/\/fuentesfidedignas.com.mx\/#\/schema\/logo\/image\/","url":"https:\/\/fuentesfidedignas.com.mx\/wp-content\/uploads\/2021\/04\/logo-retina.png","contentUrl":"https:\/\/fuentesfidedignas.com.mx\/wp-content\/uploads\/2021\/04\/logo-retina.png","width":280,"height":51,"caption":"Fuentes Fidedignas"},"image":{"@id":"https:\/\/fuentesfidedignas.com.mx\/#\/schema\/logo\/image\/"},"sameAs":["https:\/\/www.facebook.com\/Fuentes-Fidedignas-368234489921644","https:\/\/x.com\/fidedignas"]},{"@type":"Person","@id":"https:\/\/fuentesfidedignas.com.mx\/#\/schema\/person\/331be9283d37198e2acd5750279085b0","name":"Redacci\u00f3n","image":{"@type":"ImageObject","inLanguage":"es","@id":"https:\/\/secure.gravatar.com\/avatar\/f6d8782c11d12b2d4ad3fbb6931aeab5309937a4d6cd2fc9cfaa28a6396a5aec?s=96&d=mm&r=g","url":"https:\/\/secure.gravatar.com\/avatar\/f6d8782c11d12b2d4ad3fbb6931aeab5309937a4d6cd2fc9cfaa28a6396a5aec?s=96&d=mm&r=g","contentUrl":"https:\/\/secure.gravatar.com\/avatar\/f6d8782c11d12b2d4ad3fbb6931aeab5309937a4d6cd2fc9cfaa28a6396a5aec?s=96&d=mm&r=g","caption":"Redacci\u00f3n"},"url":"https:\/\/fuentesfidedignas.com.mx\/index.php\/author\/redaccion\/"}]}},"_links":{"self":[{"href":"https:\/\/fuentesfidedignas.com.mx\/index.php\/wp-json\/wp\/v2\/posts\/40040","targetHints":{"allow":["GET"]}}],"collection":[{"href":"https:\/\/fuentesfidedignas.com.mx\/index.php\/wp-json\/wp\/v2\/posts"}],"about":[{"href":"https:\/\/fuentesfidedignas.com.mx\/index.php\/wp-json\/wp\/v2\/types\/post"}],"author":[{"embeddable":true,"href":"https:\/\/fuentesfidedignas.com.mx\/index.php\/wp-json\/wp\/v2\/users\/4"}],"replies":[{"embeddable":true,"href":"https:\/\/fuentesfidedignas.com.mx\/index.php\/wp-json\/wp\/v2\/comments?post=40040"}],"version-history":[{"count":1,"href":"https:\/\/fuentesfidedignas.com.mx\/index.php\/wp-json\/wp\/v2\/posts\/40040\/revisions"}],"predecessor-version":[{"id":40042,"href":"https:\/\/fuentesfidedignas.com.mx\/index.php\/wp-json\/wp\/v2\/posts\/40040\/revisions\/40042"}],"wp:featuredmedia":[{"embeddable":true,"href":"https:\/\/fuentesfidedignas.com.mx\/index.php\/wp-json\/wp\/v2\/media\/40041"}],"wp:attachment":[{"href":"https:\/\/fuentesfidedignas.com.mx\/index.php\/wp-json\/wp\/v2\/media?parent=40040"}],"wp:term":[{"taxonomy":"category","embeddable":true,"href":"https:\/\/fuentesfidedignas.com.mx\/index.php\/wp-json\/wp\/v2\/categories?post=40040"},{"taxonomy":"post_tag","embeddable":true,"href":"https:\/\/fuentesfidedignas.com.mx\/index.php\/wp-json\/wp\/v2\/tags?post=40040"}],"curies":[{"name":"wp","href":"https:\/\/api.w.org\/{rel}","templated":true}]}}