{"id":40034,"date":"2022-08-16T19:24:11","date_gmt":"2022-08-17T01:24:11","guid":{"rendered":"https:\/\/fuentesfidedignas.com.mx\/?p=40034"},"modified":"2022-08-16T19:25:59","modified_gmt":"2022-08-17T01:25:59","slug":"arranca-construccion-de-rampas-para-personas-con-discapacidad-en-el-primer-cuadro-de-la-ciudad","status":"publish","type":"post","link":"https:\/\/fuentesfidedignas.com.mx\/index.php\/2022\/08\/16\/arranca-construccion-de-rampas-para-personas-con-discapacidad-en-el-primer-cuadro-de-la-ciudad\/","title":{"rendered":"Arranca construcci\u00f3n de rampas para personas con discapacidad en el primer cuadro de la ciudad"},"content":{"rendered":"\n<p>Se descubri\u00f3 un d\u00e9ficit de rampas en las calles del primer cuadro, en donde diariamente se concentra una gran afluencia de peatones<\/p>\n\n\n\n<p>Culiac\u00e1n, Sinaloa.- Basado en el proyecto denominado \u00b4Zona 30\u00b4, se inici\u00f3 este martes la construcci\u00f3n de 62 rampas en el primer cuadro de la ciudad con la finalidad de facilitar la movilidad segura de personas con alguna discapacidad.<\/p>\n\n\n\n<p>En una primera etapa, el Ayuntamiento de Culiac\u00e1n a trav\u00e9s de la Secretar\u00eda de Obras y Servicios P\u00fablicos, arrancaron con la instalaci\u00f3n de los primeros espacios acondicionados para el movimiento de la ciudadan\u00eda en el entronque de la avenida Vicente Riva Palacio e Ignacio Zaragoza.<\/p>\n\n\n\n<p>Como parte del mejoramiento de la infraestructura, se llev\u00f3 a cabo una evaluaci\u00f3n y an\u00e1lisis en el que se descubri\u00f3 un d\u00e9ficit de rampas en las calles del primer cuadro, en donde diariamente se concentra una gran afluencia de peatones, explic\u00f3 el titular de la Secretar\u00eda de Obras y Servicios P\u00fablicos, Roberto Alfonso Zazueta Tapia.<\/p>\n\n\n\n<p>\u201cEste proyecto denominado \u00b4Zona 30\u00b4, en el cual vamos hacer rampas donde no existen ahorita en este momento, para familiarizar al peat\u00f3n con los veh\u00edculos, 62 rampas en la primera etapa\u201d, detall\u00f3 el funcionario municipal.<\/p>\n\n\n\n<p>Una vez desarrollada y concluida la construcci\u00f3n de las rampas, la Comuna busca una mayor inclusi\u00f3n de toda la ciudadan\u00eda, procurando fomentar el respeto entre los automovilistas y peatones.<\/p>\n","protected":false},"excerpt":{"rendered":"<p>Se descubri\u00f3 un d\u00e9ficit de rampas en las calles del primer cuadro, en donde diariamente se concentra una gran afluencia de peatones Culiac\u00e1n, Sinaloa.- Basado en el proyecto denominado \u00b4Zona 30\u00b4, se inici\u00f3 este martes la construcci\u00f3n de 62 rampas en el primer cuadro de la ciudad con la finalidad de facilitar la movilidad segura [&hellip;]<\/p>\n","protected":false},"author":4,"featured_media":40036,"comment_status":"open","ping_status":"open","sticky":false,"template":"","format":"standard","meta":{"tdm_status":"","tdm_grid_status":"","footnotes":""},"categories":[38,1],"tags":[],"class_list":{"0":"post-40034","1":"post","2":"type-post","3":"status-publish","4":"format-standard","5":"has-post-thumbnail","7":"category-noticias-locales","8":"category-sin-categoria"},"yoast_head":"<!-- This site is optimized with the Yoast SEO plugin v27.5 - https:\/\/yoast.com\/product\/yoast-seo-wordpress\/ -->\n<title>Arranca construcci\u00f3n de rampas para personas con discapacidad en el primer cuadro de la ciudad - Fuentes Fidedignas<\/title>\n<meta name=\"robots\" content=\"index, follow, max-snippet:-1, max-image-preview:large, max-video-preview:-1\" \/>\n<link rel=\"canonical\" href=\"https:\/\/fuentesfidedignas.com.mx\/index.php\/2022\/08\/16\/arranca-construccion-de-rampas-para-personas-con-discapacidad-en-el-primer-cuadro-de-la-ciudad\/\" \/>\n<meta property=\"og:locale\" content=\"es_MX\" \/>\n<meta property=\"og:type\" content=\"article\" \/>\n<meta property=\"og:title\" content=\"Arranca construcci\u00f3n de rampas para personas con discapacidad en el primer cuadro de la ciudad - Fuentes Fidedignas\" \/>\n<meta property=\"og:description\" content=\"Se descubri\u00f3 un d\u00e9ficit de rampas en las calles del primer cuadro, en donde diariamente se concentra una gran afluencia de peatones Culiac\u00e1n, Sinaloa.- Basado en el proyecto denominado \u00b4Zona 30\u00b4, se inici\u00f3 este martes la construcci\u00f3n de 62 rampas en el primer cuadro de la ciudad con la finalidad de facilitar la movilidad segura [&hellip;]\" \/>\n<meta property=\"og:url\" content=\"https:\/\/fuentesfidedignas.com.mx\/index.php\/2022\/08\/16\/arranca-construccion-de-rampas-para-personas-con-discapacidad-en-el-primer-cuadro-de-la-ciudad\/\" \/>\n<meta property=\"og:site_name\" content=\"Fuentes Fidedignas\" \/>\n<meta property=\"article:publisher\" content=\"https:\/\/www.facebook.com\/Fuentes-Fidedignas-368234489921644\" \/>\n<meta property=\"article:published_time\" content=\"2022-08-17T01:24:11+00:00\" \/>\n<meta property=\"article:modified_time\" content=\"2022-08-17T01:25:59+00:00\" \/>\n<meta property=\"og:image\" content=\"https:\/\/fuentesfidedignas.com.mx\/wp-content\/uploads\/2022\/08\/IMG-20220816-WA0126.jpg\" \/>\n\t<meta property=\"og:image:width\" content=\"1280\" \/>\n\t<meta property=\"og:image:height\" content=\"853\" \/>\n\t<meta property=\"og:image:type\" content=\"image\/jpeg\" \/>\n<meta name=\"author\" content=\"Redacci\u00f3n\" \/>\n<meta name=\"twitter:card\" content=\"summary_large_image\" \/>\n<meta name=\"twitter:creator\" content=\"@fidedignas\" \/>\n<meta name=\"twitter:site\" content=\"@fidedignas\" \/>\n<meta name=\"twitter:label1\" content=\"Escrito por\" \/>\n\t<meta name=\"twitter:data1\" content=\"Redacci\u00f3n\" \/>\n\t<meta name=\"twitter:label2\" content=\"Tiempo de lectura\" \/>\n\t<meta name=\"twitter:data2\" content=\"1 minuto\" \/>\n<script type=\"application\/ld+json\" class=\"yoast-schema-graph\">{\"@context\":\"https:\\\/\\\/schema.org\",\"@graph\":[{\"@type\":\"Article\",\"@id\":\"https:\\\/\\\/fuentesfidedignas.com.mx\\\/index.php\\\/2022\\\/08\\\/16\\\/arranca-construccion-de-rampas-para-personas-con-discapacidad-en-el-primer-cuadro-de-la-ciudad\\\/#article\",\"isPartOf\":{\"@id\":\"https:\\\/\\\/fuentesfidedignas.com.mx\\\/index.php\\\/2022\\\/08\\\/16\\\/arranca-construccion-de-rampas-para-personas-con-discapacidad-en-el-primer-cuadro-de-la-ciudad\\\/\"},\"author\":{\"name\":\"Redacci\u00f3n\",\"@id\":\"https:\\\/\\\/fuentesfidedignas.com.mx\\\/#\\\/schema\\\/person\\\/331be9283d37198e2acd5750279085b0\"},\"headline\":\"Arranca construcci\u00f3n de rampas para personas con discapacidad en el primer cuadro de la ciudad\",\"datePublished\":\"2022-08-17T01:24:11+00:00\",\"dateModified\":\"2022-08-17T01:25:59+00:00\",\"mainEntityOfPage\":{\"@id\":\"https:\\\/\\\/fuentesfidedignas.com.mx\\\/index.php\\\/2022\\\/08\\\/16\\\/arranca-construccion-de-rampas-para-personas-con-discapacidad-en-el-primer-cuadro-de-la-ciudad\\\/\"},\"wordCount\":256,\"commentCount\":0,\"publisher\":{\"@id\":\"https:\\\/\\\/fuentesfidedignas.com.mx\\\/#organization\"},\"image\":{\"@id\":\"https:\\\/\\\/fuentesfidedignas.com.mx\\\/index.php\\\/2022\\\/08\\\/16\\\/arranca-construccion-de-rampas-para-personas-con-discapacidad-en-el-primer-cuadro-de-la-ciudad\\\/#primaryimage\"},\"thumbnailUrl\":\"https:\\\/\\\/fuentesfidedignas.com.mx\\\/wp-content\\\/uploads\\\/2022\\\/08\\\/IMG-20220816-WA0126.jpg\",\"articleSection\":[\"NOTICIAS LOCALES\"],\"inLanguage\":\"es\",\"potentialAction\":[{\"@type\":\"CommentAction\",\"name\":\"Comment\",\"target\":[\"https:\\\/\\\/fuentesfidedignas.com.mx\\\/index.php\\\/2022\\\/08\\\/16\\\/arranca-construccion-de-rampas-para-personas-con-discapacidad-en-el-primer-cuadro-de-la-ciudad\\\/#respond\"]}]},{\"@type\":\"WebPage\",\"@id\":\"https:\\\/\\\/fuentesfidedignas.com.mx\\\/index.php\\\/2022\\\/08\\\/16\\\/arranca-construccion-de-rampas-para-personas-con-discapacidad-en-el-primer-cuadro-de-la-ciudad\\\/\",\"url\":\"https:\\\/\\\/fuentesfidedignas.com.mx\\\/index.php\\\/2022\\\/08\\\/16\\\/arranca-construccion-de-rampas-para-personas-con-discapacidad-en-el-primer-cuadro-de-la-ciudad\\\/\",\"name\":\"Arranca construcci\u00f3n de rampas para personas con discapacidad en el primer cuadro de la ciudad - Fuentes Fidedignas\",\"isPartOf\":{\"@id\":\"https:\\\/\\\/fuentesfidedignas.com.mx\\\/#website\"},\"primaryImageOfPage\":{\"@id\":\"https:\\\/\\\/fuentesfidedignas.com.mx\\\/index.php\\\/2022\\\/08\\\/16\\\/arranca-construccion-de-rampas-para-personas-con-discapacidad-en-el-primer-cuadro-de-la-ciudad\\\/#primaryimage\"},\"image\":{\"@id\":\"https:\\\/\\\/fuentesfidedignas.com.mx\\\/index.php\\\/2022\\\/08\\\/16\\\/arranca-construccion-de-rampas-para-personas-con-discapacidad-en-el-primer-cuadro-de-la-ciudad\\\/#primaryimage\"},\"thumbnailUrl\":\"https:\\\/\\\/fuentesfidedignas.com.mx\\\/wp-content\\\/uploads\\\/2022\\\/08\\\/IMG-20220816-WA0126.jpg\",\"datePublished\":\"2022-08-17T01:24:11+00:00\",\"dateModified\":\"2022-08-17T01:25:59+00:00\",\"breadcrumb\":{\"@id\":\"https:\\\/\\\/fuentesfidedignas.com.mx\\\/index.php\\\/2022\\\/08\\\/16\\\/arranca-construccion-de-rampas-para-personas-con-discapacidad-en-el-primer-cuadro-de-la-ciudad\\\/#breadcrumb\"},\"inLanguage\":\"es\",\"potentialAction\":[{\"@type\":\"ReadAction\",\"target\":[\"https:\\\/\\\/fuentesfidedignas.com.mx\\\/index.php\\\/2022\\\/08\\\/16\\\/arranca-construccion-de-rampas-para-personas-con-discapacidad-en-el-primer-cuadro-de-la-ciudad\\\/\"]}]},{\"@type\":\"ImageObject\",\"inLanguage\":\"es\",\"@id\":\"https:\\\/\\\/fuentesfidedignas.com.mx\\\/index.php\\\/2022\\\/08\\\/16\\\/arranca-construccion-de-rampas-para-personas-con-discapacidad-en-el-primer-cuadro-de-la-ciudad\\\/#primaryimage\",\"url\":\"https:\\\/\\\/fuentesfidedignas.com.mx\\\/wp-content\\\/uploads\\\/2022\\\/08\\\/IMG-20220816-WA0126.jpg\",\"contentUrl\":\"https:\\\/\\\/fuentesfidedignas.com.mx\\\/wp-content\\\/uploads\\\/2022\\\/08\\\/IMG-20220816-WA0126.jpg\",\"width\":1280,\"height\":853},{\"@type\":\"BreadcrumbList\",\"@id\":\"https:\\\/\\\/fuentesfidedignas.com.mx\\\/index.php\\\/2022\\\/08\\\/16\\\/arranca-construccion-de-rampas-para-personas-con-discapacidad-en-el-primer-cuadro-de-la-ciudad\\\/#breadcrumb\",\"itemListElement\":[{\"@type\":\"ListItem\",\"position\":1,\"name\":\"Inicio\",\"item\":\"https:\\\/\\\/fuentesfidedignas.com.mx\\\/\"},{\"@type\":\"ListItem\",\"position\":2,\"name\":\"Arranca construcci\u00f3n de rampas para personas con discapacidad en el primer cuadro de la ciudad\"}]},{\"@type\":\"WebSite\",\"@id\":\"https:\\\/\\\/fuentesfidedignas.com.mx\\\/#website\",\"url\":\"https:\\\/\\\/fuentesfidedignas.com.mx\\\/\",\"name\":\"Fuentes Fidedignas\",\"description\":\"Otro sitio realizado con WordPress\",\"publisher\":{\"@id\":\"https:\\\/\\\/fuentesfidedignas.com.mx\\\/#organization\"},\"potentialAction\":[{\"@type\":\"SearchAction\",\"target\":{\"@type\":\"EntryPoint\",\"urlTemplate\":\"https:\\\/\\\/fuentesfidedignas.com.mx\\\/?s={search_term_string}\"},\"query-input\":{\"@type\":\"PropertyValueSpecification\",\"valueRequired\":true,\"valueName\":\"search_term_string\"}}],\"inLanguage\":\"es\"},{\"@type\":\"Organization\",\"@id\":\"https:\\\/\\\/fuentesfidedignas.com.mx\\\/#organization\",\"name\":\"Fuentes Fidedignas\",\"url\":\"https:\\\/\\\/fuentesfidedignas.com.mx\\\/\",\"logo\":{\"@type\":\"ImageObject\",\"inLanguage\":\"es\",\"@id\":\"https:\\\/\\\/fuentesfidedignas.com.mx\\\/#\\\/schema\\\/logo\\\/image\\\/\",\"url\":\"https:\\\/\\\/fuentesfidedignas.com.mx\\\/wp-content\\\/uploads\\\/2021\\\/04\\\/logo-retina.png\",\"contentUrl\":\"https:\\\/\\\/fuentesfidedignas.com.mx\\\/wp-content\\\/uploads\\\/2021\\\/04\\\/logo-retina.png\",\"width\":280,\"height\":51,\"caption\":\"Fuentes Fidedignas\"},\"image\":{\"@id\":\"https:\\\/\\\/fuentesfidedignas.com.mx\\\/#\\\/schema\\\/logo\\\/image\\\/\"},\"sameAs\":[\"https:\\\/\\\/www.facebook.com\\\/Fuentes-Fidedignas-368234489921644\",\"https:\\\/\\\/x.com\\\/fidedignas\"]},{\"@type\":\"Person\",\"@id\":\"https:\\\/\\\/fuentesfidedignas.com.mx\\\/#\\\/schema\\\/person\\\/331be9283d37198e2acd5750279085b0\",\"name\":\"Redacci\u00f3n\",\"image\":{\"@type\":\"ImageObject\",\"inLanguage\":\"es\",\"@id\":\"https:\\\/\\\/secure.gravatar.com\\\/avatar\\\/f6d8782c11d12b2d4ad3fbb6931aeab5309937a4d6cd2fc9cfaa28a6396a5aec?s=96&d=mm&r=g\",\"url\":\"https:\\\/\\\/secure.gravatar.com\\\/avatar\\\/f6d8782c11d12b2d4ad3fbb6931aeab5309937a4d6cd2fc9cfaa28a6396a5aec?s=96&d=mm&r=g\",\"contentUrl\":\"https:\\\/\\\/secure.gravatar.com\\\/avatar\\\/f6d8782c11d12b2d4ad3fbb6931aeab5309937a4d6cd2fc9cfaa28a6396a5aec?s=96&d=mm&r=g\",\"caption\":\"Redacci\u00f3n\"},\"url\":\"https:\\\/\\\/fuentesfidedignas.com.mx\\\/index.php\\\/author\\\/redaccion\\\/\"}]}<\/script>\n<!-- \/ Yoast SEO plugin. -->","yoast_head_json":{"title":"Arranca construcci\u00f3n de rampas para personas con discapacidad en el primer cuadro de la ciudad - Fuentes Fidedignas","robots":{"index":"index","follow":"follow","max-snippet":"max-snippet:-1","max-image-preview":"max-image-preview:large","max-video-preview":"max-video-preview:-1"},"canonical":"https:\/\/fuentesfidedignas.com.mx\/index.php\/2022\/08\/16\/arranca-construccion-de-rampas-para-personas-con-discapacidad-en-el-primer-cuadro-de-la-ciudad\/","og_locale":"es_MX","og_type":"article","og_title":"Arranca construcci\u00f3n de rampas para personas con discapacidad en el primer cuadro de la ciudad - Fuentes Fidedignas","og_description":"Se descubri\u00f3 un d\u00e9ficit de rampas en las calles del primer cuadro, en donde diariamente se concentra una gran afluencia de peatones Culiac\u00e1n, Sinaloa.- Basado en el proyecto denominado \u00b4Zona 30\u00b4, se inici\u00f3 este martes la construcci\u00f3n de 62 rampas en el primer cuadro de la ciudad con la finalidad de facilitar la movilidad segura [&hellip;]","og_url":"https:\/\/fuentesfidedignas.com.mx\/index.php\/2022\/08\/16\/arranca-construccion-de-rampas-para-personas-con-discapacidad-en-el-primer-cuadro-de-la-ciudad\/","og_site_name":"Fuentes Fidedignas","article_publisher":"https:\/\/www.facebook.com\/Fuentes-Fidedignas-368234489921644","article_published_time":"2022-08-17T01:24:11+00:00","article_modified_time":"2022-08-17T01:25:59+00:00","og_image":[{"width":1280,"height":853,"url":"https:\/\/fuentesfidedignas.com.mx\/wp-content\/uploads\/2022\/08\/IMG-20220816-WA0126.jpg","type":"image\/jpeg"}],"author":"Redacci\u00f3n","twitter_card":"summary_large_image","twitter_creator":"@fidedignas","twitter_site":"@fidedignas","twitter_misc":{"Escrito por":"Redacci\u00f3n","Tiempo de lectura":"1 minuto"},"schema":{"@context":"https:\/\/schema.org","@graph":[{"@type":"Article","@id":"https:\/\/fuentesfidedignas.com.mx\/index.php\/2022\/08\/16\/arranca-construccion-de-rampas-para-personas-con-discapacidad-en-el-primer-cuadro-de-la-ciudad\/#article","isPartOf":{"@id":"https:\/\/fuentesfidedignas.com.mx\/index.php\/2022\/08\/16\/arranca-construccion-de-rampas-para-personas-con-discapacidad-en-el-primer-cuadro-de-la-ciudad\/"},"author":{"name":"Redacci\u00f3n","@id":"https:\/\/fuentesfidedignas.com.mx\/#\/schema\/person\/331be9283d37198e2acd5750279085b0"},"headline":"Arranca construcci\u00f3n de rampas para personas con discapacidad en el primer cuadro de la ciudad","datePublished":"2022-08-17T01:24:11+00:00","dateModified":"2022-08-17T01:25:59+00:00","mainEntityOfPage":{"@id":"https:\/\/fuentesfidedignas.com.mx\/index.php\/2022\/08\/16\/arranca-construccion-de-rampas-para-personas-con-discapacidad-en-el-primer-cuadro-de-la-ciudad\/"},"wordCount":256,"commentCount":0,"publisher":{"@id":"https:\/\/fuentesfidedignas.com.mx\/#organization"},"image":{"@id":"https:\/\/fuentesfidedignas.com.mx\/index.php\/2022\/08\/16\/arranca-construccion-de-rampas-para-personas-con-discapacidad-en-el-primer-cuadro-de-la-ciudad\/#primaryimage"},"thumbnailUrl":"https:\/\/fuentesfidedignas.com.mx\/wp-content\/uploads\/2022\/08\/IMG-20220816-WA0126.jpg","articleSection":["NOTICIAS LOCALES"],"inLanguage":"es","potentialAction":[{"@type":"CommentAction","name":"Comment","target":["https:\/\/fuentesfidedignas.com.mx\/index.php\/2022\/08\/16\/arranca-construccion-de-rampas-para-personas-con-discapacidad-en-el-primer-cuadro-de-la-ciudad\/#respond"]}]},{"@type":"WebPage","@id":"https:\/\/fuentesfidedignas.com.mx\/index.php\/2022\/08\/16\/arranca-construccion-de-rampas-para-personas-con-discapacidad-en-el-primer-cuadro-de-la-ciudad\/","url":"https:\/\/fuentesfidedignas.com.mx\/index.php\/2022\/08\/16\/arranca-construccion-de-rampas-para-personas-con-discapacidad-en-el-primer-cuadro-de-la-ciudad\/","name":"Arranca construcci\u00f3n de rampas para personas con discapacidad en el primer cuadro de la ciudad - Fuentes Fidedignas","isPartOf":{"@id":"https:\/\/fuentesfidedignas.com.mx\/#website"},"primaryImageOfPage":{"@id":"https:\/\/fuentesfidedignas.com.mx\/index.php\/2022\/08\/16\/arranca-construccion-de-rampas-para-personas-con-discapacidad-en-el-primer-cuadro-de-la-ciudad\/#primaryimage"},"image":{"@id":"https:\/\/fuentesfidedignas.com.mx\/index.php\/2022\/08\/16\/arranca-construccion-de-rampas-para-personas-con-discapacidad-en-el-primer-cuadro-de-la-ciudad\/#primaryimage"},"thumbnailUrl":"https:\/\/fuentesfidedignas.com.mx\/wp-content\/uploads\/2022\/08\/IMG-20220816-WA0126.jpg","datePublished":"2022-08-17T01:24:11+00:00","dateModified":"2022-08-17T01:25:59+00:00","breadcrumb":{"@id":"https:\/\/fuentesfidedignas.com.mx\/index.php\/2022\/08\/16\/arranca-construccion-de-rampas-para-personas-con-discapacidad-en-el-primer-cuadro-de-la-ciudad\/#breadcrumb"},"inLanguage":"es","potentialAction":[{"@type":"ReadAction","target":["https:\/\/fuentesfidedignas.com.mx\/index.php\/2022\/08\/16\/arranca-construccion-de-rampas-para-personas-con-discapacidad-en-el-primer-cuadro-de-la-ciudad\/"]}]},{"@type":"ImageObject","inLanguage":"es","@id":"https:\/\/fuentesfidedignas.com.mx\/index.php\/2022\/08\/16\/arranca-construccion-de-rampas-para-personas-con-discapacidad-en-el-primer-cuadro-de-la-ciudad\/#primaryimage","url":"https:\/\/fuentesfidedignas.com.mx\/wp-content\/uploads\/2022\/08\/IMG-20220816-WA0126.jpg","contentUrl":"https:\/\/fuentesfidedignas.com.mx\/wp-content\/uploads\/2022\/08\/IMG-20220816-WA0126.jpg","width":1280,"height":853},{"@type":"BreadcrumbList","@id":"https:\/\/fuentesfidedignas.com.mx\/index.php\/2022\/08\/16\/arranca-construccion-de-rampas-para-personas-con-discapacidad-en-el-primer-cuadro-de-la-ciudad\/#breadcrumb","itemListElement":[{"@type":"ListItem","position":1,"name":"Inicio","item":"https:\/\/fuentesfidedignas.com.mx\/"},{"@type":"ListItem","position":2,"name":"Arranca construcci\u00f3n de rampas para personas con discapacidad en el primer cuadro de la ciudad"}]},{"@type":"WebSite","@id":"https:\/\/fuentesfidedignas.com.mx\/#website","url":"https:\/\/fuentesfidedignas.com.mx\/","name":"Fuentes Fidedignas","description":"Otro sitio realizado con WordPress","publisher":{"@id":"https:\/\/fuentesfidedignas.com.mx\/#organization"},"potentialAction":[{"@type":"SearchAction","target":{"@type":"EntryPoint","urlTemplate":"https:\/\/fuentesfidedignas.com.mx\/?s={search_term_string}"},"query-input":{"@type":"PropertyValueSpecification","valueRequired":true,"valueName":"search_term_string"}}],"inLanguage":"es"},{"@type":"Organization","@id":"https:\/\/fuentesfidedignas.com.mx\/#organization","name":"Fuentes Fidedignas","url":"https:\/\/fuentesfidedignas.com.mx\/","logo":{"@type":"ImageObject","inLanguage":"es","@id":"https:\/\/fuentesfidedignas.com.mx\/#\/schema\/logo\/image\/","url":"https:\/\/fuentesfidedignas.com.mx\/wp-content\/uploads\/2021\/04\/logo-retina.png","contentUrl":"https:\/\/fuentesfidedignas.com.mx\/wp-content\/uploads\/2021\/04\/logo-retina.png","width":280,"height":51,"caption":"Fuentes Fidedignas"},"image":{"@id":"https:\/\/fuentesfidedignas.com.mx\/#\/schema\/logo\/image\/"},"sameAs":["https:\/\/www.facebook.com\/Fuentes-Fidedignas-368234489921644","https:\/\/x.com\/fidedignas"]},{"@type":"Person","@id":"https:\/\/fuentesfidedignas.com.mx\/#\/schema\/person\/331be9283d37198e2acd5750279085b0","name":"Redacci\u00f3n","image":{"@type":"ImageObject","inLanguage":"es","@id":"https:\/\/secure.gravatar.com\/avatar\/f6d8782c11d12b2d4ad3fbb6931aeab5309937a4d6cd2fc9cfaa28a6396a5aec?s=96&d=mm&r=g","url":"https:\/\/secure.gravatar.com\/avatar\/f6d8782c11d12b2d4ad3fbb6931aeab5309937a4d6cd2fc9cfaa28a6396a5aec?s=96&d=mm&r=g","contentUrl":"https:\/\/secure.gravatar.com\/avatar\/f6d8782c11d12b2d4ad3fbb6931aeab5309937a4d6cd2fc9cfaa28a6396a5aec?s=96&d=mm&r=g","caption":"Redacci\u00f3n"},"url":"https:\/\/fuentesfidedignas.com.mx\/index.php\/author\/redaccion\/"}]}},"_links":{"self":[{"href":"https:\/\/fuentesfidedignas.com.mx\/index.php\/wp-json\/wp\/v2\/posts\/40034","targetHints":{"allow":["GET"]}}],"collection":[{"href":"https:\/\/fuentesfidedignas.com.mx\/index.php\/wp-json\/wp\/v2\/posts"}],"about":[{"href":"https:\/\/fuentesfidedignas.com.mx\/index.php\/wp-json\/wp\/v2\/types\/post"}],"author":[{"embeddable":true,"href":"https:\/\/fuentesfidedignas.com.mx\/index.php\/wp-json\/wp\/v2\/users\/4"}],"replies":[{"embeddable":true,"href":"https:\/\/fuentesfidedignas.com.mx\/index.php\/wp-json\/wp\/v2\/comments?post=40034"}],"version-history":[{"count":2,"href":"https:\/\/fuentesfidedignas.com.mx\/index.php\/wp-json\/wp\/v2\/posts\/40034\/revisions"}],"predecessor-version":[{"id":40037,"href":"https:\/\/fuentesfidedignas.com.mx\/index.php\/wp-json\/wp\/v2\/posts\/40034\/revisions\/40037"}],"wp:featuredmedia":[{"embeddable":true,"href":"https:\/\/fuentesfidedignas.com.mx\/index.php\/wp-json\/wp\/v2\/media\/40036"}],"wp:attachment":[{"href":"https:\/\/fuentesfidedignas.com.mx\/index.php\/wp-json\/wp\/v2\/media?parent=40034"}],"wp:term":[{"taxonomy":"category","embeddable":true,"href":"https:\/\/fuentesfidedignas.com.mx\/index.php\/wp-json\/wp\/v2\/categories?post=40034"},{"taxonomy":"post_tag","embeddable":true,"href":"https:\/\/fuentesfidedignas.com.mx\/index.php\/wp-json\/wp\/v2\/tags?post=40034"}],"curies":[{"name":"wp","href":"https:\/\/api.w.org\/{rel}","templated":true}]}}