{"id":39950,"date":"2022-08-16T13:25:06","date_gmt":"2022-08-16T19:25:06","guid":{"rendered":"https:\/\/fuentesfidedignas.com.mx\/?p=39950"},"modified":"2022-08-16T13:25:07","modified_gmt":"2022-08-16T19:25:07","slug":"aseguran-armamento-de-grueso-calibre-y-vehiculo-robado-en-el-fuerte","status":"publish","type":"post","link":"https:\/\/fuentesfidedignas.com.mx\/index.php\/2022\/08\/16\/aseguran-armamento-de-grueso-calibre-y-vehiculo-robado-en-el-fuerte\/","title":{"rendered":"Aseguran armamento de grueso calibre y veh\u00edculo robado en El Fuerte"},"content":{"rendered":"\n<p><strong><em>Este resultado es derivado del trabajo permanente que la SSP Sinaloa lleva a cabo en este municipio<\/em><\/strong><\/p>\n\n\n\n<p>El Fuerte, Sin.- Tras patrullajes de reconocimiento en el municipio de El Fuerte, elementos de la Secretar\u00eda de la Defensa Nacional y Polic\u00eda Estatales que integran una Base de Operaciones Mixtas Urbanas (BOMU), localizaron una camioneta con reporte de robo, as\u00ed como armas de uso exclusivo de las Fuerzas Armadas, municiones y equipo t\u00e1ctico.<\/p>\n\n\n\n<p>Como parte de las labores de que los militares y polic\u00edas estatales llevan a cabo en todo el estado, realizaban un recorrido preventivo en las inmediaciones de la presa Miguel Hidalgo y Costilla, cuando notaron una camioneta de la marca Nissan en aparente estado de abandono, por lo que se aproximaron a la unidad.<\/p>\n\n\n\n<p>Fue all\u00ed que, los efectivos se percataron de que en su interior hab\u00eda tres armas largas, decenas de cargadores, entre ellos dos de disco; as\u00ed tambi\u00e9n, municiones y chalecos t\u00e1cticos con placas antibalas.<\/p>\n\n\n\n<p>Ante esta circunstancia solicitaron el estatus de la camioneta a la Plataforma M\u00e9xico, y \u00e9sta dio como resultado que cuenta con reporte de robo vigente; de manera inmediata fue asegurada junto al armamento y equipo t\u00e1ctico.<\/p>\n\n\n\n<p>Los indicios fueron presentados ante la Fiscal\u00eda, quien se encargar\u00e1 de las investigaciones y procesos pertinentes.<\/p>\n\n\n\n<figure class=\"wp-block-image size-full\"><img decoding=\"async\" width=\"1024\" height=\"768\" src=\"https:\/\/fuentesfidedignas.com.mx\/wp-content\/uploads\/2022\/08\/WhatsApp-Image-2022-08-16-at-12.32.37-PM.jpeg\" alt=\"\" class=\"wp-image-39951\" srcset=\"https:\/\/fuentesfidedignas.com.mx\/wp-content\/uploads\/2022\/08\/WhatsApp-Image-2022-08-16-at-12.32.37-PM.jpeg 1024w, https:\/\/fuentesfidedignas.com.mx\/wp-content\/uploads\/2022\/08\/WhatsApp-Image-2022-08-16-at-12.32.37-PM-300x225.jpeg 300w, https:\/\/fuentesfidedignas.com.mx\/wp-content\/uploads\/2022\/08\/WhatsApp-Image-2022-08-16-at-12.32.37-PM-768x576.jpeg 768w, https:\/\/fuentesfidedignas.com.mx\/wp-content\/uploads\/2022\/08\/WhatsApp-Image-2022-08-16-at-12.32.37-PM-696x522.jpeg 696w, https:\/\/fuentesfidedignas.com.mx\/wp-content\/uploads\/2022\/08\/WhatsApp-Image-2022-08-16-at-12.32.37-PM-560x420.jpeg 560w, https:\/\/fuentesfidedignas.com.mx\/wp-content\/uploads\/2022\/08\/WhatsApp-Image-2022-08-16-at-12.32.37-PM-80x60.jpeg 80w, https:\/\/fuentesfidedignas.com.mx\/wp-content\/uploads\/2022\/08\/WhatsApp-Image-2022-08-16-at-12.32.37-PM-265x198.jpeg 265w\" sizes=\"(max-width: 1024px) 100vw, 1024px\" \/><\/figure>\n","protected":false},"excerpt":{"rendered":"<p>Este resultado es derivado del trabajo permanente que la SSP Sinaloa lleva a cabo en este municipio El Fuerte, Sin.- Tras patrullajes de reconocimiento en el municipio de El Fuerte, elementos de la Secretar\u00eda de la Defensa Nacional y Polic\u00eda Estatales que integran una Base de Operaciones Mixtas Urbanas (BOMU), localizaron una camioneta con reporte [&hellip;]<\/p>\n","protected":false},"author":4,"featured_media":39952,"comment_status":"open","ping_status":"open","sticky":false,"template":"","format":"standard","meta":{"tdm_status":"","tdm_grid_status":"","footnotes":""},"categories":[38],"tags":[],"class_list":{"0":"post-39950","1":"post","2":"type-post","3":"status-publish","4":"format-standard","5":"has-post-thumbnail","7":"category-noticias-locales"},"yoast_head":"<!-- This site is optimized with the Yoast SEO plugin v27.5 - https:\/\/yoast.com\/product\/yoast-seo-wordpress\/ -->\n<title>Aseguran armamento de grueso calibre y veh\u00edculo robado en El Fuerte - Fuentes Fidedignas<\/title>\n<meta name=\"robots\" content=\"index, follow, max-snippet:-1, max-image-preview:large, max-video-preview:-1\" \/>\n<link rel=\"canonical\" href=\"https:\/\/fuentesfidedignas.com.mx\/index.php\/2022\/08\/16\/aseguran-armamento-de-grueso-calibre-y-vehiculo-robado-en-el-fuerte\/\" \/>\n<meta property=\"og:locale\" content=\"es_MX\" \/>\n<meta property=\"og:type\" content=\"article\" \/>\n<meta property=\"og:title\" content=\"Aseguran armamento de grueso calibre y veh\u00edculo robado en El Fuerte - Fuentes Fidedignas\" \/>\n<meta property=\"og:description\" content=\"Este resultado es derivado del trabajo permanente que la SSP Sinaloa lleva a cabo en este municipio El Fuerte, Sin.- Tras patrullajes de reconocimiento en el municipio de El Fuerte, elementos de la Secretar\u00eda de la Defensa Nacional y Polic\u00eda Estatales que integran una Base de Operaciones Mixtas Urbanas (BOMU), localizaron una camioneta con reporte [&hellip;]\" \/>\n<meta property=\"og:url\" content=\"https:\/\/fuentesfidedignas.com.mx\/index.php\/2022\/08\/16\/aseguran-armamento-de-grueso-calibre-y-vehiculo-robado-en-el-fuerte\/\" \/>\n<meta property=\"og:site_name\" content=\"Fuentes Fidedignas\" \/>\n<meta property=\"article:publisher\" content=\"https:\/\/www.facebook.com\/Fuentes-Fidedignas-368234489921644\" \/>\n<meta property=\"article:published_time\" content=\"2022-08-16T19:25:06+00:00\" \/>\n<meta property=\"article:modified_time\" content=\"2022-08-16T19:25:07+00:00\" \/>\n<meta property=\"og:image\" content=\"https:\/\/fuentesfidedignas.com.mx\/wp-content\/uploads\/2022\/08\/WhatsApp-Image-2022-08-16-at-12.32.35-PM.jpeg\" \/>\n\t<meta property=\"og:image:width\" content=\"1024\" \/>\n\t<meta property=\"og:image:height\" content=\"768\" \/>\n\t<meta property=\"og:image:type\" content=\"image\/jpeg\" \/>\n<meta name=\"author\" content=\"Redacci\u00f3n\" \/>\n<meta name=\"twitter:card\" content=\"summary_large_image\" \/>\n<meta name=\"twitter:creator\" content=\"@fidedignas\" \/>\n<meta name=\"twitter:site\" content=\"@fidedignas\" \/>\n<meta name=\"twitter:label1\" content=\"Escrito por\" \/>\n\t<meta name=\"twitter:data1\" content=\"Redacci\u00f3n\" \/>\n\t<meta name=\"twitter:label2\" content=\"Tiempo de lectura\" \/>\n\t<meta name=\"twitter:data2\" content=\"2 minutos\" \/>\n<script type=\"application\/ld+json\" class=\"yoast-schema-graph\">{\"@context\":\"https:\\\/\\\/schema.org\",\"@graph\":[{\"@type\":\"Article\",\"@id\":\"https:\\\/\\\/fuentesfidedignas.com.mx\\\/index.php\\\/2022\\\/08\\\/16\\\/aseguran-armamento-de-grueso-calibre-y-vehiculo-robado-en-el-fuerte\\\/#article\",\"isPartOf\":{\"@id\":\"https:\\\/\\\/fuentesfidedignas.com.mx\\\/index.php\\\/2022\\\/08\\\/16\\\/aseguran-armamento-de-grueso-calibre-y-vehiculo-robado-en-el-fuerte\\\/\"},\"author\":{\"name\":\"Redacci\u00f3n\",\"@id\":\"https:\\\/\\\/fuentesfidedignas.com.mx\\\/#\\\/schema\\\/person\\\/331be9283d37198e2acd5750279085b0\"},\"headline\":\"Aseguran armamento de grueso calibre y veh\u00edculo robado en El Fuerte\",\"datePublished\":\"2022-08-16T19:25:06+00:00\",\"dateModified\":\"2022-08-16T19:25:07+00:00\",\"mainEntityOfPage\":{\"@id\":\"https:\\\/\\\/fuentesfidedignas.com.mx\\\/index.php\\\/2022\\\/08\\\/16\\\/aseguran-armamento-de-grueso-calibre-y-vehiculo-robado-en-el-fuerte\\\/\"},\"wordCount\":233,\"commentCount\":0,\"publisher\":{\"@id\":\"https:\\\/\\\/fuentesfidedignas.com.mx\\\/#organization\"},\"image\":{\"@id\":\"https:\\\/\\\/fuentesfidedignas.com.mx\\\/index.php\\\/2022\\\/08\\\/16\\\/aseguran-armamento-de-grueso-calibre-y-vehiculo-robado-en-el-fuerte\\\/#primaryimage\"},\"thumbnailUrl\":\"https:\\\/\\\/fuentesfidedignas.com.mx\\\/wp-content\\\/uploads\\\/2022\\\/08\\\/WhatsApp-Image-2022-08-16-at-12.32.35-PM.jpeg\",\"articleSection\":[\"NOTICIAS LOCALES\"],\"inLanguage\":\"es\",\"potentialAction\":[{\"@type\":\"CommentAction\",\"name\":\"Comment\",\"target\":[\"https:\\\/\\\/fuentesfidedignas.com.mx\\\/index.php\\\/2022\\\/08\\\/16\\\/aseguran-armamento-de-grueso-calibre-y-vehiculo-robado-en-el-fuerte\\\/#respond\"]}]},{\"@type\":\"WebPage\",\"@id\":\"https:\\\/\\\/fuentesfidedignas.com.mx\\\/index.php\\\/2022\\\/08\\\/16\\\/aseguran-armamento-de-grueso-calibre-y-vehiculo-robado-en-el-fuerte\\\/\",\"url\":\"https:\\\/\\\/fuentesfidedignas.com.mx\\\/index.php\\\/2022\\\/08\\\/16\\\/aseguran-armamento-de-grueso-calibre-y-vehiculo-robado-en-el-fuerte\\\/\",\"name\":\"Aseguran armamento de grueso calibre y veh\u00edculo robado en El Fuerte - Fuentes Fidedignas\",\"isPartOf\":{\"@id\":\"https:\\\/\\\/fuentesfidedignas.com.mx\\\/#website\"},\"primaryImageOfPage\":{\"@id\":\"https:\\\/\\\/fuentesfidedignas.com.mx\\\/index.php\\\/2022\\\/08\\\/16\\\/aseguran-armamento-de-grueso-calibre-y-vehiculo-robado-en-el-fuerte\\\/#primaryimage\"},\"image\":{\"@id\":\"https:\\\/\\\/fuentesfidedignas.com.mx\\\/index.php\\\/2022\\\/08\\\/16\\\/aseguran-armamento-de-grueso-calibre-y-vehiculo-robado-en-el-fuerte\\\/#primaryimage\"},\"thumbnailUrl\":\"https:\\\/\\\/fuentesfidedignas.com.mx\\\/wp-content\\\/uploads\\\/2022\\\/08\\\/WhatsApp-Image-2022-08-16-at-12.32.35-PM.jpeg\",\"datePublished\":\"2022-08-16T19:25:06+00:00\",\"dateModified\":\"2022-08-16T19:25:07+00:00\",\"breadcrumb\":{\"@id\":\"https:\\\/\\\/fuentesfidedignas.com.mx\\\/index.php\\\/2022\\\/08\\\/16\\\/aseguran-armamento-de-grueso-calibre-y-vehiculo-robado-en-el-fuerte\\\/#breadcrumb\"},\"inLanguage\":\"es\",\"potentialAction\":[{\"@type\":\"ReadAction\",\"target\":[\"https:\\\/\\\/fuentesfidedignas.com.mx\\\/index.php\\\/2022\\\/08\\\/16\\\/aseguran-armamento-de-grueso-calibre-y-vehiculo-robado-en-el-fuerte\\\/\"]}]},{\"@type\":\"ImageObject\",\"inLanguage\":\"es\",\"@id\":\"https:\\\/\\\/fuentesfidedignas.com.mx\\\/index.php\\\/2022\\\/08\\\/16\\\/aseguran-armamento-de-grueso-calibre-y-vehiculo-robado-en-el-fuerte\\\/#primaryimage\",\"url\":\"https:\\\/\\\/fuentesfidedignas.com.mx\\\/wp-content\\\/uploads\\\/2022\\\/08\\\/WhatsApp-Image-2022-08-16-at-12.32.35-PM.jpeg\",\"contentUrl\":\"https:\\\/\\\/fuentesfidedignas.com.mx\\\/wp-content\\\/uploads\\\/2022\\\/08\\\/WhatsApp-Image-2022-08-16-at-12.32.35-PM.jpeg\",\"width\":1024,\"height\":768},{\"@type\":\"BreadcrumbList\",\"@id\":\"https:\\\/\\\/fuentesfidedignas.com.mx\\\/index.php\\\/2022\\\/08\\\/16\\\/aseguran-armamento-de-grueso-calibre-y-vehiculo-robado-en-el-fuerte\\\/#breadcrumb\",\"itemListElement\":[{\"@type\":\"ListItem\",\"position\":1,\"name\":\"Inicio\",\"item\":\"https:\\\/\\\/fuentesfidedignas.com.mx\\\/\"},{\"@type\":\"ListItem\",\"position\":2,\"name\":\"Aseguran armamento de grueso calibre y veh\u00edculo robado en El Fuerte\"}]},{\"@type\":\"WebSite\",\"@id\":\"https:\\\/\\\/fuentesfidedignas.com.mx\\\/#website\",\"url\":\"https:\\\/\\\/fuentesfidedignas.com.mx\\\/\",\"name\":\"Fuentes Fidedignas\",\"description\":\"Otro sitio realizado con WordPress\",\"publisher\":{\"@id\":\"https:\\\/\\\/fuentesfidedignas.com.mx\\\/#organization\"},\"potentialAction\":[{\"@type\":\"SearchAction\",\"target\":{\"@type\":\"EntryPoint\",\"urlTemplate\":\"https:\\\/\\\/fuentesfidedignas.com.mx\\\/?s={search_term_string}\"},\"query-input\":{\"@type\":\"PropertyValueSpecification\",\"valueRequired\":true,\"valueName\":\"search_term_string\"}}],\"inLanguage\":\"es\"},{\"@type\":\"Organization\",\"@id\":\"https:\\\/\\\/fuentesfidedignas.com.mx\\\/#organization\",\"name\":\"Fuentes Fidedignas\",\"url\":\"https:\\\/\\\/fuentesfidedignas.com.mx\\\/\",\"logo\":{\"@type\":\"ImageObject\",\"inLanguage\":\"es\",\"@id\":\"https:\\\/\\\/fuentesfidedignas.com.mx\\\/#\\\/schema\\\/logo\\\/image\\\/\",\"url\":\"https:\\\/\\\/fuentesfidedignas.com.mx\\\/wp-content\\\/uploads\\\/2021\\\/04\\\/logo-retina.png\",\"contentUrl\":\"https:\\\/\\\/fuentesfidedignas.com.mx\\\/wp-content\\\/uploads\\\/2021\\\/04\\\/logo-retina.png\",\"width\":280,\"height\":51,\"caption\":\"Fuentes Fidedignas\"},\"image\":{\"@id\":\"https:\\\/\\\/fuentesfidedignas.com.mx\\\/#\\\/schema\\\/logo\\\/image\\\/\"},\"sameAs\":[\"https:\\\/\\\/www.facebook.com\\\/Fuentes-Fidedignas-368234489921644\",\"https:\\\/\\\/x.com\\\/fidedignas\"]},{\"@type\":\"Person\",\"@id\":\"https:\\\/\\\/fuentesfidedignas.com.mx\\\/#\\\/schema\\\/person\\\/331be9283d37198e2acd5750279085b0\",\"name\":\"Redacci\u00f3n\",\"image\":{\"@type\":\"ImageObject\",\"inLanguage\":\"es\",\"@id\":\"https:\\\/\\\/secure.gravatar.com\\\/avatar\\\/f6d8782c11d12b2d4ad3fbb6931aeab5309937a4d6cd2fc9cfaa28a6396a5aec?s=96&d=mm&r=g\",\"url\":\"https:\\\/\\\/secure.gravatar.com\\\/avatar\\\/f6d8782c11d12b2d4ad3fbb6931aeab5309937a4d6cd2fc9cfaa28a6396a5aec?s=96&d=mm&r=g\",\"contentUrl\":\"https:\\\/\\\/secure.gravatar.com\\\/avatar\\\/f6d8782c11d12b2d4ad3fbb6931aeab5309937a4d6cd2fc9cfaa28a6396a5aec?s=96&d=mm&r=g\",\"caption\":\"Redacci\u00f3n\"},\"url\":\"https:\\\/\\\/fuentesfidedignas.com.mx\\\/index.php\\\/author\\\/redaccion\\\/\"}]}<\/script>\n<!-- \/ Yoast SEO plugin. -->","yoast_head_json":{"title":"Aseguran armamento de grueso calibre y veh\u00edculo robado en El Fuerte - Fuentes Fidedignas","robots":{"index":"index","follow":"follow","max-snippet":"max-snippet:-1","max-image-preview":"max-image-preview:large","max-video-preview":"max-video-preview:-1"},"canonical":"https:\/\/fuentesfidedignas.com.mx\/index.php\/2022\/08\/16\/aseguran-armamento-de-grueso-calibre-y-vehiculo-robado-en-el-fuerte\/","og_locale":"es_MX","og_type":"article","og_title":"Aseguran armamento de grueso calibre y veh\u00edculo robado en El Fuerte - Fuentes Fidedignas","og_description":"Este resultado es derivado del trabajo permanente que la SSP Sinaloa lleva a cabo en este municipio El Fuerte, Sin.- Tras patrullajes de reconocimiento en el municipio de El Fuerte, elementos de la Secretar\u00eda de la Defensa Nacional y Polic\u00eda Estatales que integran una Base de Operaciones Mixtas Urbanas (BOMU), localizaron una camioneta con reporte [&hellip;]","og_url":"https:\/\/fuentesfidedignas.com.mx\/index.php\/2022\/08\/16\/aseguran-armamento-de-grueso-calibre-y-vehiculo-robado-en-el-fuerte\/","og_site_name":"Fuentes Fidedignas","article_publisher":"https:\/\/www.facebook.com\/Fuentes-Fidedignas-368234489921644","article_published_time":"2022-08-16T19:25:06+00:00","article_modified_time":"2022-08-16T19:25:07+00:00","og_image":[{"width":1024,"height":768,"url":"https:\/\/fuentesfidedignas.com.mx\/wp-content\/uploads\/2022\/08\/WhatsApp-Image-2022-08-16-at-12.32.35-PM.jpeg","type":"image\/jpeg"}],"author":"Redacci\u00f3n","twitter_card":"summary_large_image","twitter_creator":"@fidedignas","twitter_site":"@fidedignas","twitter_misc":{"Escrito por":"Redacci\u00f3n","Tiempo de lectura":"2 minutos"},"schema":{"@context":"https:\/\/schema.org","@graph":[{"@type":"Article","@id":"https:\/\/fuentesfidedignas.com.mx\/index.php\/2022\/08\/16\/aseguran-armamento-de-grueso-calibre-y-vehiculo-robado-en-el-fuerte\/#article","isPartOf":{"@id":"https:\/\/fuentesfidedignas.com.mx\/index.php\/2022\/08\/16\/aseguran-armamento-de-grueso-calibre-y-vehiculo-robado-en-el-fuerte\/"},"author":{"name":"Redacci\u00f3n","@id":"https:\/\/fuentesfidedignas.com.mx\/#\/schema\/person\/331be9283d37198e2acd5750279085b0"},"headline":"Aseguran armamento de grueso calibre y veh\u00edculo robado en El Fuerte","datePublished":"2022-08-16T19:25:06+00:00","dateModified":"2022-08-16T19:25:07+00:00","mainEntityOfPage":{"@id":"https:\/\/fuentesfidedignas.com.mx\/index.php\/2022\/08\/16\/aseguran-armamento-de-grueso-calibre-y-vehiculo-robado-en-el-fuerte\/"},"wordCount":233,"commentCount":0,"publisher":{"@id":"https:\/\/fuentesfidedignas.com.mx\/#organization"},"image":{"@id":"https:\/\/fuentesfidedignas.com.mx\/index.php\/2022\/08\/16\/aseguran-armamento-de-grueso-calibre-y-vehiculo-robado-en-el-fuerte\/#primaryimage"},"thumbnailUrl":"https:\/\/fuentesfidedignas.com.mx\/wp-content\/uploads\/2022\/08\/WhatsApp-Image-2022-08-16-at-12.32.35-PM.jpeg","articleSection":["NOTICIAS LOCALES"],"inLanguage":"es","potentialAction":[{"@type":"CommentAction","name":"Comment","target":["https:\/\/fuentesfidedignas.com.mx\/index.php\/2022\/08\/16\/aseguran-armamento-de-grueso-calibre-y-vehiculo-robado-en-el-fuerte\/#respond"]}]},{"@type":"WebPage","@id":"https:\/\/fuentesfidedignas.com.mx\/index.php\/2022\/08\/16\/aseguran-armamento-de-grueso-calibre-y-vehiculo-robado-en-el-fuerte\/","url":"https:\/\/fuentesfidedignas.com.mx\/index.php\/2022\/08\/16\/aseguran-armamento-de-grueso-calibre-y-vehiculo-robado-en-el-fuerte\/","name":"Aseguran armamento de grueso calibre y veh\u00edculo robado en El Fuerte - Fuentes Fidedignas","isPartOf":{"@id":"https:\/\/fuentesfidedignas.com.mx\/#website"},"primaryImageOfPage":{"@id":"https:\/\/fuentesfidedignas.com.mx\/index.php\/2022\/08\/16\/aseguran-armamento-de-grueso-calibre-y-vehiculo-robado-en-el-fuerte\/#primaryimage"},"image":{"@id":"https:\/\/fuentesfidedignas.com.mx\/index.php\/2022\/08\/16\/aseguran-armamento-de-grueso-calibre-y-vehiculo-robado-en-el-fuerte\/#primaryimage"},"thumbnailUrl":"https:\/\/fuentesfidedignas.com.mx\/wp-content\/uploads\/2022\/08\/WhatsApp-Image-2022-08-16-at-12.32.35-PM.jpeg","datePublished":"2022-08-16T19:25:06+00:00","dateModified":"2022-08-16T19:25:07+00:00","breadcrumb":{"@id":"https:\/\/fuentesfidedignas.com.mx\/index.php\/2022\/08\/16\/aseguran-armamento-de-grueso-calibre-y-vehiculo-robado-en-el-fuerte\/#breadcrumb"},"inLanguage":"es","potentialAction":[{"@type":"ReadAction","target":["https:\/\/fuentesfidedignas.com.mx\/index.php\/2022\/08\/16\/aseguran-armamento-de-grueso-calibre-y-vehiculo-robado-en-el-fuerte\/"]}]},{"@type":"ImageObject","inLanguage":"es","@id":"https:\/\/fuentesfidedignas.com.mx\/index.php\/2022\/08\/16\/aseguran-armamento-de-grueso-calibre-y-vehiculo-robado-en-el-fuerte\/#primaryimage","url":"https:\/\/fuentesfidedignas.com.mx\/wp-content\/uploads\/2022\/08\/WhatsApp-Image-2022-08-16-at-12.32.35-PM.jpeg","contentUrl":"https:\/\/fuentesfidedignas.com.mx\/wp-content\/uploads\/2022\/08\/WhatsApp-Image-2022-08-16-at-12.32.35-PM.jpeg","width":1024,"height":768},{"@type":"BreadcrumbList","@id":"https:\/\/fuentesfidedignas.com.mx\/index.php\/2022\/08\/16\/aseguran-armamento-de-grueso-calibre-y-vehiculo-robado-en-el-fuerte\/#breadcrumb","itemListElement":[{"@type":"ListItem","position":1,"name":"Inicio","item":"https:\/\/fuentesfidedignas.com.mx\/"},{"@type":"ListItem","position":2,"name":"Aseguran armamento de grueso calibre y veh\u00edculo robado en El Fuerte"}]},{"@type":"WebSite","@id":"https:\/\/fuentesfidedignas.com.mx\/#website","url":"https:\/\/fuentesfidedignas.com.mx\/","name":"Fuentes Fidedignas","description":"Otro sitio realizado con WordPress","publisher":{"@id":"https:\/\/fuentesfidedignas.com.mx\/#organization"},"potentialAction":[{"@type":"SearchAction","target":{"@type":"EntryPoint","urlTemplate":"https:\/\/fuentesfidedignas.com.mx\/?s={search_term_string}"},"query-input":{"@type":"PropertyValueSpecification","valueRequired":true,"valueName":"search_term_string"}}],"inLanguage":"es"},{"@type":"Organization","@id":"https:\/\/fuentesfidedignas.com.mx\/#organization","name":"Fuentes Fidedignas","url":"https:\/\/fuentesfidedignas.com.mx\/","logo":{"@type":"ImageObject","inLanguage":"es","@id":"https:\/\/fuentesfidedignas.com.mx\/#\/schema\/logo\/image\/","url":"https:\/\/fuentesfidedignas.com.mx\/wp-content\/uploads\/2021\/04\/logo-retina.png","contentUrl":"https:\/\/fuentesfidedignas.com.mx\/wp-content\/uploads\/2021\/04\/logo-retina.png","width":280,"height":51,"caption":"Fuentes Fidedignas"},"image":{"@id":"https:\/\/fuentesfidedignas.com.mx\/#\/schema\/logo\/image\/"},"sameAs":["https:\/\/www.facebook.com\/Fuentes-Fidedignas-368234489921644","https:\/\/x.com\/fidedignas"]},{"@type":"Person","@id":"https:\/\/fuentesfidedignas.com.mx\/#\/schema\/person\/331be9283d37198e2acd5750279085b0","name":"Redacci\u00f3n","image":{"@type":"ImageObject","inLanguage":"es","@id":"https:\/\/secure.gravatar.com\/avatar\/f6d8782c11d12b2d4ad3fbb6931aeab5309937a4d6cd2fc9cfaa28a6396a5aec?s=96&d=mm&r=g","url":"https:\/\/secure.gravatar.com\/avatar\/f6d8782c11d12b2d4ad3fbb6931aeab5309937a4d6cd2fc9cfaa28a6396a5aec?s=96&d=mm&r=g","contentUrl":"https:\/\/secure.gravatar.com\/avatar\/f6d8782c11d12b2d4ad3fbb6931aeab5309937a4d6cd2fc9cfaa28a6396a5aec?s=96&d=mm&r=g","caption":"Redacci\u00f3n"},"url":"https:\/\/fuentesfidedignas.com.mx\/index.php\/author\/redaccion\/"}]}},"_links":{"self":[{"href":"https:\/\/fuentesfidedignas.com.mx\/index.php\/wp-json\/wp\/v2\/posts\/39950","targetHints":{"allow":["GET"]}}],"collection":[{"href":"https:\/\/fuentesfidedignas.com.mx\/index.php\/wp-json\/wp\/v2\/posts"}],"about":[{"href":"https:\/\/fuentesfidedignas.com.mx\/index.php\/wp-json\/wp\/v2\/types\/post"}],"author":[{"embeddable":true,"href":"https:\/\/fuentesfidedignas.com.mx\/index.php\/wp-json\/wp\/v2\/users\/4"}],"replies":[{"embeddable":true,"href":"https:\/\/fuentesfidedignas.com.mx\/index.php\/wp-json\/wp\/v2\/comments?post=39950"}],"version-history":[{"count":1,"href":"https:\/\/fuentesfidedignas.com.mx\/index.php\/wp-json\/wp\/v2\/posts\/39950\/revisions"}],"predecessor-version":[{"id":39953,"href":"https:\/\/fuentesfidedignas.com.mx\/index.php\/wp-json\/wp\/v2\/posts\/39950\/revisions\/39953"}],"wp:featuredmedia":[{"embeddable":true,"href":"https:\/\/fuentesfidedignas.com.mx\/index.php\/wp-json\/wp\/v2\/media\/39952"}],"wp:attachment":[{"href":"https:\/\/fuentesfidedignas.com.mx\/index.php\/wp-json\/wp\/v2\/media?parent=39950"}],"wp:term":[{"taxonomy":"category","embeddable":true,"href":"https:\/\/fuentesfidedignas.com.mx\/index.php\/wp-json\/wp\/v2\/categories?post=39950"},{"taxonomy":"post_tag","embeddable":true,"href":"https:\/\/fuentesfidedignas.com.mx\/index.php\/wp-json\/wp\/v2\/tags?post=39950"}],"curies":[{"name":"wp","href":"https:\/\/api.w.org\/{rel}","templated":true}]}}