{"id":39872,"date":"2022-08-15T18:49:40","date_gmt":"2022-08-16T00:49:40","guid":{"rendered":"https:\/\/fuentesfidedignas.com.mx\/?p=39872"},"modified":"2022-08-15T18:58:18","modified_gmt":"2022-08-16T00:58:18","slug":"necesarios-nuevos-dialogos-con-la-sep-reaparece-elba-gordillo-tras-eleccion-de-leticia-ramirez","status":"publish","type":"post","link":"https:\/\/fuentesfidedignas.com.mx\/index.php\/2022\/08\/15\/necesarios-nuevos-dialogos-con-la-sep-reaparece-elba-gordillo-tras-eleccion-de-leticia-ramirez\/","title":{"rendered":"&#8220;Necesarios nuevos di\u00e1logos con la SEP&#8221;: reaparece Elba Gordillo tras elecci\u00f3n de Leticia Ram\u00edrez"},"content":{"rendered":"\n<p><strong><em>Elba Esther Gordillo se pronunci\u00f3 a favor de la existencia de las escuelas de tiempo completo, as\u00ed como a la alimentaci\u00f3n de las ni\u00f1as y de los ni\u00f1os en los planteles<\/em><\/strong><\/p>\n\n\n\n<p>Ciudad de M\u00e9xico.- La exlideresa del Sindicato Nacional de los Trabajadores de la Educaci\u00f3n, Elba Esther Gordillo, se pronunci\u00f3 a favor del di\u00e1logo con la nueva titular de la Secretar\u00eda de Educaci\u00f3n P\u00fablica (SEP), Leticia Ram\u00edrez Amaya, y a la existencia de las escuelas de tiempo completo, a la alimentaci\u00f3n de las ni\u00f1as y de los ni\u00f1os en los planteles y al horario ampliado.<\/p>\n\n\n\n<p>\u201cCon nuevos liderazgos, nuevos di\u00e1logos son necesarios en la @SEP_mx. #S\u00edx3: S\u00cd a las escuelas de tiempo completo; S\u00cd a la alimentaci\u00f3n de lxs ni\u00f1xs y; S\u00cd al horario ampliado que brinda prosperidad familiar y seguridad\u201d, escribi\u00f3 la pol\u00edtica chiapaneca en su cuenta de Twitter.<\/p>\n\n\n\n<p>La ma\u00f1ana de este lunes, el presidente Andr\u00e9s Manuel L\u00f3pez Obrador nombr\u00f3 a Leticia Ram\u00edrez Amaya como nueva secretaria de Educaci\u00f3n P\u00fablica en sustituci\u00f3n de Delfina G\u00f3mez \u00c1lvarez.<\/p>\n\n\n\n<p>\u201cLeti tiene como profesi\u00f3n ser maestra, dio clases 12 a\u00f1os igual que la maestra Delfina; maestras de aula durante mucho tiempo.<\/p>\n\n\n\n<p>\u201cNos conocemos desde hace 28 a\u00f1os. Es una gente de absoluta confianza, preparada, honesta; igual que la maestra Delfina, con convicciones. Fue adem\u00e1s dirigente en Secci\u00f3n IX del magisterio, tanto del SNTE como de la CNTE; entonces, es otra maestra la que va a estar a cargo de la SEP\u201d, dijo.<\/p>\n\n\n\n<figure class=\"wp-block-embed is-type-rich is-provider-twitter wp-block-embed-twitter\"><div class=\"wp-block-embed__wrapper\">\n<blockquote class=\"twitter-tweet\" data-width=\"550\" data-dnt=\"true\"><p lang=\"es\" dir=\"ltr\">Con nuevos liderazgos, nuevos di\u00e1logos son necesarios en la <a href=\"https:\/\/twitter.com\/SEP_mx?ref_src=twsrc%5Etfw\">@SEP_mx<\/a>. <a href=\"https:\/\/twitter.com\/hashtag\/S%C3%ADx3?src=hash&amp;ref_src=twsrc%5Etfw\">#S\u00edx3<\/a>: S\u00cd a las escuelas de tiempo completo; S\u00cd a la alimentaci\u00f3n de lxs ni\u00f1xs y; S\u00cd al horario ampliado que brinda prosperidad familiar y seguridad.<\/p>&mdash; Elba Esther Gordillo (@ElbaEsther_G) <a href=\"https:\/\/twitter.com\/ElbaEsther_G\/status\/1559303734785478656?ref_src=twsrc%5Etfw\">August 15, 2022<\/a><\/blockquote><script async src=\"https:\/\/platform.twitter.com\/widgets.js\" charset=\"utf-8\"><\/script>\n<\/div><figcaption>El primer mandatario se\u00f1al\u00f3 que Ram\u00edrez Amaya se desempe\u00f1\u00f3 hasta este d\u00eda como directora general de Atenci\u00f3n Ciudadana de la Presidencia de la Rep\u00fablica, a cargo de recibir y dar respuesta a peticiones y demandas de habitantes procedentes de todo el pa\u00eds, misma responsabilidad que encabez\u00f3 mientras el presidente L\u00f3pez Obrador estuvo al frente del gobierno de la Ciudad de M\u00e9xico.<br><br>Tras informar a los mexicanos que tom\u00f3 la decisi\u00f3n a ra\u00edz de que la secretaria saliente decidi\u00f3 aceptar otra tarea, agradeci\u00f3 a Delfina G\u00f3mez \u00c1lvarez por el tiempo que se desempe\u00f1\u00f3 como titular de la SEP, y dio a conocer que ma\u00f1ana presentar\u00e1 un informe de resultados.<\/figcaption><\/figure>\n","protected":false},"excerpt":{"rendered":"<p>Elba Esther Gordillo se pronunci\u00f3 a favor de la existencia de las escuelas de tiempo completo, as\u00ed como a la alimentaci\u00f3n de las ni\u00f1as y de los ni\u00f1os en los planteles Ciudad de M\u00e9xico.- La exlideresa del Sindicato Nacional de los Trabajadores de la Educaci\u00f3n, Elba Esther Gordillo, se pronunci\u00f3 a favor del di\u00e1logo con [&hellip;]<\/p>\n","protected":false},"author":39,"featured_media":23997,"comment_status":"open","ping_status":"open","sticky":false,"template":"","format":"standard","meta":{"tdm_status":"","tdm_grid_status":"","footnotes":""},"categories":[39],"tags":[],"class_list":{"0":"post-39872","1":"post","2":"type-post","3":"status-publish","4":"format-standard","5":"has-post-thumbnail","7":"category-noticias-nacionales"},"yoast_head":"<!-- This site is optimized with the Yoast SEO plugin v27.4 - https:\/\/yoast.com\/product\/yoast-seo-wordpress\/ -->\n<title>&quot;Necesarios nuevos di\u00e1logos con la SEP&quot;: reaparece Elba Gordillo tras elecci\u00f3n de Leticia Ram\u00edrez - Fuentes Fidedignas<\/title>\n<meta name=\"robots\" content=\"index, follow, max-snippet:-1, max-image-preview:large, max-video-preview:-1\" \/>\n<link rel=\"canonical\" href=\"https:\/\/fuentesfidedignas.com.mx\/index.php\/2022\/08\/15\/necesarios-nuevos-dialogos-con-la-sep-reaparece-elba-gordillo-tras-eleccion-de-leticia-ramirez\/\" \/>\n<meta property=\"og:locale\" content=\"es_MX\" \/>\n<meta property=\"og:type\" content=\"article\" \/>\n<meta property=\"og:title\" content=\"&quot;Necesarios nuevos di\u00e1logos con la SEP&quot;: reaparece Elba Gordillo tras elecci\u00f3n de Leticia Ram\u00edrez - Fuentes Fidedignas\" \/>\n<meta property=\"og:description\" content=\"Elba Esther Gordillo se pronunci\u00f3 a favor de la existencia de las escuelas de tiempo completo, as\u00ed como a la alimentaci\u00f3n de las ni\u00f1as y de los ni\u00f1os en los planteles Ciudad de M\u00e9xico.- La exlideresa del Sindicato Nacional de los Trabajadores de la Educaci\u00f3n, Elba Esther Gordillo, se pronunci\u00f3 a favor del di\u00e1logo con [&hellip;]\" \/>\n<meta property=\"og:url\" content=\"https:\/\/fuentesfidedignas.com.mx\/index.php\/2022\/08\/15\/necesarios-nuevos-dialogos-con-la-sep-reaparece-elba-gordillo-tras-eleccion-de-leticia-ramirez\/\" \/>\n<meta property=\"og:site_name\" content=\"Fuentes Fidedignas\" \/>\n<meta property=\"article:publisher\" content=\"https:\/\/www.facebook.com\/Fuentes-Fidedignas-368234489921644\" \/>\n<meta property=\"article:published_time\" content=\"2022-08-16T00:49:40+00:00\" \/>\n<meta property=\"article:modified_time\" content=\"2022-08-16T00:58:18+00:00\" \/>\n<meta property=\"og:image\" content=\"https:\/\/fuentesfidedignas.com.mx\/wp-content\/uploads\/2022\/02\/Elba-Esther-Gordillo-05-640x360-1.jpg\" \/>\n\t<meta property=\"og:image:width\" content=\"640\" \/>\n\t<meta property=\"og:image:height\" content=\"360\" \/>\n\t<meta property=\"og:image:type\" content=\"image\/jpeg\" \/>\n<meta name=\"author\" content=\"El Universal\" \/>\n<meta name=\"twitter:card\" content=\"summary_large_image\" \/>\n<meta name=\"twitter:creator\" content=\"@fidedignas\" \/>\n<meta name=\"twitter:site\" content=\"@fidedignas\" \/>\n<meta name=\"twitter:label1\" content=\"Escrito por\" \/>\n\t<meta name=\"twitter:data1\" content=\"El Universal\" \/>\n\t<meta name=\"twitter:label2\" content=\"Tiempo de lectura\" \/>\n\t<meta name=\"twitter:data2\" content=\"2 minutos\" \/>\n<script type=\"application\/ld+json\" class=\"yoast-schema-graph\">{\"@context\":\"https:\\\/\\\/schema.org\",\"@graph\":[{\"@type\":\"Article\",\"@id\":\"https:\\\/\\\/fuentesfidedignas.com.mx\\\/index.php\\\/2022\\\/08\\\/15\\\/necesarios-nuevos-dialogos-con-la-sep-reaparece-elba-gordillo-tras-eleccion-de-leticia-ramirez\\\/#article\",\"isPartOf\":{\"@id\":\"https:\\\/\\\/fuentesfidedignas.com.mx\\\/index.php\\\/2022\\\/08\\\/15\\\/necesarios-nuevos-dialogos-con-la-sep-reaparece-elba-gordillo-tras-eleccion-de-leticia-ramirez\\\/\"},\"author\":{\"name\":\"El Universal\",\"@id\":\"https:\\\/\\\/fuentesfidedignas.com.mx\\\/#\\\/schema\\\/person\\\/fee3882e65fd0510d292c43a346d35d7\"},\"headline\":\"&#8220;Necesarios nuevos di\u00e1logos con la SEP&#8221;: reaparece Elba Gordillo tras elecci\u00f3n de Leticia Ram\u00edrez\",\"datePublished\":\"2022-08-16T00:49:40+00:00\",\"dateModified\":\"2022-08-16T00:58:18+00:00\",\"mainEntityOfPage\":{\"@id\":\"https:\\\/\\\/fuentesfidedignas.com.mx\\\/index.php\\\/2022\\\/08\\\/15\\\/necesarios-nuevos-dialogos-con-la-sep-reaparece-elba-gordillo-tras-eleccion-de-leticia-ramirez\\\/\"},\"wordCount\":448,\"commentCount\":0,\"publisher\":{\"@id\":\"https:\\\/\\\/fuentesfidedignas.com.mx\\\/#organization\"},\"image\":{\"@id\":\"https:\\\/\\\/fuentesfidedignas.com.mx\\\/index.php\\\/2022\\\/08\\\/15\\\/necesarios-nuevos-dialogos-con-la-sep-reaparece-elba-gordillo-tras-eleccion-de-leticia-ramirez\\\/#primaryimage\"},\"thumbnailUrl\":\"https:\\\/\\\/fuentesfidedignas.com.mx\\\/wp-content\\\/uploads\\\/2022\\\/02\\\/Elba-Esther-Gordillo-05-640x360-1.jpg\",\"articleSection\":[\"NOTICIAS NACIONALES\"],\"inLanguage\":\"es\",\"potentialAction\":[{\"@type\":\"CommentAction\",\"name\":\"Comment\",\"target\":[\"https:\\\/\\\/fuentesfidedignas.com.mx\\\/index.php\\\/2022\\\/08\\\/15\\\/necesarios-nuevos-dialogos-con-la-sep-reaparece-elba-gordillo-tras-eleccion-de-leticia-ramirez\\\/#respond\"]}]},{\"@type\":\"WebPage\",\"@id\":\"https:\\\/\\\/fuentesfidedignas.com.mx\\\/index.php\\\/2022\\\/08\\\/15\\\/necesarios-nuevos-dialogos-con-la-sep-reaparece-elba-gordillo-tras-eleccion-de-leticia-ramirez\\\/\",\"url\":\"https:\\\/\\\/fuentesfidedignas.com.mx\\\/index.php\\\/2022\\\/08\\\/15\\\/necesarios-nuevos-dialogos-con-la-sep-reaparece-elba-gordillo-tras-eleccion-de-leticia-ramirez\\\/\",\"name\":\"\\\"Necesarios nuevos di\u00e1logos con la SEP\\\": reaparece Elba Gordillo tras elecci\u00f3n de Leticia Ram\u00edrez - Fuentes Fidedignas\",\"isPartOf\":{\"@id\":\"https:\\\/\\\/fuentesfidedignas.com.mx\\\/#website\"},\"primaryImageOfPage\":{\"@id\":\"https:\\\/\\\/fuentesfidedignas.com.mx\\\/index.php\\\/2022\\\/08\\\/15\\\/necesarios-nuevos-dialogos-con-la-sep-reaparece-elba-gordillo-tras-eleccion-de-leticia-ramirez\\\/#primaryimage\"},\"image\":{\"@id\":\"https:\\\/\\\/fuentesfidedignas.com.mx\\\/index.php\\\/2022\\\/08\\\/15\\\/necesarios-nuevos-dialogos-con-la-sep-reaparece-elba-gordillo-tras-eleccion-de-leticia-ramirez\\\/#primaryimage\"},\"thumbnailUrl\":\"https:\\\/\\\/fuentesfidedignas.com.mx\\\/wp-content\\\/uploads\\\/2022\\\/02\\\/Elba-Esther-Gordillo-05-640x360-1.jpg\",\"datePublished\":\"2022-08-16T00:49:40+00:00\",\"dateModified\":\"2022-08-16T00:58:18+00:00\",\"breadcrumb\":{\"@id\":\"https:\\\/\\\/fuentesfidedignas.com.mx\\\/index.php\\\/2022\\\/08\\\/15\\\/necesarios-nuevos-dialogos-con-la-sep-reaparece-elba-gordillo-tras-eleccion-de-leticia-ramirez\\\/#breadcrumb\"},\"inLanguage\":\"es\",\"potentialAction\":[{\"@type\":\"ReadAction\",\"target\":[\"https:\\\/\\\/fuentesfidedignas.com.mx\\\/index.php\\\/2022\\\/08\\\/15\\\/necesarios-nuevos-dialogos-con-la-sep-reaparece-elba-gordillo-tras-eleccion-de-leticia-ramirez\\\/\"]}]},{\"@type\":\"ImageObject\",\"inLanguage\":\"es\",\"@id\":\"https:\\\/\\\/fuentesfidedignas.com.mx\\\/index.php\\\/2022\\\/08\\\/15\\\/necesarios-nuevos-dialogos-con-la-sep-reaparece-elba-gordillo-tras-eleccion-de-leticia-ramirez\\\/#primaryimage\",\"url\":\"https:\\\/\\\/fuentesfidedignas.com.mx\\\/wp-content\\\/uploads\\\/2022\\\/02\\\/Elba-Esther-Gordillo-05-640x360-1.jpg\",\"contentUrl\":\"https:\\\/\\\/fuentesfidedignas.com.mx\\\/wp-content\\\/uploads\\\/2022\\\/02\\\/Elba-Esther-Gordillo-05-640x360-1.jpg\",\"width\":640,\"height\":360},{\"@type\":\"BreadcrumbList\",\"@id\":\"https:\\\/\\\/fuentesfidedignas.com.mx\\\/index.php\\\/2022\\\/08\\\/15\\\/necesarios-nuevos-dialogos-con-la-sep-reaparece-elba-gordillo-tras-eleccion-de-leticia-ramirez\\\/#breadcrumb\",\"itemListElement\":[{\"@type\":\"ListItem\",\"position\":1,\"name\":\"Inicio\",\"item\":\"https:\\\/\\\/fuentesfidedignas.com.mx\\\/\"},{\"@type\":\"ListItem\",\"position\":2,\"name\":\"&#8220;Necesarios nuevos di\u00e1logos con la SEP&#8221;: reaparece Elba Gordillo tras elecci\u00f3n de Leticia Ram\u00edrez\"}]},{\"@type\":\"WebSite\",\"@id\":\"https:\\\/\\\/fuentesfidedignas.com.mx\\\/#website\",\"url\":\"https:\\\/\\\/fuentesfidedignas.com.mx\\\/\",\"name\":\"Fuentes Fidedignas\",\"description\":\"Otro sitio realizado con WordPress\",\"publisher\":{\"@id\":\"https:\\\/\\\/fuentesfidedignas.com.mx\\\/#organization\"},\"potentialAction\":[{\"@type\":\"SearchAction\",\"target\":{\"@type\":\"EntryPoint\",\"urlTemplate\":\"https:\\\/\\\/fuentesfidedignas.com.mx\\\/?s={search_term_string}\"},\"query-input\":{\"@type\":\"PropertyValueSpecification\",\"valueRequired\":true,\"valueName\":\"search_term_string\"}}],\"inLanguage\":\"es\"},{\"@type\":\"Organization\",\"@id\":\"https:\\\/\\\/fuentesfidedignas.com.mx\\\/#organization\",\"name\":\"Fuentes Fidedignas\",\"url\":\"https:\\\/\\\/fuentesfidedignas.com.mx\\\/\",\"logo\":{\"@type\":\"ImageObject\",\"inLanguage\":\"es\",\"@id\":\"https:\\\/\\\/fuentesfidedignas.com.mx\\\/#\\\/schema\\\/logo\\\/image\\\/\",\"url\":\"https:\\\/\\\/fuentesfidedignas.com.mx\\\/wp-content\\\/uploads\\\/2021\\\/04\\\/logo-retina.png\",\"contentUrl\":\"https:\\\/\\\/fuentesfidedignas.com.mx\\\/wp-content\\\/uploads\\\/2021\\\/04\\\/logo-retina.png\",\"width\":280,\"height\":51,\"caption\":\"Fuentes Fidedignas\"},\"image\":{\"@id\":\"https:\\\/\\\/fuentesfidedignas.com.mx\\\/#\\\/schema\\\/logo\\\/image\\\/\"},\"sameAs\":[\"https:\\\/\\\/www.facebook.com\\\/Fuentes-Fidedignas-368234489921644\",\"https:\\\/\\\/x.com\\\/fidedignas\"]},{\"@type\":\"Person\",\"@id\":\"https:\\\/\\\/fuentesfidedignas.com.mx\\\/#\\\/schema\\\/person\\\/fee3882e65fd0510d292c43a346d35d7\",\"name\":\"El Universal\",\"image\":{\"@type\":\"ImageObject\",\"inLanguage\":\"es\",\"@id\":\"https:\\\/\\\/secure.gravatar.com\\\/avatar\\\/1ebc94d82b6c3c081781f73e5b76a0d0c1ac7bf8e57426f18802246eeaa2747c?s=96&d=mm&r=g\",\"url\":\"https:\\\/\\\/secure.gravatar.com\\\/avatar\\\/1ebc94d82b6c3c081781f73e5b76a0d0c1ac7bf8e57426f18802246eeaa2747c?s=96&d=mm&r=g\",\"contentUrl\":\"https:\\\/\\\/secure.gravatar.com\\\/avatar\\\/1ebc94d82b6c3c081781f73e5b76a0d0c1ac7bf8e57426f18802246eeaa2747c?s=96&d=mm&r=g\",\"caption\":\"El Universal\"},\"url\":\"https:\\\/\\\/fuentesfidedignas.com.mx\\\/index.php\\\/author\\\/el-universal\\\/\"}]}<\/script>\n<!-- \/ Yoast SEO plugin. -->","yoast_head_json":{"title":"\"Necesarios nuevos di\u00e1logos con la SEP\": reaparece Elba Gordillo tras elecci\u00f3n de Leticia Ram\u00edrez - Fuentes Fidedignas","robots":{"index":"index","follow":"follow","max-snippet":"max-snippet:-1","max-image-preview":"max-image-preview:large","max-video-preview":"max-video-preview:-1"},"canonical":"https:\/\/fuentesfidedignas.com.mx\/index.php\/2022\/08\/15\/necesarios-nuevos-dialogos-con-la-sep-reaparece-elba-gordillo-tras-eleccion-de-leticia-ramirez\/","og_locale":"es_MX","og_type":"article","og_title":"\"Necesarios nuevos di\u00e1logos con la SEP\": reaparece Elba Gordillo tras elecci\u00f3n de Leticia Ram\u00edrez - Fuentes Fidedignas","og_description":"Elba Esther Gordillo se pronunci\u00f3 a favor de la existencia de las escuelas de tiempo completo, as\u00ed como a la alimentaci\u00f3n de las ni\u00f1as y de los ni\u00f1os en los planteles Ciudad de M\u00e9xico.- La exlideresa del Sindicato Nacional de los Trabajadores de la Educaci\u00f3n, Elba Esther Gordillo, se pronunci\u00f3 a favor del di\u00e1logo con [&hellip;]","og_url":"https:\/\/fuentesfidedignas.com.mx\/index.php\/2022\/08\/15\/necesarios-nuevos-dialogos-con-la-sep-reaparece-elba-gordillo-tras-eleccion-de-leticia-ramirez\/","og_site_name":"Fuentes Fidedignas","article_publisher":"https:\/\/www.facebook.com\/Fuentes-Fidedignas-368234489921644","article_published_time":"2022-08-16T00:49:40+00:00","article_modified_time":"2022-08-16T00:58:18+00:00","og_image":[{"width":640,"height":360,"url":"https:\/\/fuentesfidedignas.com.mx\/wp-content\/uploads\/2022\/02\/Elba-Esther-Gordillo-05-640x360-1.jpg","type":"image\/jpeg"}],"author":"El Universal","twitter_card":"summary_large_image","twitter_creator":"@fidedignas","twitter_site":"@fidedignas","twitter_misc":{"Escrito por":"El Universal","Tiempo de lectura":"2 minutos"},"schema":{"@context":"https:\/\/schema.org","@graph":[{"@type":"Article","@id":"https:\/\/fuentesfidedignas.com.mx\/index.php\/2022\/08\/15\/necesarios-nuevos-dialogos-con-la-sep-reaparece-elba-gordillo-tras-eleccion-de-leticia-ramirez\/#article","isPartOf":{"@id":"https:\/\/fuentesfidedignas.com.mx\/index.php\/2022\/08\/15\/necesarios-nuevos-dialogos-con-la-sep-reaparece-elba-gordillo-tras-eleccion-de-leticia-ramirez\/"},"author":{"name":"El Universal","@id":"https:\/\/fuentesfidedignas.com.mx\/#\/schema\/person\/fee3882e65fd0510d292c43a346d35d7"},"headline":"&#8220;Necesarios nuevos di\u00e1logos con la SEP&#8221;: reaparece Elba Gordillo tras elecci\u00f3n de Leticia Ram\u00edrez","datePublished":"2022-08-16T00:49:40+00:00","dateModified":"2022-08-16T00:58:18+00:00","mainEntityOfPage":{"@id":"https:\/\/fuentesfidedignas.com.mx\/index.php\/2022\/08\/15\/necesarios-nuevos-dialogos-con-la-sep-reaparece-elba-gordillo-tras-eleccion-de-leticia-ramirez\/"},"wordCount":448,"commentCount":0,"publisher":{"@id":"https:\/\/fuentesfidedignas.com.mx\/#organization"},"image":{"@id":"https:\/\/fuentesfidedignas.com.mx\/index.php\/2022\/08\/15\/necesarios-nuevos-dialogos-con-la-sep-reaparece-elba-gordillo-tras-eleccion-de-leticia-ramirez\/#primaryimage"},"thumbnailUrl":"https:\/\/fuentesfidedignas.com.mx\/wp-content\/uploads\/2022\/02\/Elba-Esther-Gordillo-05-640x360-1.jpg","articleSection":["NOTICIAS NACIONALES"],"inLanguage":"es","potentialAction":[{"@type":"CommentAction","name":"Comment","target":["https:\/\/fuentesfidedignas.com.mx\/index.php\/2022\/08\/15\/necesarios-nuevos-dialogos-con-la-sep-reaparece-elba-gordillo-tras-eleccion-de-leticia-ramirez\/#respond"]}]},{"@type":"WebPage","@id":"https:\/\/fuentesfidedignas.com.mx\/index.php\/2022\/08\/15\/necesarios-nuevos-dialogos-con-la-sep-reaparece-elba-gordillo-tras-eleccion-de-leticia-ramirez\/","url":"https:\/\/fuentesfidedignas.com.mx\/index.php\/2022\/08\/15\/necesarios-nuevos-dialogos-con-la-sep-reaparece-elba-gordillo-tras-eleccion-de-leticia-ramirez\/","name":"\"Necesarios nuevos di\u00e1logos con la SEP\": reaparece Elba Gordillo tras elecci\u00f3n de Leticia Ram\u00edrez - Fuentes Fidedignas","isPartOf":{"@id":"https:\/\/fuentesfidedignas.com.mx\/#website"},"primaryImageOfPage":{"@id":"https:\/\/fuentesfidedignas.com.mx\/index.php\/2022\/08\/15\/necesarios-nuevos-dialogos-con-la-sep-reaparece-elba-gordillo-tras-eleccion-de-leticia-ramirez\/#primaryimage"},"image":{"@id":"https:\/\/fuentesfidedignas.com.mx\/index.php\/2022\/08\/15\/necesarios-nuevos-dialogos-con-la-sep-reaparece-elba-gordillo-tras-eleccion-de-leticia-ramirez\/#primaryimage"},"thumbnailUrl":"https:\/\/fuentesfidedignas.com.mx\/wp-content\/uploads\/2022\/02\/Elba-Esther-Gordillo-05-640x360-1.jpg","datePublished":"2022-08-16T00:49:40+00:00","dateModified":"2022-08-16T00:58:18+00:00","breadcrumb":{"@id":"https:\/\/fuentesfidedignas.com.mx\/index.php\/2022\/08\/15\/necesarios-nuevos-dialogos-con-la-sep-reaparece-elba-gordillo-tras-eleccion-de-leticia-ramirez\/#breadcrumb"},"inLanguage":"es","potentialAction":[{"@type":"ReadAction","target":["https:\/\/fuentesfidedignas.com.mx\/index.php\/2022\/08\/15\/necesarios-nuevos-dialogos-con-la-sep-reaparece-elba-gordillo-tras-eleccion-de-leticia-ramirez\/"]}]},{"@type":"ImageObject","inLanguage":"es","@id":"https:\/\/fuentesfidedignas.com.mx\/index.php\/2022\/08\/15\/necesarios-nuevos-dialogos-con-la-sep-reaparece-elba-gordillo-tras-eleccion-de-leticia-ramirez\/#primaryimage","url":"https:\/\/fuentesfidedignas.com.mx\/wp-content\/uploads\/2022\/02\/Elba-Esther-Gordillo-05-640x360-1.jpg","contentUrl":"https:\/\/fuentesfidedignas.com.mx\/wp-content\/uploads\/2022\/02\/Elba-Esther-Gordillo-05-640x360-1.jpg","width":640,"height":360},{"@type":"BreadcrumbList","@id":"https:\/\/fuentesfidedignas.com.mx\/index.php\/2022\/08\/15\/necesarios-nuevos-dialogos-con-la-sep-reaparece-elba-gordillo-tras-eleccion-de-leticia-ramirez\/#breadcrumb","itemListElement":[{"@type":"ListItem","position":1,"name":"Inicio","item":"https:\/\/fuentesfidedignas.com.mx\/"},{"@type":"ListItem","position":2,"name":"&#8220;Necesarios nuevos di\u00e1logos con la SEP&#8221;: reaparece Elba Gordillo tras elecci\u00f3n de Leticia Ram\u00edrez"}]},{"@type":"WebSite","@id":"https:\/\/fuentesfidedignas.com.mx\/#website","url":"https:\/\/fuentesfidedignas.com.mx\/","name":"Fuentes Fidedignas","description":"Otro sitio realizado con WordPress","publisher":{"@id":"https:\/\/fuentesfidedignas.com.mx\/#organization"},"potentialAction":[{"@type":"SearchAction","target":{"@type":"EntryPoint","urlTemplate":"https:\/\/fuentesfidedignas.com.mx\/?s={search_term_string}"},"query-input":{"@type":"PropertyValueSpecification","valueRequired":true,"valueName":"search_term_string"}}],"inLanguage":"es"},{"@type":"Organization","@id":"https:\/\/fuentesfidedignas.com.mx\/#organization","name":"Fuentes Fidedignas","url":"https:\/\/fuentesfidedignas.com.mx\/","logo":{"@type":"ImageObject","inLanguage":"es","@id":"https:\/\/fuentesfidedignas.com.mx\/#\/schema\/logo\/image\/","url":"https:\/\/fuentesfidedignas.com.mx\/wp-content\/uploads\/2021\/04\/logo-retina.png","contentUrl":"https:\/\/fuentesfidedignas.com.mx\/wp-content\/uploads\/2021\/04\/logo-retina.png","width":280,"height":51,"caption":"Fuentes Fidedignas"},"image":{"@id":"https:\/\/fuentesfidedignas.com.mx\/#\/schema\/logo\/image\/"},"sameAs":["https:\/\/www.facebook.com\/Fuentes-Fidedignas-368234489921644","https:\/\/x.com\/fidedignas"]},{"@type":"Person","@id":"https:\/\/fuentesfidedignas.com.mx\/#\/schema\/person\/fee3882e65fd0510d292c43a346d35d7","name":"El Universal","image":{"@type":"ImageObject","inLanguage":"es","@id":"https:\/\/secure.gravatar.com\/avatar\/1ebc94d82b6c3c081781f73e5b76a0d0c1ac7bf8e57426f18802246eeaa2747c?s=96&d=mm&r=g","url":"https:\/\/secure.gravatar.com\/avatar\/1ebc94d82b6c3c081781f73e5b76a0d0c1ac7bf8e57426f18802246eeaa2747c?s=96&d=mm&r=g","contentUrl":"https:\/\/secure.gravatar.com\/avatar\/1ebc94d82b6c3c081781f73e5b76a0d0c1ac7bf8e57426f18802246eeaa2747c?s=96&d=mm&r=g","caption":"El Universal"},"url":"https:\/\/fuentesfidedignas.com.mx\/index.php\/author\/el-universal\/"}]}},"_links":{"self":[{"href":"https:\/\/fuentesfidedignas.com.mx\/index.php\/wp-json\/wp\/v2\/posts\/39872","targetHints":{"allow":["GET"]}}],"collection":[{"href":"https:\/\/fuentesfidedignas.com.mx\/index.php\/wp-json\/wp\/v2\/posts"}],"about":[{"href":"https:\/\/fuentesfidedignas.com.mx\/index.php\/wp-json\/wp\/v2\/types\/post"}],"author":[{"embeddable":true,"href":"https:\/\/fuentesfidedignas.com.mx\/index.php\/wp-json\/wp\/v2\/users\/39"}],"replies":[{"embeddable":true,"href":"https:\/\/fuentesfidedignas.com.mx\/index.php\/wp-json\/wp\/v2\/comments?post=39872"}],"version-history":[{"count":3,"href":"https:\/\/fuentesfidedignas.com.mx\/index.php\/wp-json\/wp\/v2\/posts\/39872\/revisions"}],"predecessor-version":[{"id":39876,"href":"https:\/\/fuentesfidedignas.com.mx\/index.php\/wp-json\/wp\/v2\/posts\/39872\/revisions\/39876"}],"wp:featuredmedia":[{"embeddable":true,"href":"https:\/\/fuentesfidedignas.com.mx\/index.php\/wp-json\/wp\/v2\/media\/23997"}],"wp:attachment":[{"href":"https:\/\/fuentesfidedignas.com.mx\/index.php\/wp-json\/wp\/v2\/media?parent=39872"}],"wp:term":[{"taxonomy":"category","embeddable":true,"href":"https:\/\/fuentesfidedignas.com.mx\/index.php\/wp-json\/wp\/v2\/categories?post=39872"},{"taxonomy":"post_tag","embeddable":true,"href":"https:\/\/fuentesfidedignas.com.mx\/index.php\/wp-json\/wp\/v2\/tags?post=39872"}],"curies":[{"name":"wp","href":"https:\/\/api.w.org\/{rel}","templated":true}]}}