{"id":39853,"date":"2022-08-15T15:28:40","date_gmt":"2022-08-15T21:28:40","guid":{"rendered":"https:\/\/fuentesfidedignas.com.mx\/?p=39853"},"modified":"2022-08-15T15:28:42","modified_gmt":"2022-08-15T21:28:42","slug":"la-sociedad-interamericana-de-prensa-urge-a-amlo-frenar-violencia-contra-periodistas","status":"publish","type":"post","link":"https:\/\/fuentesfidedignas.com.mx\/index.php\/2022\/08\/15\/la-sociedad-interamericana-de-prensa-urge-a-amlo-frenar-violencia-contra-periodistas\/","title":{"rendered":"La Sociedad Interamericana de Prensa urge a AMLO frenar violencia contra periodistas"},"content":{"rendered":"\n<p><strong><em>El pasado 11 de agosto fue asesinado el periodista Allan Gonz\u00e1lez; era locutora del programa radial Switch 105.9 FM.<\/em><\/strong><\/p>\n\n\n\n<p>Ciudad de M\u00e9xico.- La Sociedad Interamericana de Prensa (SIP) pidi\u00f3 este lunes al presidente mexicano, Andr\u00e9s Manuel L\u00f3pez Obrador, medidas urgentes contra la violencia creciente que sufren los medios de comunicaci\u00f3n en el pa\u00eds tras el asesinato de cuatro trabajadores de Mega Radio Networks en Ciudad Ju\u00e1rez.<\/p>\n\n\n\n<p>El presidente de la SIP, Jorge Canahuati, y el titular de la Comisi\u00f3n de Libertad de Prensa e Informaci\u00f3n de la organizaci\u00f3n, Carlos Jornet, pidieron al Gobierno del pa\u00eds norteamericano que ponga en marcha medidas inmediatas para atajar el problema.<\/p>\n\n\n\n<p>\u201cYa es hora de que el gobierno del presidente Andr\u00e9s Manuel L\u00f3pez Obrador establezca de forma urgente medidas concretas para frenar la violencia, la impunidad de esos cr\u00edmenes y garantizar la protecci\u00f3n de los periodistas durante el ejercicio del oficio\u201d, subrayaron en un comunicado.<\/p>\n\n\n\n<p>La petici\u00f3n al Ejecutivo mexicano llega despu\u00e9s de que el pasado 11 de agosto fueran asesinados Allan Gonz\u00e1lez, locutor del programa radial Switch 105.9 FM; Lino Flores, del \u00e1rea de Promociones; Armando Guerrero, gerente de Operaciones, y Alex Arriaga, guardaespaldas.<\/p>\n\n\n\n<p>El equipo de la radio transmit\u00eda en vivo desde el estacionamiento de una pizzer\u00eda en Ciudad Ju\u00e1rez, en el estado de Chihuahua, cuando miembros del crimen organizado perpetraron ataques violentos contra civiles y comercios en la ciudad.<\/p>\n\n\n\n<p>\u201cNos sumamos a la condena general y consternaci\u00f3n de estos nuevos cr\u00edmenes, que ponen en evidencia el estado de terror en el que vive la ciudadan\u00eda y que afecta de forma particular a la prensa mexicana\u201d, dijo Canahuati, que es presidente ejecutivo de Grupo Opsa.<\/p>\n\n\n\n<p>De acuerdo con medios locales, varios sicarios se bajaron de una camioneta y dispararon contra los clientes de la pizzer\u00eda y al ver la camioneta de la emisora se dirigieron a los empleados de Mega Radio Networks.<\/p>\n\n\n\n<p>\u201cUrgimos a las autoridades a investigar el crimen de forma expedita y profunda, para dar con los responsables y llevarlos ante la justicia\u201d, se\u00f1al\u00f3 por su parte Jornet, que es director period\u00edstico del diario argentino La Voz del Interior.<\/p>\n\n\n\n<p>Tambi\u00e9n lament\u00f3 que M\u00e9xico \u201cse haya convertido en un ejemplo a no seguir, en cuanto a la atenci\u00f3n de los asesinatos contra periodistas\u201d.<\/p>\n\n\n\n<p>La SIP recuerda que M\u00e9xico atraviesa uno de los a\u00f1os m\u00e1s sangrientos para la prensa, ya que adem\u00e1s de los cuatro profesionales de Mega Radio ultimados la semana pasada otros 13 periodistas fueron asesinados en el pa\u00eds en lo que va de 2022.<\/p>\n\n\n\n<p>La lista incluye a Ernesto M\u00e9ndez, Antonio de la Cruz, Sheila Johana Garc\u00eda Olivera, Yessenia Mollinedo Falconi, Luis Enrique Ram\u00edrez, Armando Linares, Juan Carlos Mu\u00f1iz, Jorge Camero, Heber L\u00f3pez V\u00e1squez, Roberto Toledo, Lourdes Maldonado, Margarito Mart\u00ednez y Jos\u00e9 Luis Gamboa.<\/p>\n\n\n\n<p>La SIP, con sede en Miami (Florida), concedi\u00f3 de forma p\u00f3stuma su Gran Premio a la Libertad de Prensa 2022 a los periodistas ca\u00eddos en el ejercicio de su profesi\u00f3n en M\u00e9xico desde octubre de 2021.<\/p>\n","protected":false},"excerpt":{"rendered":"<p>El pasado 11 de agosto fue asesinado el periodista Allan Gonz\u00e1lez; era locutora del programa radial Switch 105.9 FM. Ciudad de M\u00e9xico.- La Sociedad Interamericana de Prensa (SIP) pidi\u00f3 este lunes al presidente mexicano, Andr\u00e9s Manuel L\u00f3pez Obrador, medidas urgentes contra la violencia creciente que sufren los medios de comunicaci\u00f3n en el pa\u00eds tras el [&hellip;]<\/p>\n","protected":false},"author":5,"featured_media":39854,"comment_status":"open","ping_status":"open","sticky":false,"template":"","format":"standard","meta":{"tdm_status":"","tdm_grid_status":"","footnotes":""},"categories":[39],"tags":[],"class_list":{"0":"post-39853","1":"post","2":"type-post","3":"status-publish","4":"format-standard","5":"has-post-thumbnail","7":"category-noticias-nacionales"},"yoast_head":"<!-- This site is optimized with the Yoast SEO plugin v27.4 - https:\/\/yoast.com\/product\/yoast-seo-wordpress\/ -->\n<title>La Sociedad Interamericana de Prensa urge a AMLO frenar violencia contra periodistas - Fuentes Fidedignas<\/title>\n<meta name=\"robots\" content=\"index, follow, max-snippet:-1, max-image-preview:large, max-video-preview:-1\" \/>\n<link rel=\"canonical\" href=\"https:\/\/fuentesfidedignas.com.mx\/index.php\/2022\/08\/15\/la-sociedad-interamericana-de-prensa-urge-a-amlo-frenar-violencia-contra-periodistas\/\" \/>\n<meta property=\"og:locale\" content=\"es_MX\" \/>\n<meta property=\"og:type\" content=\"article\" \/>\n<meta property=\"og:title\" content=\"La Sociedad Interamericana de Prensa urge a AMLO frenar violencia contra periodistas - Fuentes Fidedignas\" \/>\n<meta property=\"og:description\" content=\"El pasado 11 de agosto fue asesinado el periodista Allan Gonz\u00e1lez; era locutora del programa radial Switch 105.9 FM. Ciudad de M\u00e9xico.- La Sociedad Interamericana de Prensa (SIP) pidi\u00f3 este lunes al presidente mexicano, Andr\u00e9s Manuel L\u00f3pez Obrador, medidas urgentes contra la violencia creciente que sufren los medios de comunicaci\u00f3n en el pa\u00eds tras el [&hellip;]\" \/>\n<meta property=\"og:url\" content=\"https:\/\/fuentesfidedignas.com.mx\/index.php\/2022\/08\/15\/la-sociedad-interamericana-de-prensa-urge-a-amlo-frenar-violencia-contra-periodistas\/\" \/>\n<meta property=\"og:site_name\" content=\"Fuentes Fidedignas\" \/>\n<meta property=\"article:publisher\" content=\"https:\/\/www.facebook.com\/Fuentes-Fidedignas-368234489921644\" \/>\n<meta property=\"article:published_time\" content=\"2022-08-15T21:28:40+00:00\" \/>\n<meta property=\"article:modified_time\" content=\"2022-08-15T21:28:42+00:00\" \/>\n<meta property=\"og:image\" content=\"https:\/\/fuentesfidedignas.com.mx\/wp-content\/uploads\/2022\/08\/PERIODISTAS-ASESINADOS-2022-e1654635477464-640x360-1.jpg\" \/>\n\t<meta property=\"og:image:width\" content=\"640\" \/>\n\t<meta property=\"og:image:height\" content=\"360\" \/>\n\t<meta property=\"og:image:type\" content=\"image\/jpeg\" \/>\n<meta name=\"author\" content=\"Forbes\" \/>\n<meta name=\"twitter:card\" content=\"summary_large_image\" \/>\n<meta name=\"twitter:creator\" content=\"@fidedignas\" \/>\n<meta name=\"twitter:site\" content=\"@fidedignas\" \/>\n<meta name=\"twitter:label1\" content=\"Escrito por\" \/>\n\t<meta name=\"twitter:data1\" content=\"Forbes\" \/>\n\t<meta name=\"twitter:label2\" content=\"Tiempo de lectura\" \/>\n\t<meta name=\"twitter:data2\" content=\"3 minutos\" \/>\n<script type=\"application\/ld+json\" class=\"yoast-schema-graph\">{\"@context\":\"https:\\\/\\\/schema.org\",\"@graph\":[{\"@type\":\"Article\",\"@id\":\"https:\\\/\\\/fuentesfidedignas.com.mx\\\/index.php\\\/2022\\\/08\\\/15\\\/la-sociedad-interamericana-de-prensa-urge-a-amlo-frenar-violencia-contra-periodistas\\\/#article\",\"isPartOf\":{\"@id\":\"https:\\\/\\\/fuentesfidedignas.com.mx\\\/index.php\\\/2022\\\/08\\\/15\\\/la-sociedad-interamericana-de-prensa-urge-a-amlo-frenar-violencia-contra-periodistas\\\/\"},\"author\":{\"name\":\"Forbes\",\"@id\":\"https:\\\/\\\/fuentesfidedignas.com.mx\\\/#\\\/schema\\\/person\\\/5623d53fe2e579d825b1679734abcc44\"},\"headline\":\"La Sociedad Interamericana de Prensa urge a AMLO frenar violencia contra periodistas\",\"datePublished\":\"2022-08-15T21:28:40+00:00\",\"dateModified\":\"2022-08-15T21:28:42+00:00\",\"mainEntityOfPage\":{\"@id\":\"https:\\\/\\\/fuentesfidedignas.com.mx\\\/index.php\\\/2022\\\/08\\\/15\\\/la-sociedad-interamericana-de-prensa-urge-a-amlo-frenar-violencia-contra-periodistas\\\/\"},\"wordCount\":541,\"commentCount\":0,\"publisher\":{\"@id\":\"https:\\\/\\\/fuentesfidedignas.com.mx\\\/#organization\"},\"image\":{\"@id\":\"https:\\\/\\\/fuentesfidedignas.com.mx\\\/index.php\\\/2022\\\/08\\\/15\\\/la-sociedad-interamericana-de-prensa-urge-a-amlo-frenar-violencia-contra-periodistas\\\/#primaryimage\"},\"thumbnailUrl\":\"https:\\\/\\\/fuentesfidedignas.com.mx\\\/wp-content\\\/uploads\\\/2022\\\/08\\\/PERIODISTAS-ASESINADOS-2022-e1654635477464-640x360-1.jpg\",\"articleSection\":[\"NOTICIAS NACIONALES\"],\"inLanguage\":\"es\",\"potentialAction\":[{\"@type\":\"CommentAction\",\"name\":\"Comment\",\"target\":[\"https:\\\/\\\/fuentesfidedignas.com.mx\\\/index.php\\\/2022\\\/08\\\/15\\\/la-sociedad-interamericana-de-prensa-urge-a-amlo-frenar-violencia-contra-periodistas\\\/#respond\"]}]},{\"@type\":\"WebPage\",\"@id\":\"https:\\\/\\\/fuentesfidedignas.com.mx\\\/index.php\\\/2022\\\/08\\\/15\\\/la-sociedad-interamericana-de-prensa-urge-a-amlo-frenar-violencia-contra-periodistas\\\/\",\"url\":\"https:\\\/\\\/fuentesfidedignas.com.mx\\\/index.php\\\/2022\\\/08\\\/15\\\/la-sociedad-interamericana-de-prensa-urge-a-amlo-frenar-violencia-contra-periodistas\\\/\",\"name\":\"La Sociedad Interamericana de Prensa urge a AMLO frenar violencia contra periodistas - Fuentes Fidedignas\",\"isPartOf\":{\"@id\":\"https:\\\/\\\/fuentesfidedignas.com.mx\\\/#website\"},\"primaryImageOfPage\":{\"@id\":\"https:\\\/\\\/fuentesfidedignas.com.mx\\\/index.php\\\/2022\\\/08\\\/15\\\/la-sociedad-interamericana-de-prensa-urge-a-amlo-frenar-violencia-contra-periodistas\\\/#primaryimage\"},\"image\":{\"@id\":\"https:\\\/\\\/fuentesfidedignas.com.mx\\\/index.php\\\/2022\\\/08\\\/15\\\/la-sociedad-interamericana-de-prensa-urge-a-amlo-frenar-violencia-contra-periodistas\\\/#primaryimage\"},\"thumbnailUrl\":\"https:\\\/\\\/fuentesfidedignas.com.mx\\\/wp-content\\\/uploads\\\/2022\\\/08\\\/PERIODISTAS-ASESINADOS-2022-e1654635477464-640x360-1.jpg\",\"datePublished\":\"2022-08-15T21:28:40+00:00\",\"dateModified\":\"2022-08-15T21:28:42+00:00\",\"breadcrumb\":{\"@id\":\"https:\\\/\\\/fuentesfidedignas.com.mx\\\/index.php\\\/2022\\\/08\\\/15\\\/la-sociedad-interamericana-de-prensa-urge-a-amlo-frenar-violencia-contra-periodistas\\\/#breadcrumb\"},\"inLanguage\":\"es\",\"potentialAction\":[{\"@type\":\"ReadAction\",\"target\":[\"https:\\\/\\\/fuentesfidedignas.com.mx\\\/index.php\\\/2022\\\/08\\\/15\\\/la-sociedad-interamericana-de-prensa-urge-a-amlo-frenar-violencia-contra-periodistas\\\/\"]}]},{\"@type\":\"ImageObject\",\"inLanguage\":\"es\",\"@id\":\"https:\\\/\\\/fuentesfidedignas.com.mx\\\/index.php\\\/2022\\\/08\\\/15\\\/la-sociedad-interamericana-de-prensa-urge-a-amlo-frenar-violencia-contra-periodistas\\\/#primaryimage\",\"url\":\"https:\\\/\\\/fuentesfidedignas.com.mx\\\/wp-content\\\/uploads\\\/2022\\\/08\\\/PERIODISTAS-ASESINADOS-2022-e1654635477464-640x360-1.jpg\",\"contentUrl\":\"https:\\\/\\\/fuentesfidedignas.com.mx\\\/wp-content\\\/uploads\\\/2022\\\/08\\\/PERIODISTAS-ASESINADOS-2022-e1654635477464-640x360-1.jpg\",\"width\":640,\"height\":360},{\"@type\":\"BreadcrumbList\",\"@id\":\"https:\\\/\\\/fuentesfidedignas.com.mx\\\/index.php\\\/2022\\\/08\\\/15\\\/la-sociedad-interamericana-de-prensa-urge-a-amlo-frenar-violencia-contra-periodistas\\\/#breadcrumb\",\"itemListElement\":[{\"@type\":\"ListItem\",\"position\":1,\"name\":\"Inicio\",\"item\":\"https:\\\/\\\/fuentesfidedignas.com.mx\\\/\"},{\"@type\":\"ListItem\",\"position\":2,\"name\":\"La Sociedad Interamericana de Prensa urge a AMLO frenar violencia contra periodistas\"}]},{\"@type\":\"WebSite\",\"@id\":\"https:\\\/\\\/fuentesfidedignas.com.mx\\\/#website\",\"url\":\"https:\\\/\\\/fuentesfidedignas.com.mx\\\/\",\"name\":\"Fuentes Fidedignas\",\"description\":\"Otro sitio realizado con WordPress\",\"publisher\":{\"@id\":\"https:\\\/\\\/fuentesfidedignas.com.mx\\\/#organization\"},\"potentialAction\":[{\"@type\":\"SearchAction\",\"target\":{\"@type\":\"EntryPoint\",\"urlTemplate\":\"https:\\\/\\\/fuentesfidedignas.com.mx\\\/?s={search_term_string}\"},\"query-input\":{\"@type\":\"PropertyValueSpecification\",\"valueRequired\":true,\"valueName\":\"search_term_string\"}}],\"inLanguage\":\"es\"},{\"@type\":\"Organization\",\"@id\":\"https:\\\/\\\/fuentesfidedignas.com.mx\\\/#organization\",\"name\":\"Fuentes Fidedignas\",\"url\":\"https:\\\/\\\/fuentesfidedignas.com.mx\\\/\",\"logo\":{\"@type\":\"ImageObject\",\"inLanguage\":\"es\",\"@id\":\"https:\\\/\\\/fuentesfidedignas.com.mx\\\/#\\\/schema\\\/logo\\\/image\\\/\",\"url\":\"https:\\\/\\\/fuentesfidedignas.com.mx\\\/wp-content\\\/uploads\\\/2021\\\/04\\\/logo-retina.png\",\"contentUrl\":\"https:\\\/\\\/fuentesfidedignas.com.mx\\\/wp-content\\\/uploads\\\/2021\\\/04\\\/logo-retina.png\",\"width\":280,\"height\":51,\"caption\":\"Fuentes Fidedignas\"},\"image\":{\"@id\":\"https:\\\/\\\/fuentesfidedignas.com.mx\\\/#\\\/schema\\\/logo\\\/image\\\/\"},\"sameAs\":[\"https:\\\/\\\/www.facebook.com\\\/Fuentes-Fidedignas-368234489921644\",\"https:\\\/\\\/x.com\\\/fidedignas\"]},{\"@type\":\"Person\",\"@id\":\"https:\\\/\\\/fuentesfidedignas.com.mx\\\/#\\\/schema\\\/person\\\/5623d53fe2e579d825b1679734abcc44\",\"name\":\"Forbes\",\"image\":{\"@type\":\"ImageObject\",\"inLanguage\":\"es\",\"@id\":\"https:\\\/\\\/secure.gravatar.com\\\/avatar\\\/87ce3dd4e41e60c22a79c758614f01a6bc2469255fc936ec7b15efb9bb5cb66f?s=96&d=mm&r=g\",\"url\":\"https:\\\/\\\/secure.gravatar.com\\\/avatar\\\/87ce3dd4e41e60c22a79c758614f01a6bc2469255fc936ec7b15efb9bb5cb66f?s=96&d=mm&r=g\",\"contentUrl\":\"https:\\\/\\\/secure.gravatar.com\\\/avatar\\\/87ce3dd4e41e60c22a79c758614f01a6bc2469255fc936ec7b15efb9bb5cb66f?s=96&d=mm&r=g\",\"caption\":\"Forbes\"},\"url\":\"https:\\\/\\\/fuentesfidedignas.com.mx\\\/index.php\\\/author\\\/forbes\\\/\"}]}<\/script>\n<!-- \/ Yoast SEO plugin. -->","yoast_head_json":{"title":"La Sociedad Interamericana de Prensa urge a AMLO frenar violencia contra periodistas - Fuentes Fidedignas","robots":{"index":"index","follow":"follow","max-snippet":"max-snippet:-1","max-image-preview":"max-image-preview:large","max-video-preview":"max-video-preview:-1"},"canonical":"https:\/\/fuentesfidedignas.com.mx\/index.php\/2022\/08\/15\/la-sociedad-interamericana-de-prensa-urge-a-amlo-frenar-violencia-contra-periodistas\/","og_locale":"es_MX","og_type":"article","og_title":"La Sociedad Interamericana de Prensa urge a AMLO frenar violencia contra periodistas - Fuentes Fidedignas","og_description":"El pasado 11 de agosto fue asesinado el periodista Allan Gonz\u00e1lez; era locutora del programa radial Switch 105.9 FM. Ciudad de M\u00e9xico.- La Sociedad Interamericana de Prensa (SIP) pidi\u00f3 este lunes al presidente mexicano, Andr\u00e9s Manuel L\u00f3pez Obrador, medidas urgentes contra la violencia creciente que sufren los medios de comunicaci\u00f3n en el pa\u00eds tras el [&hellip;]","og_url":"https:\/\/fuentesfidedignas.com.mx\/index.php\/2022\/08\/15\/la-sociedad-interamericana-de-prensa-urge-a-amlo-frenar-violencia-contra-periodistas\/","og_site_name":"Fuentes Fidedignas","article_publisher":"https:\/\/www.facebook.com\/Fuentes-Fidedignas-368234489921644","article_published_time":"2022-08-15T21:28:40+00:00","article_modified_time":"2022-08-15T21:28:42+00:00","og_image":[{"width":640,"height":360,"url":"https:\/\/fuentesfidedignas.com.mx\/wp-content\/uploads\/2022\/08\/PERIODISTAS-ASESINADOS-2022-e1654635477464-640x360-1.jpg","type":"image\/jpeg"}],"author":"Forbes","twitter_card":"summary_large_image","twitter_creator":"@fidedignas","twitter_site":"@fidedignas","twitter_misc":{"Escrito por":"Forbes","Tiempo de lectura":"3 minutos"},"schema":{"@context":"https:\/\/schema.org","@graph":[{"@type":"Article","@id":"https:\/\/fuentesfidedignas.com.mx\/index.php\/2022\/08\/15\/la-sociedad-interamericana-de-prensa-urge-a-amlo-frenar-violencia-contra-periodistas\/#article","isPartOf":{"@id":"https:\/\/fuentesfidedignas.com.mx\/index.php\/2022\/08\/15\/la-sociedad-interamericana-de-prensa-urge-a-amlo-frenar-violencia-contra-periodistas\/"},"author":{"name":"Forbes","@id":"https:\/\/fuentesfidedignas.com.mx\/#\/schema\/person\/5623d53fe2e579d825b1679734abcc44"},"headline":"La Sociedad Interamericana de Prensa urge a AMLO frenar violencia contra periodistas","datePublished":"2022-08-15T21:28:40+00:00","dateModified":"2022-08-15T21:28:42+00:00","mainEntityOfPage":{"@id":"https:\/\/fuentesfidedignas.com.mx\/index.php\/2022\/08\/15\/la-sociedad-interamericana-de-prensa-urge-a-amlo-frenar-violencia-contra-periodistas\/"},"wordCount":541,"commentCount":0,"publisher":{"@id":"https:\/\/fuentesfidedignas.com.mx\/#organization"},"image":{"@id":"https:\/\/fuentesfidedignas.com.mx\/index.php\/2022\/08\/15\/la-sociedad-interamericana-de-prensa-urge-a-amlo-frenar-violencia-contra-periodistas\/#primaryimage"},"thumbnailUrl":"https:\/\/fuentesfidedignas.com.mx\/wp-content\/uploads\/2022\/08\/PERIODISTAS-ASESINADOS-2022-e1654635477464-640x360-1.jpg","articleSection":["NOTICIAS NACIONALES"],"inLanguage":"es","potentialAction":[{"@type":"CommentAction","name":"Comment","target":["https:\/\/fuentesfidedignas.com.mx\/index.php\/2022\/08\/15\/la-sociedad-interamericana-de-prensa-urge-a-amlo-frenar-violencia-contra-periodistas\/#respond"]}]},{"@type":"WebPage","@id":"https:\/\/fuentesfidedignas.com.mx\/index.php\/2022\/08\/15\/la-sociedad-interamericana-de-prensa-urge-a-amlo-frenar-violencia-contra-periodistas\/","url":"https:\/\/fuentesfidedignas.com.mx\/index.php\/2022\/08\/15\/la-sociedad-interamericana-de-prensa-urge-a-amlo-frenar-violencia-contra-periodistas\/","name":"La Sociedad Interamericana de Prensa urge a AMLO frenar violencia contra periodistas - Fuentes Fidedignas","isPartOf":{"@id":"https:\/\/fuentesfidedignas.com.mx\/#website"},"primaryImageOfPage":{"@id":"https:\/\/fuentesfidedignas.com.mx\/index.php\/2022\/08\/15\/la-sociedad-interamericana-de-prensa-urge-a-amlo-frenar-violencia-contra-periodistas\/#primaryimage"},"image":{"@id":"https:\/\/fuentesfidedignas.com.mx\/index.php\/2022\/08\/15\/la-sociedad-interamericana-de-prensa-urge-a-amlo-frenar-violencia-contra-periodistas\/#primaryimage"},"thumbnailUrl":"https:\/\/fuentesfidedignas.com.mx\/wp-content\/uploads\/2022\/08\/PERIODISTAS-ASESINADOS-2022-e1654635477464-640x360-1.jpg","datePublished":"2022-08-15T21:28:40+00:00","dateModified":"2022-08-15T21:28:42+00:00","breadcrumb":{"@id":"https:\/\/fuentesfidedignas.com.mx\/index.php\/2022\/08\/15\/la-sociedad-interamericana-de-prensa-urge-a-amlo-frenar-violencia-contra-periodistas\/#breadcrumb"},"inLanguage":"es","potentialAction":[{"@type":"ReadAction","target":["https:\/\/fuentesfidedignas.com.mx\/index.php\/2022\/08\/15\/la-sociedad-interamericana-de-prensa-urge-a-amlo-frenar-violencia-contra-periodistas\/"]}]},{"@type":"ImageObject","inLanguage":"es","@id":"https:\/\/fuentesfidedignas.com.mx\/index.php\/2022\/08\/15\/la-sociedad-interamericana-de-prensa-urge-a-amlo-frenar-violencia-contra-periodistas\/#primaryimage","url":"https:\/\/fuentesfidedignas.com.mx\/wp-content\/uploads\/2022\/08\/PERIODISTAS-ASESINADOS-2022-e1654635477464-640x360-1.jpg","contentUrl":"https:\/\/fuentesfidedignas.com.mx\/wp-content\/uploads\/2022\/08\/PERIODISTAS-ASESINADOS-2022-e1654635477464-640x360-1.jpg","width":640,"height":360},{"@type":"BreadcrumbList","@id":"https:\/\/fuentesfidedignas.com.mx\/index.php\/2022\/08\/15\/la-sociedad-interamericana-de-prensa-urge-a-amlo-frenar-violencia-contra-periodistas\/#breadcrumb","itemListElement":[{"@type":"ListItem","position":1,"name":"Inicio","item":"https:\/\/fuentesfidedignas.com.mx\/"},{"@type":"ListItem","position":2,"name":"La Sociedad Interamericana de Prensa urge a AMLO frenar violencia contra periodistas"}]},{"@type":"WebSite","@id":"https:\/\/fuentesfidedignas.com.mx\/#website","url":"https:\/\/fuentesfidedignas.com.mx\/","name":"Fuentes Fidedignas","description":"Otro sitio realizado con WordPress","publisher":{"@id":"https:\/\/fuentesfidedignas.com.mx\/#organization"},"potentialAction":[{"@type":"SearchAction","target":{"@type":"EntryPoint","urlTemplate":"https:\/\/fuentesfidedignas.com.mx\/?s={search_term_string}"},"query-input":{"@type":"PropertyValueSpecification","valueRequired":true,"valueName":"search_term_string"}}],"inLanguage":"es"},{"@type":"Organization","@id":"https:\/\/fuentesfidedignas.com.mx\/#organization","name":"Fuentes Fidedignas","url":"https:\/\/fuentesfidedignas.com.mx\/","logo":{"@type":"ImageObject","inLanguage":"es","@id":"https:\/\/fuentesfidedignas.com.mx\/#\/schema\/logo\/image\/","url":"https:\/\/fuentesfidedignas.com.mx\/wp-content\/uploads\/2021\/04\/logo-retina.png","contentUrl":"https:\/\/fuentesfidedignas.com.mx\/wp-content\/uploads\/2021\/04\/logo-retina.png","width":280,"height":51,"caption":"Fuentes Fidedignas"},"image":{"@id":"https:\/\/fuentesfidedignas.com.mx\/#\/schema\/logo\/image\/"},"sameAs":["https:\/\/www.facebook.com\/Fuentes-Fidedignas-368234489921644","https:\/\/x.com\/fidedignas"]},{"@type":"Person","@id":"https:\/\/fuentesfidedignas.com.mx\/#\/schema\/person\/5623d53fe2e579d825b1679734abcc44","name":"Forbes","image":{"@type":"ImageObject","inLanguage":"es","@id":"https:\/\/secure.gravatar.com\/avatar\/87ce3dd4e41e60c22a79c758614f01a6bc2469255fc936ec7b15efb9bb5cb66f?s=96&d=mm&r=g","url":"https:\/\/secure.gravatar.com\/avatar\/87ce3dd4e41e60c22a79c758614f01a6bc2469255fc936ec7b15efb9bb5cb66f?s=96&d=mm&r=g","contentUrl":"https:\/\/secure.gravatar.com\/avatar\/87ce3dd4e41e60c22a79c758614f01a6bc2469255fc936ec7b15efb9bb5cb66f?s=96&d=mm&r=g","caption":"Forbes"},"url":"https:\/\/fuentesfidedignas.com.mx\/index.php\/author\/forbes\/"}]}},"_links":{"self":[{"href":"https:\/\/fuentesfidedignas.com.mx\/index.php\/wp-json\/wp\/v2\/posts\/39853","targetHints":{"allow":["GET"]}}],"collection":[{"href":"https:\/\/fuentesfidedignas.com.mx\/index.php\/wp-json\/wp\/v2\/posts"}],"about":[{"href":"https:\/\/fuentesfidedignas.com.mx\/index.php\/wp-json\/wp\/v2\/types\/post"}],"author":[{"embeddable":true,"href":"https:\/\/fuentesfidedignas.com.mx\/index.php\/wp-json\/wp\/v2\/users\/5"}],"replies":[{"embeddable":true,"href":"https:\/\/fuentesfidedignas.com.mx\/index.php\/wp-json\/wp\/v2\/comments?post=39853"}],"version-history":[{"count":1,"href":"https:\/\/fuentesfidedignas.com.mx\/index.php\/wp-json\/wp\/v2\/posts\/39853\/revisions"}],"predecessor-version":[{"id":39855,"href":"https:\/\/fuentesfidedignas.com.mx\/index.php\/wp-json\/wp\/v2\/posts\/39853\/revisions\/39855"}],"wp:featuredmedia":[{"embeddable":true,"href":"https:\/\/fuentesfidedignas.com.mx\/index.php\/wp-json\/wp\/v2\/media\/39854"}],"wp:attachment":[{"href":"https:\/\/fuentesfidedignas.com.mx\/index.php\/wp-json\/wp\/v2\/media?parent=39853"}],"wp:term":[{"taxonomy":"category","embeddable":true,"href":"https:\/\/fuentesfidedignas.com.mx\/index.php\/wp-json\/wp\/v2\/categories?post=39853"},{"taxonomy":"post_tag","embeddable":true,"href":"https:\/\/fuentesfidedignas.com.mx\/index.php\/wp-json\/wp\/v2\/tags?post=39853"}],"curies":[{"name":"wp","href":"https:\/\/api.w.org\/{rel}","templated":true}]}}