{"id":39846,"date":"2022-08-15T14:44:41","date_gmt":"2022-08-15T20:44:41","guid":{"rendered":"https:\/\/fuentesfidedignas.com.mx\/?p=39846"},"modified":"2022-08-15T14:44:43","modified_gmt":"2022-08-15T20:44:43","slug":"reportan-desaparicion-del-periodista-juan-arjon-lopez-en-sonora","status":"publish","type":"post","link":"https:\/\/fuentesfidedignas.com.mx\/index.php\/2022\/08\/15\/reportan-desaparicion-del-periodista-juan-arjon-lopez-en-sonora\/","title":{"rendered":"Reportan desaparici\u00f3n del periodista Juan Arj\u00f3n L\u00f3pez, en Sonora"},"content":{"rendered":"\n<p><strong><em>Juan Arj\u00f3n L\u00f3pez, reportero y periodista independiente del portal \u201cA qu\u00e9 le temes\u201d fue visto por \u00faltima vez en un negocio de comida, en tanto su veh\u00edculo fue encontrado estacionado frente a un centro de rehabilitaci\u00f3n<\/em><\/strong><\/p>\n\n\n\n<p>Sonora.- Desde el pasado 9 de agosto se encuentra desaparecido Juan Arj\u00f3n L\u00f3pez, reportero y periodista independiente del portal \u201cA qu\u00e9 le temes\u201d de San Luis R\u00edo Colorado, Sonora.<\/p>\n\n\n\n<p>Fue visto por \u00faltima vez en un negocio de comida, en tanto su veh\u00edculo fue encontrado estacionado frente a un centro de rehabilitaci\u00f3n.<\/p>\n\n\n\n<p>Tras el reporte de desaparici\u00f3n del comunicador, la Fiscal\u00eda General de Justicia de Sonora inform\u00f3 en sus redes sociales que establecieron contacto con corporaciones policiales de los tres \u00f3rdenes de gobierno.<\/p>\n\n\n\n<figure class=\"wp-block-embed is-type-rich is-provider-twitter wp-block-embed-twitter\"><div class=\"wp-block-embed__wrapper\">\n<blockquote class=\"twitter-tweet\" data-width=\"550\" data-dnt=\"true\"><p lang=\"es\" dir=\"ltr\">\ud83d\udfe4 Ante la trascendencia en redes sociales que desde el 9 de agosto se perdi\u00f3 contacto con el comunicador Juan Arj\u00f3n L\u00f3pez, la <a href=\"https:\/\/twitter.com\/hashtag\/Fiscal%C3%ADaDeSonora?src=hash&amp;ref_src=twsrc%5Etfw\">#Fiscal\u00edaDeSonora<\/a> estableci\u00f3 contacto con corporaciones policiales de los tres \u00f3rdenes de Gobierno a fin de iniciar en forma oficiosa su b\u00fasqueda. 1\/3 <a href=\"https:\/\/t.co\/gwWEAzooTK\">pic.twitter.com\/gwWEAzooTK<\/a><\/p>&mdash; Fiscal\u00eda de Sonora (@fgjesonora) <a href=\"https:\/\/twitter.com\/fgjesonora\/status\/1559084337852780544?ref_src=twsrc%5Etfw\">August 15, 2022<\/a><\/blockquote><script async src=\"https:\/\/platform.twitter.com\/widgets.js\" charset=\"utf-8\"><\/script>\n<\/div><\/figure>\n\n\n\n<p>Mientras tanto la Direcci\u00f3n de Seguridad P\u00fablica Municipal llev\u00f3 a cabo un operativo especial, junto con el colectivo Madres Buscadoras San Luis R\u00edo Colorado, para localizar al reportero.<\/p>\n\n\n\n<p>Se recorri\u00f3 el desierto y los valles de San Luis en busca del comunicador, sin que se dieran resultados.<\/p>\n\n\n\n<p>La familia del reportero no ha interpuesto ni denuncia ni reporte de desaparici\u00f3n por lo que la Fiscal\u00eda los inst\u00f3 a que se acerquen a formalizar el procedimiento y aporten datos de la \u00faltima vez tuvieron contacto con \u00e9l, para poder establecer acciones de b\u00fasqueda.<\/p>\n\n\n\n<p><\/p>\n","protected":false},"excerpt":{"rendered":"<p>Juan Arj\u00f3n L\u00f3pez, reportero y periodista independiente del portal \u201cA qu\u00e9 le temes\u201d fue visto por \u00faltima vez en un negocio de comida, en tanto su veh\u00edculo fue encontrado estacionado frente a un centro de rehabilitaci\u00f3n Sonora.- Desde el pasado 9 de agosto se encuentra desaparecido Juan Arj\u00f3n L\u00f3pez, reportero y periodista independiente del portal [&hellip;]<\/p>\n","protected":false},"author":46,"featured_media":39847,"comment_status":"open","ping_status":"open","sticky":false,"template":"","format":"standard","meta":{"tdm_status":"","tdm_grid_status":"","footnotes":""},"categories":[39],"tags":[],"class_list":{"0":"post-39846","1":"post","2":"type-post","3":"status-publish","4":"format-standard","5":"has-post-thumbnail","7":"category-noticias-nacionales"},"yoast_head":"<!-- This site is optimized with the Yoast SEO plugin v27.5 - https:\/\/yoast.com\/product\/yoast-seo-wordpress\/ -->\n<title>Reportan desaparici\u00f3n del periodista Juan Arj\u00f3n L\u00f3pez, en Sonora - Fuentes Fidedignas<\/title>\n<meta name=\"robots\" content=\"index, follow, max-snippet:-1, max-image-preview:large, max-video-preview:-1\" \/>\n<link rel=\"canonical\" href=\"https:\/\/fuentesfidedignas.com.mx\/index.php\/2022\/08\/15\/reportan-desaparicion-del-periodista-juan-arjon-lopez-en-sonora\/\" \/>\n<meta property=\"og:locale\" content=\"es_MX\" \/>\n<meta property=\"og:type\" content=\"article\" \/>\n<meta property=\"og:title\" content=\"Reportan desaparici\u00f3n del periodista Juan Arj\u00f3n L\u00f3pez, en Sonora - Fuentes Fidedignas\" \/>\n<meta property=\"og:description\" content=\"Juan Arj\u00f3n L\u00f3pez, reportero y periodista independiente del portal \u201cA qu\u00e9 le temes\u201d fue visto por \u00faltima vez en un negocio de comida, en tanto su veh\u00edculo fue encontrado estacionado frente a un centro de rehabilitaci\u00f3n Sonora.- Desde el pasado 9 de agosto se encuentra desaparecido Juan Arj\u00f3n L\u00f3pez, reportero y periodista independiente del portal [&hellip;]\" \/>\n<meta property=\"og:url\" content=\"https:\/\/fuentesfidedignas.com.mx\/index.php\/2022\/08\/15\/reportan-desaparicion-del-periodista-juan-arjon-lopez-en-sonora\/\" \/>\n<meta property=\"og:site_name\" content=\"Fuentes Fidedignas\" \/>\n<meta property=\"article:publisher\" content=\"https:\/\/www.facebook.com\/Fuentes-Fidedignas-368234489921644\" \/>\n<meta property=\"article:published_time\" content=\"2022-08-15T20:44:41+00:00\" \/>\n<meta property=\"article:modified_time\" content=\"2022-08-15T20:44:43+00:00\" \/>\n<meta property=\"og:image\" content=\"https:\/\/fuentesfidedignas.com.mx\/wp-content\/uploads\/2022\/08\/Juan-Arjon-Lopez-Desaparicion-1280x720-1.jpg\" \/>\n\t<meta property=\"og:image:width\" content=\"1280\" \/>\n\t<meta property=\"og:image:height\" content=\"720\" \/>\n\t<meta property=\"og:image:type\" content=\"image\/jpeg\" \/>\n<meta name=\"author\" content=\"Noticieros Televisa\" \/>\n<meta name=\"twitter:card\" content=\"summary_large_image\" \/>\n<meta name=\"twitter:creator\" content=\"@fidedignas\" \/>\n<meta name=\"twitter:site\" content=\"@fidedignas\" \/>\n<meta name=\"twitter:label1\" content=\"Escrito por\" \/>\n\t<meta name=\"twitter:data1\" content=\"Noticieros Televisa\" \/>\n\t<meta name=\"twitter:label2\" content=\"Tiempo de lectura\" \/>\n\t<meta name=\"twitter:data2\" content=\"1 minuto\" \/>\n<script type=\"application\/ld+json\" class=\"yoast-schema-graph\">{\"@context\":\"https:\\\/\\\/schema.org\",\"@graph\":[{\"@type\":\"Article\",\"@id\":\"https:\\\/\\\/fuentesfidedignas.com.mx\\\/index.php\\\/2022\\\/08\\\/15\\\/reportan-desaparicion-del-periodista-juan-arjon-lopez-en-sonora\\\/#article\",\"isPartOf\":{\"@id\":\"https:\\\/\\\/fuentesfidedignas.com.mx\\\/index.php\\\/2022\\\/08\\\/15\\\/reportan-desaparicion-del-periodista-juan-arjon-lopez-en-sonora\\\/\"},\"author\":{\"name\":\"Noticieros Televisa\",\"@id\":\"https:\\\/\\\/fuentesfidedignas.com.mx\\\/#\\\/schema\\\/person\\\/f030e42657a5a464a8bbd891b1aab6ee\"},\"headline\":\"Reportan desaparici\u00f3n del periodista Juan Arj\u00f3n L\u00f3pez, en Sonora\",\"datePublished\":\"2022-08-15T20:44:41+00:00\",\"dateModified\":\"2022-08-15T20:44:43+00:00\",\"mainEntityOfPage\":{\"@id\":\"https:\\\/\\\/fuentesfidedignas.com.mx\\\/index.php\\\/2022\\\/08\\\/15\\\/reportan-desaparicion-del-periodista-juan-arjon-lopez-en-sonora\\\/\"},\"wordCount\":279,\"commentCount\":0,\"publisher\":{\"@id\":\"https:\\\/\\\/fuentesfidedignas.com.mx\\\/#organization\"},\"image\":{\"@id\":\"https:\\\/\\\/fuentesfidedignas.com.mx\\\/index.php\\\/2022\\\/08\\\/15\\\/reportan-desaparicion-del-periodista-juan-arjon-lopez-en-sonora\\\/#primaryimage\"},\"thumbnailUrl\":\"https:\\\/\\\/fuentesfidedignas.com.mx\\\/wp-content\\\/uploads\\\/2022\\\/08\\\/Juan-Arjon-Lopez-Desaparicion-1280x720-1.jpg\",\"articleSection\":[\"NOTICIAS NACIONALES\"],\"inLanguage\":\"es\",\"potentialAction\":[{\"@type\":\"CommentAction\",\"name\":\"Comment\",\"target\":[\"https:\\\/\\\/fuentesfidedignas.com.mx\\\/index.php\\\/2022\\\/08\\\/15\\\/reportan-desaparicion-del-periodista-juan-arjon-lopez-en-sonora\\\/#respond\"]}]},{\"@type\":\"WebPage\",\"@id\":\"https:\\\/\\\/fuentesfidedignas.com.mx\\\/index.php\\\/2022\\\/08\\\/15\\\/reportan-desaparicion-del-periodista-juan-arjon-lopez-en-sonora\\\/\",\"url\":\"https:\\\/\\\/fuentesfidedignas.com.mx\\\/index.php\\\/2022\\\/08\\\/15\\\/reportan-desaparicion-del-periodista-juan-arjon-lopez-en-sonora\\\/\",\"name\":\"Reportan desaparici\u00f3n del periodista Juan Arj\u00f3n L\u00f3pez, en Sonora - Fuentes Fidedignas\",\"isPartOf\":{\"@id\":\"https:\\\/\\\/fuentesfidedignas.com.mx\\\/#website\"},\"primaryImageOfPage\":{\"@id\":\"https:\\\/\\\/fuentesfidedignas.com.mx\\\/index.php\\\/2022\\\/08\\\/15\\\/reportan-desaparicion-del-periodista-juan-arjon-lopez-en-sonora\\\/#primaryimage\"},\"image\":{\"@id\":\"https:\\\/\\\/fuentesfidedignas.com.mx\\\/index.php\\\/2022\\\/08\\\/15\\\/reportan-desaparicion-del-periodista-juan-arjon-lopez-en-sonora\\\/#primaryimage\"},\"thumbnailUrl\":\"https:\\\/\\\/fuentesfidedignas.com.mx\\\/wp-content\\\/uploads\\\/2022\\\/08\\\/Juan-Arjon-Lopez-Desaparicion-1280x720-1.jpg\",\"datePublished\":\"2022-08-15T20:44:41+00:00\",\"dateModified\":\"2022-08-15T20:44:43+00:00\",\"breadcrumb\":{\"@id\":\"https:\\\/\\\/fuentesfidedignas.com.mx\\\/index.php\\\/2022\\\/08\\\/15\\\/reportan-desaparicion-del-periodista-juan-arjon-lopez-en-sonora\\\/#breadcrumb\"},\"inLanguage\":\"es\",\"potentialAction\":[{\"@type\":\"ReadAction\",\"target\":[\"https:\\\/\\\/fuentesfidedignas.com.mx\\\/index.php\\\/2022\\\/08\\\/15\\\/reportan-desaparicion-del-periodista-juan-arjon-lopez-en-sonora\\\/\"]}]},{\"@type\":\"ImageObject\",\"inLanguage\":\"es\",\"@id\":\"https:\\\/\\\/fuentesfidedignas.com.mx\\\/index.php\\\/2022\\\/08\\\/15\\\/reportan-desaparicion-del-periodista-juan-arjon-lopez-en-sonora\\\/#primaryimage\",\"url\":\"https:\\\/\\\/fuentesfidedignas.com.mx\\\/wp-content\\\/uploads\\\/2022\\\/08\\\/Juan-Arjon-Lopez-Desaparicion-1280x720-1.jpg\",\"contentUrl\":\"https:\\\/\\\/fuentesfidedignas.com.mx\\\/wp-content\\\/uploads\\\/2022\\\/08\\\/Juan-Arjon-Lopez-Desaparicion-1280x720-1.jpg\",\"width\":1280,\"height\":720},{\"@type\":\"BreadcrumbList\",\"@id\":\"https:\\\/\\\/fuentesfidedignas.com.mx\\\/index.php\\\/2022\\\/08\\\/15\\\/reportan-desaparicion-del-periodista-juan-arjon-lopez-en-sonora\\\/#breadcrumb\",\"itemListElement\":[{\"@type\":\"ListItem\",\"position\":1,\"name\":\"Inicio\",\"item\":\"https:\\\/\\\/fuentesfidedignas.com.mx\\\/\"},{\"@type\":\"ListItem\",\"position\":2,\"name\":\"Reportan desaparici\u00f3n del periodista Juan Arj\u00f3n L\u00f3pez, en Sonora\"}]},{\"@type\":\"WebSite\",\"@id\":\"https:\\\/\\\/fuentesfidedignas.com.mx\\\/#website\",\"url\":\"https:\\\/\\\/fuentesfidedignas.com.mx\\\/\",\"name\":\"Fuentes Fidedignas\",\"description\":\"Otro sitio realizado con WordPress\",\"publisher\":{\"@id\":\"https:\\\/\\\/fuentesfidedignas.com.mx\\\/#organization\"},\"potentialAction\":[{\"@type\":\"SearchAction\",\"target\":{\"@type\":\"EntryPoint\",\"urlTemplate\":\"https:\\\/\\\/fuentesfidedignas.com.mx\\\/?s={search_term_string}\"},\"query-input\":{\"@type\":\"PropertyValueSpecification\",\"valueRequired\":true,\"valueName\":\"search_term_string\"}}],\"inLanguage\":\"es\"},{\"@type\":\"Organization\",\"@id\":\"https:\\\/\\\/fuentesfidedignas.com.mx\\\/#organization\",\"name\":\"Fuentes Fidedignas\",\"url\":\"https:\\\/\\\/fuentesfidedignas.com.mx\\\/\",\"logo\":{\"@type\":\"ImageObject\",\"inLanguage\":\"es\",\"@id\":\"https:\\\/\\\/fuentesfidedignas.com.mx\\\/#\\\/schema\\\/logo\\\/image\\\/\",\"url\":\"https:\\\/\\\/fuentesfidedignas.com.mx\\\/wp-content\\\/uploads\\\/2021\\\/04\\\/logo-retina.png\",\"contentUrl\":\"https:\\\/\\\/fuentesfidedignas.com.mx\\\/wp-content\\\/uploads\\\/2021\\\/04\\\/logo-retina.png\",\"width\":280,\"height\":51,\"caption\":\"Fuentes Fidedignas\"},\"image\":{\"@id\":\"https:\\\/\\\/fuentesfidedignas.com.mx\\\/#\\\/schema\\\/logo\\\/image\\\/\"},\"sameAs\":[\"https:\\\/\\\/www.facebook.com\\\/Fuentes-Fidedignas-368234489921644\",\"https:\\\/\\\/x.com\\\/fidedignas\"]},{\"@type\":\"Person\",\"@id\":\"https:\\\/\\\/fuentesfidedignas.com.mx\\\/#\\\/schema\\\/person\\\/f030e42657a5a464a8bbd891b1aab6ee\",\"name\":\"Noticieros Televisa\",\"image\":{\"@type\":\"ImageObject\",\"inLanguage\":\"es\",\"@id\":\"https:\\\/\\\/secure.gravatar.com\\\/avatar\\\/0e47b9e785a628831b8fd9eaf15e090e106760a879abbd4a3306f128ef5d43a9?s=96&d=mm&r=g\",\"url\":\"https:\\\/\\\/secure.gravatar.com\\\/avatar\\\/0e47b9e785a628831b8fd9eaf15e090e106760a879abbd4a3306f128ef5d43a9?s=96&d=mm&r=g\",\"contentUrl\":\"https:\\\/\\\/secure.gravatar.com\\\/avatar\\\/0e47b9e785a628831b8fd9eaf15e090e106760a879abbd4a3306f128ef5d43a9?s=96&d=mm&r=g\",\"caption\":\"Noticieros Televisa\"},\"url\":\"https:\\\/\\\/fuentesfidedignas.com.mx\\\/index.php\\\/author\\\/noticieros-televisa\\\/\"}]}<\/script>\n<!-- \/ Yoast SEO plugin. -->","yoast_head_json":{"title":"Reportan desaparici\u00f3n del periodista Juan Arj\u00f3n L\u00f3pez, en Sonora - Fuentes Fidedignas","robots":{"index":"index","follow":"follow","max-snippet":"max-snippet:-1","max-image-preview":"max-image-preview:large","max-video-preview":"max-video-preview:-1"},"canonical":"https:\/\/fuentesfidedignas.com.mx\/index.php\/2022\/08\/15\/reportan-desaparicion-del-periodista-juan-arjon-lopez-en-sonora\/","og_locale":"es_MX","og_type":"article","og_title":"Reportan desaparici\u00f3n del periodista Juan Arj\u00f3n L\u00f3pez, en Sonora - Fuentes Fidedignas","og_description":"Juan Arj\u00f3n L\u00f3pez, reportero y periodista independiente del portal \u201cA qu\u00e9 le temes\u201d fue visto por \u00faltima vez en un negocio de comida, en tanto su veh\u00edculo fue encontrado estacionado frente a un centro de rehabilitaci\u00f3n Sonora.- Desde el pasado 9 de agosto se encuentra desaparecido Juan Arj\u00f3n L\u00f3pez, reportero y periodista independiente del portal [&hellip;]","og_url":"https:\/\/fuentesfidedignas.com.mx\/index.php\/2022\/08\/15\/reportan-desaparicion-del-periodista-juan-arjon-lopez-en-sonora\/","og_site_name":"Fuentes Fidedignas","article_publisher":"https:\/\/www.facebook.com\/Fuentes-Fidedignas-368234489921644","article_published_time":"2022-08-15T20:44:41+00:00","article_modified_time":"2022-08-15T20:44:43+00:00","og_image":[{"width":1280,"height":720,"url":"https:\/\/fuentesfidedignas.com.mx\/wp-content\/uploads\/2022\/08\/Juan-Arjon-Lopez-Desaparicion-1280x720-1.jpg","type":"image\/jpeg"}],"author":"Noticieros Televisa","twitter_card":"summary_large_image","twitter_creator":"@fidedignas","twitter_site":"@fidedignas","twitter_misc":{"Escrito por":"Noticieros Televisa","Tiempo de lectura":"1 minuto"},"schema":{"@context":"https:\/\/schema.org","@graph":[{"@type":"Article","@id":"https:\/\/fuentesfidedignas.com.mx\/index.php\/2022\/08\/15\/reportan-desaparicion-del-periodista-juan-arjon-lopez-en-sonora\/#article","isPartOf":{"@id":"https:\/\/fuentesfidedignas.com.mx\/index.php\/2022\/08\/15\/reportan-desaparicion-del-periodista-juan-arjon-lopez-en-sonora\/"},"author":{"name":"Noticieros Televisa","@id":"https:\/\/fuentesfidedignas.com.mx\/#\/schema\/person\/f030e42657a5a464a8bbd891b1aab6ee"},"headline":"Reportan desaparici\u00f3n del periodista Juan Arj\u00f3n L\u00f3pez, en Sonora","datePublished":"2022-08-15T20:44:41+00:00","dateModified":"2022-08-15T20:44:43+00:00","mainEntityOfPage":{"@id":"https:\/\/fuentesfidedignas.com.mx\/index.php\/2022\/08\/15\/reportan-desaparicion-del-periodista-juan-arjon-lopez-en-sonora\/"},"wordCount":279,"commentCount":0,"publisher":{"@id":"https:\/\/fuentesfidedignas.com.mx\/#organization"},"image":{"@id":"https:\/\/fuentesfidedignas.com.mx\/index.php\/2022\/08\/15\/reportan-desaparicion-del-periodista-juan-arjon-lopez-en-sonora\/#primaryimage"},"thumbnailUrl":"https:\/\/fuentesfidedignas.com.mx\/wp-content\/uploads\/2022\/08\/Juan-Arjon-Lopez-Desaparicion-1280x720-1.jpg","articleSection":["NOTICIAS NACIONALES"],"inLanguage":"es","potentialAction":[{"@type":"CommentAction","name":"Comment","target":["https:\/\/fuentesfidedignas.com.mx\/index.php\/2022\/08\/15\/reportan-desaparicion-del-periodista-juan-arjon-lopez-en-sonora\/#respond"]}]},{"@type":"WebPage","@id":"https:\/\/fuentesfidedignas.com.mx\/index.php\/2022\/08\/15\/reportan-desaparicion-del-periodista-juan-arjon-lopez-en-sonora\/","url":"https:\/\/fuentesfidedignas.com.mx\/index.php\/2022\/08\/15\/reportan-desaparicion-del-periodista-juan-arjon-lopez-en-sonora\/","name":"Reportan desaparici\u00f3n del periodista Juan Arj\u00f3n L\u00f3pez, en Sonora - Fuentes Fidedignas","isPartOf":{"@id":"https:\/\/fuentesfidedignas.com.mx\/#website"},"primaryImageOfPage":{"@id":"https:\/\/fuentesfidedignas.com.mx\/index.php\/2022\/08\/15\/reportan-desaparicion-del-periodista-juan-arjon-lopez-en-sonora\/#primaryimage"},"image":{"@id":"https:\/\/fuentesfidedignas.com.mx\/index.php\/2022\/08\/15\/reportan-desaparicion-del-periodista-juan-arjon-lopez-en-sonora\/#primaryimage"},"thumbnailUrl":"https:\/\/fuentesfidedignas.com.mx\/wp-content\/uploads\/2022\/08\/Juan-Arjon-Lopez-Desaparicion-1280x720-1.jpg","datePublished":"2022-08-15T20:44:41+00:00","dateModified":"2022-08-15T20:44:43+00:00","breadcrumb":{"@id":"https:\/\/fuentesfidedignas.com.mx\/index.php\/2022\/08\/15\/reportan-desaparicion-del-periodista-juan-arjon-lopez-en-sonora\/#breadcrumb"},"inLanguage":"es","potentialAction":[{"@type":"ReadAction","target":["https:\/\/fuentesfidedignas.com.mx\/index.php\/2022\/08\/15\/reportan-desaparicion-del-periodista-juan-arjon-lopez-en-sonora\/"]}]},{"@type":"ImageObject","inLanguage":"es","@id":"https:\/\/fuentesfidedignas.com.mx\/index.php\/2022\/08\/15\/reportan-desaparicion-del-periodista-juan-arjon-lopez-en-sonora\/#primaryimage","url":"https:\/\/fuentesfidedignas.com.mx\/wp-content\/uploads\/2022\/08\/Juan-Arjon-Lopez-Desaparicion-1280x720-1.jpg","contentUrl":"https:\/\/fuentesfidedignas.com.mx\/wp-content\/uploads\/2022\/08\/Juan-Arjon-Lopez-Desaparicion-1280x720-1.jpg","width":1280,"height":720},{"@type":"BreadcrumbList","@id":"https:\/\/fuentesfidedignas.com.mx\/index.php\/2022\/08\/15\/reportan-desaparicion-del-periodista-juan-arjon-lopez-en-sonora\/#breadcrumb","itemListElement":[{"@type":"ListItem","position":1,"name":"Inicio","item":"https:\/\/fuentesfidedignas.com.mx\/"},{"@type":"ListItem","position":2,"name":"Reportan desaparici\u00f3n del periodista Juan Arj\u00f3n L\u00f3pez, en Sonora"}]},{"@type":"WebSite","@id":"https:\/\/fuentesfidedignas.com.mx\/#website","url":"https:\/\/fuentesfidedignas.com.mx\/","name":"Fuentes Fidedignas","description":"Otro sitio realizado con WordPress","publisher":{"@id":"https:\/\/fuentesfidedignas.com.mx\/#organization"},"potentialAction":[{"@type":"SearchAction","target":{"@type":"EntryPoint","urlTemplate":"https:\/\/fuentesfidedignas.com.mx\/?s={search_term_string}"},"query-input":{"@type":"PropertyValueSpecification","valueRequired":true,"valueName":"search_term_string"}}],"inLanguage":"es"},{"@type":"Organization","@id":"https:\/\/fuentesfidedignas.com.mx\/#organization","name":"Fuentes Fidedignas","url":"https:\/\/fuentesfidedignas.com.mx\/","logo":{"@type":"ImageObject","inLanguage":"es","@id":"https:\/\/fuentesfidedignas.com.mx\/#\/schema\/logo\/image\/","url":"https:\/\/fuentesfidedignas.com.mx\/wp-content\/uploads\/2021\/04\/logo-retina.png","contentUrl":"https:\/\/fuentesfidedignas.com.mx\/wp-content\/uploads\/2021\/04\/logo-retina.png","width":280,"height":51,"caption":"Fuentes Fidedignas"},"image":{"@id":"https:\/\/fuentesfidedignas.com.mx\/#\/schema\/logo\/image\/"},"sameAs":["https:\/\/www.facebook.com\/Fuentes-Fidedignas-368234489921644","https:\/\/x.com\/fidedignas"]},{"@type":"Person","@id":"https:\/\/fuentesfidedignas.com.mx\/#\/schema\/person\/f030e42657a5a464a8bbd891b1aab6ee","name":"Noticieros Televisa","image":{"@type":"ImageObject","inLanguage":"es","@id":"https:\/\/secure.gravatar.com\/avatar\/0e47b9e785a628831b8fd9eaf15e090e106760a879abbd4a3306f128ef5d43a9?s=96&d=mm&r=g","url":"https:\/\/secure.gravatar.com\/avatar\/0e47b9e785a628831b8fd9eaf15e090e106760a879abbd4a3306f128ef5d43a9?s=96&d=mm&r=g","contentUrl":"https:\/\/secure.gravatar.com\/avatar\/0e47b9e785a628831b8fd9eaf15e090e106760a879abbd4a3306f128ef5d43a9?s=96&d=mm&r=g","caption":"Noticieros Televisa"},"url":"https:\/\/fuentesfidedignas.com.mx\/index.php\/author\/noticieros-televisa\/"}]}},"_links":{"self":[{"href":"https:\/\/fuentesfidedignas.com.mx\/index.php\/wp-json\/wp\/v2\/posts\/39846","targetHints":{"allow":["GET"]}}],"collection":[{"href":"https:\/\/fuentesfidedignas.com.mx\/index.php\/wp-json\/wp\/v2\/posts"}],"about":[{"href":"https:\/\/fuentesfidedignas.com.mx\/index.php\/wp-json\/wp\/v2\/types\/post"}],"author":[{"embeddable":true,"href":"https:\/\/fuentesfidedignas.com.mx\/index.php\/wp-json\/wp\/v2\/users\/46"}],"replies":[{"embeddable":true,"href":"https:\/\/fuentesfidedignas.com.mx\/index.php\/wp-json\/wp\/v2\/comments?post=39846"}],"version-history":[{"count":1,"href":"https:\/\/fuentesfidedignas.com.mx\/index.php\/wp-json\/wp\/v2\/posts\/39846\/revisions"}],"predecessor-version":[{"id":39848,"href":"https:\/\/fuentesfidedignas.com.mx\/index.php\/wp-json\/wp\/v2\/posts\/39846\/revisions\/39848"}],"wp:featuredmedia":[{"embeddable":true,"href":"https:\/\/fuentesfidedignas.com.mx\/index.php\/wp-json\/wp\/v2\/media\/39847"}],"wp:attachment":[{"href":"https:\/\/fuentesfidedignas.com.mx\/index.php\/wp-json\/wp\/v2\/media?parent=39846"}],"wp:term":[{"taxonomy":"category","embeddable":true,"href":"https:\/\/fuentesfidedignas.com.mx\/index.php\/wp-json\/wp\/v2\/categories?post=39846"},{"taxonomy":"post_tag","embeddable":true,"href":"https:\/\/fuentesfidedignas.com.mx\/index.php\/wp-json\/wp\/v2\/tags?post=39846"}],"curies":[{"name":"wp","href":"https:\/\/api.w.org\/{rel}","templated":true}]}}