{"id":39775,"date":"2022-08-15T09:38:20","date_gmt":"2022-08-15T15:38:20","guid":{"rendered":"https:\/\/fuentesfidedignas.com.mx\/?p=39775"},"modified":"2022-08-15T09:38:22","modified_gmt":"2022-08-15T15:38:22","slug":"es-propaganda-de-adversarios-amlo-minimiza-ola-violenta-en-el-norte-y-bajio","status":"publish","type":"post","link":"https:\/\/fuentesfidedignas.com.mx\/index.php\/2022\/08\/15\/es-propaganda-de-adversarios-amlo-minimiza-ola-violenta-en-el-norte-y-bajio\/","title":{"rendered":"\u2018Es propaganda de adversarios\u2019: AMLO minimiza ola violenta en el norte y Baj\u00edo"},"content":{"rendered":"\n<p><em><strong>L\u00f3pez Obrador dijo que sus adversarios hacen propaganda sobre &#8216;disturbios&#8217; en el Baj\u00edo y Norte de M\u00e9xico para acusar que hay un pa\u00eds ingobernable<\/strong><\/em><\/p>\n\n\n\n<p>Ciudad de M\u00e9xico.- El presidente Andr\u00e9s Manuel L\u00f3pez Obrador advirti\u00f3 este lunes que sus adversarios pol\u00edticos han aprovechado -lo que calific\u00f3 como \u2018disturbios\u2019- los narcobloqueos y quema de comercios registrados en diversos estados del Baj\u00edo y Norte del pa\u00eds la semana pasada.<\/p>\n\n\n\n<p>\u201c<em>Les voy a poner un ejemplo, como hubo algunos disturbios el fin de semana el\u00a0Reforma\u00a0habl\u00f3 de que se hab\u00edan presentado estos disturbios y con muchos muertos, que no es cierto. Muy sensacionalista, creando todo un ambiente de incertidumbre, de miedo, queriendo levantar una campa\u00f1a de inestabilidad, de desgobierno\u201d<\/em>, acus\u00f3 el mandatario federal.<\/p>\n\n\n\n<p>\u201c<em>Hay un inter\u00e9s de nuestros adversarios de magnificar las cosas y de hacer un periodismo sensacionalista, amarillista<\/em>\u201d, consider\u00f3.<\/p>\n\n\n\n<p>El 10 de agosto, la Secretar\u00eda de la Defensa Nacional (Sedena) irrumpi\u00f3 en una reuni\u00f3n que diversos capos, ligados al C\u00e1rtel de Jalisco Nueva Generaci\u00f3n (CJNG), sosten\u00edan en los l\u00edmites de Jalisco y Guanajuato y realiz\u00f3 diversas acciones que derivaron en enfrentamientos entre civiles armados y el Ej\u00e9rcito.<\/p>\n\n\n\n<p>La respuesta del crimen organizado fue emprender diversos narcobloqueos en varios municipios de Jalisco como Zapopan, mismos que se extendieron a algunos municipios de Guanajuato, donde hubo quema de tiendas de conveniencia, farmacias e incluso una gasoliner\u00eda.<\/p>\n\n\n\n<p>FEMSA confirm\u00f3 que fueron incendiadas en total y parcialmente 25 tiendas en tres ciudades de Guanajuato pero que por fortuna ning\u00fan colaborador ni cliente result\u00f3 herido.<\/p>\n\n\n\n<p>Sin embargo, el jueves pasado se registraron hechos violentos en Ciudad Ju\u00e1rez, consecuencia de una ri\u00f1a en un penal local, que deriv\u00f3 en un ataque a civiles con saldo de 11 personas asesinadas, 12 lesionadas y m\u00e1s de 10 detenidos.<\/p>\n\n\n\n<p>\u201cP<em>or la propaganda, la percepci\u00f3n es otra y tiene que ver con el inter\u00e9s de quienes llevaron a cabo las acciones, de hacer tambi\u00e9n propaganda, quema de veh\u00edculos, quema de Oxxos, y vu\u00e9lveme a poner al\u00a0Reforma\u00a0y (el diario) el\u00a0Pa\u00eds, en llamas, el infierno, son muy obvios<\/em>\u201d, reproch\u00f3 el jefe del Ejecutivo federal en conferencia de prensa.<\/p>\n","protected":false},"excerpt":{"rendered":"<p>L\u00f3pez Obrador dijo que sus adversarios hacen propaganda sobre &#8216;disturbios&#8217; en el Baj\u00edo y Norte de M\u00e9xico para acusar que hay un pa\u00eds ingobernable Ciudad de M\u00e9xico.- El presidente Andr\u00e9s Manuel L\u00f3pez Obrador advirti\u00f3 este lunes que sus adversarios pol\u00edticos han aprovechado -lo que calific\u00f3 como \u2018disturbios\u2019- los narcobloqueos y quema de comercios registrados en [&hellip;]<\/p>\n","protected":false},"author":5,"featured_media":39780,"comment_status":"open","ping_status":"open","sticky":false,"template":"","format":"standard","meta":{"tdm_status":"","tdm_grid_status":"","footnotes":""},"categories":[39],"tags":[],"class_list":{"0":"post-39775","1":"post","2":"type-post","3":"status-publish","4":"format-standard","5":"has-post-thumbnail","7":"category-noticias-nacionales"},"yoast_head":"<!-- This site is optimized with the Yoast SEO plugin v27.4 - https:\/\/yoast.com\/product\/yoast-seo-wordpress\/ -->\n<title>\u2018Es propaganda de adversarios\u2019: AMLO minimiza ola violenta en el norte y Baj\u00edo - Fuentes Fidedignas<\/title>\n<meta name=\"robots\" content=\"index, follow, max-snippet:-1, max-image-preview:large, max-video-preview:-1\" \/>\n<link rel=\"canonical\" href=\"https:\/\/fuentesfidedignas.com.mx\/index.php\/2022\/08\/15\/es-propaganda-de-adversarios-amlo-minimiza-ola-violenta-en-el-norte-y-bajio\/\" \/>\n<meta property=\"og:locale\" content=\"es_MX\" \/>\n<meta property=\"og:type\" content=\"article\" \/>\n<meta property=\"og:title\" content=\"\u2018Es propaganda de adversarios\u2019: AMLO minimiza ola violenta en el norte y Baj\u00edo - Fuentes Fidedignas\" \/>\n<meta property=\"og:description\" content=\"L\u00f3pez Obrador dijo que sus adversarios hacen propaganda sobre &#8216;disturbios&#8217; en el Baj\u00edo y Norte de M\u00e9xico para acusar que hay un pa\u00eds ingobernable Ciudad de M\u00e9xico.- El presidente Andr\u00e9s Manuel L\u00f3pez Obrador advirti\u00f3 este lunes que sus adversarios pol\u00edticos han aprovechado -lo que calific\u00f3 como \u2018disturbios\u2019- los narcobloqueos y quema de comercios registrados en [&hellip;]\" \/>\n<meta property=\"og:url\" content=\"https:\/\/fuentesfidedignas.com.mx\/index.php\/2022\/08\/15\/es-propaganda-de-adversarios-amlo-minimiza-ola-violenta-en-el-norte-y-bajio\/\" \/>\n<meta property=\"og:site_name\" content=\"Fuentes Fidedignas\" \/>\n<meta property=\"article:publisher\" content=\"https:\/\/www.facebook.com\/Fuentes-Fidedignas-368234489921644\" \/>\n<meta property=\"article:published_time\" content=\"2022-08-15T15:38:20+00:00\" \/>\n<meta property=\"article:modified_time\" content=\"2022-08-15T15:38:22+00:00\" \/>\n<meta property=\"og:image\" content=\"https:\/\/fuentesfidedignas.com.mx\/wp-content\/uploads\/2022\/08\/hd0afb6ce86e7fc16dc8ab730bfdf481fd69c49ee1.jpeg\" \/>\n\t<meta property=\"og:image:width\" content=\"1280\" \/>\n\t<meta property=\"og:image:height\" content=\"853\" \/>\n\t<meta property=\"og:image:type\" content=\"image\/jpeg\" \/>\n<meta name=\"author\" content=\"Forbes\" \/>\n<meta name=\"twitter:card\" content=\"summary_large_image\" \/>\n<meta name=\"twitter:creator\" content=\"@fidedignas\" \/>\n<meta name=\"twitter:site\" content=\"@fidedignas\" \/>\n<meta name=\"twitter:label1\" content=\"Escrito por\" \/>\n\t<meta name=\"twitter:data1\" content=\"Forbes\" \/>\n\t<meta name=\"twitter:label2\" content=\"Tiempo de lectura\" \/>\n\t<meta name=\"twitter:data2\" content=\"2 minutos\" \/>\n<script type=\"application\/ld+json\" class=\"yoast-schema-graph\">{\"@context\":\"https:\\\/\\\/schema.org\",\"@graph\":[{\"@type\":\"Article\",\"@id\":\"https:\\\/\\\/fuentesfidedignas.com.mx\\\/index.php\\\/2022\\\/08\\\/15\\\/es-propaganda-de-adversarios-amlo-minimiza-ola-violenta-en-el-norte-y-bajio\\\/#article\",\"isPartOf\":{\"@id\":\"https:\\\/\\\/fuentesfidedignas.com.mx\\\/index.php\\\/2022\\\/08\\\/15\\\/es-propaganda-de-adversarios-amlo-minimiza-ola-violenta-en-el-norte-y-bajio\\\/\"},\"author\":{\"name\":\"Forbes\",\"@id\":\"https:\\\/\\\/fuentesfidedignas.com.mx\\\/#\\\/schema\\\/person\\\/5623d53fe2e579d825b1679734abcc44\"},\"headline\":\"\u2018Es propaganda de adversarios\u2019: AMLO minimiza ola violenta en el norte y Baj\u00edo\",\"datePublished\":\"2022-08-15T15:38:20+00:00\",\"dateModified\":\"2022-08-15T15:38:22+00:00\",\"mainEntityOfPage\":{\"@id\":\"https:\\\/\\\/fuentesfidedignas.com.mx\\\/index.php\\\/2022\\\/08\\\/15\\\/es-propaganda-de-adversarios-amlo-minimiza-ola-violenta-en-el-norte-y-bajio\\\/\"},\"wordCount\":390,\"commentCount\":0,\"publisher\":{\"@id\":\"https:\\\/\\\/fuentesfidedignas.com.mx\\\/#organization\"},\"image\":{\"@id\":\"https:\\\/\\\/fuentesfidedignas.com.mx\\\/index.php\\\/2022\\\/08\\\/15\\\/es-propaganda-de-adversarios-amlo-minimiza-ola-violenta-en-el-norte-y-bajio\\\/#primaryimage\"},\"thumbnailUrl\":\"https:\\\/\\\/fuentesfidedignas.com.mx\\\/wp-content\\\/uploads\\\/2022\\\/08\\\/hd0afb6ce86e7fc16dc8ab730bfdf481fd69c49ee1.jpeg\",\"articleSection\":[\"NOTICIAS NACIONALES\"],\"inLanguage\":\"es\",\"potentialAction\":[{\"@type\":\"CommentAction\",\"name\":\"Comment\",\"target\":[\"https:\\\/\\\/fuentesfidedignas.com.mx\\\/index.php\\\/2022\\\/08\\\/15\\\/es-propaganda-de-adversarios-amlo-minimiza-ola-violenta-en-el-norte-y-bajio\\\/#respond\"]}]},{\"@type\":\"WebPage\",\"@id\":\"https:\\\/\\\/fuentesfidedignas.com.mx\\\/index.php\\\/2022\\\/08\\\/15\\\/es-propaganda-de-adversarios-amlo-minimiza-ola-violenta-en-el-norte-y-bajio\\\/\",\"url\":\"https:\\\/\\\/fuentesfidedignas.com.mx\\\/index.php\\\/2022\\\/08\\\/15\\\/es-propaganda-de-adversarios-amlo-minimiza-ola-violenta-en-el-norte-y-bajio\\\/\",\"name\":\"\u2018Es propaganda de adversarios\u2019: AMLO minimiza ola violenta en el norte y Baj\u00edo - Fuentes Fidedignas\",\"isPartOf\":{\"@id\":\"https:\\\/\\\/fuentesfidedignas.com.mx\\\/#website\"},\"primaryImageOfPage\":{\"@id\":\"https:\\\/\\\/fuentesfidedignas.com.mx\\\/index.php\\\/2022\\\/08\\\/15\\\/es-propaganda-de-adversarios-amlo-minimiza-ola-violenta-en-el-norte-y-bajio\\\/#primaryimage\"},\"image\":{\"@id\":\"https:\\\/\\\/fuentesfidedignas.com.mx\\\/index.php\\\/2022\\\/08\\\/15\\\/es-propaganda-de-adversarios-amlo-minimiza-ola-violenta-en-el-norte-y-bajio\\\/#primaryimage\"},\"thumbnailUrl\":\"https:\\\/\\\/fuentesfidedignas.com.mx\\\/wp-content\\\/uploads\\\/2022\\\/08\\\/hd0afb6ce86e7fc16dc8ab730bfdf481fd69c49ee1.jpeg\",\"datePublished\":\"2022-08-15T15:38:20+00:00\",\"dateModified\":\"2022-08-15T15:38:22+00:00\",\"breadcrumb\":{\"@id\":\"https:\\\/\\\/fuentesfidedignas.com.mx\\\/index.php\\\/2022\\\/08\\\/15\\\/es-propaganda-de-adversarios-amlo-minimiza-ola-violenta-en-el-norte-y-bajio\\\/#breadcrumb\"},\"inLanguage\":\"es\",\"potentialAction\":[{\"@type\":\"ReadAction\",\"target\":[\"https:\\\/\\\/fuentesfidedignas.com.mx\\\/index.php\\\/2022\\\/08\\\/15\\\/es-propaganda-de-adversarios-amlo-minimiza-ola-violenta-en-el-norte-y-bajio\\\/\"]}]},{\"@type\":\"ImageObject\",\"inLanguage\":\"es\",\"@id\":\"https:\\\/\\\/fuentesfidedignas.com.mx\\\/index.php\\\/2022\\\/08\\\/15\\\/es-propaganda-de-adversarios-amlo-minimiza-ola-violenta-en-el-norte-y-bajio\\\/#primaryimage\",\"url\":\"https:\\\/\\\/fuentesfidedignas.com.mx\\\/wp-content\\\/uploads\\\/2022\\\/08\\\/hd0afb6ce86e7fc16dc8ab730bfdf481fd69c49ee1.jpeg\",\"contentUrl\":\"https:\\\/\\\/fuentesfidedignas.com.mx\\\/wp-content\\\/uploads\\\/2022\\\/08\\\/hd0afb6ce86e7fc16dc8ab730bfdf481fd69c49ee1.jpeg\",\"width\":1280,\"height\":853},{\"@type\":\"BreadcrumbList\",\"@id\":\"https:\\\/\\\/fuentesfidedignas.com.mx\\\/index.php\\\/2022\\\/08\\\/15\\\/es-propaganda-de-adversarios-amlo-minimiza-ola-violenta-en-el-norte-y-bajio\\\/#breadcrumb\",\"itemListElement\":[{\"@type\":\"ListItem\",\"position\":1,\"name\":\"Inicio\",\"item\":\"https:\\\/\\\/fuentesfidedignas.com.mx\\\/\"},{\"@type\":\"ListItem\",\"position\":2,\"name\":\"\u2018Es propaganda de adversarios\u2019: AMLO minimiza ola violenta en el norte y Baj\u00edo\"}]},{\"@type\":\"WebSite\",\"@id\":\"https:\\\/\\\/fuentesfidedignas.com.mx\\\/#website\",\"url\":\"https:\\\/\\\/fuentesfidedignas.com.mx\\\/\",\"name\":\"Fuentes Fidedignas\",\"description\":\"Otro sitio realizado con WordPress\",\"publisher\":{\"@id\":\"https:\\\/\\\/fuentesfidedignas.com.mx\\\/#organization\"},\"potentialAction\":[{\"@type\":\"SearchAction\",\"target\":{\"@type\":\"EntryPoint\",\"urlTemplate\":\"https:\\\/\\\/fuentesfidedignas.com.mx\\\/?s={search_term_string}\"},\"query-input\":{\"@type\":\"PropertyValueSpecification\",\"valueRequired\":true,\"valueName\":\"search_term_string\"}}],\"inLanguage\":\"es\"},{\"@type\":\"Organization\",\"@id\":\"https:\\\/\\\/fuentesfidedignas.com.mx\\\/#organization\",\"name\":\"Fuentes Fidedignas\",\"url\":\"https:\\\/\\\/fuentesfidedignas.com.mx\\\/\",\"logo\":{\"@type\":\"ImageObject\",\"inLanguage\":\"es\",\"@id\":\"https:\\\/\\\/fuentesfidedignas.com.mx\\\/#\\\/schema\\\/logo\\\/image\\\/\",\"url\":\"https:\\\/\\\/fuentesfidedignas.com.mx\\\/wp-content\\\/uploads\\\/2021\\\/04\\\/logo-retina.png\",\"contentUrl\":\"https:\\\/\\\/fuentesfidedignas.com.mx\\\/wp-content\\\/uploads\\\/2021\\\/04\\\/logo-retina.png\",\"width\":280,\"height\":51,\"caption\":\"Fuentes Fidedignas\"},\"image\":{\"@id\":\"https:\\\/\\\/fuentesfidedignas.com.mx\\\/#\\\/schema\\\/logo\\\/image\\\/\"},\"sameAs\":[\"https:\\\/\\\/www.facebook.com\\\/Fuentes-Fidedignas-368234489921644\",\"https:\\\/\\\/x.com\\\/fidedignas\"]},{\"@type\":\"Person\",\"@id\":\"https:\\\/\\\/fuentesfidedignas.com.mx\\\/#\\\/schema\\\/person\\\/5623d53fe2e579d825b1679734abcc44\",\"name\":\"Forbes\",\"image\":{\"@type\":\"ImageObject\",\"inLanguage\":\"es\",\"@id\":\"https:\\\/\\\/secure.gravatar.com\\\/avatar\\\/87ce3dd4e41e60c22a79c758614f01a6bc2469255fc936ec7b15efb9bb5cb66f?s=96&d=mm&r=g\",\"url\":\"https:\\\/\\\/secure.gravatar.com\\\/avatar\\\/87ce3dd4e41e60c22a79c758614f01a6bc2469255fc936ec7b15efb9bb5cb66f?s=96&d=mm&r=g\",\"contentUrl\":\"https:\\\/\\\/secure.gravatar.com\\\/avatar\\\/87ce3dd4e41e60c22a79c758614f01a6bc2469255fc936ec7b15efb9bb5cb66f?s=96&d=mm&r=g\",\"caption\":\"Forbes\"},\"url\":\"https:\\\/\\\/fuentesfidedignas.com.mx\\\/index.php\\\/author\\\/forbes\\\/\"}]}<\/script>\n<!-- \/ Yoast SEO plugin. -->","yoast_head_json":{"title":"\u2018Es propaganda de adversarios\u2019: AMLO minimiza ola violenta en el norte y Baj\u00edo - Fuentes Fidedignas","robots":{"index":"index","follow":"follow","max-snippet":"max-snippet:-1","max-image-preview":"max-image-preview:large","max-video-preview":"max-video-preview:-1"},"canonical":"https:\/\/fuentesfidedignas.com.mx\/index.php\/2022\/08\/15\/es-propaganda-de-adversarios-amlo-minimiza-ola-violenta-en-el-norte-y-bajio\/","og_locale":"es_MX","og_type":"article","og_title":"\u2018Es propaganda de adversarios\u2019: AMLO minimiza ola violenta en el norte y Baj\u00edo - Fuentes Fidedignas","og_description":"L\u00f3pez Obrador dijo que sus adversarios hacen propaganda sobre &#8216;disturbios&#8217; en el Baj\u00edo y Norte de M\u00e9xico para acusar que hay un pa\u00eds ingobernable Ciudad de M\u00e9xico.- El presidente Andr\u00e9s Manuel L\u00f3pez Obrador advirti\u00f3 este lunes que sus adversarios pol\u00edticos han aprovechado -lo que calific\u00f3 como \u2018disturbios\u2019- los narcobloqueos y quema de comercios registrados en [&hellip;]","og_url":"https:\/\/fuentesfidedignas.com.mx\/index.php\/2022\/08\/15\/es-propaganda-de-adversarios-amlo-minimiza-ola-violenta-en-el-norte-y-bajio\/","og_site_name":"Fuentes Fidedignas","article_publisher":"https:\/\/www.facebook.com\/Fuentes-Fidedignas-368234489921644","article_published_time":"2022-08-15T15:38:20+00:00","article_modified_time":"2022-08-15T15:38:22+00:00","og_image":[{"width":1280,"height":853,"url":"https:\/\/fuentesfidedignas.com.mx\/wp-content\/uploads\/2022\/08\/hd0afb6ce86e7fc16dc8ab730bfdf481fd69c49ee1.jpeg","type":"image\/jpeg"}],"author":"Forbes","twitter_card":"summary_large_image","twitter_creator":"@fidedignas","twitter_site":"@fidedignas","twitter_misc":{"Escrito por":"Forbes","Tiempo de lectura":"2 minutos"},"schema":{"@context":"https:\/\/schema.org","@graph":[{"@type":"Article","@id":"https:\/\/fuentesfidedignas.com.mx\/index.php\/2022\/08\/15\/es-propaganda-de-adversarios-amlo-minimiza-ola-violenta-en-el-norte-y-bajio\/#article","isPartOf":{"@id":"https:\/\/fuentesfidedignas.com.mx\/index.php\/2022\/08\/15\/es-propaganda-de-adversarios-amlo-minimiza-ola-violenta-en-el-norte-y-bajio\/"},"author":{"name":"Forbes","@id":"https:\/\/fuentesfidedignas.com.mx\/#\/schema\/person\/5623d53fe2e579d825b1679734abcc44"},"headline":"\u2018Es propaganda de adversarios\u2019: AMLO minimiza ola violenta en el norte y Baj\u00edo","datePublished":"2022-08-15T15:38:20+00:00","dateModified":"2022-08-15T15:38:22+00:00","mainEntityOfPage":{"@id":"https:\/\/fuentesfidedignas.com.mx\/index.php\/2022\/08\/15\/es-propaganda-de-adversarios-amlo-minimiza-ola-violenta-en-el-norte-y-bajio\/"},"wordCount":390,"commentCount":0,"publisher":{"@id":"https:\/\/fuentesfidedignas.com.mx\/#organization"},"image":{"@id":"https:\/\/fuentesfidedignas.com.mx\/index.php\/2022\/08\/15\/es-propaganda-de-adversarios-amlo-minimiza-ola-violenta-en-el-norte-y-bajio\/#primaryimage"},"thumbnailUrl":"https:\/\/fuentesfidedignas.com.mx\/wp-content\/uploads\/2022\/08\/hd0afb6ce86e7fc16dc8ab730bfdf481fd69c49ee1.jpeg","articleSection":["NOTICIAS NACIONALES"],"inLanguage":"es","potentialAction":[{"@type":"CommentAction","name":"Comment","target":["https:\/\/fuentesfidedignas.com.mx\/index.php\/2022\/08\/15\/es-propaganda-de-adversarios-amlo-minimiza-ola-violenta-en-el-norte-y-bajio\/#respond"]}]},{"@type":"WebPage","@id":"https:\/\/fuentesfidedignas.com.mx\/index.php\/2022\/08\/15\/es-propaganda-de-adversarios-amlo-minimiza-ola-violenta-en-el-norte-y-bajio\/","url":"https:\/\/fuentesfidedignas.com.mx\/index.php\/2022\/08\/15\/es-propaganda-de-adversarios-amlo-minimiza-ola-violenta-en-el-norte-y-bajio\/","name":"\u2018Es propaganda de adversarios\u2019: AMLO minimiza ola violenta en el norte y Baj\u00edo - Fuentes Fidedignas","isPartOf":{"@id":"https:\/\/fuentesfidedignas.com.mx\/#website"},"primaryImageOfPage":{"@id":"https:\/\/fuentesfidedignas.com.mx\/index.php\/2022\/08\/15\/es-propaganda-de-adversarios-amlo-minimiza-ola-violenta-en-el-norte-y-bajio\/#primaryimage"},"image":{"@id":"https:\/\/fuentesfidedignas.com.mx\/index.php\/2022\/08\/15\/es-propaganda-de-adversarios-amlo-minimiza-ola-violenta-en-el-norte-y-bajio\/#primaryimage"},"thumbnailUrl":"https:\/\/fuentesfidedignas.com.mx\/wp-content\/uploads\/2022\/08\/hd0afb6ce86e7fc16dc8ab730bfdf481fd69c49ee1.jpeg","datePublished":"2022-08-15T15:38:20+00:00","dateModified":"2022-08-15T15:38:22+00:00","breadcrumb":{"@id":"https:\/\/fuentesfidedignas.com.mx\/index.php\/2022\/08\/15\/es-propaganda-de-adversarios-amlo-minimiza-ola-violenta-en-el-norte-y-bajio\/#breadcrumb"},"inLanguage":"es","potentialAction":[{"@type":"ReadAction","target":["https:\/\/fuentesfidedignas.com.mx\/index.php\/2022\/08\/15\/es-propaganda-de-adversarios-amlo-minimiza-ola-violenta-en-el-norte-y-bajio\/"]}]},{"@type":"ImageObject","inLanguage":"es","@id":"https:\/\/fuentesfidedignas.com.mx\/index.php\/2022\/08\/15\/es-propaganda-de-adversarios-amlo-minimiza-ola-violenta-en-el-norte-y-bajio\/#primaryimage","url":"https:\/\/fuentesfidedignas.com.mx\/wp-content\/uploads\/2022\/08\/hd0afb6ce86e7fc16dc8ab730bfdf481fd69c49ee1.jpeg","contentUrl":"https:\/\/fuentesfidedignas.com.mx\/wp-content\/uploads\/2022\/08\/hd0afb6ce86e7fc16dc8ab730bfdf481fd69c49ee1.jpeg","width":1280,"height":853},{"@type":"BreadcrumbList","@id":"https:\/\/fuentesfidedignas.com.mx\/index.php\/2022\/08\/15\/es-propaganda-de-adversarios-amlo-minimiza-ola-violenta-en-el-norte-y-bajio\/#breadcrumb","itemListElement":[{"@type":"ListItem","position":1,"name":"Inicio","item":"https:\/\/fuentesfidedignas.com.mx\/"},{"@type":"ListItem","position":2,"name":"\u2018Es propaganda de adversarios\u2019: AMLO minimiza ola violenta en el norte y Baj\u00edo"}]},{"@type":"WebSite","@id":"https:\/\/fuentesfidedignas.com.mx\/#website","url":"https:\/\/fuentesfidedignas.com.mx\/","name":"Fuentes Fidedignas","description":"Otro sitio realizado con WordPress","publisher":{"@id":"https:\/\/fuentesfidedignas.com.mx\/#organization"},"potentialAction":[{"@type":"SearchAction","target":{"@type":"EntryPoint","urlTemplate":"https:\/\/fuentesfidedignas.com.mx\/?s={search_term_string}"},"query-input":{"@type":"PropertyValueSpecification","valueRequired":true,"valueName":"search_term_string"}}],"inLanguage":"es"},{"@type":"Organization","@id":"https:\/\/fuentesfidedignas.com.mx\/#organization","name":"Fuentes Fidedignas","url":"https:\/\/fuentesfidedignas.com.mx\/","logo":{"@type":"ImageObject","inLanguage":"es","@id":"https:\/\/fuentesfidedignas.com.mx\/#\/schema\/logo\/image\/","url":"https:\/\/fuentesfidedignas.com.mx\/wp-content\/uploads\/2021\/04\/logo-retina.png","contentUrl":"https:\/\/fuentesfidedignas.com.mx\/wp-content\/uploads\/2021\/04\/logo-retina.png","width":280,"height":51,"caption":"Fuentes Fidedignas"},"image":{"@id":"https:\/\/fuentesfidedignas.com.mx\/#\/schema\/logo\/image\/"},"sameAs":["https:\/\/www.facebook.com\/Fuentes-Fidedignas-368234489921644","https:\/\/x.com\/fidedignas"]},{"@type":"Person","@id":"https:\/\/fuentesfidedignas.com.mx\/#\/schema\/person\/5623d53fe2e579d825b1679734abcc44","name":"Forbes","image":{"@type":"ImageObject","inLanguage":"es","@id":"https:\/\/secure.gravatar.com\/avatar\/87ce3dd4e41e60c22a79c758614f01a6bc2469255fc936ec7b15efb9bb5cb66f?s=96&d=mm&r=g","url":"https:\/\/secure.gravatar.com\/avatar\/87ce3dd4e41e60c22a79c758614f01a6bc2469255fc936ec7b15efb9bb5cb66f?s=96&d=mm&r=g","contentUrl":"https:\/\/secure.gravatar.com\/avatar\/87ce3dd4e41e60c22a79c758614f01a6bc2469255fc936ec7b15efb9bb5cb66f?s=96&d=mm&r=g","caption":"Forbes"},"url":"https:\/\/fuentesfidedignas.com.mx\/index.php\/author\/forbes\/"}]}},"_links":{"self":[{"href":"https:\/\/fuentesfidedignas.com.mx\/index.php\/wp-json\/wp\/v2\/posts\/39775","targetHints":{"allow":["GET"]}}],"collection":[{"href":"https:\/\/fuentesfidedignas.com.mx\/index.php\/wp-json\/wp\/v2\/posts"}],"about":[{"href":"https:\/\/fuentesfidedignas.com.mx\/index.php\/wp-json\/wp\/v2\/types\/post"}],"author":[{"embeddable":true,"href":"https:\/\/fuentesfidedignas.com.mx\/index.php\/wp-json\/wp\/v2\/users\/5"}],"replies":[{"embeddable":true,"href":"https:\/\/fuentesfidedignas.com.mx\/index.php\/wp-json\/wp\/v2\/comments?post=39775"}],"version-history":[{"count":1,"href":"https:\/\/fuentesfidedignas.com.mx\/index.php\/wp-json\/wp\/v2\/posts\/39775\/revisions"}],"predecessor-version":[{"id":39781,"href":"https:\/\/fuentesfidedignas.com.mx\/index.php\/wp-json\/wp\/v2\/posts\/39775\/revisions\/39781"}],"wp:featuredmedia":[{"embeddable":true,"href":"https:\/\/fuentesfidedignas.com.mx\/index.php\/wp-json\/wp\/v2\/media\/39780"}],"wp:attachment":[{"href":"https:\/\/fuentesfidedignas.com.mx\/index.php\/wp-json\/wp\/v2\/media?parent=39775"}],"wp:term":[{"taxonomy":"category","embeddable":true,"href":"https:\/\/fuentesfidedignas.com.mx\/index.php\/wp-json\/wp\/v2\/categories?post=39775"},{"taxonomy":"post_tag","embeddable":true,"href":"https:\/\/fuentesfidedignas.com.mx\/index.php\/wp-json\/wp\/v2\/tags?post=39775"}],"curies":[{"name":"wp","href":"https:\/\/api.w.org\/{rel}","templated":true}]}}