{"id":39703,"date":"2022-08-13T19:03:53","date_gmt":"2022-08-14T01:03:53","guid":{"rendered":"https:\/\/fuentesfidedignas.com.mx\/?p=39703"},"modified":"2022-08-13T19:03:55","modified_gmt":"2022-08-14T01:03:55","slug":"depresion-tropical-se-forma-en-el-pacifico-mexicano-y-provoca-lluvias-fuertes","status":"publish","type":"post","link":"https:\/\/fuentesfidedignas.com.mx\/index.php\/2022\/08\/13\/depresion-tropical-se-forma-en-el-pacifico-mexicano-y-provoca-lluvias-fuertes\/","title":{"rendered":"Depresi\u00f3n tropical se forma en el Pac\u00edfico mexicano y provoca lluvias fuertes"},"content":{"rendered":"\n<p><strong><em>El Meteorol\u00f3gico de M\u00e9xico pidi\u00f3 extremar precauciones a la poblaci\u00f3n en las zonas de los estados mencionados por lluvias, vientos fuertes y oleaje elevado.<\/em><\/strong><\/p>\n\n\n\n<p>Ciudad de M\u00e9xico.- La depresi\u00f3n tropical Diez-E se form\u00f3 este s\u00e1bado en el Pac\u00edfico mexicano, a partir de una baja presi\u00f3n y su circulaci\u00f3n refuerza la probabilidad de lluvias fuertes en Baja California Sur, inform\u00f3 el Servicio Meteorol\u00f3gico Nacional (SMN).<\/p>\n\n\n\n<p>En un comunicado, el SMN indic\u00f3 que a las 16.00 horas (21.00 GMT) el centro del fen\u00f3meno \u201cse localiz\u00f3 aproximadamente a 570 kil\u00f3metros (km) al sur-suroeste de Cabo San Lucas, Baja California Sur\u201d.<\/p>\n\n\n\n<p>Se indic\u00f3 que avanza con vientos m\u00e1ximos sostenidos de 55 kil\u00f3metros por hora (km\/h), rachas de 75 km\/h y desplazamiento hacia el oeste-noroeste a 17 km\/h.<\/p>\n\n\n\n<p>\u201cSu circulaci\u00f3n ocasiona oleaje de 1,5 a 2,5 metros (m) de altura en las costas de Baja California Sur, Colima y Jalisco y refuerza la probabilidad de lluvias fuertes en Baja California Sur y el occidente del pa\u00eds\u201d, se\u00f1al\u00f3 la nota.<\/p>\n\n\n\n<p>El Meteorol\u00f3gico de M\u00e9xico pidi\u00f3 extremar precauciones a la poblaci\u00f3n en las zonas de los estados mencionados por lluvias, vientos fuertes y oleaje elevado (incluyendo la navegaci\u00f3n mar\u00edtima) y atender las recomendaciones emitidas por las autoridades de Protecci\u00f3n Civil en cada entidad.<\/p>\n\n\n\n<p>Howard, la \u00faltima formaci\u00f3n registrada en el Pac\u00edfico, surgi\u00f3 como tormenta tropical el pasado domingo, evolucion\u00f3 el lunes a hurac\u00e1n categor\u00eda 1 y se debilit\u00f3 a tormenta tropical, sin representar peligro para M\u00e9xico.<\/p>\n\n\n\n<p>En lo que va de 2022 se han formado cerca de M\u00e9xico ocho ciclones: Howard, Frank, Estelle, Darby, Celia, Blas, Bonnie y Agatha, que fue el primer cicl\u00f3n de la temporada en este a\u00f1o.<\/p>\n\n\n\n<p>Hasta ahora solo Agatha, que lleg\u00f3 a hurac\u00e1n categor\u00eda 2 en las costas del estado de Oaxaca, ha sido el \u00fanico en ocasionar da\u00f1os en tierra dentro de una de las zonas m\u00e1s pobres del sur del pa\u00eds, al dejar nueve muertos y varios desaparecidos.<\/p>\n","protected":false},"excerpt":{"rendered":"<p>El Meteorol\u00f3gico de M\u00e9xico pidi\u00f3 extremar precauciones a la poblaci\u00f3n en las zonas de los estados mencionados por lluvias, vientos fuertes y oleaje elevado. Ciudad de M\u00e9xico.- La depresi\u00f3n tropical Diez-E se form\u00f3 este s\u00e1bado en el Pac\u00edfico mexicano, a partir de una baja presi\u00f3n y su circulaci\u00f3n refuerza la probabilidad de lluvias fuertes en [&hellip;]<\/p>\n","protected":false},"author":63,"featured_media":39704,"comment_status":"open","ping_status":"open","sticky":false,"template":"","format":"standard","meta":{"tdm_status":"","tdm_grid_status":"","footnotes":""},"categories":[39],"tags":[],"class_list":{"0":"post-39703","1":"post","2":"type-post","3":"status-publish","4":"format-standard","5":"has-post-thumbnail","7":"category-noticias-nacionales"},"yoast_head":"<!-- This site is optimized with the Yoast SEO plugin v27.5 - https:\/\/yoast.com\/product\/yoast-seo-wordpress\/ -->\n<title>Depresi\u00f3n tropical se forma en el Pac\u00edfico mexicano y provoca lluvias fuertes - Fuentes Fidedignas<\/title>\n<meta name=\"robots\" content=\"index, follow, max-snippet:-1, max-image-preview:large, max-video-preview:-1\" \/>\n<link rel=\"canonical\" href=\"https:\/\/fuentesfidedignas.com.mx\/index.php\/2022\/08\/13\/depresion-tropical-se-forma-en-el-pacifico-mexicano-y-provoca-lluvias-fuertes\/\" \/>\n<meta property=\"og:locale\" content=\"es_MX\" \/>\n<meta property=\"og:type\" content=\"article\" \/>\n<meta property=\"og:title\" content=\"Depresi\u00f3n tropical se forma en el Pac\u00edfico mexicano y provoca lluvias fuertes - Fuentes Fidedignas\" \/>\n<meta property=\"og:description\" content=\"El Meteorol\u00f3gico de M\u00e9xico pidi\u00f3 extremar precauciones a la poblaci\u00f3n en las zonas de los estados mencionados por lluvias, vientos fuertes y oleaje elevado. Ciudad de M\u00e9xico.- La depresi\u00f3n tropical Diez-E se form\u00f3 este s\u00e1bado en el Pac\u00edfico mexicano, a partir de una baja presi\u00f3n y su circulaci\u00f3n refuerza la probabilidad de lluvias fuertes en [&hellip;]\" \/>\n<meta property=\"og:url\" content=\"https:\/\/fuentesfidedignas.com.mx\/index.php\/2022\/08\/13\/depresion-tropical-se-forma-en-el-pacifico-mexicano-y-provoca-lluvias-fuertes\/\" \/>\n<meta property=\"og:site_name\" content=\"Fuentes Fidedignas\" \/>\n<meta property=\"article:publisher\" content=\"https:\/\/www.facebook.com\/Fuentes-Fidedignas-368234489921644\" \/>\n<meta property=\"article:published_time\" content=\"2022-08-14T01:03:53+00:00\" \/>\n<meta property=\"article:modified_time\" content=\"2022-08-14T01:03:55+00:00\" \/>\n<meta property=\"og:image\" content=\"https:\/\/fuentesfidedignas.com.mx\/wp-content\/uploads\/2022\/08\/TORMENTA_OCEANO.jpg\" \/>\n\t<meta property=\"og:image:width\" content=\"771\" \/>\n\t<meta property=\"og:image:height\" content=\"439\" \/>\n\t<meta property=\"og:image:type\" content=\"image\/jpeg\" \/>\n<meta name=\"author\" content=\"Servicio Meteorol\u00f3gico Nacional\" \/>\n<meta name=\"twitter:card\" content=\"summary_large_image\" \/>\n<meta name=\"twitter:creator\" content=\"@fidedignas\" \/>\n<meta name=\"twitter:site\" content=\"@fidedignas\" \/>\n<meta name=\"twitter:label1\" content=\"Escrito por\" \/>\n\t<meta name=\"twitter:data1\" content=\"Servicio Meteorol\u00f3gico Nacional\" \/>\n\t<meta name=\"twitter:label2\" content=\"Tiempo de lectura\" \/>\n\t<meta name=\"twitter:data2\" content=\"2 minutos\" \/>\n<script type=\"application\/ld+json\" class=\"yoast-schema-graph\">{\"@context\":\"https:\\\/\\\/schema.org\",\"@graph\":[{\"@type\":\"Article\",\"@id\":\"https:\\\/\\\/fuentesfidedignas.com.mx\\\/index.php\\\/2022\\\/08\\\/13\\\/depresion-tropical-se-forma-en-el-pacifico-mexicano-y-provoca-lluvias-fuertes\\\/#article\",\"isPartOf\":{\"@id\":\"https:\\\/\\\/fuentesfidedignas.com.mx\\\/index.php\\\/2022\\\/08\\\/13\\\/depresion-tropical-se-forma-en-el-pacifico-mexicano-y-provoca-lluvias-fuertes\\\/\"},\"author\":{\"name\":\"Servicio Meteorol\u00f3gico Nacional\",\"@id\":\"https:\\\/\\\/fuentesfidedignas.com.mx\\\/#\\\/schema\\\/person\\\/7f1302cc0e63ddabb10159d4a49bfd19\"},\"headline\":\"Depresi\u00f3n tropical se forma en el Pac\u00edfico mexicano y provoca lluvias fuertes\",\"datePublished\":\"2022-08-14T01:03:53+00:00\",\"dateModified\":\"2022-08-14T01:03:55+00:00\",\"mainEntityOfPage\":{\"@id\":\"https:\\\/\\\/fuentesfidedignas.com.mx\\\/index.php\\\/2022\\\/08\\\/13\\\/depresion-tropical-se-forma-en-el-pacifico-mexicano-y-provoca-lluvias-fuertes\\\/\"},\"wordCount\":361,\"commentCount\":0,\"publisher\":{\"@id\":\"https:\\\/\\\/fuentesfidedignas.com.mx\\\/#organization\"},\"image\":{\"@id\":\"https:\\\/\\\/fuentesfidedignas.com.mx\\\/index.php\\\/2022\\\/08\\\/13\\\/depresion-tropical-se-forma-en-el-pacifico-mexicano-y-provoca-lluvias-fuertes\\\/#primaryimage\"},\"thumbnailUrl\":\"https:\\\/\\\/fuentesfidedignas.com.mx\\\/wp-content\\\/uploads\\\/2022\\\/08\\\/TORMENTA_OCEANO.jpg\",\"articleSection\":[\"NOTICIAS NACIONALES\"],\"inLanguage\":\"es\",\"potentialAction\":[{\"@type\":\"CommentAction\",\"name\":\"Comment\",\"target\":[\"https:\\\/\\\/fuentesfidedignas.com.mx\\\/index.php\\\/2022\\\/08\\\/13\\\/depresion-tropical-se-forma-en-el-pacifico-mexicano-y-provoca-lluvias-fuertes\\\/#respond\"]}]},{\"@type\":\"WebPage\",\"@id\":\"https:\\\/\\\/fuentesfidedignas.com.mx\\\/index.php\\\/2022\\\/08\\\/13\\\/depresion-tropical-se-forma-en-el-pacifico-mexicano-y-provoca-lluvias-fuertes\\\/\",\"url\":\"https:\\\/\\\/fuentesfidedignas.com.mx\\\/index.php\\\/2022\\\/08\\\/13\\\/depresion-tropical-se-forma-en-el-pacifico-mexicano-y-provoca-lluvias-fuertes\\\/\",\"name\":\"Depresi\u00f3n tropical se forma en el Pac\u00edfico mexicano y provoca lluvias fuertes - Fuentes Fidedignas\",\"isPartOf\":{\"@id\":\"https:\\\/\\\/fuentesfidedignas.com.mx\\\/#website\"},\"primaryImageOfPage\":{\"@id\":\"https:\\\/\\\/fuentesfidedignas.com.mx\\\/index.php\\\/2022\\\/08\\\/13\\\/depresion-tropical-se-forma-en-el-pacifico-mexicano-y-provoca-lluvias-fuertes\\\/#primaryimage\"},\"image\":{\"@id\":\"https:\\\/\\\/fuentesfidedignas.com.mx\\\/index.php\\\/2022\\\/08\\\/13\\\/depresion-tropical-se-forma-en-el-pacifico-mexicano-y-provoca-lluvias-fuertes\\\/#primaryimage\"},\"thumbnailUrl\":\"https:\\\/\\\/fuentesfidedignas.com.mx\\\/wp-content\\\/uploads\\\/2022\\\/08\\\/TORMENTA_OCEANO.jpg\",\"datePublished\":\"2022-08-14T01:03:53+00:00\",\"dateModified\":\"2022-08-14T01:03:55+00:00\",\"breadcrumb\":{\"@id\":\"https:\\\/\\\/fuentesfidedignas.com.mx\\\/index.php\\\/2022\\\/08\\\/13\\\/depresion-tropical-se-forma-en-el-pacifico-mexicano-y-provoca-lluvias-fuertes\\\/#breadcrumb\"},\"inLanguage\":\"es\",\"potentialAction\":[{\"@type\":\"ReadAction\",\"target\":[\"https:\\\/\\\/fuentesfidedignas.com.mx\\\/index.php\\\/2022\\\/08\\\/13\\\/depresion-tropical-se-forma-en-el-pacifico-mexicano-y-provoca-lluvias-fuertes\\\/\"]}]},{\"@type\":\"ImageObject\",\"inLanguage\":\"es\",\"@id\":\"https:\\\/\\\/fuentesfidedignas.com.mx\\\/index.php\\\/2022\\\/08\\\/13\\\/depresion-tropical-se-forma-en-el-pacifico-mexicano-y-provoca-lluvias-fuertes\\\/#primaryimage\",\"url\":\"https:\\\/\\\/fuentesfidedignas.com.mx\\\/wp-content\\\/uploads\\\/2022\\\/08\\\/TORMENTA_OCEANO.jpg\",\"contentUrl\":\"https:\\\/\\\/fuentesfidedignas.com.mx\\\/wp-content\\\/uploads\\\/2022\\\/08\\\/TORMENTA_OCEANO.jpg\",\"width\":771,\"height\":439},{\"@type\":\"BreadcrumbList\",\"@id\":\"https:\\\/\\\/fuentesfidedignas.com.mx\\\/index.php\\\/2022\\\/08\\\/13\\\/depresion-tropical-se-forma-en-el-pacifico-mexicano-y-provoca-lluvias-fuertes\\\/#breadcrumb\",\"itemListElement\":[{\"@type\":\"ListItem\",\"position\":1,\"name\":\"Inicio\",\"item\":\"https:\\\/\\\/fuentesfidedignas.com.mx\\\/\"},{\"@type\":\"ListItem\",\"position\":2,\"name\":\"Depresi\u00f3n tropical se forma en el Pac\u00edfico mexicano y provoca lluvias fuertes\"}]},{\"@type\":\"WebSite\",\"@id\":\"https:\\\/\\\/fuentesfidedignas.com.mx\\\/#website\",\"url\":\"https:\\\/\\\/fuentesfidedignas.com.mx\\\/\",\"name\":\"Fuentes Fidedignas\",\"description\":\"Otro sitio realizado con WordPress\",\"publisher\":{\"@id\":\"https:\\\/\\\/fuentesfidedignas.com.mx\\\/#organization\"},\"potentialAction\":[{\"@type\":\"SearchAction\",\"target\":{\"@type\":\"EntryPoint\",\"urlTemplate\":\"https:\\\/\\\/fuentesfidedignas.com.mx\\\/?s={search_term_string}\"},\"query-input\":{\"@type\":\"PropertyValueSpecification\",\"valueRequired\":true,\"valueName\":\"search_term_string\"}}],\"inLanguage\":\"es\"},{\"@type\":\"Organization\",\"@id\":\"https:\\\/\\\/fuentesfidedignas.com.mx\\\/#organization\",\"name\":\"Fuentes Fidedignas\",\"url\":\"https:\\\/\\\/fuentesfidedignas.com.mx\\\/\",\"logo\":{\"@type\":\"ImageObject\",\"inLanguage\":\"es\",\"@id\":\"https:\\\/\\\/fuentesfidedignas.com.mx\\\/#\\\/schema\\\/logo\\\/image\\\/\",\"url\":\"https:\\\/\\\/fuentesfidedignas.com.mx\\\/wp-content\\\/uploads\\\/2021\\\/04\\\/logo-retina.png\",\"contentUrl\":\"https:\\\/\\\/fuentesfidedignas.com.mx\\\/wp-content\\\/uploads\\\/2021\\\/04\\\/logo-retina.png\",\"width\":280,\"height\":51,\"caption\":\"Fuentes Fidedignas\"},\"image\":{\"@id\":\"https:\\\/\\\/fuentesfidedignas.com.mx\\\/#\\\/schema\\\/logo\\\/image\\\/\"},\"sameAs\":[\"https:\\\/\\\/www.facebook.com\\\/Fuentes-Fidedignas-368234489921644\",\"https:\\\/\\\/x.com\\\/fidedignas\"]},{\"@type\":\"Person\",\"@id\":\"https:\\\/\\\/fuentesfidedignas.com.mx\\\/#\\\/schema\\\/person\\\/7f1302cc0e63ddabb10159d4a49bfd19\",\"name\":\"Servicio Meteorol\u00f3gico Nacional\",\"image\":{\"@type\":\"ImageObject\",\"inLanguage\":\"es\",\"@id\":\"https:\\\/\\\/secure.gravatar.com\\\/avatar\\\/c1822f58c3ca4caec83c5f909e65d63cb6c675c3d2364ec3bdfd6ffa24fb7e7c?s=96&d=mm&r=g\",\"url\":\"https:\\\/\\\/secure.gravatar.com\\\/avatar\\\/c1822f58c3ca4caec83c5f909e65d63cb6c675c3d2364ec3bdfd6ffa24fb7e7c?s=96&d=mm&r=g\",\"contentUrl\":\"https:\\\/\\\/secure.gravatar.com\\\/avatar\\\/c1822f58c3ca4caec83c5f909e65d63cb6c675c3d2364ec3bdfd6ffa24fb7e7c?s=96&d=mm&r=g\",\"caption\":\"Servicio Meteorol\u00f3gico Nacional\"},\"sameAs\":[\"https:\\\/\\\/smn.conagua.gob.mx\\\/es\\\/\"],\"url\":\"https:\\\/\\\/fuentesfidedignas.com.mx\\\/index.php\\\/author\\\/meteorologico\\\/\"}]}<\/script>\n<!-- \/ Yoast SEO plugin. -->","yoast_head_json":{"title":"Depresi\u00f3n tropical se forma en el Pac\u00edfico mexicano y provoca lluvias fuertes - Fuentes Fidedignas","robots":{"index":"index","follow":"follow","max-snippet":"max-snippet:-1","max-image-preview":"max-image-preview:large","max-video-preview":"max-video-preview:-1"},"canonical":"https:\/\/fuentesfidedignas.com.mx\/index.php\/2022\/08\/13\/depresion-tropical-se-forma-en-el-pacifico-mexicano-y-provoca-lluvias-fuertes\/","og_locale":"es_MX","og_type":"article","og_title":"Depresi\u00f3n tropical se forma en el Pac\u00edfico mexicano y provoca lluvias fuertes - Fuentes Fidedignas","og_description":"El Meteorol\u00f3gico de M\u00e9xico pidi\u00f3 extremar precauciones a la poblaci\u00f3n en las zonas de los estados mencionados por lluvias, vientos fuertes y oleaje elevado. Ciudad de M\u00e9xico.- La depresi\u00f3n tropical Diez-E se form\u00f3 este s\u00e1bado en el Pac\u00edfico mexicano, a partir de una baja presi\u00f3n y su circulaci\u00f3n refuerza la probabilidad de lluvias fuertes en [&hellip;]","og_url":"https:\/\/fuentesfidedignas.com.mx\/index.php\/2022\/08\/13\/depresion-tropical-se-forma-en-el-pacifico-mexicano-y-provoca-lluvias-fuertes\/","og_site_name":"Fuentes Fidedignas","article_publisher":"https:\/\/www.facebook.com\/Fuentes-Fidedignas-368234489921644","article_published_time":"2022-08-14T01:03:53+00:00","article_modified_time":"2022-08-14T01:03:55+00:00","og_image":[{"width":771,"height":439,"url":"https:\/\/fuentesfidedignas.com.mx\/wp-content\/uploads\/2022\/08\/TORMENTA_OCEANO.jpg","type":"image\/jpeg"}],"author":"Servicio Meteorol\u00f3gico Nacional","twitter_card":"summary_large_image","twitter_creator":"@fidedignas","twitter_site":"@fidedignas","twitter_misc":{"Escrito por":"Servicio Meteorol\u00f3gico Nacional","Tiempo de lectura":"2 minutos"},"schema":{"@context":"https:\/\/schema.org","@graph":[{"@type":"Article","@id":"https:\/\/fuentesfidedignas.com.mx\/index.php\/2022\/08\/13\/depresion-tropical-se-forma-en-el-pacifico-mexicano-y-provoca-lluvias-fuertes\/#article","isPartOf":{"@id":"https:\/\/fuentesfidedignas.com.mx\/index.php\/2022\/08\/13\/depresion-tropical-se-forma-en-el-pacifico-mexicano-y-provoca-lluvias-fuertes\/"},"author":{"name":"Servicio Meteorol\u00f3gico Nacional","@id":"https:\/\/fuentesfidedignas.com.mx\/#\/schema\/person\/7f1302cc0e63ddabb10159d4a49bfd19"},"headline":"Depresi\u00f3n tropical se forma en el Pac\u00edfico mexicano y provoca lluvias fuertes","datePublished":"2022-08-14T01:03:53+00:00","dateModified":"2022-08-14T01:03:55+00:00","mainEntityOfPage":{"@id":"https:\/\/fuentesfidedignas.com.mx\/index.php\/2022\/08\/13\/depresion-tropical-se-forma-en-el-pacifico-mexicano-y-provoca-lluvias-fuertes\/"},"wordCount":361,"commentCount":0,"publisher":{"@id":"https:\/\/fuentesfidedignas.com.mx\/#organization"},"image":{"@id":"https:\/\/fuentesfidedignas.com.mx\/index.php\/2022\/08\/13\/depresion-tropical-se-forma-en-el-pacifico-mexicano-y-provoca-lluvias-fuertes\/#primaryimage"},"thumbnailUrl":"https:\/\/fuentesfidedignas.com.mx\/wp-content\/uploads\/2022\/08\/TORMENTA_OCEANO.jpg","articleSection":["NOTICIAS NACIONALES"],"inLanguage":"es","potentialAction":[{"@type":"CommentAction","name":"Comment","target":["https:\/\/fuentesfidedignas.com.mx\/index.php\/2022\/08\/13\/depresion-tropical-se-forma-en-el-pacifico-mexicano-y-provoca-lluvias-fuertes\/#respond"]}]},{"@type":"WebPage","@id":"https:\/\/fuentesfidedignas.com.mx\/index.php\/2022\/08\/13\/depresion-tropical-se-forma-en-el-pacifico-mexicano-y-provoca-lluvias-fuertes\/","url":"https:\/\/fuentesfidedignas.com.mx\/index.php\/2022\/08\/13\/depresion-tropical-se-forma-en-el-pacifico-mexicano-y-provoca-lluvias-fuertes\/","name":"Depresi\u00f3n tropical se forma en el Pac\u00edfico mexicano y provoca lluvias fuertes - Fuentes Fidedignas","isPartOf":{"@id":"https:\/\/fuentesfidedignas.com.mx\/#website"},"primaryImageOfPage":{"@id":"https:\/\/fuentesfidedignas.com.mx\/index.php\/2022\/08\/13\/depresion-tropical-se-forma-en-el-pacifico-mexicano-y-provoca-lluvias-fuertes\/#primaryimage"},"image":{"@id":"https:\/\/fuentesfidedignas.com.mx\/index.php\/2022\/08\/13\/depresion-tropical-se-forma-en-el-pacifico-mexicano-y-provoca-lluvias-fuertes\/#primaryimage"},"thumbnailUrl":"https:\/\/fuentesfidedignas.com.mx\/wp-content\/uploads\/2022\/08\/TORMENTA_OCEANO.jpg","datePublished":"2022-08-14T01:03:53+00:00","dateModified":"2022-08-14T01:03:55+00:00","breadcrumb":{"@id":"https:\/\/fuentesfidedignas.com.mx\/index.php\/2022\/08\/13\/depresion-tropical-se-forma-en-el-pacifico-mexicano-y-provoca-lluvias-fuertes\/#breadcrumb"},"inLanguage":"es","potentialAction":[{"@type":"ReadAction","target":["https:\/\/fuentesfidedignas.com.mx\/index.php\/2022\/08\/13\/depresion-tropical-se-forma-en-el-pacifico-mexicano-y-provoca-lluvias-fuertes\/"]}]},{"@type":"ImageObject","inLanguage":"es","@id":"https:\/\/fuentesfidedignas.com.mx\/index.php\/2022\/08\/13\/depresion-tropical-se-forma-en-el-pacifico-mexicano-y-provoca-lluvias-fuertes\/#primaryimage","url":"https:\/\/fuentesfidedignas.com.mx\/wp-content\/uploads\/2022\/08\/TORMENTA_OCEANO.jpg","contentUrl":"https:\/\/fuentesfidedignas.com.mx\/wp-content\/uploads\/2022\/08\/TORMENTA_OCEANO.jpg","width":771,"height":439},{"@type":"BreadcrumbList","@id":"https:\/\/fuentesfidedignas.com.mx\/index.php\/2022\/08\/13\/depresion-tropical-se-forma-en-el-pacifico-mexicano-y-provoca-lluvias-fuertes\/#breadcrumb","itemListElement":[{"@type":"ListItem","position":1,"name":"Inicio","item":"https:\/\/fuentesfidedignas.com.mx\/"},{"@type":"ListItem","position":2,"name":"Depresi\u00f3n tropical se forma en el Pac\u00edfico mexicano y provoca lluvias fuertes"}]},{"@type":"WebSite","@id":"https:\/\/fuentesfidedignas.com.mx\/#website","url":"https:\/\/fuentesfidedignas.com.mx\/","name":"Fuentes Fidedignas","description":"Otro sitio realizado con WordPress","publisher":{"@id":"https:\/\/fuentesfidedignas.com.mx\/#organization"},"potentialAction":[{"@type":"SearchAction","target":{"@type":"EntryPoint","urlTemplate":"https:\/\/fuentesfidedignas.com.mx\/?s={search_term_string}"},"query-input":{"@type":"PropertyValueSpecification","valueRequired":true,"valueName":"search_term_string"}}],"inLanguage":"es"},{"@type":"Organization","@id":"https:\/\/fuentesfidedignas.com.mx\/#organization","name":"Fuentes Fidedignas","url":"https:\/\/fuentesfidedignas.com.mx\/","logo":{"@type":"ImageObject","inLanguage":"es","@id":"https:\/\/fuentesfidedignas.com.mx\/#\/schema\/logo\/image\/","url":"https:\/\/fuentesfidedignas.com.mx\/wp-content\/uploads\/2021\/04\/logo-retina.png","contentUrl":"https:\/\/fuentesfidedignas.com.mx\/wp-content\/uploads\/2021\/04\/logo-retina.png","width":280,"height":51,"caption":"Fuentes Fidedignas"},"image":{"@id":"https:\/\/fuentesfidedignas.com.mx\/#\/schema\/logo\/image\/"},"sameAs":["https:\/\/www.facebook.com\/Fuentes-Fidedignas-368234489921644","https:\/\/x.com\/fidedignas"]},{"@type":"Person","@id":"https:\/\/fuentesfidedignas.com.mx\/#\/schema\/person\/7f1302cc0e63ddabb10159d4a49bfd19","name":"Servicio Meteorol\u00f3gico Nacional","image":{"@type":"ImageObject","inLanguage":"es","@id":"https:\/\/secure.gravatar.com\/avatar\/c1822f58c3ca4caec83c5f909e65d63cb6c675c3d2364ec3bdfd6ffa24fb7e7c?s=96&d=mm&r=g","url":"https:\/\/secure.gravatar.com\/avatar\/c1822f58c3ca4caec83c5f909e65d63cb6c675c3d2364ec3bdfd6ffa24fb7e7c?s=96&d=mm&r=g","contentUrl":"https:\/\/secure.gravatar.com\/avatar\/c1822f58c3ca4caec83c5f909e65d63cb6c675c3d2364ec3bdfd6ffa24fb7e7c?s=96&d=mm&r=g","caption":"Servicio Meteorol\u00f3gico Nacional"},"sameAs":["https:\/\/smn.conagua.gob.mx\/es\/"],"url":"https:\/\/fuentesfidedignas.com.mx\/index.php\/author\/meteorologico\/"}]}},"_links":{"self":[{"href":"https:\/\/fuentesfidedignas.com.mx\/index.php\/wp-json\/wp\/v2\/posts\/39703","targetHints":{"allow":["GET"]}}],"collection":[{"href":"https:\/\/fuentesfidedignas.com.mx\/index.php\/wp-json\/wp\/v2\/posts"}],"about":[{"href":"https:\/\/fuentesfidedignas.com.mx\/index.php\/wp-json\/wp\/v2\/types\/post"}],"author":[{"embeddable":true,"href":"https:\/\/fuentesfidedignas.com.mx\/index.php\/wp-json\/wp\/v2\/users\/63"}],"replies":[{"embeddable":true,"href":"https:\/\/fuentesfidedignas.com.mx\/index.php\/wp-json\/wp\/v2\/comments?post=39703"}],"version-history":[{"count":1,"href":"https:\/\/fuentesfidedignas.com.mx\/index.php\/wp-json\/wp\/v2\/posts\/39703\/revisions"}],"predecessor-version":[{"id":39705,"href":"https:\/\/fuentesfidedignas.com.mx\/index.php\/wp-json\/wp\/v2\/posts\/39703\/revisions\/39705"}],"wp:featuredmedia":[{"embeddable":true,"href":"https:\/\/fuentesfidedignas.com.mx\/index.php\/wp-json\/wp\/v2\/media\/39704"}],"wp:attachment":[{"href":"https:\/\/fuentesfidedignas.com.mx\/index.php\/wp-json\/wp\/v2\/media?parent=39703"}],"wp:term":[{"taxonomy":"category","embeddable":true,"href":"https:\/\/fuentesfidedignas.com.mx\/index.php\/wp-json\/wp\/v2\/categories?post=39703"},{"taxonomy":"post_tag","embeddable":true,"href":"https:\/\/fuentesfidedignas.com.mx\/index.php\/wp-json\/wp\/v2\/tags?post=39703"}],"curies":[{"name":"wp","href":"https:\/\/api.w.org\/{rel}","templated":true}]}}