{"id":39691,"date":"2022-08-13T11:16:01","date_gmt":"2022-08-13T17:16:01","guid":{"rendered":"https:\/\/fuentesfidedignas.com.mx\/?p=39691"},"modified":"2022-08-13T11:16:03","modified_gmt":"2022-08-13T17:16:03","slug":"del-1-al-12-de-agosto-un-promedio-de-75-personas-fueron-asesinadas-al-dia-en-el-pais","status":"publish","type":"post","link":"https:\/\/fuentesfidedignas.com.mx\/index.php\/2022\/08\/13\/del-1-al-12-de-agosto-un-promedio-de-75-personas-fueron-asesinadas-al-dia-en-el-pais\/","title":{"rendered":"Del 1 al 12 de agosto, un promedio de 75 personas fueron asesinadas al d\u00eda en el pa\u00eds"},"content":{"rendered":"\n<p><strong><em>De acuerdo con el reporte diario del gabinete de Seguridad federal en lo que va del mes acumula 901 v\u00edctimas de homicidio doloso<\/em><\/strong><\/p>\n\n\n\n<p>Ciudad de M\u00e9xico.- Un promedio de 75 personas han sido asesinadas diariamente en el pa\u00eds del 1 al 12 de agosto, mes que acumula 901 v\u00edctimas de homicidio doloso, seg\u00fan el reporte diario del gabinete de seguridad federal.<\/p>\n\n\n\n<p>Guanajuato (108), Baja California (75), Chihuahua (65) y Jalisco (52), afectados por los recientes ataques del crimen organizado a la poblaci\u00f3n civil, comercios, veh\u00edculos y tiendas de conveniencia, figuran entre las entidades con m\u00e1s muertes intencionales en las primeras dos semanas de agosto.<\/p>\n\n\n\n<p>Cabe destacar que en 12 d\u00edas, Chihuahua suma 65 homicidios dolosos, de los cuales 14 se registraron el pasado jueves y 13 el 2 de agosto.<\/p>\n\n\n\n<p>Durante la inauguraci\u00f3n de la XXV Asamblea Plenaria de la Conferencia Nacional del Sistema Penitenciario, realizada en Veracruz, la titular de la Secretar\u00eda de Seguridad y Protecci\u00f3n Ciudadana, Rosa Icela Rodr\u00edguez Vel\u00e1zquez, presumi\u00f3 que la estrategia de seguridad del presidente Andr\u00e9s Manuel L\u00f3pez Obrador est\u00e1 dando resultados y es la gu\u00eda para lograr la pacificaci\u00f3n del pa\u00eds.<\/p>\n\n\n\n<p>Destac\u00f3 que el Ejecutivo federal encabeza todos los d\u00edas la reuni\u00f3n de Gabinete de Seguridad en Palacio Nacional, la cual, dijo, ha tenido \u00e9xito porque es la disciplina y la constancia las que llevan a tener resultados.<\/p>\n\n\n\n<p>&#8220;Con esa directriz, el propio jefe del Ejecutivo federal encabeza todos los d\u00edas el Gabinete de Seguridad, que me honro en coordinar, en donde se revisa la incidencia de delitos, las detenciones, los casos relevantes y distintos temas relacionados con la seguridad, como es el caso de todos los sucesos en los reclusorios federales y estatales&#8221;.<\/p>\n\n\n\n<p>Y a\u00f1adi\u00f3: &#8220;Es una actividad, esta de las reuniones de Gabinete, que se hace a nivel federal, pero tambi\u00e9n en los estados, como aqu\u00ed, en Veracruz, la Mesa de Paz y Seguridad, que es encabezada por el se\u00f1or gobernador Cuitl\u00e1huac Garc\u00eda. Y estas reuniones las hizo, -son probadas que tienen \u00e9xito, porque es la disciplina y la constancia que te lleva a tener resultados-, cuando el actual presidente era Jefe de Gobierno en la capital del pa\u00eds, y conjuntamente hac\u00eda este trabajo, estas reuniones, con las autoridades responsables de velar por la seguridad de los mexicanos&#8221;.<\/p>\n\n\n\n<p>Rodr\u00edguez Vel\u00e1zquez asegur\u00f3 que este esquema de trabajo ha permitido al gobierno federal actuar con inteligencia operativa en el territorio y tener resultados, en la mayor\u00eda de los delitos, de baja en la incidencia.<\/p>\n\n\n\n<p>&#8220;El gobierno del presidente L\u00f3pez Obrador tiene clara la pol\u00edtica de Cero Corrupci\u00f3n y Cero Impunidad. Antes no se sab\u00eda d\u00f3nde estaba la l\u00ednea de actuaci\u00f3n de la delincuencia y la autoridad. Hoy podemos decir con claridad que nosotros no tenemos pactos con delincuentes ni perseguimos intereses personales&#8221;.<\/p>\n\n\n\n<p>Suscr\u00edbete aqu\u00ed para recibir directo en tu correo nuestras newsletters sobre noticias del d\u00eda, opini\u00f3n, opciones para el fin de semana, Qatar 2022 y muchas opciones m\u00e1s.<\/p>\n","protected":false},"excerpt":{"rendered":"<p>De acuerdo con el reporte diario del gabinete de Seguridad federal en lo que va del mes acumula 901 v\u00edctimas de homicidio doloso Ciudad de M\u00e9xico.- Un promedio de 75 personas han sido asesinadas diariamente en el pa\u00eds del 1 al 12 de agosto, mes que acumula 901 v\u00edctimas de homicidio doloso, seg\u00fan el reporte [&hellip;]<\/p>\n","protected":false},"author":39,"featured_media":39692,"comment_status":"open","ping_status":"open","sticky":false,"template":"","format":"standard","meta":{"tdm_status":"","tdm_grid_status":"","footnotes":""},"categories":[39],"tags":[],"class_list":{"0":"post-39691","1":"post","2":"type-post","3":"status-publish","4":"format-standard","5":"has-post-thumbnail","7":"category-noticias-nacionales"},"yoast_head":"<!-- This site is optimized with the Yoast SEO plugin v27.4 - https:\/\/yoast.com\/product\/yoast-seo-wordpress\/ -->\n<title>Del 1 al 12 de agosto, un promedio de 75 personas fueron asesinadas al d\u00eda en el pa\u00eds - Fuentes Fidedignas<\/title>\n<meta name=\"robots\" content=\"index, follow, max-snippet:-1, max-image-preview:large, max-video-preview:-1\" \/>\n<link rel=\"canonical\" href=\"https:\/\/fuentesfidedignas.com.mx\/index.php\/2022\/08\/13\/del-1-al-12-de-agosto-un-promedio-de-75-personas-fueron-asesinadas-al-dia-en-el-pais\/\" \/>\n<meta property=\"og:locale\" content=\"es_MX\" \/>\n<meta property=\"og:type\" content=\"article\" \/>\n<meta property=\"og:title\" content=\"Del 1 al 12 de agosto, un promedio de 75 personas fueron asesinadas al d\u00eda en el pa\u00eds - Fuentes Fidedignas\" \/>\n<meta property=\"og:description\" content=\"De acuerdo con el reporte diario del gabinete de Seguridad federal en lo que va del mes acumula 901 v\u00edctimas de homicidio doloso Ciudad de M\u00e9xico.- Un promedio de 75 personas han sido asesinadas diariamente en el pa\u00eds del 1 al 12 de agosto, mes que acumula 901 v\u00edctimas de homicidio doloso, seg\u00fan el reporte [&hellip;]\" \/>\n<meta property=\"og:url\" content=\"https:\/\/fuentesfidedignas.com.mx\/index.php\/2022\/08\/13\/del-1-al-12-de-agosto-un-promedio-de-75-personas-fueron-asesinadas-al-dia-en-el-pais\/\" \/>\n<meta property=\"og:site_name\" content=\"Fuentes Fidedignas\" \/>\n<meta property=\"article:publisher\" content=\"https:\/\/www.facebook.com\/Fuentes-Fidedignas-368234489921644\" \/>\n<meta property=\"article:published_time\" content=\"2022-08-13T17:16:01+00:00\" \/>\n<meta property=\"article:modified_time\" content=\"2022-08-13T17:16:03+00:00\" \/>\n<meta property=\"og:image\" content=\"https:\/\/fuentesfidedignas.com.mx\/wp-content\/uploads\/2022\/08\/CINTA.jpg\" \/>\n\t<meta property=\"og:image:width\" content=\"1348\" \/>\n\t<meta property=\"og:image:height\" content=\"738\" \/>\n\t<meta property=\"og:image:type\" content=\"image\/jpeg\" \/>\n<meta name=\"author\" content=\"El Universal\" \/>\n<meta name=\"twitter:card\" content=\"summary_large_image\" \/>\n<meta name=\"twitter:creator\" content=\"@fidedignas\" \/>\n<meta name=\"twitter:site\" content=\"@fidedignas\" \/>\n<meta name=\"twitter:label1\" content=\"Escrito por\" \/>\n\t<meta name=\"twitter:data1\" content=\"El Universal\" \/>\n\t<meta name=\"twitter:label2\" content=\"Tiempo de lectura\" \/>\n\t<meta name=\"twitter:data2\" content=\"3 minutos\" \/>\n<script type=\"application\/ld+json\" class=\"yoast-schema-graph\">{\"@context\":\"https:\\\/\\\/schema.org\",\"@graph\":[{\"@type\":\"Article\",\"@id\":\"https:\\\/\\\/fuentesfidedignas.com.mx\\\/index.php\\\/2022\\\/08\\\/13\\\/del-1-al-12-de-agosto-un-promedio-de-75-personas-fueron-asesinadas-al-dia-en-el-pais\\\/#article\",\"isPartOf\":{\"@id\":\"https:\\\/\\\/fuentesfidedignas.com.mx\\\/index.php\\\/2022\\\/08\\\/13\\\/del-1-al-12-de-agosto-un-promedio-de-75-personas-fueron-asesinadas-al-dia-en-el-pais\\\/\"},\"author\":{\"name\":\"El Universal\",\"@id\":\"https:\\\/\\\/fuentesfidedignas.com.mx\\\/#\\\/schema\\\/person\\\/fee3882e65fd0510d292c43a346d35d7\"},\"headline\":\"Del 1 al 12 de agosto, un promedio de 75 personas fueron asesinadas al d\u00eda en el pa\u00eds\",\"datePublished\":\"2022-08-13T17:16:01+00:00\",\"dateModified\":\"2022-08-13T17:16:03+00:00\",\"mainEntityOfPage\":{\"@id\":\"https:\\\/\\\/fuentesfidedignas.com.mx\\\/index.php\\\/2022\\\/08\\\/13\\\/del-1-al-12-de-agosto-un-promedio-de-75-personas-fueron-asesinadas-al-dia-en-el-pais\\\/\"},\"wordCount\":531,\"commentCount\":0,\"publisher\":{\"@id\":\"https:\\\/\\\/fuentesfidedignas.com.mx\\\/#organization\"},\"image\":{\"@id\":\"https:\\\/\\\/fuentesfidedignas.com.mx\\\/index.php\\\/2022\\\/08\\\/13\\\/del-1-al-12-de-agosto-un-promedio-de-75-personas-fueron-asesinadas-al-dia-en-el-pais\\\/#primaryimage\"},\"thumbnailUrl\":\"https:\\\/\\\/fuentesfidedignas.com.mx\\\/wp-content\\\/uploads\\\/2022\\\/08\\\/CINTA.jpg\",\"articleSection\":[\"NOTICIAS NACIONALES\"],\"inLanguage\":\"es\",\"potentialAction\":[{\"@type\":\"CommentAction\",\"name\":\"Comment\",\"target\":[\"https:\\\/\\\/fuentesfidedignas.com.mx\\\/index.php\\\/2022\\\/08\\\/13\\\/del-1-al-12-de-agosto-un-promedio-de-75-personas-fueron-asesinadas-al-dia-en-el-pais\\\/#respond\"]}]},{\"@type\":\"WebPage\",\"@id\":\"https:\\\/\\\/fuentesfidedignas.com.mx\\\/index.php\\\/2022\\\/08\\\/13\\\/del-1-al-12-de-agosto-un-promedio-de-75-personas-fueron-asesinadas-al-dia-en-el-pais\\\/\",\"url\":\"https:\\\/\\\/fuentesfidedignas.com.mx\\\/index.php\\\/2022\\\/08\\\/13\\\/del-1-al-12-de-agosto-un-promedio-de-75-personas-fueron-asesinadas-al-dia-en-el-pais\\\/\",\"name\":\"Del 1 al 12 de agosto, un promedio de 75 personas fueron asesinadas al d\u00eda en el pa\u00eds - Fuentes Fidedignas\",\"isPartOf\":{\"@id\":\"https:\\\/\\\/fuentesfidedignas.com.mx\\\/#website\"},\"primaryImageOfPage\":{\"@id\":\"https:\\\/\\\/fuentesfidedignas.com.mx\\\/index.php\\\/2022\\\/08\\\/13\\\/del-1-al-12-de-agosto-un-promedio-de-75-personas-fueron-asesinadas-al-dia-en-el-pais\\\/#primaryimage\"},\"image\":{\"@id\":\"https:\\\/\\\/fuentesfidedignas.com.mx\\\/index.php\\\/2022\\\/08\\\/13\\\/del-1-al-12-de-agosto-un-promedio-de-75-personas-fueron-asesinadas-al-dia-en-el-pais\\\/#primaryimage\"},\"thumbnailUrl\":\"https:\\\/\\\/fuentesfidedignas.com.mx\\\/wp-content\\\/uploads\\\/2022\\\/08\\\/CINTA.jpg\",\"datePublished\":\"2022-08-13T17:16:01+00:00\",\"dateModified\":\"2022-08-13T17:16:03+00:00\",\"breadcrumb\":{\"@id\":\"https:\\\/\\\/fuentesfidedignas.com.mx\\\/index.php\\\/2022\\\/08\\\/13\\\/del-1-al-12-de-agosto-un-promedio-de-75-personas-fueron-asesinadas-al-dia-en-el-pais\\\/#breadcrumb\"},\"inLanguage\":\"es\",\"potentialAction\":[{\"@type\":\"ReadAction\",\"target\":[\"https:\\\/\\\/fuentesfidedignas.com.mx\\\/index.php\\\/2022\\\/08\\\/13\\\/del-1-al-12-de-agosto-un-promedio-de-75-personas-fueron-asesinadas-al-dia-en-el-pais\\\/\"]}]},{\"@type\":\"ImageObject\",\"inLanguage\":\"es\",\"@id\":\"https:\\\/\\\/fuentesfidedignas.com.mx\\\/index.php\\\/2022\\\/08\\\/13\\\/del-1-al-12-de-agosto-un-promedio-de-75-personas-fueron-asesinadas-al-dia-en-el-pais\\\/#primaryimage\",\"url\":\"https:\\\/\\\/fuentesfidedignas.com.mx\\\/wp-content\\\/uploads\\\/2022\\\/08\\\/CINTA.jpg\",\"contentUrl\":\"https:\\\/\\\/fuentesfidedignas.com.mx\\\/wp-content\\\/uploads\\\/2022\\\/08\\\/CINTA.jpg\",\"width\":1348,\"height\":738},{\"@type\":\"BreadcrumbList\",\"@id\":\"https:\\\/\\\/fuentesfidedignas.com.mx\\\/index.php\\\/2022\\\/08\\\/13\\\/del-1-al-12-de-agosto-un-promedio-de-75-personas-fueron-asesinadas-al-dia-en-el-pais\\\/#breadcrumb\",\"itemListElement\":[{\"@type\":\"ListItem\",\"position\":1,\"name\":\"Inicio\",\"item\":\"https:\\\/\\\/fuentesfidedignas.com.mx\\\/\"},{\"@type\":\"ListItem\",\"position\":2,\"name\":\"Del 1 al 12 de agosto, un promedio de 75 personas fueron asesinadas al d\u00eda en el pa\u00eds\"}]},{\"@type\":\"WebSite\",\"@id\":\"https:\\\/\\\/fuentesfidedignas.com.mx\\\/#website\",\"url\":\"https:\\\/\\\/fuentesfidedignas.com.mx\\\/\",\"name\":\"Fuentes Fidedignas\",\"description\":\"Otro sitio realizado con WordPress\",\"publisher\":{\"@id\":\"https:\\\/\\\/fuentesfidedignas.com.mx\\\/#organization\"},\"potentialAction\":[{\"@type\":\"SearchAction\",\"target\":{\"@type\":\"EntryPoint\",\"urlTemplate\":\"https:\\\/\\\/fuentesfidedignas.com.mx\\\/?s={search_term_string}\"},\"query-input\":{\"@type\":\"PropertyValueSpecification\",\"valueRequired\":true,\"valueName\":\"search_term_string\"}}],\"inLanguage\":\"es\"},{\"@type\":\"Organization\",\"@id\":\"https:\\\/\\\/fuentesfidedignas.com.mx\\\/#organization\",\"name\":\"Fuentes Fidedignas\",\"url\":\"https:\\\/\\\/fuentesfidedignas.com.mx\\\/\",\"logo\":{\"@type\":\"ImageObject\",\"inLanguage\":\"es\",\"@id\":\"https:\\\/\\\/fuentesfidedignas.com.mx\\\/#\\\/schema\\\/logo\\\/image\\\/\",\"url\":\"https:\\\/\\\/fuentesfidedignas.com.mx\\\/wp-content\\\/uploads\\\/2021\\\/04\\\/logo-retina.png\",\"contentUrl\":\"https:\\\/\\\/fuentesfidedignas.com.mx\\\/wp-content\\\/uploads\\\/2021\\\/04\\\/logo-retina.png\",\"width\":280,\"height\":51,\"caption\":\"Fuentes Fidedignas\"},\"image\":{\"@id\":\"https:\\\/\\\/fuentesfidedignas.com.mx\\\/#\\\/schema\\\/logo\\\/image\\\/\"},\"sameAs\":[\"https:\\\/\\\/www.facebook.com\\\/Fuentes-Fidedignas-368234489921644\",\"https:\\\/\\\/x.com\\\/fidedignas\"]},{\"@type\":\"Person\",\"@id\":\"https:\\\/\\\/fuentesfidedignas.com.mx\\\/#\\\/schema\\\/person\\\/fee3882e65fd0510d292c43a346d35d7\",\"name\":\"El Universal\",\"image\":{\"@type\":\"ImageObject\",\"inLanguage\":\"es\",\"@id\":\"https:\\\/\\\/secure.gravatar.com\\\/avatar\\\/1ebc94d82b6c3c081781f73e5b76a0d0c1ac7bf8e57426f18802246eeaa2747c?s=96&d=mm&r=g\",\"url\":\"https:\\\/\\\/secure.gravatar.com\\\/avatar\\\/1ebc94d82b6c3c081781f73e5b76a0d0c1ac7bf8e57426f18802246eeaa2747c?s=96&d=mm&r=g\",\"contentUrl\":\"https:\\\/\\\/secure.gravatar.com\\\/avatar\\\/1ebc94d82b6c3c081781f73e5b76a0d0c1ac7bf8e57426f18802246eeaa2747c?s=96&d=mm&r=g\",\"caption\":\"El Universal\"},\"url\":\"https:\\\/\\\/fuentesfidedignas.com.mx\\\/index.php\\\/author\\\/el-universal\\\/\"}]}<\/script>\n<!-- \/ Yoast SEO plugin. -->","yoast_head_json":{"title":"Del 1 al 12 de agosto, un promedio de 75 personas fueron asesinadas al d\u00eda en el pa\u00eds - Fuentes Fidedignas","robots":{"index":"index","follow":"follow","max-snippet":"max-snippet:-1","max-image-preview":"max-image-preview:large","max-video-preview":"max-video-preview:-1"},"canonical":"https:\/\/fuentesfidedignas.com.mx\/index.php\/2022\/08\/13\/del-1-al-12-de-agosto-un-promedio-de-75-personas-fueron-asesinadas-al-dia-en-el-pais\/","og_locale":"es_MX","og_type":"article","og_title":"Del 1 al 12 de agosto, un promedio de 75 personas fueron asesinadas al d\u00eda en el pa\u00eds - Fuentes Fidedignas","og_description":"De acuerdo con el reporte diario del gabinete de Seguridad federal en lo que va del mes acumula 901 v\u00edctimas de homicidio doloso Ciudad de M\u00e9xico.- Un promedio de 75 personas han sido asesinadas diariamente en el pa\u00eds del 1 al 12 de agosto, mes que acumula 901 v\u00edctimas de homicidio doloso, seg\u00fan el reporte [&hellip;]","og_url":"https:\/\/fuentesfidedignas.com.mx\/index.php\/2022\/08\/13\/del-1-al-12-de-agosto-un-promedio-de-75-personas-fueron-asesinadas-al-dia-en-el-pais\/","og_site_name":"Fuentes Fidedignas","article_publisher":"https:\/\/www.facebook.com\/Fuentes-Fidedignas-368234489921644","article_published_time":"2022-08-13T17:16:01+00:00","article_modified_time":"2022-08-13T17:16:03+00:00","og_image":[{"width":1348,"height":738,"url":"https:\/\/fuentesfidedignas.com.mx\/wp-content\/uploads\/2022\/08\/CINTA.jpg","type":"image\/jpeg"}],"author":"El Universal","twitter_card":"summary_large_image","twitter_creator":"@fidedignas","twitter_site":"@fidedignas","twitter_misc":{"Escrito por":"El Universal","Tiempo de lectura":"3 minutos"},"schema":{"@context":"https:\/\/schema.org","@graph":[{"@type":"Article","@id":"https:\/\/fuentesfidedignas.com.mx\/index.php\/2022\/08\/13\/del-1-al-12-de-agosto-un-promedio-de-75-personas-fueron-asesinadas-al-dia-en-el-pais\/#article","isPartOf":{"@id":"https:\/\/fuentesfidedignas.com.mx\/index.php\/2022\/08\/13\/del-1-al-12-de-agosto-un-promedio-de-75-personas-fueron-asesinadas-al-dia-en-el-pais\/"},"author":{"name":"El Universal","@id":"https:\/\/fuentesfidedignas.com.mx\/#\/schema\/person\/fee3882e65fd0510d292c43a346d35d7"},"headline":"Del 1 al 12 de agosto, un promedio de 75 personas fueron asesinadas al d\u00eda en el pa\u00eds","datePublished":"2022-08-13T17:16:01+00:00","dateModified":"2022-08-13T17:16:03+00:00","mainEntityOfPage":{"@id":"https:\/\/fuentesfidedignas.com.mx\/index.php\/2022\/08\/13\/del-1-al-12-de-agosto-un-promedio-de-75-personas-fueron-asesinadas-al-dia-en-el-pais\/"},"wordCount":531,"commentCount":0,"publisher":{"@id":"https:\/\/fuentesfidedignas.com.mx\/#organization"},"image":{"@id":"https:\/\/fuentesfidedignas.com.mx\/index.php\/2022\/08\/13\/del-1-al-12-de-agosto-un-promedio-de-75-personas-fueron-asesinadas-al-dia-en-el-pais\/#primaryimage"},"thumbnailUrl":"https:\/\/fuentesfidedignas.com.mx\/wp-content\/uploads\/2022\/08\/CINTA.jpg","articleSection":["NOTICIAS NACIONALES"],"inLanguage":"es","potentialAction":[{"@type":"CommentAction","name":"Comment","target":["https:\/\/fuentesfidedignas.com.mx\/index.php\/2022\/08\/13\/del-1-al-12-de-agosto-un-promedio-de-75-personas-fueron-asesinadas-al-dia-en-el-pais\/#respond"]}]},{"@type":"WebPage","@id":"https:\/\/fuentesfidedignas.com.mx\/index.php\/2022\/08\/13\/del-1-al-12-de-agosto-un-promedio-de-75-personas-fueron-asesinadas-al-dia-en-el-pais\/","url":"https:\/\/fuentesfidedignas.com.mx\/index.php\/2022\/08\/13\/del-1-al-12-de-agosto-un-promedio-de-75-personas-fueron-asesinadas-al-dia-en-el-pais\/","name":"Del 1 al 12 de agosto, un promedio de 75 personas fueron asesinadas al d\u00eda en el pa\u00eds - Fuentes Fidedignas","isPartOf":{"@id":"https:\/\/fuentesfidedignas.com.mx\/#website"},"primaryImageOfPage":{"@id":"https:\/\/fuentesfidedignas.com.mx\/index.php\/2022\/08\/13\/del-1-al-12-de-agosto-un-promedio-de-75-personas-fueron-asesinadas-al-dia-en-el-pais\/#primaryimage"},"image":{"@id":"https:\/\/fuentesfidedignas.com.mx\/index.php\/2022\/08\/13\/del-1-al-12-de-agosto-un-promedio-de-75-personas-fueron-asesinadas-al-dia-en-el-pais\/#primaryimage"},"thumbnailUrl":"https:\/\/fuentesfidedignas.com.mx\/wp-content\/uploads\/2022\/08\/CINTA.jpg","datePublished":"2022-08-13T17:16:01+00:00","dateModified":"2022-08-13T17:16:03+00:00","breadcrumb":{"@id":"https:\/\/fuentesfidedignas.com.mx\/index.php\/2022\/08\/13\/del-1-al-12-de-agosto-un-promedio-de-75-personas-fueron-asesinadas-al-dia-en-el-pais\/#breadcrumb"},"inLanguage":"es","potentialAction":[{"@type":"ReadAction","target":["https:\/\/fuentesfidedignas.com.mx\/index.php\/2022\/08\/13\/del-1-al-12-de-agosto-un-promedio-de-75-personas-fueron-asesinadas-al-dia-en-el-pais\/"]}]},{"@type":"ImageObject","inLanguage":"es","@id":"https:\/\/fuentesfidedignas.com.mx\/index.php\/2022\/08\/13\/del-1-al-12-de-agosto-un-promedio-de-75-personas-fueron-asesinadas-al-dia-en-el-pais\/#primaryimage","url":"https:\/\/fuentesfidedignas.com.mx\/wp-content\/uploads\/2022\/08\/CINTA.jpg","contentUrl":"https:\/\/fuentesfidedignas.com.mx\/wp-content\/uploads\/2022\/08\/CINTA.jpg","width":1348,"height":738},{"@type":"BreadcrumbList","@id":"https:\/\/fuentesfidedignas.com.mx\/index.php\/2022\/08\/13\/del-1-al-12-de-agosto-un-promedio-de-75-personas-fueron-asesinadas-al-dia-en-el-pais\/#breadcrumb","itemListElement":[{"@type":"ListItem","position":1,"name":"Inicio","item":"https:\/\/fuentesfidedignas.com.mx\/"},{"@type":"ListItem","position":2,"name":"Del 1 al 12 de agosto, un promedio de 75 personas fueron asesinadas al d\u00eda en el pa\u00eds"}]},{"@type":"WebSite","@id":"https:\/\/fuentesfidedignas.com.mx\/#website","url":"https:\/\/fuentesfidedignas.com.mx\/","name":"Fuentes Fidedignas","description":"Otro sitio realizado con WordPress","publisher":{"@id":"https:\/\/fuentesfidedignas.com.mx\/#organization"},"potentialAction":[{"@type":"SearchAction","target":{"@type":"EntryPoint","urlTemplate":"https:\/\/fuentesfidedignas.com.mx\/?s={search_term_string}"},"query-input":{"@type":"PropertyValueSpecification","valueRequired":true,"valueName":"search_term_string"}}],"inLanguage":"es"},{"@type":"Organization","@id":"https:\/\/fuentesfidedignas.com.mx\/#organization","name":"Fuentes Fidedignas","url":"https:\/\/fuentesfidedignas.com.mx\/","logo":{"@type":"ImageObject","inLanguage":"es","@id":"https:\/\/fuentesfidedignas.com.mx\/#\/schema\/logo\/image\/","url":"https:\/\/fuentesfidedignas.com.mx\/wp-content\/uploads\/2021\/04\/logo-retina.png","contentUrl":"https:\/\/fuentesfidedignas.com.mx\/wp-content\/uploads\/2021\/04\/logo-retina.png","width":280,"height":51,"caption":"Fuentes Fidedignas"},"image":{"@id":"https:\/\/fuentesfidedignas.com.mx\/#\/schema\/logo\/image\/"},"sameAs":["https:\/\/www.facebook.com\/Fuentes-Fidedignas-368234489921644","https:\/\/x.com\/fidedignas"]},{"@type":"Person","@id":"https:\/\/fuentesfidedignas.com.mx\/#\/schema\/person\/fee3882e65fd0510d292c43a346d35d7","name":"El Universal","image":{"@type":"ImageObject","inLanguage":"es","@id":"https:\/\/secure.gravatar.com\/avatar\/1ebc94d82b6c3c081781f73e5b76a0d0c1ac7bf8e57426f18802246eeaa2747c?s=96&d=mm&r=g","url":"https:\/\/secure.gravatar.com\/avatar\/1ebc94d82b6c3c081781f73e5b76a0d0c1ac7bf8e57426f18802246eeaa2747c?s=96&d=mm&r=g","contentUrl":"https:\/\/secure.gravatar.com\/avatar\/1ebc94d82b6c3c081781f73e5b76a0d0c1ac7bf8e57426f18802246eeaa2747c?s=96&d=mm&r=g","caption":"El Universal"},"url":"https:\/\/fuentesfidedignas.com.mx\/index.php\/author\/el-universal\/"}]}},"_links":{"self":[{"href":"https:\/\/fuentesfidedignas.com.mx\/index.php\/wp-json\/wp\/v2\/posts\/39691","targetHints":{"allow":["GET"]}}],"collection":[{"href":"https:\/\/fuentesfidedignas.com.mx\/index.php\/wp-json\/wp\/v2\/posts"}],"about":[{"href":"https:\/\/fuentesfidedignas.com.mx\/index.php\/wp-json\/wp\/v2\/types\/post"}],"author":[{"embeddable":true,"href":"https:\/\/fuentesfidedignas.com.mx\/index.php\/wp-json\/wp\/v2\/users\/39"}],"replies":[{"embeddable":true,"href":"https:\/\/fuentesfidedignas.com.mx\/index.php\/wp-json\/wp\/v2\/comments?post=39691"}],"version-history":[{"count":1,"href":"https:\/\/fuentesfidedignas.com.mx\/index.php\/wp-json\/wp\/v2\/posts\/39691\/revisions"}],"predecessor-version":[{"id":39693,"href":"https:\/\/fuentesfidedignas.com.mx\/index.php\/wp-json\/wp\/v2\/posts\/39691\/revisions\/39693"}],"wp:featuredmedia":[{"embeddable":true,"href":"https:\/\/fuentesfidedignas.com.mx\/index.php\/wp-json\/wp\/v2\/media\/39692"}],"wp:attachment":[{"href":"https:\/\/fuentesfidedignas.com.mx\/index.php\/wp-json\/wp\/v2\/media?parent=39691"}],"wp:term":[{"taxonomy":"category","embeddable":true,"href":"https:\/\/fuentesfidedignas.com.mx\/index.php\/wp-json\/wp\/v2\/categories?post=39691"},{"taxonomy":"post_tag","embeddable":true,"href":"https:\/\/fuentesfidedignas.com.mx\/index.php\/wp-json\/wp\/v2\/tags?post=39691"}],"curies":[{"name":"wp","href":"https:\/\/api.w.org\/{rel}","templated":true}]}}