{"id":39674,"date":"2022-08-13T09:45:48","date_gmt":"2022-08-13T15:45:48","guid":{"rendered":"https:\/\/fuentesfidedignas.com.mx\/?p=39674"},"modified":"2022-08-13T09:45:49","modified_gmt":"2022-08-13T15:45:49","slug":"guanajuato-registra-nuevos-y-violentos-enfrentamientos-entre-policias-y-grupos-criminales","status":"publish","type":"post","link":"https:\/\/fuentesfidedignas.com.mx\/index.php\/2022\/08\/13\/guanajuato-registra-nuevos-y-violentos-enfrentamientos-entre-policias-y-grupos-criminales\/","title":{"rendered":"Guanajuato registra nuevos y violentos enfrentamientos entre polic\u00edas y grupos criminales"},"content":{"rendered":"\n<p><strong><em>La Secretaria de Seguridad P\u00fablica del estado de Guanajuato, inform\u00f3 que se registraron enfrentamientos armados entre polic\u00edas estatales y grupos del crimen organizado.<\/em><\/strong><\/p>\n\n\n\n<p>Ciudad de M\u00e9xico.- La Secretaria de Seguridad P\u00fablica del estado de Guanajuato, inform\u00f3 que la tarde de este viernes 12 de agosto se registraron enfrentamientos armados entre polic\u00edas estatales y grupos del crimen organizado.<\/p>\n\n\n\n<p>El primero se registr\u00f3 en la comunidad de Urireo en Santa Cruz de Juventino Rosas, en donde, un grupo armado atac\u00f3 dos patrullas de las fuerzas del estado que realizaban patrullajes de prevenci\u00f3n del delito, los polic\u00edas estatales repelieron la agresi\u00f3n y los delincuentes quemaron una camioneta en su huida.<\/p>\n\n\n\n<p>M\u00e1s tarde se registr\u00f3 otro enfrentamiento en la carretera Celaya- San Miguel de Allende, a la altura de la comunidad de Empalme Escobedo, donde los delincuentes quemaron otra camioneta.<\/p>\n\n\n\n<p>Tambi\u00e9n se report\u00f3 un veh\u00edculo quemando en la carretera Celaya-Salvatierra.<\/p>\n\n\n\n<p>En ninguno de los tres enfrentamientos se reportan personas lesionadas o detenidas.<\/p>\n","protected":false},"excerpt":{"rendered":"<p>La Secretaria de Seguridad P\u00fablica del estado de Guanajuato, inform\u00f3 que se registraron enfrentamientos armados entre polic\u00edas estatales y grupos del crimen organizado. Ciudad de M\u00e9xico.- La Secretaria de Seguridad P\u00fablica del estado de Guanajuato, inform\u00f3 que la tarde de este viernes 12 de agosto se registraron enfrentamientos armados entre polic\u00edas estatales y grupos del [&hellip;]<\/p>\n","protected":false},"author":46,"featured_media":39679,"comment_status":"open","ping_status":"open","sticky":false,"template":"","format":"standard","meta":{"tdm_status":"","tdm_grid_status":"","footnotes":""},"categories":[39],"tags":[],"class_list":{"0":"post-39674","1":"post","2":"type-post","3":"status-publish","4":"format-standard","5":"has-post-thumbnail","7":"category-noticias-nacionales"},"yoast_head":"<!-- This site is optimized with the Yoast SEO plugin v27.5 - https:\/\/yoast.com\/product\/yoast-seo-wordpress\/ -->\n<title>Guanajuato registra nuevos y violentos enfrentamientos entre polic\u00edas y grupos criminales - Fuentes Fidedignas<\/title>\n<meta name=\"robots\" content=\"index, follow, max-snippet:-1, max-image-preview:large, max-video-preview:-1\" \/>\n<link rel=\"canonical\" href=\"https:\/\/fuentesfidedignas.com.mx\/index.php\/2022\/08\/13\/guanajuato-registra-nuevos-y-violentos-enfrentamientos-entre-policias-y-grupos-criminales\/\" \/>\n<meta property=\"og:locale\" content=\"es_MX\" \/>\n<meta property=\"og:type\" content=\"article\" \/>\n<meta property=\"og:title\" content=\"Guanajuato registra nuevos y violentos enfrentamientos entre polic\u00edas y grupos criminales - Fuentes Fidedignas\" \/>\n<meta property=\"og:description\" content=\"La Secretaria de Seguridad P\u00fablica del estado de Guanajuato, inform\u00f3 que se registraron enfrentamientos armados entre polic\u00edas estatales y grupos del crimen organizado. Ciudad de M\u00e9xico.- La Secretaria de Seguridad P\u00fablica del estado de Guanajuato, inform\u00f3 que la tarde de este viernes 12 de agosto se registraron enfrentamientos armados entre polic\u00edas estatales y grupos del [&hellip;]\" \/>\n<meta property=\"og:url\" content=\"https:\/\/fuentesfidedignas.com.mx\/index.php\/2022\/08\/13\/guanajuato-registra-nuevos-y-violentos-enfrentamientos-entre-policias-y-grupos-criminales\/\" \/>\n<meta property=\"og:site_name\" content=\"Fuentes Fidedignas\" \/>\n<meta property=\"article:publisher\" content=\"https:\/\/www.facebook.com\/Fuentes-Fidedignas-368234489921644\" \/>\n<meta property=\"article:published_time\" content=\"2022-08-13T15:45:48+00:00\" \/>\n<meta property=\"article:modified_time\" content=\"2022-08-13T15:45:49+00:00\" \/>\n<meta property=\"og:image\" content=\"https:\/\/fuentesfidedignas.com.mx\/wp-content\/uploads\/2022\/08\/guana.jpg\" \/>\n\t<meta property=\"og:image:width\" content=\"1000\" \/>\n\t<meta property=\"og:image:height\" content=\"580\" \/>\n\t<meta property=\"og:image:type\" content=\"image\/jpeg\" \/>\n<meta name=\"author\" content=\"Noticieros Televisa\" \/>\n<meta name=\"twitter:card\" content=\"summary_large_image\" \/>\n<meta name=\"twitter:creator\" content=\"@fidedignas\" \/>\n<meta name=\"twitter:site\" content=\"@fidedignas\" \/>\n<meta name=\"twitter:label1\" content=\"Escrito por\" \/>\n\t<meta name=\"twitter:data1\" content=\"Noticieros Televisa\" \/>\n\t<meta name=\"twitter:label2\" content=\"Tiempo de lectura\" \/>\n\t<meta name=\"twitter:data2\" content=\"1 minuto\" \/>\n<script type=\"application\/ld+json\" class=\"yoast-schema-graph\">{\"@context\":\"https:\\\/\\\/schema.org\",\"@graph\":[{\"@type\":\"Article\",\"@id\":\"https:\\\/\\\/fuentesfidedignas.com.mx\\\/index.php\\\/2022\\\/08\\\/13\\\/guanajuato-registra-nuevos-y-violentos-enfrentamientos-entre-policias-y-grupos-criminales\\\/#article\",\"isPartOf\":{\"@id\":\"https:\\\/\\\/fuentesfidedignas.com.mx\\\/index.php\\\/2022\\\/08\\\/13\\\/guanajuato-registra-nuevos-y-violentos-enfrentamientos-entre-policias-y-grupos-criminales\\\/\"},\"author\":{\"name\":\"Noticieros Televisa\",\"@id\":\"https:\\\/\\\/fuentesfidedignas.com.mx\\\/#\\\/schema\\\/person\\\/f030e42657a5a464a8bbd891b1aab6ee\"},\"headline\":\"Guanajuato registra nuevos y violentos enfrentamientos entre polic\u00edas y grupos criminales\",\"datePublished\":\"2022-08-13T15:45:48+00:00\",\"dateModified\":\"2022-08-13T15:45:49+00:00\",\"mainEntityOfPage\":{\"@id\":\"https:\\\/\\\/fuentesfidedignas.com.mx\\\/index.php\\\/2022\\\/08\\\/13\\\/guanajuato-registra-nuevos-y-violentos-enfrentamientos-entre-policias-y-grupos-criminales\\\/\"},\"wordCount\":181,\"commentCount\":0,\"publisher\":{\"@id\":\"https:\\\/\\\/fuentesfidedignas.com.mx\\\/#organization\"},\"image\":{\"@id\":\"https:\\\/\\\/fuentesfidedignas.com.mx\\\/index.php\\\/2022\\\/08\\\/13\\\/guanajuato-registra-nuevos-y-violentos-enfrentamientos-entre-policias-y-grupos-criminales\\\/#primaryimage\"},\"thumbnailUrl\":\"https:\\\/\\\/fuentesfidedignas.com.mx\\\/wp-content\\\/uploads\\\/2022\\\/08\\\/guana.jpg\",\"articleSection\":[\"NOTICIAS NACIONALES\"],\"inLanguage\":\"es\",\"potentialAction\":[{\"@type\":\"CommentAction\",\"name\":\"Comment\",\"target\":[\"https:\\\/\\\/fuentesfidedignas.com.mx\\\/index.php\\\/2022\\\/08\\\/13\\\/guanajuato-registra-nuevos-y-violentos-enfrentamientos-entre-policias-y-grupos-criminales\\\/#respond\"]}]},{\"@type\":\"WebPage\",\"@id\":\"https:\\\/\\\/fuentesfidedignas.com.mx\\\/index.php\\\/2022\\\/08\\\/13\\\/guanajuato-registra-nuevos-y-violentos-enfrentamientos-entre-policias-y-grupos-criminales\\\/\",\"url\":\"https:\\\/\\\/fuentesfidedignas.com.mx\\\/index.php\\\/2022\\\/08\\\/13\\\/guanajuato-registra-nuevos-y-violentos-enfrentamientos-entre-policias-y-grupos-criminales\\\/\",\"name\":\"Guanajuato registra nuevos y violentos enfrentamientos entre polic\u00edas y grupos criminales - Fuentes Fidedignas\",\"isPartOf\":{\"@id\":\"https:\\\/\\\/fuentesfidedignas.com.mx\\\/#website\"},\"primaryImageOfPage\":{\"@id\":\"https:\\\/\\\/fuentesfidedignas.com.mx\\\/index.php\\\/2022\\\/08\\\/13\\\/guanajuato-registra-nuevos-y-violentos-enfrentamientos-entre-policias-y-grupos-criminales\\\/#primaryimage\"},\"image\":{\"@id\":\"https:\\\/\\\/fuentesfidedignas.com.mx\\\/index.php\\\/2022\\\/08\\\/13\\\/guanajuato-registra-nuevos-y-violentos-enfrentamientos-entre-policias-y-grupos-criminales\\\/#primaryimage\"},\"thumbnailUrl\":\"https:\\\/\\\/fuentesfidedignas.com.mx\\\/wp-content\\\/uploads\\\/2022\\\/08\\\/guana.jpg\",\"datePublished\":\"2022-08-13T15:45:48+00:00\",\"dateModified\":\"2022-08-13T15:45:49+00:00\",\"breadcrumb\":{\"@id\":\"https:\\\/\\\/fuentesfidedignas.com.mx\\\/index.php\\\/2022\\\/08\\\/13\\\/guanajuato-registra-nuevos-y-violentos-enfrentamientos-entre-policias-y-grupos-criminales\\\/#breadcrumb\"},\"inLanguage\":\"es\",\"potentialAction\":[{\"@type\":\"ReadAction\",\"target\":[\"https:\\\/\\\/fuentesfidedignas.com.mx\\\/index.php\\\/2022\\\/08\\\/13\\\/guanajuato-registra-nuevos-y-violentos-enfrentamientos-entre-policias-y-grupos-criminales\\\/\"]}]},{\"@type\":\"ImageObject\",\"inLanguage\":\"es\",\"@id\":\"https:\\\/\\\/fuentesfidedignas.com.mx\\\/index.php\\\/2022\\\/08\\\/13\\\/guanajuato-registra-nuevos-y-violentos-enfrentamientos-entre-policias-y-grupos-criminales\\\/#primaryimage\",\"url\":\"https:\\\/\\\/fuentesfidedignas.com.mx\\\/wp-content\\\/uploads\\\/2022\\\/08\\\/guana.jpg\",\"contentUrl\":\"https:\\\/\\\/fuentesfidedignas.com.mx\\\/wp-content\\\/uploads\\\/2022\\\/08\\\/guana.jpg\",\"width\":1000,\"height\":580},{\"@type\":\"BreadcrumbList\",\"@id\":\"https:\\\/\\\/fuentesfidedignas.com.mx\\\/index.php\\\/2022\\\/08\\\/13\\\/guanajuato-registra-nuevos-y-violentos-enfrentamientos-entre-policias-y-grupos-criminales\\\/#breadcrumb\",\"itemListElement\":[{\"@type\":\"ListItem\",\"position\":1,\"name\":\"Inicio\",\"item\":\"https:\\\/\\\/fuentesfidedignas.com.mx\\\/\"},{\"@type\":\"ListItem\",\"position\":2,\"name\":\"Guanajuato registra nuevos y violentos enfrentamientos entre polic\u00edas y grupos criminales\"}]},{\"@type\":\"WebSite\",\"@id\":\"https:\\\/\\\/fuentesfidedignas.com.mx\\\/#website\",\"url\":\"https:\\\/\\\/fuentesfidedignas.com.mx\\\/\",\"name\":\"Fuentes Fidedignas\",\"description\":\"Otro sitio realizado con WordPress\",\"publisher\":{\"@id\":\"https:\\\/\\\/fuentesfidedignas.com.mx\\\/#organization\"},\"potentialAction\":[{\"@type\":\"SearchAction\",\"target\":{\"@type\":\"EntryPoint\",\"urlTemplate\":\"https:\\\/\\\/fuentesfidedignas.com.mx\\\/?s={search_term_string}\"},\"query-input\":{\"@type\":\"PropertyValueSpecification\",\"valueRequired\":true,\"valueName\":\"search_term_string\"}}],\"inLanguage\":\"es\"},{\"@type\":\"Organization\",\"@id\":\"https:\\\/\\\/fuentesfidedignas.com.mx\\\/#organization\",\"name\":\"Fuentes Fidedignas\",\"url\":\"https:\\\/\\\/fuentesfidedignas.com.mx\\\/\",\"logo\":{\"@type\":\"ImageObject\",\"inLanguage\":\"es\",\"@id\":\"https:\\\/\\\/fuentesfidedignas.com.mx\\\/#\\\/schema\\\/logo\\\/image\\\/\",\"url\":\"https:\\\/\\\/fuentesfidedignas.com.mx\\\/wp-content\\\/uploads\\\/2021\\\/04\\\/logo-retina.png\",\"contentUrl\":\"https:\\\/\\\/fuentesfidedignas.com.mx\\\/wp-content\\\/uploads\\\/2021\\\/04\\\/logo-retina.png\",\"width\":280,\"height\":51,\"caption\":\"Fuentes Fidedignas\"},\"image\":{\"@id\":\"https:\\\/\\\/fuentesfidedignas.com.mx\\\/#\\\/schema\\\/logo\\\/image\\\/\"},\"sameAs\":[\"https:\\\/\\\/www.facebook.com\\\/Fuentes-Fidedignas-368234489921644\",\"https:\\\/\\\/x.com\\\/fidedignas\"]},{\"@type\":\"Person\",\"@id\":\"https:\\\/\\\/fuentesfidedignas.com.mx\\\/#\\\/schema\\\/person\\\/f030e42657a5a464a8bbd891b1aab6ee\",\"name\":\"Noticieros Televisa\",\"image\":{\"@type\":\"ImageObject\",\"inLanguage\":\"es\",\"@id\":\"https:\\\/\\\/secure.gravatar.com\\\/avatar\\\/0e47b9e785a628831b8fd9eaf15e090e106760a879abbd4a3306f128ef5d43a9?s=96&d=mm&r=g\",\"url\":\"https:\\\/\\\/secure.gravatar.com\\\/avatar\\\/0e47b9e785a628831b8fd9eaf15e090e106760a879abbd4a3306f128ef5d43a9?s=96&d=mm&r=g\",\"contentUrl\":\"https:\\\/\\\/secure.gravatar.com\\\/avatar\\\/0e47b9e785a628831b8fd9eaf15e090e106760a879abbd4a3306f128ef5d43a9?s=96&d=mm&r=g\",\"caption\":\"Noticieros Televisa\"},\"url\":\"https:\\\/\\\/fuentesfidedignas.com.mx\\\/index.php\\\/author\\\/noticieros-televisa\\\/\"}]}<\/script>\n<!-- \/ Yoast SEO plugin. -->","yoast_head_json":{"title":"Guanajuato registra nuevos y violentos enfrentamientos entre polic\u00edas y grupos criminales - Fuentes Fidedignas","robots":{"index":"index","follow":"follow","max-snippet":"max-snippet:-1","max-image-preview":"max-image-preview:large","max-video-preview":"max-video-preview:-1"},"canonical":"https:\/\/fuentesfidedignas.com.mx\/index.php\/2022\/08\/13\/guanajuato-registra-nuevos-y-violentos-enfrentamientos-entre-policias-y-grupos-criminales\/","og_locale":"es_MX","og_type":"article","og_title":"Guanajuato registra nuevos y violentos enfrentamientos entre polic\u00edas y grupos criminales - Fuentes Fidedignas","og_description":"La Secretaria de Seguridad P\u00fablica del estado de Guanajuato, inform\u00f3 que se registraron enfrentamientos armados entre polic\u00edas estatales y grupos del crimen organizado. Ciudad de M\u00e9xico.- La Secretaria de Seguridad P\u00fablica del estado de Guanajuato, inform\u00f3 que la tarde de este viernes 12 de agosto se registraron enfrentamientos armados entre polic\u00edas estatales y grupos del [&hellip;]","og_url":"https:\/\/fuentesfidedignas.com.mx\/index.php\/2022\/08\/13\/guanajuato-registra-nuevos-y-violentos-enfrentamientos-entre-policias-y-grupos-criminales\/","og_site_name":"Fuentes Fidedignas","article_publisher":"https:\/\/www.facebook.com\/Fuentes-Fidedignas-368234489921644","article_published_time":"2022-08-13T15:45:48+00:00","article_modified_time":"2022-08-13T15:45:49+00:00","og_image":[{"width":1000,"height":580,"url":"https:\/\/fuentesfidedignas.com.mx\/wp-content\/uploads\/2022\/08\/guana.jpg","type":"image\/jpeg"}],"author":"Noticieros Televisa","twitter_card":"summary_large_image","twitter_creator":"@fidedignas","twitter_site":"@fidedignas","twitter_misc":{"Escrito por":"Noticieros Televisa","Tiempo de lectura":"1 minuto"},"schema":{"@context":"https:\/\/schema.org","@graph":[{"@type":"Article","@id":"https:\/\/fuentesfidedignas.com.mx\/index.php\/2022\/08\/13\/guanajuato-registra-nuevos-y-violentos-enfrentamientos-entre-policias-y-grupos-criminales\/#article","isPartOf":{"@id":"https:\/\/fuentesfidedignas.com.mx\/index.php\/2022\/08\/13\/guanajuato-registra-nuevos-y-violentos-enfrentamientos-entre-policias-y-grupos-criminales\/"},"author":{"name":"Noticieros Televisa","@id":"https:\/\/fuentesfidedignas.com.mx\/#\/schema\/person\/f030e42657a5a464a8bbd891b1aab6ee"},"headline":"Guanajuato registra nuevos y violentos enfrentamientos entre polic\u00edas y grupos criminales","datePublished":"2022-08-13T15:45:48+00:00","dateModified":"2022-08-13T15:45:49+00:00","mainEntityOfPage":{"@id":"https:\/\/fuentesfidedignas.com.mx\/index.php\/2022\/08\/13\/guanajuato-registra-nuevos-y-violentos-enfrentamientos-entre-policias-y-grupos-criminales\/"},"wordCount":181,"commentCount":0,"publisher":{"@id":"https:\/\/fuentesfidedignas.com.mx\/#organization"},"image":{"@id":"https:\/\/fuentesfidedignas.com.mx\/index.php\/2022\/08\/13\/guanajuato-registra-nuevos-y-violentos-enfrentamientos-entre-policias-y-grupos-criminales\/#primaryimage"},"thumbnailUrl":"https:\/\/fuentesfidedignas.com.mx\/wp-content\/uploads\/2022\/08\/guana.jpg","articleSection":["NOTICIAS NACIONALES"],"inLanguage":"es","potentialAction":[{"@type":"CommentAction","name":"Comment","target":["https:\/\/fuentesfidedignas.com.mx\/index.php\/2022\/08\/13\/guanajuato-registra-nuevos-y-violentos-enfrentamientos-entre-policias-y-grupos-criminales\/#respond"]}]},{"@type":"WebPage","@id":"https:\/\/fuentesfidedignas.com.mx\/index.php\/2022\/08\/13\/guanajuato-registra-nuevos-y-violentos-enfrentamientos-entre-policias-y-grupos-criminales\/","url":"https:\/\/fuentesfidedignas.com.mx\/index.php\/2022\/08\/13\/guanajuato-registra-nuevos-y-violentos-enfrentamientos-entre-policias-y-grupos-criminales\/","name":"Guanajuato registra nuevos y violentos enfrentamientos entre polic\u00edas y grupos criminales - Fuentes Fidedignas","isPartOf":{"@id":"https:\/\/fuentesfidedignas.com.mx\/#website"},"primaryImageOfPage":{"@id":"https:\/\/fuentesfidedignas.com.mx\/index.php\/2022\/08\/13\/guanajuato-registra-nuevos-y-violentos-enfrentamientos-entre-policias-y-grupos-criminales\/#primaryimage"},"image":{"@id":"https:\/\/fuentesfidedignas.com.mx\/index.php\/2022\/08\/13\/guanajuato-registra-nuevos-y-violentos-enfrentamientos-entre-policias-y-grupos-criminales\/#primaryimage"},"thumbnailUrl":"https:\/\/fuentesfidedignas.com.mx\/wp-content\/uploads\/2022\/08\/guana.jpg","datePublished":"2022-08-13T15:45:48+00:00","dateModified":"2022-08-13T15:45:49+00:00","breadcrumb":{"@id":"https:\/\/fuentesfidedignas.com.mx\/index.php\/2022\/08\/13\/guanajuato-registra-nuevos-y-violentos-enfrentamientos-entre-policias-y-grupos-criminales\/#breadcrumb"},"inLanguage":"es","potentialAction":[{"@type":"ReadAction","target":["https:\/\/fuentesfidedignas.com.mx\/index.php\/2022\/08\/13\/guanajuato-registra-nuevos-y-violentos-enfrentamientos-entre-policias-y-grupos-criminales\/"]}]},{"@type":"ImageObject","inLanguage":"es","@id":"https:\/\/fuentesfidedignas.com.mx\/index.php\/2022\/08\/13\/guanajuato-registra-nuevos-y-violentos-enfrentamientos-entre-policias-y-grupos-criminales\/#primaryimage","url":"https:\/\/fuentesfidedignas.com.mx\/wp-content\/uploads\/2022\/08\/guana.jpg","contentUrl":"https:\/\/fuentesfidedignas.com.mx\/wp-content\/uploads\/2022\/08\/guana.jpg","width":1000,"height":580},{"@type":"BreadcrumbList","@id":"https:\/\/fuentesfidedignas.com.mx\/index.php\/2022\/08\/13\/guanajuato-registra-nuevos-y-violentos-enfrentamientos-entre-policias-y-grupos-criminales\/#breadcrumb","itemListElement":[{"@type":"ListItem","position":1,"name":"Inicio","item":"https:\/\/fuentesfidedignas.com.mx\/"},{"@type":"ListItem","position":2,"name":"Guanajuato registra nuevos y violentos enfrentamientos entre polic\u00edas y grupos criminales"}]},{"@type":"WebSite","@id":"https:\/\/fuentesfidedignas.com.mx\/#website","url":"https:\/\/fuentesfidedignas.com.mx\/","name":"Fuentes Fidedignas","description":"Otro sitio realizado con WordPress","publisher":{"@id":"https:\/\/fuentesfidedignas.com.mx\/#organization"},"potentialAction":[{"@type":"SearchAction","target":{"@type":"EntryPoint","urlTemplate":"https:\/\/fuentesfidedignas.com.mx\/?s={search_term_string}"},"query-input":{"@type":"PropertyValueSpecification","valueRequired":true,"valueName":"search_term_string"}}],"inLanguage":"es"},{"@type":"Organization","@id":"https:\/\/fuentesfidedignas.com.mx\/#organization","name":"Fuentes Fidedignas","url":"https:\/\/fuentesfidedignas.com.mx\/","logo":{"@type":"ImageObject","inLanguage":"es","@id":"https:\/\/fuentesfidedignas.com.mx\/#\/schema\/logo\/image\/","url":"https:\/\/fuentesfidedignas.com.mx\/wp-content\/uploads\/2021\/04\/logo-retina.png","contentUrl":"https:\/\/fuentesfidedignas.com.mx\/wp-content\/uploads\/2021\/04\/logo-retina.png","width":280,"height":51,"caption":"Fuentes Fidedignas"},"image":{"@id":"https:\/\/fuentesfidedignas.com.mx\/#\/schema\/logo\/image\/"},"sameAs":["https:\/\/www.facebook.com\/Fuentes-Fidedignas-368234489921644","https:\/\/x.com\/fidedignas"]},{"@type":"Person","@id":"https:\/\/fuentesfidedignas.com.mx\/#\/schema\/person\/f030e42657a5a464a8bbd891b1aab6ee","name":"Noticieros Televisa","image":{"@type":"ImageObject","inLanguage":"es","@id":"https:\/\/secure.gravatar.com\/avatar\/0e47b9e785a628831b8fd9eaf15e090e106760a879abbd4a3306f128ef5d43a9?s=96&d=mm&r=g","url":"https:\/\/secure.gravatar.com\/avatar\/0e47b9e785a628831b8fd9eaf15e090e106760a879abbd4a3306f128ef5d43a9?s=96&d=mm&r=g","contentUrl":"https:\/\/secure.gravatar.com\/avatar\/0e47b9e785a628831b8fd9eaf15e090e106760a879abbd4a3306f128ef5d43a9?s=96&d=mm&r=g","caption":"Noticieros Televisa"},"url":"https:\/\/fuentesfidedignas.com.mx\/index.php\/author\/noticieros-televisa\/"}]}},"_links":{"self":[{"href":"https:\/\/fuentesfidedignas.com.mx\/index.php\/wp-json\/wp\/v2\/posts\/39674","targetHints":{"allow":["GET"]}}],"collection":[{"href":"https:\/\/fuentesfidedignas.com.mx\/index.php\/wp-json\/wp\/v2\/posts"}],"about":[{"href":"https:\/\/fuentesfidedignas.com.mx\/index.php\/wp-json\/wp\/v2\/types\/post"}],"author":[{"embeddable":true,"href":"https:\/\/fuentesfidedignas.com.mx\/index.php\/wp-json\/wp\/v2\/users\/46"}],"replies":[{"embeddable":true,"href":"https:\/\/fuentesfidedignas.com.mx\/index.php\/wp-json\/wp\/v2\/comments?post=39674"}],"version-history":[{"count":1,"href":"https:\/\/fuentesfidedignas.com.mx\/index.php\/wp-json\/wp\/v2\/posts\/39674\/revisions"}],"predecessor-version":[{"id":39680,"href":"https:\/\/fuentesfidedignas.com.mx\/index.php\/wp-json\/wp\/v2\/posts\/39674\/revisions\/39680"}],"wp:featuredmedia":[{"embeddable":true,"href":"https:\/\/fuentesfidedignas.com.mx\/index.php\/wp-json\/wp\/v2\/media\/39679"}],"wp:attachment":[{"href":"https:\/\/fuentesfidedignas.com.mx\/index.php\/wp-json\/wp\/v2\/media?parent=39674"}],"wp:term":[{"taxonomy":"category","embeddable":true,"href":"https:\/\/fuentesfidedignas.com.mx\/index.php\/wp-json\/wp\/v2\/categories?post=39674"},{"taxonomy":"post_tag","embeddable":true,"href":"https:\/\/fuentesfidedignas.com.mx\/index.php\/wp-json\/wp\/v2\/tags?post=39674"}],"curies":[{"name":"wp","href":"https:\/\/api.w.org\/{rel}","templated":true}]}}