{"id":39669,"date":"2022-08-13T01:32:00","date_gmt":"2022-08-13T07:32:00","guid":{"rendered":"https:\/\/fuentesfidedignas.com.mx\/?p=39669"},"modified":"2022-08-13T09:39:24","modified_gmt":"2022-08-13T15:39:24","slug":"busco-a-su-nana-45-anos-despues-nunca-olvido-el-carino-recibido","status":"publish","type":"post","link":"https:\/\/fuentesfidedignas.com.mx\/index.php\/2022\/08\/13\/busco-a-su-nana-45-anos-despues-nunca-olvido-el-carino-recibido\/","title":{"rendered":"Busc\u00f3 a su nana 45 a\u00f1os despu\u00e9s; nunca olvid\u00f3 el cari\u00f1o recibido"},"content":{"rendered":"\n<p><strong><em>Una imagen del rubio beb\u00e9 cuyo tono contrasta con la morena piel de Ana, era lo \u00fanico con lo que transit\u00f3 Juan Jonsson durante cuatro d\u00e9cadas y media. Y con sus recuerdos, los m\u00e1s profundos<\/em><\/strong> <\/p>\n\n\n\n<p>Este hombre cre\u00f3 un gran plan y logr\u00f3 volver a reunirse con su adorada ni\u00f1era despu\u00e9s de 45 a\u00f1os.<\/p>\n\n\n\n<p>La historia de Juan Jonsson, un pastor sueco que viaj\u00f3 de continente a continente para reencontrarse con su nana, 45 a\u00f1os despu\u00e9s, ha emocionado a las redes sociales.&nbsp;<\/p>\n\n\n\n<p>Revelada meses atr\u00e1s, su odisea es digna del recuento y es por ello que en estos d\u00edas ha vuelto a vitalizarse.<\/p>\n\n\n\n<figure class=\"wp-block-embed is-type-video is-provider-tiktok wp-block-embed-tiktok\"><div class=\"wp-block-embed__wrapper\">\n<blockquote class=\"tiktok-embed\" cite=\"https:\/\/www.tiktok.com\/@juanito.jonsson\/video\/7091618477986876677\" data-video-id=\"7091618477986876677\" data-embed-from=\"oembed\" style=\"max-width: 605px;min-width: 325px;\" > <section> <a target=\"_blank\" title=\"@juanito.jonsson\" href=\"https:\/\/www.tiktok.com\/@juanito.jonsson?refer=embed\">@juanito.jonsson<\/a> <p>Reencuentro Encounter <a title=\"amor\" target=\"_blank\" href=\"https:\/\/www.tiktok.com\/tag\/amor\">#amor<\/a> <a title=\"bolivia\" target=\"_blank\" href=\"https:\/\/www.tiktok.com\/tag\/bolivia\">#bolivia<\/a> <a title=\"yacuiba\" target=\"_blank\" href=\"https:\/\/www.tiktok.com\/tag\/yacuiba\">#yacuiba<\/a> <a title=\"love\" target=\"_blank\" href=\"https:\/\/www.tiktok.com\/tag\/love\">#love<\/a> <a title=\"fyp\" target=\"_blank\" href=\"https:\/\/www.tiktok.com\/tag\/fyp\">#fyp<\/a> <a title=\"parati\" target=\"_blank\" href=\"https:\/\/www.tiktok.com\/tag\/parati\">#parati<\/a> <a title=\"foryoupage\" target=\"_blank\" href=\"https:\/\/www.tiktok.com\/tag\/foryoupage\">#foryoupage<\/a> <a title=\"recuerda\" target=\"_blank\" href=\"https:\/\/www.tiktok.com\/tag\/recuerda\">#recuerda<\/a> <a title=\"agradece\" target=\"_blank\" href=\"https:\/\/www.tiktok.com\/tag\/agradece\">#agradece<\/a> <a title=\"ama\" target=\"_blank\" href=\"https:\/\/www.tiktok.com\/tag\/ama\">#ama<\/a><\/p> <a target=\"_blank\" title=\"\u266c A thousand years - Zeus\" href=\"https:\/\/www.tiktok.com\/music\/A-thousand-years-6832302949750818823?refer=embed\">\u266c A thousand years &#8211; Zeus<\/a> <\/section> <\/blockquote> <script async src=\"https:\/\/www.tiktok.com\/embed.js\"><\/script>\n<\/div><\/figure>\n\n\n\n<p>De ni\u00f1o, cuando reci\u00e9n cumpli\u00f3 seis meses de edad, sus padres en una misi\u00f3n viajaron a Bolivia, donde Ana no s\u00f3lo les brind\u00f3 su amistad sino que se convirti\u00f3 en la ni\u00f1era del peque\u00f1o.<\/p>\n\n\n\n<p>Una imagen del rubio beb\u00e9 cuyo tono contrasta con la morena piel de Ana, era lo \u00fanico con lo que transit\u00f3 Juan Jonsson durante cuatro d\u00e9cadas y media. Y con sus recuerdos, los m\u00e1s profundos.<\/p>\n\n\n\n<p>&#8220;Yo quer\u00eda honrarla, agradecerle&#8221;, dec\u00eda el pastor, quien fue narrando el periplo continental en sus redes sociales. Juan Jonsson viaj\u00f3 m\u00e1s de 9 mil kil\u00f3metros, desde M\u00e1laga, Espa\u00f1a a Yacu\u00edba, Bolivia, para reencontrarse con Ana Jim\u00e9nez.<\/p>\n\n\n\n<p>Juan Jonsson naci\u00f3 en Suecia, estuvo gran parte de su vida en Espa\u00f1a, pero algunos a\u00f1os de su ni\u00f1ez los pas\u00f3 en Bolivia, con sus padres y dos hermanos. A los 6 meses de edad lleg\u00f3 a Cochabamba con su familia y en ese contexto fue que lleg\u00f3 Ana a su vida.<\/p>\n\n\n\n<p>En ese entonces, Ana ten\u00eda 31 a\u00f1os y se dedic\u00f3 a cuidar a \u201cJuanito\u201d desde los 6 meses hasta los seis a\u00f1os.<\/p>\n\n\n\n<p>Jonsson recuerda que la mujer cuidaba de \u00e9l \u201ccon tanto amor, como si fuera su propio hijo\u201d.<br>La emotiva reuni\u00f3n con la se\u00f1ora Ana, de 78 a\u00f1os, se volvi\u00f3 viral en TikTok.<\/p>\n\n\n\n<p>Para completar la aventura, primero abri\u00f3 una p\u00e1gina titulada \u201cUna ayuda para Ana\u201d para recaudar fondos de apoyo a su exni\u00f1era. Despu\u00e9s Juan, ahora convertido en un pastor religioso, viaj\u00f3 desde Fuengirola, Espa\u00f1a, hasta Yacuiba, donde vive Ana junto a su hijo.<\/p>\n","protected":false},"excerpt":{"rendered":"<p>Una imagen del rubio beb\u00e9 cuyo tono contrasta con la morena piel de Ana, era lo \u00fanico con lo que transit\u00f3 Juan Jonsson durante cuatro d\u00e9cadas y media. Y con sus recuerdos, los m\u00e1s profundos Este hombre cre\u00f3 un gran plan y logr\u00f3 volver a reunirse con su adorada ni\u00f1era despu\u00e9s de 45 a\u00f1os. La [&hellip;]<\/p>\n","protected":false},"author":7,"featured_media":39672,"comment_status":"open","ping_status":"open","sticky":false,"template":"","format":"standard","meta":{"tdm_status":"","tdm_grid_status":"","footnotes":""},"categories":[40],"tags":[],"class_list":{"0":"post-39669","1":"post","2":"type-post","3":"status-publish","4":"format-standard","5":"has-post-thumbnail","7":"category-las-asombrosas"},"yoast_head":"<!-- This site is optimized with the Yoast SEO plugin v27.5 - https:\/\/yoast.com\/product\/yoast-seo-wordpress\/ -->\n<title>Busc\u00f3 a su nana 45 a\u00f1os despu\u00e9s; nunca olvid\u00f3 el cari\u00f1o recibido - Fuentes Fidedignas<\/title>\n<meta name=\"robots\" content=\"index, follow, max-snippet:-1, max-image-preview:large, max-video-preview:-1\" \/>\n<link rel=\"canonical\" href=\"https:\/\/fuentesfidedignas.com.mx\/index.php\/2022\/08\/13\/busco-a-su-nana-45-anos-despues-nunca-olvido-el-carino-recibido\/\" \/>\n<meta property=\"og:locale\" content=\"es_MX\" \/>\n<meta property=\"og:type\" content=\"article\" \/>\n<meta property=\"og:title\" content=\"Busc\u00f3 a su nana 45 a\u00f1os despu\u00e9s; nunca olvid\u00f3 el cari\u00f1o recibido - Fuentes Fidedignas\" \/>\n<meta property=\"og:description\" content=\"Una imagen del rubio beb\u00e9 cuyo tono contrasta con la morena piel de Ana, era lo \u00fanico con lo que transit\u00f3 Juan Jonsson durante cuatro d\u00e9cadas y media. Y con sus recuerdos, los m\u00e1s profundos Este hombre cre\u00f3 un gran plan y logr\u00f3 volver a reunirse con su adorada ni\u00f1era despu\u00e9s de 45 a\u00f1os. La [&hellip;]\" \/>\n<meta property=\"og:url\" content=\"https:\/\/fuentesfidedignas.com.mx\/index.php\/2022\/08\/13\/busco-a-su-nana-45-anos-despues-nunca-olvido-el-carino-recibido\/\" \/>\n<meta property=\"og:site_name\" content=\"Fuentes Fidedignas\" \/>\n<meta property=\"article:publisher\" content=\"https:\/\/www.facebook.com\/Fuentes-Fidedignas-368234489921644\" \/>\n<meta property=\"article:published_time\" content=\"2022-08-13T07:32:00+00:00\" \/>\n<meta property=\"article:modified_time\" content=\"2022-08-13T15:39:24+00:00\" \/>\n<meta property=\"og:image\" content=\"https:\/\/fuentesfidedignas.com.mx\/wp-content\/uploads\/2022\/08\/2804199.jpeg\" \/>\n\t<meta property=\"og:image:width\" content=\"800\" \/>\n\t<meta property=\"og:image:height\" content=\"600\" \/>\n\t<meta property=\"og:image:type\" content=\"image\/jpeg\" \/>\n<meta name=\"author\" content=\"Exc\u00e9lsior\" \/>\n<meta name=\"twitter:card\" content=\"summary_large_image\" \/>\n<meta name=\"twitter:creator\" content=\"@fidedignas\" \/>\n<meta name=\"twitter:site\" content=\"@fidedignas\" \/>\n<meta name=\"twitter:label1\" content=\"Escrito por\" \/>\n\t<meta name=\"twitter:data1\" content=\"Exc\u00e9lsior\" \/>\n\t<meta name=\"twitter:label2\" content=\"Tiempo de lectura\" \/>\n\t<meta name=\"twitter:data2\" content=\"2 minutos\" \/>\n<script type=\"application\/ld+json\" class=\"yoast-schema-graph\">{\"@context\":\"https:\\\/\\\/schema.org\",\"@graph\":[{\"@type\":\"Article\",\"@id\":\"https:\\\/\\\/fuentesfidedignas.com.mx\\\/index.php\\\/2022\\\/08\\\/13\\\/busco-a-su-nana-45-anos-despues-nunca-olvido-el-carino-recibido\\\/#article\",\"isPartOf\":{\"@id\":\"https:\\\/\\\/fuentesfidedignas.com.mx\\\/index.php\\\/2022\\\/08\\\/13\\\/busco-a-su-nana-45-anos-despues-nunca-olvido-el-carino-recibido\\\/\"},\"author\":{\"name\":\"Exc\u00e9lsior\",\"@id\":\"https:\\\/\\\/fuentesfidedignas.com.mx\\\/#\\\/schema\\\/person\\\/ec4edd1fbf5efa3e44fce34fe2787780\"},\"headline\":\"Busc\u00f3 a su nana 45 a\u00f1os despu\u00e9s; nunca olvid\u00f3 el cari\u00f1o recibido\",\"datePublished\":\"2022-08-13T07:32:00+00:00\",\"dateModified\":\"2022-08-13T15:39:24+00:00\",\"mainEntityOfPage\":{\"@id\":\"https:\\\/\\\/fuentesfidedignas.com.mx\\\/index.php\\\/2022\\\/08\\\/13\\\/busco-a-su-nana-45-anos-despues-nunca-olvido-el-carino-recibido\\\/\"},\"wordCount\":413,\"commentCount\":0,\"publisher\":{\"@id\":\"https:\\\/\\\/fuentesfidedignas.com.mx\\\/#organization\"},\"image\":{\"@id\":\"https:\\\/\\\/fuentesfidedignas.com.mx\\\/index.php\\\/2022\\\/08\\\/13\\\/busco-a-su-nana-45-anos-despues-nunca-olvido-el-carino-recibido\\\/#primaryimage\"},\"thumbnailUrl\":\"https:\\\/\\\/fuentesfidedignas.com.mx\\\/wp-content\\\/uploads\\\/2022\\\/08\\\/2804199.jpeg\",\"articleSection\":[\"LAS ASOMBROSAS\"],\"inLanguage\":\"es\",\"potentialAction\":[{\"@type\":\"CommentAction\",\"name\":\"Comment\",\"target\":[\"https:\\\/\\\/fuentesfidedignas.com.mx\\\/index.php\\\/2022\\\/08\\\/13\\\/busco-a-su-nana-45-anos-despues-nunca-olvido-el-carino-recibido\\\/#respond\"]}]},{\"@type\":\"WebPage\",\"@id\":\"https:\\\/\\\/fuentesfidedignas.com.mx\\\/index.php\\\/2022\\\/08\\\/13\\\/busco-a-su-nana-45-anos-despues-nunca-olvido-el-carino-recibido\\\/\",\"url\":\"https:\\\/\\\/fuentesfidedignas.com.mx\\\/index.php\\\/2022\\\/08\\\/13\\\/busco-a-su-nana-45-anos-despues-nunca-olvido-el-carino-recibido\\\/\",\"name\":\"Busc\u00f3 a su nana 45 a\u00f1os despu\u00e9s; nunca olvid\u00f3 el cari\u00f1o recibido - Fuentes Fidedignas\",\"isPartOf\":{\"@id\":\"https:\\\/\\\/fuentesfidedignas.com.mx\\\/#website\"},\"primaryImageOfPage\":{\"@id\":\"https:\\\/\\\/fuentesfidedignas.com.mx\\\/index.php\\\/2022\\\/08\\\/13\\\/busco-a-su-nana-45-anos-despues-nunca-olvido-el-carino-recibido\\\/#primaryimage\"},\"image\":{\"@id\":\"https:\\\/\\\/fuentesfidedignas.com.mx\\\/index.php\\\/2022\\\/08\\\/13\\\/busco-a-su-nana-45-anos-despues-nunca-olvido-el-carino-recibido\\\/#primaryimage\"},\"thumbnailUrl\":\"https:\\\/\\\/fuentesfidedignas.com.mx\\\/wp-content\\\/uploads\\\/2022\\\/08\\\/2804199.jpeg\",\"datePublished\":\"2022-08-13T07:32:00+00:00\",\"dateModified\":\"2022-08-13T15:39:24+00:00\",\"breadcrumb\":{\"@id\":\"https:\\\/\\\/fuentesfidedignas.com.mx\\\/index.php\\\/2022\\\/08\\\/13\\\/busco-a-su-nana-45-anos-despues-nunca-olvido-el-carino-recibido\\\/#breadcrumb\"},\"inLanguage\":\"es\",\"potentialAction\":[{\"@type\":\"ReadAction\",\"target\":[\"https:\\\/\\\/fuentesfidedignas.com.mx\\\/index.php\\\/2022\\\/08\\\/13\\\/busco-a-su-nana-45-anos-despues-nunca-olvido-el-carino-recibido\\\/\"]}]},{\"@type\":\"ImageObject\",\"inLanguage\":\"es\",\"@id\":\"https:\\\/\\\/fuentesfidedignas.com.mx\\\/index.php\\\/2022\\\/08\\\/13\\\/busco-a-su-nana-45-anos-despues-nunca-olvido-el-carino-recibido\\\/#primaryimage\",\"url\":\"https:\\\/\\\/fuentesfidedignas.com.mx\\\/wp-content\\\/uploads\\\/2022\\\/08\\\/2804199.jpeg\",\"contentUrl\":\"https:\\\/\\\/fuentesfidedignas.com.mx\\\/wp-content\\\/uploads\\\/2022\\\/08\\\/2804199.jpeg\",\"width\":800,\"height\":600},{\"@type\":\"BreadcrumbList\",\"@id\":\"https:\\\/\\\/fuentesfidedignas.com.mx\\\/index.php\\\/2022\\\/08\\\/13\\\/busco-a-su-nana-45-anos-despues-nunca-olvido-el-carino-recibido\\\/#breadcrumb\",\"itemListElement\":[{\"@type\":\"ListItem\",\"position\":1,\"name\":\"Inicio\",\"item\":\"https:\\\/\\\/fuentesfidedignas.com.mx\\\/\"},{\"@type\":\"ListItem\",\"position\":2,\"name\":\"Busc\u00f3 a su nana 45 a\u00f1os despu\u00e9s; nunca olvid\u00f3 el cari\u00f1o recibido\"}]},{\"@type\":\"WebSite\",\"@id\":\"https:\\\/\\\/fuentesfidedignas.com.mx\\\/#website\",\"url\":\"https:\\\/\\\/fuentesfidedignas.com.mx\\\/\",\"name\":\"Fuentes Fidedignas\",\"description\":\"Otro sitio realizado con WordPress\",\"publisher\":{\"@id\":\"https:\\\/\\\/fuentesfidedignas.com.mx\\\/#organization\"},\"potentialAction\":[{\"@type\":\"SearchAction\",\"target\":{\"@type\":\"EntryPoint\",\"urlTemplate\":\"https:\\\/\\\/fuentesfidedignas.com.mx\\\/?s={search_term_string}\"},\"query-input\":{\"@type\":\"PropertyValueSpecification\",\"valueRequired\":true,\"valueName\":\"search_term_string\"}}],\"inLanguage\":\"es\"},{\"@type\":\"Organization\",\"@id\":\"https:\\\/\\\/fuentesfidedignas.com.mx\\\/#organization\",\"name\":\"Fuentes Fidedignas\",\"url\":\"https:\\\/\\\/fuentesfidedignas.com.mx\\\/\",\"logo\":{\"@type\":\"ImageObject\",\"inLanguage\":\"es\",\"@id\":\"https:\\\/\\\/fuentesfidedignas.com.mx\\\/#\\\/schema\\\/logo\\\/image\\\/\",\"url\":\"https:\\\/\\\/fuentesfidedignas.com.mx\\\/wp-content\\\/uploads\\\/2021\\\/04\\\/logo-retina.png\",\"contentUrl\":\"https:\\\/\\\/fuentesfidedignas.com.mx\\\/wp-content\\\/uploads\\\/2021\\\/04\\\/logo-retina.png\",\"width\":280,\"height\":51,\"caption\":\"Fuentes Fidedignas\"},\"image\":{\"@id\":\"https:\\\/\\\/fuentesfidedignas.com.mx\\\/#\\\/schema\\\/logo\\\/image\\\/\"},\"sameAs\":[\"https:\\\/\\\/www.facebook.com\\\/Fuentes-Fidedignas-368234489921644\",\"https:\\\/\\\/x.com\\\/fidedignas\"]},{\"@type\":\"Person\",\"@id\":\"https:\\\/\\\/fuentesfidedignas.com.mx\\\/#\\\/schema\\\/person\\\/ec4edd1fbf5efa3e44fce34fe2787780\",\"name\":\"Exc\u00e9lsior\",\"image\":{\"@type\":\"ImageObject\",\"inLanguage\":\"es\",\"@id\":\"https:\\\/\\\/secure.gravatar.com\\\/avatar\\\/4b7ee9206b48be08447852b3f0814dbc7c0f3b51541b164f1464a2725614020b?s=96&d=mm&r=g\",\"url\":\"https:\\\/\\\/secure.gravatar.com\\\/avatar\\\/4b7ee9206b48be08447852b3f0814dbc7c0f3b51541b164f1464a2725614020b?s=96&d=mm&r=g\",\"contentUrl\":\"https:\\\/\\\/secure.gravatar.com\\\/avatar\\\/4b7ee9206b48be08447852b3f0814dbc7c0f3b51541b164f1464a2725614020b?s=96&d=mm&r=g\",\"caption\":\"Exc\u00e9lsior\"},\"url\":\"https:\\\/\\\/fuentesfidedignas.com.mx\\\/index.php\\\/author\\\/excelsior\\\/\"}]}<\/script>\n<!-- \/ Yoast SEO plugin. -->","yoast_head_json":{"title":"Busc\u00f3 a su nana 45 a\u00f1os despu\u00e9s; nunca olvid\u00f3 el cari\u00f1o recibido - Fuentes Fidedignas","robots":{"index":"index","follow":"follow","max-snippet":"max-snippet:-1","max-image-preview":"max-image-preview:large","max-video-preview":"max-video-preview:-1"},"canonical":"https:\/\/fuentesfidedignas.com.mx\/index.php\/2022\/08\/13\/busco-a-su-nana-45-anos-despues-nunca-olvido-el-carino-recibido\/","og_locale":"es_MX","og_type":"article","og_title":"Busc\u00f3 a su nana 45 a\u00f1os despu\u00e9s; nunca olvid\u00f3 el cari\u00f1o recibido - Fuentes Fidedignas","og_description":"Una imagen del rubio beb\u00e9 cuyo tono contrasta con la morena piel de Ana, era lo \u00fanico con lo que transit\u00f3 Juan Jonsson durante cuatro d\u00e9cadas y media. Y con sus recuerdos, los m\u00e1s profundos Este hombre cre\u00f3 un gran plan y logr\u00f3 volver a reunirse con su adorada ni\u00f1era despu\u00e9s de 45 a\u00f1os. La [&hellip;]","og_url":"https:\/\/fuentesfidedignas.com.mx\/index.php\/2022\/08\/13\/busco-a-su-nana-45-anos-despues-nunca-olvido-el-carino-recibido\/","og_site_name":"Fuentes Fidedignas","article_publisher":"https:\/\/www.facebook.com\/Fuentes-Fidedignas-368234489921644","article_published_time":"2022-08-13T07:32:00+00:00","article_modified_time":"2022-08-13T15:39:24+00:00","og_image":[{"width":800,"height":600,"url":"https:\/\/fuentesfidedignas.com.mx\/wp-content\/uploads\/2022\/08\/2804199.jpeg","type":"image\/jpeg"}],"author":"Exc\u00e9lsior","twitter_card":"summary_large_image","twitter_creator":"@fidedignas","twitter_site":"@fidedignas","twitter_misc":{"Escrito por":"Exc\u00e9lsior","Tiempo de lectura":"2 minutos"},"schema":{"@context":"https:\/\/schema.org","@graph":[{"@type":"Article","@id":"https:\/\/fuentesfidedignas.com.mx\/index.php\/2022\/08\/13\/busco-a-su-nana-45-anos-despues-nunca-olvido-el-carino-recibido\/#article","isPartOf":{"@id":"https:\/\/fuentesfidedignas.com.mx\/index.php\/2022\/08\/13\/busco-a-su-nana-45-anos-despues-nunca-olvido-el-carino-recibido\/"},"author":{"name":"Exc\u00e9lsior","@id":"https:\/\/fuentesfidedignas.com.mx\/#\/schema\/person\/ec4edd1fbf5efa3e44fce34fe2787780"},"headline":"Busc\u00f3 a su nana 45 a\u00f1os despu\u00e9s; nunca olvid\u00f3 el cari\u00f1o recibido","datePublished":"2022-08-13T07:32:00+00:00","dateModified":"2022-08-13T15:39:24+00:00","mainEntityOfPage":{"@id":"https:\/\/fuentesfidedignas.com.mx\/index.php\/2022\/08\/13\/busco-a-su-nana-45-anos-despues-nunca-olvido-el-carino-recibido\/"},"wordCount":413,"commentCount":0,"publisher":{"@id":"https:\/\/fuentesfidedignas.com.mx\/#organization"},"image":{"@id":"https:\/\/fuentesfidedignas.com.mx\/index.php\/2022\/08\/13\/busco-a-su-nana-45-anos-despues-nunca-olvido-el-carino-recibido\/#primaryimage"},"thumbnailUrl":"https:\/\/fuentesfidedignas.com.mx\/wp-content\/uploads\/2022\/08\/2804199.jpeg","articleSection":["LAS ASOMBROSAS"],"inLanguage":"es","potentialAction":[{"@type":"CommentAction","name":"Comment","target":["https:\/\/fuentesfidedignas.com.mx\/index.php\/2022\/08\/13\/busco-a-su-nana-45-anos-despues-nunca-olvido-el-carino-recibido\/#respond"]}]},{"@type":"WebPage","@id":"https:\/\/fuentesfidedignas.com.mx\/index.php\/2022\/08\/13\/busco-a-su-nana-45-anos-despues-nunca-olvido-el-carino-recibido\/","url":"https:\/\/fuentesfidedignas.com.mx\/index.php\/2022\/08\/13\/busco-a-su-nana-45-anos-despues-nunca-olvido-el-carino-recibido\/","name":"Busc\u00f3 a su nana 45 a\u00f1os despu\u00e9s; nunca olvid\u00f3 el cari\u00f1o recibido - Fuentes Fidedignas","isPartOf":{"@id":"https:\/\/fuentesfidedignas.com.mx\/#website"},"primaryImageOfPage":{"@id":"https:\/\/fuentesfidedignas.com.mx\/index.php\/2022\/08\/13\/busco-a-su-nana-45-anos-despues-nunca-olvido-el-carino-recibido\/#primaryimage"},"image":{"@id":"https:\/\/fuentesfidedignas.com.mx\/index.php\/2022\/08\/13\/busco-a-su-nana-45-anos-despues-nunca-olvido-el-carino-recibido\/#primaryimage"},"thumbnailUrl":"https:\/\/fuentesfidedignas.com.mx\/wp-content\/uploads\/2022\/08\/2804199.jpeg","datePublished":"2022-08-13T07:32:00+00:00","dateModified":"2022-08-13T15:39:24+00:00","breadcrumb":{"@id":"https:\/\/fuentesfidedignas.com.mx\/index.php\/2022\/08\/13\/busco-a-su-nana-45-anos-despues-nunca-olvido-el-carino-recibido\/#breadcrumb"},"inLanguage":"es","potentialAction":[{"@type":"ReadAction","target":["https:\/\/fuentesfidedignas.com.mx\/index.php\/2022\/08\/13\/busco-a-su-nana-45-anos-despues-nunca-olvido-el-carino-recibido\/"]}]},{"@type":"ImageObject","inLanguage":"es","@id":"https:\/\/fuentesfidedignas.com.mx\/index.php\/2022\/08\/13\/busco-a-su-nana-45-anos-despues-nunca-olvido-el-carino-recibido\/#primaryimage","url":"https:\/\/fuentesfidedignas.com.mx\/wp-content\/uploads\/2022\/08\/2804199.jpeg","contentUrl":"https:\/\/fuentesfidedignas.com.mx\/wp-content\/uploads\/2022\/08\/2804199.jpeg","width":800,"height":600},{"@type":"BreadcrumbList","@id":"https:\/\/fuentesfidedignas.com.mx\/index.php\/2022\/08\/13\/busco-a-su-nana-45-anos-despues-nunca-olvido-el-carino-recibido\/#breadcrumb","itemListElement":[{"@type":"ListItem","position":1,"name":"Inicio","item":"https:\/\/fuentesfidedignas.com.mx\/"},{"@type":"ListItem","position":2,"name":"Busc\u00f3 a su nana 45 a\u00f1os despu\u00e9s; nunca olvid\u00f3 el cari\u00f1o recibido"}]},{"@type":"WebSite","@id":"https:\/\/fuentesfidedignas.com.mx\/#website","url":"https:\/\/fuentesfidedignas.com.mx\/","name":"Fuentes Fidedignas","description":"Otro sitio realizado con WordPress","publisher":{"@id":"https:\/\/fuentesfidedignas.com.mx\/#organization"},"potentialAction":[{"@type":"SearchAction","target":{"@type":"EntryPoint","urlTemplate":"https:\/\/fuentesfidedignas.com.mx\/?s={search_term_string}"},"query-input":{"@type":"PropertyValueSpecification","valueRequired":true,"valueName":"search_term_string"}}],"inLanguage":"es"},{"@type":"Organization","@id":"https:\/\/fuentesfidedignas.com.mx\/#organization","name":"Fuentes Fidedignas","url":"https:\/\/fuentesfidedignas.com.mx\/","logo":{"@type":"ImageObject","inLanguage":"es","@id":"https:\/\/fuentesfidedignas.com.mx\/#\/schema\/logo\/image\/","url":"https:\/\/fuentesfidedignas.com.mx\/wp-content\/uploads\/2021\/04\/logo-retina.png","contentUrl":"https:\/\/fuentesfidedignas.com.mx\/wp-content\/uploads\/2021\/04\/logo-retina.png","width":280,"height":51,"caption":"Fuentes Fidedignas"},"image":{"@id":"https:\/\/fuentesfidedignas.com.mx\/#\/schema\/logo\/image\/"},"sameAs":["https:\/\/www.facebook.com\/Fuentes-Fidedignas-368234489921644","https:\/\/x.com\/fidedignas"]},{"@type":"Person","@id":"https:\/\/fuentesfidedignas.com.mx\/#\/schema\/person\/ec4edd1fbf5efa3e44fce34fe2787780","name":"Exc\u00e9lsior","image":{"@type":"ImageObject","inLanguage":"es","@id":"https:\/\/secure.gravatar.com\/avatar\/4b7ee9206b48be08447852b3f0814dbc7c0f3b51541b164f1464a2725614020b?s=96&d=mm&r=g","url":"https:\/\/secure.gravatar.com\/avatar\/4b7ee9206b48be08447852b3f0814dbc7c0f3b51541b164f1464a2725614020b?s=96&d=mm&r=g","contentUrl":"https:\/\/secure.gravatar.com\/avatar\/4b7ee9206b48be08447852b3f0814dbc7c0f3b51541b164f1464a2725614020b?s=96&d=mm&r=g","caption":"Exc\u00e9lsior"},"url":"https:\/\/fuentesfidedignas.com.mx\/index.php\/author\/excelsior\/"}]}},"_links":{"self":[{"href":"https:\/\/fuentesfidedignas.com.mx\/index.php\/wp-json\/wp\/v2\/posts\/39669","targetHints":{"allow":["GET"]}}],"collection":[{"href":"https:\/\/fuentesfidedignas.com.mx\/index.php\/wp-json\/wp\/v2\/posts"}],"about":[{"href":"https:\/\/fuentesfidedignas.com.mx\/index.php\/wp-json\/wp\/v2\/types\/post"}],"author":[{"embeddable":true,"href":"https:\/\/fuentesfidedignas.com.mx\/index.php\/wp-json\/wp\/v2\/users\/7"}],"replies":[{"embeddable":true,"href":"https:\/\/fuentesfidedignas.com.mx\/index.php\/wp-json\/wp\/v2\/comments?post=39669"}],"version-history":[{"count":1,"href":"https:\/\/fuentesfidedignas.com.mx\/index.php\/wp-json\/wp\/v2\/posts\/39669\/revisions"}],"predecessor-version":[{"id":39671,"href":"https:\/\/fuentesfidedignas.com.mx\/index.php\/wp-json\/wp\/v2\/posts\/39669\/revisions\/39671"}],"wp:featuredmedia":[{"embeddable":true,"href":"https:\/\/fuentesfidedignas.com.mx\/index.php\/wp-json\/wp\/v2\/media\/39672"}],"wp:attachment":[{"href":"https:\/\/fuentesfidedignas.com.mx\/index.php\/wp-json\/wp\/v2\/media?parent=39669"}],"wp:term":[{"taxonomy":"category","embeddable":true,"href":"https:\/\/fuentesfidedignas.com.mx\/index.php\/wp-json\/wp\/v2\/categories?post=39669"},{"taxonomy":"post_tag","embeddable":true,"href":"https:\/\/fuentesfidedignas.com.mx\/index.php\/wp-json\/wp\/v2\/tags?post=39669"}],"curies":[{"name":"wp","href":"https:\/\/api.w.org\/{rel}","templated":true}]}}