{"id":39665,"date":"2022-08-13T01:22:00","date_gmt":"2022-08-13T07:22:00","guid":{"rendered":"https:\/\/fuentesfidedignas.com.mx\/?p=39665"},"modified":"2022-08-13T09:28:38","modified_gmt":"2022-08-13T15:28:38","slug":"video-policias-amarran-los-zapatos-al-presidente-de-peru-y-le-llueven-criticas","status":"publish","type":"post","link":"https:\/\/fuentesfidedignas.com.mx\/index.php\/2022\/08\/13\/video-policias-amarran-los-zapatos-al-presidente-de-peru-y-le-llueven-criticas\/","title":{"rendered":"Video: Polic\u00edas amarran los zapatos al presidente de Per\u00fa y le llueven cr\u00edticas"},"content":{"rendered":"\n<p><strong><em>Pedro Castillo caminaba por una v\u00eda de la regi\u00f3n amaz\u00f3nica de San Mart\u00edn cuando se le desataron los cordones de su calzado<\/em><\/strong> <\/p>\n\n\n\n<p>El presidente\u00a0de Per\u00fa,\u00a0<strong>Pedro Castillo<\/strong>, fue criticado fuertemente tras la difusi\u00f3n de un video en el que se observa a dos efectivos de la Polic\u00eda Nacional agacharse para amarrar los cordones de sus zapatos, durante un recorrido por San Mart\u00edn en un acto oficial.<\/p>\n\n\n\n<p>La Defensor\u00eda del Pueblo peruana pidi\u00f3 el viernes al presidente Pedro Castillo \u201crespetar la dignidad\u201d de su escolta policial luego de que se difundi\u00f3 un video en el que se ve a dos agentes amarr\u00e1ndole los cordones de sus zapatos despu\u00e9s de que se le desataran durante un recorrido por la Amazon\u00eda.<\/p>\n\n\n\n<figure class=\"wp-block-embed is-type-rich is-provider-twitter wp-block-embed-twitter\"><div class=\"wp-block-embed__wrapper\">\n<blockquote class=\"twitter-tweet\" data-width=\"550\" data-dnt=\"true\"><p lang=\"es\" dir=\"ltr\">Presidente Pedro Castillo humilla a su personal de seguridad y hace que le amarren los zapatos durante un recorrido que hizo hoy en San Martin. <a href=\"https:\/\/t.co\/RL2sLu7ENd\">pic.twitter.com\/RL2sLu7ENd<\/a><\/p>&mdash; Ricardo Correa (@rcorrea74) <a href=\"https:\/\/twitter.com\/rcorrea74\/status\/1558184089143975937?ref_src=twsrc%5Etfw\">August 12, 2022<\/a><\/blockquote><script async src=\"https:\/\/platform.twitter.com\/widgets.js\" charset=\"utf-8\"><\/script>\n<\/div><\/figure>\n\n\n\n<p>Castillo dijo por la noche que durante la caminata estaba usando un chaleco antibalas para proteger su vida de cualquier riesgo o amenaza y que sus guardaespaldas realizaron la acci\u00f3n de manera voluntaria para evitar que se \u201crecrudezca\u201d una lumbalgia que ha padecido.<\/p>\n\n\n\n<p>\u201c<em>Nunca le ped\u00ed u obligu\u00e9 al efectivo policial que lo hiciera\u2026 Fue un hecho fortuito que est\u00e1 siendo malinterpretado y usado por mis adversarios pol\u00edticos para seguir mellando mi imagen\u201d, asegur\u00f3 en redes sociales. \u201cLamento que se haya malinterpretado una acci\u00f3n voluntaria del efectivo de seguridad<\/em>\u201d, a\u00f1adi\u00f3.<\/p>\n\n\n\n<p>La Defensor\u00eda del Pueblo dijo en Twitter que las funciones de su escolta \u201c<em>no implican hacerse cargo de acciones estrictamente personales<\/em>\u201d, como el atado del calzado.<\/p>\n\n\n\n<figure class=\"wp-block-embed is-type-rich is-provider-twitter wp-block-embed-twitter\"><div class=\"wp-block-embed__wrapper\">\n<blockquote class=\"twitter-tweet\" data-width=\"550\" data-dnt=\"true\"><p lang=\"es\" dir=\"ltr\">Nunca le ped\u00ed u obligu\u00e9 al efectivo policial que lo hiciera. Y no pude hacerlo yo mismo porque desde hace un tiempo uso chaleco antibalas para proteger mi vida de cualquier riesgo o amenaza. (2\/4)<\/p>&mdash; Pedro Castillo Terrones (@PedroCastilloTe) <a href=\"https:\/\/twitter.com\/PedroCastilloTe\/status\/1558296756777000960?ref_src=twsrc%5Etfw\">August 13, 2022<\/a><\/blockquote><script async src=\"https:\/\/platform.twitter.com\/widgets.js\" charset=\"utf-8\"><\/script>\n<\/div><\/figure>\n\n\n\n<p>Este hecho \u201c<em>agravia la moral de fuerzas del orden, desdibujando su imagen ante la poblaci\u00f3n<\/em>\u201d, a\u00f1adi\u00f3 la Defensor\u00eda, y le record\u00f3 al mandatario que es el primer servidor de la naci\u00f3n y que est\u00e1 obligado a respetar la dignidad de toda persona que labore en su entorno, dando ejemplo a la ciudadan\u00eda.<\/p>\n","protected":false},"excerpt":{"rendered":"<p>Pedro Castillo caminaba por una v\u00eda de la regi\u00f3n amaz\u00f3nica de San Mart\u00edn cuando se le desataron los cordones de su calzado El presidente\u00a0de Per\u00fa,\u00a0Pedro Castillo, fue criticado fuertemente tras la difusi\u00f3n de un video en el que se observa a dos efectivos de la Polic\u00eda Nacional agacharse para amarrar los cordones de sus zapatos, [&hellip;]<\/p>\n","protected":false},"author":46,"featured_media":39667,"comment_status":"open","ping_status":"open","sticky":false,"template":"","format":"standard","meta":{"tdm_status":"","tdm_grid_status":"","footnotes":""},"categories":[40],"tags":[],"class_list":{"0":"post-39665","1":"post","2":"type-post","3":"status-publish","4":"format-standard","5":"has-post-thumbnail","7":"category-las-asombrosas"},"yoast_head":"<!-- This site is optimized with the Yoast SEO plugin v27.5 - https:\/\/yoast.com\/product\/yoast-seo-wordpress\/ -->\n<title>Video: Polic\u00edas amarran los zapatos al presidente de Per\u00fa y le llueven cr\u00edticas - Fuentes Fidedignas<\/title>\n<meta name=\"robots\" content=\"index, follow, max-snippet:-1, max-image-preview:large, max-video-preview:-1\" \/>\n<link rel=\"canonical\" href=\"https:\/\/fuentesfidedignas.com.mx\/index.php\/2022\/08\/13\/video-policias-amarran-los-zapatos-al-presidente-de-peru-y-le-llueven-criticas\/\" \/>\n<meta property=\"og:locale\" content=\"es_MX\" \/>\n<meta property=\"og:type\" content=\"article\" \/>\n<meta property=\"og:title\" content=\"Video: Polic\u00edas amarran los zapatos al presidente de Per\u00fa y le llueven cr\u00edticas - Fuentes Fidedignas\" \/>\n<meta property=\"og:description\" content=\"Pedro Castillo caminaba por una v\u00eda de la regi\u00f3n amaz\u00f3nica de San Mart\u00edn cuando se le desataron los cordones de su calzado El presidente\u00a0de Per\u00fa,\u00a0Pedro Castillo, fue criticado fuertemente tras la difusi\u00f3n de un video en el que se observa a dos efectivos de la Polic\u00eda Nacional agacharse para amarrar los cordones de sus zapatos, [&hellip;]\" \/>\n<meta property=\"og:url\" content=\"https:\/\/fuentesfidedignas.com.mx\/index.php\/2022\/08\/13\/video-policias-amarran-los-zapatos-al-presidente-de-peru-y-le-llueven-criticas\/\" \/>\n<meta property=\"og:site_name\" content=\"Fuentes Fidedignas\" \/>\n<meta property=\"article:publisher\" content=\"https:\/\/www.facebook.com\/Fuentes-Fidedignas-368234489921644\" \/>\n<meta property=\"article:published_time\" content=\"2022-08-13T07:22:00+00:00\" \/>\n<meta property=\"article:modified_time\" content=\"2022-08-13T15:28:38+00:00\" \/>\n<meta property=\"og:image\" content=\"https:\/\/fuentesfidedignas.com.mx\/wp-content\/uploads\/2022\/08\/pedro-castillo1.jpg\" \/>\n\t<meta property=\"og:image:width\" content=\"1280\" \/>\n\t<meta property=\"og:image:height\" content=\"720\" \/>\n\t<meta property=\"og:image:type\" content=\"image\/jpeg\" \/>\n<meta name=\"author\" content=\"Noticieros Televisa\" \/>\n<meta name=\"twitter:card\" content=\"summary_large_image\" \/>\n<meta name=\"twitter:creator\" content=\"@fidedignas\" \/>\n<meta name=\"twitter:site\" content=\"@fidedignas\" \/>\n<meta name=\"twitter:label1\" content=\"Escrito por\" \/>\n\t<meta name=\"twitter:data1\" content=\"Noticieros Televisa\" \/>\n\t<meta name=\"twitter:label2\" content=\"Tiempo de lectura\" \/>\n\t<meta name=\"twitter:data2\" content=\"2 minutos\" \/>\n<script type=\"application\/ld+json\" class=\"yoast-schema-graph\">{\"@context\":\"https:\\\/\\\/schema.org\",\"@graph\":[{\"@type\":\"Article\",\"@id\":\"https:\\\/\\\/fuentesfidedignas.com.mx\\\/index.php\\\/2022\\\/08\\\/13\\\/video-policias-amarran-los-zapatos-al-presidente-de-peru-y-le-llueven-criticas\\\/#article\",\"isPartOf\":{\"@id\":\"https:\\\/\\\/fuentesfidedignas.com.mx\\\/index.php\\\/2022\\\/08\\\/13\\\/video-policias-amarran-los-zapatos-al-presidente-de-peru-y-le-llueven-criticas\\\/\"},\"author\":{\"name\":\"Noticieros Televisa\",\"@id\":\"https:\\\/\\\/fuentesfidedignas.com.mx\\\/#\\\/schema\\\/person\\\/f030e42657a5a464a8bbd891b1aab6ee\"},\"headline\":\"Video: Polic\u00edas amarran los zapatos al presidente de Per\u00fa y le llueven cr\u00edticas\",\"datePublished\":\"2022-08-13T07:22:00+00:00\",\"dateModified\":\"2022-08-13T15:28:38+00:00\",\"mainEntityOfPage\":{\"@id\":\"https:\\\/\\\/fuentesfidedignas.com.mx\\\/index.php\\\/2022\\\/08\\\/13\\\/video-policias-amarran-los-zapatos-al-presidente-de-peru-y-le-llueven-criticas\\\/\"},\"wordCount\":397,\"commentCount\":0,\"publisher\":{\"@id\":\"https:\\\/\\\/fuentesfidedignas.com.mx\\\/#organization\"},\"image\":{\"@id\":\"https:\\\/\\\/fuentesfidedignas.com.mx\\\/index.php\\\/2022\\\/08\\\/13\\\/video-policias-amarran-los-zapatos-al-presidente-de-peru-y-le-llueven-criticas\\\/#primaryimage\"},\"thumbnailUrl\":\"https:\\\/\\\/fuentesfidedignas.com.mx\\\/wp-content\\\/uploads\\\/2022\\\/08\\\/pedro-castillo1.jpg\",\"articleSection\":[\"LAS ASOMBROSAS\"],\"inLanguage\":\"es\",\"potentialAction\":[{\"@type\":\"CommentAction\",\"name\":\"Comment\",\"target\":[\"https:\\\/\\\/fuentesfidedignas.com.mx\\\/index.php\\\/2022\\\/08\\\/13\\\/video-policias-amarran-los-zapatos-al-presidente-de-peru-y-le-llueven-criticas\\\/#respond\"]}]},{\"@type\":\"WebPage\",\"@id\":\"https:\\\/\\\/fuentesfidedignas.com.mx\\\/index.php\\\/2022\\\/08\\\/13\\\/video-policias-amarran-los-zapatos-al-presidente-de-peru-y-le-llueven-criticas\\\/\",\"url\":\"https:\\\/\\\/fuentesfidedignas.com.mx\\\/index.php\\\/2022\\\/08\\\/13\\\/video-policias-amarran-los-zapatos-al-presidente-de-peru-y-le-llueven-criticas\\\/\",\"name\":\"Video: Polic\u00edas amarran los zapatos al presidente de Per\u00fa y le llueven cr\u00edticas - Fuentes Fidedignas\",\"isPartOf\":{\"@id\":\"https:\\\/\\\/fuentesfidedignas.com.mx\\\/#website\"},\"primaryImageOfPage\":{\"@id\":\"https:\\\/\\\/fuentesfidedignas.com.mx\\\/index.php\\\/2022\\\/08\\\/13\\\/video-policias-amarran-los-zapatos-al-presidente-de-peru-y-le-llueven-criticas\\\/#primaryimage\"},\"image\":{\"@id\":\"https:\\\/\\\/fuentesfidedignas.com.mx\\\/index.php\\\/2022\\\/08\\\/13\\\/video-policias-amarran-los-zapatos-al-presidente-de-peru-y-le-llueven-criticas\\\/#primaryimage\"},\"thumbnailUrl\":\"https:\\\/\\\/fuentesfidedignas.com.mx\\\/wp-content\\\/uploads\\\/2022\\\/08\\\/pedro-castillo1.jpg\",\"datePublished\":\"2022-08-13T07:22:00+00:00\",\"dateModified\":\"2022-08-13T15:28:38+00:00\",\"breadcrumb\":{\"@id\":\"https:\\\/\\\/fuentesfidedignas.com.mx\\\/index.php\\\/2022\\\/08\\\/13\\\/video-policias-amarran-los-zapatos-al-presidente-de-peru-y-le-llueven-criticas\\\/#breadcrumb\"},\"inLanguage\":\"es\",\"potentialAction\":[{\"@type\":\"ReadAction\",\"target\":[\"https:\\\/\\\/fuentesfidedignas.com.mx\\\/index.php\\\/2022\\\/08\\\/13\\\/video-policias-amarran-los-zapatos-al-presidente-de-peru-y-le-llueven-criticas\\\/\"]}]},{\"@type\":\"ImageObject\",\"inLanguage\":\"es\",\"@id\":\"https:\\\/\\\/fuentesfidedignas.com.mx\\\/index.php\\\/2022\\\/08\\\/13\\\/video-policias-amarran-los-zapatos-al-presidente-de-peru-y-le-llueven-criticas\\\/#primaryimage\",\"url\":\"https:\\\/\\\/fuentesfidedignas.com.mx\\\/wp-content\\\/uploads\\\/2022\\\/08\\\/pedro-castillo1.jpg\",\"contentUrl\":\"https:\\\/\\\/fuentesfidedignas.com.mx\\\/wp-content\\\/uploads\\\/2022\\\/08\\\/pedro-castillo1.jpg\",\"width\":1280,\"height\":720},{\"@type\":\"BreadcrumbList\",\"@id\":\"https:\\\/\\\/fuentesfidedignas.com.mx\\\/index.php\\\/2022\\\/08\\\/13\\\/video-policias-amarran-los-zapatos-al-presidente-de-peru-y-le-llueven-criticas\\\/#breadcrumb\",\"itemListElement\":[{\"@type\":\"ListItem\",\"position\":1,\"name\":\"Inicio\",\"item\":\"https:\\\/\\\/fuentesfidedignas.com.mx\\\/\"},{\"@type\":\"ListItem\",\"position\":2,\"name\":\"Video: Polic\u00edas amarran los zapatos al presidente de Per\u00fa y le llueven cr\u00edticas\"}]},{\"@type\":\"WebSite\",\"@id\":\"https:\\\/\\\/fuentesfidedignas.com.mx\\\/#website\",\"url\":\"https:\\\/\\\/fuentesfidedignas.com.mx\\\/\",\"name\":\"Fuentes Fidedignas\",\"description\":\"Otro sitio realizado con WordPress\",\"publisher\":{\"@id\":\"https:\\\/\\\/fuentesfidedignas.com.mx\\\/#organization\"},\"potentialAction\":[{\"@type\":\"SearchAction\",\"target\":{\"@type\":\"EntryPoint\",\"urlTemplate\":\"https:\\\/\\\/fuentesfidedignas.com.mx\\\/?s={search_term_string}\"},\"query-input\":{\"@type\":\"PropertyValueSpecification\",\"valueRequired\":true,\"valueName\":\"search_term_string\"}}],\"inLanguage\":\"es\"},{\"@type\":\"Organization\",\"@id\":\"https:\\\/\\\/fuentesfidedignas.com.mx\\\/#organization\",\"name\":\"Fuentes Fidedignas\",\"url\":\"https:\\\/\\\/fuentesfidedignas.com.mx\\\/\",\"logo\":{\"@type\":\"ImageObject\",\"inLanguage\":\"es\",\"@id\":\"https:\\\/\\\/fuentesfidedignas.com.mx\\\/#\\\/schema\\\/logo\\\/image\\\/\",\"url\":\"https:\\\/\\\/fuentesfidedignas.com.mx\\\/wp-content\\\/uploads\\\/2021\\\/04\\\/logo-retina.png\",\"contentUrl\":\"https:\\\/\\\/fuentesfidedignas.com.mx\\\/wp-content\\\/uploads\\\/2021\\\/04\\\/logo-retina.png\",\"width\":280,\"height\":51,\"caption\":\"Fuentes Fidedignas\"},\"image\":{\"@id\":\"https:\\\/\\\/fuentesfidedignas.com.mx\\\/#\\\/schema\\\/logo\\\/image\\\/\"},\"sameAs\":[\"https:\\\/\\\/www.facebook.com\\\/Fuentes-Fidedignas-368234489921644\",\"https:\\\/\\\/x.com\\\/fidedignas\"]},{\"@type\":\"Person\",\"@id\":\"https:\\\/\\\/fuentesfidedignas.com.mx\\\/#\\\/schema\\\/person\\\/f030e42657a5a464a8bbd891b1aab6ee\",\"name\":\"Noticieros Televisa\",\"image\":{\"@type\":\"ImageObject\",\"inLanguage\":\"es\",\"@id\":\"https:\\\/\\\/secure.gravatar.com\\\/avatar\\\/0e47b9e785a628831b8fd9eaf15e090e106760a879abbd4a3306f128ef5d43a9?s=96&d=mm&r=g\",\"url\":\"https:\\\/\\\/secure.gravatar.com\\\/avatar\\\/0e47b9e785a628831b8fd9eaf15e090e106760a879abbd4a3306f128ef5d43a9?s=96&d=mm&r=g\",\"contentUrl\":\"https:\\\/\\\/secure.gravatar.com\\\/avatar\\\/0e47b9e785a628831b8fd9eaf15e090e106760a879abbd4a3306f128ef5d43a9?s=96&d=mm&r=g\",\"caption\":\"Noticieros Televisa\"},\"url\":\"https:\\\/\\\/fuentesfidedignas.com.mx\\\/index.php\\\/author\\\/noticieros-televisa\\\/\"}]}<\/script>\n<!-- \/ Yoast SEO plugin. -->","yoast_head_json":{"title":"Video: Polic\u00edas amarran los zapatos al presidente de Per\u00fa y le llueven cr\u00edticas - Fuentes Fidedignas","robots":{"index":"index","follow":"follow","max-snippet":"max-snippet:-1","max-image-preview":"max-image-preview:large","max-video-preview":"max-video-preview:-1"},"canonical":"https:\/\/fuentesfidedignas.com.mx\/index.php\/2022\/08\/13\/video-policias-amarran-los-zapatos-al-presidente-de-peru-y-le-llueven-criticas\/","og_locale":"es_MX","og_type":"article","og_title":"Video: Polic\u00edas amarran los zapatos al presidente de Per\u00fa y le llueven cr\u00edticas - Fuentes Fidedignas","og_description":"Pedro Castillo caminaba por una v\u00eda de la regi\u00f3n amaz\u00f3nica de San Mart\u00edn cuando se le desataron los cordones de su calzado El presidente\u00a0de Per\u00fa,\u00a0Pedro Castillo, fue criticado fuertemente tras la difusi\u00f3n de un video en el que se observa a dos efectivos de la Polic\u00eda Nacional agacharse para amarrar los cordones de sus zapatos, [&hellip;]","og_url":"https:\/\/fuentesfidedignas.com.mx\/index.php\/2022\/08\/13\/video-policias-amarran-los-zapatos-al-presidente-de-peru-y-le-llueven-criticas\/","og_site_name":"Fuentes Fidedignas","article_publisher":"https:\/\/www.facebook.com\/Fuentes-Fidedignas-368234489921644","article_published_time":"2022-08-13T07:22:00+00:00","article_modified_time":"2022-08-13T15:28:38+00:00","og_image":[{"width":1280,"height":720,"url":"https:\/\/fuentesfidedignas.com.mx\/wp-content\/uploads\/2022\/08\/pedro-castillo1.jpg","type":"image\/jpeg"}],"author":"Noticieros Televisa","twitter_card":"summary_large_image","twitter_creator":"@fidedignas","twitter_site":"@fidedignas","twitter_misc":{"Escrito por":"Noticieros Televisa","Tiempo de lectura":"2 minutos"},"schema":{"@context":"https:\/\/schema.org","@graph":[{"@type":"Article","@id":"https:\/\/fuentesfidedignas.com.mx\/index.php\/2022\/08\/13\/video-policias-amarran-los-zapatos-al-presidente-de-peru-y-le-llueven-criticas\/#article","isPartOf":{"@id":"https:\/\/fuentesfidedignas.com.mx\/index.php\/2022\/08\/13\/video-policias-amarran-los-zapatos-al-presidente-de-peru-y-le-llueven-criticas\/"},"author":{"name":"Noticieros Televisa","@id":"https:\/\/fuentesfidedignas.com.mx\/#\/schema\/person\/f030e42657a5a464a8bbd891b1aab6ee"},"headline":"Video: Polic\u00edas amarran los zapatos al presidente de Per\u00fa y le llueven cr\u00edticas","datePublished":"2022-08-13T07:22:00+00:00","dateModified":"2022-08-13T15:28:38+00:00","mainEntityOfPage":{"@id":"https:\/\/fuentesfidedignas.com.mx\/index.php\/2022\/08\/13\/video-policias-amarran-los-zapatos-al-presidente-de-peru-y-le-llueven-criticas\/"},"wordCount":397,"commentCount":0,"publisher":{"@id":"https:\/\/fuentesfidedignas.com.mx\/#organization"},"image":{"@id":"https:\/\/fuentesfidedignas.com.mx\/index.php\/2022\/08\/13\/video-policias-amarran-los-zapatos-al-presidente-de-peru-y-le-llueven-criticas\/#primaryimage"},"thumbnailUrl":"https:\/\/fuentesfidedignas.com.mx\/wp-content\/uploads\/2022\/08\/pedro-castillo1.jpg","articleSection":["LAS ASOMBROSAS"],"inLanguage":"es","potentialAction":[{"@type":"CommentAction","name":"Comment","target":["https:\/\/fuentesfidedignas.com.mx\/index.php\/2022\/08\/13\/video-policias-amarran-los-zapatos-al-presidente-de-peru-y-le-llueven-criticas\/#respond"]}]},{"@type":"WebPage","@id":"https:\/\/fuentesfidedignas.com.mx\/index.php\/2022\/08\/13\/video-policias-amarran-los-zapatos-al-presidente-de-peru-y-le-llueven-criticas\/","url":"https:\/\/fuentesfidedignas.com.mx\/index.php\/2022\/08\/13\/video-policias-amarran-los-zapatos-al-presidente-de-peru-y-le-llueven-criticas\/","name":"Video: Polic\u00edas amarran los zapatos al presidente de Per\u00fa y le llueven cr\u00edticas - Fuentes Fidedignas","isPartOf":{"@id":"https:\/\/fuentesfidedignas.com.mx\/#website"},"primaryImageOfPage":{"@id":"https:\/\/fuentesfidedignas.com.mx\/index.php\/2022\/08\/13\/video-policias-amarran-los-zapatos-al-presidente-de-peru-y-le-llueven-criticas\/#primaryimage"},"image":{"@id":"https:\/\/fuentesfidedignas.com.mx\/index.php\/2022\/08\/13\/video-policias-amarran-los-zapatos-al-presidente-de-peru-y-le-llueven-criticas\/#primaryimage"},"thumbnailUrl":"https:\/\/fuentesfidedignas.com.mx\/wp-content\/uploads\/2022\/08\/pedro-castillo1.jpg","datePublished":"2022-08-13T07:22:00+00:00","dateModified":"2022-08-13T15:28:38+00:00","breadcrumb":{"@id":"https:\/\/fuentesfidedignas.com.mx\/index.php\/2022\/08\/13\/video-policias-amarran-los-zapatos-al-presidente-de-peru-y-le-llueven-criticas\/#breadcrumb"},"inLanguage":"es","potentialAction":[{"@type":"ReadAction","target":["https:\/\/fuentesfidedignas.com.mx\/index.php\/2022\/08\/13\/video-policias-amarran-los-zapatos-al-presidente-de-peru-y-le-llueven-criticas\/"]}]},{"@type":"ImageObject","inLanguage":"es","@id":"https:\/\/fuentesfidedignas.com.mx\/index.php\/2022\/08\/13\/video-policias-amarran-los-zapatos-al-presidente-de-peru-y-le-llueven-criticas\/#primaryimage","url":"https:\/\/fuentesfidedignas.com.mx\/wp-content\/uploads\/2022\/08\/pedro-castillo1.jpg","contentUrl":"https:\/\/fuentesfidedignas.com.mx\/wp-content\/uploads\/2022\/08\/pedro-castillo1.jpg","width":1280,"height":720},{"@type":"BreadcrumbList","@id":"https:\/\/fuentesfidedignas.com.mx\/index.php\/2022\/08\/13\/video-policias-amarran-los-zapatos-al-presidente-de-peru-y-le-llueven-criticas\/#breadcrumb","itemListElement":[{"@type":"ListItem","position":1,"name":"Inicio","item":"https:\/\/fuentesfidedignas.com.mx\/"},{"@type":"ListItem","position":2,"name":"Video: Polic\u00edas amarran los zapatos al presidente de Per\u00fa y le llueven cr\u00edticas"}]},{"@type":"WebSite","@id":"https:\/\/fuentesfidedignas.com.mx\/#website","url":"https:\/\/fuentesfidedignas.com.mx\/","name":"Fuentes Fidedignas","description":"Otro sitio realizado con WordPress","publisher":{"@id":"https:\/\/fuentesfidedignas.com.mx\/#organization"},"potentialAction":[{"@type":"SearchAction","target":{"@type":"EntryPoint","urlTemplate":"https:\/\/fuentesfidedignas.com.mx\/?s={search_term_string}"},"query-input":{"@type":"PropertyValueSpecification","valueRequired":true,"valueName":"search_term_string"}}],"inLanguage":"es"},{"@type":"Organization","@id":"https:\/\/fuentesfidedignas.com.mx\/#organization","name":"Fuentes Fidedignas","url":"https:\/\/fuentesfidedignas.com.mx\/","logo":{"@type":"ImageObject","inLanguage":"es","@id":"https:\/\/fuentesfidedignas.com.mx\/#\/schema\/logo\/image\/","url":"https:\/\/fuentesfidedignas.com.mx\/wp-content\/uploads\/2021\/04\/logo-retina.png","contentUrl":"https:\/\/fuentesfidedignas.com.mx\/wp-content\/uploads\/2021\/04\/logo-retina.png","width":280,"height":51,"caption":"Fuentes Fidedignas"},"image":{"@id":"https:\/\/fuentesfidedignas.com.mx\/#\/schema\/logo\/image\/"},"sameAs":["https:\/\/www.facebook.com\/Fuentes-Fidedignas-368234489921644","https:\/\/x.com\/fidedignas"]},{"@type":"Person","@id":"https:\/\/fuentesfidedignas.com.mx\/#\/schema\/person\/f030e42657a5a464a8bbd891b1aab6ee","name":"Noticieros Televisa","image":{"@type":"ImageObject","inLanguage":"es","@id":"https:\/\/secure.gravatar.com\/avatar\/0e47b9e785a628831b8fd9eaf15e090e106760a879abbd4a3306f128ef5d43a9?s=96&d=mm&r=g","url":"https:\/\/secure.gravatar.com\/avatar\/0e47b9e785a628831b8fd9eaf15e090e106760a879abbd4a3306f128ef5d43a9?s=96&d=mm&r=g","contentUrl":"https:\/\/secure.gravatar.com\/avatar\/0e47b9e785a628831b8fd9eaf15e090e106760a879abbd4a3306f128ef5d43a9?s=96&d=mm&r=g","caption":"Noticieros Televisa"},"url":"https:\/\/fuentesfidedignas.com.mx\/index.php\/author\/noticieros-televisa\/"}]}},"_links":{"self":[{"href":"https:\/\/fuentesfidedignas.com.mx\/index.php\/wp-json\/wp\/v2\/posts\/39665","targetHints":{"allow":["GET"]}}],"collection":[{"href":"https:\/\/fuentesfidedignas.com.mx\/index.php\/wp-json\/wp\/v2\/posts"}],"about":[{"href":"https:\/\/fuentesfidedignas.com.mx\/index.php\/wp-json\/wp\/v2\/types\/post"}],"author":[{"embeddable":true,"href":"https:\/\/fuentesfidedignas.com.mx\/index.php\/wp-json\/wp\/v2\/users\/46"}],"replies":[{"embeddable":true,"href":"https:\/\/fuentesfidedignas.com.mx\/index.php\/wp-json\/wp\/v2\/comments?post=39665"}],"version-history":[{"count":1,"href":"https:\/\/fuentesfidedignas.com.mx\/index.php\/wp-json\/wp\/v2\/posts\/39665\/revisions"}],"predecessor-version":[{"id":39666,"href":"https:\/\/fuentesfidedignas.com.mx\/index.php\/wp-json\/wp\/v2\/posts\/39665\/revisions\/39666"}],"wp:featuredmedia":[{"embeddable":true,"href":"https:\/\/fuentesfidedignas.com.mx\/index.php\/wp-json\/wp\/v2\/media\/39667"}],"wp:attachment":[{"href":"https:\/\/fuentesfidedignas.com.mx\/index.php\/wp-json\/wp\/v2\/media?parent=39665"}],"wp:term":[{"taxonomy":"category","embeddable":true,"href":"https:\/\/fuentesfidedignas.com.mx\/index.php\/wp-json\/wp\/v2\/categories?post=39665"},{"taxonomy":"post_tag","embeddable":true,"href":"https:\/\/fuentesfidedignas.com.mx\/index.php\/wp-json\/wp\/v2\/tags?post=39665"}],"curies":[{"name":"wp","href":"https:\/\/api.w.org\/{rel}","templated":true}]}}