{"id":39647,"date":"2022-08-12T13:10:17","date_gmt":"2022-08-12T19:10:17","guid":{"rendered":"https:\/\/fuentesfidedignas.com.mx\/?p=39647"},"modified":"2022-08-12T19:11:20","modified_gmt":"2022-08-13T01:11:20","slug":"hay-presion-para-que-rompamos-con-morena-pero-no-tengo-problemas-con-rocha-afirma-cuen","status":"publish","type":"post","link":"https:\/\/fuentesfidedignas.com.mx\/index.php\/2022\/08\/12\/hay-presion-para-que-rompamos-con-morena-pero-no-tengo-problemas-con-rocha-afirma-cuen\/","title":{"rendered":"Hay presi\u00f3n para que rompamos con Morena, pero no tengo problemas con Rocha, afirma Cu\u00e9n"},"content":{"rendered":"\n<p>Culiac\u00e1n, Sin.- Hay presi\u00f3n para que el Partido Sinaloense &#8216;rompa&#8217; con Morena, pero a\u00fan falta mucho para determinar ese tema, afirm\u00f3 H\u00e9ctor Melesio Cu\u00e9n Ojeda.<\/p>\n\n\n\n<p><em>&#8220;Que no se quieran parar el cuello aqu\u00ed de que pararon todo, nosotros no somos provincianos tontos, nosotros conocemos todo lo que est\u00e1 pasando en todo M\u00e9xico porque somos un partido serio que ya ya tom\u00f3 una decisi\u00f3n\u201d<\/em>, afirm\u00f3.<\/p>\n\n\n\n<p>El l\u00edder moral del PAS indic\u00f3 que no tiene problemas con el Gobernador Rub\u00e9n Rocha Moya, y que pese a los se\u00f1alamientos, no descarta &#8220;tomarse un chocolatito con \u00e9l&#8221;.<\/p>\n","protected":false},"excerpt":{"rendered":"<p>Culiac\u00e1n, Sin.- Hay presi\u00f3n para que el Partido Sinaloense &#8216;rompa&#8217; con Morena, pero a\u00fan falta mucho para determinar ese tema, afirm\u00f3 H\u00e9ctor Melesio Cu\u00e9n Ojeda. &#8220;Que no se quieran parar el cuello aqu\u00ed de que pararon todo, nosotros no somos provincianos tontos, nosotros conocemos todo lo que est\u00e1 pasando en todo M\u00e9xico porque somos un [&hellip;]<\/p>\n","protected":false},"author":112,"featured_media":39650,"comment_status":"open","ping_status":"open","sticky":false,"template":"","format":"standard","meta":{"tdm_status":"","tdm_grid_status":"","footnotes":""},"categories":[37],"tags":[],"class_list":{"0":"post-39647","1":"post","2":"type-post","3":"status-publish","4":"format-standard","5":"has-post-thumbnail","7":"category-nota-principal"},"yoast_head":"<!-- This site is optimized with the Yoast SEO plugin v27.4 - https:\/\/yoast.com\/product\/yoast-seo-wordpress\/ -->\n<title>Hay presi\u00f3n para que rompamos con Morena, pero no tengo problemas con Rocha, afirma Cu\u00e9n - Fuentes Fidedignas<\/title>\n<meta name=\"robots\" content=\"index, follow, max-snippet:-1, max-image-preview:large, max-video-preview:-1\" \/>\n<link rel=\"canonical\" href=\"https:\/\/fuentesfidedignas.com.mx\/index.php\/2022\/08\/12\/hay-presion-para-que-rompamos-con-morena-pero-no-tengo-problemas-con-rocha-afirma-cuen\/\" \/>\n<meta property=\"og:locale\" content=\"es_MX\" \/>\n<meta property=\"og:type\" content=\"article\" \/>\n<meta property=\"og:title\" content=\"Hay presi\u00f3n para que rompamos con Morena, pero no tengo problemas con Rocha, afirma Cu\u00e9n - Fuentes Fidedignas\" \/>\n<meta property=\"og:description\" content=\"Culiac\u00e1n, Sin.- Hay presi\u00f3n para que el Partido Sinaloense &#8216;rompa&#8217; con Morena, pero a\u00fan falta mucho para determinar ese tema, afirm\u00f3 H\u00e9ctor Melesio Cu\u00e9n Ojeda. &#8220;Que no se quieran parar el cuello aqu\u00ed de que pararon todo, nosotros no somos provincianos tontos, nosotros conocemos todo lo que est\u00e1 pasando en todo M\u00e9xico porque somos un [&hellip;]\" \/>\n<meta property=\"og:url\" content=\"https:\/\/fuentesfidedignas.com.mx\/index.php\/2022\/08\/12\/hay-presion-para-que-rompamos-con-morena-pero-no-tengo-problemas-con-rocha-afirma-cuen\/\" \/>\n<meta property=\"og:site_name\" content=\"Fuentes Fidedignas\" \/>\n<meta property=\"article:publisher\" content=\"https:\/\/www.facebook.com\/Fuentes-Fidedignas-368234489921644\" \/>\n<meta property=\"article:published_time\" content=\"2022-08-12T19:10:17+00:00\" \/>\n<meta property=\"article:modified_time\" content=\"2022-08-13T01:11:20+00:00\" \/>\n<meta property=\"og:image\" content=\"https:\/\/fuentesfidedignas.com.mx\/wp-content\/uploads\/2022\/08\/image_editor_output_image-62271371-1660353061570.jpg\" \/>\n\t<meta property=\"og:image:width\" content=\"862\" \/>\n\t<meta property=\"og:image:height\" content=\"745\" \/>\n\t<meta property=\"og:image:type\" content=\"image\/jpeg\" \/>\n<meta name=\"author\" content=\"Leonardo Gutierrez\" \/>\n<meta name=\"twitter:card\" content=\"summary_large_image\" \/>\n<meta name=\"twitter:creator\" content=\"@fidedignas\" \/>\n<meta name=\"twitter:site\" content=\"@fidedignas\" \/>\n<meta name=\"twitter:label1\" content=\"Escrito por\" \/>\n\t<meta name=\"twitter:data1\" content=\"Leonardo Gutierrez\" \/>\n\t<meta name=\"twitter:label2\" content=\"Tiempo de lectura\" \/>\n\t<meta name=\"twitter:data2\" content=\"1 minuto\" \/>\n<script type=\"application\/ld+json\" class=\"yoast-schema-graph\">{\"@context\":\"https:\\\/\\\/schema.org\",\"@graph\":[{\"@type\":\"Article\",\"@id\":\"https:\\\/\\\/fuentesfidedignas.com.mx\\\/index.php\\\/2022\\\/08\\\/12\\\/hay-presion-para-que-rompamos-con-morena-pero-no-tengo-problemas-con-rocha-afirma-cuen\\\/#article\",\"isPartOf\":{\"@id\":\"https:\\\/\\\/fuentesfidedignas.com.mx\\\/index.php\\\/2022\\\/08\\\/12\\\/hay-presion-para-que-rompamos-con-morena-pero-no-tengo-problemas-con-rocha-afirma-cuen\\\/\"},\"author\":{\"name\":\"Leonardo Gutierrez\",\"@id\":\"https:\\\/\\\/fuentesfidedignas.com.mx\\\/#\\\/schema\\\/person\\\/c77df25c00baae1d4fdc0340db6f364c\"},\"headline\":\"Hay presi\u00f3n para que rompamos con Morena, pero no tengo problemas con Rocha, afirma Cu\u00e9n\",\"datePublished\":\"2022-08-12T19:10:17+00:00\",\"dateModified\":\"2022-08-13T01:11:20+00:00\",\"mainEntityOfPage\":{\"@id\":\"https:\\\/\\\/fuentesfidedignas.com.mx\\\/index.php\\\/2022\\\/08\\\/12\\\/hay-presion-para-que-rompamos-con-morena-pero-no-tengo-problemas-con-rocha-afirma-cuen\\\/\"},\"wordCount\":121,\"commentCount\":0,\"publisher\":{\"@id\":\"https:\\\/\\\/fuentesfidedignas.com.mx\\\/#organization\"},\"image\":{\"@id\":\"https:\\\/\\\/fuentesfidedignas.com.mx\\\/index.php\\\/2022\\\/08\\\/12\\\/hay-presion-para-que-rompamos-con-morena-pero-no-tengo-problemas-con-rocha-afirma-cuen\\\/#primaryimage\"},\"thumbnailUrl\":\"https:\\\/\\\/fuentesfidedignas.com.mx\\\/wp-content\\\/uploads\\\/2022\\\/08\\\/image_editor_output_image-62271371-1660353061570.jpg\",\"articleSection\":[\"NOTA PRINCIPAL\"],\"inLanguage\":\"es\",\"potentialAction\":[{\"@type\":\"CommentAction\",\"name\":\"Comment\",\"target\":[\"https:\\\/\\\/fuentesfidedignas.com.mx\\\/index.php\\\/2022\\\/08\\\/12\\\/hay-presion-para-que-rompamos-con-morena-pero-no-tengo-problemas-con-rocha-afirma-cuen\\\/#respond\"]}]},{\"@type\":\"WebPage\",\"@id\":\"https:\\\/\\\/fuentesfidedignas.com.mx\\\/index.php\\\/2022\\\/08\\\/12\\\/hay-presion-para-que-rompamos-con-morena-pero-no-tengo-problemas-con-rocha-afirma-cuen\\\/\",\"url\":\"https:\\\/\\\/fuentesfidedignas.com.mx\\\/index.php\\\/2022\\\/08\\\/12\\\/hay-presion-para-que-rompamos-con-morena-pero-no-tengo-problemas-con-rocha-afirma-cuen\\\/\",\"name\":\"Hay presi\u00f3n para que rompamos con Morena, pero no tengo problemas con Rocha, afirma Cu\u00e9n - Fuentes Fidedignas\",\"isPartOf\":{\"@id\":\"https:\\\/\\\/fuentesfidedignas.com.mx\\\/#website\"},\"primaryImageOfPage\":{\"@id\":\"https:\\\/\\\/fuentesfidedignas.com.mx\\\/index.php\\\/2022\\\/08\\\/12\\\/hay-presion-para-que-rompamos-con-morena-pero-no-tengo-problemas-con-rocha-afirma-cuen\\\/#primaryimage\"},\"image\":{\"@id\":\"https:\\\/\\\/fuentesfidedignas.com.mx\\\/index.php\\\/2022\\\/08\\\/12\\\/hay-presion-para-que-rompamos-con-morena-pero-no-tengo-problemas-con-rocha-afirma-cuen\\\/#primaryimage\"},\"thumbnailUrl\":\"https:\\\/\\\/fuentesfidedignas.com.mx\\\/wp-content\\\/uploads\\\/2022\\\/08\\\/image_editor_output_image-62271371-1660353061570.jpg\",\"datePublished\":\"2022-08-12T19:10:17+00:00\",\"dateModified\":\"2022-08-13T01:11:20+00:00\",\"breadcrumb\":{\"@id\":\"https:\\\/\\\/fuentesfidedignas.com.mx\\\/index.php\\\/2022\\\/08\\\/12\\\/hay-presion-para-que-rompamos-con-morena-pero-no-tengo-problemas-con-rocha-afirma-cuen\\\/#breadcrumb\"},\"inLanguage\":\"es\",\"potentialAction\":[{\"@type\":\"ReadAction\",\"target\":[\"https:\\\/\\\/fuentesfidedignas.com.mx\\\/index.php\\\/2022\\\/08\\\/12\\\/hay-presion-para-que-rompamos-con-morena-pero-no-tengo-problemas-con-rocha-afirma-cuen\\\/\"]}]},{\"@type\":\"ImageObject\",\"inLanguage\":\"es\",\"@id\":\"https:\\\/\\\/fuentesfidedignas.com.mx\\\/index.php\\\/2022\\\/08\\\/12\\\/hay-presion-para-que-rompamos-con-morena-pero-no-tengo-problemas-con-rocha-afirma-cuen\\\/#primaryimage\",\"url\":\"https:\\\/\\\/fuentesfidedignas.com.mx\\\/wp-content\\\/uploads\\\/2022\\\/08\\\/image_editor_output_image-62271371-1660353061570.jpg\",\"contentUrl\":\"https:\\\/\\\/fuentesfidedignas.com.mx\\\/wp-content\\\/uploads\\\/2022\\\/08\\\/image_editor_output_image-62271371-1660353061570.jpg\",\"width\":862,\"height\":745},{\"@type\":\"BreadcrumbList\",\"@id\":\"https:\\\/\\\/fuentesfidedignas.com.mx\\\/index.php\\\/2022\\\/08\\\/12\\\/hay-presion-para-que-rompamos-con-morena-pero-no-tengo-problemas-con-rocha-afirma-cuen\\\/#breadcrumb\",\"itemListElement\":[{\"@type\":\"ListItem\",\"position\":1,\"name\":\"Inicio\",\"item\":\"https:\\\/\\\/fuentesfidedignas.com.mx\\\/\"},{\"@type\":\"ListItem\",\"position\":2,\"name\":\"Hay presi\u00f3n para que rompamos con Morena, pero no tengo problemas con Rocha, afirma Cu\u00e9n\"}]},{\"@type\":\"WebSite\",\"@id\":\"https:\\\/\\\/fuentesfidedignas.com.mx\\\/#website\",\"url\":\"https:\\\/\\\/fuentesfidedignas.com.mx\\\/\",\"name\":\"Fuentes Fidedignas\",\"description\":\"Otro sitio realizado con WordPress\",\"publisher\":{\"@id\":\"https:\\\/\\\/fuentesfidedignas.com.mx\\\/#organization\"},\"potentialAction\":[{\"@type\":\"SearchAction\",\"target\":{\"@type\":\"EntryPoint\",\"urlTemplate\":\"https:\\\/\\\/fuentesfidedignas.com.mx\\\/?s={search_term_string}\"},\"query-input\":{\"@type\":\"PropertyValueSpecification\",\"valueRequired\":true,\"valueName\":\"search_term_string\"}}],\"inLanguage\":\"es\"},{\"@type\":\"Organization\",\"@id\":\"https:\\\/\\\/fuentesfidedignas.com.mx\\\/#organization\",\"name\":\"Fuentes Fidedignas\",\"url\":\"https:\\\/\\\/fuentesfidedignas.com.mx\\\/\",\"logo\":{\"@type\":\"ImageObject\",\"inLanguage\":\"es\",\"@id\":\"https:\\\/\\\/fuentesfidedignas.com.mx\\\/#\\\/schema\\\/logo\\\/image\\\/\",\"url\":\"https:\\\/\\\/fuentesfidedignas.com.mx\\\/wp-content\\\/uploads\\\/2021\\\/04\\\/logo-retina.png\",\"contentUrl\":\"https:\\\/\\\/fuentesfidedignas.com.mx\\\/wp-content\\\/uploads\\\/2021\\\/04\\\/logo-retina.png\",\"width\":280,\"height\":51,\"caption\":\"Fuentes Fidedignas\"},\"image\":{\"@id\":\"https:\\\/\\\/fuentesfidedignas.com.mx\\\/#\\\/schema\\\/logo\\\/image\\\/\"},\"sameAs\":[\"https:\\\/\\\/www.facebook.com\\\/Fuentes-Fidedignas-368234489921644\",\"https:\\\/\\\/x.com\\\/fidedignas\"]},{\"@type\":\"Person\",\"@id\":\"https:\\\/\\\/fuentesfidedignas.com.mx\\\/#\\\/schema\\\/person\\\/c77df25c00baae1d4fdc0340db6f364c\",\"name\":\"Leonardo Gutierrez\",\"image\":{\"@type\":\"ImageObject\",\"inLanguage\":\"es\",\"@id\":\"https:\\\/\\\/secure.gravatar.com\\\/avatar\\\/17b13a7a986cc98ca4d7337340bcac5945cbae677961c354aefb3c7962c8cc1f?s=96&d=mm&r=g\",\"url\":\"https:\\\/\\\/secure.gravatar.com\\\/avatar\\\/17b13a7a986cc98ca4d7337340bcac5945cbae677961c354aefb3c7962c8cc1f?s=96&d=mm&r=g\",\"contentUrl\":\"https:\\\/\\\/secure.gravatar.com\\\/avatar\\\/17b13a7a986cc98ca4d7337340bcac5945cbae677961c354aefb3c7962c8cc1f?s=96&d=mm&r=g\",\"caption\":\"Leonardo Gutierrez\"},\"url\":\"https:\\\/\\\/fuentesfidedignas.com.mx\\\/index.php\\\/author\\\/leonardogut\\\/\"}]}<\/script>\n<!-- \/ Yoast SEO plugin. -->","yoast_head_json":{"title":"Hay presi\u00f3n para que rompamos con Morena, pero no tengo problemas con Rocha, afirma Cu\u00e9n - Fuentes Fidedignas","robots":{"index":"index","follow":"follow","max-snippet":"max-snippet:-1","max-image-preview":"max-image-preview:large","max-video-preview":"max-video-preview:-1"},"canonical":"https:\/\/fuentesfidedignas.com.mx\/index.php\/2022\/08\/12\/hay-presion-para-que-rompamos-con-morena-pero-no-tengo-problemas-con-rocha-afirma-cuen\/","og_locale":"es_MX","og_type":"article","og_title":"Hay presi\u00f3n para que rompamos con Morena, pero no tengo problemas con Rocha, afirma Cu\u00e9n - Fuentes Fidedignas","og_description":"Culiac\u00e1n, Sin.- Hay presi\u00f3n para que el Partido Sinaloense &#8216;rompa&#8217; con Morena, pero a\u00fan falta mucho para determinar ese tema, afirm\u00f3 H\u00e9ctor Melesio Cu\u00e9n Ojeda. &#8220;Que no se quieran parar el cuello aqu\u00ed de que pararon todo, nosotros no somos provincianos tontos, nosotros conocemos todo lo que est\u00e1 pasando en todo M\u00e9xico porque somos un [&hellip;]","og_url":"https:\/\/fuentesfidedignas.com.mx\/index.php\/2022\/08\/12\/hay-presion-para-que-rompamos-con-morena-pero-no-tengo-problemas-con-rocha-afirma-cuen\/","og_site_name":"Fuentes Fidedignas","article_publisher":"https:\/\/www.facebook.com\/Fuentes-Fidedignas-368234489921644","article_published_time":"2022-08-12T19:10:17+00:00","article_modified_time":"2022-08-13T01:11:20+00:00","og_image":[{"width":862,"height":745,"url":"https:\/\/fuentesfidedignas.com.mx\/wp-content\/uploads\/2022\/08\/image_editor_output_image-62271371-1660353061570.jpg","type":"image\/jpeg"}],"author":"Leonardo Gutierrez","twitter_card":"summary_large_image","twitter_creator":"@fidedignas","twitter_site":"@fidedignas","twitter_misc":{"Escrito por":"Leonardo Gutierrez","Tiempo de lectura":"1 minuto"},"schema":{"@context":"https:\/\/schema.org","@graph":[{"@type":"Article","@id":"https:\/\/fuentesfidedignas.com.mx\/index.php\/2022\/08\/12\/hay-presion-para-que-rompamos-con-morena-pero-no-tengo-problemas-con-rocha-afirma-cuen\/#article","isPartOf":{"@id":"https:\/\/fuentesfidedignas.com.mx\/index.php\/2022\/08\/12\/hay-presion-para-que-rompamos-con-morena-pero-no-tengo-problemas-con-rocha-afirma-cuen\/"},"author":{"name":"Leonardo Gutierrez","@id":"https:\/\/fuentesfidedignas.com.mx\/#\/schema\/person\/c77df25c00baae1d4fdc0340db6f364c"},"headline":"Hay presi\u00f3n para que rompamos con Morena, pero no tengo problemas con Rocha, afirma Cu\u00e9n","datePublished":"2022-08-12T19:10:17+00:00","dateModified":"2022-08-13T01:11:20+00:00","mainEntityOfPage":{"@id":"https:\/\/fuentesfidedignas.com.mx\/index.php\/2022\/08\/12\/hay-presion-para-que-rompamos-con-morena-pero-no-tengo-problemas-con-rocha-afirma-cuen\/"},"wordCount":121,"commentCount":0,"publisher":{"@id":"https:\/\/fuentesfidedignas.com.mx\/#organization"},"image":{"@id":"https:\/\/fuentesfidedignas.com.mx\/index.php\/2022\/08\/12\/hay-presion-para-que-rompamos-con-morena-pero-no-tengo-problemas-con-rocha-afirma-cuen\/#primaryimage"},"thumbnailUrl":"https:\/\/fuentesfidedignas.com.mx\/wp-content\/uploads\/2022\/08\/image_editor_output_image-62271371-1660353061570.jpg","articleSection":["NOTA PRINCIPAL"],"inLanguage":"es","potentialAction":[{"@type":"CommentAction","name":"Comment","target":["https:\/\/fuentesfidedignas.com.mx\/index.php\/2022\/08\/12\/hay-presion-para-que-rompamos-con-morena-pero-no-tengo-problemas-con-rocha-afirma-cuen\/#respond"]}]},{"@type":"WebPage","@id":"https:\/\/fuentesfidedignas.com.mx\/index.php\/2022\/08\/12\/hay-presion-para-que-rompamos-con-morena-pero-no-tengo-problemas-con-rocha-afirma-cuen\/","url":"https:\/\/fuentesfidedignas.com.mx\/index.php\/2022\/08\/12\/hay-presion-para-que-rompamos-con-morena-pero-no-tengo-problemas-con-rocha-afirma-cuen\/","name":"Hay presi\u00f3n para que rompamos con Morena, pero no tengo problemas con Rocha, afirma Cu\u00e9n - Fuentes Fidedignas","isPartOf":{"@id":"https:\/\/fuentesfidedignas.com.mx\/#website"},"primaryImageOfPage":{"@id":"https:\/\/fuentesfidedignas.com.mx\/index.php\/2022\/08\/12\/hay-presion-para-que-rompamos-con-morena-pero-no-tengo-problemas-con-rocha-afirma-cuen\/#primaryimage"},"image":{"@id":"https:\/\/fuentesfidedignas.com.mx\/index.php\/2022\/08\/12\/hay-presion-para-que-rompamos-con-morena-pero-no-tengo-problemas-con-rocha-afirma-cuen\/#primaryimage"},"thumbnailUrl":"https:\/\/fuentesfidedignas.com.mx\/wp-content\/uploads\/2022\/08\/image_editor_output_image-62271371-1660353061570.jpg","datePublished":"2022-08-12T19:10:17+00:00","dateModified":"2022-08-13T01:11:20+00:00","breadcrumb":{"@id":"https:\/\/fuentesfidedignas.com.mx\/index.php\/2022\/08\/12\/hay-presion-para-que-rompamos-con-morena-pero-no-tengo-problemas-con-rocha-afirma-cuen\/#breadcrumb"},"inLanguage":"es","potentialAction":[{"@type":"ReadAction","target":["https:\/\/fuentesfidedignas.com.mx\/index.php\/2022\/08\/12\/hay-presion-para-que-rompamos-con-morena-pero-no-tengo-problemas-con-rocha-afirma-cuen\/"]}]},{"@type":"ImageObject","inLanguage":"es","@id":"https:\/\/fuentesfidedignas.com.mx\/index.php\/2022\/08\/12\/hay-presion-para-que-rompamos-con-morena-pero-no-tengo-problemas-con-rocha-afirma-cuen\/#primaryimage","url":"https:\/\/fuentesfidedignas.com.mx\/wp-content\/uploads\/2022\/08\/image_editor_output_image-62271371-1660353061570.jpg","contentUrl":"https:\/\/fuentesfidedignas.com.mx\/wp-content\/uploads\/2022\/08\/image_editor_output_image-62271371-1660353061570.jpg","width":862,"height":745},{"@type":"BreadcrumbList","@id":"https:\/\/fuentesfidedignas.com.mx\/index.php\/2022\/08\/12\/hay-presion-para-que-rompamos-con-morena-pero-no-tengo-problemas-con-rocha-afirma-cuen\/#breadcrumb","itemListElement":[{"@type":"ListItem","position":1,"name":"Inicio","item":"https:\/\/fuentesfidedignas.com.mx\/"},{"@type":"ListItem","position":2,"name":"Hay presi\u00f3n para que rompamos con Morena, pero no tengo problemas con Rocha, afirma Cu\u00e9n"}]},{"@type":"WebSite","@id":"https:\/\/fuentesfidedignas.com.mx\/#website","url":"https:\/\/fuentesfidedignas.com.mx\/","name":"Fuentes Fidedignas","description":"Otro sitio realizado con WordPress","publisher":{"@id":"https:\/\/fuentesfidedignas.com.mx\/#organization"},"potentialAction":[{"@type":"SearchAction","target":{"@type":"EntryPoint","urlTemplate":"https:\/\/fuentesfidedignas.com.mx\/?s={search_term_string}"},"query-input":{"@type":"PropertyValueSpecification","valueRequired":true,"valueName":"search_term_string"}}],"inLanguage":"es"},{"@type":"Organization","@id":"https:\/\/fuentesfidedignas.com.mx\/#organization","name":"Fuentes Fidedignas","url":"https:\/\/fuentesfidedignas.com.mx\/","logo":{"@type":"ImageObject","inLanguage":"es","@id":"https:\/\/fuentesfidedignas.com.mx\/#\/schema\/logo\/image\/","url":"https:\/\/fuentesfidedignas.com.mx\/wp-content\/uploads\/2021\/04\/logo-retina.png","contentUrl":"https:\/\/fuentesfidedignas.com.mx\/wp-content\/uploads\/2021\/04\/logo-retina.png","width":280,"height":51,"caption":"Fuentes Fidedignas"},"image":{"@id":"https:\/\/fuentesfidedignas.com.mx\/#\/schema\/logo\/image\/"},"sameAs":["https:\/\/www.facebook.com\/Fuentes-Fidedignas-368234489921644","https:\/\/x.com\/fidedignas"]},{"@type":"Person","@id":"https:\/\/fuentesfidedignas.com.mx\/#\/schema\/person\/c77df25c00baae1d4fdc0340db6f364c","name":"Leonardo Gutierrez","image":{"@type":"ImageObject","inLanguage":"es","@id":"https:\/\/secure.gravatar.com\/avatar\/17b13a7a986cc98ca4d7337340bcac5945cbae677961c354aefb3c7962c8cc1f?s=96&d=mm&r=g","url":"https:\/\/secure.gravatar.com\/avatar\/17b13a7a986cc98ca4d7337340bcac5945cbae677961c354aefb3c7962c8cc1f?s=96&d=mm&r=g","contentUrl":"https:\/\/secure.gravatar.com\/avatar\/17b13a7a986cc98ca4d7337340bcac5945cbae677961c354aefb3c7962c8cc1f?s=96&d=mm&r=g","caption":"Leonardo Gutierrez"},"url":"https:\/\/fuentesfidedignas.com.mx\/index.php\/author\/leonardogut\/"}]}},"_links":{"self":[{"href":"https:\/\/fuentesfidedignas.com.mx\/index.php\/wp-json\/wp\/v2\/posts\/39647","targetHints":{"allow":["GET"]}}],"collection":[{"href":"https:\/\/fuentesfidedignas.com.mx\/index.php\/wp-json\/wp\/v2\/posts"}],"about":[{"href":"https:\/\/fuentesfidedignas.com.mx\/index.php\/wp-json\/wp\/v2\/types\/post"}],"author":[{"embeddable":true,"href":"https:\/\/fuentesfidedignas.com.mx\/index.php\/wp-json\/wp\/v2\/users\/112"}],"replies":[{"embeddable":true,"href":"https:\/\/fuentesfidedignas.com.mx\/index.php\/wp-json\/wp\/v2\/comments?post=39647"}],"version-history":[{"count":1,"href":"https:\/\/fuentesfidedignas.com.mx\/index.php\/wp-json\/wp\/v2\/posts\/39647\/revisions"}],"predecessor-version":[{"id":39648,"href":"https:\/\/fuentesfidedignas.com.mx\/index.php\/wp-json\/wp\/v2\/posts\/39647\/revisions\/39648"}],"wp:featuredmedia":[{"embeddable":true,"href":"https:\/\/fuentesfidedignas.com.mx\/index.php\/wp-json\/wp\/v2\/media\/39650"}],"wp:attachment":[{"href":"https:\/\/fuentesfidedignas.com.mx\/index.php\/wp-json\/wp\/v2\/media?parent=39647"}],"wp:term":[{"taxonomy":"category","embeddable":true,"href":"https:\/\/fuentesfidedignas.com.mx\/index.php\/wp-json\/wp\/v2\/categories?post=39647"},{"taxonomy":"post_tag","embeddable":true,"href":"https:\/\/fuentesfidedignas.com.mx\/index.php\/wp-json\/wp\/v2\/tags?post=39647"}],"curies":[{"name":"wp","href":"https:\/\/api.w.org\/{rel}","templated":true}]}}