{"id":39640,"date":"2022-08-12T17:43:00","date_gmt":"2022-08-12T23:43:00","guid":{"rendered":"https:\/\/fuentesfidedignas.com.mx\/?p=39640"},"modified":"2022-08-12T18:49:19","modified_gmt":"2022-08-13T00:49:19","slug":"gobernador-de-arizona-tapara-huecos-en-el-muro-fronterizo-con-contenedores-y-alambre-de-puas","status":"publish","type":"post","link":"https:\/\/fuentesfidedignas.com.mx\/index.php\/2022\/08\/12\/gobernador-de-arizona-tapara-huecos-en-el-muro-fronterizo-con-contenedores-y-alambre-de-puas\/","title":{"rendered":"Gobernador de Arizona tapar\u00e1 huecos en el muro fronterizo con contenedores y alambre de p\u00faas"},"content":{"rendered":"\n<p><strong><em>Por orden del gobernador de Arizona, Doug Ducey, unos 60 contenedores ser\u00e1n instalados en la zona de Yuma.<\/em><\/strong><\/p>\n\n\n\n<p>Estados Unidos.- El gobernador de Arizona, Doug Ducey, orden\u00f3 este viernes tapar de inmediato con contenedores casi 400 metros de huecos en el muro fronterizo en la zona de Yuma tras la decisi\u00f3n del Gobierno de Joe Biden de poner fin al programa migratorio que devuelve a los solicitantes de asilo a M\u00e9xico.<\/p>\n\n\n\n<p>La construcci\u00f3n, que se financiar\u00e1 con 6 millones del presupuesto estatal del a\u00f1o fiscal 2023, arranc\u00f3 este viernes.<\/p>\n\n\n\n<p>Ducey atribuy\u00f3 la medida en parte a la decisi\u00f3n del Gobierno de Biden de poner fin al programa Protocolos de Protecci\u00f3n a Migrantes (MPP), tambi\u00e9n conocido como \u201cQu\u00e9date en M\u00e9xico\u201d, establecido por el entonces presidente Donald Trump en 2019.<\/p>\n\n\n\n<p>\u201cNuestras comunidades fronterizas se est\u00e1n utilizando como puerta de entrada a los Estados Unidos, abrumando a las fuerzas del orden p\u00fablico, los hospitales, las organizaciones sin fines de lucro y los residentes\u201d, dijo Ducey en un comunicado.<\/p>\n\n\n\n<p>El republicano agreg\u00f3 que es \u201csu responsabilidad\u201d proteger a los residentes de Arizona de \u201cuna crisis sin precedentes\u201d en la frontera.<\/p>\n\n\n\n<p>La construcci\u00f3n, que est\u00e1 gestionada por el Departamento de Asuntos Militares y de Emergencia de Arizona, utilizar\u00e1 60 contenedores que se apilar\u00e1n en la frontera y ser\u00e1n reforzados con alambre de p\u00faas en la parte superior.<\/p>\n\n\n\n<p>Los contenedores apilados, que se cerrar\u00e1n y unir\u00e1n con soldadura, alcanzar\u00e1n una altura de 6.7 metros, una medida que no alcanza a los paneles del muro fronterizo construidos durante la administraci\u00f3n Trump, que tienen 9.1 metros de altura.<\/p>\n\n\n\n<p>La construcci\u00f3n es la \u00faltima medida tomada por el gobernador republicano, que se uni\u00f3 a su hom\u00f3logo de Texas, Greg Abbott, en contra de la pol\u00edtica migratoria de Biden.<\/p>\n\n\n\n<p>Jonathan Lines, supervisor del condado de Yuma, se uni\u00f3 a las cr\u00edticas contra la Casa Blanca. En un comunicado sobre el muro de contenedores dijo que \u201cla seguridad nacional comienza con la seguridad fronteriza. La crisis fronteriza de Biden se deteriora a diario mientras la Casa Blanca guarda silencio\u201d.<\/p>\n","protected":false},"excerpt":{"rendered":"<p>Por orden del gobernador de Arizona, Doug Ducey, unos 60 contenedores ser\u00e1n instalados en la zona de Yuma. Estados Unidos.- El gobernador de Arizona, Doug Ducey, orden\u00f3 este viernes tapar de inmediato con contenedores casi 400 metros de huecos en el muro fronterizo en la zona de Yuma tras la decisi\u00f3n del Gobierno de Joe [&hellip;]<\/p>\n","protected":false},"author":5,"featured_media":39641,"comment_status":"open","ping_status":"open","sticky":false,"template":"","format":"standard","meta":{"tdm_status":"","tdm_grid_status":"","footnotes":""},"categories":[39],"tags":[],"class_list":{"0":"post-39640","1":"post","2":"type-post","3":"status-publish","4":"format-standard","5":"has-post-thumbnail","7":"category-noticias-nacionales"},"yoast_head":"<!-- This site is optimized with the Yoast SEO plugin v27.4 - https:\/\/yoast.com\/product\/yoast-seo-wordpress\/ -->\n<title>Gobernador de Arizona tapar\u00e1 huecos en el muro fronterizo con contenedores y alambre de p\u00faas - Fuentes Fidedignas<\/title>\n<meta name=\"robots\" content=\"index, follow, max-snippet:-1, max-image-preview:large, max-video-preview:-1\" \/>\n<link rel=\"canonical\" href=\"https:\/\/fuentesfidedignas.com.mx\/index.php\/2022\/08\/12\/gobernador-de-arizona-tapara-huecos-en-el-muro-fronterizo-con-contenedores-y-alambre-de-puas\/\" \/>\n<meta property=\"og:locale\" content=\"es_MX\" \/>\n<meta property=\"og:type\" content=\"article\" \/>\n<meta property=\"og:title\" content=\"Gobernador de Arizona tapar\u00e1 huecos en el muro fronterizo con contenedores y alambre de p\u00faas - Fuentes Fidedignas\" \/>\n<meta property=\"og:description\" content=\"Por orden del gobernador de Arizona, Doug Ducey, unos 60 contenedores ser\u00e1n instalados en la zona de Yuma. Estados Unidos.- El gobernador de Arizona, Doug Ducey, orden\u00f3 este viernes tapar de inmediato con contenedores casi 400 metros de huecos en el muro fronterizo en la zona de Yuma tras la decisi\u00f3n del Gobierno de Joe [&hellip;]\" \/>\n<meta property=\"og:url\" content=\"https:\/\/fuentesfidedignas.com.mx\/index.php\/2022\/08\/12\/gobernador-de-arizona-tapara-huecos-en-el-muro-fronterizo-con-contenedores-y-alambre-de-puas\/\" \/>\n<meta property=\"og:site_name\" content=\"Fuentes Fidedignas\" \/>\n<meta property=\"article:publisher\" content=\"https:\/\/www.facebook.com\/Fuentes-Fidedignas-368234489921644\" \/>\n<meta property=\"article:published_time\" content=\"2022-08-12T23:43:00+00:00\" \/>\n<meta property=\"article:modified_time\" content=\"2022-08-13T00:49:19+00:00\" \/>\n<meta property=\"og:image\" content=\"https:\/\/fuentesfidedignas.com.mx\/wp-content\/uploads\/2022\/08\/trump-oden-muro-fronterizo-640x360-1.jpg\" \/>\n\t<meta property=\"og:image:width\" content=\"640\" \/>\n\t<meta property=\"og:image:height\" content=\"360\" \/>\n\t<meta property=\"og:image:type\" content=\"image\/jpeg\" \/>\n<meta name=\"author\" content=\"Forbes\" \/>\n<meta name=\"twitter:card\" content=\"summary_large_image\" \/>\n<meta name=\"twitter:creator\" content=\"@fidedignas\" \/>\n<meta name=\"twitter:site\" content=\"@fidedignas\" \/>\n<meta name=\"twitter:label1\" content=\"Escrito por\" \/>\n\t<meta name=\"twitter:data1\" content=\"Forbes\" \/>\n\t<meta name=\"twitter:label2\" content=\"Tiempo de lectura\" \/>\n\t<meta name=\"twitter:data2\" content=\"2 minutos\" \/>\n<script type=\"application\/ld+json\" class=\"yoast-schema-graph\">{\"@context\":\"https:\\\/\\\/schema.org\",\"@graph\":[{\"@type\":\"Article\",\"@id\":\"https:\\\/\\\/fuentesfidedignas.com.mx\\\/index.php\\\/2022\\\/08\\\/12\\\/gobernador-de-arizona-tapara-huecos-en-el-muro-fronterizo-con-contenedores-y-alambre-de-puas\\\/#article\",\"isPartOf\":{\"@id\":\"https:\\\/\\\/fuentesfidedignas.com.mx\\\/index.php\\\/2022\\\/08\\\/12\\\/gobernador-de-arizona-tapara-huecos-en-el-muro-fronterizo-con-contenedores-y-alambre-de-puas\\\/\"},\"author\":{\"name\":\"Forbes\",\"@id\":\"https:\\\/\\\/fuentesfidedignas.com.mx\\\/#\\\/schema\\\/person\\\/5623d53fe2e579d825b1679734abcc44\"},\"headline\":\"Gobernador de Arizona tapar\u00e1 huecos en el muro fronterizo con contenedores y alambre de p\u00faas\",\"datePublished\":\"2022-08-12T23:43:00+00:00\",\"dateModified\":\"2022-08-13T00:49:19+00:00\",\"mainEntityOfPage\":{\"@id\":\"https:\\\/\\\/fuentesfidedignas.com.mx\\\/index.php\\\/2022\\\/08\\\/12\\\/gobernador-de-arizona-tapara-huecos-en-el-muro-fronterizo-con-contenedores-y-alambre-de-puas\\\/\"},\"wordCount\":371,\"commentCount\":0,\"publisher\":{\"@id\":\"https:\\\/\\\/fuentesfidedignas.com.mx\\\/#organization\"},\"image\":{\"@id\":\"https:\\\/\\\/fuentesfidedignas.com.mx\\\/index.php\\\/2022\\\/08\\\/12\\\/gobernador-de-arizona-tapara-huecos-en-el-muro-fronterizo-con-contenedores-y-alambre-de-puas\\\/#primaryimage\"},\"thumbnailUrl\":\"https:\\\/\\\/fuentesfidedignas.com.mx\\\/wp-content\\\/uploads\\\/2022\\\/08\\\/trump-oden-muro-fronterizo-640x360-1.jpg\",\"articleSection\":[\"NOTICIAS NACIONALES\"],\"inLanguage\":\"es\",\"potentialAction\":[{\"@type\":\"CommentAction\",\"name\":\"Comment\",\"target\":[\"https:\\\/\\\/fuentesfidedignas.com.mx\\\/index.php\\\/2022\\\/08\\\/12\\\/gobernador-de-arizona-tapara-huecos-en-el-muro-fronterizo-con-contenedores-y-alambre-de-puas\\\/#respond\"]}]},{\"@type\":\"WebPage\",\"@id\":\"https:\\\/\\\/fuentesfidedignas.com.mx\\\/index.php\\\/2022\\\/08\\\/12\\\/gobernador-de-arizona-tapara-huecos-en-el-muro-fronterizo-con-contenedores-y-alambre-de-puas\\\/\",\"url\":\"https:\\\/\\\/fuentesfidedignas.com.mx\\\/index.php\\\/2022\\\/08\\\/12\\\/gobernador-de-arizona-tapara-huecos-en-el-muro-fronterizo-con-contenedores-y-alambre-de-puas\\\/\",\"name\":\"Gobernador de Arizona tapar\u00e1 huecos en el muro fronterizo con contenedores y alambre de p\u00faas - Fuentes Fidedignas\",\"isPartOf\":{\"@id\":\"https:\\\/\\\/fuentesfidedignas.com.mx\\\/#website\"},\"primaryImageOfPage\":{\"@id\":\"https:\\\/\\\/fuentesfidedignas.com.mx\\\/index.php\\\/2022\\\/08\\\/12\\\/gobernador-de-arizona-tapara-huecos-en-el-muro-fronterizo-con-contenedores-y-alambre-de-puas\\\/#primaryimage\"},\"image\":{\"@id\":\"https:\\\/\\\/fuentesfidedignas.com.mx\\\/index.php\\\/2022\\\/08\\\/12\\\/gobernador-de-arizona-tapara-huecos-en-el-muro-fronterizo-con-contenedores-y-alambre-de-puas\\\/#primaryimage\"},\"thumbnailUrl\":\"https:\\\/\\\/fuentesfidedignas.com.mx\\\/wp-content\\\/uploads\\\/2022\\\/08\\\/trump-oden-muro-fronterizo-640x360-1.jpg\",\"datePublished\":\"2022-08-12T23:43:00+00:00\",\"dateModified\":\"2022-08-13T00:49:19+00:00\",\"breadcrumb\":{\"@id\":\"https:\\\/\\\/fuentesfidedignas.com.mx\\\/index.php\\\/2022\\\/08\\\/12\\\/gobernador-de-arizona-tapara-huecos-en-el-muro-fronterizo-con-contenedores-y-alambre-de-puas\\\/#breadcrumb\"},\"inLanguage\":\"es\",\"potentialAction\":[{\"@type\":\"ReadAction\",\"target\":[\"https:\\\/\\\/fuentesfidedignas.com.mx\\\/index.php\\\/2022\\\/08\\\/12\\\/gobernador-de-arizona-tapara-huecos-en-el-muro-fronterizo-con-contenedores-y-alambre-de-puas\\\/\"]}]},{\"@type\":\"ImageObject\",\"inLanguage\":\"es\",\"@id\":\"https:\\\/\\\/fuentesfidedignas.com.mx\\\/index.php\\\/2022\\\/08\\\/12\\\/gobernador-de-arizona-tapara-huecos-en-el-muro-fronterizo-con-contenedores-y-alambre-de-puas\\\/#primaryimage\",\"url\":\"https:\\\/\\\/fuentesfidedignas.com.mx\\\/wp-content\\\/uploads\\\/2022\\\/08\\\/trump-oden-muro-fronterizo-640x360-1.jpg\",\"contentUrl\":\"https:\\\/\\\/fuentesfidedignas.com.mx\\\/wp-content\\\/uploads\\\/2022\\\/08\\\/trump-oden-muro-fronterizo-640x360-1.jpg\",\"width\":640,\"height\":360},{\"@type\":\"BreadcrumbList\",\"@id\":\"https:\\\/\\\/fuentesfidedignas.com.mx\\\/index.php\\\/2022\\\/08\\\/12\\\/gobernador-de-arizona-tapara-huecos-en-el-muro-fronterizo-con-contenedores-y-alambre-de-puas\\\/#breadcrumb\",\"itemListElement\":[{\"@type\":\"ListItem\",\"position\":1,\"name\":\"Inicio\",\"item\":\"https:\\\/\\\/fuentesfidedignas.com.mx\\\/\"},{\"@type\":\"ListItem\",\"position\":2,\"name\":\"Gobernador de Arizona tapar\u00e1 huecos en el muro fronterizo con contenedores y alambre de p\u00faas\"}]},{\"@type\":\"WebSite\",\"@id\":\"https:\\\/\\\/fuentesfidedignas.com.mx\\\/#website\",\"url\":\"https:\\\/\\\/fuentesfidedignas.com.mx\\\/\",\"name\":\"Fuentes Fidedignas\",\"description\":\"Otro sitio realizado con WordPress\",\"publisher\":{\"@id\":\"https:\\\/\\\/fuentesfidedignas.com.mx\\\/#organization\"},\"potentialAction\":[{\"@type\":\"SearchAction\",\"target\":{\"@type\":\"EntryPoint\",\"urlTemplate\":\"https:\\\/\\\/fuentesfidedignas.com.mx\\\/?s={search_term_string}\"},\"query-input\":{\"@type\":\"PropertyValueSpecification\",\"valueRequired\":true,\"valueName\":\"search_term_string\"}}],\"inLanguage\":\"es\"},{\"@type\":\"Organization\",\"@id\":\"https:\\\/\\\/fuentesfidedignas.com.mx\\\/#organization\",\"name\":\"Fuentes Fidedignas\",\"url\":\"https:\\\/\\\/fuentesfidedignas.com.mx\\\/\",\"logo\":{\"@type\":\"ImageObject\",\"inLanguage\":\"es\",\"@id\":\"https:\\\/\\\/fuentesfidedignas.com.mx\\\/#\\\/schema\\\/logo\\\/image\\\/\",\"url\":\"https:\\\/\\\/fuentesfidedignas.com.mx\\\/wp-content\\\/uploads\\\/2021\\\/04\\\/logo-retina.png\",\"contentUrl\":\"https:\\\/\\\/fuentesfidedignas.com.mx\\\/wp-content\\\/uploads\\\/2021\\\/04\\\/logo-retina.png\",\"width\":280,\"height\":51,\"caption\":\"Fuentes Fidedignas\"},\"image\":{\"@id\":\"https:\\\/\\\/fuentesfidedignas.com.mx\\\/#\\\/schema\\\/logo\\\/image\\\/\"},\"sameAs\":[\"https:\\\/\\\/www.facebook.com\\\/Fuentes-Fidedignas-368234489921644\",\"https:\\\/\\\/x.com\\\/fidedignas\"]},{\"@type\":\"Person\",\"@id\":\"https:\\\/\\\/fuentesfidedignas.com.mx\\\/#\\\/schema\\\/person\\\/5623d53fe2e579d825b1679734abcc44\",\"name\":\"Forbes\",\"image\":{\"@type\":\"ImageObject\",\"inLanguage\":\"es\",\"@id\":\"https:\\\/\\\/secure.gravatar.com\\\/avatar\\\/87ce3dd4e41e60c22a79c758614f01a6bc2469255fc936ec7b15efb9bb5cb66f?s=96&d=mm&r=g\",\"url\":\"https:\\\/\\\/secure.gravatar.com\\\/avatar\\\/87ce3dd4e41e60c22a79c758614f01a6bc2469255fc936ec7b15efb9bb5cb66f?s=96&d=mm&r=g\",\"contentUrl\":\"https:\\\/\\\/secure.gravatar.com\\\/avatar\\\/87ce3dd4e41e60c22a79c758614f01a6bc2469255fc936ec7b15efb9bb5cb66f?s=96&d=mm&r=g\",\"caption\":\"Forbes\"},\"url\":\"https:\\\/\\\/fuentesfidedignas.com.mx\\\/index.php\\\/author\\\/forbes\\\/\"}]}<\/script>\n<!-- \/ Yoast SEO plugin. -->","yoast_head_json":{"title":"Gobernador de Arizona tapar\u00e1 huecos en el muro fronterizo con contenedores y alambre de p\u00faas - Fuentes Fidedignas","robots":{"index":"index","follow":"follow","max-snippet":"max-snippet:-1","max-image-preview":"max-image-preview:large","max-video-preview":"max-video-preview:-1"},"canonical":"https:\/\/fuentesfidedignas.com.mx\/index.php\/2022\/08\/12\/gobernador-de-arizona-tapara-huecos-en-el-muro-fronterizo-con-contenedores-y-alambre-de-puas\/","og_locale":"es_MX","og_type":"article","og_title":"Gobernador de Arizona tapar\u00e1 huecos en el muro fronterizo con contenedores y alambre de p\u00faas - Fuentes Fidedignas","og_description":"Por orden del gobernador de Arizona, Doug Ducey, unos 60 contenedores ser\u00e1n instalados en la zona de Yuma. Estados Unidos.- El gobernador de Arizona, Doug Ducey, orden\u00f3 este viernes tapar de inmediato con contenedores casi 400 metros de huecos en el muro fronterizo en la zona de Yuma tras la decisi\u00f3n del Gobierno de Joe [&hellip;]","og_url":"https:\/\/fuentesfidedignas.com.mx\/index.php\/2022\/08\/12\/gobernador-de-arizona-tapara-huecos-en-el-muro-fronterizo-con-contenedores-y-alambre-de-puas\/","og_site_name":"Fuentes Fidedignas","article_publisher":"https:\/\/www.facebook.com\/Fuentes-Fidedignas-368234489921644","article_published_time":"2022-08-12T23:43:00+00:00","article_modified_time":"2022-08-13T00:49:19+00:00","og_image":[{"width":640,"height":360,"url":"https:\/\/fuentesfidedignas.com.mx\/wp-content\/uploads\/2022\/08\/trump-oden-muro-fronterizo-640x360-1.jpg","type":"image\/jpeg"}],"author":"Forbes","twitter_card":"summary_large_image","twitter_creator":"@fidedignas","twitter_site":"@fidedignas","twitter_misc":{"Escrito por":"Forbes","Tiempo de lectura":"2 minutos"},"schema":{"@context":"https:\/\/schema.org","@graph":[{"@type":"Article","@id":"https:\/\/fuentesfidedignas.com.mx\/index.php\/2022\/08\/12\/gobernador-de-arizona-tapara-huecos-en-el-muro-fronterizo-con-contenedores-y-alambre-de-puas\/#article","isPartOf":{"@id":"https:\/\/fuentesfidedignas.com.mx\/index.php\/2022\/08\/12\/gobernador-de-arizona-tapara-huecos-en-el-muro-fronterizo-con-contenedores-y-alambre-de-puas\/"},"author":{"name":"Forbes","@id":"https:\/\/fuentesfidedignas.com.mx\/#\/schema\/person\/5623d53fe2e579d825b1679734abcc44"},"headline":"Gobernador de Arizona tapar\u00e1 huecos en el muro fronterizo con contenedores y alambre de p\u00faas","datePublished":"2022-08-12T23:43:00+00:00","dateModified":"2022-08-13T00:49:19+00:00","mainEntityOfPage":{"@id":"https:\/\/fuentesfidedignas.com.mx\/index.php\/2022\/08\/12\/gobernador-de-arizona-tapara-huecos-en-el-muro-fronterizo-con-contenedores-y-alambre-de-puas\/"},"wordCount":371,"commentCount":0,"publisher":{"@id":"https:\/\/fuentesfidedignas.com.mx\/#organization"},"image":{"@id":"https:\/\/fuentesfidedignas.com.mx\/index.php\/2022\/08\/12\/gobernador-de-arizona-tapara-huecos-en-el-muro-fronterizo-con-contenedores-y-alambre-de-puas\/#primaryimage"},"thumbnailUrl":"https:\/\/fuentesfidedignas.com.mx\/wp-content\/uploads\/2022\/08\/trump-oden-muro-fronterizo-640x360-1.jpg","articleSection":["NOTICIAS NACIONALES"],"inLanguage":"es","potentialAction":[{"@type":"CommentAction","name":"Comment","target":["https:\/\/fuentesfidedignas.com.mx\/index.php\/2022\/08\/12\/gobernador-de-arizona-tapara-huecos-en-el-muro-fronterizo-con-contenedores-y-alambre-de-puas\/#respond"]}]},{"@type":"WebPage","@id":"https:\/\/fuentesfidedignas.com.mx\/index.php\/2022\/08\/12\/gobernador-de-arizona-tapara-huecos-en-el-muro-fronterizo-con-contenedores-y-alambre-de-puas\/","url":"https:\/\/fuentesfidedignas.com.mx\/index.php\/2022\/08\/12\/gobernador-de-arizona-tapara-huecos-en-el-muro-fronterizo-con-contenedores-y-alambre-de-puas\/","name":"Gobernador de Arizona tapar\u00e1 huecos en el muro fronterizo con contenedores y alambre de p\u00faas - Fuentes Fidedignas","isPartOf":{"@id":"https:\/\/fuentesfidedignas.com.mx\/#website"},"primaryImageOfPage":{"@id":"https:\/\/fuentesfidedignas.com.mx\/index.php\/2022\/08\/12\/gobernador-de-arizona-tapara-huecos-en-el-muro-fronterizo-con-contenedores-y-alambre-de-puas\/#primaryimage"},"image":{"@id":"https:\/\/fuentesfidedignas.com.mx\/index.php\/2022\/08\/12\/gobernador-de-arizona-tapara-huecos-en-el-muro-fronterizo-con-contenedores-y-alambre-de-puas\/#primaryimage"},"thumbnailUrl":"https:\/\/fuentesfidedignas.com.mx\/wp-content\/uploads\/2022\/08\/trump-oden-muro-fronterizo-640x360-1.jpg","datePublished":"2022-08-12T23:43:00+00:00","dateModified":"2022-08-13T00:49:19+00:00","breadcrumb":{"@id":"https:\/\/fuentesfidedignas.com.mx\/index.php\/2022\/08\/12\/gobernador-de-arizona-tapara-huecos-en-el-muro-fronterizo-con-contenedores-y-alambre-de-puas\/#breadcrumb"},"inLanguage":"es","potentialAction":[{"@type":"ReadAction","target":["https:\/\/fuentesfidedignas.com.mx\/index.php\/2022\/08\/12\/gobernador-de-arizona-tapara-huecos-en-el-muro-fronterizo-con-contenedores-y-alambre-de-puas\/"]}]},{"@type":"ImageObject","inLanguage":"es","@id":"https:\/\/fuentesfidedignas.com.mx\/index.php\/2022\/08\/12\/gobernador-de-arizona-tapara-huecos-en-el-muro-fronterizo-con-contenedores-y-alambre-de-puas\/#primaryimage","url":"https:\/\/fuentesfidedignas.com.mx\/wp-content\/uploads\/2022\/08\/trump-oden-muro-fronterizo-640x360-1.jpg","contentUrl":"https:\/\/fuentesfidedignas.com.mx\/wp-content\/uploads\/2022\/08\/trump-oden-muro-fronterizo-640x360-1.jpg","width":640,"height":360},{"@type":"BreadcrumbList","@id":"https:\/\/fuentesfidedignas.com.mx\/index.php\/2022\/08\/12\/gobernador-de-arizona-tapara-huecos-en-el-muro-fronterizo-con-contenedores-y-alambre-de-puas\/#breadcrumb","itemListElement":[{"@type":"ListItem","position":1,"name":"Inicio","item":"https:\/\/fuentesfidedignas.com.mx\/"},{"@type":"ListItem","position":2,"name":"Gobernador de Arizona tapar\u00e1 huecos en el muro fronterizo con contenedores y alambre de p\u00faas"}]},{"@type":"WebSite","@id":"https:\/\/fuentesfidedignas.com.mx\/#website","url":"https:\/\/fuentesfidedignas.com.mx\/","name":"Fuentes Fidedignas","description":"Otro sitio realizado con WordPress","publisher":{"@id":"https:\/\/fuentesfidedignas.com.mx\/#organization"},"potentialAction":[{"@type":"SearchAction","target":{"@type":"EntryPoint","urlTemplate":"https:\/\/fuentesfidedignas.com.mx\/?s={search_term_string}"},"query-input":{"@type":"PropertyValueSpecification","valueRequired":true,"valueName":"search_term_string"}}],"inLanguage":"es"},{"@type":"Organization","@id":"https:\/\/fuentesfidedignas.com.mx\/#organization","name":"Fuentes Fidedignas","url":"https:\/\/fuentesfidedignas.com.mx\/","logo":{"@type":"ImageObject","inLanguage":"es","@id":"https:\/\/fuentesfidedignas.com.mx\/#\/schema\/logo\/image\/","url":"https:\/\/fuentesfidedignas.com.mx\/wp-content\/uploads\/2021\/04\/logo-retina.png","contentUrl":"https:\/\/fuentesfidedignas.com.mx\/wp-content\/uploads\/2021\/04\/logo-retina.png","width":280,"height":51,"caption":"Fuentes Fidedignas"},"image":{"@id":"https:\/\/fuentesfidedignas.com.mx\/#\/schema\/logo\/image\/"},"sameAs":["https:\/\/www.facebook.com\/Fuentes-Fidedignas-368234489921644","https:\/\/x.com\/fidedignas"]},{"@type":"Person","@id":"https:\/\/fuentesfidedignas.com.mx\/#\/schema\/person\/5623d53fe2e579d825b1679734abcc44","name":"Forbes","image":{"@type":"ImageObject","inLanguage":"es","@id":"https:\/\/secure.gravatar.com\/avatar\/87ce3dd4e41e60c22a79c758614f01a6bc2469255fc936ec7b15efb9bb5cb66f?s=96&d=mm&r=g","url":"https:\/\/secure.gravatar.com\/avatar\/87ce3dd4e41e60c22a79c758614f01a6bc2469255fc936ec7b15efb9bb5cb66f?s=96&d=mm&r=g","contentUrl":"https:\/\/secure.gravatar.com\/avatar\/87ce3dd4e41e60c22a79c758614f01a6bc2469255fc936ec7b15efb9bb5cb66f?s=96&d=mm&r=g","caption":"Forbes"},"url":"https:\/\/fuentesfidedignas.com.mx\/index.php\/author\/forbes\/"}]}},"_links":{"self":[{"href":"https:\/\/fuentesfidedignas.com.mx\/index.php\/wp-json\/wp\/v2\/posts\/39640","targetHints":{"allow":["GET"]}}],"collection":[{"href":"https:\/\/fuentesfidedignas.com.mx\/index.php\/wp-json\/wp\/v2\/posts"}],"about":[{"href":"https:\/\/fuentesfidedignas.com.mx\/index.php\/wp-json\/wp\/v2\/types\/post"}],"author":[{"embeddable":true,"href":"https:\/\/fuentesfidedignas.com.mx\/index.php\/wp-json\/wp\/v2\/users\/5"}],"replies":[{"embeddable":true,"href":"https:\/\/fuentesfidedignas.com.mx\/index.php\/wp-json\/wp\/v2\/comments?post=39640"}],"version-history":[{"count":1,"href":"https:\/\/fuentesfidedignas.com.mx\/index.php\/wp-json\/wp\/v2\/posts\/39640\/revisions"}],"predecessor-version":[{"id":39642,"href":"https:\/\/fuentesfidedignas.com.mx\/index.php\/wp-json\/wp\/v2\/posts\/39640\/revisions\/39642"}],"wp:featuredmedia":[{"embeddable":true,"href":"https:\/\/fuentesfidedignas.com.mx\/index.php\/wp-json\/wp\/v2\/media\/39641"}],"wp:attachment":[{"href":"https:\/\/fuentesfidedignas.com.mx\/index.php\/wp-json\/wp\/v2\/media?parent=39640"}],"wp:term":[{"taxonomy":"category","embeddable":true,"href":"https:\/\/fuentesfidedignas.com.mx\/index.php\/wp-json\/wp\/v2\/categories?post=39640"},{"taxonomy":"post_tag","embeddable":true,"href":"https:\/\/fuentesfidedignas.com.mx\/index.php\/wp-json\/wp\/v2\/tags?post=39640"}],"curies":[{"name":"wp","href":"https:\/\/api.w.org\/{rel}","templated":true}]}}