{"id":39626,"date":"2022-08-12T15:52:44","date_gmt":"2022-08-12T21:52:44","guid":{"rendered":"https:\/\/fuentesfidedignas.com.mx\/?p=39626"},"modified":"2022-08-12T15:52:45","modified_gmt":"2022-08-12T21:52:45","slug":"al-menos-11-muertos-en-tiroteo-por-disputa-familiar-en-montenegro","status":"publish","type":"post","link":"https:\/\/fuentesfidedignas.com.mx\/index.php\/2022\/08\/12\/al-menos-11-muertos-en-tiroteo-por-disputa-familiar-en-montenegro\/","title":{"rendered":"Al menos 11 muertos en tiroteo por disputa familiar en Montenegro"},"content":{"rendered":"\n<p><strong><em>El tiroteo, perpetrado por un hombre que fue abatido por la polic\u00eda, dej\u00f3 adem\u00e1s seis heridos, entre ellos un agente<\/em><\/strong><\/p>\n\n\n\n<p>Ciudad de M\u00e9xico.- Al menos 11 personas murieron durante un tiroteo en la ciudad de Cetinje, en el centro de Montenegro, inform\u00f3 la emisora p\u00fablica del pa\u00eds balc\u00e1nico.<\/p>\n\n\n\n<p>\u201c11 personas murieron y 6 resultaron heridas, incluido un polic\u00eda\u201d, indic\u00f3 la emisora p\u00fablica de Montenegro RTCG, aclarando que el tirador figuraba entre las v\u00edctimas.<\/p>\n\n\n\n<p>Un polic\u00eda confirm\u00f3 el balance a la AFP, hablando bajo condici\u00f3n de anonimato.<\/p>\n\n\n\n<p>El tiroteo se produjo en Cetinje, a unos 36 kil\u00f3metros al oeste de Podgorica, la capital montenegrina, en el marco de una disputa familiar, de acuerdo con RTCG.<\/p>\n\n\n\n<p>El autor de la matanza fue abatido por agentes policiales, precis\u00f3 el informe.<\/p>\n\n\n\n<p>Se trata del incidente m\u00e1s letal en d\u00e9cadas en esta exrep\u00fablica yugoslava de la costa adri\u00e1tica.<\/p>\n","protected":false},"excerpt":{"rendered":"<p>El tiroteo, perpetrado por un hombre que fue abatido por la polic\u00eda, dej\u00f3 adem\u00e1s seis heridos, entre ellos un agente Ciudad de M\u00e9xico.- Al menos 11 personas murieron durante un tiroteo en la ciudad de Cetinje, en el centro de Montenegro, inform\u00f3 la emisora p\u00fablica del pa\u00eds balc\u00e1nico. \u201c11 personas murieron y 6 resultaron heridas, [&hellip;]<\/p>\n","protected":false},"author":46,"featured_media":39628,"comment_status":"open","ping_status":"open","sticky":false,"template":"","format":"standard","meta":{"tdm_status":"","tdm_grid_status":"","footnotes":""},"categories":[39],"tags":[],"class_list":{"0":"post-39626","1":"post","2":"type-post","3":"status-publish","4":"format-standard","5":"has-post-thumbnail","7":"category-noticias-nacionales"},"yoast_head":"<!-- This site is optimized with the Yoast SEO plugin v27.5 - https:\/\/yoast.com\/product\/yoast-seo-wordpress\/ -->\n<title>Al menos 11 muertos en tiroteo por disputa familiar en Montenegro - Fuentes Fidedignas<\/title>\n<meta name=\"robots\" content=\"index, follow, max-snippet:-1, max-image-preview:large, max-video-preview:-1\" \/>\n<link rel=\"canonical\" href=\"https:\/\/fuentesfidedignas.com.mx\/index.php\/2022\/08\/12\/al-menos-11-muertos-en-tiroteo-por-disputa-familiar-en-montenegro\/\" \/>\n<meta property=\"og:locale\" content=\"es_MX\" \/>\n<meta property=\"og:type\" content=\"article\" \/>\n<meta property=\"og:title\" content=\"Al menos 11 muertos en tiroteo por disputa familiar en Montenegro - Fuentes Fidedignas\" \/>\n<meta property=\"og:description\" content=\"El tiroteo, perpetrado por un hombre que fue abatido por la polic\u00eda, dej\u00f3 adem\u00e1s seis heridos, entre ellos un agente Ciudad de M\u00e9xico.- Al menos 11 personas murieron durante un tiroteo en la ciudad de Cetinje, en el centro de Montenegro, inform\u00f3 la emisora p\u00fablica del pa\u00eds balc\u00e1nico. \u201c11 personas murieron y 6 resultaron heridas, [&hellip;]\" \/>\n<meta property=\"og:url\" content=\"https:\/\/fuentesfidedignas.com.mx\/index.php\/2022\/08\/12\/al-menos-11-muertos-en-tiroteo-por-disputa-familiar-en-montenegro\/\" \/>\n<meta property=\"og:site_name\" content=\"Fuentes Fidedignas\" \/>\n<meta property=\"article:publisher\" content=\"https:\/\/www.facebook.com\/Fuentes-Fidedignas-368234489921644\" \/>\n<meta property=\"article:published_time\" content=\"2022-08-12T21:52:44+00:00\" \/>\n<meta property=\"article:modified_time\" content=\"2022-08-12T21:52:45+00:00\" \/>\n<meta property=\"og:image\" content=\"https:\/\/fuentesfidedignas.com.mx\/wp-content\/uploads\/2022\/08\/imagen-ilustrativa_2118406415_1140x520.jpeg\" \/>\n\t<meta property=\"og:image:width\" content=\"843\" \/>\n\t<meta property=\"og:image:height\" content=\"520\" \/>\n\t<meta property=\"og:image:type\" content=\"image\/jpeg\" \/>\n<meta name=\"author\" content=\"Noticieros Televisa\" \/>\n<meta name=\"twitter:card\" content=\"summary_large_image\" \/>\n<meta name=\"twitter:creator\" content=\"@fidedignas\" \/>\n<meta name=\"twitter:site\" content=\"@fidedignas\" \/>\n<meta name=\"twitter:label1\" content=\"Escrito por\" \/>\n\t<meta name=\"twitter:data1\" content=\"Noticieros Televisa\" \/>\n\t<meta name=\"twitter:label2\" content=\"Tiempo de lectura\" \/>\n\t<meta name=\"twitter:data2\" content=\"1 minuto\" \/>\n<script type=\"application\/ld+json\" class=\"yoast-schema-graph\">{\"@context\":\"https:\\\/\\\/schema.org\",\"@graph\":[{\"@type\":\"Article\",\"@id\":\"https:\\\/\\\/fuentesfidedignas.com.mx\\\/index.php\\\/2022\\\/08\\\/12\\\/al-menos-11-muertos-en-tiroteo-por-disputa-familiar-en-montenegro\\\/#article\",\"isPartOf\":{\"@id\":\"https:\\\/\\\/fuentesfidedignas.com.mx\\\/index.php\\\/2022\\\/08\\\/12\\\/al-menos-11-muertos-en-tiroteo-por-disputa-familiar-en-montenegro\\\/\"},\"author\":{\"name\":\"Noticieros Televisa\",\"@id\":\"https:\\\/\\\/fuentesfidedignas.com.mx\\\/#\\\/schema\\\/person\\\/f030e42657a5a464a8bbd891b1aab6ee\"},\"headline\":\"Al menos 11 muertos en tiroteo por disputa familiar en Montenegro\",\"datePublished\":\"2022-08-12T21:52:44+00:00\",\"dateModified\":\"2022-08-12T21:52:45+00:00\",\"mainEntityOfPage\":{\"@id\":\"https:\\\/\\\/fuentesfidedignas.com.mx\\\/index.php\\\/2022\\\/08\\\/12\\\/al-menos-11-muertos-en-tiroteo-por-disputa-familiar-en-montenegro\\\/\"},\"wordCount\":166,\"commentCount\":0,\"publisher\":{\"@id\":\"https:\\\/\\\/fuentesfidedignas.com.mx\\\/#organization\"},\"image\":{\"@id\":\"https:\\\/\\\/fuentesfidedignas.com.mx\\\/index.php\\\/2022\\\/08\\\/12\\\/al-menos-11-muertos-en-tiroteo-por-disputa-familiar-en-montenegro\\\/#primaryimage\"},\"thumbnailUrl\":\"https:\\\/\\\/fuentesfidedignas.com.mx\\\/wp-content\\\/uploads\\\/2022\\\/08\\\/imagen-ilustrativa_2118406415_1140x520.jpeg\",\"articleSection\":[\"NOTICIAS NACIONALES\"],\"inLanguage\":\"es\",\"potentialAction\":[{\"@type\":\"CommentAction\",\"name\":\"Comment\",\"target\":[\"https:\\\/\\\/fuentesfidedignas.com.mx\\\/index.php\\\/2022\\\/08\\\/12\\\/al-menos-11-muertos-en-tiroteo-por-disputa-familiar-en-montenegro\\\/#respond\"]}]},{\"@type\":\"WebPage\",\"@id\":\"https:\\\/\\\/fuentesfidedignas.com.mx\\\/index.php\\\/2022\\\/08\\\/12\\\/al-menos-11-muertos-en-tiroteo-por-disputa-familiar-en-montenegro\\\/\",\"url\":\"https:\\\/\\\/fuentesfidedignas.com.mx\\\/index.php\\\/2022\\\/08\\\/12\\\/al-menos-11-muertos-en-tiroteo-por-disputa-familiar-en-montenegro\\\/\",\"name\":\"Al menos 11 muertos en tiroteo por disputa familiar en Montenegro - Fuentes Fidedignas\",\"isPartOf\":{\"@id\":\"https:\\\/\\\/fuentesfidedignas.com.mx\\\/#website\"},\"primaryImageOfPage\":{\"@id\":\"https:\\\/\\\/fuentesfidedignas.com.mx\\\/index.php\\\/2022\\\/08\\\/12\\\/al-menos-11-muertos-en-tiroteo-por-disputa-familiar-en-montenegro\\\/#primaryimage\"},\"image\":{\"@id\":\"https:\\\/\\\/fuentesfidedignas.com.mx\\\/index.php\\\/2022\\\/08\\\/12\\\/al-menos-11-muertos-en-tiroteo-por-disputa-familiar-en-montenegro\\\/#primaryimage\"},\"thumbnailUrl\":\"https:\\\/\\\/fuentesfidedignas.com.mx\\\/wp-content\\\/uploads\\\/2022\\\/08\\\/imagen-ilustrativa_2118406415_1140x520.jpeg\",\"datePublished\":\"2022-08-12T21:52:44+00:00\",\"dateModified\":\"2022-08-12T21:52:45+00:00\",\"breadcrumb\":{\"@id\":\"https:\\\/\\\/fuentesfidedignas.com.mx\\\/index.php\\\/2022\\\/08\\\/12\\\/al-menos-11-muertos-en-tiroteo-por-disputa-familiar-en-montenegro\\\/#breadcrumb\"},\"inLanguage\":\"es\",\"potentialAction\":[{\"@type\":\"ReadAction\",\"target\":[\"https:\\\/\\\/fuentesfidedignas.com.mx\\\/index.php\\\/2022\\\/08\\\/12\\\/al-menos-11-muertos-en-tiroteo-por-disputa-familiar-en-montenegro\\\/\"]}]},{\"@type\":\"ImageObject\",\"inLanguage\":\"es\",\"@id\":\"https:\\\/\\\/fuentesfidedignas.com.mx\\\/index.php\\\/2022\\\/08\\\/12\\\/al-menos-11-muertos-en-tiroteo-por-disputa-familiar-en-montenegro\\\/#primaryimage\",\"url\":\"https:\\\/\\\/fuentesfidedignas.com.mx\\\/wp-content\\\/uploads\\\/2022\\\/08\\\/imagen-ilustrativa_2118406415_1140x520.jpeg\",\"contentUrl\":\"https:\\\/\\\/fuentesfidedignas.com.mx\\\/wp-content\\\/uploads\\\/2022\\\/08\\\/imagen-ilustrativa_2118406415_1140x520.jpeg\",\"width\":843,\"height\":520},{\"@type\":\"BreadcrumbList\",\"@id\":\"https:\\\/\\\/fuentesfidedignas.com.mx\\\/index.php\\\/2022\\\/08\\\/12\\\/al-menos-11-muertos-en-tiroteo-por-disputa-familiar-en-montenegro\\\/#breadcrumb\",\"itemListElement\":[{\"@type\":\"ListItem\",\"position\":1,\"name\":\"Inicio\",\"item\":\"https:\\\/\\\/fuentesfidedignas.com.mx\\\/\"},{\"@type\":\"ListItem\",\"position\":2,\"name\":\"Al menos 11 muertos en tiroteo por disputa familiar en Montenegro\"}]},{\"@type\":\"WebSite\",\"@id\":\"https:\\\/\\\/fuentesfidedignas.com.mx\\\/#website\",\"url\":\"https:\\\/\\\/fuentesfidedignas.com.mx\\\/\",\"name\":\"Fuentes Fidedignas\",\"description\":\"Otro sitio realizado con WordPress\",\"publisher\":{\"@id\":\"https:\\\/\\\/fuentesfidedignas.com.mx\\\/#organization\"},\"potentialAction\":[{\"@type\":\"SearchAction\",\"target\":{\"@type\":\"EntryPoint\",\"urlTemplate\":\"https:\\\/\\\/fuentesfidedignas.com.mx\\\/?s={search_term_string}\"},\"query-input\":{\"@type\":\"PropertyValueSpecification\",\"valueRequired\":true,\"valueName\":\"search_term_string\"}}],\"inLanguage\":\"es\"},{\"@type\":\"Organization\",\"@id\":\"https:\\\/\\\/fuentesfidedignas.com.mx\\\/#organization\",\"name\":\"Fuentes Fidedignas\",\"url\":\"https:\\\/\\\/fuentesfidedignas.com.mx\\\/\",\"logo\":{\"@type\":\"ImageObject\",\"inLanguage\":\"es\",\"@id\":\"https:\\\/\\\/fuentesfidedignas.com.mx\\\/#\\\/schema\\\/logo\\\/image\\\/\",\"url\":\"https:\\\/\\\/fuentesfidedignas.com.mx\\\/wp-content\\\/uploads\\\/2021\\\/04\\\/logo-retina.png\",\"contentUrl\":\"https:\\\/\\\/fuentesfidedignas.com.mx\\\/wp-content\\\/uploads\\\/2021\\\/04\\\/logo-retina.png\",\"width\":280,\"height\":51,\"caption\":\"Fuentes Fidedignas\"},\"image\":{\"@id\":\"https:\\\/\\\/fuentesfidedignas.com.mx\\\/#\\\/schema\\\/logo\\\/image\\\/\"},\"sameAs\":[\"https:\\\/\\\/www.facebook.com\\\/Fuentes-Fidedignas-368234489921644\",\"https:\\\/\\\/x.com\\\/fidedignas\"]},{\"@type\":\"Person\",\"@id\":\"https:\\\/\\\/fuentesfidedignas.com.mx\\\/#\\\/schema\\\/person\\\/f030e42657a5a464a8bbd891b1aab6ee\",\"name\":\"Noticieros Televisa\",\"image\":{\"@type\":\"ImageObject\",\"inLanguage\":\"es\",\"@id\":\"https:\\\/\\\/secure.gravatar.com\\\/avatar\\\/0e47b9e785a628831b8fd9eaf15e090e106760a879abbd4a3306f128ef5d43a9?s=96&d=mm&r=g\",\"url\":\"https:\\\/\\\/secure.gravatar.com\\\/avatar\\\/0e47b9e785a628831b8fd9eaf15e090e106760a879abbd4a3306f128ef5d43a9?s=96&d=mm&r=g\",\"contentUrl\":\"https:\\\/\\\/secure.gravatar.com\\\/avatar\\\/0e47b9e785a628831b8fd9eaf15e090e106760a879abbd4a3306f128ef5d43a9?s=96&d=mm&r=g\",\"caption\":\"Noticieros Televisa\"},\"url\":\"https:\\\/\\\/fuentesfidedignas.com.mx\\\/index.php\\\/author\\\/noticieros-televisa\\\/\"}]}<\/script>\n<!-- \/ Yoast SEO plugin. -->","yoast_head_json":{"title":"Al menos 11 muertos en tiroteo por disputa familiar en Montenegro - Fuentes Fidedignas","robots":{"index":"index","follow":"follow","max-snippet":"max-snippet:-1","max-image-preview":"max-image-preview:large","max-video-preview":"max-video-preview:-1"},"canonical":"https:\/\/fuentesfidedignas.com.mx\/index.php\/2022\/08\/12\/al-menos-11-muertos-en-tiroteo-por-disputa-familiar-en-montenegro\/","og_locale":"es_MX","og_type":"article","og_title":"Al menos 11 muertos en tiroteo por disputa familiar en Montenegro - Fuentes Fidedignas","og_description":"El tiroteo, perpetrado por un hombre que fue abatido por la polic\u00eda, dej\u00f3 adem\u00e1s seis heridos, entre ellos un agente Ciudad de M\u00e9xico.- Al menos 11 personas murieron durante un tiroteo en la ciudad de Cetinje, en el centro de Montenegro, inform\u00f3 la emisora p\u00fablica del pa\u00eds balc\u00e1nico. \u201c11 personas murieron y 6 resultaron heridas, [&hellip;]","og_url":"https:\/\/fuentesfidedignas.com.mx\/index.php\/2022\/08\/12\/al-menos-11-muertos-en-tiroteo-por-disputa-familiar-en-montenegro\/","og_site_name":"Fuentes Fidedignas","article_publisher":"https:\/\/www.facebook.com\/Fuentes-Fidedignas-368234489921644","article_published_time":"2022-08-12T21:52:44+00:00","article_modified_time":"2022-08-12T21:52:45+00:00","og_image":[{"width":843,"height":520,"url":"https:\/\/fuentesfidedignas.com.mx\/wp-content\/uploads\/2022\/08\/imagen-ilustrativa_2118406415_1140x520.jpeg","type":"image\/jpeg"}],"author":"Noticieros Televisa","twitter_card":"summary_large_image","twitter_creator":"@fidedignas","twitter_site":"@fidedignas","twitter_misc":{"Escrito por":"Noticieros Televisa","Tiempo de lectura":"1 minuto"},"schema":{"@context":"https:\/\/schema.org","@graph":[{"@type":"Article","@id":"https:\/\/fuentesfidedignas.com.mx\/index.php\/2022\/08\/12\/al-menos-11-muertos-en-tiroteo-por-disputa-familiar-en-montenegro\/#article","isPartOf":{"@id":"https:\/\/fuentesfidedignas.com.mx\/index.php\/2022\/08\/12\/al-menos-11-muertos-en-tiroteo-por-disputa-familiar-en-montenegro\/"},"author":{"name":"Noticieros Televisa","@id":"https:\/\/fuentesfidedignas.com.mx\/#\/schema\/person\/f030e42657a5a464a8bbd891b1aab6ee"},"headline":"Al menos 11 muertos en tiroteo por disputa familiar en Montenegro","datePublished":"2022-08-12T21:52:44+00:00","dateModified":"2022-08-12T21:52:45+00:00","mainEntityOfPage":{"@id":"https:\/\/fuentesfidedignas.com.mx\/index.php\/2022\/08\/12\/al-menos-11-muertos-en-tiroteo-por-disputa-familiar-en-montenegro\/"},"wordCount":166,"commentCount":0,"publisher":{"@id":"https:\/\/fuentesfidedignas.com.mx\/#organization"},"image":{"@id":"https:\/\/fuentesfidedignas.com.mx\/index.php\/2022\/08\/12\/al-menos-11-muertos-en-tiroteo-por-disputa-familiar-en-montenegro\/#primaryimage"},"thumbnailUrl":"https:\/\/fuentesfidedignas.com.mx\/wp-content\/uploads\/2022\/08\/imagen-ilustrativa_2118406415_1140x520.jpeg","articleSection":["NOTICIAS NACIONALES"],"inLanguage":"es","potentialAction":[{"@type":"CommentAction","name":"Comment","target":["https:\/\/fuentesfidedignas.com.mx\/index.php\/2022\/08\/12\/al-menos-11-muertos-en-tiroteo-por-disputa-familiar-en-montenegro\/#respond"]}]},{"@type":"WebPage","@id":"https:\/\/fuentesfidedignas.com.mx\/index.php\/2022\/08\/12\/al-menos-11-muertos-en-tiroteo-por-disputa-familiar-en-montenegro\/","url":"https:\/\/fuentesfidedignas.com.mx\/index.php\/2022\/08\/12\/al-menos-11-muertos-en-tiroteo-por-disputa-familiar-en-montenegro\/","name":"Al menos 11 muertos en tiroteo por disputa familiar en Montenegro - Fuentes Fidedignas","isPartOf":{"@id":"https:\/\/fuentesfidedignas.com.mx\/#website"},"primaryImageOfPage":{"@id":"https:\/\/fuentesfidedignas.com.mx\/index.php\/2022\/08\/12\/al-menos-11-muertos-en-tiroteo-por-disputa-familiar-en-montenegro\/#primaryimage"},"image":{"@id":"https:\/\/fuentesfidedignas.com.mx\/index.php\/2022\/08\/12\/al-menos-11-muertos-en-tiroteo-por-disputa-familiar-en-montenegro\/#primaryimage"},"thumbnailUrl":"https:\/\/fuentesfidedignas.com.mx\/wp-content\/uploads\/2022\/08\/imagen-ilustrativa_2118406415_1140x520.jpeg","datePublished":"2022-08-12T21:52:44+00:00","dateModified":"2022-08-12T21:52:45+00:00","breadcrumb":{"@id":"https:\/\/fuentesfidedignas.com.mx\/index.php\/2022\/08\/12\/al-menos-11-muertos-en-tiroteo-por-disputa-familiar-en-montenegro\/#breadcrumb"},"inLanguage":"es","potentialAction":[{"@type":"ReadAction","target":["https:\/\/fuentesfidedignas.com.mx\/index.php\/2022\/08\/12\/al-menos-11-muertos-en-tiroteo-por-disputa-familiar-en-montenegro\/"]}]},{"@type":"ImageObject","inLanguage":"es","@id":"https:\/\/fuentesfidedignas.com.mx\/index.php\/2022\/08\/12\/al-menos-11-muertos-en-tiroteo-por-disputa-familiar-en-montenegro\/#primaryimage","url":"https:\/\/fuentesfidedignas.com.mx\/wp-content\/uploads\/2022\/08\/imagen-ilustrativa_2118406415_1140x520.jpeg","contentUrl":"https:\/\/fuentesfidedignas.com.mx\/wp-content\/uploads\/2022\/08\/imagen-ilustrativa_2118406415_1140x520.jpeg","width":843,"height":520},{"@type":"BreadcrumbList","@id":"https:\/\/fuentesfidedignas.com.mx\/index.php\/2022\/08\/12\/al-menos-11-muertos-en-tiroteo-por-disputa-familiar-en-montenegro\/#breadcrumb","itemListElement":[{"@type":"ListItem","position":1,"name":"Inicio","item":"https:\/\/fuentesfidedignas.com.mx\/"},{"@type":"ListItem","position":2,"name":"Al menos 11 muertos en tiroteo por disputa familiar en Montenegro"}]},{"@type":"WebSite","@id":"https:\/\/fuentesfidedignas.com.mx\/#website","url":"https:\/\/fuentesfidedignas.com.mx\/","name":"Fuentes Fidedignas","description":"Otro sitio realizado con WordPress","publisher":{"@id":"https:\/\/fuentesfidedignas.com.mx\/#organization"},"potentialAction":[{"@type":"SearchAction","target":{"@type":"EntryPoint","urlTemplate":"https:\/\/fuentesfidedignas.com.mx\/?s={search_term_string}"},"query-input":{"@type":"PropertyValueSpecification","valueRequired":true,"valueName":"search_term_string"}}],"inLanguage":"es"},{"@type":"Organization","@id":"https:\/\/fuentesfidedignas.com.mx\/#organization","name":"Fuentes Fidedignas","url":"https:\/\/fuentesfidedignas.com.mx\/","logo":{"@type":"ImageObject","inLanguage":"es","@id":"https:\/\/fuentesfidedignas.com.mx\/#\/schema\/logo\/image\/","url":"https:\/\/fuentesfidedignas.com.mx\/wp-content\/uploads\/2021\/04\/logo-retina.png","contentUrl":"https:\/\/fuentesfidedignas.com.mx\/wp-content\/uploads\/2021\/04\/logo-retina.png","width":280,"height":51,"caption":"Fuentes Fidedignas"},"image":{"@id":"https:\/\/fuentesfidedignas.com.mx\/#\/schema\/logo\/image\/"},"sameAs":["https:\/\/www.facebook.com\/Fuentes-Fidedignas-368234489921644","https:\/\/x.com\/fidedignas"]},{"@type":"Person","@id":"https:\/\/fuentesfidedignas.com.mx\/#\/schema\/person\/f030e42657a5a464a8bbd891b1aab6ee","name":"Noticieros Televisa","image":{"@type":"ImageObject","inLanguage":"es","@id":"https:\/\/secure.gravatar.com\/avatar\/0e47b9e785a628831b8fd9eaf15e090e106760a879abbd4a3306f128ef5d43a9?s=96&d=mm&r=g","url":"https:\/\/secure.gravatar.com\/avatar\/0e47b9e785a628831b8fd9eaf15e090e106760a879abbd4a3306f128ef5d43a9?s=96&d=mm&r=g","contentUrl":"https:\/\/secure.gravatar.com\/avatar\/0e47b9e785a628831b8fd9eaf15e090e106760a879abbd4a3306f128ef5d43a9?s=96&d=mm&r=g","caption":"Noticieros Televisa"},"url":"https:\/\/fuentesfidedignas.com.mx\/index.php\/author\/noticieros-televisa\/"}]}},"_links":{"self":[{"href":"https:\/\/fuentesfidedignas.com.mx\/index.php\/wp-json\/wp\/v2\/posts\/39626","targetHints":{"allow":["GET"]}}],"collection":[{"href":"https:\/\/fuentesfidedignas.com.mx\/index.php\/wp-json\/wp\/v2\/posts"}],"about":[{"href":"https:\/\/fuentesfidedignas.com.mx\/index.php\/wp-json\/wp\/v2\/types\/post"}],"author":[{"embeddable":true,"href":"https:\/\/fuentesfidedignas.com.mx\/index.php\/wp-json\/wp\/v2\/users\/46"}],"replies":[{"embeddable":true,"href":"https:\/\/fuentesfidedignas.com.mx\/index.php\/wp-json\/wp\/v2\/comments?post=39626"}],"version-history":[{"count":2,"href":"https:\/\/fuentesfidedignas.com.mx\/index.php\/wp-json\/wp\/v2\/posts\/39626\/revisions"}],"predecessor-version":[{"id":39632,"href":"https:\/\/fuentesfidedignas.com.mx\/index.php\/wp-json\/wp\/v2\/posts\/39626\/revisions\/39632"}],"wp:featuredmedia":[{"embeddable":true,"href":"https:\/\/fuentesfidedignas.com.mx\/index.php\/wp-json\/wp\/v2\/media\/39628"}],"wp:attachment":[{"href":"https:\/\/fuentesfidedignas.com.mx\/index.php\/wp-json\/wp\/v2\/media?parent=39626"}],"wp:term":[{"taxonomy":"category","embeddable":true,"href":"https:\/\/fuentesfidedignas.com.mx\/index.php\/wp-json\/wp\/v2\/categories?post=39626"},{"taxonomy":"post_tag","embeddable":true,"href":"https:\/\/fuentesfidedignas.com.mx\/index.php\/wp-json\/wp\/v2\/tags?post=39626"}],"curies":[{"name":"wp","href":"https:\/\/api.w.org\/{rel}","templated":true}]}}