{"id":39588,"date":"2022-08-12T10:28:15","date_gmt":"2022-08-12T16:28:15","guid":{"rendered":"https:\/\/fuentesfidedignas.com.mx\/?p=39588"},"modified":"2022-08-12T10:28:17","modified_gmt":"2022-08-12T16:28:17","slug":"proteccion-civil-reporta-que-ya-hay-condiciones-para-el-rescate-de-los-mineros","status":"publish","type":"post","link":"https:\/\/fuentesfidedignas.com.mx\/index.php\/2022\/08\/12\/proteccion-civil-reporta-que-ya-hay-condiciones-para-el-rescate-de-los-mineros\/","title":{"rendered":"Protecci\u00f3n Civil reporta que ya hay condiciones para el rescate de los mineros"},"content":{"rendered":"\n<p><strong><em>Laura Vel\u00e1zquez, coordinadora nacional de Protecci\u00f3n Civil, asegur\u00f3 que se cuentan con todos los recursos y material humano para la extracci\u00f3n del agua en la mina<\/em><\/strong><\/p>\n\n\n\n<p>Coahuila.- Laura Vel\u00e1zquez, coordinadora nacional de Protecci\u00f3n Civil, report\u00f3 que se tienen las condiciones para que personal de las brigadas de b\u00fasqueda baje hoy, viernes 12 de agosto del 2022, a rescatar a los 10 mineros atrapados en pozo de carb\u00f3n en Sabinas, Coahuila, tras asegurar que se extrajo el 97% del agua en el pozo.<\/p>\n\n\n\n<p>\u201c<em>Ya tenemos todas las condiciones para bajar el d\u00eda de hoy, toda la madrugada retiraron material para ingresar, ya en estos momentos a la b\u00fasqueda y rescate. Vamos a seguir de todos modos bombeando de manera simult\u00e1nea<\/em>\u201d, inform\u00f3 la coordinadora nacional de Protecci\u00f3n Civil durante la conferencia ma\u00f1anera encabezada por el presidente Andr\u00e9s Manuel L\u00f3pez Obrador (AMLO) desde Palacio Nacional.<\/p>\n\n\n\n<p>La funcionaria federal asegur\u00f3 que se cuentan con todos los recursos y material humano para la extracci\u00f3n del agua en la mina y afirm\u00f3 que esta ha sido la estrategia correcta para el rescate de los mineros.<\/p>\n\n\n\n<p>\u201c<em>Para poder entrar, retirar el escombro, e iniciar la b\u00fasqueda y el rescate se necesitaban tener los niveles de agua adecuados para no poner en riesgo a los rescatistas<\/em>\u201d, refiri\u00f3 Laura Vel\u00e1zquez.<\/p>\n\n\n\n<p>Inform\u00f3 que se cumplen 207 horas de trabajo ininterrumpido para tratar de rescatar a los 10 mineros atrapados en un pozo de carb\u00f3n en Sabinas, Coahuila.<\/p>\n\n\n\n<p>Reiter\u00f3 que el objetivo principal de la misi\u00f3n es rescatar a los mineros cuanto antes.<\/p>\n\n\n\n<p>Record\u00f3 que trabajan de manera muy coordinada todas las dependencias de los gobiernos federal, estatal y municipal.<\/p>\n\n\n\n<p>\u201c<em>Por supuesto todos apegados a la situaci\u00f3n que nos van diciendo los expertos para hacer lo correcto lo m\u00e1s pronto posible<\/em>\u201d, mencion\u00f3.<\/p>\n\n\n\n<p>Laura Vel\u00e1zquez se\u00f1al\u00f3 que en el pozo 4 de la mina de carb\u00f3n ingres\u00f3 personal de la Secretar\u00eda de la Defensa (Sedena) para retirar unos polines que obstru\u00edan la entrada para ingresar una bomba de lodo con 150 caballos de fuerza, perteneciente a la Comisi\u00f3n Nacional del Agua (Conagua).<\/p>\n\n\n\n<p>Indic\u00f3 que en el pozo 2 se mantuvo operando de forma permanente una bomba con 50 caballos de fuerza.<\/p>\n\n\n\n<p>Inform\u00f3 que durante la madrugada se retiraron cuatro bombas por par parte de la Sedena para contar con m\u00e1s espacio en el pozo para el ingreso de personal de las brigadas de b\u00fasqueda y rescate.<\/p>\n\n\n\n<p>Se\u00f1al\u00f3 que en el pozo 3 operan dos bombas de forma permanente para la extracci\u00f3n del agua.<\/p>\n\n\n\n<p>Laura Vel\u00e1zquez dijo que al d\u00eda de hoy viernes 12 de agosto del 2022, cuentan con seis barrenos con bombas, colocados estrat\u00e9gicamente, para la extracci\u00f3n del agua.<\/p>\n\n\n\n<p>Inform\u00f3 que a los familiares de los 10 mineros atrapados se les acondicion\u00f3 un albergue \u201c<em>muy digno<\/em>\u201d, donde reciben alimentos y cuentan con un hospital m\u00f3vil, mientras esperan informes de las acciones que se realizan.<\/p>\n","protected":false},"excerpt":{"rendered":"<p>Laura Vel\u00e1zquez, coordinadora nacional de Protecci\u00f3n Civil, asegur\u00f3 que se cuentan con todos los recursos y material humano para la extracci\u00f3n del agua en la mina Coahuila.- Laura Vel\u00e1zquez, coordinadora nacional de Protecci\u00f3n Civil, report\u00f3 que se tienen las condiciones para que personal de las brigadas de b\u00fasqueda baje hoy, viernes 12 de agosto del [&hellip;]<\/p>\n","protected":false},"author":46,"featured_media":39589,"comment_status":"open","ping_status":"open","sticky":false,"template":"","format":"standard","meta":{"tdm_status":"","tdm_grid_status":"","footnotes":""},"categories":[39],"tags":[],"class_list":{"0":"post-39588","1":"post","2":"type-post","3":"status-publish","4":"format-standard","5":"has-post-thumbnail","7":"category-noticias-nacionales"},"yoast_head":"<!-- This site is optimized with the Yoast SEO plugin v27.5 - https:\/\/yoast.com\/product\/yoast-seo-wordpress\/ -->\n<title>Protecci\u00f3n Civil reporta que ya hay condiciones para el rescate de los mineros - Fuentes Fidedignas<\/title>\n<meta name=\"robots\" content=\"index, follow, max-snippet:-1, max-image-preview:large, max-video-preview:-1\" \/>\n<link rel=\"canonical\" href=\"https:\/\/fuentesfidedignas.com.mx\/index.php\/2022\/08\/12\/proteccion-civil-reporta-que-ya-hay-condiciones-para-el-rescate-de-los-mineros\/\" \/>\n<meta property=\"og:locale\" content=\"es_MX\" \/>\n<meta property=\"og:type\" content=\"article\" \/>\n<meta property=\"og:title\" content=\"Protecci\u00f3n Civil reporta que ya hay condiciones para el rescate de los mineros - Fuentes Fidedignas\" \/>\n<meta property=\"og:description\" content=\"Laura Vel\u00e1zquez, coordinadora nacional de Protecci\u00f3n Civil, asegur\u00f3 que se cuentan con todos los recursos y material humano para la extracci\u00f3n del agua en la mina Coahuila.- Laura Vel\u00e1zquez, coordinadora nacional de Protecci\u00f3n Civil, report\u00f3 que se tienen las condiciones para que personal de las brigadas de b\u00fasqueda baje hoy, viernes 12 de agosto del [&hellip;]\" \/>\n<meta property=\"og:url\" content=\"https:\/\/fuentesfidedignas.com.mx\/index.php\/2022\/08\/12\/proteccion-civil-reporta-que-ya-hay-condiciones-para-el-rescate-de-los-mineros\/\" \/>\n<meta property=\"og:site_name\" content=\"Fuentes Fidedignas\" \/>\n<meta property=\"article:publisher\" content=\"https:\/\/www.facebook.com\/Fuentes-Fidedignas-368234489921644\" \/>\n<meta property=\"article:published_time\" content=\"2022-08-12T16:28:15+00:00\" \/>\n<meta property=\"article:modified_time\" content=\"2022-08-12T16:28:17+00:00\" \/>\n<meta property=\"og:image\" content=\"https:\/\/fuentesfidedignas.com.mx\/wp-content\/uploads\/2022\/08\/whatsapp_image_2022-08-10_at_2.38_20_pm.jpg\" \/>\n\t<meta property=\"og:image:width\" content=\"850\" \/>\n\t<meta property=\"og:image:height\" content=\"478\" \/>\n\t<meta property=\"og:image:type\" content=\"image\/jpeg\" \/>\n<meta name=\"author\" content=\"Noticieros Televisa\" \/>\n<meta name=\"twitter:card\" content=\"summary_large_image\" \/>\n<meta name=\"twitter:creator\" content=\"@fidedignas\" \/>\n<meta name=\"twitter:site\" content=\"@fidedignas\" \/>\n<meta name=\"twitter:label1\" content=\"Escrito por\" \/>\n\t<meta name=\"twitter:data1\" content=\"Noticieros Televisa\" \/>\n\t<meta name=\"twitter:label2\" content=\"Tiempo de lectura\" \/>\n\t<meta name=\"twitter:data2\" content=\"3 minutos\" \/>\n<script type=\"application\/ld+json\" class=\"yoast-schema-graph\">{\"@context\":\"https:\\\/\\\/schema.org\",\"@graph\":[{\"@type\":\"Article\",\"@id\":\"https:\\\/\\\/fuentesfidedignas.com.mx\\\/index.php\\\/2022\\\/08\\\/12\\\/proteccion-civil-reporta-que-ya-hay-condiciones-para-el-rescate-de-los-mineros\\\/#article\",\"isPartOf\":{\"@id\":\"https:\\\/\\\/fuentesfidedignas.com.mx\\\/index.php\\\/2022\\\/08\\\/12\\\/proteccion-civil-reporta-que-ya-hay-condiciones-para-el-rescate-de-los-mineros\\\/\"},\"author\":{\"name\":\"Noticieros Televisa\",\"@id\":\"https:\\\/\\\/fuentesfidedignas.com.mx\\\/#\\\/schema\\\/person\\\/f030e42657a5a464a8bbd891b1aab6ee\"},\"headline\":\"Protecci\u00f3n Civil reporta que ya hay condiciones para el rescate de los mineros\",\"datePublished\":\"2022-08-12T16:28:15+00:00\",\"dateModified\":\"2022-08-12T16:28:17+00:00\",\"mainEntityOfPage\":{\"@id\":\"https:\\\/\\\/fuentesfidedignas.com.mx\\\/index.php\\\/2022\\\/08\\\/12\\\/proteccion-civil-reporta-que-ya-hay-condiciones-para-el-rescate-de-los-mineros\\\/\"},\"wordCount\":510,\"commentCount\":0,\"publisher\":{\"@id\":\"https:\\\/\\\/fuentesfidedignas.com.mx\\\/#organization\"},\"image\":{\"@id\":\"https:\\\/\\\/fuentesfidedignas.com.mx\\\/index.php\\\/2022\\\/08\\\/12\\\/proteccion-civil-reporta-que-ya-hay-condiciones-para-el-rescate-de-los-mineros\\\/#primaryimage\"},\"thumbnailUrl\":\"https:\\\/\\\/fuentesfidedignas.com.mx\\\/wp-content\\\/uploads\\\/2022\\\/08\\\/whatsapp_image_2022-08-10_at_2.38_20_pm.jpg\",\"articleSection\":[\"NOTICIAS NACIONALES\"],\"inLanguage\":\"es\",\"potentialAction\":[{\"@type\":\"CommentAction\",\"name\":\"Comment\",\"target\":[\"https:\\\/\\\/fuentesfidedignas.com.mx\\\/index.php\\\/2022\\\/08\\\/12\\\/proteccion-civil-reporta-que-ya-hay-condiciones-para-el-rescate-de-los-mineros\\\/#respond\"]}]},{\"@type\":\"WebPage\",\"@id\":\"https:\\\/\\\/fuentesfidedignas.com.mx\\\/index.php\\\/2022\\\/08\\\/12\\\/proteccion-civil-reporta-que-ya-hay-condiciones-para-el-rescate-de-los-mineros\\\/\",\"url\":\"https:\\\/\\\/fuentesfidedignas.com.mx\\\/index.php\\\/2022\\\/08\\\/12\\\/proteccion-civil-reporta-que-ya-hay-condiciones-para-el-rescate-de-los-mineros\\\/\",\"name\":\"Protecci\u00f3n Civil reporta que ya hay condiciones para el rescate de los mineros - Fuentes Fidedignas\",\"isPartOf\":{\"@id\":\"https:\\\/\\\/fuentesfidedignas.com.mx\\\/#website\"},\"primaryImageOfPage\":{\"@id\":\"https:\\\/\\\/fuentesfidedignas.com.mx\\\/index.php\\\/2022\\\/08\\\/12\\\/proteccion-civil-reporta-que-ya-hay-condiciones-para-el-rescate-de-los-mineros\\\/#primaryimage\"},\"image\":{\"@id\":\"https:\\\/\\\/fuentesfidedignas.com.mx\\\/index.php\\\/2022\\\/08\\\/12\\\/proteccion-civil-reporta-que-ya-hay-condiciones-para-el-rescate-de-los-mineros\\\/#primaryimage\"},\"thumbnailUrl\":\"https:\\\/\\\/fuentesfidedignas.com.mx\\\/wp-content\\\/uploads\\\/2022\\\/08\\\/whatsapp_image_2022-08-10_at_2.38_20_pm.jpg\",\"datePublished\":\"2022-08-12T16:28:15+00:00\",\"dateModified\":\"2022-08-12T16:28:17+00:00\",\"breadcrumb\":{\"@id\":\"https:\\\/\\\/fuentesfidedignas.com.mx\\\/index.php\\\/2022\\\/08\\\/12\\\/proteccion-civil-reporta-que-ya-hay-condiciones-para-el-rescate-de-los-mineros\\\/#breadcrumb\"},\"inLanguage\":\"es\",\"potentialAction\":[{\"@type\":\"ReadAction\",\"target\":[\"https:\\\/\\\/fuentesfidedignas.com.mx\\\/index.php\\\/2022\\\/08\\\/12\\\/proteccion-civil-reporta-que-ya-hay-condiciones-para-el-rescate-de-los-mineros\\\/\"]}]},{\"@type\":\"ImageObject\",\"inLanguage\":\"es\",\"@id\":\"https:\\\/\\\/fuentesfidedignas.com.mx\\\/index.php\\\/2022\\\/08\\\/12\\\/proteccion-civil-reporta-que-ya-hay-condiciones-para-el-rescate-de-los-mineros\\\/#primaryimage\",\"url\":\"https:\\\/\\\/fuentesfidedignas.com.mx\\\/wp-content\\\/uploads\\\/2022\\\/08\\\/whatsapp_image_2022-08-10_at_2.38_20_pm.jpg\",\"contentUrl\":\"https:\\\/\\\/fuentesfidedignas.com.mx\\\/wp-content\\\/uploads\\\/2022\\\/08\\\/whatsapp_image_2022-08-10_at_2.38_20_pm.jpg\",\"width\":850,\"height\":478},{\"@type\":\"BreadcrumbList\",\"@id\":\"https:\\\/\\\/fuentesfidedignas.com.mx\\\/index.php\\\/2022\\\/08\\\/12\\\/proteccion-civil-reporta-que-ya-hay-condiciones-para-el-rescate-de-los-mineros\\\/#breadcrumb\",\"itemListElement\":[{\"@type\":\"ListItem\",\"position\":1,\"name\":\"Inicio\",\"item\":\"https:\\\/\\\/fuentesfidedignas.com.mx\\\/\"},{\"@type\":\"ListItem\",\"position\":2,\"name\":\"Protecci\u00f3n Civil reporta que ya hay condiciones para el rescate de los mineros\"}]},{\"@type\":\"WebSite\",\"@id\":\"https:\\\/\\\/fuentesfidedignas.com.mx\\\/#website\",\"url\":\"https:\\\/\\\/fuentesfidedignas.com.mx\\\/\",\"name\":\"Fuentes Fidedignas\",\"description\":\"Otro sitio realizado con WordPress\",\"publisher\":{\"@id\":\"https:\\\/\\\/fuentesfidedignas.com.mx\\\/#organization\"},\"potentialAction\":[{\"@type\":\"SearchAction\",\"target\":{\"@type\":\"EntryPoint\",\"urlTemplate\":\"https:\\\/\\\/fuentesfidedignas.com.mx\\\/?s={search_term_string}\"},\"query-input\":{\"@type\":\"PropertyValueSpecification\",\"valueRequired\":true,\"valueName\":\"search_term_string\"}}],\"inLanguage\":\"es\"},{\"@type\":\"Organization\",\"@id\":\"https:\\\/\\\/fuentesfidedignas.com.mx\\\/#organization\",\"name\":\"Fuentes Fidedignas\",\"url\":\"https:\\\/\\\/fuentesfidedignas.com.mx\\\/\",\"logo\":{\"@type\":\"ImageObject\",\"inLanguage\":\"es\",\"@id\":\"https:\\\/\\\/fuentesfidedignas.com.mx\\\/#\\\/schema\\\/logo\\\/image\\\/\",\"url\":\"https:\\\/\\\/fuentesfidedignas.com.mx\\\/wp-content\\\/uploads\\\/2021\\\/04\\\/logo-retina.png\",\"contentUrl\":\"https:\\\/\\\/fuentesfidedignas.com.mx\\\/wp-content\\\/uploads\\\/2021\\\/04\\\/logo-retina.png\",\"width\":280,\"height\":51,\"caption\":\"Fuentes Fidedignas\"},\"image\":{\"@id\":\"https:\\\/\\\/fuentesfidedignas.com.mx\\\/#\\\/schema\\\/logo\\\/image\\\/\"},\"sameAs\":[\"https:\\\/\\\/www.facebook.com\\\/Fuentes-Fidedignas-368234489921644\",\"https:\\\/\\\/x.com\\\/fidedignas\"]},{\"@type\":\"Person\",\"@id\":\"https:\\\/\\\/fuentesfidedignas.com.mx\\\/#\\\/schema\\\/person\\\/f030e42657a5a464a8bbd891b1aab6ee\",\"name\":\"Noticieros Televisa\",\"image\":{\"@type\":\"ImageObject\",\"inLanguage\":\"es\",\"@id\":\"https:\\\/\\\/secure.gravatar.com\\\/avatar\\\/0e47b9e785a628831b8fd9eaf15e090e106760a879abbd4a3306f128ef5d43a9?s=96&d=mm&r=g\",\"url\":\"https:\\\/\\\/secure.gravatar.com\\\/avatar\\\/0e47b9e785a628831b8fd9eaf15e090e106760a879abbd4a3306f128ef5d43a9?s=96&d=mm&r=g\",\"contentUrl\":\"https:\\\/\\\/secure.gravatar.com\\\/avatar\\\/0e47b9e785a628831b8fd9eaf15e090e106760a879abbd4a3306f128ef5d43a9?s=96&d=mm&r=g\",\"caption\":\"Noticieros Televisa\"},\"url\":\"https:\\\/\\\/fuentesfidedignas.com.mx\\\/index.php\\\/author\\\/noticieros-televisa\\\/\"}]}<\/script>\n<!-- \/ Yoast SEO plugin. -->","yoast_head_json":{"title":"Protecci\u00f3n Civil reporta que ya hay condiciones para el rescate de los mineros - Fuentes Fidedignas","robots":{"index":"index","follow":"follow","max-snippet":"max-snippet:-1","max-image-preview":"max-image-preview:large","max-video-preview":"max-video-preview:-1"},"canonical":"https:\/\/fuentesfidedignas.com.mx\/index.php\/2022\/08\/12\/proteccion-civil-reporta-que-ya-hay-condiciones-para-el-rescate-de-los-mineros\/","og_locale":"es_MX","og_type":"article","og_title":"Protecci\u00f3n Civil reporta que ya hay condiciones para el rescate de los mineros - Fuentes Fidedignas","og_description":"Laura Vel\u00e1zquez, coordinadora nacional de Protecci\u00f3n Civil, asegur\u00f3 que se cuentan con todos los recursos y material humano para la extracci\u00f3n del agua en la mina Coahuila.- Laura Vel\u00e1zquez, coordinadora nacional de Protecci\u00f3n Civil, report\u00f3 que se tienen las condiciones para que personal de las brigadas de b\u00fasqueda baje hoy, viernes 12 de agosto del [&hellip;]","og_url":"https:\/\/fuentesfidedignas.com.mx\/index.php\/2022\/08\/12\/proteccion-civil-reporta-que-ya-hay-condiciones-para-el-rescate-de-los-mineros\/","og_site_name":"Fuentes Fidedignas","article_publisher":"https:\/\/www.facebook.com\/Fuentes-Fidedignas-368234489921644","article_published_time":"2022-08-12T16:28:15+00:00","article_modified_time":"2022-08-12T16:28:17+00:00","og_image":[{"width":850,"height":478,"url":"https:\/\/fuentesfidedignas.com.mx\/wp-content\/uploads\/2022\/08\/whatsapp_image_2022-08-10_at_2.38_20_pm.jpg","type":"image\/jpeg"}],"author":"Noticieros Televisa","twitter_card":"summary_large_image","twitter_creator":"@fidedignas","twitter_site":"@fidedignas","twitter_misc":{"Escrito por":"Noticieros Televisa","Tiempo de lectura":"3 minutos"},"schema":{"@context":"https:\/\/schema.org","@graph":[{"@type":"Article","@id":"https:\/\/fuentesfidedignas.com.mx\/index.php\/2022\/08\/12\/proteccion-civil-reporta-que-ya-hay-condiciones-para-el-rescate-de-los-mineros\/#article","isPartOf":{"@id":"https:\/\/fuentesfidedignas.com.mx\/index.php\/2022\/08\/12\/proteccion-civil-reporta-que-ya-hay-condiciones-para-el-rescate-de-los-mineros\/"},"author":{"name":"Noticieros Televisa","@id":"https:\/\/fuentesfidedignas.com.mx\/#\/schema\/person\/f030e42657a5a464a8bbd891b1aab6ee"},"headline":"Protecci\u00f3n Civil reporta que ya hay condiciones para el rescate de los mineros","datePublished":"2022-08-12T16:28:15+00:00","dateModified":"2022-08-12T16:28:17+00:00","mainEntityOfPage":{"@id":"https:\/\/fuentesfidedignas.com.mx\/index.php\/2022\/08\/12\/proteccion-civil-reporta-que-ya-hay-condiciones-para-el-rescate-de-los-mineros\/"},"wordCount":510,"commentCount":0,"publisher":{"@id":"https:\/\/fuentesfidedignas.com.mx\/#organization"},"image":{"@id":"https:\/\/fuentesfidedignas.com.mx\/index.php\/2022\/08\/12\/proteccion-civil-reporta-que-ya-hay-condiciones-para-el-rescate-de-los-mineros\/#primaryimage"},"thumbnailUrl":"https:\/\/fuentesfidedignas.com.mx\/wp-content\/uploads\/2022\/08\/whatsapp_image_2022-08-10_at_2.38_20_pm.jpg","articleSection":["NOTICIAS NACIONALES"],"inLanguage":"es","potentialAction":[{"@type":"CommentAction","name":"Comment","target":["https:\/\/fuentesfidedignas.com.mx\/index.php\/2022\/08\/12\/proteccion-civil-reporta-que-ya-hay-condiciones-para-el-rescate-de-los-mineros\/#respond"]}]},{"@type":"WebPage","@id":"https:\/\/fuentesfidedignas.com.mx\/index.php\/2022\/08\/12\/proteccion-civil-reporta-que-ya-hay-condiciones-para-el-rescate-de-los-mineros\/","url":"https:\/\/fuentesfidedignas.com.mx\/index.php\/2022\/08\/12\/proteccion-civil-reporta-que-ya-hay-condiciones-para-el-rescate-de-los-mineros\/","name":"Protecci\u00f3n Civil reporta que ya hay condiciones para el rescate de los mineros - Fuentes Fidedignas","isPartOf":{"@id":"https:\/\/fuentesfidedignas.com.mx\/#website"},"primaryImageOfPage":{"@id":"https:\/\/fuentesfidedignas.com.mx\/index.php\/2022\/08\/12\/proteccion-civil-reporta-que-ya-hay-condiciones-para-el-rescate-de-los-mineros\/#primaryimage"},"image":{"@id":"https:\/\/fuentesfidedignas.com.mx\/index.php\/2022\/08\/12\/proteccion-civil-reporta-que-ya-hay-condiciones-para-el-rescate-de-los-mineros\/#primaryimage"},"thumbnailUrl":"https:\/\/fuentesfidedignas.com.mx\/wp-content\/uploads\/2022\/08\/whatsapp_image_2022-08-10_at_2.38_20_pm.jpg","datePublished":"2022-08-12T16:28:15+00:00","dateModified":"2022-08-12T16:28:17+00:00","breadcrumb":{"@id":"https:\/\/fuentesfidedignas.com.mx\/index.php\/2022\/08\/12\/proteccion-civil-reporta-que-ya-hay-condiciones-para-el-rescate-de-los-mineros\/#breadcrumb"},"inLanguage":"es","potentialAction":[{"@type":"ReadAction","target":["https:\/\/fuentesfidedignas.com.mx\/index.php\/2022\/08\/12\/proteccion-civil-reporta-que-ya-hay-condiciones-para-el-rescate-de-los-mineros\/"]}]},{"@type":"ImageObject","inLanguage":"es","@id":"https:\/\/fuentesfidedignas.com.mx\/index.php\/2022\/08\/12\/proteccion-civil-reporta-que-ya-hay-condiciones-para-el-rescate-de-los-mineros\/#primaryimage","url":"https:\/\/fuentesfidedignas.com.mx\/wp-content\/uploads\/2022\/08\/whatsapp_image_2022-08-10_at_2.38_20_pm.jpg","contentUrl":"https:\/\/fuentesfidedignas.com.mx\/wp-content\/uploads\/2022\/08\/whatsapp_image_2022-08-10_at_2.38_20_pm.jpg","width":850,"height":478},{"@type":"BreadcrumbList","@id":"https:\/\/fuentesfidedignas.com.mx\/index.php\/2022\/08\/12\/proteccion-civil-reporta-que-ya-hay-condiciones-para-el-rescate-de-los-mineros\/#breadcrumb","itemListElement":[{"@type":"ListItem","position":1,"name":"Inicio","item":"https:\/\/fuentesfidedignas.com.mx\/"},{"@type":"ListItem","position":2,"name":"Protecci\u00f3n Civil reporta que ya hay condiciones para el rescate de los mineros"}]},{"@type":"WebSite","@id":"https:\/\/fuentesfidedignas.com.mx\/#website","url":"https:\/\/fuentesfidedignas.com.mx\/","name":"Fuentes Fidedignas","description":"Otro sitio realizado con WordPress","publisher":{"@id":"https:\/\/fuentesfidedignas.com.mx\/#organization"},"potentialAction":[{"@type":"SearchAction","target":{"@type":"EntryPoint","urlTemplate":"https:\/\/fuentesfidedignas.com.mx\/?s={search_term_string}"},"query-input":{"@type":"PropertyValueSpecification","valueRequired":true,"valueName":"search_term_string"}}],"inLanguage":"es"},{"@type":"Organization","@id":"https:\/\/fuentesfidedignas.com.mx\/#organization","name":"Fuentes Fidedignas","url":"https:\/\/fuentesfidedignas.com.mx\/","logo":{"@type":"ImageObject","inLanguage":"es","@id":"https:\/\/fuentesfidedignas.com.mx\/#\/schema\/logo\/image\/","url":"https:\/\/fuentesfidedignas.com.mx\/wp-content\/uploads\/2021\/04\/logo-retina.png","contentUrl":"https:\/\/fuentesfidedignas.com.mx\/wp-content\/uploads\/2021\/04\/logo-retina.png","width":280,"height":51,"caption":"Fuentes Fidedignas"},"image":{"@id":"https:\/\/fuentesfidedignas.com.mx\/#\/schema\/logo\/image\/"},"sameAs":["https:\/\/www.facebook.com\/Fuentes-Fidedignas-368234489921644","https:\/\/x.com\/fidedignas"]},{"@type":"Person","@id":"https:\/\/fuentesfidedignas.com.mx\/#\/schema\/person\/f030e42657a5a464a8bbd891b1aab6ee","name":"Noticieros Televisa","image":{"@type":"ImageObject","inLanguage":"es","@id":"https:\/\/secure.gravatar.com\/avatar\/0e47b9e785a628831b8fd9eaf15e090e106760a879abbd4a3306f128ef5d43a9?s=96&d=mm&r=g","url":"https:\/\/secure.gravatar.com\/avatar\/0e47b9e785a628831b8fd9eaf15e090e106760a879abbd4a3306f128ef5d43a9?s=96&d=mm&r=g","contentUrl":"https:\/\/secure.gravatar.com\/avatar\/0e47b9e785a628831b8fd9eaf15e090e106760a879abbd4a3306f128ef5d43a9?s=96&d=mm&r=g","caption":"Noticieros Televisa"},"url":"https:\/\/fuentesfidedignas.com.mx\/index.php\/author\/noticieros-televisa\/"}]}},"_links":{"self":[{"href":"https:\/\/fuentesfidedignas.com.mx\/index.php\/wp-json\/wp\/v2\/posts\/39588","targetHints":{"allow":["GET"]}}],"collection":[{"href":"https:\/\/fuentesfidedignas.com.mx\/index.php\/wp-json\/wp\/v2\/posts"}],"about":[{"href":"https:\/\/fuentesfidedignas.com.mx\/index.php\/wp-json\/wp\/v2\/types\/post"}],"author":[{"embeddable":true,"href":"https:\/\/fuentesfidedignas.com.mx\/index.php\/wp-json\/wp\/v2\/users\/46"}],"replies":[{"embeddable":true,"href":"https:\/\/fuentesfidedignas.com.mx\/index.php\/wp-json\/wp\/v2\/comments?post=39588"}],"version-history":[{"count":1,"href":"https:\/\/fuentesfidedignas.com.mx\/index.php\/wp-json\/wp\/v2\/posts\/39588\/revisions"}],"predecessor-version":[{"id":39590,"href":"https:\/\/fuentesfidedignas.com.mx\/index.php\/wp-json\/wp\/v2\/posts\/39588\/revisions\/39590"}],"wp:featuredmedia":[{"embeddable":true,"href":"https:\/\/fuentesfidedignas.com.mx\/index.php\/wp-json\/wp\/v2\/media\/39589"}],"wp:attachment":[{"href":"https:\/\/fuentesfidedignas.com.mx\/index.php\/wp-json\/wp\/v2\/media?parent=39588"}],"wp:term":[{"taxonomy":"category","embeddable":true,"href":"https:\/\/fuentesfidedignas.com.mx\/index.php\/wp-json\/wp\/v2\/categories?post=39588"},{"taxonomy":"post_tag","embeddable":true,"href":"https:\/\/fuentesfidedignas.com.mx\/index.php\/wp-json\/wp\/v2\/tags?post=39588"}],"curies":[{"name":"wp","href":"https:\/\/api.w.org\/{rel}","templated":true}]}}