{"id":39585,"date":"2022-08-12T09:17:51","date_gmt":"2022-08-12T15:17:51","guid":{"rendered":"https:\/\/fuentesfidedignas.com.mx\/?p=39585"},"modified":"2022-08-12T09:24:24","modified_gmt":"2022-08-12T15:24:24","slug":"algunas-colonias-de-culiacan-podrian-quedarse-sin-agua-esta-tarde","status":"publish","type":"post","link":"https:\/\/fuentesfidedignas.com.mx\/index.php\/2022\/08\/12\/algunas-colonias-de-culiacan-podrian-quedarse-sin-agua-esta-tarde\/","title":{"rendered":"Algunas colonias de Culiac\u00e1n podr\u00edan quedarse sin agua est\u00e1 tarde"},"content":{"rendered":"\n<p><strong><em>Algunos sectores afectados ser\u00e1n la zona norte y nor oriente<\/em><\/strong><\/p>\n\n\n\n<p>Culiac\u00e1n, Sin. Que las intensas lluvias presentadas anoche en la ciudad ocasionaron la llegada de agua muy revuelta al r\u00edo Tamazula, as\u00ed como los canales orientales y San Lorenzo.<\/p>\n\n\n\n<p>Por ello, personal operativo de la paramunicipal ha estado trabajando para lograr estabilizar los procesos de potabilizaci\u00f3n, dejando fuera de operaci\u00f3n por algunas horas esta infraestructura.<\/p>\n\n\n\n<p>Al corte de las 7:00 de la ma\u00f1ana, ya toda la infraestructura inici\u00f3 su operaci\u00f3n de manera normal, sin embargo, esta situaci\u00f3n puede provocar bajas presiones o falta de servicio en algunas colonias de Culiacan a partir de medio d\u00eda, y recuperar el servicio hasta la noche.<\/p>\n\n\n\n<p>Algunos sectores afectados ser\u00e1n la zona norte y nor oriente, entre las que destacan las colonias 5 de Mayo, Rafael Buelna, Colinas de San Miguel, Balcones de San Miguel, Buenos Aires, Alteza, El Barrio, Stanza Torralba, Campesina el Barrio, La Esperanza, Solidaridad, Villas Del Sol, Residencial Hacienda, Lomas del Sol, Los \u00c1ngeles, entre otras.<\/p>\n\n\n\n<p>Se pide la comprensi\u00f3n de la ciudadan\u00eda, y se pone a disposici\u00f3n el Aquatel 073 y el whatsapp 6671000406.<\/p>\n","protected":false},"excerpt":{"rendered":"<p>Algunos sectores afectados ser\u00e1n la zona norte y nor oriente Culiac\u00e1n, Sin. Que las intensas lluvias presentadas anoche en la ciudad ocasionaron la llegada de agua muy revuelta al r\u00edo Tamazula, as\u00ed como los canales orientales y San Lorenzo. Por ello, personal operativo de la paramunicipal ha estado trabajando para lograr estabilizar los procesos de [&hellip;]<\/p>\n","protected":false},"author":4,"featured_media":39587,"comment_status":"open","ping_status":"open","sticky":false,"template":"","format":"standard","meta":{"tdm_status":"","tdm_grid_status":"","footnotes":""},"categories":[1],"tags":[],"class_list":{"0":"post-39585","1":"post","2":"type-post","3":"status-publish","4":"format-standard","5":"has-post-thumbnail","7":"category-sin-categoria"},"yoast_head":"<!-- This site is optimized with the Yoast SEO plugin v27.5 - https:\/\/yoast.com\/product\/yoast-seo-wordpress\/ -->\n<title>Algunas colonias de Culiac\u00e1n podr\u00edan quedarse sin agua est\u00e1 tarde - Fuentes Fidedignas<\/title>\n<meta name=\"robots\" content=\"index, follow, max-snippet:-1, max-image-preview:large, max-video-preview:-1\" \/>\n<link rel=\"canonical\" href=\"https:\/\/fuentesfidedignas.com.mx\/index.php\/2022\/08\/12\/algunas-colonias-de-culiacan-podrian-quedarse-sin-agua-esta-tarde\/\" \/>\n<meta property=\"og:locale\" content=\"es_MX\" \/>\n<meta property=\"og:type\" content=\"article\" \/>\n<meta property=\"og:title\" content=\"Algunas colonias de Culiac\u00e1n podr\u00edan quedarse sin agua est\u00e1 tarde - Fuentes Fidedignas\" \/>\n<meta property=\"og:description\" content=\"Algunos sectores afectados ser\u00e1n la zona norte y nor oriente Culiac\u00e1n, Sin. Que las intensas lluvias presentadas anoche en la ciudad ocasionaron la llegada de agua muy revuelta al r\u00edo Tamazula, as\u00ed como los canales orientales y San Lorenzo. Por ello, personal operativo de la paramunicipal ha estado trabajando para lograr estabilizar los procesos de [&hellip;]\" \/>\n<meta property=\"og:url\" content=\"https:\/\/fuentesfidedignas.com.mx\/index.php\/2022\/08\/12\/algunas-colonias-de-culiacan-podrian-quedarse-sin-agua-esta-tarde\/\" \/>\n<meta property=\"og:site_name\" content=\"Fuentes Fidedignas\" \/>\n<meta property=\"article:publisher\" content=\"https:\/\/www.facebook.com\/Fuentes-Fidedignas-368234489921644\" \/>\n<meta property=\"article:published_time\" content=\"2022-08-12T15:17:51+00:00\" \/>\n<meta property=\"article:modified_time\" content=\"2022-08-12T15:24:24+00:00\" \/>\n<meta property=\"og:image\" content=\"https:\/\/fuentesfidedignas.com.mx\/wp-content\/uploads\/2022\/08\/IMG-20220812-WA0001.jpg\" \/>\n\t<meta property=\"og:image:width\" content=\"1280\" \/>\n\t<meta property=\"og:image:height\" content=\"853\" \/>\n\t<meta property=\"og:image:type\" content=\"image\/jpeg\" \/>\n<meta name=\"author\" content=\"Redacci\u00f3n\" \/>\n<meta name=\"twitter:card\" content=\"summary_large_image\" \/>\n<meta name=\"twitter:creator\" content=\"@fidedignas\" \/>\n<meta name=\"twitter:site\" content=\"@fidedignas\" \/>\n<meta name=\"twitter:label1\" content=\"Escrito por\" \/>\n\t<meta name=\"twitter:data1\" content=\"Redacci\u00f3n\" \/>\n\t<meta name=\"twitter:label2\" content=\"Tiempo de lectura\" \/>\n\t<meta name=\"twitter:data2\" content=\"1 minuto\" \/>\n<script type=\"application\/ld+json\" class=\"yoast-schema-graph\">{\"@context\":\"https:\\\/\\\/schema.org\",\"@graph\":[{\"@type\":\"Article\",\"@id\":\"https:\\\/\\\/fuentesfidedignas.com.mx\\\/index.php\\\/2022\\\/08\\\/12\\\/algunas-colonias-de-culiacan-podrian-quedarse-sin-agua-esta-tarde\\\/#article\",\"isPartOf\":{\"@id\":\"https:\\\/\\\/fuentesfidedignas.com.mx\\\/index.php\\\/2022\\\/08\\\/12\\\/algunas-colonias-de-culiacan-podrian-quedarse-sin-agua-esta-tarde\\\/\"},\"author\":{\"name\":\"Redacci\u00f3n\",\"@id\":\"https:\\\/\\\/fuentesfidedignas.com.mx\\\/#\\\/schema\\\/person\\\/331be9283d37198e2acd5750279085b0\"},\"headline\":\"Algunas colonias de Culiac\u00e1n podr\u00edan quedarse sin agua est\u00e1 tarde\",\"datePublished\":\"2022-08-12T15:17:51+00:00\",\"dateModified\":\"2022-08-12T15:24:24+00:00\",\"mainEntityOfPage\":{\"@id\":\"https:\\\/\\\/fuentesfidedignas.com.mx\\\/index.php\\\/2022\\\/08\\\/12\\\/algunas-colonias-de-culiacan-podrian-quedarse-sin-agua-esta-tarde\\\/\"},\"wordCount\":206,\"commentCount\":0,\"publisher\":{\"@id\":\"https:\\\/\\\/fuentesfidedignas.com.mx\\\/#organization\"},\"image\":{\"@id\":\"https:\\\/\\\/fuentesfidedignas.com.mx\\\/index.php\\\/2022\\\/08\\\/12\\\/algunas-colonias-de-culiacan-podrian-quedarse-sin-agua-esta-tarde\\\/#primaryimage\"},\"thumbnailUrl\":\"https:\\\/\\\/fuentesfidedignas.com.mx\\\/wp-content\\\/uploads\\\/2022\\\/08\\\/IMG-20220812-WA0001.jpg\",\"inLanguage\":\"es\",\"potentialAction\":[{\"@type\":\"CommentAction\",\"name\":\"Comment\",\"target\":[\"https:\\\/\\\/fuentesfidedignas.com.mx\\\/index.php\\\/2022\\\/08\\\/12\\\/algunas-colonias-de-culiacan-podrian-quedarse-sin-agua-esta-tarde\\\/#respond\"]}]},{\"@type\":\"WebPage\",\"@id\":\"https:\\\/\\\/fuentesfidedignas.com.mx\\\/index.php\\\/2022\\\/08\\\/12\\\/algunas-colonias-de-culiacan-podrian-quedarse-sin-agua-esta-tarde\\\/\",\"url\":\"https:\\\/\\\/fuentesfidedignas.com.mx\\\/index.php\\\/2022\\\/08\\\/12\\\/algunas-colonias-de-culiacan-podrian-quedarse-sin-agua-esta-tarde\\\/\",\"name\":\"Algunas colonias de Culiac\u00e1n podr\u00edan quedarse sin agua est\u00e1 tarde - Fuentes Fidedignas\",\"isPartOf\":{\"@id\":\"https:\\\/\\\/fuentesfidedignas.com.mx\\\/#website\"},\"primaryImageOfPage\":{\"@id\":\"https:\\\/\\\/fuentesfidedignas.com.mx\\\/index.php\\\/2022\\\/08\\\/12\\\/algunas-colonias-de-culiacan-podrian-quedarse-sin-agua-esta-tarde\\\/#primaryimage\"},\"image\":{\"@id\":\"https:\\\/\\\/fuentesfidedignas.com.mx\\\/index.php\\\/2022\\\/08\\\/12\\\/algunas-colonias-de-culiacan-podrian-quedarse-sin-agua-esta-tarde\\\/#primaryimage\"},\"thumbnailUrl\":\"https:\\\/\\\/fuentesfidedignas.com.mx\\\/wp-content\\\/uploads\\\/2022\\\/08\\\/IMG-20220812-WA0001.jpg\",\"datePublished\":\"2022-08-12T15:17:51+00:00\",\"dateModified\":\"2022-08-12T15:24:24+00:00\",\"breadcrumb\":{\"@id\":\"https:\\\/\\\/fuentesfidedignas.com.mx\\\/index.php\\\/2022\\\/08\\\/12\\\/algunas-colonias-de-culiacan-podrian-quedarse-sin-agua-esta-tarde\\\/#breadcrumb\"},\"inLanguage\":\"es\",\"potentialAction\":[{\"@type\":\"ReadAction\",\"target\":[\"https:\\\/\\\/fuentesfidedignas.com.mx\\\/index.php\\\/2022\\\/08\\\/12\\\/algunas-colonias-de-culiacan-podrian-quedarse-sin-agua-esta-tarde\\\/\"]}]},{\"@type\":\"ImageObject\",\"inLanguage\":\"es\",\"@id\":\"https:\\\/\\\/fuentesfidedignas.com.mx\\\/index.php\\\/2022\\\/08\\\/12\\\/algunas-colonias-de-culiacan-podrian-quedarse-sin-agua-esta-tarde\\\/#primaryimage\",\"url\":\"https:\\\/\\\/fuentesfidedignas.com.mx\\\/wp-content\\\/uploads\\\/2022\\\/08\\\/IMG-20220812-WA0001.jpg\",\"contentUrl\":\"https:\\\/\\\/fuentesfidedignas.com.mx\\\/wp-content\\\/uploads\\\/2022\\\/08\\\/IMG-20220812-WA0001.jpg\",\"width\":1280,\"height\":853},{\"@type\":\"BreadcrumbList\",\"@id\":\"https:\\\/\\\/fuentesfidedignas.com.mx\\\/index.php\\\/2022\\\/08\\\/12\\\/algunas-colonias-de-culiacan-podrian-quedarse-sin-agua-esta-tarde\\\/#breadcrumb\",\"itemListElement\":[{\"@type\":\"ListItem\",\"position\":1,\"name\":\"Inicio\",\"item\":\"https:\\\/\\\/fuentesfidedignas.com.mx\\\/\"},{\"@type\":\"ListItem\",\"position\":2,\"name\":\"Algunas colonias de Culiac\u00e1n podr\u00edan quedarse sin agua est\u00e1 tarde\"}]},{\"@type\":\"WebSite\",\"@id\":\"https:\\\/\\\/fuentesfidedignas.com.mx\\\/#website\",\"url\":\"https:\\\/\\\/fuentesfidedignas.com.mx\\\/\",\"name\":\"Fuentes Fidedignas\",\"description\":\"Otro sitio realizado con WordPress\",\"publisher\":{\"@id\":\"https:\\\/\\\/fuentesfidedignas.com.mx\\\/#organization\"},\"potentialAction\":[{\"@type\":\"SearchAction\",\"target\":{\"@type\":\"EntryPoint\",\"urlTemplate\":\"https:\\\/\\\/fuentesfidedignas.com.mx\\\/?s={search_term_string}\"},\"query-input\":{\"@type\":\"PropertyValueSpecification\",\"valueRequired\":true,\"valueName\":\"search_term_string\"}}],\"inLanguage\":\"es\"},{\"@type\":\"Organization\",\"@id\":\"https:\\\/\\\/fuentesfidedignas.com.mx\\\/#organization\",\"name\":\"Fuentes Fidedignas\",\"url\":\"https:\\\/\\\/fuentesfidedignas.com.mx\\\/\",\"logo\":{\"@type\":\"ImageObject\",\"inLanguage\":\"es\",\"@id\":\"https:\\\/\\\/fuentesfidedignas.com.mx\\\/#\\\/schema\\\/logo\\\/image\\\/\",\"url\":\"https:\\\/\\\/fuentesfidedignas.com.mx\\\/wp-content\\\/uploads\\\/2021\\\/04\\\/logo-retina.png\",\"contentUrl\":\"https:\\\/\\\/fuentesfidedignas.com.mx\\\/wp-content\\\/uploads\\\/2021\\\/04\\\/logo-retina.png\",\"width\":280,\"height\":51,\"caption\":\"Fuentes Fidedignas\"},\"image\":{\"@id\":\"https:\\\/\\\/fuentesfidedignas.com.mx\\\/#\\\/schema\\\/logo\\\/image\\\/\"},\"sameAs\":[\"https:\\\/\\\/www.facebook.com\\\/Fuentes-Fidedignas-368234489921644\",\"https:\\\/\\\/x.com\\\/fidedignas\"]},{\"@type\":\"Person\",\"@id\":\"https:\\\/\\\/fuentesfidedignas.com.mx\\\/#\\\/schema\\\/person\\\/331be9283d37198e2acd5750279085b0\",\"name\":\"Redacci\u00f3n\",\"image\":{\"@type\":\"ImageObject\",\"inLanguage\":\"es\",\"@id\":\"https:\\\/\\\/secure.gravatar.com\\\/avatar\\\/f6d8782c11d12b2d4ad3fbb6931aeab5309937a4d6cd2fc9cfaa28a6396a5aec?s=96&d=mm&r=g\",\"url\":\"https:\\\/\\\/secure.gravatar.com\\\/avatar\\\/f6d8782c11d12b2d4ad3fbb6931aeab5309937a4d6cd2fc9cfaa28a6396a5aec?s=96&d=mm&r=g\",\"contentUrl\":\"https:\\\/\\\/secure.gravatar.com\\\/avatar\\\/f6d8782c11d12b2d4ad3fbb6931aeab5309937a4d6cd2fc9cfaa28a6396a5aec?s=96&d=mm&r=g\",\"caption\":\"Redacci\u00f3n\"},\"url\":\"https:\\\/\\\/fuentesfidedignas.com.mx\\\/index.php\\\/author\\\/redaccion\\\/\"}]}<\/script>\n<!-- \/ Yoast SEO plugin. -->","yoast_head_json":{"title":"Algunas colonias de Culiac\u00e1n podr\u00edan quedarse sin agua est\u00e1 tarde - Fuentes Fidedignas","robots":{"index":"index","follow":"follow","max-snippet":"max-snippet:-1","max-image-preview":"max-image-preview:large","max-video-preview":"max-video-preview:-1"},"canonical":"https:\/\/fuentesfidedignas.com.mx\/index.php\/2022\/08\/12\/algunas-colonias-de-culiacan-podrian-quedarse-sin-agua-esta-tarde\/","og_locale":"es_MX","og_type":"article","og_title":"Algunas colonias de Culiac\u00e1n podr\u00edan quedarse sin agua est\u00e1 tarde - Fuentes Fidedignas","og_description":"Algunos sectores afectados ser\u00e1n la zona norte y nor oriente Culiac\u00e1n, Sin. Que las intensas lluvias presentadas anoche en la ciudad ocasionaron la llegada de agua muy revuelta al r\u00edo Tamazula, as\u00ed como los canales orientales y San Lorenzo. Por ello, personal operativo de la paramunicipal ha estado trabajando para lograr estabilizar los procesos de [&hellip;]","og_url":"https:\/\/fuentesfidedignas.com.mx\/index.php\/2022\/08\/12\/algunas-colonias-de-culiacan-podrian-quedarse-sin-agua-esta-tarde\/","og_site_name":"Fuentes Fidedignas","article_publisher":"https:\/\/www.facebook.com\/Fuentes-Fidedignas-368234489921644","article_published_time":"2022-08-12T15:17:51+00:00","article_modified_time":"2022-08-12T15:24:24+00:00","og_image":[{"width":1280,"height":853,"url":"https:\/\/fuentesfidedignas.com.mx\/wp-content\/uploads\/2022\/08\/IMG-20220812-WA0001.jpg","type":"image\/jpeg"}],"author":"Redacci\u00f3n","twitter_card":"summary_large_image","twitter_creator":"@fidedignas","twitter_site":"@fidedignas","twitter_misc":{"Escrito por":"Redacci\u00f3n","Tiempo de lectura":"1 minuto"},"schema":{"@context":"https:\/\/schema.org","@graph":[{"@type":"Article","@id":"https:\/\/fuentesfidedignas.com.mx\/index.php\/2022\/08\/12\/algunas-colonias-de-culiacan-podrian-quedarse-sin-agua-esta-tarde\/#article","isPartOf":{"@id":"https:\/\/fuentesfidedignas.com.mx\/index.php\/2022\/08\/12\/algunas-colonias-de-culiacan-podrian-quedarse-sin-agua-esta-tarde\/"},"author":{"name":"Redacci\u00f3n","@id":"https:\/\/fuentesfidedignas.com.mx\/#\/schema\/person\/331be9283d37198e2acd5750279085b0"},"headline":"Algunas colonias de Culiac\u00e1n podr\u00edan quedarse sin agua est\u00e1 tarde","datePublished":"2022-08-12T15:17:51+00:00","dateModified":"2022-08-12T15:24:24+00:00","mainEntityOfPage":{"@id":"https:\/\/fuentesfidedignas.com.mx\/index.php\/2022\/08\/12\/algunas-colonias-de-culiacan-podrian-quedarse-sin-agua-esta-tarde\/"},"wordCount":206,"commentCount":0,"publisher":{"@id":"https:\/\/fuentesfidedignas.com.mx\/#organization"},"image":{"@id":"https:\/\/fuentesfidedignas.com.mx\/index.php\/2022\/08\/12\/algunas-colonias-de-culiacan-podrian-quedarse-sin-agua-esta-tarde\/#primaryimage"},"thumbnailUrl":"https:\/\/fuentesfidedignas.com.mx\/wp-content\/uploads\/2022\/08\/IMG-20220812-WA0001.jpg","inLanguage":"es","potentialAction":[{"@type":"CommentAction","name":"Comment","target":["https:\/\/fuentesfidedignas.com.mx\/index.php\/2022\/08\/12\/algunas-colonias-de-culiacan-podrian-quedarse-sin-agua-esta-tarde\/#respond"]}]},{"@type":"WebPage","@id":"https:\/\/fuentesfidedignas.com.mx\/index.php\/2022\/08\/12\/algunas-colonias-de-culiacan-podrian-quedarse-sin-agua-esta-tarde\/","url":"https:\/\/fuentesfidedignas.com.mx\/index.php\/2022\/08\/12\/algunas-colonias-de-culiacan-podrian-quedarse-sin-agua-esta-tarde\/","name":"Algunas colonias de Culiac\u00e1n podr\u00edan quedarse sin agua est\u00e1 tarde - Fuentes Fidedignas","isPartOf":{"@id":"https:\/\/fuentesfidedignas.com.mx\/#website"},"primaryImageOfPage":{"@id":"https:\/\/fuentesfidedignas.com.mx\/index.php\/2022\/08\/12\/algunas-colonias-de-culiacan-podrian-quedarse-sin-agua-esta-tarde\/#primaryimage"},"image":{"@id":"https:\/\/fuentesfidedignas.com.mx\/index.php\/2022\/08\/12\/algunas-colonias-de-culiacan-podrian-quedarse-sin-agua-esta-tarde\/#primaryimage"},"thumbnailUrl":"https:\/\/fuentesfidedignas.com.mx\/wp-content\/uploads\/2022\/08\/IMG-20220812-WA0001.jpg","datePublished":"2022-08-12T15:17:51+00:00","dateModified":"2022-08-12T15:24:24+00:00","breadcrumb":{"@id":"https:\/\/fuentesfidedignas.com.mx\/index.php\/2022\/08\/12\/algunas-colonias-de-culiacan-podrian-quedarse-sin-agua-esta-tarde\/#breadcrumb"},"inLanguage":"es","potentialAction":[{"@type":"ReadAction","target":["https:\/\/fuentesfidedignas.com.mx\/index.php\/2022\/08\/12\/algunas-colonias-de-culiacan-podrian-quedarse-sin-agua-esta-tarde\/"]}]},{"@type":"ImageObject","inLanguage":"es","@id":"https:\/\/fuentesfidedignas.com.mx\/index.php\/2022\/08\/12\/algunas-colonias-de-culiacan-podrian-quedarse-sin-agua-esta-tarde\/#primaryimage","url":"https:\/\/fuentesfidedignas.com.mx\/wp-content\/uploads\/2022\/08\/IMG-20220812-WA0001.jpg","contentUrl":"https:\/\/fuentesfidedignas.com.mx\/wp-content\/uploads\/2022\/08\/IMG-20220812-WA0001.jpg","width":1280,"height":853},{"@type":"BreadcrumbList","@id":"https:\/\/fuentesfidedignas.com.mx\/index.php\/2022\/08\/12\/algunas-colonias-de-culiacan-podrian-quedarse-sin-agua-esta-tarde\/#breadcrumb","itemListElement":[{"@type":"ListItem","position":1,"name":"Inicio","item":"https:\/\/fuentesfidedignas.com.mx\/"},{"@type":"ListItem","position":2,"name":"Algunas colonias de Culiac\u00e1n podr\u00edan quedarse sin agua est\u00e1 tarde"}]},{"@type":"WebSite","@id":"https:\/\/fuentesfidedignas.com.mx\/#website","url":"https:\/\/fuentesfidedignas.com.mx\/","name":"Fuentes Fidedignas","description":"Otro sitio realizado con WordPress","publisher":{"@id":"https:\/\/fuentesfidedignas.com.mx\/#organization"},"potentialAction":[{"@type":"SearchAction","target":{"@type":"EntryPoint","urlTemplate":"https:\/\/fuentesfidedignas.com.mx\/?s={search_term_string}"},"query-input":{"@type":"PropertyValueSpecification","valueRequired":true,"valueName":"search_term_string"}}],"inLanguage":"es"},{"@type":"Organization","@id":"https:\/\/fuentesfidedignas.com.mx\/#organization","name":"Fuentes Fidedignas","url":"https:\/\/fuentesfidedignas.com.mx\/","logo":{"@type":"ImageObject","inLanguage":"es","@id":"https:\/\/fuentesfidedignas.com.mx\/#\/schema\/logo\/image\/","url":"https:\/\/fuentesfidedignas.com.mx\/wp-content\/uploads\/2021\/04\/logo-retina.png","contentUrl":"https:\/\/fuentesfidedignas.com.mx\/wp-content\/uploads\/2021\/04\/logo-retina.png","width":280,"height":51,"caption":"Fuentes Fidedignas"},"image":{"@id":"https:\/\/fuentesfidedignas.com.mx\/#\/schema\/logo\/image\/"},"sameAs":["https:\/\/www.facebook.com\/Fuentes-Fidedignas-368234489921644","https:\/\/x.com\/fidedignas"]},{"@type":"Person","@id":"https:\/\/fuentesfidedignas.com.mx\/#\/schema\/person\/331be9283d37198e2acd5750279085b0","name":"Redacci\u00f3n","image":{"@type":"ImageObject","inLanguage":"es","@id":"https:\/\/secure.gravatar.com\/avatar\/f6d8782c11d12b2d4ad3fbb6931aeab5309937a4d6cd2fc9cfaa28a6396a5aec?s=96&d=mm&r=g","url":"https:\/\/secure.gravatar.com\/avatar\/f6d8782c11d12b2d4ad3fbb6931aeab5309937a4d6cd2fc9cfaa28a6396a5aec?s=96&d=mm&r=g","contentUrl":"https:\/\/secure.gravatar.com\/avatar\/f6d8782c11d12b2d4ad3fbb6931aeab5309937a4d6cd2fc9cfaa28a6396a5aec?s=96&d=mm&r=g","caption":"Redacci\u00f3n"},"url":"https:\/\/fuentesfidedignas.com.mx\/index.php\/author\/redaccion\/"}]}},"_links":{"self":[{"href":"https:\/\/fuentesfidedignas.com.mx\/index.php\/wp-json\/wp\/v2\/posts\/39585","targetHints":{"allow":["GET"]}}],"collection":[{"href":"https:\/\/fuentesfidedignas.com.mx\/index.php\/wp-json\/wp\/v2\/posts"}],"about":[{"href":"https:\/\/fuentesfidedignas.com.mx\/index.php\/wp-json\/wp\/v2\/types\/post"}],"author":[{"embeddable":true,"href":"https:\/\/fuentesfidedignas.com.mx\/index.php\/wp-json\/wp\/v2\/users\/4"}],"replies":[{"embeddable":true,"href":"https:\/\/fuentesfidedignas.com.mx\/index.php\/wp-json\/wp\/v2\/comments?post=39585"}],"version-history":[{"count":1,"href":"https:\/\/fuentesfidedignas.com.mx\/index.php\/wp-json\/wp\/v2\/posts\/39585\/revisions"}],"predecessor-version":[{"id":39586,"href":"https:\/\/fuentesfidedignas.com.mx\/index.php\/wp-json\/wp\/v2\/posts\/39585\/revisions\/39586"}],"wp:featuredmedia":[{"embeddable":true,"href":"https:\/\/fuentesfidedignas.com.mx\/index.php\/wp-json\/wp\/v2\/media\/39587"}],"wp:attachment":[{"href":"https:\/\/fuentesfidedignas.com.mx\/index.php\/wp-json\/wp\/v2\/media?parent=39585"}],"wp:term":[{"taxonomy":"category","embeddable":true,"href":"https:\/\/fuentesfidedignas.com.mx\/index.php\/wp-json\/wp\/v2\/categories?post=39585"},{"taxonomy":"post_tag","embeddable":true,"href":"https:\/\/fuentesfidedignas.com.mx\/index.php\/wp-json\/wp\/v2\/tags?post=39585"}],"curies":[{"name":"wp","href":"https:\/\/api.w.org\/{rel}","templated":true}]}}