{"id":39561,"date":"2022-08-11T18:27:21","date_gmt":"2022-08-12T00:27:21","guid":{"rendered":"https:\/\/fuentesfidedignas.com.mx\/?p=39561"},"modified":"2022-08-11T19:16:25","modified_gmt":"2022-08-12T01:16:25","slug":"ahora-en-ciudad-juarez-reportan-tiendas-oxxo-quemadas-y-ataques-armados-tras-rina-en-penal","status":"publish","type":"post","link":"https:\/\/fuentesfidedignas.com.mx\/index.php\/2022\/08\/11\/ahora-en-ciudad-juarez-reportan-tiendas-oxxo-quemadas-y-ataques-armados-tras-rina-en-penal\/","title":{"rendered":"Ahora en Ciudad Ju\u00e1rez: reportan tiendas Oxxo quemadas y ataques armados tras ri\u00f1a en penal"},"content":{"rendered":"\n<p><strong><em>Estos hechos delictivos se comenzaron a registrar en diversos puntos de la frontera, luego de la ri\u00f1a registrada en el Cereso Estatal n\u00famero 3<\/em><\/strong><\/p>\n\n\n\n<p>Ciudad Ju\u00e1rez.- Tras la ri\u00f1a registrada en el Cereso Estatal n\u00famero 3 de Ciudad Ju\u00e1rez, se comenzaron a registrar la quema de varias tiendas Oxxo, as\u00ed como ataques armados en diversos puntos de la frontera.<\/p>\n\n\n\n<p>El primer hecho ocurri\u00f3 alrededor de las 4 de la tarde, cuando se report\u00f3 un ataque armado dentro de un Circle K en la colonia Reforma. El ataque ocurri\u00f3 en el cruce bulevar \u00d3scar Flores S\u00e1nchez esquina con Juan Escutia, de la colonia en menci\u00f3n.<\/p>\n\n\n\n<p>El primer reporte se\u00f1ala que en el cruce fueron atacados cuatro hombres despu\u00e9s de un asalto en el lugar, sin embargo, no se tienen datos de los responsables. De manera simult\u00e1nea, se inform\u00f3 la quema de al menos dos tiendas Oxxo en diversos puntos de la ciudad.<\/p>\n\n\n\n<p>Una de las tiendas quemadas se ubica en la calle Hiedra y Manuel J. Clouthier, donde aparentemente una persona result\u00f3 lesionada.<\/p>\n\n\n\n<figure class=\"wp-block-embed is-type-rich is-provider-twitter wp-block-embed-twitter\"><div class=\"wp-block-embed__wrapper\">\n<blockquote class=\"twitter-tweet\" data-width=\"550\" data-dnt=\"true\"><p lang=\"es\" dir=\"ltr\">En Ciudad Ju\u00e1rez, <a href=\"https:\/\/twitter.com\/hashtag\/Chihuahua?src=hash&amp;ref_src=twsrc%5Etfw\">#Chihuahua<\/a>, se reportan incendios de negocios, ataques armados en tiendas de conveniencia e incluso se localiz\u00f3 una cabeza humana; adem\u00e1s de que hace unas horas se registr\u00f3 una ri\u00f1a en el CERESO 3 <a href=\"https:\/\/t.co\/fvCFb20o7z\">pic.twitter.com\/fvCFb20o7z<\/a><\/p>&mdash; Azucena Uresti (@azucenau) <a href=\"https:\/\/twitter.com\/azucenau\/status\/1557886072960466944?ref_src=twsrc%5Etfw\">August 12, 2022<\/a><\/blockquote><script async src=\"https:\/\/platform.twitter.com\/widgets.js\" charset=\"utf-8\"><\/script>\n<\/div><\/figure>\n\n\n\n<p>Los ataques que se han registrado durante esta tarde en Ciudad Ju\u00e1rez han generado fuerte movilizaci\u00f3n policiaca en toda la localidad por elementos de los tres niveles de gobierno.<\/p>\n\n\n\n<p>Tambi\u00e9n se reportaron varios incendios de camiones y ataques armados que dejaron al menos un ejecutado en diversos puntos de Ciudad Ju\u00e1rez, ya que aparentemente se debe a una reacci\u00f3n de los grupos criminales tras la ri\u00f1a en el Cereso.<\/p>\n\n\n\n<p>Adem\u00e1s de estos hechos, al mismo tiempo en el que se report\u00f3 el ataque en el Cereso, fue encontrada una cabeza humana en el Camino Real de Ciudad Ju\u00e1rez.<\/p>\n\n\n\n<p>Durante la ma\u00f1ana el fiscal general en Chihuahua, Roberto Fierro Duarte, asegur\u00f3 que los ataques de los \u00faltimos d\u00edas en esta localidad, donde se han encontrado cuerpos desmembrados, tienen que ver con el reacomodo de los grupos armados que operan en el estado.<\/p>\n\n\n\n<p><\/p>\n","protected":false},"excerpt":{"rendered":"<p>Estos hechos delictivos se comenzaron a registrar en diversos puntos de la frontera, luego de la ri\u00f1a registrada en el Cereso Estatal n\u00famero 3 Ciudad Ju\u00e1rez.- Tras la ri\u00f1a registrada en el Cereso Estatal n\u00famero 3 de Ciudad Ju\u00e1rez, se comenzaron a registrar la quema de varias tiendas Oxxo, as\u00ed como ataques armados en diversos [&hellip;]<\/p>\n","protected":false},"author":39,"featured_media":39562,"comment_status":"open","ping_status":"open","sticky":false,"template":"","format":"standard","meta":{"tdm_status":"","tdm_grid_status":"","footnotes":""},"categories":[39],"tags":[],"class_list":{"0":"post-39561","1":"post","2":"type-post","3":"status-publish","4":"format-standard","5":"has-post-thumbnail","7":"category-noticias-nacionales"},"yoast_head":"<!-- This site is optimized with the Yoast SEO plugin v27.4 - https:\/\/yoast.com\/product\/yoast-seo-wordpress\/ -->\n<title>Ahora en Ciudad Ju\u00e1rez: reportan tiendas Oxxo quemadas y ataques armados tras ri\u00f1a en penal - Fuentes Fidedignas<\/title>\n<meta name=\"robots\" content=\"index, follow, max-snippet:-1, max-image-preview:large, max-video-preview:-1\" \/>\n<link rel=\"canonical\" href=\"https:\/\/fuentesfidedignas.com.mx\/index.php\/2022\/08\/11\/ahora-en-ciudad-juarez-reportan-tiendas-oxxo-quemadas-y-ataques-armados-tras-rina-en-penal\/\" \/>\n<meta property=\"og:locale\" content=\"es_MX\" \/>\n<meta property=\"og:type\" content=\"article\" \/>\n<meta property=\"og:title\" content=\"Ahora en Ciudad Ju\u00e1rez: reportan tiendas Oxxo quemadas y ataques armados tras ri\u00f1a en penal - Fuentes Fidedignas\" \/>\n<meta property=\"og:description\" content=\"Estos hechos delictivos se comenzaron a registrar en diversos puntos de la frontera, luego de la ri\u00f1a registrada en el Cereso Estatal n\u00famero 3 Ciudad Ju\u00e1rez.- Tras la ri\u00f1a registrada en el Cereso Estatal n\u00famero 3 de Ciudad Ju\u00e1rez, se comenzaron a registrar la quema de varias tiendas Oxxo, as\u00ed como ataques armados en diversos [&hellip;]\" \/>\n<meta property=\"og:url\" content=\"https:\/\/fuentesfidedignas.com.mx\/index.php\/2022\/08\/11\/ahora-en-ciudad-juarez-reportan-tiendas-oxxo-quemadas-y-ataques-armados-tras-rina-en-penal\/\" \/>\n<meta property=\"og:site_name\" content=\"Fuentes Fidedignas\" \/>\n<meta property=\"article:publisher\" content=\"https:\/\/www.facebook.com\/Fuentes-Fidedignas-368234489921644\" \/>\n<meta property=\"article:published_time\" content=\"2022-08-12T00:27:21+00:00\" \/>\n<meta property=\"article:modified_time\" content=\"2022-08-12T01:16:25+00:00\" \/>\n<meta property=\"og:image\" content=\"https:\/\/fuentesfidedignas.com.mx\/wp-content\/uploads\/2022\/08\/OXXO_QUEMADO.jpg\" \/>\n\t<meta property=\"og:image:width\" content=\"1327\" \/>\n\t<meta property=\"og:image:height\" content=\"787\" \/>\n\t<meta property=\"og:image:type\" content=\"image\/jpeg\" \/>\n<meta name=\"author\" content=\"El Universal\" \/>\n<meta name=\"twitter:card\" content=\"summary_large_image\" \/>\n<meta name=\"twitter:creator\" content=\"@fidedignas\" \/>\n<meta name=\"twitter:site\" content=\"@fidedignas\" \/>\n<meta name=\"twitter:label1\" content=\"Escrito por\" \/>\n\t<meta name=\"twitter:data1\" content=\"El Universal\" \/>\n\t<meta name=\"twitter:label2\" content=\"Tiempo de lectura\" \/>\n\t<meta name=\"twitter:data2\" content=\"2 minutos\" \/>\n<script type=\"application\/ld+json\" class=\"yoast-schema-graph\">{\"@context\":\"https:\\\/\\\/schema.org\",\"@graph\":[{\"@type\":\"Article\",\"@id\":\"https:\\\/\\\/fuentesfidedignas.com.mx\\\/index.php\\\/2022\\\/08\\\/11\\\/ahora-en-ciudad-juarez-reportan-tiendas-oxxo-quemadas-y-ataques-armados-tras-rina-en-penal\\\/#article\",\"isPartOf\":{\"@id\":\"https:\\\/\\\/fuentesfidedignas.com.mx\\\/index.php\\\/2022\\\/08\\\/11\\\/ahora-en-ciudad-juarez-reportan-tiendas-oxxo-quemadas-y-ataques-armados-tras-rina-en-penal\\\/\"},\"author\":{\"name\":\"El Universal\",\"@id\":\"https:\\\/\\\/fuentesfidedignas.com.mx\\\/#\\\/schema\\\/person\\\/fee3882e65fd0510d292c43a346d35d7\"},\"headline\":\"Ahora en Ciudad Ju\u00e1rez: reportan tiendas Oxxo quemadas y ataques armados tras ri\u00f1a en penal\",\"datePublished\":\"2022-08-12T00:27:21+00:00\",\"dateModified\":\"2022-08-12T01:16:25+00:00\",\"mainEntityOfPage\":{\"@id\":\"https:\\\/\\\/fuentesfidedignas.com.mx\\\/index.php\\\/2022\\\/08\\\/11\\\/ahora-en-ciudad-juarez-reportan-tiendas-oxxo-quemadas-y-ataques-armados-tras-rina-en-penal\\\/\"},\"wordCount\":354,\"commentCount\":0,\"publisher\":{\"@id\":\"https:\\\/\\\/fuentesfidedignas.com.mx\\\/#organization\"},\"image\":{\"@id\":\"https:\\\/\\\/fuentesfidedignas.com.mx\\\/index.php\\\/2022\\\/08\\\/11\\\/ahora-en-ciudad-juarez-reportan-tiendas-oxxo-quemadas-y-ataques-armados-tras-rina-en-penal\\\/#primaryimage\"},\"thumbnailUrl\":\"https:\\\/\\\/fuentesfidedignas.com.mx\\\/wp-content\\\/uploads\\\/2022\\\/08\\\/OXXO_QUEMADO.jpg\",\"articleSection\":[\"NOTICIAS NACIONALES\"],\"inLanguage\":\"es\",\"potentialAction\":[{\"@type\":\"CommentAction\",\"name\":\"Comment\",\"target\":[\"https:\\\/\\\/fuentesfidedignas.com.mx\\\/index.php\\\/2022\\\/08\\\/11\\\/ahora-en-ciudad-juarez-reportan-tiendas-oxxo-quemadas-y-ataques-armados-tras-rina-en-penal\\\/#respond\"]}]},{\"@type\":\"WebPage\",\"@id\":\"https:\\\/\\\/fuentesfidedignas.com.mx\\\/index.php\\\/2022\\\/08\\\/11\\\/ahora-en-ciudad-juarez-reportan-tiendas-oxxo-quemadas-y-ataques-armados-tras-rina-en-penal\\\/\",\"url\":\"https:\\\/\\\/fuentesfidedignas.com.mx\\\/index.php\\\/2022\\\/08\\\/11\\\/ahora-en-ciudad-juarez-reportan-tiendas-oxxo-quemadas-y-ataques-armados-tras-rina-en-penal\\\/\",\"name\":\"Ahora en Ciudad Ju\u00e1rez: reportan tiendas Oxxo quemadas y ataques armados tras ri\u00f1a en penal - Fuentes Fidedignas\",\"isPartOf\":{\"@id\":\"https:\\\/\\\/fuentesfidedignas.com.mx\\\/#website\"},\"primaryImageOfPage\":{\"@id\":\"https:\\\/\\\/fuentesfidedignas.com.mx\\\/index.php\\\/2022\\\/08\\\/11\\\/ahora-en-ciudad-juarez-reportan-tiendas-oxxo-quemadas-y-ataques-armados-tras-rina-en-penal\\\/#primaryimage\"},\"image\":{\"@id\":\"https:\\\/\\\/fuentesfidedignas.com.mx\\\/index.php\\\/2022\\\/08\\\/11\\\/ahora-en-ciudad-juarez-reportan-tiendas-oxxo-quemadas-y-ataques-armados-tras-rina-en-penal\\\/#primaryimage\"},\"thumbnailUrl\":\"https:\\\/\\\/fuentesfidedignas.com.mx\\\/wp-content\\\/uploads\\\/2022\\\/08\\\/OXXO_QUEMADO.jpg\",\"datePublished\":\"2022-08-12T00:27:21+00:00\",\"dateModified\":\"2022-08-12T01:16:25+00:00\",\"breadcrumb\":{\"@id\":\"https:\\\/\\\/fuentesfidedignas.com.mx\\\/index.php\\\/2022\\\/08\\\/11\\\/ahora-en-ciudad-juarez-reportan-tiendas-oxxo-quemadas-y-ataques-armados-tras-rina-en-penal\\\/#breadcrumb\"},\"inLanguage\":\"es\",\"potentialAction\":[{\"@type\":\"ReadAction\",\"target\":[\"https:\\\/\\\/fuentesfidedignas.com.mx\\\/index.php\\\/2022\\\/08\\\/11\\\/ahora-en-ciudad-juarez-reportan-tiendas-oxxo-quemadas-y-ataques-armados-tras-rina-en-penal\\\/\"]}]},{\"@type\":\"ImageObject\",\"inLanguage\":\"es\",\"@id\":\"https:\\\/\\\/fuentesfidedignas.com.mx\\\/index.php\\\/2022\\\/08\\\/11\\\/ahora-en-ciudad-juarez-reportan-tiendas-oxxo-quemadas-y-ataques-armados-tras-rina-en-penal\\\/#primaryimage\",\"url\":\"https:\\\/\\\/fuentesfidedignas.com.mx\\\/wp-content\\\/uploads\\\/2022\\\/08\\\/OXXO_QUEMADO.jpg\",\"contentUrl\":\"https:\\\/\\\/fuentesfidedignas.com.mx\\\/wp-content\\\/uploads\\\/2022\\\/08\\\/OXXO_QUEMADO.jpg\",\"width\":1327,\"height\":787},{\"@type\":\"BreadcrumbList\",\"@id\":\"https:\\\/\\\/fuentesfidedignas.com.mx\\\/index.php\\\/2022\\\/08\\\/11\\\/ahora-en-ciudad-juarez-reportan-tiendas-oxxo-quemadas-y-ataques-armados-tras-rina-en-penal\\\/#breadcrumb\",\"itemListElement\":[{\"@type\":\"ListItem\",\"position\":1,\"name\":\"Inicio\",\"item\":\"https:\\\/\\\/fuentesfidedignas.com.mx\\\/\"},{\"@type\":\"ListItem\",\"position\":2,\"name\":\"Ahora en Ciudad Ju\u00e1rez: reportan tiendas Oxxo quemadas y ataques armados tras ri\u00f1a en penal\"}]},{\"@type\":\"WebSite\",\"@id\":\"https:\\\/\\\/fuentesfidedignas.com.mx\\\/#website\",\"url\":\"https:\\\/\\\/fuentesfidedignas.com.mx\\\/\",\"name\":\"Fuentes Fidedignas\",\"description\":\"Otro sitio realizado con WordPress\",\"publisher\":{\"@id\":\"https:\\\/\\\/fuentesfidedignas.com.mx\\\/#organization\"},\"potentialAction\":[{\"@type\":\"SearchAction\",\"target\":{\"@type\":\"EntryPoint\",\"urlTemplate\":\"https:\\\/\\\/fuentesfidedignas.com.mx\\\/?s={search_term_string}\"},\"query-input\":{\"@type\":\"PropertyValueSpecification\",\"valueRequired\":true,\"valueName\":\"search_term_string\"}}],\"inLanguage\":\"es\"},{\"@type\":\"Organization\",\"@id\":\"https:\\\/\\\/fuentesfidedignas.com.mx\\\/#organization\",\"name\":\"Fuentes Fidedignas\",\"url\":\"https:\\\/\\\/fuentesfidedignas.com.mx\\\/\",\"logo\":{\"@type\":\"ImageObject\",\"inLanguage\":\"es\",\"@id\":\"https:\\\/\\\/fuentesfidedignas.com.mx\\\/#\\\/schema\\\/logo\\\/image\\\/\",\"url\":\"https:\\\/\\\/fuentesfidedignas.com.mx\\\/wp-content\\\/uploads\\\/2021\\\/04\\\/logo-retina.png\",\"contentUrl\":\"https:\\\/\\\/fuentesfidedignas.com.mx\\\/wp-content\\\/uploads\\\/2021\\\/04\\\/logo-retina.png\",\"width\":280,\"height\":51,\"caption\":\"Fuentes Fidedignas\"},\"image\":{\"@id\":\"https:\\\/\\\/fuentesfidedignas.com.mx\\\/#\\\/schema\\\/logo\\\/image\\\/\"},\"sameAs\":[\"https:\\\/\\\/www.facebook.com\\\/Fuentes-Fidedignas-368234489921644\",\"https:\\\/\\\/x.com\\\/fidedignas\"]},{\"@type\":\"Person\",\"@id\":\"https:\\\/\\\/fuentesfidedignas.com.mx\\\/#\\\/schema\\\/person\\\/fee3882e65fd0510d292c43a346d35d7\",\"name\":\"El Universal\",\"image\":{\"@type\":\"ImageObject\",\"inLanguage\":\"es\",\"@id\":\"https:\\\/\\\/secure.gravatar.com\\\/avatar\\\/1ebc94d82b6c3c081781f73e5b76a0d0c1ac7bf8e57426f18802246eeaa2747c?s=96&d=mm&r=g\",\"url\":\"https:\\\/\\\/secure.gravatar.com\\\/avatar\\\/1ebc94d82b6c3c081781f73e5b76a0d0c1ac7bf8e57426f18802246eeaa2747c?s=96&d=mm&r=g\",\"contentUrl\":\"https:\\\/\\\/secure.gravatar.com\\\/avatar\\\/1ebc94d82b6c3c081781f73e5b76a0d0c1ac7bf8e57426f18802246eeaa2747c?s=96&d=mm&r=g\",\"caption\":\"El Universal\"},\"url\":\"https:\\\/\\\/fuentesfidedignas.com.mx\\\/index.php\\\/author\\\/el-universal\\\/\"}]}<\/script>\n<!-- \/ Yoast SEO plugin. -->","yoast_head_json":{"title":"Ahora en Ciudad Ju\u00e1rez: reportan tiendas Oxxo quemadas y ataques armados tras ri\u00f1a en penal - Fuentes Fidedignas","robots":{"index":"index","follow":"follow","max-snippet":"max-snippet:-1","max-image-preview":"max-image-preview:large","max-video-preview":"max-video-preview:-1"},"canonical":"https:\/\/fuentesfidedignas.com.mx\/index.php\/2022\/08\/11\/ahora-en-ciudad-juarez-reportan-tiendas-oxxo-quemadas-y-ataques-armados-tras-rina-en-penal\/","og_locale":"es_MX","og_type":"article","og_title":"Ahora en Ciudad Ju\u00e1rez: reportan tiendas Oxxo quemadas y ataques armados tras ri\u00f1a en penal - Fuentes Fidedignas","og_description":"Estos hechos delictivos se comenzaron a registrar en diversos puntos de la frontera, luego de la ri\u00f1a registrada en el Cereso Estatal n\u00famero 3 Ciudad Ju\u00e1rez.- Tras la ri\u00f1a registrada en el Cereso Estatal n\u00famero 3 de Ciudad Ju\u00e1rez, se comenzaron a registrar la quema de varias tiendas Oxxo, as\u00ed como ataques armados en diversos [&hellip;]","og_url":"https:\/\/fuentesfidedignas.com.mx\/index.php\/2022\/08\/11\/ahora-en-ciudad-juarez-reportan-tiendas-oxxo-quemadas-y-ataques-armados-tras-rina-en-penal\/","og_site_name":"Fuentes Fidedignas","article_publisher":"https:\/\/www.facebook.com\/Fuentes-Fidedignas-368234489921644","article_published_time":"2022-08-12T00:27:21+00:00","article_modified_time":"2022-08-12T01:16:25+00:00","og_image":[{"width":1327,"height":787,"url":"https:\/\/fuentesfidedignas.com.mx\/wp-content\/uploads\/2022\/08\/OXXO_QUEMADO.jpg","type":"image\/jpeg"}],"author":"El Universal","twitter_card":"summary_large_image","twitter_creator":"@fidedignas","twitter_site":"@fidedignas","twitter_misc":{"Escrito por":"El Universal","Tiempo de lectura":"2 minutos"},"schema":{"@context":"https:\/\/schema.org","@graph":[{"@type":"Article","@id":"https:\/\/fuentesfidedignas.com.mx\/index.php\/2022\/08\/11\/ahora-en-ciudad-juarez-reportan-tiendas-oxxo-quemadas-y-ataques-armados-tras-rina-en-penal\/#article","isPartOf":{"@id":"https:\/\/fuentesfidedignas.com.mx\/index.php\/2022\/08\/11\/ahora-en-ciudad-juarez-reportan-tiendas-oxxo-quemadas-y-ataques-armados-tras-rina-en-penal\/"},"author":{"name":"El Universal","@id":"https:\/\/fuentesfidedignas.com.mx\/#\/schema\/person\/fee3882e65fd0510d292c43a346d35d7"},"headline":"Ahora en Ciudad Ju\u00e1rez: reportan tiendas Oxxo quemadas y ataques armados tras ri\u00f1a en penal","datePublished":"2022-08-12T00:27:21+00:00","dateModified":"2022-08-12T01:16:25+00:00","mainEntityOfPage":{"@id":"https:\/\/fuentesfidedignas.com.mx\/index.php\/2022\/08\/11\/ahora-en-ciudad-juarez-reportan-tiendas-oxxo-quemadas-y-ataques-armados-tras-rina-en-penal\/"},"wordCount":354,"commentCount":0,"publisher":{"@id":"https:\/\/fuentesfidedignas.com.mx\/#organization"},"image":{"@id":"https:\/\/fuentesfidedignas.com.mx\/index.php\/2022\/08\/11\/ahora-en-ciudad-juarez-reportan-tiendas-oxxo-quemadas-y-ataques-armados-tras-rina-en-penal\/#primaryimage"},"thumbnailUrl":"https:\/\/fuentesfidedignas.com.mx\/wp-content\/uploads\/2022\/08\/OXXO_QUEMADO.jpg","articleSection":["NOTICIAS NACIONALES"],"inLanguage":"es","potentialAction":[{"@type":"CommentAction","name":"Comment","target":["https:\/\/fuentesfidedignas.com.mx\/index.php\/2022\/08\/11\/ahora-en-ciudad-juarez-reportan-tiendas-oxxo-quemadas-y-ataques-armados-tras-rina-en-penal\/#respond"]}]},{"@type":"WebPage","@id":"https:\/\/fuentesfidedignas.com.mx\/index.php\/2022\/08\/11\/ahora-en-ciudad-juarez-reportan-tiendas-oxxo-quemadas-y-ataques-armados-tras-rina-en-penal\/","url":"https:\/\/fuentesfidedignas.com.mx\/index.php\/2022\/08\/11\/ahora-en-ciudad-juarez-reportan-tiendas-oxxo-quemadas-y-ataques-armados-tras-rina-en-penal\/","name":"Ahora en Ciudad Ju\u00e1rez: reportan tiendas Oxxo quemadas y ataques armados tras ri\u00f1a en penal - Fuentes Fidedignas","isPartOf":{"@id":"https:\/\/fuentesfidedignas.com.mx\/#website"},"primaryImageOfPage":{"@id":"https:\/\/fuentesfidedignas.com.mx\/index.php\/2022\/08\/11\/ahora-en-ciudad-juarez-reportan-tiendas-oxxo-quemadas-y-ataques-armados-tras-rina-en-penal\/#primaryimage"},"image":{"@id":"https:\/\/fuentesfidedignas.com.mx\/index.php\/2022\/08\/11\/ahora-en-ciudad-juarez-reportan-tiendas-oxxo-quemadas-y-ataques-armados-tras-rina-en-penal\/#primaryimage"},"thumbnailUrl":"https:\/\/fuentesfidedignas.com.mx\/wp-content\/uploads\/2022\/08\/OXXO_QUEMADO.jpg","datePublished":"2022-08-12T00:27:21+00:00","dateModified":"2022-08-12T01:16:25+00:00","breadcrumb":{"@id":"https:\/\/fuentesfidedignas.com.mx\/index.php\/2022\/08\/11\/ahora-en-ciudad-juarez-reportan-tiendas-oxxo-quemadas-y-ataques-armados-tras-rina-en-penal\/#breadcrumb"},"inLanguage":"es","potentialAction":[{"@type":"ReadAction","target":["https:\/\/fuentesfidedignas.com.mx\/index.php\/2022\/08\/11\/ahora-en-ciudad-juarez-reportan-tiendas-oxxo-quemadas-y-ataques-armados-tras-rina-en-penal\/"]}]},{"@type":"ImageObject","inLanguage":"es","@id":"https:\/\/fuentesfidedignas.com.mx\/index.php\/2022\/08\/11\/ahora-en-ciudad-juarez-reportan-tiendas-oxxo-quemadas-y-ataques-armados-tras-rina-en-penal\/#primaryimage","url":"https:\/\/fuentesfidedignas.com.mx\/wp-content\/uploads\/2022\/08\/OXXO_QUEMADO.jpg","contentUrl":"https:\/\/fuentesfidedignas.com.mx\/wp-content\/uploads\/2022\/08\/OXXO_QUEMADO.jpg","width":1327,"height":787},{"@type":"BreadcrumbList","@id":"https:\/\/fuentesfidedignas.com.mx\/index.php\/2022\/08\/11\/ahora-en-ciudad-juarez-reportan-tiendas-oxxo-quemadas-y-ataques-armados-tras-rina-en-penal\/#breadcrumb","itemListElement":[{"@type":"ListItem","position":1,"name":"Inicio","item":"https:\/\/fuentesfidedignas.com.mx\/"},{"@type":"ListItem","position":2,"name":"Ahora en Ciudad Ju\u00e1rez: reportan tiendas Oxxo quemadas y ataques armados tras ri\u00f1a en penal"}]},{"@type":"WebSite","@id":"https:\/\/fuentesfidedignas.com.mx\/#website","url":"https:\/\/fuentesfidedignas.com.mx\/","name":"Fuentes Fidedignas","description":"Otro sitio realizado con WordPress","publisher":{"@id":"https:\/\/fuentesfidedignas.com.mx\/#organization"},"potentialAction":[{"@type":"SearchAction","target":{"@type":"EntryPoint","urlTemplate":"https:\/\/fuentesfidedignas.com.mx\/?s={search_term_string}"},"query-input":{"@type":"PropertyValueSpecification","valueRequired":true,"valueName":"search_term_string"}}],"inLanguage":"es"},{"@type":"Organization","@id":"https:\/\/fuentesfidedignas.com.mx\/#organization","name":"Fuentes Fidedignas","url":"https:\/\/fuentesfidedignas.com.mx\/","logo":{"@type":"ImageObject","inLanguage":"es","@id":"https:\/\/fuentesfidedignas.com.mx\/#\/schema\/logo\/image\/","url":"https:\/\/fuentesfidedignas.com.mx\/wp-content\/uploads\/2021\/04\/logo-retina.png","contentUrl":"https:\/\/fuentesfidedignas.com.mx\/wp-content\/uploads\/2021\/04\/logo-retina.png","width":280,"height":51,"caption":"Fuentes Fidedignas"},"image":{"@id":"https:\/\/fuentesfidedignas.com.mx\/#\/schema\/logo\/image\/"},"sameAs":["https:\/\/www.facebook.com\/Fuentes-Fidedignas-368234489921644","https:\/\/x.com\/fidedignas"]},{"@type":"Person","@id":"https:\/\/fuentesfidedignas.com.mx\/#\/schema\/person\/fee3882e65fd0510d292c43a346d35d7","name":"El Universal","image":{"@type":"ImageObject","inLanguage":"es","@id":"https:\/\/secure.gravatar.com\/avatar\/1ebc94d82b6c3c081781f73e5b76a0d0c1ac7bf8e57426f18802246eeaa2747c?s=96&d=mm&r=g","url":"https:\/\/secure.gravatar.com\/avatar\/1ebc94d82b6c3c081781f73e5b76a0d0c1ac7bf8e57426f18802246eeaa2747c?s=96&d=mm&r=g","contentUrl":"https:\/\/secure.gravatar.com\/avatar\/1ebc94d82b6c3c081781f73e5b76a0d0c1ac7bf8e57426f18802246eeaa2747c?s=96&d=mm&r=g","caption":"El Universal"},"url":"https:\/\/fuentesfidedignas.com.mx\/index.php\/author\/el-universal\/"}]}},"_links":{"self":[{"href":"https:\/\/fuentesfidedignas.com.mx\/index.php\/wp-json\/wp\/v2\/posts\/39561","targetHints":{"allow":["GET"]}}],"collection":[{"href":"https:\/\/fuentesfidedignas.com.mx\/index.php\/wp-json\/wp\/v2\/posts"}],"about":[{"href":"https:\/\/fuentesfidedignas.com.mx\/index.php\/wp-json\/wp\/v2\/types\/post"}],"author":[{"embeddable":true,"href":"https:\/\/fuentesfidedignas.com.mx\/index.php\/wp-json\/wp\/v2\/users\/39"}],"replies":[{"embeddable":true,"href":"https:\/\/fuentesfidedignas.com.mx\/index.php\/wp-json\/wp\/v2\/comments?post=39561"}],"version-history":[{"count":2,"href":"https:\/\/fuentesfidedignas.com.mx\/index.php\/wp-json\/wp\/v2\/posts\/39561\/revisions"}],"predecessor-version":[{"id":39564,"href":"https:\/\/fuentesfidedignas.com.mx\/index.php\/wp-json\/wp\/v2\/posts\/39561\/revisions\/39564"}],"wp:featuredmedia":[{"embeddable":true,"href":"https:\/\/fuentesfidedignas.com.mx\/index.php\/wp-json\/wp\/v2\/media\/39562"}],"wp:attachment":[{"href":"https:\/\/fuentesfidedignas.com.mx\/index.php\/wp-json\/wp\/v2\/media?parent=39561"}],"wp:term":[{"taxonomy":"category","embeddable":true,"href":"https:\/\/fuentesfidedignas.com.mx\/index.php\/wp-json\/wp\/v2\/categories?post=39561"},{"taxonomy":"post_tag","embeddable":true,"href":"https:\/\/fuentesfidedignas.com.mx\/index.php\/wp-json\/wp\/v2\/tags?post=39561"}],"curies":[{"name":"wp","href":"https:\/\/api.w.org\/{rel}","templated":true}]}}