{"id":39544,"date":"2022-08-11T13:23:13","date_gmt":"2022-08-11T19:23:13","guid":{"rendered":"https:\/\/fuentesfidedignas.com.mx\/?p=39544"},"modified":"2022-08-11T19:25:18","modified_gmt":"2022-08-12T01:25:18","slug":"aun-no-te-vacunas-mira-a-donde-puedes-acudir-y-cual-recibirias","status":"publish","type":"post","link":"https:\/\/fuentesfidedignas.com.mx\/index.php\/2022\/08\/11\/aun-no-te-vacunas-mira-a-donde-puedes-acudir-y-cual-recibirias\/","title":{"rendered":"\u00bfA\u00fan no te vacunas? Mira a d\u00f3nde puedes acudir y cu\u00e1l recibir\u00edas"},"content":{"rendered":"\n<p><strong><em>Este viernes terminar\u00e1 la jornada semanal, las cuales de reanudan de forma constante <\/em><\/strong><\/p>\n\n\n\n<p>Culiac\u00e1n, Sin.- Las jornadas de vacunaci\u00f3n contra el Covid-19 contin\u00faan en diferentes puntos de Culiac\u00e1n y otros municipios del estado.<\/p>\n\n\n\n<p>Se est\u00e1n aplicando primeras, segundas dosis y refuerzo Cansino para personas de 18 a\u00f1os en adelante; mientras que Pfizer es aplicada a menores de edad, a partir de los cinco a\u00f1os.<\/p>\n\n\n\n<p>A estos puntos puedes acudir:<\/p>\n\n\n\n<figure class=\"wp-block-image size-large\"><img decoding=\"async\" width=\"1024\" height=\"1024\" src=\"https:\/\/fuentesfidedignas.com.mx\/wp-content\/uploads\/2022\/08\/vacu2-1024x1024.jpg\" alt=\"\" class=\"wp-image-39551\" srcset=\"https:\/\/fuentesfidedignas.com.mx\/wp-content\/uploads\/2022\/08\/vacu2-1024x1024.jpg 1024w, https:\/\/fuentesfidedignas.com.mx\/wp-content\/uploads\/2022\/08\/vacu2-300x300.jpg 300w, https:\/\/fuentesfidedignas.com.mx\/wp-content\/uploads\/2022\/08\/vacu2-150x150.jpg 150w, https:\/\/fuentesfidedignas.com.mx\/wp-content\/uploads\/2022\/08\/vacu2-768x768.jpg 768w, https:\/\/fuentesfidedignas.com.mx\/wp-content\/uploads\/2022\/08\/vacu2-696x696.jpg 696w, https:\/\/fuentesfidedignas.com.mx\/wp-content\/uploads\/2022\/08\/vacu2-1068x1068.jpg 1068w, https:\/\/fuentesfidedignas.com.mx\/wp-content\/uploads\/2022\/08\/vacu2-420x420.jpg 420w, https:\/\/fuentesfidedignas.com.mx\/wp-content\/uploads\/2022\/08\/vacu2-70x70.jpg 70w, https:\/\/fuentesfidedignas.com.mx\/wp-content\/uploads\/2022\/08\/vacu2.jpg 1080w\" sizes=\"(max-width: 1024px) 100vw, 1024px\" \/><\/figure>\n","protected":false},"excerpt":{"rendered":"<p>Este viernes terminar\u00e1 la jornada semanal, las cuales de reanudan de forma constante Culiac\u00e1n, Sin.- Las jornadas de vacunaci\u00f3n contra el Covid-19 contin\u00faan en diferentes puntos de Culiac\u00e1n y otros municipios del estado. Se est\u00e1n aplicando primeras, segundas dosis y refuerzo Cansino para personas de 18 a\u00f1os en adelante; mientras que Pfizer es aplicada a [&hellip;]<\/p>\n","protected":false},"author":112,"featured_media":39566,"comment_status":"open","ping_status":"open","sticky":false,"template":"","format":"standard","meta":{"tdm_status":"","tdm_grid_status":"","footnotes":""},"categories":[38],"tags":[332,59,416],"class_list":{"0":"post-39544","1":"post","2":"type-post","3":"status-publish","4":"format-standard","5":"has-post-thumbnail","7":"category-noticias-locales","8":"tag-coronavirus","9":"tag-covid-19","10":"tag-sars-cov-2"},"yoast_head":"<!-- This site is optimized with the Yoast SEO plugin v27.5 - https:\/\/yoast.com\/product\/yoast-seo-wordpress\/ -->\n<title>\u00bfA\u00fan no te vacunas? Mira a d\u00f3nde puedes acudir y cu\u00e1l recibir\u00edas - Fuentes Fidedignas<\/title>\n<meta name=\"robots\" content=\"index, follow, max-snippet:-1, max-image-preview:large, max-video-preview:-1\" \/>\n<link rel=\"canonical\" href=\"https:\/\/fuentesfidedignas.com.mx\/index.php\/2022\/08\/11\/aun-no-te-vacunas-mira-a-donde-puedes-acudir-y-cual-recibirias\/\" \/>\n<meta property=\"og:locale\" content=\"es_MX\" \/>\n<meta property=\"og:type\" content=\"article\" \/>\n<meta property=\"og:title\" content=\"\u00bfA\u00fan no te vacunas? Mira a d\u00f3nde puedes acudir y cu\u00e1l recibir\u00edas - Fuentes Fidedignas\" \/>\n<meta property=\"og:description\" content=\"Este viernes terminar\u00e1 la jornada semanal, las cuales de reanudan de forma constante Culiac\u00e1n, Sin.- Las jornadas de vacunaci\u00f3n contra el Covid-19 contin\u00faan en diferentes puntos de Culiac\u00e1n y otros municipios del estado. Se est\u00e1n aplicando primeras, segundas dosis y refuerzo Cansino para personas de 18 a\u00f1os en adelante; mientras que Pfizer es aplicada a [&hellip;]\" \/>\n<meta property=\"og:url\" content=\"https:\/\/fuentesfidedignas.com.mx\/index.php\/2022\/08\/11\/aun-no-te-vacunas-mira-a-donde-puedes-acudir-y-cual-recibirias\/\" \/>\n<meta property=\"og:site_name\" content=\"Fuentes Fidedignas\" \/>\n<meta property=\"article:publisher\" content=\"https:\/\/www.facebook.com\/Fuentes-Fidedignas-368234489921644\" \/>\n<meta property=\"article:published_time\" content=\"2022-08-11T19:23:13+00:00\" \/>\n<meta property=\"article:modified_time\" content=\"2022-08-12T01:25:18+00:00\" \/>\n<meta property=\"og:image\" content=\"https:\/\/fuentesfidedignas.com.mx\/wp-content\/uploads\/2022\/08\/image_editor_output_image-102696074-1660267494923.jpg\" \/>\n\t<meta property=\"og:image:width\" content=\"970\" \/>\n\t<meta property=\"og:image:height\" content=\"717\" \/>\n\t<meta property=\"og:image:type\" content=\"image\/jpeg\" \/>\n<meta name=\"author\" content=\"Leonardo Gutierrez\" \/>\n<meta name=\"twitter:card\" content=\"summary_large_image\" \/>\n<meta name=\"twitter:creator\" content=\"@fidedignas\" \/>\n<meta name=\"twitter:site\" content=\"@fidedignas\" \/>\n<meta name=\"twitter:label1\" content=\"Escrito por\" \/>\n\t<meta name=\"twitter:data1\" content=\"Leonardo Gutierrez\" \/>\n\t<meta name=\"twitter:label2\" content=\"Tiempo de lectura\" \/>\n\t<meta name=\"twitter:data2\" content=\"1 minuto\" \/>\n<script type=\"application\/ld+json\" class=\"yoast-schema-graph\">{\"@context\":\"https:\\\/\\\/schema.org\",\"@graph\":[{\"@type\":\"Article\",\"@id\":\"https:\\\/\\\/fuentesfidedignas.com.mx\\\/index.php\\\/2022\\\/08\\\/11\\\/aun-no-te-vacunas-mira-a-donde-puedes-acudir-y-cual-recibirias\\\/#article\",\"isPartOf\":{\"@id\":\"https:\\\/\\\/fuentesfidedignas.com.mx\\\/index.php\\\/2022\\\/08\\\/11\\\/aun-no-te-vacunas-mira-a-donde-puedes-acudir-y-cual-recibirias\\\/\"},\"author\":{\"name\":\"Leonardo Gutierrez\",\"@id\":\"https:\\\/\\\/fuentesfidedignas.com.mx\\\/#\\\/schema\\\/person\\\/c77df25c00baae1d4fdc0340db6f364c\"},\"headline\":\"\u00bfA\u00fan no te vacunas? Mira a d\u00f3nde puedes acudir y cu\u00e1l recibir\u00edas\",\"datePublished\":\"2022-08-11T19:23:13+00:00\",\"dateModified\":\"2022-08-12T01:25:18+00:00\",\"mainEntityOfPage\":{\"@id\":\"https:\\\/\\\/fuentesfidedignas.com.mx\\\/index.php\\\/2022\\\/08\\\/11\\\/aun-no-te-vacunas-mira-a-donde-puedes-acudir-y-cual-recibirias\\\/\"},\"wordCount\":92,\"commentCount\":0,\"publisher\":{\"@id\":\"https:\\\/\\\/fuentesfidedignas.com.mx\\\/#organization\"},\"image\":{\"@id\":\"https:\\\/\\\/fuentesfidedignas.com.mx\\\/index.php\\\/2022\\\/08\\\/11\\\/aun-no-te-vacunas-mira-a-donde-puedes-acudir-y-cual-recibirias\\\/#primaryimage\"},\"thumbnailUrl\":\"https:\\\/\\\/fuentesfidedignas.com.mx\\\/wp-content\\\/uploads\\\/2022\\\/08\\\/image_editor_output_image-102696074-1660267494923.jpg\",\"keywords\":[\"Coronavirus\",\"Covid-19\",\"SARS-CoV-2\"],\"articleSection\":[\"NOTICIAS LOCALES\"],\"inLanguage\":\"es\",\"potentialAction\":[{\"@type\":\"CommentAction\",\"name\":\"Comment\",\"target\":[\"https:\\\/\\\/fuentesfidedignas.com.mx\\\/index.php\\\/2022\\\/08\\\/11\\\/aun-no-te-vacunas-mira-a-donde-puedes-acudir-y-cual-recibirias\\\/#respond\"]}]},{\"@type\":\"WebPage\",\"@id\":\"https:\\\/\\\/fuentesfidedignas.com.mx\\\/index.php\\\/2022\\\/08\\\/11\\\/aun-no-te-vacunas-mira-a-donde-puedes-acudir-y-cual-recibirias\\\/\",\"url\":\"https:\\\/\\\/fuentesfidedignas.com.mx\\\/index.php\\\/2022\\\/08\\\/11\\\/aun-no-te-vacunas-mira-a-donde-puedes-acudir-y-cual-recibirias\\\/\",\"name\":\"\u00bfA\u00fan no te vacunas? Mira a d\u00f3nde puedes acudir y cu\u00e1l recibir\u00edas - Fuentes Fidedignas\",\"isPartOf\":{\"@id\":\"https:\\\/\\\/fuentesfidedignas.com.mx\\\/#website\"},\"primaryImageOfPage\":{\"@id\":\"https:\\\/\\\/fuentesfidedignas.com.mx\\\/index.php\\\/2022\\\/08\\\/11\\\/aun-no-te-vacunas-mira-a-donde-puedes-acudir-y-cual-recibirias\\\/#primaryimage\"},\"image\":{\"@id\":\"https:\\\/\\\/fuentesfidedignas.com.mx\\\/index.php\\\/2022\\\/08\\\/11\\\/aun-no-te-vacunas-mira-a-donde-puedes-acudir-y-cual-recibirias\\\/#primaryimage\"},\"thumbnailUrl\":\"https:\\\/\\\/fuentesfidedignas.com.mx\\\/wp-content\\\/uploads\\\/2022\\\/08\\\/image_editor_output_image-102696074-1660267494923.jpg\",\"datePublished\":\"2022-08-11T19:23:13+00:00\",\"dateModified\":\"2022-08-12T01:25:18+00:00\",\"breadcrumb\":{\"@id\":\"https:\\\/\\\/fuentesfidedignas.com.mx\\\/index.php\\\/2022\\\/08\\\/11\\\/aun-no-te-vacunas-mira-a-donde-puedes-acudir-y-cual-recibirias\\\/#breadcrumb\"},\"inLanguage\":\"es\",\"potentialAction\":[{\"@type\":\"ReadAction\",\"target\":[\"https:\\\/\\\/fuentesfidedignas.com.mx\\\/index.php\\\/2022\\\/08\\\/11\\\/aun-no-te-vacunas-mira-a-donde-puedes-acudir-y-cual-recibirias\\\/\"]}]},{\"@type\":\"ImageObject\",\"inLanguage\":\"es\",\"@id\":\"https:\\\/\\\/fuentesfidedignas.com.mx\\\/index.php\\\/2022\\\/08\\\/11\\\/aun-no-te-vacunas-mira-a-donde-puedes-acudir-y-cual-recibirias\\\/#primaryimage\",\"url\":\"https:\\\/\\\/fuentesfidedignas.com.mx\\\/wp-content\\\/uploads\\\/2022\\\/08\\\/image_editor_output_image-102696074-1660267494923.jpg\",\"contentUrl\":\"https:\\\/\\\/fuentesfidedignas.com.mx\\\/wp-content\\\/uploads\\\/2022\\\/08\\\/image_editor_output_image-102696074-1660267494923.jpg\",\"width\":970,\"height\":717},{\"@type\":\"BreadcrumbList\",\"@id\":\"https:\\\/\\\/fuentesfidedignas.com.mx\\\/index.php\\\/2022\\\/08\\\/11\\\/aun-no-te-vacunas-mira-a-donde-puedes-acudir-y-cual-recibirias\\\/#breadcrumb\",\"itemListElement\":[{\"@type\":\"ListItem\",\"position\":1,\"name\":\"Inicio\",\"item\":\"https:\\\/\\\/fuentesfidedignas.com.mx\\\/\"},{\"@type\":\"ListItem\",\"position\":2,\"name\":\"\u00bfA\u00fan no te vacunas? Mira a d\u00f3nde puedes acudir y cu\u00e1l recibir\u00edas\"}]},{\"@type\":\"WebSite\",\"@id\":\"https:\\\/\\\/fuentesfidedignas.com.mx\\\/#website\",\"url\":\"https:\\\/\\\/fuentesfidedignas.com.mx\\\/\",\"name\":\"Fuentes Fidedignas\",\"description\":\"Otro sitio realizado con WordPress\",\"publisher\":{\"@id\":\"https:\\\/\\\/fuentesfidedignas.com.mx\\\/#organization\"},\"potentialAction\":[{\"@type\":\"SearchAction\",\"target\":{\"@type\":\"EntryPoint\",\"urlTemplate\":\"https:\\\/\\\/fuentesfidedignas.com.mx\\\/?s={search_term_string}\"},\"query-input\":{\"@type\":\"PropertyValueSpecification\",\"valueRequired\":true,\"valueName\":\"search_term_string\"}}],\"inLanguage\":\"es\"},{\"@type\":\"Organization\",\"@id\":\"https:\\\/\\\/fuentesfidedignas.com.mx\\\/#organization\",\"name\":\"Fuentes Fidedignas\",\"url\":\"https:\\\/\\\/fuentesfidedignas.com.mx\\\/\",\"logo\":{\"@type\":\"ImageObject\",\"inLanguage\":\"es\",\"@id\":\"https:\\\/\\\/fuentesfidedignas.com.mx\\\/#\\\/schema\\\/logo\\\/image\\\/\",\"url\":\"https:\\\/\\\/fuentesfidedignas.com.mx\\\/wp-content\\\/uploads\\\/2021\\\/04\\\/logo-retina.png\",\"contentUrl\":\"https:\\\/\\\/fuentesfidedignas.com.mx\\\/wp-content\\\/uploads\\\/2021\\\/04\\\/logo-retina.png\",\"width\":280,\"height\":51,\"caption\":\"Fuentes Fidedignas\"},\"image\":{\"@id\":\"https:\\\/\\\/fuentesfidedignas.com.mx\\\/#\\\/schema\\\/logo\\\/image\\\/\"},\"sameAs\":[\"https:\\\/\\\/www.facebook.com\\\/Fuentes-Fidedignas-368234489921644\",\"https:\\\/\\\/x.com\\\/fidedignas\"]},{\"@type\":\"Person\",\"@id\":\"https:\\\/\\\/fuentesfidedignas.com.mx\\\/#\\\/schema\\\/person\\\/c77df25c00baae1d4fdc0340db6f364c\",\"name\":\"Leonardo Gutierrez\",\"image\":{\"@type\":\"ImageObject\",\"inLanguage\":\"es\",\"@id\":\"https:\\\/\\\/secure.gravatar.com\\\/avatar\\\/17b13a7a986cc98ca4d7337340bcac5945cbae677961c354aefb3c7962c8cc1f?s=96&d=mm&r=g\",\"url\":\"https:\\\/\\\/secure.gravatar.com\\\/avatar\\\/17b13a7a986cc98ca4d7337340bcac5945cbae677961c354aefb3c7962c8cc1f?s=96&d=mm&r=g\",\"contentUrl\":\"https:\\\/\\\/secure.gravatar.com\\\/avatar\\\/17b13a7a986cc98ca4d7337340bcac5945cbae677961c354aefb3c7962c8cc1f?s=96&d=mm&r=g\",\"caption\":\"Leonardo Gutierrez\"},\"url\":\"https:\\\/\\\/fuentesfidedignas.com.mx\\\/index.php\\\/author\\\/leonardogut\\\/\"}]}<\/script>\n<!-- \/ Yoast SEO plugin. -->","yoast_head_json":{"title":"\u00bfA\u00fan no te vacunas? Mira a d\u00f3nde puedes acudir y cu\u00e1l recibir\u00edas - Fuentes Fidedignas","robots":{"index":"index","follow":"follow","max-snippet":"max-snippet:-1","max-image-preview":"max-image-preview:large","max-video-preview":"max-video-preview:-1"},"canonical":"https:\/\/fuentesfidedignas.com.mx\/index.php\/2022\/08\/11\/aun-no-te-vacunas-mira-a-donde-puedes-acudir-y-cual-recibirias\/","og_locale":"es_MX","og_type":"article","og_title":"\u00bfA\u00fan no te vacunas? Mira a d\u00f3nde puedes acudir y cu\u00e1l recibir\u00edas - Fuentes Fidedignas","og_description":"Este viernes terminar\u00e1 la jornada semanal, las cuales de reanudan de forma constante Culiac\u00e1n, Sin.- Las jornadas de vacunaci\u00f3n contra el Covid-19 contin\u00faan en diferentes puntos de Culiac\u00e1n y otros municipios del estado. Se est\u00e1n aplicando primeras, segundas dosis y refuerzo Cansino para personas de 18 a\u00f1os en adelante; mientras que Pfizer es aplicada a [&hellip;]","og_url":"https:\/\/fuentesfidedignas.com.mx\/index.php\/2022\/08\/11\/aun-no-te-vacunas-mira-a-donde-puedes-acudir-y-cual-recibirias\/","og_site_name":"Fuentes Fidedignas","article_publisher":"https:\/\/www.facebook.com\/Fuentes-Fidedignas-368234489921644","article_published_time":"2022-08-11T19:23:13+00:00","article_modified_time":"2022-08-12T01:25:18+00:00","og_image":[{"width":970,"height":717,"url":"https:\/\/fuentesfidedignas.com.mx\/wp-content\/uploads\/2022\/08\/image_editor_output_image-102696074-1660267494923.jpg","type":"image\/jpeg"}],"author":"Leonardo Gutierrez","twitter_card":"summary_large_image","twitter_creator":"@fidedignas","twitter_site":"@fidedignas","twitter_misc":{"Escrito por":"Leonardo Gutierrez","Tiempo de lectura":"1 minuto"},"schema":{"@context":"https:\/\/schema.org","@graph":[{"@type":"Article","@id":"https:\/\/fuentesfidedignas.com.mx\/index.php\/2022\/08\/11\/aun-no-te-vacunas-mira-a-donde-puedes-acudir-y-cual-recibirias\/#article","isPartOf":{"@id":"https:\/\/fuentesfidedignas.com.mx\/index.php\/2022\/08\/11\/aun-no-te-vacunas-mira-a-donde-puedes-acudir-y-cual-recibirias\/"},"author":{"name":"Leonardo Gutierrez","@id":"https:\/\/fuentesfidedignas.com.mx\/#\/schema\/person\/c77df25c00baae1d4fdc0340db6f364c"},"headline":"\u00bfA\u00fan no te vacunas? Mira a d\u00f3nde puedes acudir y cu\u00e1l recibir\u00edas","datePublished":"2022-08-11T19:23:13+00:00","dateModified":"2022-08-12T01:25:18+00:00","mainEntityOfPage":{"@id":"https:\/\/fuentesfidedignas.com.mx\/index.php\/2022\/08\/11\/aun-no-te-vacunas-mira-a-donde-puedes-acudir-y-cual-recibirias\/"},"wordCount":92,"commentCount":0,"publisher":{"@id":"https:\/\/fuentesfidedignas.com.mx\/#organization"},"image":{"@id":"https:\/\/fuentesfidedignas.com.mx\/index.php\/2022\/08\/11\/aun-no-te-vacunas-mira-a-donde-puedes-acudir-y-cual-recibirias\/#primaryimage"},"thumbnailUrl":"https:\/\/fuentesfidedignas.com.mx\/wp-content\/uploads\/2022\/08\/image_editor_output_image-102696074-1660267494923.jpg","keywords":["Coronavirus","Covid-19","SARS-CoV-2"],"articleSection":["NOTICIAS LOCALES"],"inLanguage":"es","potentialAction":[{"@type":"CommentAction","name":"Comment","target":["https:\/\/fuentesfidedignas.com.mx\/index.php\/2022\/08\/11\/aun-no-te-vacunas-mira-a-donde-puedes-acudir-y-cual-recibirias\/#respond"]}]},{"@type":"WebPage","@id":"https:\/\/fuentesfidedignas.com.mx\/index.php\/2022\/08\/11\/aun-no-te-vacunas-mira-a-donde-puedes-acudir-y-cual-recibirias\/","url":"https:\/\/fuentesfidedignas.com.mx\/index.php\/2022\/08\/11\/aun-no-te-vacunas-mira-a-donde-puedes-acudir-y-cual-recibirias\/","name":"\u00bfA\u00fan no te vacunas? Mira a d\u00f3nde puedes acudir y cu\u00e1l recibir\u00edas - Fuentes Fidedignas","isPartOf":{"@id":"https:\/\/fuentesfidedignas.com.mx\/#website"},"primaryImageOfPage":{"@id":"https:\/\/fuentesfidedignas.com.mx\/index.php\/2022\/08\/11\/aun-no-te-vacunas-mira-a-donde-puedes-acudir-y-cual-recibirias\/#primaryimage"},"image":{"@id":"https:\/\/fuentesfidedignas.com.mx\/index.php\/2022\/08\/11\/aun-no-te-vacunas-mira-a-donde-puedes-acudir-y-cual-recibirias\/#primaryimage"},"thumbnailUrl":"https:\/\/fuentesfidedignas.com.mx\/wp-content\/uploads\/2022\/08\/image_editor_output_image-102696074-1660267494923.jpg","datePublished":"2022-08-11T19:23:13+00:00","dateModified":"2022-08-12T01:25:18+00:00","breadcrumb":{"@id":"https:\/\/fuentesfidedignas.com.mx\/index.php\/2022\/08\/11\/aun-no-te-vacunas-mira-a-donde-puedes-acudir-y-cual-recibirias\/#breadcrumb"},"inLanguage":"es","potentialAction":[{"@type":"ReadAction","target":["https:\/\/fuentesfidedignas.com.mx\/index.php\/2022\/08\/11\/aun-no-te-vacunas-mira-a-donde-puedes-acudir-y-cual-recibirias\/"]}]},{"@type":"ImageObject","inLanguage":"es","@id":"https:\/\/fuentesfidedignas.com.mx\/index.php\/2022\/08\/11\/aun-no-te-vacunas-mira-a-donde-puedes-acudir-y-cual-recibirias\/#primaryimage","url":"https:\/\/fuentesfidedignas.com.mx\/wp-content\/uploads\/2022\/08\/image_editor_output_image-102696074-1660267494923.jpg","contentUrl":"https:\/\/fuentesfidedignas.com.mx\/wp-content\/uploads\/2022\/08\/image_editor_output_image-102696074-1660267494923.jpg","width":970,"height":717},{"@type":"BreadcrumbList","@id":"https:\/\/fuentesfidedignas.com.mx\/index.php\/2022\/08\/11\/aun-no-te-vacunas-mira-a-donde-puedes-acudir-y-cual-recibirias\/#breadcrumb","itemListElement":[{"@type":"ListItem","position":1,"name":"Inicio","item":"https:\/\/fuentesfidedignas.com.mx\/"},{"@type":"ListItem","position":2,"name":"\u00bfA\u00fan no te vacunas? Mira a d\u00f3nde puedes acudir y cu\u00e1l recibir\u00edas"}]},{"@type":"WebSite","@id":"https:\/\/fuentesfidedignas.com.mx\/#website","url":"https:\/\/fuentesfidedignas.com.mx\/","name":"Fuentes Fidedignas","description":"Otro sitio realizado con WordPress","publisher":{"@id":"https:\/\/fuentesfidedignas.com.mx\/#organization"},"potentialAction":[{"@type":"SearchAction","target":{"@type":"EntryPoint","urlTemplate":"https:\/\/fuentesfidedignas.com.mx\/?s={search_term_string}"},"query-input":{"@type":"PropertyValueSpecification","valueRequired":true,"valueName":"search_term_string"}}],"inLanguage":"es"},{"@type":"Organization","@id":"https:\/\/fuentesfidedignas.com.mx\/#organization","name":"Fuentes Fidedignas","url":"https:\/\/fuentesfidedignas.com.mx\/","logo":{"@type":"ImageObject","inLanguage":"es","@id":"https:\/\/fuentesfidedignas.com.mx\/#\/schema\/logo\/image\/","url":"https:\/\/fuentesfidedignas.com.mx\/wp-content\/uploads\/2021\/04\/logo-retina.png","contentUrl":"https:\/\/fuentesfidedignas.com.mx\/wp-content\/uploads\/2021\/04\/logo-retina.png","width":280,"height":51,"caption":"Fuentes Fidedignas"},"image":{"@id":"https:\/\/fuentesfidedignas.com.mx\/#\/schema\/logo\/image\/"},"sameAs":["https:\/\/www.facebook.com\/Fuentes-Fidedignas-368234489921644","https:\/\/x.com\/fidedignas"]},{"@type":"Person","@id":"https:\/\/fuentesfidedignas.com.mx\/#\/schema\/person\/c77df25c00baae1d4fdc0340db6f364c","name":"Leonardo Gutierrez","image":{"@type":"ImageObject","inLanguage":"es","@id":"https:\/\/secure.gravatar.com\/avatar\/17b13a7a986cc98ca4d7337340bcac5945cbae677961c354aefb3c7962c8cc1f?s=96&d=mm&r=g","url":"https:\/\/secure.gravatar.com\/avatar\/17b13a7a986cc98ca4d7337340bcac5945cbae677961c354aefb3c7962c8cc1f?s=96&d=mm&r=g","contentUrl":"https:\/\/secure.gravatar.com\/avatar\/17b13a7a986cc98ca4d7337340bcac5945cbae677961c354aefb3c7962c8cc1f?s=96&d=mm&r=g","caption":"Leonardo Gutierrez"},"url":"https:\/\/fuentesfidedignas.com.mx\/index.php\/author\/leonardogut\/"}]}},"_links":{"self":[{"href":"https:\/\/fuentesfidedignas.com.mx\/index.php\/wp-json\/wp\/v2\/posts\/39544","targetHints":{"allow":["GET"]}}],"collection":[{"href":"https:\/\/fuentesfidedignas.com.mx\/index.php\/wp-json\/wp\/v2\/posts"}],"about":[{"href":"https:\/\/fuentesfidedignas.com.mx\/index.php\/wp-json\/wp\/v2\/types\/post"}],"author":[{"embeddable":true,"href":"https:\/\/fuentesfidedignas.com.mx\/index.php\/wp-json\/wp\/v2\/users\/112"}],"replies":[{"embeddable":true,"href":"https:\/\/fuentesfidedignas.com.mx\/index.php\/wp-json\/wp\/v2\/comments?post=39544"}],"version-history":[{"count":1,"href":"https:\/\/fuentesfidedignas.com.mx\/index.php\/wp-json\/wp\/v2\/posts\/39544\/revisions"}],"predecessor-version":[{"id":39565,"href":"https:\/\/fuentesfidedignas.com.mx\/index.php\/wp-json\/wp\/v2\/posts\/39544\/revisions\/39565"}],"wp:featuredmedia":[{"embeddable":true,"href":"https:\/\/fuentesfidedignas.com.mx\/index.php\/wp-json\/wp\/v2\/media\/39566"}],"wp:attachment":[{"href":"https:\/\/fuentesfidedignas.com.mx\/index.php\/wp-json\/wp\/v2\/media?parent=39544"}],"wp:term":[{"taxonomy":"category","embeddable":true,"href":"https:\/\/fuentesfidedignas.com.mx\/index.php\/wp-json\/wp\/v2\/categories?post=39544"},{"taxonomy":"post_tag","embeddable":true,"href":"https:\/\/fuentesfidedignas.com.mx\/index.php\/wp-json\/wp\/v2\/tags?post=39544"}],"curies":[{"name":"wp","href":"https:\/\/api.w.org\/{rel}","templated":true}]}}