{"id":3943,"date":"2021-06-03T09:05:44","date_gmt":"2021-06-03T16:05:44","guid":{"rendered":"https:\/\/fuentesfidedignas.com.mx\/?p=3943"},"modified":"2021-06-03T09:07:50","modified_gmt":"2021-06-03T16:07:50","slug":"joven-eldoradense-necesita-tu-apoyo-para-participar-en-concurso-de-belleza-nacional","status":"publish","type":"post","link":"https:\/\/fuentesfidedignas.com.mx\/index.php\/2021\/06\/03\/joven-eldoradense-necesita-tu-apoyo-para-participar-en-concurso-de-belleza-nacional\/","title":{"rendered":"Joven eldoradense necesita tu apoyo para participar en concurso de belleza nacional"},"content":{"rendered":"\n<figure class=\"wp-block-embed is-type-video is-provider-youtube wp-block-embed-youtube wp-embed-aspect-16-9 wp-has-aspect-ratio\"><div class=\"wp-block-embed__wrapper\">\n<div class=\"youtube-embed\" data-video_id=\"aaM9unU9GOk\"><iframe loading=\"lazy\" title=\"Joven eldoradense necesita tu apoyo para participar en concurso de belleza nacional\" width=\"696\" height=\"392\" src=\"https:\/\/www.youtube.com\/embed\/aaM9unU9GOk?feature=oembed&#038;enablejsapi=1\" frameborder=\"0\" allow=\"accelerometer; autoplay; clipboard-write; encrypted-media; gyroscope; picture-in-picture\" allowfullscreen><\/iframe><\/div>\n<\/div><\/figure>\n\n\n\n<p><strong><em>Invita a Pasarela para recaudar fondos para poder solventar los gastos que implica su concentraci\u00f3n en Tamaulipas.<\/em><\/strong><\/p>\n\n\n\n<p>Eldorado, Culiac\u00e1n, Sin.- La joven eldoradense Wendalyn Torres, quien es la Embajadora de Sinaloa necesita del apoyo de los sinaloenses para poder asistir a la concentraci\u00f3n de un concurso de belleza nacional que se llevar\u00e1 a cabo en el estado de Tamaulipas del 13 al 18 de septiembre del a\u00f1o en curso.<\/p>\n\n\n\n<p>Para lo anterior est\u00e1n preparando un evento para recaudar fondos para poder solventar los gastos que requiere para su participaci\u00f3n en dicho evento, es decir hospedaje, vestido, maquillaje, transporte, entre otros gastos.<\/p>\n\n\n\n<p>&#8220;Es un evento para poder recaudar fondos para el d\u00eda de mi concentraci\u00f3n&#8221;<\/p>\n\n\n\n<figure class=\"wp-block-image size-large\"><img decoding=\"async\" width=\"658\" height=\"1024\" src=\"https:\/\/fuentesfidedignas.com.mx\/wp-content\/uploads\/2021\/06\/PHOTO-2021-05-29-10-11-06-658x1024.jpg\" alt=\"\" class=\"wp-image-3952\" srcset=\"https:\/\/fuentesfidedignas.com.mx\/wp-content\/uploads\/2021\/06\/PHOTO-2021-05-29-10-11-06-658x1024.jpg 658w, https:\/\/fuentesfidedignas.com.mx\/wp-content\/uploads\/2021\/06\/PHOTO-2021-05-29-10-11-06-193x300.jpg 193w, https:\/\/fuentesfidedignas.com.mx\/wp-content\/uploads\/2021\/06\/PHOTO-2021-05-29-10-11-06-768x1195.jpg 768w, https:\/\/fuentesfidedignas.com.mx\/wp-content\/uploads\/2021\/06\/PHOTO-2021-05-29-10-11-06-696x1083.jpg 696w, https:\/\/fuentesfidedignas.com.mx\/wp-content\/uploads\/2021\/06\/PHOTO-2021-05-29-10-11-06-270x420.jpg 270w, https:\/\/fuentesfidedignas.com.mx\/wp-content\/uploads\/2021\/06\/PHOTO-2021-05-29-10-11-06.jpg 822w\" sizes=\"(max-width: 658px) 100vw, 658px\" \/><\/figure>\n\n\n\n<p>Se trata de una Pasarela que se realizar\u00e1 el pr\u00f3ximo <strong>s\u00e1bado 5 de junio en el conocido Jard\u00edn Dorado<\/strong>, iniciar\u00e1 a las 5:00 p.m. con un desfile organizado por boutiques locales y patrocinadores al cual le seguir\u00e1 una fiesta denominada Escarlata.<\/p>\n\n\n\n<p>El costo de preventa es de 100 pesos, para m\u00e1s informaci\u00f3n puedes comunicarte al 66-74-04-00-50.<\/p>\n\n\n\n<p><\/p>\n","protected":false},"excerpt":{"rendered":"<p>Invita a Pasarela para recaudar fondos para poder solventar los gastos que implica su concentraci\u00f3n en Tamaulipas. Eldorado, Culiac\u00e1n, Sin.- La joven eldoradense Wendalyn Torres, quien es la Embajadora de Sinaloa necesita del apoyo de los sinaloenses para poder asistir a la concentraci\u00f3n de un concurso de belleza nacional que se llevar\u00e1 a cabo en [&hellip;]<\/p>\n","protected":false},"author":10,"featured_media":3951,"comment_status":"open","ping_status":"open","sticky":true,"template":"","format":"video","meta":{"tdm_status":"","tdm_grid_status":"","footnotes":""},"categories":[307],"tags":[188,54,619],"class_list":{"0":"post-3943","1":"post","2":"type-post","3":"status-publish","4":"format-video","5":"has-post-thumbnail","7":"category-ruleteando","8":"tag-eldorado","9":"tag-tamaulipas","10":"tag-wendalyn-torres","11":"post_format-post-format-video"},"yoast_head":"<!-- This site is optimized with the Yoast SEO plugin v27.5 - https:\/\/yoast.com\/product\/yoast-seo-wordpress\/ -->\n<title>Joven eldoradense necesita tu apoyo para participar en concurso de belleza nacional - Fuentes Fidedignas<\/title>\n<meta name=\"robots\" content=\"index, follow, max-snippet:-1, max-image-preview:large, max-video-preview:-1\" \/>\n<link rel=\"canonical\" href=\"https:\/\/fuentesfidedignas.com.mx\/index.php\/2021\/06\/03\/joven-eldoradense-necesita-tu-apoyo-para-participar-en-concurso-de-belleza-nacional\/\" \/>\n<meta property=\"og:locale\" content=\"es_MX\" \/>\n<meta property=\"og:type\" content=\"article\" \/>\n<meta property=\"og:title\" content=\"Joven eldoradense necesita tu apoyo para participar en concurso de belleza nacional - Fuentes Fidedignas\" \/>\n<meta property=\"og:description\" content=\"Invita a Pasarela para recaudar fondos para poder solventar los gastos que implica su concentraci\u00f3n en Tamaulipas. Eldorado, Culiac\u00e1n, Sin.- La joven eldoradense Wendalyn Torres, quien es la Embajadora de Sinaloa necesita del apoyo de los sinaloenses para poder asistir a la concentraci\u00f3n de un concurso de belleza nacional que se llevar\u00e1 a cabo en [&hellip;]\" \/>\n<meta property=\"og:url\" content=\"https:\/\/fuentesfidedignas.com.mx\/index.php\/2021\/06\/03\/joven-eldoradense-necesita-tu-apoyo-para-participar-en-concurso-de-belleza-nacional\/\" \/>\n<meta property=\"og:site_name\" content=\"Fuentes Fidedignas\" \/>\n<meta property=\"article:publisher\" content=\"https:\/\/www.facebook.com\/Fuentes-Fidedignas-368234489921644\" \/>\n<meta property=\"article:published_time\" content=\"2021-06-03T16:05:44+00:00\" \/>\n<meta property=\"article:modified_time\" content=\"2021-06-03T16:07:50+00:00\" \/>\n<meta property=\"og:image\" content=\"https:\/\/fuentesfidedignas.com.mx\/wp-content\/uploads\/2021\/06\/wendalyn.png\" \/>\n\t<meta property=\"og:image:width\" content=\"1406\" \/>\n\t<meta property=\"og:image:height\" content=\"815\" \/>\n\t<meta property=\"og:image:type\" content=\"image\/png\" \/>\n<meta name=\"author\" content=\"\u00c1ngeles Jacobo\" \/>\n<meta name=\"twitter:card\" content=\"summary_large_image\" \/>\n<meta name=\"twitter:creator\" content=\"@fidedignas\" \/>\n<meta name=\"twitter:site\" content=\"@fidedignas\" \/>\n<meta name=\"twitter:label1\" content=\"Escrito por\" \/>\n\t<meta name=\"twitter:data1\" content=\"\u00c1ngeles Jacobo\" \/>\n\t<meta name=\"twitter:label2\" content=\"Tiempo de lectura\" \/>\n\t<meta name=\"twitter:data2\" content=\"1 minuto\" \/>\n<script type=\"application\/ld+json\" class=\"yoast-schema-graph\">{\"@context\":\"https:\\\/\\\/schema.org\",\"@graph\":[{\"@type\":\"Article\",\"@id\":\"https:\\\/\\\/fuentesfidedignas.com.mx\\\/index.php\\\/2021\\\/06\\\/03\\\/joven-eldoradense-necesita-tu-apoyo-para-participar-en-concurso-de-belleza-nacional\\\/#article\",\"isPartOf\":{\"@id\":\"https:\\\/\\\/fuentesfidedignas.com.mx\\\/index.php\\\/2021\\\/06\\\/03\\\/joven-eldoradense-necesita-tu-apoyo-para-participar-en-concurso-de-belleza-nacional\\\/\"},\"author\":{\"name\":\"\u00c1ngeles Jacobo\",\"@id\":\"https:\\\/\\\/fuentesfidedignas.com.mx\\\/#\\\/schema\\\/person\\\/14a50152858ee497bc8b002149f5cca7\"},\"headline\":\"Joven eldoradense necesita tu apoyo para participar en concurso de belleza nacional\",\"datePublished\":\"2021-06-03T16:05:44+00:00\",\"dateModified\":\"2021-06-03T16:07:50+00:00\",\"mainEntityOfPage\":{\"@id\":\"https:\\\/\\\/fuentesfidedignas.com.mx\\\/index.php\\\/2021\\\/06\\\/03\\\/joven-eldoradense-necesita-tu-apoyo-para-participar-en-concurso-de-belleza-nacional\\\/\"},\"wordCount\":204,\"commentCount\":0,\"publisher\":{\"@id\":\"https:\\\/\\\/fuentesfidedignas.com.mx\\\/#organization\"},\"image\":{\"@id\":\"https:\\\/\\\/fuentesfidedignas.com.mx\\\/index.php\\\/2021\\\/06\\\/03\\\/joven-eldoradense-necesita-tu-apoyo-para-participar-en-concurso-de-belleza-nacional\\\/#primaryimage\"},\"thumbnailUrl\":\"https:\\\/\\\/fuentesfidedignas.com.mx\\\/wp-content\\\/uploads\\\/2021\\\/06\\\/wendalyn.png\",\"keywords\":[\"Eldorado\",\"Tamaulipas\",\"Wendalyn Torres\"],\"articleSection\":[\"RULETEANDO\"],\"inLanguage\":\"es\",\"potentialAction\":[{\"@type\":\"CommentAction\",\"name\":\"Comment\",\"target\":[\"https:\\\/\\\/fuentesfidedignas.com.mx\\\/index.php\\\/2021\\\/06\\\/03\\\/joven-eldoradense-necesita-tu-apoyo-para-participar-en-concurso-de-belleza-nacional\\\/#respond\"]}]},{\"@type\":\"WebPage\",\"@id\":\"https:\\\/\\\/fuentesfidedignas.com.mx\\\/index.php\\\/2021\\\/06\\\/03\\\/joven-eldoradense-necesita-tu-apoyo-para-participar-en-concurso-de-belleza-nacional\\\/\",\"url\":\"https:\\\/\\\/fuentesfidedignas.com.mx\\\/index.php\\\/2021\\\/06\\\/03\\\/joven-eldoradense-necesita-tu-apoyo-para-participar-en-concurso-de-belleza-nacional\\\/\",\"name\":\"Joven eldoradense necesita tu apoyo para participar en concurso de belleza nacional - Fuentes Fidedignas\",\"isPartOf\":{\"@id\":\"https:\\\/\\\/fuentesfidedignas.com.mx\\\/#website\"},\"primaryImageOfPage\":{\"@id\":\"https:\\\/\\\/fuentesfidedignas.com.mx\\\/index.php\\\/2021\\\/06\\\/03\\\/joven-eldoradense-necesita-tu-apoyo-para-participar-en-concurso-de-belleza-nacional\\\/#primaryimage\"},\"image\":{\"@id\":\"https:\\\/\\\/fuentesfidedignas.com.mx\\\/index.php\\\/2021\\\/06\\\/03\\\/joven-eldoradense-necesita-tu-apoyo-para-participar-en-concurso-de-belleza-nacional\\\/#primaryimage\"},\"thumbnailUrl\":\"https:\\\/\\\/fuentesfidedignas.com.mx\\\/wp-content\\\/uploads\\\/2021\\\/06\\\/wendalyn.png\",\"datePublished\":\"2021-06-03T16:05:44+00:00\",\"dateModified\":\"2021-06-03T16:07:50+00:00\",\"breadcrumb\":{\"@id\":\"https:\\\/\\\/fuentesfidedignas.com.mx\\\/index.php\\\/2021\\\/06\\\/03\\\/joven-eldoradense-necesita-tu-apoyo-para-participar-en-concurso-de-belleza-nacional\\\/#breadcrumb\"},\"inLanguage\":\"es\",\"potentialAction\":[{\"@type\":\"ReadAction\",\"target\":[\"https:\\\/\\\/fuentesfidedignas.com.mx\\\/index.php\\\/2021\\\/06\\\/03\\\/joven-eldoradense-necesita-tu-apoyo-para-participar-en-concurso-de-belleza-nacional\\\/\"]}]},{\"@type\":\"ImageObject\",\"inLanguage\":\"es\",\"@id\":\"https:\\\/\\\/fuentesfidedignas.com.mx\\\/index.php\\\/2021\\\/06\\\/03\\\/joven-eldoradense-necesita-tu-apoyo-para-participar-en-concurso-de-belleza-nacional\\\/#primaryimage\",\"url\":\"https:\\\/\\\/fuentesfidedignas.com.mx\\\/wp-content\\\/uploads\\\/2021\\\/06\\\/wendalyn.png\",\"contentUrl\":\"https:\\\/\\\/fuentesfidedignas.com.mx\\\/wp-content\\\/uploads\\\/2021\\\/06\\\/wendalyn.png\",\"width\":1406,\"height\":815},{\"@type\":\"BreadcrumbList\",\"@id\":\"https:\\\/\\\/fuentesfidedignas.com.mx\\\/index.php\\\/2021\\\/06\\\/03\\\/joven-eldoradense-necesita-tu-apoyo-para-participar-en-concurso-de-belleza-nacional\\\/#breadcrumb\",\"itemListElement\":[{\"@type\":\"ListItem\",\"position\":1,\"name\":\"Inicio\",\"item\":\"https:\\\/\\\/fuentesfidedignas.com.mx\\\/\"},{\"@type\":\"ListItem\",\"position\":2,\"name\":\"Joven eldoradense necesita tu apoyo para participar en concurso de belleza nacional\"}]},{\"@type\":\"WebSite\",\"@id\":\"https:\\\/\\\/fuentesfidedignas.com.mx\\\/#website\",\"url\":\"https:\\\/\\\/fuentesfidedignas.com.mx\\\/\",\"name\":\"Fuentes Fidedignas\",\"description\":\"Otro sitio realizado con WordPress\",\"publisher\":{\"@id\":\"https:\\\/\\\/fuentesfidedignas.com.mx\\\/#organization\"},\"potentialAction\":[{\"@type\":\"SearchAction\",\"target\":{\"@type\":\"EntryPoint\",\"urlTemplate\":\"https:\\\/\\\/fuentesfidedignas.com.mx\\\/?s={search_term_string}\"},\"query-input\":{\"@type\":\"PropertyValueSpecification\",\"valueRequired\":true,\"valueName\":\"search_term_string\"}}],\"inLanguage\":\"es\"},{\"@type\":\"Organization\",\"@id\":\"https:\\\/\\\/fuentesfidedignas.com.mx\\\/#organization\",\"name\":\"Fuentes Fidedignas\",\"url\":\"https:\\\/\\\/fuentesfidedignas.com.mx\\\/\",\"logo\":{\"@type\":\"ImageObject\",\"inLanguage\":\"es\",\"@id\":\"https:\\\/\\\/fuentesfidedignas.com.mx\\\/#\\\/schema\\\/logo\\\/image\\\/\",\"url\":\"https:\\\/\\\/fuentesfidedignas.com.mx\\\/wp-content\\\/uploads\\\/2021\\\/04\\\/logo-retina.png\",\"contentUrl\":\"https:\\\/\\\/fuentesfidedignas.com.mx\\\/wp-content\\\/uploads\\\/2021\\\/04\\\/logo-retina.png\",\"width\":280,\"height\":51,\"caption\":\"Fuentes Fidedignas\"},\"image\":{\"@id\":\"https:\\\/\\\/fuentesfidedignas.com.mx\\\/#\\\/schema\\\/logo\\\/image\\\/\"},\"sameAs\":[\"https:\\\/\\\/www.facebook.com\\\/Fuentes-Fidedignas-368234489921644\",\"https:\\\/\\\/x.com\\\/fidedignas\"]},{\"@type\":\"Person\",\"@id\":\"https:\\\/\\\/fuentesfidedignas.com.mx\\\/#\\\/schema\\\/person\\\/14a50152858ee497bc8b002149f5cca7\",\"name\":\"\u00c1ngeles Jacobo\",\"image\":{\"@type\":\"ImageObject\",\"inLanguage\":\"es\",\"@id\":\"https:\\\/\\\/secure.gravatar.com\\\/avatar\\\/dca13ef3b25d86938bb42fb16ef445286e4b2d19cd007fc94a057338cf4710dd?s=96&d=mm&r=g\",\"url\":\"https:\\\/\\\/secure.gravatar.com\\\/avatar\\\/dca13ef3b25d86938bb42fb16ef445286e4b2d19cd007fc94a057338cf4710dd?s=96&d=mm&r=g\",\"contentUrl\":\"https:\\\/\\\/secure.gravatar.com\\\/avatar\\\/dca13ef3b25d86938bb42fb16ef445286e4b2d19cd007fc94a057338cf4710dd?s=96&d=mm&r=g\",\"caption\":\"\u00c1ngeles Jacobo\"},\"url\":\"https:\\\/\\\/fuentesfidedignas.com.mx\\\/index.php\\\/author\\\/angie\\\/\"}]}<\/script>\n<!-- \/ Yoast SEO plugin. -->","yoast_head_json":{"title":"Joven eldoradense necesita tu apoyo para participar en concurso de belleza nacional - Fuentes Fidedignas","robots":{"index":"index","follow":"follow","max-snippet":"max-snippet:-1","max-image-preview":"max-image-preview:large","max-video-preview":"max-video-preview:-1"},"canonical":"https:\/\/fuentesfidedignas.com.mx\/index.php\/2021\/06\/03\/joven-eldoradense-necesita-tu-apoyo-para-participar-en-concurso-de-belleza-nacional\/","og_locale":"es_MX","og_type":"article","og_title":"Joven eldoradense necesita tu apoyo para participar en concurso de belleza nacional - Fuentes Fidedignas","og_description":"Invita a Pasarela para recaudar fondos para poder solventar los gastos que implica su concentraci\u00f3n en Tamaulipas. Eldorado, Culiac\u00e1n, Sin.- La joven eldoradense Wendalyn Torres, quien es la Embajadora de Sinaloa necesita del apoyo de los sinaloenses para poder asistir a la concentraci\u00f3n de un concurso de belleza nacional que se llevar\u00e1 a cabo en [&hellip;]","og_url":"https:\/\/fuentesfidedignas.com.mx\/index.php\/2021\/06\/03\/joven-eldoradense-necesita-tu-apoyo-para-participar-en-concurso-de-belleza-nacional\/","og_site_name":"Fuentes Fidedignas","article_publisher":"https:\/\/www.facebook.com\/Fuentes-Fidedignas-368234489921644","article_published_time":"2021-06-03T16:05:44+00:00","article_modified_time":"2021-06-03T16:07:50+00:00","og_image":[{"width":1406,"height":815,"url":"https:\/\/fuentesfidedignas.com.mx\/wp-content\/uploads\/2021\/06\/wendalyn.png","type":"image\/png"}],"author":"\u00c1ngeles Jacobo","twitter_card":"summary_large_image","twitter_creator":"@fidedignas","twitter_site":"@fidedignas","twitter_misc":{"Escrito por":"\u00c1ngeles Jacobo","Tiempo de lectura":"1 minuto"},"schema":{"@context":"https:\/\/schema.org","@graph":[{"@type":"Article","@id":"https:\/\/fuentesfidedignas.com.mx\/index.php\/2021\/06\/03\/joven-eldoradense-necesita-tu-apoyo-para-participar-en-concurso-de-belleza-nacional\/#article","isPartOf":{"@id":"https:\/\/fuentesfidedignas.com.mx\/index.php\/2021\/06\/03\/joven-eldoradense-necesita-tu-apoyo-para-participar-en-concurso-de-belleza-nacional\/"},"author":{"name":"\u00c1ngeles Jacobo","@id":"https:\/\/fuentesfidedignas.com.mx\/#\/schema\/person\/14a50152858ee497bc8b002149f5cca7"},"headline":"Joven eldoradense necesita tu apoyo para participar en concurso de belleza nacional","datePublished":"2021-06-03T16:05:44+00:00","dateModified":"2021-06-03T16:07:50+00:00","mainEntityOfPage":{"@id":"https:\/\/fuentesfidedignas.com.mx\/index.php\/2021\/06\/03\/joven-eldoradense-necesita-tu-apoyo-para-participar-en-concurso-de-belleza-nacional\/"},"wordCount":204,"commentCount":0,"publisher":{"@id":"https:\/\/fuentesfidedignas.com.mx\/#organization"},"image":{"@id":"https:\/\/fuentesfidedignas.com.mx\/index.php\/2021\/06\/03\/joven-eldoradense-necesita-tu-apoyo-para-participar-en-concurso-de-belleza-nacional\/#primaryimage"},"thumbnailUrl":"https:\/\/fuentesfidedignas.com.mx\/wp-content\/uploads\/2021\/06\/wendalyn.png","keywords":["Eldorado","Tamaulipas","Wendalyn Torres"],"articleSection":["RULETEANDO"],"inLanguage":"es","potentialAction":[{"@type":"CommentAction","name":"Comment","target":["https:\/\/fuentesfidedignas.com.mx\/index.php\/2021\/06\/03\/joven-eldoradense-necesita-tu-apoyo-para-participar-en-concurso-de-belleza-nacional\/#respond"]}]},{"@type":"WebPage","@id":"https:\/\/fuentesfidedignas.com.mx\/index.php\/2021\/06\/03\/joven-eldoradense-necesita-tu-apoyo-para-participar-en-concurso-de-belleza-nacional\/","url":"https:\/\/fuentesfidedignas.com.mx\/index.php\/2021\/06\/03\/joven-eldoradense-necesita-tu-apoyo-para-participar-en-concurso-de-belleza-nacional\/","name":"Joven eldoradense necesita tu apoyo para participar en concurso de belleza nacional - Fuentes Fidedignas","isPartOf":{"@id":"https:\/\/fuentesfidedignas.com.mx\/#website"},"primaryImageOfPage":{"@id":"https:\/\/fuentesfidedignas.com.mx\/index.php\/2021\/06\/03\/joven-eldoradense-necesita-tu-apoyo-para-participar-en-concurso-de-belleza-nacional\/#primaryimage"},"image":{"@id":"https:\/\/fuentesfidedignas.com.mx\/index.php\/2021\/06\/03\/joven-eldoradense-necesita-tu-apoyo-para-participar-en-concurso-de-belleza-nacional\/#primaryimage"},"thumbnailUrl":"https:\/\/fuentesfidedignas.com.mx\/wp-content\/uploads\/2021\/06\/wendalyn.png","datePublished":"2021-06-03T16:05:44+00:00","dateModified":"2021-06-03T16:07:50+00:00","breadcrumb":{"@id":"https:\/\/fuentesfidedignas.com.mx\/index.php\/2021\/06\/03\/joven-eldoradense-necesita-tu-apoyo-para-participar-en-concurso-de-belleza-nacional\/#breadcrumb"},"inLanguage":"es","potentialAction":[{"@type":"ReadAction","target":["https:\/\/fuentesfidedignas.com.mx\/index.php\/2021\/06\/03\/joven-eldoradense-necesita-tu-apoyo-para-participar-en-concurso-de-belleza-nacional\/"]}]},{"@type":"ImageObject","inLanguage":"es","@id":"https:\/\/fuentesfidedignas.com.mx\/index.php\/2021\/06\/03\/joven-eldoradense-necesita-tu-apoyo-para-participar-en-concurso-de-belleza-nacional\/#primaryimage","url":"https:\/\/fuentesfidedignas.com.mx\/wp-content\/uploads\/2021\/06\/wendalyn.png","contentUrl":"https:\/\/fuentesfidedignas.com.mx\/wp-content\/uploads\/2021\/06\/wendalyn.png","width":1406,"height":815},{"@type":"BreadcrumbList","@id":"https:\/\/fuentesfidedignas.com.mx\/index.php\/2021\/06\/03\/joven-eldoradense-necesita-tu-apoyo-para-participar-en-concurso-de-belleza-nacional\/#breadcrumb","itemListElement":[{"@type":"ListItem","position":1,"name":"Inicio","item":"https:\/\/fuentesfidedignas.com.mx\/"},{"@type":"ListItem","position":2,"name":"Joven eldoradense necesita tu apoyo para participar en concurso de belleza nacional"}]},{"@type":"WebSite","@id":"https:\/\/fuentesfidedignas.com.mx\/#website","url":"https:\/\/fuentesfidedignas.com.mx\/","name":"Fuentes Fidedignas","description":"Otro sitio realizado con WordPress","publisher":{"@id":"https:\/\/fuentesfidedignas.com.mx\/#organization"},"potentialAction":[{"@type":"SearchAction","target":{"@type":"EntryPoint","urlTemplate":"https:\/\/fuentesfidedignas.com.mx\/?s={search_term_string}"},"query-input":{"@type":"PropertyValueSpecification","valueRequired":true,"valueName":"search_term_string"}}],"inLanguage":"es"},{"@type":"Organization","@id":"https:\/\/fuentesfidedignas.com.mx\/#organization","name":"Fuentes Fidedignas","url":"https:\/\/fuentesfidedignas.com.mx\/","logo":{"@type":"ImageObject","inLanguage":"es","@id":"https:\/\/fuentesfidedignas.com.mx\/#\/schema\/logo\/image\/","url":"https:\/\/fuentesfidedignas.com.mx\/wp-content\/uploads\/2021\/04\/logo-retina.png","contentUrl":"https:\/\/fuentesfidedignas.com.mx\/wp-content\/uploads\/2021\/04\/logo-retina.png","width":280,"height":51,"caption":"Fuentes Fidedignas"},"image":{"@id":"https:\/\/fuentesfidedignas.com.mx\/#\/schema\/logo\/image\/"},"sameAs":["https:\/\/www.facebook.com\/Fuentes-Fidedignas-368234489921644","https:\/\/x.com\/fidedignas"]},{"@type":"Person","@id":"https:\/\/fuentesfidedignas.com.mx\/#\/schema\/person\/14a50152858ee497bc8b002149f5cca7","name":"\u00c1ngeles Jacobo","image":{"@type":"ImageObject","inLanguage":"es","@id":"https:\/\/secure.gravatar.com\/avatar\/dca13ef3b25d86938bb42fb16ef445286e4b2d19cd007fc94a057338cf4710dd?s=96&d=mm&r=g","url":"https:\/\/secure.gravatar.com\/avatar\/dca13ef3b25d86938bb42fb16ef445286e4b2d19cd007fc94a057338cf4710dd?s=96&d=mm&r=g","contentUrl":"https:\/\/secure.gravatar.com\/avatar\/dca13ef3b25d86938bb42fb16ef445286e4b2d19cd007fc94a057338cf4710dd?s=96&d=mm&r=g","caption":"\u00c1ngeles Jacobo"},"url":"https:\/\/fuentesfidedignas.com.mx\/index.php\/author\/angie\/"}]}},"_links":{"self":[{"href":"https:\/\/fuentesfidedignas.com.mx\/index.php\/wp-json\/wp\/v2\/posts\/3943","targetHints":{"allow":["GET"]}}],"collection":[{"href":"https:\/\/fuentesfidedignas.com.mx\/index.php\/wp-json\/wp\/v2\/posts"}],"about":[{"href":"https:\/\/fuentesfidedignas.com.mx\/index.php\/wp-json\/wp\/v2\/types\/post"}],"author":[{"embeddable":true,"href":"https:\/\/fuentesfidedignas.com.mx\/index.php\/wp-json\/wp\/v2\/users\/10"}],"replies":[{"embeddable":true,"href":"https:\/\/fuentesfidedignas.com.mx\/index.php\/wp-json\/wp\/v2\/comments?post=3943"}],"version-history":[{"count":4,"href":"https:\/\/fuentesfidedignas.com.mx\/index.php\/wp-json\/wp\/v2\/posts\/3943\/revisions"}],"predecessor-version":[{"id":3957,"href":"https:\/\/fuentesfidedignas.com.mx\/index.php\/wp-json\/wp\/v2\/posts\/3943\/revisions\/3957"}],"wp:featuredmedia":[{"embeddable":true,"href":"https:\/\/fuentesfidedignas.com.mx\/index.php\/wp-json\/wp\/v2\/media\/3951"}],"wp:attachment":[{"href":"https:\/\/fuentesfidedignas.com.mx\/index.php\/wp-json\/wp\/v2\/media?parent=3943"}],"wp:term":[{"taxonomy":"category","embeddable":true,"href":"https:\/\/fuentesfidedignas.com.mx\/index.php\/wp-json\/wp\/v2\/categories?post=3943"},{"taxonomy":"post_tag","embeddable":true,"href":"https:\/\/fuentesfidedignas.com.mx\/index.php\/wp-json\/wp\/v2\/tags?post=3943"}],"curies":[{"name":"wp","href":"https:\/\/api.w.org\/{rel}","templated":true}]}}