{"id":39385,"date":"2022-08-10T06:38:39","date_gmt":"2022-08-10T12:38:39","guid":{"rendered":"https:\/\/fuentesfidedignas.com.mx\/?p=39385"},"modified":"2022-08-10T06:38:58","modified_gmt":"2022-08-10T12:38:58","slug":"sep-es-obligatorio-comprar-utiles-para-el-regreso-a-clases","status":"publish","type":"post","link":"https:\/\/fuentesfidedignas.com.mx\/index.php\/2022\/08\/10\/sep-es-obligatorio-comprar-utiles-para-el-regreso-a-clases\/","title":{"rendered":"SEP: \u00bfEs obligatorio comprar \u00fatiles para el regreso a clases?"},"content":{"rendered":"\n<p><strong><em>Ante el incremento en los precios de los \u00fatiles, derivado de la inflaci\u00f3n, en muchas familias se preguntan si es obligatorio adquirir \u00fatiles nuevos de cara al ciclo escolar 2022-2023<\/em><\/strong> <\/p>\n\n\n\n<p>Ciudad de M\u00e9xico. <strong>El pr\u00f3ximo lunes 29 de agosto dar\u00e1 inicio el ciclo escolar 2022-2023<\/strong>. Miles de alumnas y alumnos regresar\u00e1n a las aulas para continuar con sus estudios. Sin embargo, muchos padres se preguntan\u00a0<strong>si ser\u00e1 obligatorio comprar \u00fatiles<\/strong>\u00a0para este ciclo escolar.<\/p>\n\n\n\n<p>La Secretar\u00eda de Educaci\u00f3n P\u00fablica (SEP) ha publicado<strong>\u00a0la lista oficial de \u00fatiles escolares para el ciclo escolar 2022-2023.<\/strong>\u00a0Mientras los menores disfrutan de sus vacaciones, los padres podr\u00e1n completar la lista de \u00fatiles para el pr\u00f3ximo a\u00f1o escolar.<\/p>\n\n\n\n<p>Al respecto,&nbsp;<a href=\"https:\/\/noticieros.televisa.com\/historia\/peores-y-mas-caros-utiles-escolares-segun-estudio-de-la-profeco\/\" target=\"_blank\" rel=\"noreferrer noopener\">la&nbsp;<\/a><em><a href=\"https:\/\/noticieros.televisa.com\/historia\/peores-y-mas-caros-utiles-escolares-segun-estudio-de-la-profeco\/\">Revista del Consumidor<\/a>&nbsp;<\/em>ha hecho una an\u00e1lisis sobre la calidad de los \u00fatiles recomendados, para que los padres puedan tomar la mejor decisi\u00f3n.<\/p>\n\n\n\n<p>No obstante, ante el aumento de los precios derivado de la inflaci\u00f3n, muchas familias se preguntan&nbsp;<strong>si es obligatorio adquirir \u00fatiles nuevos para este ciclo escolar.<\/strong><img decoding=\"async\" alt=\"\" src=\"blob:https:\/\/fuentesfidedignas.com.mx\/2b0b07f7-b2e9-49ba-b568-9648dd36f19c\"><img decoding=\"async\" alt=\"SEP: \u00bfEs obligatorio comprar \u00fatiles para regreso a clases?\" srcset=\"https:\/\/i1.wp.com\/noticieros.televisa.com\/wp-content\/uploads\/2022\/08\/cuartoscuro-851580-digital.jpeg?w=1280&amp;ssl=1 1280w, https:\/\/i1.wp.com\/noticieros.televisa.com\/wp-content\/uploads\/2022\/08\/cuartoscuro-851580-digital.jpeg?resize=300%2C200&amp;ssl=1 300w\" src=\"https:\/\/i1.wp.com\/noticieros.televisa.com\/wp-content\/uploads\/2022\/08\/cuartoscuro-851580-digital.jpeg?resize=1280%2C853&amp;ssl=1\"><\/p>\n\n\n\n<p id=\"caption-attachment-3200509\">Los padres no est\u00e1n obligados a comprar nuevos \u00fatiles. (Fuente: Cuartoscuro)<\/p>\n\n\n\n<p>Al respecto, Ricardo Sheffield Padilla, titular de la Procuradur\u00eda Federal del Consumidor (Profeco), se\u00f1al\u00f3 que<strong>&nbsp;nadie puede obligar a los padres a comprar \u00fatiles.<\/strong><\/p>\n\n\n\n<p><strong>Ninguna escuela adscrita a la SEP puede condicionar la adquisici\u00f3n de \u00fatiles<\/strong>, tanto dentro como fuera del plantel. Esta disposici\u00f3n aplicar\u00eda igualmente para los uniformes escolares.<\/p>\n\n\n\n<p>La recomendaci\u00f3n es<strong>\u00a0reutilizar, en la medida de lo posible, los \u00fatiles<\/strong>\u00a0y los uniformes de a\u00f1os anteriores. Sobre todo, si se toma en cuenta el poco desgaste que tuvo la ropa escolar durante el confinamiento derivado de la pandemia por covid.<\/p>\n","protected":false},"excerpt":{"rendered":"<p>Ante el incremento en los precios de los \u00fatiles, derivado de la inflaci\u00f3n, en muchas familias se preguntan si es obligatorio adquirir \u00fatiles nuevos de cara al ciclo escolar 2022-2023 Ciudad de M\u00e9xico. El pr\u00f3ximo lunes 29 de agosto dar\u00e1 inicio el ciclo escolar 2022-2023. Miles de alumnas y alumnos regresar\u00e1n a las aulas para [&hellip;]<\/p>\n","protected":false},"author":46,"featured_media":39387,"comment_status":"open","ping_status":"open","sticky":false,"template":"","format":"standard","meta":{"tdm_status":"","tdm_grid_status":"","footnotes":""},"categories":[39],"tags":[],"class_list":{"0":"post-39385","1":"post","2":"type-post","3":"status-publish","4":"format-standard","5":"has-post-thumbnail","7":"category-noticias-nacionales"},"yoast_head":"<!-- This site is optimized with the Yoast SEO plugin v27.5 - https:\/\/yoast.com\/product\/yoast-seo-wordpress\/ -->\n<title>SEP: \u00bfEs obligatorio comprar \u00fatiles para el regreso a clases? - Fuentes Fidedignas<\/title>\n<meta name=\"robots\" content=\"index, follow, max-snippet:-1, max-image-preview:large, max-video-preview:-1\" \/>\n<link rel=\"canonical\" href=\"https:\/\/fuentesfidedignas.com.mx\/index.php\/2022\/08\/10\/sep-es-obligatorio-comprar-utiles-para-el-regreso-a-clases\/\" \/>\n<meta property=\"og:locale\" content=\"es_MX\" \/>\n<meta property=\"og:type\" content=\"article\" \/>\n<meta property=\"og:title\" content=\"SEP: \u00bfEs obligatorio comprar \u00fatiles para el regreso a clases? - Fuentes Fidedignas\" \/>\n<meta property=\"og:description\" content=\"Ante el incremento en los precios de los \u00fatiles, derivado de la inflaci\u00f3n, en muchas familias se preguntan si es obligatorio adquirir \u00fatiles nuevos de cara al ciclo escolar 2022-2023 Ciudad de M\u00e9xico. El pr\u00f3ximo lunes 29 de agosto dar\u00e1 inicio el ciclo escolar 2022-2023. Miles de alumnas y alumnos regresar\u00e1n a las aulas para [&hellip;]\" \/>\n<meta property=\"og:url\" content=\"https:\/\/fuentesfidedignas.com.mx\/index.php\/2022\/08\/10\/sep-es-obligatorio-comprar-utiles-para-el-regreso-a-clases\/\" \/>\n<meta property=\"og:site_name\" content=\"Fuentes Fidedignas\" \/>\n<meta property=\"article:publisher\" content=\"https:\/\/www.facebook.com\/Fuentes-Fidedignas-368234489921644\" \/>\n<meta property=\"article:published_time\" content=\"2022-08-10T12:38:39+00:00\" \/>\n<meta property=\"article:modified_time\" content=\"2022-08-10T12:38:58+00:00\" \/>\n<meta property=\"og:image\" content=\"https:\/\/fuentesfidedignas.com.mx\/wp-content\/uploads\/2022\/08\/cuartoscuro-851581-digital.jpeg\" \/>\n\t<meta property=\"og:image:width\" content=\"1280\" \/>\n\t<meta property=\"og:image:height\" content=\"853\" \/>\n\t<meta property=\"og:image:type\" content=\"image\/jpeg\" \/>\n<meta name=\"author\" content=\"Noticieros Televisa\" \/>\n<meta name=\"twitter:card\" content=\"summary_large_image\" \/>\n<meta name=\"twitter:creator\" content=\"@fidedignas\" \/>\n<meta name=\"twitter:site\" content=\"@fidedignas\" \/>\n<meta name=\"twitter:label1\" content=\"Escrito por\" \/>\n\t<meta name=\"twitter:data1\" content=\"Noticieros Televisa\" \/>\n\t<meta name=\"twitter:label2\" content=\"Tiempo de lectura\" \/>\n\t<meta name=\"twitter:data2\" content=\"2 minutos\" \/>\n<script type=\"application\/ld+json\" class=\"yoast-schema-graph\">{\"@context\":\"https:\\\/\\\/schema.org\",\"@graph\":[{\"@type\":\"Article\",\"@id\":\"https:\\\/\\\/fuentesfidedignas.com.mx\\\/index.php\\\/2022\\\/08\\\/10\\\/sep-es-obligatorio-comprar-utiles-para-el-regreso-a-clases\\\/#article\",\"isPartOf\":{\"@id\":\"https:\\\/\\\/fuentesfidedignas.com.mx\\\/index.php\\\/2022\\\/08\\\/10\\\/sep-es-obligatorio-comprar-utiles-para-el-regreso-a-clases\\\/\"},\"author\":{\"name\":\"Noticieros Televisa\",\"@id\":\"https:\\\/\\\/fuentesfidedignas.com.mx\\\/#\\\/schema\\\/person\\\/f030e42657a5a464a8bbd891b1aab6ee\"},\"headline\":\"SEP: \u00bfEs obligatorio comprar \u00fatiles para el regreso a clases?\",\"datePublished\":\"2022-08-10T12:38:39+00:00\",\"dateModified\":\"2022-08-10T12:38:58+00:00\",\"mainEntityOfPage\":{\"@id\":\"https:\\\/\\\/fuentesfidedignas.com.mx\\\/index.php\\\/2022\\\/08\\\/10\\\/sep-es-obligatorio-comprar-utiles-para-el-regreso-a-clases\\\/\"},\"wordCount\":303,\"commentCount\":0,\"publisher\":{\"@id\":\"https:\\\/\\\/fuentesfidedignas.com.mx\\\/#organization\"},\"image\":{\"@id\":\"https:\\\/\\\/fuentesfidedignas.com.mx\\\/index.php\\\/2022\\\/08\\\/10\\\/sep-es-obligatorio-comprar-utiles-para-el-regreso-a-clases\\\/#primaryimage\"},\"thumbnailUrl\":\"https:\\\/\\\/fuentesfidedignas.com.mx\\\/wp-content\\\/uploads\\\/2022\\\/08\\\/cuartoscuro-851581-digital.jpeg\",\"articleSection\":[\"NOTICIAS NACIONALES\"],\"inLanguage\":\"es\",\"potentialAction\":[{\"@type\":\"CommentAction\",\"name\":\"Comment\",\"target\":[\"https:\\\/\\\/fuentesfidedignas.com.mx\\\/index.php\\\/2022\\\/08\\\/10\\\/sep-es-obligatorio-comprar-utiles-para-el-regreso-a-clases\\\/#respond\"]}]},{\"@type\":\"WebPage\",\"@id\":\"https:\\\/\\\/fuentesfidedignas.com.mx\\\/index.php\\\/2022\\\/08\\\/10\\\/sep-es-obligatorio-comprar-utiles-para-el-regreso-a-clases\\\/\",\"url\":\"https:\\\/\\\/fuentesfidedignas.com.mx\\\/index.php\\\/2022\\\/08\\\/10\\\/sep-es-obligatorio-comprar-utiles-para-el-regreso-a-clases\\\/\",\"name\":\"SEP: \u00bfEs obligatorio comprar \u00fatiles para el regreso a clases? - Fuentes Fidedignas\",\"isPartOf\":{\"@id\":\"https:\\\/\\\/fuentesfidedignas.com.mx\\\/#website\"},\"primaryImageOfPage\":{\"@id\":\"https:\\\/\\\/fuentesfidedignas.com.mx\\\/index.php\\\/2022\\\/08\\\/10\\\/sep-es-obligatorio-comprar-utiles-para-el-regreso-a-clases\\\/#primaryimage\"},\"image\":{\"@id\":\"https:\\\/\\\/fuentesfidedignas.com.mx\\\/index.php\\\/2022\\\/08\\\/10\\\/sep-es-obligatorio-comprar-utiles-para-el-regreso-a-clases\\\/#primaryimage\"},\"thumbnailUrl\":\"https:\\\/\\\/fuentesfidedignas.com.mx\\\/wp-content\\\/uploads\\\/2022\\\/08\\\/cuartoscuro-851581-digital.jpeg\",\"datePublished\":\"2022-08-10T12:38:39+00:00\",\"dateModified\":\"2022-08-10T12:38:58+00:00\",\"breadcrumb\":{\"@id\":\"https:\\\/\\\/fuentesfidedignas.com.mx\\\/index.php\\\/2022\\\/08\\\/10\\\/sep-es-obligatorio-comprar-utiles-para-el-regreso-a-clases\\\/#breadcrumb\"},\"inLanguage\":\"es\",\"potentialAction\":[{\"@type\":\"ReadAction\",\"target\":[\"https:\\\/\\\/fuentesfidedignas.com.mx\\\/index.php\\\/2022\\\/08\\\/10\\\/sep-es-obligatorio-comprar-utiles-para-el-regreso-a-clases\\\/\"]}]},{\"@type\":\"ImageObject\",\"inLanguage\":\"es\",\"@id\":\"https:\\\/\\\/fuentesfidedignas.com.mx\\\/index.php\\\/2022\\\/08\\\/10\\\/sep-es-obligatorio-comprar-utiles-para-el-regreso-a-clases\\\/#primaryimage\",\"url\":\"https:\\\/\\\/fuentesfidedignas.com.mx\\\/wp-content\\\/uploads\\\/2022\\\/08\\\/cuartoscuro-851581-digital.jpeg\",\"contentUrl\":\"https:\\\/\\\/fuentesfidedignas.com.mx\\\/wp-content\\\/uploads\\\/2022\\\/08\\\/cuartoscuro-851581-digital.jpeg\",\"width\":1280,\"height\":853},{\"@type\":\"BreadcrumbList\",\"@id\":\"https:\\\/\\\/fuentesfidedignas.com.mx\\\/index.php\\\/2022\\\/08\\\/10\\\/sep-es-obligatorio-comprar-utiles-para-el-regreso-a-clases\\\/#breadcrumb\",\"itemListElement\":[{\"@type\":\"ListItem\",\"position\":1,\"name\":\"Inicio\",\"item\":\"https:\\\/\\\/fuentesfidedignas.com.mx\\\/\"},{\"@type\":\"ListItem\",\"position\":2,\"name\":\"SEP: \u00bfEs obligatorio comprar \u00fatiles para el regreso a clases?\"}]},{\"@type\":\"WebSite\",\"@id\":\"https:\\\/\\\/fuentesfidedignas.com.mx\\\/#website\",\"url\":\"https:\\\/\\\/fuentesfidedignas.com.mx\\\/\",\"name\":\"Fuentes Fidedignas\",\"description\":\"Otro sitio realizado con WordPress\",\"publisher\":{\"@id\":\"https:\\\/\\\/fuentesfidedignas.com.mx\\\/#organization\"},\"potentialAction\":[{\"@type\":\"SearchAction\",\"target\":{\"@type\":\"EntryPoint\",\"urlTemplate\":\"https:\\\/\\\/fuentesfidedignas.com.mx\\\/?s={search_term_string}\"},\"query-input\":{\"@type\":\"PropertyValueSpecification\",\"valueRequired\":true,\"valueName\":\"search_term_string\"}}],\"inLanguage\":\"es\"},{\"@type\":\"Organization\",\"@id\":\"https:\\\/\\\/fuentesfidedignas.com.mx\\\/#organization\",\"name\":\"Fuentes Fidedignas\",\"url\":\"https:\\\/\\\/fuentesfidedignas.com.mx\\\/\",\"logo\":{\"@type\":\"ImageObject\",\"inLanguage\":\"es\",\"@id\":\"https:\\\/\\\/fuentesfidedignas.com.mx\\\/#\\\/schema\\\/logo\\\/image\\\/\",\"url\":\"https:\\\/\\\/fuentesfidedignas.com.mx\\\/wp-content\\\/uploads\\\/2021\\\/04\\\/logo-retina.png\",\"contentUrl\":\"https:\\\/\\\/fuentesfidedignas.com.mx\\\/wp-content\\\/uploads\\\/2021\\\/04\\\/logo-retina.png\",\"width\":280,\"height\":51,\"caption\":\"Fuentes Fidedignas\"},\"image\":{\"@id\":\"https:\\\/\\\/fuentesfidedignas.com.mx\\\/#\\\/schema\\\/logo\\\/image\\\/\"},\"sameAs\":[\"https:\\\/\\\/www.facebook.com\\\/Fuentes-Fidedignas-368234489921644\",\"https:\\\/\\\/x.com\\\/fidedignas\"]},{\"@type\":\"Person\",\"@id\":\"https:\\\/\\\/fuentesfidedignas.com.mx\\\/#\\\/schema\\\/person\\\/f030e42657a5a464a8bbd891b1aab6ee\",\"name\":\"Noticieros Televisa\",\"image\":{\"@type\":\"ImageObject\",\"inLanguage\":\"es\",\"@id\":\"https:\\\/\\\/secure.gravatar.com\\\/avatar\\\/0e47b9e785a628831b8fd9eaf15e090e106760a879abbd4a3306f128ef5d43a9?s=96&d=mm&r=g\",\"url\":\"https:\\\/\\\/secure.gravatar.com\\\/avatar\\\/0e47b9e785a628831b8fd9eaf15e090e106760a879abbd4a3306f128ef5d43a9?s=96&d=mm&r=g\",\"contentUrl\":\"https:\\\/\\\/secure.gravatar.com\\\/avatar\\\/0e47b9e785a628831b8fd9eaf15e090e106760a879abbd4a3306f128ef5d43a9?s=96&d=mm&r=g\",\"caption\":\"Noticieros Televisa\"},\"url\":\"https:\\\/\\\/fuentesfidedignas.com.mx\\\/index.php\\\/author\\\/noticieros-televisa\\\/\"}]}<\/script>\n<!-- \/ Yoast SEO plugin. -->","yoast_head_json":{"title":"SEP: \u00bfEs obligatorio comprar \u00fatiles para el regreso a clases? - Fuentes Fidedignas","robots":{"index":"index","follow":"follow","max-snippet":"max-snippet:-1","max-image-preview":"max-image-preview:large","max-video-preview":"max-video-preview:-1"},"canonical":"https:\/\/fuentesfidedignas.com.mx\/index.php\/2022\/08\/10\/sep-es-obligatorio-comprar-utiles-para-el-regreso-a-clases\/","og_locale":"es_MX","og_type":"article","og_title":"SEP: \u00bfEs obligatorio comprar \u00fatiles para el regreso a clases? - Fuentes Fidedignas","og_description":"Ante el incremento en los precios de los \u00fatiles, derivado de la inflaci\u00f3n, en muchas familias se preguntan si es obligatorio adquirir \u00fatiles nuevos de cara al ciclo escolar 2022-2023 Ciudad de M\u00e9xico. El pr\u00f3ximo lunes 29 de agosto dar\u00e1 inicio el ciclo escolar 2022-2023. Miles de alumnas y alumnos regresar\u00e1n a las aulas para [&hellip;]","og_url":"https:\/\/fuentesfidedignas.com.mx\/index.php\/2022\/08\/10\/sep-es-obligatorio-comprar-utiles-para-el-regreso-a-clases\/","og_site_name":"Fuentes Fidedignas","article_publisher":"https:\/\/www.facebook.com\/Fuentes-Fidedignas-368234489921644","article_published_time":"2022-08-10T12:38:39+00:00","article_modified_time":"2022-08-10T12:38:58+00:00","og_image":[{"width":1280,"height":853,"url":"https:\/\/fuentesfidedignas.com.mx\/wp-content\/uploads\/2022\/08\/cuartoscuro-851581-digital.jpeg","type":"image\/jpeg"}],"author":"Noticieros Televisa","twitter_card":"summary_large_image","twitter_creator":"@fidedignas","twitter_site":"@fidedignas","twitter_misc":{"Escrito por":"Noticieros Televisa","Tiempo de lectura":"2 minutos"},"schema":{"@context":"https:\/\/schema.org","@graph":[{"@type":"Article","@id":"https:\/\/fuentesfidedignas.com.mx\/index.php\/2022\/08\/10\/sep-es-obligatorio-comprar-utiles-para-el-regreso-a-clases\/#article","isPartOf":{"@id":"https:\/\/fuentesfidedignas.com.mx\/index.php\/2022\/08\/10\/sep-es-obligatorio-comprar-utiles-para-el-regreso-a-clases\/"},"author":{"name":"Noticieros Televisa","@id":"https:\/\/fuentesfidedignas.com.mx\/#\/schema\/person\/f030e42657a5a464a8bbd891b1aab6ee"},"headline":"SEP: \u00bfEs obligatorio comprar \u00fatiles para el regreso a clases?","datePublished":"2022-08-10T12:38:39+00:00","dateModified":"2022-08-10T12:38:58+00:00","mainEntityOfPage":{"@id":"https:\/\/fuentesfidedignas.com.mx\/index.php\/2022\/08\/10\/sep-es-obligatorio-comprar-utiles-para-el-regreso-a-clases\/"},"wordCount":303,"commentCount":0,"publisher":{"@id":"https:\/\/fuentesfidedignas.com.mx\/#organization"},"image":{"@id":"https:\/\/fuentesfidedignas.com.mx\/index.php\/2022\/08\/10\/sep-es-obligatorio-comprar-utiles-para-el-regreso-a-clases\/#primaryimage"},"thumbnailUrl":"https:\/\/fuentesfidedignas.com.mx\/wp-content\/uploads\/2022\/08\/cuartoscuro-851581-digital.jpeg","articleSection":["NOTICIAS NACIONALES"],"inLanguage":"es","potentialAction":[{"@type":"CommentAction","name":"Comment","target":["https:\/\/fuentesfidedignas.com.mx\/index.php\/2022\/08\/10\/sep-es-obligatorio-comprar-utiles-para-el-regreso-a-clases\/#respond"]}]},{"@type":"WebPage","@id":"https:\/\/fuentesfidedignas.com.mx\/index.php\/2022\/08\/10\/sep-es-obligatorio-comprar-utiles-para-el-regreso-a-clases\/","url":"https:\/\/fuentesfidedignas.com.mx\/index.php\/2022\/08\/10\/sep-es-obligatorio-comprar-utiles-para-el-regreso-a-clases\/","name":"SEP: \u00bfEs obligatorio comprar \u00fatiles para el regreso a clases? - Fuentes Fidedignas","isPartOf":{"@id":"https:\/\/fuentesfidedignas.com.mx\/#website"},"primaryImageOfPage":{"@id":"https:\/\/fuentesfidedignas.com.mx\/index.php\/2022\/08\/10\/sep-es-obligatorio-comprar-utiles-para-el-regreso-a-clases\/#primaryimage"},"image":{"@id":"https:\/\/fuentesfidedignas.com.mx\/index.php\/2022\/08\/10\/sep-es-obligatorio-comprar-utiles-para-el-regreso-a-clases\/#primaryimage"},"thumbnailUrl":"https:\/\/fuentesfidedignas.com.mx\/wp-content\/uploads\/2022\/08\/cuartoscuro-851581-digital.jpeg","datePublished":"2022-08-10T12:38:39+00:00","dateModified":"2022-08-10T12:38:58+00:00","breadcrumb":{"@id":"https:\/\/fuentesfidedignas.com.mx\/index.php\/2022\/08\/10\/sep-es-obligatorio-comprar-utiles-para-el-regreso-a-clases\/#breadcrumb"},"inLanguage":"es","potentialAction":[{"@type":"ReadAction","target":["https:\/\/fuentesfidedignas.com.mx\/index.php\/2022\/08\/10\/sep-es-obligatorio-comprar-utiles-para-el-regreso-a-clases\/"]}]},{"@type":"ImageObject","inLanguage":"es","@id":"https:\/\/fuentesfidedignas.com.mx\/index.php\/2022\/08\/10\/sep-es-obligatorio-comprar-utiles-para-el-regreso-a-clases\/#primaryimage","url":"https:\/\/fuentesfidedignas.com.mx\/wp-content\/uploads\/2022\/08\/cuartoscuro-851581-digital.jpeg","contentUrl":"https:\/\/fuentesfidedignas.com.mx\/wp-content\/uploads\/2022\/08\/cuartoscuro-851581-digital.jpeg","width":1280,"height":853},{"@type":"BreadcrumbList","@id":"https:\/\/fuentesfidedignas.com.mx\/index.php\/2022\/08\/10\/sep-es-obligatorio-comprar-utiles-para-el-regreso-a-clases\/#breadcrumb","itemListElement":[{"@type":"ListItem","position":1,"name":"Inicio","item":"https:\/\/fuentesfidedignas.com.mx\/"},{"@type":"ListItem","position":2,"name":"SEP: \u00bfEs obligatorio comprar \u00fatiles para el regreso a clases?"}]},{"@type":"WebSite","@id":"https:\/\/fuentesfidedignas.com.mx\/#website","url":"https:\/\/fuentesfidedignas.com.mx\/","name":"Fuentes Fidedignas","description":"Otro sitio realizado con WordPress","publisher":{"@id":"https:\/\/fuentesfidedignas.com.mx\/#organization"},"potentialAction":[{"@type":"SearchAction","target":{"@type":"EntryPoint","urlTemplate":"https:\/\/fuentesfidedignas.com.mx\/?s={search_term_string}"},"query-input":{"@type":"PropertyValueSpecification","valueRequired":true,"valueName":"search_term_string"}}],"inLanguage":"es"},{"@type":"Organization","@id":"https:\/\/fuentesfidedignas.com.mx\/#organization","name":"Fuentes Fidedignas","url":"https:\/\/fuentesfidedignas.com.mx\/","logo":{"@type":"ImageObject","inLanguage":"es","@id":"https:\/\/fuentesfidedignas.com.mx\/#\/schema\/logo\/image\/","url":"https:\/\/fuentesfidedignas.com.mx\/wp-content\/uploads\/2021\/04\/logo-retina.png","contentUrl":"https:\/\/fuentesfidedignas.com.mx\/wp-content\/uploads\/2021\/04\/logo-retina.png","width":280,"height":51,"caption":"Fuentes Fidedignas"},"image":{"@id":"https:\/\/fuentesfidedignas.com.mx\/#\/schema\/logo\/image\/"},"sameAs":["https:\/\/www.facebook.com\/Fuentes-Fidedignas-368234489921644","https:\/\/x.com\/fidedignas"]},{"@type":"Person","@id":"https:\/\/fuentesfidedignas.com.mx\/#\/schema\/person\/f030e42657a5a464a8bbd891b1aab6ee","name":"Noticieros Televisa","image":{"@type":"ImageObject","inLanguage":"es","@id":"https:\/\/secure.gravatar.com\/avatar\/0e47b9e785a628831b8fd9eaf15e090e106760a879abbd4a3306f128ef5d43a9?s=96&d=mm&r=g","url":"https:\/\/secure.gravatar.com\/avatar\/0e47b9e785a628831b8fd9eaf15e090e106760a879abbd4a3306f128ef5d43a9?s=96&d=mm&r=g","contentUrl":"https:\/\/secure.gravatar.com\/avatar\/0e47b9e785a628831b8fd9eaf15e090e106760a879abbd4a3306f128ef5d43a9?s=96&d=mm&r=g","caption":"Noticieros Televisa"},"url":"https:\/\/fuentesfidedignas.com.mx\/index.php\/author\/noticieros-televisa\/"}]}},"_links":{"self":[{"href":"https:\/\/fuentesfidedignas.com.mx\/index.php\/wp-json\/wp\/v2\/posts\/39385","targetHints":{"allow":["GET"]}}],"collection":[{"href":"https:\/\/fuentesfidedignas.com.mx\/index.php\/wp-json\/wp\/v2\/posts"}],"about":[{"href":"https:\/\/fuentesfidedignas.com.mx\/index.php\/wp-json\/wp\/v2\/types\/post"}],"author":[{"embeddable":true,"href":"https:\/\/fuentesfidedignas.com.mx\/index.php\/wp-json\/wp\/v2\/users\/46"}],"replies":[{"embeddable":true,"href":"https:\/\/fuentesfidedignas.com.mx\/index.php\/wp-json\/wp\/v2\/comments?post=39385"}],"version-history":[{"count":1,"href":"https:\/\/fuentesfidedignas.com.mx\/index.php\/wp-json\/wp\/v2\/posts\/39385\/revisions"}],"predecessor-version":[{"id":39386,"href":"https:\/\/fuentesfidedignas.com.mx\/index.php\/wp-json\/wp\/v2\/posts\/39385\/revisions\/39386"}],"wp:featuredmedia":[{"embeddable":true,"href":"https:\/\/fuentesfidedignas.com.mx\/index.php\/wp-json\/wp\/v2\/media\/39387"}],"wp:attachment":[{"href":"https:\/\/fuentesfidedignas.com.mx\/index.php\/wp-json\/wp\/v2\/media?parent=39385"}],"wp:term":[{"taxonomy":"category","embeddable":true,"href":"https:\/\/fuentesfidedignas.com.mx\/index.php\/wp-json\/wp\/v2\/categories?post=39385"},{"taxonomy":"post_tag","embeddable":true,"href":"https:\/\/fuentesfidedignas.com.mx\/index.php\/wp-json\/wp\/v2\/tags?post=39385"}],"curies":[{"name":"wp","href":"https:\/\/api.w.org\/{rel}","templated":true}]}}