{"id":39303,"date":"2022-08-09T14:01:43","date_gmt":"2022-08-09T20:01:43","guid":{"rendered":"https:\/\/fuentesfidedignas.com.mx\/?p=39303"},"modified":"2022-08-09T14:02:01","modified_gmt":"2022-08-09T20:02:01","slug":"continua-el-rector-de-la-uas-tramites-para-resolver-la-situacion-ante-el-sat","status":"publish","type":"post","link":"https:\/\/fuentesfidedignas.com.mx\/index.php\/2022\/08\/09\/continua-el-rector-de-la-uas-tramites-para-resolver-la-situacion-ante-el-sat\/","title":{"rendered":"Contin\u00faa el rector de la UAS tr\u00e1mites para resolver la situaci\u00f3n ante el SAT"},"content":{"rendered":"\n<p><strong><em>Como resultado de esta gesti\u00f3n se estableci\u00f3 un acuerdo para buscar apoyar a los trabajadores administrativos sindicalizados que perciben menos salario para que no se vean afectados con el descuento del ISR, el cual ya se aplic\u00f3 en la primera semana del presente mes.<\/em><\/strong><\/p>\n\n\n\n<p>Culiac\u00e1n, Sin.- El Rector de la Universidad Aut\u00f3noma de Sinaloa (UAS), doctor Jes\u00fas Madue\u00f1a Molina, acudi\u00f3 ante el Subsecretario de Educaci\u00f3n Superior de la SEP, doctor Luciano Concheiro B\u00f3rquez, para abordar diversos temas institucionales, principalmente gestionar el relacionado con el SAT en aras de cumplir con los requerimientos de este \u00f3rgano tributario, lo cual va por buen camino.<\/p>\n\n\n\n<p>En esta reuni\u00f3n el funcionario federal se mostr\u00f3 solidario y emp\u00e1tico en este tema con la Universidad, sobre todo porque se trata de una situaci\u00f3n que no es exclusiva de esta casa de estudios, lo cual posibilita resolver la problem\u00e1tica ante el SAT.<\/p>\n\n\n\n<p>La Casa Rosalina en cumplimiento de las nuevas disposiciones fiscales y como se dio a conocer en la \u00faltima Sesi\u00f3n del H. Consejo Universitario, ya est\u00e1 armonizando lo necesario y est\u00e1 llevando a cabo el denominado \u201ctimbrado de n\u00f3mina\u201d.<\/p>\n\n\n\n<p>Como resultado de esta gesti\u00f3n se estableci\u00f3 un acuerdo para buscar apoyar a los trabajadores administrativos sindicalizados que perciben menos salario para que no se vean afectados con el descuento del ISR, el cual ya se aplic\u00f3 en la primera semana del presente mes.<\/p>\n\n\n\n<p>Concheiro B\u00f3rquez ponder\u00f3 el quehacer de la UAS y su compromiso social que siempre ha mostrado y m\u00e1s recientemente porque inici\u00f3 los trabajos para incorporarse en el Plan de Acci\u00f3n para la Transformaci\u00f3n Educativa en Salud a trav\u00e9s de la formaci\u00f3n de recursos humanos con mayor perfil social y de atenci\u00f3n comunitaria, estrategia del Gobierno Federal y que ha sido impulsada entre las universidades que cuentan con Escuelas y Facultades de Medicina por el propio Subsecretario y que busca construir un sistema de salud que garantice a toda la poblaci\u00f3n atenci\u00f3n m\u00e9dica oportuna, equitativa, incluyente y de calidad en sus propias comunidades.<\/p>\n\n\n\n<figure class=\"wp-block-image size-full\"><img decoding=\"async\" width=\"660\" height=\"912\" src=\"https:\/\/fuentesfidedignas.com.mx\/wp-content\/uploads\/2022\/08\/Rector-se-reune-con-doctor-Concheiro.jpg\" alt=\"\" class=\"wp-image-39304\" srcset=\"https:\/\/fuentesfidedignas.com.mx\/wp-content\/uploads\/2022\/08\/Rector-se-reune-con-doctor-Concheiro.jpg 660w, https:\/\/fuentesfidedignas.com.mx\/wp-content\/uploads\/2022\/08\/Rector-se-reune-con-doctor-Concheiro-217x300.jpg 217w, https:\/\/fuentesfidedignas.com.mx\/wp-content\/uploads\/2022\/08\/Rector-se-reune-con-doctor-Concheiro-304x420.jpg 304w\" sizes=\"(max-width: 660px) 100vw, 660px\" \/><\/figure>\n","protected":false},"excerpt":{"rendered":"<p>Como resultado de esta gesti\u00f3n se estableci\u00f3 un acuerdo para buscar apoyar a los trabajadores administrativos sindicalizados que perciben menos salario para que no se vean afectados con el descuento del ISR, el cual ya se aplic\u00f3 en la primera semana del presente mes. Culiac\u00e1n, Sin.- El Rector de la Universidad Aut\u00f3noma de Sinaloa (UAS), [&hellip;]<\/p>\n","protected":false},"author":4,"featured_media":5823,"comment_status":"open","ping_status":"open","sticky":false,"template":"","format":"standard","meta":{"tdm_status":"","tdm_grid_status":"","footnotes":""},"categories":[38],"tags":[81,234],"class_list":{"0":"post-39303","1":"post","2":"type-post","3":"status-publish","4":"format-standard","5":"has-post-thumbnail","7":"category-noticias-locales","8":"tag-uas","9":"tag-universidad-autonoma-de-sinaloa"},"yoast_head":"<!-- This site is optimized with the Yoast SEO plugin v27.4 - https:\/\/yoast.com\/product\/yoast-seo-wordpress\/ -->\n<title>Contin\u00faa el rector de la UAS tr\u00e1mites para resolver la situaci\u00f3n ante el SAT - Fuentes Fidedignas<\/title>\n<meta name=\"robots\" content=\"index, follow, max-snippet:-1, max-image-preview:large, max-video-preview:-1\" \/>\n<link rel=\"canonical\" href=\"https:\/\/fuentesfidedignas.com.mx\/index.php\/2022\/08\/09\/continua-el-rector-de-la-uas-tramites-para-resolver-la-situacion-ante-el-sat\/\" \/>\n<meta property=\"og:locale\" content=\"es_MX\" \/>\n<meta property=\"og:type\" content=\"article\" \/>\n<meta property=\"og:title\" content=\"Contin\u00faa el rector de la UAS tr\u00e1mites para resolver la situaci\u00f3n ante el SAT - Fuentes Fidedignas\" \/>\n<meta property=\"og:description\" content=\"Como resultado de esta gesti\u00f3n se estableci\u00f3 un acuerdo para buscar apoyar a los trabajadores administrativos sindicalizados que perciben menos salario para que no se vean afectados con el descuento del ISR, el cual ya se aplic\u00f3 en la primera semana del presente mes. Culiac\u00e1n, Sin.- El Rector de la Universidad Aut\u00f3noma de Sinaloa (UAS), [&hellip;]\" \/>\n<meta property=\"og:url\" content=\"https:\/\/fuentesfidedignas.com.mx\/index.php\/2022\/08\/09\/continua-el-rector-de-la-uas-tramites-para-resolver-la-situacion-ante-el-sat\/\" \/>\n<meta property=\"og:site_name\" content=\"Fuentes Fidedignas\" \/>\n<meta property=\"article:publisher\" content=\"https:\/\/www.facebook.com\/Fuentes-Fidedignas-368234489921644\" \/>\n<meta property=\"article:published_time\" content=\"2022-08-09T20:01:43+00:00\" \/>\n<meta property=\"article:modified_time\" content=\"2022-08-09T20:02:01+00:00\" \/>\n<meta property=\"og:image\" content=\"https:\/\/fuentesfidedignas.com.mx\/wp-content\/uploads\/2021\/06\/Dr.-Jesus-Maduena-Molina.jpg\" \/>\n\t<meta property=\"og:image:width\" content=\"1600\" \/>\n\t<meta property=\"og:image:height\" content=\"1066\" \/>\n\t<meta property=\"og:image:type\" content=\"image\/jpeg\" \/>\n<meta name=\"author\" content=\"Redacci\u00f3n\" \/>\n<meta name=\"twitter:card\" content=\"summary_large_image\" \/>\n<meta name=\"twitter:creator\" content=\"@fidedignas\" \/>\n<meta name=\"twitter:site\" content=\"@fidedignas\" \/>\n<meta name=\"twitter:label1\" content=\"Escrito por\" \/>\n\t<meta name=\"twitter:data1\" content=\"Redacci\u00f3n\" \/>\n\t<meta name=\"twitter:label2\" content=\"Tiempo de lectura\" \/>\n\t<meta name=\"twitter:data2\" content=\"2 minutos\" \/>\n<script type=\"application\/ld+json\" class=\"yoast-schema-graph\">{\"@context\":\"https:\\\/\\\/schema.org\",\"@graph\":[{\"@type\":\"Article\",\"@id\":\"https:\\\/\\\/fuentesfidedignas.com.mx\\\/index.php\\\/2022\\\/08\\\/09\\\/continua-el-rector-de-la-uas-tramites-para-resolver-la-situacion-ante-el-sat\\\/#article\",\"isPartOf\":{\"@id\":\"https:\\\/\\\/fuentesfidedignas.com.mx\\\/index.php\\\/2022\\\/08\\\/09\\\/continua-el-rector-de-la-uas-tramites-para-resolver-la-situacion-ante-el-sat\\\/\"},\"author\":{\"name\":\"Redacci\u00f3n\",\"@id\":\"https:\\\/\\\/fuentesfidedignas.com.mx\\\/#\\\/schema\\\/person\\\/331be9283d37198e2acd5750279085b0\"},\"headline\":\"Contin\u00faa el rector de la UAS tr\u00e1mites para resolver la situaci\u00f3n ante el SAT\",\"datePublished\":\"2022-08-09T20:01:43+00:00\",\"dateModified\":\"2022-08-09T20:02:01+00:00\",\"mainEntityOfPage\":{\"@id\":\"https:\\\/\\\/fuentesfidedignas.com.mx\\\/index.php\\\/2022\\\/08\\\/09\\\/continua-el-rector-de-la-uas-tramites-para-resolver-la-situacion-ante-el-sat\\\/\"},\"wordCount\":372,\"commentCount\":0,\"publisher\":{\"@id\":\"https:\\\/\\\/fuentesfidedignas.com.mx\\\/#organization\"},\"image\":{\"@id\":\"https:\\\/\\\/fuentesfidedignas.com.mx\\\/index.php\\\/2022\\\/08\\\/09\\\/continua-el-rector-de-la-uas-tramites-para-resolver-la-situacion-ante-el-sat\\\/#primaryimage\"},\"thumbnailUrl\":\"https:\\\/\\\/fuentesfidedignas.com.mx\\\/wp-content\\\/uploads\\\/2021\\\/06\\\/Dr.-Jesus-Maduena-Molina.jpg\",\"keywords\":[\"UAS\",\"Universidad Aut\u00f3noma de Sinaloa\"],\"articleSection\":[\"NOTICIAS LOCALES\"],\"inLanguage\":\"es\",\"potentialAction\":[{\"@type\":\"CommentAction\",\"name\":\"Comment\",\"target\":[\"https:\\\/\\\/fuentesfidedignas.com.mx\\\/index.php\\\/2022\\\/08\\\/09\\\/continua-el-rector-de-la-uas-tramites-para-resolver-la-situacion-ante-el-sat\\\/#respond\"]}]},{\"@type\":\"WebPage\",\"@id\":\"https:\\\/\\\/fuentesfidedignas.com.mx\\\/index.php\\\/2022\\\/08\\\/09\\\/continua-el-rector-de-la-uas-tramites-para-resolver-la-situacion-ante-el-sat\\\/\",\"url\":\"https:\\\/\\\/fuentesfidedignas.com.mx\\\/index.php\\\/2022\\\/08\\\/09\\\/continua-el-rector-de-la-uas-tramites-para-resolver-la-situacion-ante-el-sat\\\/\",\"name\":\"Contin\u00faa el rector de la UAS tr\u00e1mites para resolver la situaci\u00f3n ante el SAT - Fuentes Fidedignas\",\"isPartOf\":{\"@id\":\"https:\\\/\\\/fuentesfidedignas.com.mx\\\/#website\"},\"primaryImageOfPage\":{\"@id\":\"https:\\\/\\\/fuentesfidedignas.com.mx\\\/index.php\\\/2022\\\/08\\\/09\\\/continua-el-rector-de-la-uas-tramites-para-resolver-la-situacion-ante-el-sat\\\/#primaryimage\"},\"image\":{\"@id\":\"https:\\\/\\\/fuentesfidedignas.com.mx\\\/index.php\\\/2022\\\/08\\\/09\\\/continua-el-rector-de-la-uas-tramites-para-resolver-la-situacion-ante-el-sat\\\/#primaryimage\"},\"thumbnailUrl\":\"https:\\\/\\\/fuentesfidedignas.com.mx\\\/wp-content\\\/uploads\\\/2021\\\/06\\\/Dr.-Jesus-Maduena-Molina.jpg\",\"datePublished\":\"2022-08-09T20:01:43+00:00\",\"dateModified\":\"2022-08-09T20:02:01+00:00\",\"breadcrumb\":{\"@id\":\"https:\\\/\\\/fuentesfidedignas.com.mx\\\/index.php\\\/2022\\\/08\\\/09\\\/continua-el-rector-de-la-uas-tramites-para-resolver-la-situacion-ante-el-sat\\\/#breadcrumb\"},\"inLanguage\":\"es\",\"potentialAction\":[{\"@type\":\"ReadAction\",\"target\":[\"https:\\\/\\\/fuentesfidedignas.com.mx\\\/index.php\\\/2022\\\/08\\\/09\\\/continua-el-rector-de-la-uas-tramites-para-resolver-la-situacion-ante-el-sat\\\/\"]}]},{\"@type\":\"ImageObject\",\"inLanguage\":\"es\",\"@id\":\"https:\\\/\\\/fuentesfidedignas.com.mx\\\/index.php\\\/2022\\\/08\\\/09\\\/continua-el-rector-de-la-uas-tramites-para-resolver-la-situacion-ante-el-sat\\\/#primaryimage\",\"url\":\"https:\\\/\\\/fuentesfidedignas.com.mx\\\/wp-content\\\/uploads\\\/2021\\\/06\\\/Dr.-Jesus-Maduena-Molina.jpg\",\"contentUrl\":\"https:\\\/\\\/fuentesfidedignas.com.mx\\\/wp-content\\\/uploads\\\/2021\\\/06\\\/Dr.-Jesus-Maduena-Molina.jpg\",\"width\":1600,\"height\":1066},{\"@type\":\"BreadcrumbList\",\"@id\":\"https:\\\/\\\/fuentesfidedignas.com.mx\\\/index.php\\\/2022\\\/08\\\/09\\\/continua-el-rector-de-la-uas-tramites-para-resolver-la-situacion-ante-el-sat\\\/#breadcrumb\",\"itemListElement\":[{\"@type\":\"ListItem\",\"position\":1,\"name\":\"Inicio\",\"item\":\"https:\\\/\\\/fuentesfidedignas.com.mx\\\/\"},{\"@type\":\"ListItem\",\"position\":2,\"name\":\"Contin\u00faa el rector de la UAS tr\u00e1mites para resolver la situaci\u00f3n ante el SAT\"}]},{\"@type\":\"WebSite\",\"@id\":\"https:\\\/\\\/fuentesfidedignas.com.mx\\\/#website\",\"url\":\"https:\\\/\\\/fuentesfidedignas.com.mx\\\/\",\"name\":\"Fuentes Fidedignas\",\"description\":\"Otro sitio realizado con WordPress\",\"publisher\":{\"@id\":\"https:\\\/\\\/fuentesfidedignas.com.mx\\\/#organization\"},\"potentialAction\":[{\"@type\":\"SearchAction\",\"target\":{\"@type\":\"EntryPoint\",\"urlTemplate\":\"https:\\\/\\\/fuentesfidedignas.com.mx\\\/?s={search_term_string}\"},\"query-input\":{\"@type\":\"PropertyValueSpecification\",\"valueRequired\":true,\"valueName\":\"search_term_string\"}}],\"inLanguage\":\"es\"},{\"@type\":\"Organization\",\"@id\":\"https:\\\/\\\/fuentesfidedignas.com.mx\\\/#organization\",\"name\":\"Fuentes Fidedignas\",\"url\":\"https:\\\/\\\/fuentesfidedignas.com.mx\\\/\",\"logo\":{\"@type\":\"ImageObject\",\"inLanguage\":\"es\",\"@id\":\"https:\\\/\\\/fuentesfidedignas.com.mx\\\/#\\\/schema\\\/logo\\\/image\\\/\",\"url\":\"https:\\\/\\\/fuentesfidedignas.com.mx\\\/wp-content\\\/uploads\\\/2021\\\/04\\\/logo-retina.png\",\"contentUrl\":\"https:\\\/\\\/fuentesfidedignas.com.mx\\\/wp-content\\\/uploads\\\/2021\\\/04\\\/logo-retina.png\",\"width\":280,\"height\":51,\"caption\":\"Fuentes Fidedignas\"},\"image\":{\"@id\":\"https:\\\/\\\/fuentesfidedignas.com.mx\\\/#\\\/schema\\\/logo\\\/image\\\/\"},\"sameAs\":[\"https:\\\/\\\/www.facebook.com\\\/Fuentes-Fidedignas-368234489921644\",\"https:\\\/\\\/x.com\\\/fidedignas\"]},{\"@type\":\"Person\",\"@id\":\"https:\\\/\\\/fuentesfidedignas.com.mx\\\/#\\\/schema\\\/person\\\/331be9283d37198e2acd5750279085b0\",\"name\":\"Redacci\u00f3n\",\"image\":{\"@type\":\"ImageObject\",\"inLanguage\":\"es\",\"@id\":\"https:\\\/\\\/secure.gravatar.com\\\/avatar\\\/f6d8782c11d12b2d4ad3fbb6931aeab5309937a4d6cd2fc9cfaa28a6396a5aec?s=96&d=mm&r=g\",\"url\":\"https:\\\/\\\/secure.gravatar.com\\\/avatar\\\/f6d8782c11d12b2d4ad3fbb6931aeab5309937a4d6cd2fc9cfaa28a6396a5aec?s=96&d=mm&r=g\",\"contentUrl\":\"https:\\\/\\\/secure.gravatar.com\\\/avatar\\\/f6d8782c11d12b2d4ad3fbb6931aeab5309937a4d6cd2fc9cfaa28a6396a5aec?s=96&d=mm&r=g\",\"caption\":\"Redacci\u00f3n\"},\"url\":\"https:\\\/\\\/fuentesfidedignas.com.mx\\\/index.php\\\/author\\\/redaccion\\\/\"}]}<\/script>\n<!-- \/ Yoast SEO plugin. -->","yoast_head_json":{"title":"Contin\u00faa el rector de la UAS tr\u00e1mites para resolver la situaci\u00f3n ante el SAT - Fuentes Fidedignas","robots":{"index":"index","follow":"follow","max-snippet":"max-snippet:-1","max-image-preview":"max-image-preview:large","max-video-preview":"max-video-preview:-1"},"canonical":"https:\/\/fuentesfidedignas.com.mx\/index.php\/2022\/08\/09\/continua-el-rector-de-la-uas-tramites-para-resolver-la-situacion-ante-el-sat\/","og_locale":"es_MX","og_type":"article","og_title":"Contin\u00faa el rector de la UAS tr\u00e1mites para resolver la situaci\u00f3n ante el SAT - Fuentes Fidedignas","og_description":"Como resultado de esta gesti\u00f3n se estableci\u00f3 un acuerdo para buscar apoyar a los trabajadores administrativos sindicalizados que perciben menos salario para que no se vean afectados con el descuento del ISR, el cual ya se aplic\u00f3 en la primera semana del presente mes. Culiac\u00e1n, Sin.- El Rector de la Universidad Aut\u00f3noma de Sinaloa (UAS), [&hellip;]","og_url":"https:\/\/fuentesfidedignas.com.mx\/index.php\/2022\/08\/09\/continua-el-rector-de-la-uas-tramites-para-resolver-la-situacion-ante-el-sat\/","og_site_name":"Fuentes Fidedignas","article_publisher":"https:\/\/www.facebook.com\/Fuentes-Fidedignas-368234489921644","article_published_time":"2022-08-09T20:01:43+00:00","article_modified_time":"2022-08-09T20:02:01+00:00","og_image":[{"width":1600,"height":1066,"url":"https:\/\/fuentesfidedignas.com.mx\/wp-content\/uploads\/2021\/06\/Dr.-Jesus-Maduena-Molina.jpg","type":"image\/jpeg"}],"author":"Redacci\u00f3n","twitter_card":"summary_large_image","twitter_creator":"@fidedignas","twitter_site":"@fidedignas","twitter_misc":{"Escrito por":"Redacci\u00f3n","Tiempo de lectura":"2 minutos"},"schema":{"@context":"https:\/\/schema.org","@graph":[{"@type":"Article","@id":"https:\/\/fuentesfidedignas.com.mx\/index.php\/2022\/08\/09\/continua-el-rector-de-la-uas-tramites-para-resolver-la-situacion-ante-el-sat\/#article","isPartOf":{"@id":"https:\/\/fuentesfidedignas.com.mx\/index.php\/2022\/08\/09\/continua-el-rector-de-la-uas-tramites-para-resolver-la-situacion-ante-el-sat\/"},"author":{"name":"Redacci\u00f3n","@id":"https:\/\/fuentesfidedignas.com.mx\/#\/schema\/person\/331be9283d37198e2acd5750279085b0"},"headline":"Contin\u00faa el rector de la UAS tr\u00e1mites para resolver la situaci\u00f3n ante el SAT","datePublished":"2022-08-09T20:01:43+00:00","dateModified":"2022-08-09T20:02:01+00:00","mainEntityOfPage":{"@id":"https:\/\/fuentesfidedignas.com.mx\/index.php\/2022\/08\/09\/continua-el-rector-de-la-uas-tramites-para-resolver-la-situacion-ante-el-sat\/"},"wordCount":372,"commentCount":0,"publisher":{"@id":"https:\/\/fuentesfidedignas.com.mx\/#organization"},"image":{"@id":"https:\/\/fuentesfidedignas.com.mx\/index.php\/2022\/08\/09\/continua-el-rector-de-la-uas-tramites-para-resolver-la-situacion-ante-el-sat\/#primaryimage"},"thumbnailUrl":"https:\/\/fuentesfidedignas.com.mx\/wp-content\/uploads\/2021\/06\/Dr.-Jesus-Maduena-Molina.jpg","keywords":["UAS","Universidad Aut\u00f3noma de Sinaloa"],"articleSection":["NOTICIAS LOCALES"],"inLanguage":"es","potentialAction":[{"@type":"CommentAction","name":"Comment","target":["https:\/\/fuentesfidedignas.com.mx\/index.php\/2022\/08\/09\/continua-el-rector-de-la-uas-tramites-para-resolver-la-situacion-ante-el-sat\/#respond"]}]},{"@type":"WebPage","@id":"https:\/\/fuentesfidedignas.com.mx\/index.php\/2022\/08\/09\/continua-el-rector-de-la-uas-tramites-para-resolver-la-situacion-ante-el-sat\/","url":"https:\/\/fuentesfidedignas.com.mx\/index.php\/2022\/08\/09\/continua-el-rector-de-la-uas-tramites-para-resolver-la-situacion-ante-el-sat\/","name":"Contin\u00faa el rector de la UAS tr\u00e1mites para resolver la situaci\u00f3n ante el SAT - Fuentes Fidedignas","isPartOf":{"@id":"https:\/\/fuentesfidedignas.com.mx\/#website"},"primaryImageOfPage":{"@id":"https:\/\/fuentesfidedignas.com.mx\/index.php\/2022\/08\/09\/continua-el-rector-de-la-uas-tramites-para-resolver-la-situacion-ante-el-sat\/#primaryimage"},"image":{"@id":"https:\/\/fuentesfidedignas.com.mx\/index.php\/2022\/08\/09\/continua-el-rector-de-la-uas-tramites-para-resolver-la-situacion-ante-el-sat\/#primaryimage"},"thumbnailUrl":"https:\/\/fuentesfidedignas.com.mx\/wp-content\/uploads\/2021\/06\/Dr.-Jesus-Maduena-Molina.jpg","datePublished":"2022-08-09T20:01:43+00:00","dateModified":"2022-08-09T20:02:01+00:00","breadcrumb":{"@id":"https:\/\/fuentesfidedignas.com.mx\/index.php\/2022\/08\/09\/continua-el-rector-de-la-uas-tramites-para-resolver-la-situacion-ante-el-sat\/#breadcrumb"},"inLanguage":"es","potentialAction":[{"@type":"ReadAction","target":["https:\/\/fuentesfidedignas.com.mx\/index.php\/2022\/08\/09\/continua-el-rector-de-la-uas-tramites-para-resolver-la-situacion-ante-el-sat\/"]}]},{"@type":"ImageObject","inLanguage":"es","@id":"https:\/\/fuentesfidedignas.com.mx\/index.php\/2022\/08\/09\/continua-el-rector-de-la-uas-tramites-para-resolver-la-situacion-ante-el-sat\/#primaryimage","url":"https:\/\/fuentesfidedignas.com.mx\/wp-content\/uploads\/2021\/06\/Dr.-Jesus-Maduena-Molina.jpg","contentUrl":"https:\/\/fuentesfidedignas.com.mx\/wp-content\/uploads\/2021\/06\/Dr.-Jesus-Maduena-Molina.jpg","width":1600,"height":1066},{"@type":"BreadcrumbList","@id":"https:\/\/fuentesfidedignas.com.mx\/index.php\/2022\/08\/09\/continua-el-rector-de-la-uas-tramites-para-resolver-la-situacion-ante-el-sat\/#breadcrumb","itemListElement":[{"@type":"ListItem","position":1,"name":"Inicio","item":"https:\/\/fuentesfidedignas.com.mx\/"},{"@type":"ListItem","position":2,"name":"Contin\u00faa el rector de la UAS tr\u00e1mites para resolver la situaci\u00f3n ante el SAT"}]},{"@type":"WebSite","@id":"https:\/\/fuentesfidedignas.com.mx\/#website","url":"https:\/\/fuentesfidedignas.com.mx\/","name":"Fuentes Fidedignas","description":"Otro sitio realizado con WordPress","publisher":{"@id":"https:\/\/fuentesfidedignas.com.mx\/#organization"},"potentialAction":[{"@type":"SearchAction","target":{"@type":"EntryPoint","urlTemplate":"https:\/\/fuentesfidedignas.com.mx\/?s={search_term_string}"},"query-input":{"@type":"PropertyValueSpecification","valueRequired":true,"valueName":"search_term_string"}}],"inLanguage":"es"},{"@type":"Organization","@id":"https:\/\/fuentesfidedignas.com.mx\/#organization","name":"Fuentes Fidedignas","url":"https:\/\/fuentesfidedignas.com.mx\/","logo":{"@type":"ImageObject","inLanguage":"es","@id":"https:\/\/fuentesfidedignas.com.mx\/#\/schema\/logo\/image\/","url":"https:\/\/fuentesfidedignas.com.mx\/wp-content\/uploads\/2021\/04\/logo-retina.png","contentUrl":"https:\/\/fuentesfidedignas.com.mx\/wp-content\/uploads\/2021\/04\/logo-retina.png","width":280,"height":51,"caption":"Fuentes Fidedignas"},"image":{"@id":"https:\/\/fuentesfidedignas.com.mx\/#\/schema\/logo\/image\/"},"sameAs":["https:\/\/www.facebook.com\/Fuentes-Fidedignas-368234489921644","https:\/\/x.com\/fidedignas"]},{"@type":"Person","@id":"https:\/\/fuentesfidedignas.com.mx\/#\/schema\/person\/331be9283d37198e2acd5750279085b0","name":"Redacci\u00f3n","image":{"@type":"ImageObject","inLanguage":"es","@id":"https:\/\/secure.gravatar.com\/avatar\/f6d8782c11d12b2d4ad3fbb6931aeab5309937a4d6cd2fc9cfaa28a6396a5aec?s=96&d=mm&r=g","url":"https:\/\/secure.gravatar.com\/avatar\/f6d8782c11d12b2d4ad3fbb6931aeab5309937a4d6cd2fc9cfaa28a6396a5aec?s=96&d=mm&r=g","contentUrl":"https:\/\/secure.gravatar.com\/avatar\/f6d8782c11d12b2d4ad3fbb6931aeab5309937a4d6cd2fc9cfaa28a6396a5aec?s=96&d=mm&r=g","caption":"Redacci\u00f3n"},"url":"https:\/\/fuentesfidedignas.com.mx\/index.php\/author\/redaccion\/"}]}},"_links":{"self":[{"href":"https:\/\/fuentesfidedignas.com.mx\/index.php\/wp-json\/wp\/v2\/posts\/39303","targetHints":{"allow":["GET"]}}],"collection":[{"href":"https:\/\/fuentesfidedignas.com.mx\/index.php\/wp-json\/wp\/v2\/posts"}],"about":[{"href":"https:\/\/fuentesfidedignas.com.mx\/index.php\/wp-json\/wp\/v2\/types\/post"}],"author":[{"embeddable":true,"href":"https:\/\/fuentesfidedignas.com.mx\/index.php\/wp-json\/wp\/v2\/users\/4"}],"replies":[{"embeddable":true,"href":"https:\/\/fuentesfidedignas.com.mx\/index.php\/wp-json\/wp\/v2\/comments?post=39303"}],"version-history":[{"count":1,"href":"https:\/\/fuentesfidedignas.com.mx\/index.php\/wp-json\/wp\/v2\/posts\/39303\/revisions"}],"predecessor-version":[{"id":39305,"href":"https:\/\/fuentesfidedignas.com.mx\/index.php\/wp-json\/wp\/v2\/posts\/39303\/revisions\/39305"}],"wp:featuredmedia":[{"embeddable":true,"href":"https:\/\/fuentesfidedignas.com.mx\/index.php\/wp-json\/wp\/v2\/media\/5823"}],"wp:attachment":[{"href":"https:\/\/fuentesfidedignas.com.mx\/index.php\/wp-json\/wp\/v2\/media?parent=39303"}],"wp:term":[{"taxonomy":"category","embeddable":true,"href":"https:\/\/fuentesfidedignas.com.mx\/index.php\/wp-json\/wp\/v2\/categories?post=39303"},{"taxonomy":"post_tag","embeddable":true,"href":"https:\/\/fuentesfidedignas.com.mx\/index.php\/wp-json\/wp\/v2\/tags?post=39303"}],"curies":[{"name":"wp","href":"https:\/\/api.w.org\/{rel}","templated":true}]}}