{"id":39136,"date":"2022-08-07T21:00:07","date_gmt":"2022-08-08T03:00:07","guid":{"rendered":"https:\/\/fuentesfidedignas.com.mx\/?p=39136"},"modified":"2022-08-07T21:00:08","modified_gmt":"2022-08-08T03:00:08","slug":"grupo-armado-golpea-a-personal-de-la-cruz-roja-en-culiacan","status":"publish","type":"post","link":"https:\/\/fuentesfidedignas.com.mx\/index.php\/2022\/08\/07\/grupo-armado-golpea-a-personal-de-la-cruz-roja-en-culiacan\/","title":{"rendered":"Grupo armado golpea a personal de la Cruz Roja en Culiac\u00e1n"},"content":{"rendered":"\n<p><strong><em>De acuerdo a los primeros reportes, al solicitar a una pareja esperar por atenci\u00f3n m\u00e9dica minutos despu\u00e9s arribaron varios hombres armados, los cuales se introdujeron a las instalaciones de la Cruz Roja<\/em><\/strong><\/p>\n\n\n\n<p>Culiac\u00e1n, Sin.- Personal m\u00e9dico y enfermeras de la base de la Cruz Roja, ubicada en el cubre del bulevar Leyva Solano y la calle Ruperto L Paliza, en el centro de Culiac\u00e1n fueron agredidos a golpes e insultados por un grupo armado que ingreso a reclamarles no haber dado una atenci\u00f3n prioritaria a una pareja que lo hab\u00eda solicitado.<\/p>\n\n\n\n<p>El reporte emitido, es que la tarde de este domingo, se present\u00f3 una pareja a solicitar atenci\u00f3n m\u00e9dica, por lo que el personal le notific\u00f3 que tendr\u00e1n que esperarse, puesto que ten\u00edan varios pacientes en espera de ser atendidos, lo que les molest\u00f3 y se retiraron.<\/p>\n\n\n\n<p>Poco despu\u00e9s, arribaron varios hombres armados, los cuales se introdujeron a las instalaciones de la Cruz Roja, amenazaron al personal y golpearon a un m\u00e9dico y una enfermera por no haber dado la atenci\u00f3n a la pareja que lo hab\u00eda solicitado.<\/p>\n\n\n\n<p>Luego de lanzar amenazas e insultos, los hombres armados se retiraron del lugar, sin que ninguna autoridad lograra detenerla, pese al operativo que se mantiene desde la noche del s\u00e1bado pasado, en busca de los homicidas del subdirector de la Polic\u00eda Municipal, Juan Armando Silva Alvarado, de 45 a\u00f1os de edad.<\/p>\n\n\n\n<p>El jefe policiaco, quien durante la ma\u00f1ana del s\u00e1bado pasado recibi\u00f3 el nombramiento de su nuevo cargo, por la noche, encabez\u00f3 uno de los grupos de agentes adscritos al operativo de revisi\u00f3n de bares, cantinas y centros nocturnos.<\/p>\n\n\n\n<p>Durante su desplazamiento con sus escoltas y varios agentes en tres veh\u00edculos oficiales, un grupo armado los intercept\u00f3 por la calle Alfonso Zaragoza Maytorena, frente al edificio 120 del Desarrollo de Tres R\u00edos, los despojos de sus armas de cargo y asesinaron al jefe policiaco, para despu\u00e9s huir del lugar.<\/p>\n\n\n\n<p>&#8220;Solo hubo discusi\u00f3n&#8221;, dice secretario de seguridad de Sinaloa sobre agresi\u00f3n<br>El Secretario de Seguridad P\u00fablica del Estado, Crist\u00f3bal Casta\u00f1eda Camarillo, asegur\u00f3 que el incidente registrado en la base de la Cruz Roja, en el centro de Culiac\u00e1n, se deriv\u00f3 solo de una discusi\u00f3n entre el familiar de un paciente y un m\u00e9dico, en el que no se involucr\u00f3 armas de fuego.<\/p>\n\n\n\n<p>A trav\u00e9s de su cuenta de Tweet, extern\u00f3 que ante la versi\u00f3n que circul\u00f3 que personas armadas ingresaron a la benem\u00e9rita instituci\u00f3n, ubicada en el bulevar Leyva Solano, esquina, con la calle Ruperto L Paliza, la informaci\u00f3n recabada, fue que se trat\u00f3 de una discusi\u00f3n.<\/p>\n\n\n\n<p>Un primer reporte, resalt\u00f3 que la tarde de este domingo, una pareja ingreso a la base de la Cruz Roja para solicitar atenci\u00f3n m\u00e9dica de urgencia, por lo que el personal de la instituci\u00f3n les notific\u00f3 que tendr\u00edan que esperar, puesto que hab\u00eda varios pacientes que ten\u00edan que ser atendidos antes que ellos, por lo que estos abandonaron el lugar molesto.<\/p>\n\n\n\n<p>La versi\u00f3n divulgada, es que poco despu\u00e9s, hombres armados, llegaron a la Cruz Roja, amenazaron al personal y golpearon a un m\u00e9dico y una enfermera, por no haberles dado prioridad a la pareja, para despu\u00e9s retirarse del lugar.<\/p>\n","protected":false},"excerpt":{"rendered":"<p>De acuerdo a los primeros reportes, al solicitar a una pareja esperar por atenci\u00f3n m\u00e9dica minutos despu\u00e9s arribaron varios hombres armados, los cuales se introdujeron a las instalaciones de la Cruz Roja Culiac\u00e1n, Sin.- Personal m\u00e9dico y enfermeras de la base de la Cruz Roja, ubicada en el cubre del bulevar Leyva Solano y la [&hellip;]<\/p>\n","protected":false},"author":39,"featured_media":39137,"comment_status":"open","ping_status":"open","sticky":false,"template":"","format":"standard","meta":{"tdm_status":"","tdm_grid_status":"","footnotes":""},"categories":[37],"tags":[],"class_list":{"0":"post-39136","1":"post","2":"type-post","3":"status-publish","4":"format-standard","5":"has-post-thumbnail","7":"category-nota-principal"},"yoast_head":"<!-- This site is optimized with the Yoast SEO plugin v27.4 - https:\/\/yoast.com\/product\/yoast-seo-wordpress\/ -->\n<title>Grupo armado golpea a personal de la Cruz Roja en Culiac\u00e1n - Fuentes Fidedignas<\/title>\n<meta name=\"robots\" content=\"index, follow, max-snippet:-1, max-image-preview:large, max-video-preview:-1\" \/>\n<link rel=\"canonical\" href=\"https:\/\/fuentesfidedignas.com.mx\/index.php\/2022\/08\/07\/grupo-armado-golpea-a-personal-de-la-cruz-roja-en-culiacan\/\" \/>\n<meta property=\"og:locale\" content=\"es_MX\" \/>\n<meta property=\"og:type\" content=\"article\" \/>\n<meta property=\"og:title\" content=\"Grupo armado golpea a personal de la Cruz Roja en Culiac\u00e1n - Fuentes Fidedignas\" \/>\n<meta property=\"og:description\" content=\"De acuerdo a los primeros reportes, al solicitar a una pareja esperar por atenci\u00f3n m\u00e9dica minutos despu\u00e9s arribaron varios hombres armados, los cuales se introdujeron a las instalaciones de la Cruz Roja Culiac\u00e1n, Sin.- Personal m\u00e9dico y enfermeras de la base de la Cruz Roja, ubicada en el cubre del bulevar Leyva Solano y la [&hellip;]\" \/>\n<meta property=\"og:url\" content=\"https:\/\/fuentesfidedignas.com.mx\/index.php\/2022\/08\/07\/grupo-armado-golpea-a-personal-de-la-cruz-roja-en-culiacan\/\" \/>\n<meta property=\"og:site_name\" content=\"Fuentes Fidedignas\" \/>\n<meta property=\"article:publisher\" content=\"https:\/\/www.facebook.com\/Fuentes-Fidedignas-368234489921644\" \/>\n<meta property=\"article:published_time\" content=\"2022-08-08T03:00:07+00:00\" \/>\n<meta property=\"article:modified_time\" content=\"2022-08-08T03:00:08+00:00\" \/>\n<meta property=\"og:image\" content=\"https:\/\/fuentesfidedignas.com.mx\/wp-content\/uploads\/2022\/08\/cruz-roja-opera-con-menos-de-la-mitad-de-socorristas-154347.jpeg\" \/>\n\t<meta property=\"og:image:width\" content=\"800\" \/>\n\t<meta property=\"og:image:height\" content=\"600\" \/>\n\t<meta property=\"og:image:type\" content=\"image\/jpeg\" \/>\n<meta name=\"author\" content=\"El Universal\" \/>\n<meta name=\"twitter:card\" content=\"summary_large_image\" \/>\n<meta name=\"twitter:creator\" content=\"@fidedignas\" \/>\n<meta name=\"twitter:site\" content=\"@fidedignas\" \/>\n<meta name=\"twitter:label1\" content=\"Escrito por\" \/>\n\t<meta name=\"twitter:data1\" content=\"El Universal\" \/>\n\t<meta name=\"twitter:label2\" content=\"Tiempo de lectura\" \/>\n\t<meta name=\"twitter:data2\" content=\"3 minutos\" \/>\n<script type=\"application\/ld+json\" class=\"yoast-schema-graph\">{\"@context\":\"https:\\\/\\\/schema.org\",\"@graph\":[{\"@type\":\"Article\",\"@id\":\"https:\\\/\\\/fuentesfidedignas.com.mx\\\/index.php\\\/2022\\\/08\\\/07\\\/grupo-armado-golpea-a-personal-de-la-cruz-roja-en-culiacan\\\/#article\",\"isPartOf\":{\"@id\":\"https:\\\/\\\/fuentesfidedignas.com.mx\\\/index.php\\\/2022\\\/08\\\/07\\\/grupo-armado-golpea-a-personal-de-la-cruz-roja-en-culiacan\\\/\"},\"author\":{\"name\":\"El Universal\",\"@id\":\"https:\\\/\\\/fuentesfidedignas.com.mx\\\/#\\\/schema\\\/person\\\/fee3882e65fd0510d292c43a346d35d7\"},\"headline\":\"Grupo armado golpea a personal de la Cruz Roja en Culiac\u00e1n\",\"datePublished\":\"2022-08-08T03:00:07+00:00\",\"dateModified\":\"2022-08-08T03:00:08+00:00\",\"mainEntityOfPage\":{\"@id\":\"https:\\\/\\\/fuentesfidedignas.com.mx\\\/index.php\\\/2022\\\/08\\\/07\\\/grupo-armado-golpea-a-personal-de-la-cruz-roja-en-culiacan\\\/\"},\"wordCount\":582,\"commentCount\":0,\"publisher\":{\"@id\":\"https:\\\/\\\/fuentesfidedignas.com.mx\\\/#organization\"},\"image\":{\"@id\":\"https:\\\/\\\/fuentesfidedignas.com.mx\\\/index.php\\\/2022\\\/08\\\/07\\\/grupo-armado-golpea-a-personal-de-la-cruz-roja-en-culiacan\\\/#primaryimage\"},\"thumbnailUrl\":\"https:\\\/\\\/fuentesfidedignas.com.mx\\\/wp-content\\\/uploads\\\/2022\\\/08\\\/cruz-roja-opera-con-menos-de-la-mitad-de-socorristas-154347.jpeg\",\"articleSection\":[\"NOTA PRINCIPAL\"],\"inLanguage\":\"es\",\"potentialAction\":[{\"@type\":\"CommentAction\",\"name\":\"Comment\",\"target\":[\"https:\\\/\\\/fuentesfidedignas.com.mx\\\/index.php\\\/2022\\\/08\\\/07\\\/grupo-armado-golpea-a-personal-de-la-cruz-roja-en-culiacan\\\/#respond\"]}]},{\"@type\":\"WebPage\",\"@id\":\"https:\\\/\\\/fuentesfidedignas.com.mx\\\/index.php\\\/2022\\\/08\\\/07\\\/grupo-armado-golpea-a-personal-de-la-cruz-roja-en-culiacan\\\/\",\"url\":\"https:\\\/\\\/fuentesfidedignas.com.mx\\\/index.php\\\/2022\\\/08\\\/07\\\/grupo-armado-golpea-a-personal-de-la-cruz-roja-en-culiacan\\\/\",\"name\":\"Grupo armado golpea a personal de la Cruz Roja en Culiac\u00e1n - Fuentes Fidedignas\",\"isPartOf\":{\"@id\":\"https:\\\/\\\/fuentesfidedignas.com.mx\\\/#website\"},\"primaryImageOfPage\":{\"@id\":\"https:\\\/\\\/fuentesfidedignas.com.mx\\\/index.php\\\/2022\\\/08\\\/07\\\/grupo-armado-golpea-a-personal-de-la-cruz-roja-en-culiacan\\\/#primaryimage\"},\"image\":{\"@id\":\"https:\\\/\\\/fuentesfidedignas.com.mx\\\/index.php\\\/2022\\\/08\\\/07\\\/grupo-armado-golpea-a-personal-de-la-cruz-roja-en-culiacan\\\/#primaryimage\"},\"thumbnailUrl\":\"https:\\\/\\\/fuentesfidedignas.com.mx\\\/wp-content\\\/uploads\\\/2022\\\/08\\\/cruz-roja-opera-con-menos-de-la-mitad-de-socorristas-154347.jpeg\",\"datePublished\":\"2022-08-08T03:00:07+00:00\",\"dateModified\":\"2022-08-08T03:00:08+00:00\",\"breadcrumb\":{\"@id\":\"https:\\\/\\\/fuentesfidedignas.com.mx\\\/index.php\\\/2022\\\/08\\\/07\\\/grupo-armado-golpea-a-personal-de-la-cruz-roja-en-culiacan\\\/#breadcrumb\"},\"inLanguage\":\"es\",\"potentialAction\":[{\"@type\":\"ReadAction\",\"target\":[\"https:\\\/\\\/fuentesfidedignas.com.mx\\\/index.php\\\/2022\\\/08\\\/07\\\/grupo-armado-golpea-a-personal-de-la-cruz-roja-en-culiacan\\\/\"]}]},{\"@type\":\"ImageObject\",\"inLanguage\":\"es\",\"@id\":\"https:\\\/\\\/fuentesfidedignas.com.mx\\\/index.php\\\/2022\\\/08\\\/07\\\/grupo-armado-golpea-a-personal-de-la-cruz-roja-en-culiacan\\\/#primaryimage\",\"url\":\"https:\\\/\\\/fuentesfidedignas.com.mx\\\/wp-content\\\/uploads\\\/2022\\\/08\\\/cruz-roja-opera-con-menos-de-la-mitad-de-socorristas-154347.jpeg\",\"contentUrl\":\"https:\\\/\\\/fuentesfidedignas.com.mx\\\/wp-content\\\/uploads\\\/2022\\\/08\\\/cruz-roja-opera-con-menos-de-la-mitad-de-socorristas-154347.jpeg\",\"width\":800,\"height\":600},{\"@type\":\"BreadcrumbList\",\"@id\":\"https:\\\/\\\/fuentesfidedignas.com.mx\\\/index.php\\\/2022\\\/08\\\/07\\\/grupo-armado-golpea-a-personal-de-la-cruz-roja-en-culiacan\\\/#breadcrumb\",\"itemListElement\":[{\"@type\":\"ListItem\",\"position\":1,\"name\":\"Inicio\",\"item\":\"https:\\\/\\\/fuentesfidedignas.com.mx\\\/\"},{\"@type\":\"ListItem\",\"position\":2,\"name\":\"Grupo armado golpea a personal de la Cruz Roja en Culiac\u00e1n\"}]},{\"@type\":\"WebSite\",\"@id\":\"https:\\\/\\\/fuentesfidedignas.com.mx\\\/#website\",\"url\":\"https:\\\/\\\/fuentesfidedignas.com.mx\\\/\",\"name\":\"Fuentes Fidedignas\",\"description\":\"Otro sitio realizado con WordPress\",\"publisher\":{\"@id\":\"https:\\\/\\\/fuentesfidedignas.com.mx\\\/#organization\"},\"potentialAction\":[{\"@type\":\"SearchAction\",\"target\":{\"@type\":\"EntryPoint\",\"urlTemplate\":\"https:\\\/\\\/fuentesfidedignas.com.mx\\\/?s={search_term_string}\"},\"query-input\":{\"@type\":\"PropertyValueSpecification\",\"valueRequired\":true,\"valueName\":\"search_term_string\"}}],\"inLanguage\":\"es\"},{\"@type\":\"Organization\",\"@id\":\"https:\\\/\\\/fuentesfidedignas.com.mx\\\/#organization\",\"name\":\"Fuentes Fidedignas\",\"url\":\"https:\\\/\\\/fuentesfidedignas.com.mx\\\/\",\"logo\":{\"@type\":\"ImageObject\",\"inLanguage\":\"es\",\"@id\":\"https:\\\/\\\/fuentesfidedignas.com.mx\\\/#\\\/schema\\\/logo\\\/image\\\/\",\"url\":\"https:\\\/\\\/fuentesfidedignas.com.mx\\\/wp-content\\\/uploads\\\/2021\\\/04\\\/logo-retina.png\",\"contentUrl\":\"https:\\\/\\\/fuentesfidedignas.com.mx\\\/wp-content\\\/uploads\\\/2021\\\/04\\\/logo-retina.png\",\"width\":280,\"height\":51,\"caption\":\"Fuentes Fidedignas\"},\"image\":{\"@id\":\"https:\\\/\\\/fuentesfidedignas.com.mx\\\/#\\\/schema\\\/logo\\\/image\\\/\"},\"sameAs\":[\"https:\\\/\\\/www.facebook.com\\\/Fuentes-Fidedignas-368234489921644\",\"https:\\\/\\\/x.com\\\/fidedignas\"]},{\"@type\":\"Person\",\"@id\":\"https:\\\/\\\/fuentesfidedignas.com.mx\\\/#\\\/schema\\\/person\\\/fee3882e65fd0510d292c43a346d35d7\",\"name\":\"El Universal\",\"image\":{\"@type\":\"ImageObject\",\"inLanguage\":\"es\",\"@id\":\"https:\\\/\\\/secure.gravatar.com\\\/avatar\\\/1ebc94d82b6c3c081781f73e5b76a0d0c1ac7bf8e57426f18802246eeaa2747c?s=96&d=mm&r=g\",\"url\":\"https:\\\/\\\/secure.gravatar.com\\\/avatar\\\/1ebc94d82b6c3c081781f73e5b76a0d0c1ac7bf8e57426f18802246eeaa2747c?s=96&d=mm&r=g\",\"contentUrl\":\"https:\\\/\\\/secure.gravatar.com\\\/avatar\\\/1ebc94d82b6c3c081781f73e5b76a0d0c1ac7bf8e57426f18802246eeaa2747c?s=96&d=mm&r=g\",\"caption\":\"El Universal\"},\"url\":\"https:\\\/\\\/fuentesfidedignas.com.mx\\\/index.php\\\/author\\\/el-universal\\\/\"}]}<\/script>\n<!-- \/ Yoast SEO plugin. -->","yoast_head_json":{"title":"Grupo armado golpea a personal de la Cruz Roja en Culiac\u00e1n - Fuentes Fidedignas","robots":{"index":"index","follow":"follow","max-snippet":"max-snippet:-1","max-image-preview":"max-image-preview:large","max-video-preview":"max-video-preview:-1"},"canonical":"https:\/\/fuentesfidedignas.com.mx\/index.php\/2022\/08\/07\/grupo-armado-golpea-a-personal-de-la-cruz-roja-en-culiacan\/","og_locale":"es_MX","og_type":"article","og_title":"Grupo armado golpea a personal de la Cruz Roja en Culiac\u00e1n - Fuentes Fidedignas","og_description":"De acuerdo a los primeros reportes, al solicitar a una pareja esperar por atenci\u00f3n m\u00e9dica minutos despu\u00e9s arribaron varios hombres armados, los cuales se introdujeron a las instalaciones de la Cruz Roja Culiac\u00e1n, Sin.- Personal m\u00e9dico y enfermeras de la base de la Cruz Roja, ubicada en el cubre del bulevar Leyva Solano y la [&hellip;]","og_url":"https:\/\/fuentesfidedignas.com.mx\/index.php\/2022\/08\/07\/grupo-armado-golpea-a-personal-de-la-cruz-roja-en-culiacan\/","og_site_name":"Fuentes Fidedignas","article_publisher":"https:\/\/www.facebook.com\/Fuentes-Fidedignas-368234489921644","article_published_time":"2022-08-08T03:00:07+00:00","article_modified_time":"2022-08-08T03:00:08+00:00","og_image":[{"width":800,"height":600,"url":"https:\/\/fuentesfidedignas.com.mx\/wp-content\/uploads\/2022\/08\/cruz-roja-opera-con-menos-de-la-mitad-de-socorristas-154347.jpeg","type":"image\/jpeg"}],"author":"El Universal","twitter_card":"summary_large_image","twitter_creator":"@fidedignas","twitter_site":"@fidedignas","twitter_misc":{"Escrito por":"El Universal","Tiempo de lectura":"3 minutos"},"schema":{"@context":"https:\/\/schema.org","@graph":[{"@type":"Article","@id":"https:\/\/fuentesfidedignas.com.mx\/index.php\/2022\/08\/07\/grupo-armado-golpea-a-personal-de-la-cruz-roja-en-culiacan\/#article","isPartOf":{"@id":"https:\/\/fuentesfidedignas.com.mx\/index.php\/2022\/08\/07\/grupo-armado-golpea-a-personal-de-la-cruz-roja-en-culiacan\/"},"author":{"name":"El Universal","@id":"https:\/\/fuentesfidedignas.com.mx\/#\/schema\/person\/fee3882e65fd0510d292c43a346d35d7"},"headline":"Grupo armado golpea a personal de la Cruz Roja en Culiac\u00e1n","datePublished":"2022-08-08T03:00:07+00:00","dateModified":"2022-08-08T03:00:08+00:00","mainEntityOfPage":{"@id":"https:\/\/fuentesfidedignas.com.mx\/index.php\/2022\/08\/07\/grupo-armado-golpea-a-personal-de-la-cruz-roja-en-culiacan\/"},"wordCount":582,"commentCount":0,"publisher":{"@id":"https:\/\/fuentesfidedignas.com.mx\/#organization"},"image":{"@id":"https:\/\/fuentesfidedignas.com.mx\/index.php\/2022\/08\/07\/grupo-armado-golpea-a-personal-de-la-cruz-roja-en-culiacan\/#primaryimage"},"thumbnailUrl":"https:\/\/fuentesfidedignas.com.mx\/wp-content\/uploads\/2022\/08\/cruz-roja-opera-con-menos-de-la-mitad-de-socorristas-154347.jpeg","articleSection":["NOTA PRINCIPAL"],"inLanguage":"es","potentialAction":[{"@type":"CommentAction","name":"Comment","target":["https:\/\/fuentesfidedignas.com.mx\/index.php\/2022\/08\/07\/grupo-armado-golpea-a-personal-de-la-cruz-roja-en-culiacan\/#respond"]}]},{"@type":"WebPage","@id":"https:\/\/fuentesfidedignas.com.mx\/index.php\/2022\/08\/07\/grupo-armado-golpea-a-personal-de-la-cruz-roja-en-culiacan\/","url":"https:\/\/fuentesfidedignas.com.mx\/index.php\/2022\/08\/07\/grupo-armado-golpea-a-personal-de-la-cruz-roja-en-culiacan\/","name":"Grupo armado golpea a personal de la Cruz Roja en Culiac\u00e1n - Fuentes Fidedignas","isPartOf":{"@id":"https:\/\/fuentesfidedignas.com.mx\/#website"},"primaryImageOfPage":{"@id":"https:\/\/fuentesfidedignas.com.mx\/index.php\/2022\/08\/07\/grupo-armado-golpea-a-personal-de-la-cruz-roja-en-culiacan\/#primaryimage"},"image":{"@id":"https:\/\/fuentesfidedignas.com.mx\/index.php\/2022\/08\/07\/grupo-armado-golpea-a-personal-de-la-cruz-roja-en-culiacan\/#primaryimage"},"thumbnailUrl":"https:\/\/fuentesfidedignas.com.mx\/wp-content\/uploads\/2022\/08\/cruz-roja-opera-con-menos-de-la-mitad-de-socorristas-154347.jpeg","datePublished":"2022-08-08T03:00:07+00:00","dateModified":"2022-08-08T03:00:08+00:00","breadcrumb":{"@id":"https:\/\/fuentesfidedignas.com.mx\/index.php\/2022\/08\/07\/grupo-armado-golpea-a-personal-de-la-cruz-roja-en-culiacan\/#breadcrumb"},"inLanguage":"es","potentialAction":[{"@type":"ReadAction","target":["https:\/\/fuentesfidedignas.com.mx\/index.php\/2022\/08\/07\/grupo-armado-golpea-a-personal-de-la-cruz-roja-en-culiacan\/"]}]},{"@type":"ImageObject","inLanguage":"es","@id":"https:\/\/fuentesfidedignas.com.mx\/index.php\/2022\/08\/07\/grupo-armado-golpea-a-personal-de-la-cruz-roja-en-culiacan\/#primaryimage","url":"https:\/\/fuentesfidedignas.com.mx\/wp-content\/uploads\/2022\/08\/cruz-roja-opera-con-menos-de-la-mitad-de-socorristas-154347.jpeg","contentUrl":"https:\/\/fuentesfidedignas.com.mx\/wp-content\/uploads\/2022\/08\/cruz-roja-opera-con-menos-de-la-mitad-de-socorristas-154347.jpeg","width":800,"height":600},{"@type":"BreadcrumbList","@id":"https:\/\/fuentesfidedignas.com.mx\/index.php\/2022\/08\/07\/grupo-armado-golpea-a-personal-de-la-cruz-roja-en-culiacan\/#breadcrumb","itemListElement":[{"@type":"ListItem","position":1,"name":"Inicio","item":"https:\/\/fuentesfidedignas.com.mx\/"},{"@type":"ListItem","position":2,"name":"Grupo armado golpea a personal de la Cruz Roja en Culiac\u00e1n"}]},{"@type":"WebSite","@id":"https:\/\/fuentesfidedignas.com.mx\/#website","url":"https:\/\/fuentesfidedignas.com.mx\/","name":"Fuentes Fidedignas","description":"Otro sitio realizado con WordPress","publisher":{"@id":"https:\/\/fuentesfidedignas.com.mx\/#organization"},"potentialAction":[{"@type":"SearchAction","target":{"@type":"EntryPoint","urlTemplate":"https:\/\/fuentesfidedignas.com.mx\/?s={search_term_string}"},"query-input":{"@type":"PropertyValueSpecification","valueRequired":true,"valueName":"search_term_string"}}],"inLanguage":"es"},{"@type":"Organization","@id":"https:\/\/fuentesfidedignas.com.mx\/#organization","name":"Fuentes Fidedignas","url":"https:\/\/fuentesfidedignas.com.mx\/","logo":{"@type":"ImageObject","inLanguage":"es","@id":"https:\/\/fuentesfidedignas.com.mx\/#\/schema\/logo\/image\/","url":"https:\/\/fuentesfidedignas.com.mx\/wp-content\/uploads\/2021\/04\/logo-retina.png","contentUrl":"https:\/\/fuentesfidedignas.com.mx\/wp-content\/uploads\/2021\/04\/logo-retina.png","width":280,"height":51,"caption":"Fuentes Fidedignas"},"image":{"@id":"https:\/\/fuentesfidedignas.com.mx\/#\/schema\/logo\/image\/"},"sameAs":["https:\/\/www.facebook.com\/Fuentes-Fidedignas-368234489921644","https:\/\/x.com\/fidedignas"]},{"@type":"Person","@id":"https:\/\/fuentesfidedignas.com.mx\/#\/schema\/person\/fee3882e65fd0510d292c43a346d35d7","name":"El Universal","image":{"@type":"ImageObject","inLanguage":"es","@id":"https:\/\/secure.gravatar.com\/avatar\/1ebc94d82b6c3c081781f73e5b76a0d0c1ac7bf8e57426f18802246eeaa2747c?s=96&d=mm&r=g","url":"https:\/\/secure.gravatar.com\/avatar\/1ebc94d82b6c3c081781f73e5b76a0d0c1ac7bf8e57426f18802246eeaa2747c?s=96&d=mm&r=g","contentUrl":"https:\/\/secure.gravatar.com\/avatar\/1ebc94d82b6c3c081781f73e5b76a0d0c1ac7bf8e57426f18802246eeaa2747c?s=96&d=mm&r=g","caption":"El Universal"},"url":"https:\/\/fuentesfidedignas.com.mx\/index.php\/author\/el-universal\/"}]}},"_links":{"self":[{"href":"https:\/\/fuentesfidedignas.com.mx\/index.php\/wp-json\/wp\/v2\/posts\/39136","targetHints":{"allow":["GET"]}}],"collection":[{"href":"https:\/\/fuentesfidedignas.com.mx\/index.php\/wp-json\/wp\/v2\/posts"}],"about":[{"href":"https:\/\/fuentesfidedignas.com.mx\/index.php\/wp-json\/wp\/v2\/types\/post"}],"author":[{"embeddable":true,"href":"https:\/\/fuentesfidedignas.com.mx\/index.php\/wp-json\/wp\/v2\/users\/39"}],"replies":[{"embeddable":true,"href":"https:\/\/fuentesfidedignas.com.mx\/index.php\/wp-json\/wp\/v2\/comments?post=39136"}],"version-history":[{"count":1,"href":"https:\/\/fuentesfidedignas.com.mx\/index.php\/wp-json\/wp\/v2\/posts\/39136\/revisions"}],"predecessor-version":[{"id":39138,"href":"https:\/\/fuentesfidedignas.com.mx\/index.php\/wp-json\/wp\/v2\/posts\/39136\/revisions\/39138"}],"wp:featuredmedia":[{"embeddable":true,"href":"https:\/\/fuentesfidedignas.com.mx\/index.php\/wp-json\/wp\/v2\/media\/39137"}],"wp:attachment":[{"href":"https:\/\/fuentesfidedignas.com.mx\/index.php\/wp-json\/wp\/v2\/media?parent=39136"}],"wp:term":[{"taxonomy":"category","embeddable":true,"href":"https:\/\/fuentesfidedignas.com.mx\/index.php\/wp-json\/wp\/v2\/categories?post=39136"},{"taxonomy":"post_tag","embeddable":true,"href":"https:\/\/fuentesfidedignas.com.mx\/index.php\/wp-json\/wp\/v2\/tags?post=39136"}],"curies":[{"name":"wp","href":"https:\/\/api.w.org\/{rel}","templated":true}]}}