{"id":39101,"date":"2022-08-07T11:58:40","date_gmt":"2022-08-07T17:58:40","guid":{"rendered":"https:\/\/fuentesfidedignas.com.mx\/?p=39101"},"modified":"2022-08-07T12:02:01","modified_gmt":"2022-08-07T18:02:01","slug":"ante-reduccion-de-contagios-imss-concluye-permiso-covid-en-su-version-4-0","status":"publish","type":"post","link":"https:\/\/fuentesfidedignas.com.mx\/index.php\/2022\/08\/07\/ante-reduccion-de-contagios-imss-concluye-permiso-covid-en-su-version-4-0\/","title":{"rendered":"Ante reducci\u00f3n de contagios, IMSS concluye \u2018Permiso covid\u2019 en su versi\u00f3n 4.0"},"content":{"rendered":"\n<p><strong><em>Desde el lanzamiento de la versi\u00f3n 4.0, se otorgaron 175 mil 682 mil permisos de manera remota<\/em><\/strong><\/p>\n\n\n\n<p>Ciudad de M\u00e9xico.- Debido a la reducci\u00f3n de contagios de covid y la disminuci\u00f3n de solicitudes de incapacidad temporal para el trabajo, el Instituto Mexicano del Seguro Social (IMSS) anunci\u00f3 que a partir del lunes 8 de agosto concluye el Permiso covid en su versi\u00f3n 4.0, herramienta que fue habilitada a inicios de julio para brindar un servicio digital alternativo no presencial para la poblaci\u00f3n trabajadora asegurada vigente.<\/p>\n\n\n\n<p>Desde el 6 de julio que se habilit\u00f3 esta herramienta y hasta su cierre, se otorgaron 175 mil 682 permisos.<\/p>\n\n\n\n<p>Te puede interesar: \u00a1En s\u00f3lo 2 d\u00edas el IMSS realiz\u00f3 3,285 intervenciones quir\u00fargicas!<br>Durante este periodo los trabajadores asegurados ante el IMSS pudieron generar un documento homologable a la incapacidad temporal para el trabajo por cinco d\u00edas, de manera remota y sin necesidad de acudir a su cl\u00ednica de adscripci\u00f3n.<\/p>\n\n\n\n<p>A partir del cierre de esta herramienta, todos aquellos trabajadores que presenten s\u00edntomas de covid-19 deber\u00e1n acudir directamente a los M\u00f3dulos de Atenci\u00f3n Respiratoria del Seguro Social (MARSS) o a su Unidad de Medicina Familiar (UMF) para valoraci\u00f3n presencial.<\/p>\n\n\n\n<p>Los permisos covid otorgados generaron pagos por subsidio equivalente a 120.1 mdp, lo cual contribuy\u00f3 a evitar el traslado de trabajadoras para su tr\u00e1mite de incapacidad temporal para el trabajo y consecuente cobro en ventanillas, deteniendo cadenas de contagio.<\/p>\n\n\n\n<p>La reducci\u00f3n de casos de esta enfermedad no implica bajar la guardia ante la prevenci\u00f3n, por lo que se sigue recomendando el uso apropiado del cubrebocas, lavado de manos con agua y jab\u00f3n o aplicaci\u00f3n de alcohol gel al 70%, y distanciamiento social de al menos 1.5 metros.<\/p>\n","protected":false},"excerpt":{"rendered":"<p>Desde el lanzamiento de la versi\u00f3n 4.0, se otorgaron 175 mil 682 mil permisos de manera remota Ciudad de M\u00e9xico.- Debido a la reducci\u00f3n de contagios de covid y la disminuci\u00f3n de solicitudes de incapacidad temporal para el trabajo, el Instituto Mexicano del Seguro Social (IMSS) anunci\u00f3 que a partir del lunes 8 de agosto [&hellip;]<\/p>\n","protected":false},"author":7,"featured_media":39103,"comment_status":"open","ping_status":"open","sticky":false,"template":"","format":"standard","meta":{"tdm_status":"","tdm_grid_status":"","footnotes":""},"categories":[39],"tags":[332,59,407,193],"class_list":{"0":"post-39101","1":"post","2":"type-post","3":"status-publish","4":"format-standard","5":"has-post-thumbnail","7":"category-noticias-nacionales","8":"tag-coronavirus","9":"tag-covid-19","10":"tag-vacuna-anticovid","11":"tag-viral"},"yoast_head":"<!-- This site is optimized with the Yoast SEO plugin v27.5 - https:\/\/yoast.com\/product\/yoast-seo-wordpress\/ -->\n<title>Ante reducci\u00f3n de contagios, IMSS concluye \u2018Permiso covid\u2019 en su versi\u00f3n 4.0 - Fuentes Fidedignas<\/title>\n<meta name=\"robots\" content=\"index, follow, max-snippet:-1, max-image-preview:large, max-video-preview:-1\" \/>\n<link rel=\"canonical\" href=\"https:\/\/fuentesfidedignas.com.mx\/index.php\/2022\/08\/07\/ante-reduccion-de-contagios-imss-concluye-permiso-covid-en-su-version-4-0\/\" \/>\n<meta property=\"og:locale\" content=\"es_MX\" \/>\n<meta property=\"og:type\" content=\"article\" \/>\n<meta property=\"og:title\" content=\"Ante reducci\u00f3n de contagios, IMSS concluye \u2018Permiso covid\u2019 en su versi\u00f3n 4.0 - Fuentes Fidedignas\" \/>\n<meta property=\"og:description\" content=\"Desde el lanzamiento de la versi\u00f3n 4.0, se otorgaron 175 mil 682 mil permisos de manera remota Ciudad de M\u00e9xico.- Debido a la reducci\u00f3n de contagios de covid y la disminuci\u00f3n de solicitudes de incapacidad temporal para el trabajo, el Instituto Mexicano del Seguro Social (IMSS) anunci\u00f3 que a partir del lunes 8 de agosto [&hellip;]\" \/>\n<meta property=\"og:url\" content=\"https:\/\/fuentesfidedignas.com.mx\/index.php\/2022\/08\/07\/ante-reduccion-de-contagios-imss-concluye-permiso-covid-en-su-version-4-0\/\" \/>\n<meta property=\"og:site_name\" content=\"Fuentes Fidedignas\" \/>\n<meta property=\"article:publisher\" content=\"https:\/\/www.facebook.com\/Fuentes-Fidedignas-368234489921644\" \/>\n<meta property=\"article:published_time\" content=\"2022-08-07T17:58:40+00:00\" \/>\n<meta property=\"article:modified_time\" content=\"2022-08-07T18:02:01+00:00\" \/>\n<meta property=\"og:image\" content=\"https:\/\/fuentesfidedignas.com.mx\/wp-content\/uploads\/2022\/08\/PERMISO_COVID.jpg\" \/>\n\t<meta property=\"og:image:width\" content=\"800\" \/>\n\t<meta property=\"og:image:height\" content=\"600\" \/>\n\t<meta property=\"og:image:type\" content=\"image\/jpeg\" \/>\n<meta name=\"author\" content=\"Exc\u00e9lsior\" \/>\n<meta name=\"twitter:card\" content=\"summary_large_image\" \/>\n<meta name=\"twitter:creator\" content=\"@fidedignas\" \/>\n<meta name=\"twitter:site\" content=\"@fidedignas\" \/>\n<meta name=\"twitter:label1\" content=\"Escrito por\" \/>\n\t<meta name=\"twitter:data1\" content=\"Exc\u00e9lsior\" \/>\n\t<meta name=\"twitter:label2\" content=\"Tiempo de lectura\" \/>\n\t<meta name=\"twitter:data2\" content=\"2 minutos\" \/>\n<script type=\"application\/ld+json\" class=\"yoast-schema-graph\">{\"@context\":\"https:\\\/\\\/schema.org\",\"@graph\":[{\"@type\":\"Article\",\"@id\":\"https:\\\/\\\/fuentesfidedignas.com.mx\\\/index.php\\\/2022\\\/08\\\/07\\\/ante-reduccion-de-contagios-imss-concluye-permiso-covid-en-su-version-4-0\\\/#article\",\"isPartOf\":{\"@id\":\"https:\\\/\\\/fuentesfidedignas.com.mx\\\/index.php\\\/2022\\\/08\\\/07\\\/ante-reduccion-de-contagios-imss-concluye-permiso-covid-en-su-version-4-0\\\/\"},\"author\":{\"name\":\"Exc\u00e9lsior\",\"@id\":\"https:\\\/\\\/fuentesfidedignas.com.mx\\\/#\\\/schema\\\/person\\\/ec4edd1fbf5efa3e44fce34fe2787780\"},\"headline\":\"Ante reducci\u00f3n de contagios, IMSS concluye \u2018Permiso covid\u2019 en su versi\u00f3n 4.0\",\"datePublished\":\"2022-08-07T17:58:40+00:00\",\"dateModified\":\"2022-08-07T18:02:01+00:00\",\"mainEntityOfPage\":{\"@id\":\"https:\\\/\\\/fuentesfidedignas.com.mx\\\/index.php\\\/2022\\\/08\\\/07\\\/ante-reduccion-de-contagios-imss-concluye-permiso-covid-en-su-version-4-0\\\/\"},\"wordCount\":304,\"commentCount\":0,\"publisher\":{\"@id\":\"https:\\\/\\\/fuentesfidedignas.com.mx\\\/#organization\"},\"image\":{\"@id\":\"https:\\\/\\\/fuentesfidedignas.com.mx\\\/index.php\\\/2022\\\/08\\\/07\\\/ante-reduccion-de-contagios-imss-concluye-permiso-covid-en-su-version-4-0\\\/#primaryimage\"},\"thumbnailUrl\":\"https:\\\/\\\/fuentesfidedignas.com.mx\\\/wp-content\\\/uploads\\\/2022\\\/08\\\/PERMISO_COVID.jpg\",\"keywords\":[\"Coronavirus\",\"Covid-19\",\"Vacuna anticovid\",\"Viral\"],\"articleSection\":[\"NOTICIAS NACIONALES\"],\"inLanguage\":\"es\",\"potentialAction\":[{\"@type\":\"CommentAction\",\"name\":\"Comment\",\"target\":[\"https:\\\/\\\/fuentesfidedignas.com.mx\\\/index.php\\\/2022\\\/08\\\/07\\\/ante-reduccion-de-contagios-imss-concluye-permiso-covid-en-su-version-4-0\\\/#respond\"]}]},{\"@type\":\"WebPage\",\"@id\":\"https:\\\/\\\/fuentesfidedignas.com.mx\\\/index.php\\\/2022\\\/08\\\/07\\\/ante-reduccion-de-contagios-imss-concluye-permiso-covid-en-su-version-4-0\\\/\",\"url\":\"https:\\\/\\\/fuentesfidedignas.com.mx\\\/index.php\\\/2022\\\/08\\\/07\\\/ante-reduccion-de-contagios-imss-concluye-permiso-covid-en-su-version-4-0\\\/\",\"name\":\"Ante reducci\u00f3n de contagios, IMSS concluye \u2018Permiso covid\u2019 en su versi\u00f3n 4.0 - Fuentes Fidedignas\",\"isPartOf\":{\"@id\":\"https:\\\/\\\/fuentesfidedignas.com.mx\\\/#website\"},\"primaryImageOfPage\":{\"@id\":\"https:\\\/\\\/fuentesfidedignas.com.mx\\\/index.php\\\/2022\\\/08\\\/07\\\/ante-reduccion-de-contagios-imss-concluye-permiso-covid-en-su-version-4-0\\\/#primaryimage\"},\"image\":{\"@id\":\"https:\\\/\\\/fuentesfidedignas.com.mx\\\/index.php\\\/2022\\\/08\\\/07\\\/ante-reduccion-de-contagios-imss-concluye-permiso-covid-en-su-version-4-0\\\/#primaryimage\"},\"thumbnailUrl\":\"https:\\\/\\\/fuentesfidedignas.com.mx\\\/wp-content\\\/uploads\\\/2022\\\/08\\\/PERMISO_COVID.jpg\",\"datePublished\":\"2022-08-07T17:58:40+00:00\",\"dateModified\":\"2022-08-07T18:02:01+00:00\",\"breadcrumb\":{\"@id\":\"https:\\\/\\\/fuentesfidedignas.com.mx\\\/index.php\\\/2022\\\/08\\\/07\\\/ante-reduccion-de-contagios-imss-concluye-permiso-covid-en-su-version-4-0\\\/#breadcrumb\"},\"inLanguage\":\"es\",\"potentialAction\":[{\"@type\":\"ReadAction\",\"target\":[\"https:\\\/\\\/fuentesfidedignas.com.mx\\\/index.php\\\/2022\\\/08\\\/07\\\/ante-reduccion-de-contagios-imss-concluye-permiso-covid-en-su-version-4-0\\\/\"]}]},{\"@type\":\"ImageObject\",\"inLanguage\":\"es\",\"@id\":\"https:\\\/\\\/fuentesfidedignas.com.mx\\\/index.php\\\/2022\\\/08\\\/07\\\/ante-reduccion-de-contagios-imss-concluye-permiso-covid-en-su-version-4-0\\\/#primaryimage\",\"url\":\"https:\\\/\\\/fuentesfidedignas.com.mx\\\/wp-content\\\/uploads\\\/2022\\\/08\\\/PERMISO_COVID.jpg\",\"contentUrl\":\"https:\\\/\\\/fuentesfidedignas.com.mx\\\/wp-content\\\/uploads\\\/2022\\\/08\\\/PERMISO_COVID.jpg\",\"width\":800,\"height\":600},{\"@type\":\"BreadcrumbList\",\"@id\":\"https:\\\/\\\/fuentesfidedignas.com.mx\\\/index.php\\\/2022\\\/08\\\/07\\\/ante-reduccion-de-contagios-imss-concluye-permiso-covid-en-su-version-4-0\\\/#breadcrumb\",\"itemListElement\":[{\"@type\":\"ListItem\",\"position\":1,\"name\":\"Inicio\",\"item\":\"https:\\\/\\\/fuentesfidedignas.com.mx\\\/\"},{\"@type\":\"ListItem\",\"position\":2,\"name\":\"Ante reducci\u00f3n de contagios, IMSS concluye \u2018Permiso covid\u2019 en su versi\u00f3n 4.0\"}]},{\"@type\":\"WebSite\",\"@id\":\"https:\\\/\\\/fuentesfidedignas.com.mx\\\/#website\",\"url\":\"https:\\\/\\\/fuentesfidedignas.com.mx\\\/\",\"name\":\"Fuentes Fidedignas\",\"description\":\"Otro sitio realizado con WordPress\",\"publisher\":{\"@id\":\"https:\\\/\\\/fuentesfidedignas.com.mx\\\/#organization\"},\"potentialAction\":[{\"@type\":\"SearchAction\",\"target\":{\"@type\":\"EntryPoint\",\"urlTemplate\":\"https:\\\/\\\/fuentesfidedignas.com.mx\\\/?s={search_term_string}\"},\"query-input\":{\"@type\":\"PropertyValueSpecification\",\"valueRequired\":true,\"valueName\":\"search_term_string\"}}],\"inLanguage\":\"es\"},{\"@type\":\"Organization\",\"@id\":\"https:\\\/\\\/fuentesfidedignas.com.mx\\\/#organization\",\"name\":\"Fuentes Fidedignas\",\"url\":\"https:\\\/\\\/fuentesfidedignas.com.mx\\\/\",\"logo\":{\"@type\":\"ImageObject\",\"inLanguage\":\"es\",\"@id\":\"https:\\\/\\\/fuentesfidedignas.com.mx\\\/#\\\/schema\\\/logo\\\/image\\\/\",\"url\":\"https:\\\/\\\/fuentesfidedignas.com.mx\\\/wp-content\\\/uploads\\\/2021\\\/04\\\/logo-retina.png\",\"contentUrl\":\"https:\\\/\\\/fuentesfidedignas.com.mx\\\/wp-content\\\/uploads\\\/2021\\\/04\\\/logo-retina.png\",\"width\":280,\"height\":51,\"caption\":\"Fuentes Fidedignas\"},\"image\":{\"@id\":\"https:\\\/\\\/fuentesfidedignas.com.mx\\\/#\\\/schema\\\/logo\\\/image\\\/\"},\"sameAs\":[\"https:\\\/\\\/www.facebook.com\\\/Fuentes-Fidedignas-368234489921644\",\"https:\\\/\\\/x.com\\\/fidedignas\"]},{\"@type\":\"Person\",\"@id\":\"https:\\\/\\\/fuentesfidedignas.com.mx\\\/#\\\/schema\\\/person\\\/ec4edd1fbf5efa3e44fce34fe2787780\",\"name\":\"Exc\u00e9lsior\",\"image\":{\"@type\":\"ImageObject\",\"inLanguage\":\"es\",\"@id\":\"https:\\\/\\\/secure.gravatar.com\\\/avatar\\\/4b7ee9206b48be08447852b3f0814dbc7c0f3b51541b164f1464a2725614020b?s=96&d=mm&r=g\",\"url\":\"https:\\\/\\\/secure.gravatar.com\\\/avatar\\\/4b7ee9206b48be08447852b3f0814dbc7c0f3b51541b164f1464a2725614020b?s=96&d=mm&r=g\",\"contentUrl\":\"https:\\\/\\\/secure.gravatar.com\\\/avatar\\\/4b7ee9206b48be08447852b3f0814dbc7c0f3b51541b164f1464a2725614020b?s=96&d=mm&r=g\",\"caption\":\"Exc\u00e9lsior\"},\"url\":\"https:\\\/\\\/fuentesfidedignas.com.mx\\\/index.php\\\/author\\\/excelsior\\\/\"}]}<\/script>\n<!-- \/ Yoast SEO plugin. -->","yoast_head_json":{"title":"Ante reducci\u00f3n de contagios, IMSS concluye \u2018Permiso covid\u2019 en su versi\u00f3n 4.0 - Fuentes Fidedignas","robots":{"index":"index","follow":"follow","max-snippet":"max-snippet:-1","max-image-preview":"max-image-preview:large","max-video-preview":"max-video-preview:-1"},"canonical":"https:\/\/fuentesfidedignas.com.mx\/index.php\/2022\/08\/07\/ante-reduccion-de-contagios-imss-concluye-permiso-covid-en-su-version-4-0\/","og_locale":"es_MX","og_type":"article","og_title":"Ante reducci\u00f3n de contagios, IMSS concluye \u2018Permiso covid\u2019 en su versi\u00f3n 4.0 - Fuentes Fidedignas","og_description":"Desde el lanzamiento de la versi\u00f3n 4.0, se otorgaron 175 mil 682 mil permisos de manera remota Ciudad de M\u00e9xico.- Debido a la reducci\u00f3n de contagios de covid y la disminuci\u00f3n de solicitudes de incapacidad temporal para el trabajo, el Instituto Mexicano del Seguro Social (IMSS) anunci\u00f3 que a partir del lunes 8 de agosto [&hellip;]","og_url":"https:\/\/fuentesfidedignas.com.mx\/index.php\/2022\/08\/07\/ante-reduccion-de-contagios-imss-concluye-permiso-covid-en-su-version-4-0\/","og_site_name":"Fuentes Fidedignas","article_publisher":"https:\/\/www.facebook.com\/Fuentes-Fidedignas-368234489921644","article_published_time":"2022-08-07T17:58:40+00:00","article_modified_time":"2022-08-07T18:02:01+00:00","og_image":[{"width":800,"height":600,"url":"https:\/\/fuentesfidedignas.com.mx\/wp-content\/uploads\/2022\/08\/PERMISO_COVID.jpg","type":"image\/jpeg"}],"author":"Exc\u00e9lsior","twitter_card":"summary_large_image","twitter_creator":"@fidedignas","twitter_site":"@fidedignas","twitter_misc":{"Escrito por":"Exc\u00e9lsior","Tiempo de lectura":"2 minutos"},"schema":{"@context":"https:\/\/schema.org","@graph":[{"@type":"Article","@id":"https:\/\/fuentesfidedignas.com.mx\/index.php\/2022\/08\/07\/ante-reduccion-de-contagios-imss-concluye-permiso-covid-en-su-version-4-0\/#article","isPartOf":{"@id":"https:\/\/fuentesfidedignas.com.mx\/index.php\/2022\/08\/07\/ante-reduccion-de-contagios-imss-concluye-permiso-covid-en-su-version-4-0\/"},"author":{"name":"Exc\u00e9lsior","@id":"https:\/\/fuentesfidedignas.com.mx\/#\/schema\/person\/ec4edd1fbf5efa3e44fce34fe2787780"},"headline":"Ante reducci\u00f3n de contagios, IMSS concluye \u2018Permiso covid\u2019 en su versi\u00f3n 4.0","datePublished":"2022-08-07T17:58:40+00:00","dateModified":"2022-08-07T18:02:01+00:00","mainEntityOfPage":{"@id":"https:\/\/fuentesfidedignas.com.mx\/index.php\/2022\/08\/07\/ante-reduccion-de-contagios-imss-concluye-permiso-covid-en-su-version-4-0\/"},"wordCount":304,"commentCount":0,"publisher":{"@id":"https:\/\/fuentesfidedignas.com.mx\/#organization"},"image":{"@id":"https:\/\/fuentesfidedignas.com.mx\/index.php\/2022\/08\/07\/ante-reduccion-de-contagios-imss-concluye-permiso-covid-en-su-version-4-0\/#primaryimage"},"thumbnailUrl":"https:\/\/fuentesfidedignas.com.mx\/wp-content\/uploads\/2022\/08\/PERMISO_COVID.jpg","keywords":["Coronavirus","Covid-19","Vacuna anticovid","Viral"],"articleSection":["NOTICIAS NACIONALES"],"inLanguage":"es","potentialAction":[{"@type":"CommentAction","name":"Comment","target":["https:\/\/fuentesfidedignas.com.mx\/index.php\/2022\/08\/07\/ante-reduccion-de-contagios-imss-concluye-permiso-covid-en-su-version-4-0\/#respond"]}]},{"@type":"WebPage","@id":"https:\/\/fuentesfidedignas.com.mx\/index.php\/2022\/08\/07\/ante-reduccion-de-contagios-imss-concluye-permiso-covid-en-su-version-4-0\/","url":"https:\/\/fuentesfidedignas.com.mx\/index.php\/2022\/08\/07\/ante-reduccion-de-contagios-imss-concluye-permiso-covid-en-su-version-4-0\/","name":"Ante reducci\u00f3n de contagios, IMSS concluye \u2018Permiso covid\u2019 en su versi\u00f3n 4.0 - Fuentes Fidedignas","isPartOf":{"@id":"https:\/\/fuentesfidedignas.com.mx\/#website"},"primaryImageOfPage":{"@id":"https:\/\/fuentesfidedignas.com.mx\/index.php\/2022\/08\/07\/ante-reduccion-de-contagios-imss-concluye-permiso-covid-en-su-version-4-0\/#primaryimage"},"image":{"@id":"https:\/\/fuentesfidedignas.com.mx\/index.php\/2022\/08\/07\/ante-reduccion-de-contagios-imss-concluye-permiso-covid-en-su-version-4-0\/#primaryimage"},"thumbnailUrl":"https:\/\/fuentesfidedignas.com.mx\/wp-content\/uploads\/2022\/08\/PERMISO_COVID.jpg","datePublished":"2022-08-07T17:58:40+00:00","dateModified":"2022-08-07T18:02:01+00:00","breadcrumb":{"@id":"https:\/\/fuentesfidedignas.com.mx\/index.php\/2022\/08\/07\/ante-reduccion-de-contagios-imss-concluye-permiso-covid-en-su-version-4-0\/#breadcrumb"},"inLanguage":"es","potentialAction":[{"@type":"ReadAction","target":["https:\/\/fuentesfidedignas.com.mx\/index.php\/2022\/08\/07\/ante-reduccion-de-contagios-imss-concluye-permiso-covid-en-su-version-4-0\/"]}]},{"@type":"ImageObject","inLanguage":"es","@id":"https:\/\/fuentesfidedignas.com.mx\/index.php\/2022\/08\/07\/ante-reduccion-de-contagios-imss-concluye-permiso-covid-en-su-version-4-0\/#primaryimage","url":"https:\/\/fuentesfidedignas.com.mx\/wp-content\/uploads\/2022\/08\/PERMISO_COVID.jpg","contentUrl":"https:\/\/fuentesfidedignas.com.mx\/wp-content\/uploads\/2022\/08\/PERMISO_COVID.jpg","width":800,"height":600},{"@type":"BreadcrumbList","@id":"https:\/\/fuentesfidedignas.com.mx\/index.php\/2022\/08\/07\/ante-reduccion-de-contagios-imss-concluye-permiso-covid-en-su-version-4-0\/#breadcrumb","itemListElement":[{"@type":"ListItem","position":1,"name":"Inicio","item":"https:\/\/fuentesfidedignas.com.mx\/"},{"@type":"ListItem","position":2,"name":"Ante reducci\u00f3n de contagios, IMSS concluye \u2018Permiso covid\u2019 en su versi\u00f3n 4.0"}]},{"@type":"WebSite","@id":"https:\/\/fuentesfidedignas.com.mx\/#website","url":"https:\/\/fuentesfidedignas.com.mx\/","name":"Fuentes Fidedignas","description":"Otro sitio realizado con WordPress","publisher":{"@id":"https:\/\/fuentesfidedignas.com.mx\/#organization"},"potentialAction":[{"@type":"SearchAction","target":{"@type":"EntryPoint","urlTemplate":"https:\/\/fuentesfidedignas.com.mx\/?s={search_term_string}"},"query-input":{"@type":"PropertyValueSpecification","valueRequired":true,"valueName":"search_term_string"}}],"inLanguage":"es"},{"@type":"Organization","@id":"https:\/\/fuentesfidedignas.com.mx\/#organization","name":"Fuentes Fidedignas","url":"https:\/\/fuentesfidedignas.com.mx\/","logo":{"@type":"ImageObject","inLanguage":"es","@id":"https:\/\/fuentesfidedignas.com.mx\/#\/schema\/logo\/image\/","url":"https:\/\/fuentesfidedignas.com.mx\/wp-content\/uploads\/2021\/04\/logo-retina.png","contentUrl":"https:\/\/fuentesfidedignas.com.mx\/wp-content\/uploads\/2021\/04\/logo-retina.png","width":280,"height":51,"caption":"Fuentes Fidedignas"},"image":{"@id":"https:\/\/fuentesfidedignas.com.mx\/#\/schema\/logo\/image\/"},"sameAs":["https:\/\/www.facebook.com\/Fuentes-Fidedignas-368234489921644","https:\/\/x.com\/fidedignas"]},{"@type":"Person","@id":"https:\/\/fuentesfidedignas.com.mx\/#\/schema\/person\/ec4edd1fbf5efa3e44fce34fe2787780","name":"Exc\u00e9lsior","image":{"@type":"ImageObject","inLanguage":"es","@id":"https:\/\/secure.gravatar.com\/avatar\/4b7ee9206b48be08447852b3f0814dbc7c0f3b51541b164f1464a2725614020b?s=96&d=mm&r=g","url":"https:\/\/secure.gravatar.com\/avatar\/4b7ee9206b48be08447852b3f0814dbc7c0f3b51541b164f1464a2725614020b?s=96&d=mm&r=g","contentUrl":"https:\/\/secure.gravatar.com\/avatar\/4b7ee9206b48be08447852b3f0814dbc7c0f3b51541b164f1464a2725614020b?s=96&d=mm&r=g","caption":"Exc\u00e9lsior"},"url":"https:\/\/fuentesfidedignas.com.mx\/index.php\/author\/excelsior\/"}]}},"_links":{"self":[{"href":"https:\/\/fuentesfidedignas.com.mx\/index.php\/wp-json\/wp\/v2\/posts\/39101","targetHints":{"allow":["GET"]}}],"collection":[{"href":"https:\/\/fuentesfidedignas.com.mx\/index.php\/wp-json\/wp\/v2\/posts"}],"about":[{"href":"https:\/\/fuentesfidedignas.com.mx\/index.php\/wp-json\/wp\/v2\/types\/post"}],"author":[{"embeddable":true,"href":"https:\/\/fuentesfidedignas.com.mx\/index.php\/wp-json\/wp\/v2\/users\/7"}],"replies":[{"embeddable":true,"href":"https:\/\/fuentesfidedignas.com.mx\/index.php\/wp-json\/wp\/v2\/comments?post=39101"}],"version-history":[{"count":1,"href":"https:\/\/fuentesfidedignas.com.mx\/index.php\/wp-json\/wp\/v2\/posts\/39101\/revisions"}],"predecessor-version":[{"id":39104,"href":"https:\/\/fuentesfidedignas.com.mx\/index.php\/wp-json\/wp\/v2\/posts\/39101\/revisions\/39104"}],"wp:featuredmedia":[{"embeddable":true,"href":"https:\/\/fuentesfidedignas.com.mx\/index.php\/wp-json\/wp\/v2\/media\/39103"}],"wp:attachment":[{"href":"https:\/\/fuentesfidedignas.com.mx\/index.php\/wp-json\/wp\/v2\/media?parent=39101"}],"wp:term":[{"taxonomy":"category","embeddable":true,"href":"https:\/\/fuentesfidedignas.com.mx\/index.php\/wp-json\/wp\/v2\/categories?post=39101"},{"taxonomy":"post_tag","embeddable":true,"href":"https:\/\/fuentesfidedignas.com.mx\/index.php\/wp-json\/wp\/v2\/tags?post=39101"}],"curies":[{"name":"wp","href":"https:\/\/api.w.org\/{rel}","templated":true}]}}