{"id":39069,"date":"2022-08-06T15:40:22","date_gmt":"2022-08-06T21:40:22","guid":{"rendered":"https:\/\/fuentesfidedignas.com.mx\/?p=39069"},"modified":"2022-08-06T15:41:04","modified_gmt":"2022-08-06T21:41:04","slug":"presidente-de-peru-nombra-a-su-tercer-ministro-de-economia-y-finanzas-en-su-primer-ano","status":"publish","type":"post","link":"https:\/\/fuentesfidedignas.com.mx\/index.php\/2022\/08\/06\/presidente-de-peru-nombra-a-su-tercer-ministro-de-economia-y-finanzas-en-su-primer-ano\/","title":{"rendered":"Presidente de Per\u00fa nombra a su tercer ministro de Econom\u00eda y Finanzas en su primer a\u00f1o"},"content":{"rendered":"\n<p><strong><em>El presidente Castillo no acept\u00f3 la renuncia de An\u00edbal Torres, quien seguir\u00e1 siendo el titular de la PCM<\/em><\/strong> <\/p>\n\n\n\n<p>Per\u00fa. El presidente de Per\u00fa, Pedro Castillo, tom\u00f3 juramento este viernes a seis nuevos ministros. Pese a poner su cargo a disposici\u00f3n hace dos d\u00edas, el presidente del Consejo de Ministros, An\u00edbal Torres, fue ratificado.<\/p>\n\n\n\n<p>Minutos antes de la ceremonia realizada la noche de este viernes en el Sal\u00f3n Dorado de Palacio de Gobierno, el presidente Castillo inform\u00f3 mediante un mensaje en Twitter que no hab\u00eda aceptado la renuncia de Torres.<\/p>\n\n\n\n<figure class=\"wp-block-embed is-type-rich is-provider-twitter wp-block-embed-twitter\"><div class=\"wp-block-embed__wrapper\">\n<blockquote class=\"twitter-tweet\" data-width=\"550\" data-dnt=\"true\"><p lang=\"es\" dir=\"ltr\">No he aceptado la renuncia del Premier An\u00edbal Torres, quien se compromete a seguir trabajando por nuestro pa\u00eds.<a href=\"https:\/\/twitter.com\/hashtag\/SiempreConElPueblo?src=hash&amp;ref_src=twsrc%5Etfw\">#SiempreConElPueblo<\/a><\/p>&mdash; Pedro Castillo Terrones (@PedroCastilloTe) <a href=\"https:\/\/twitter.com\/PedroCastilloTe\/status\/1555726776705466370?ref_src=twsrc%5Etfw\">August 6, 2022<\/a><\/blockquote><script async src=\"https:\/\/platform.twitter.com\/widgets.js\" charset=\"utf-8\"><\/script>\n<\/div><\/figure>\n\n\n\n<p>Burneo es economista por la Universidad Nacional Mayor de San Marcos y fue ministro de Producci\u00f3n durante el Gobierno de Ollanta Humala. Tambi\u00e9n se desempe\u00f1\u00f3 como viceministro de Hacienda durante el mandato de Alejandro Toledo. Adem\u00e1s, entre los a\u00f1os 2001 y el 2006, fue presidente del directorio del Banco de la Naci\u00f3n y director del Banco Central de Reserva del Per\u00fa (BCRP).<\/p>\n\n\n\n<p>En sus primeras declaraciones a periodistas, Burneo dijo que su tarea fundamental ser\u00e1 \u201crestituir la confianza en los agentes econ\u00f3micos\u201d, en momentos en que la econom\u00eda peruana muestra se\u00f1ales de desaceleraci\u00f3n en medio de constantes conflictos sociales en el sector minero.<\/p>\n\n\n\n<p>\u201cY eso depende bastante de la claridad de la propuesta para reactivar la econom\u00eda\u201d, manifest\u00f3 en el patio de Palacio de Gobierno junto a otros miembros del gabinete. \u201cLa necesidad de que haya menos incertidumbre y m\u00e1s confianza pasa por dar se\u00f1ales claras de cu\u00e1l ser\u00e1 la pol\u00edtica econ\u00f3mica, por lo menos en el corto plazo, para lograr una tasa de crecimiento m\u00e1s alta\u201d, enfatiz\u00f3.<\/p>\n\n\n\n<p>Otros nuevos ministros<br>Los l\u00edderes de otras cinco carteras fueron renovadas. Algunos de ellos ya han sido ministros durante el Gobierno de Pedro Castillo.<\/p>\n\n\n\n<p>Alejandro Salas, quien se ven\u00eda desempe\u00f1ando como titular del Ministerio de Cultura, fue designado ministro de Trabajo. Asimismo, Geiner Alvarado L\u00f3pez, quien antes era ministro de Vivienda, ahora es titular del Ministerio de Transportes y Comunicaciones. Tambi\u00e9n, Betssy Ch\u00e1vez, quien fue ministra de Trabajo hasta que fue censurada por el Congreso en mayo, hoy fue puesta a cargo del Ministerio de Cultura.<\/p>\n","protected":false},"excerpt":{"rendered":"<p>El presidente Castillo no acept\u00f3 la renuncia de An\u00edbal Torres, quien seguir\u00e1 siendo el titular de la PCM Per\u00fa. El presidente de Per\u00fa, Pedro Castillo, tom\u00f3 juramento este viernes a seis nuevos ministros. Pese a poner su cargo a disposici\u00f3n hace dos d\u00edas, el presidente del Consejo de Ministros, An\u00edbal Torres, fue ratificado. Minutos antes [&hellip;]<\/p>\n","protected":false},"author":5,"featured_media":0,"comment_status":"open","ping_status":"open","sticky":false,"template":"","format":"standard","meta":{"tdm_status":"","tdm_grid_status":"","footnotes":""},"categories":[39],"tags":[],"class_list":{"0":"post-39069","1":"post","2":"type-post","3":"status-publish","4":"format-standard","6":"category-noticias-nacionales"},"yoast_head":"<!-- This site is optimized with the Yoast SEO plugin v27.5 - https:\/\/yoast.com\/product\/yoast-seo-wordpress\/ -->\n<title>Presidente de Per\u00fa nombra a su tercer ministro de Econom\u00eda y Finanzas en su primer a\u00f1o - Fuentes Fidedignas<\/title>\n<meta name=\"robots\" content=\"index, follow, max-snippet:-1, max-image-preview:large, max-video-preview:-1\" \/>\n<link rel=\"canonical\" href=\"https:\/\/fuentesfidedignas.com.mx\/index.php\/2022\/08\/06\/presidente-de-peru-nombra-a-su-tercer-ministro-de-economia-y-finanzas-en-su-primer-ano\/\" \/>\n<meta property=\"og:locale\" content=\"es_MX\" \/>\n<meta property=\"og:type\" content=\"article\" \/>\n<meta property=\"og:title\" content=\"Presidente de Per\u00fa nombra a su tercer ministro de Econom\u00eda y Finanzas en su primer a\u00f1o - Fuentes Fidedignas\" \/>\n<meta property=\"og:description\" content=\"El presidente Castillo no acept\u00f3 la renuncia de An\u00edbal Torres, quien seguir\u00e1 siendo el titular de la PCM Per\u00fa. El presidente de Per\u00fa, Pedro Castillo, tom\u00f3 juramento este viernes a seis nuevos ministros. Pese a poner su cargo a disposici\u00f3n hace dos d\u00edas, el presidente del Consejo de Ministros, An\u00edbal Torres, fue ratificado. Minutos antes [&hellip;]\" \/>\n<meta property=\"og:url\" content=\"https:\/\/fuentesfidedignas.com.mx\/index.php\/2022\/08\/06\/presidente-de-peru-nombra-a-su-tercer-ministro-de-economia-y-finanzas-en-su-primer-ano\/\" \/>\n<meta property=\"og:site_name\" content=\"Fuentes Fidedignas\" \/>\n<meta property=\"article:publisher\" content=\"https:\/\/www.facebook.com\/Fuentes-Fidedignas-368234489921644\" \/>\n<meta property=\"article:published_time\" content=\"2022-08-06T21:40:22+00:00\" \/>\n<meta property=\"article:modified_time\" content=\"2022-08-06T21:41:04+00:00\" \/>\n<meta property=\"og:image\" content=\"https:\/\/fuentesfidedignas.com.mx\/wp-content\/uploads\/2022\/08\/PEDRO-CASTILLO-PERU\u0301-1024x576-1.jpg\" \/>\n\t<meta property=\"og:image:width\" content=\"1024\" \/>\n\t<meta property=\"og:image:height\" content=\"576\" \/>\n\t<meta property=\"og:image:type\" content=\"image\/jpeg\" \/>\n<meta name=\"author\" content=\"Forbes\" \/>\n<meta name=\"twitter:card\" content=\"summary_large_image\" \/>\n<meta name=\"twitter:creator\" content=\"@fidedignas\" \/>\n<meta name=\"twitter:site\" content=\"@fidedignas\" \/>\n<meta name=\"twitter:label1\" content=\"Escrito por\" \/>\n\t<meta name=\"twitter:data1\" content=\"Forbes\" \/>\n\t<meta name=\"twitter:label2\" content=\"Tiempo de lectura\" \/>\n\t<meta name=\"twitter:data2\" content=\"2 minutos\" \/>\n<script type=\"application\/ld+json\" class=\"yoast-schema-graph\">{\"@context\":\"https:\\\/\\\/schema.org\",\"@graph\":[{\"@type\":\"Article\",\"@id\":\"https:\\\/\\\/fuentesfidedignas.com.mx\\\/index.php\\\/2022\\\/08\\\/06\\\/presidente-de-peru-nombra-a-su-tercer-ministro-de-economia-y-finanzas-en-su-primer-ano\\\/#article\",\"isPartOf\":{\"@id\":\"https:\\\/\\\/fuentesfidedignas.com.mx\\\/index.php\\\/2022\\\/08\\\/06\\\/presidente-de-peru-nombra-a-su-tercer-ministro-de-economia-y-finanzas-en-su-primer-ano\\\/\"},\"author\":{\"name\":\"Forbes\",\"@id\":\"https:\\\/\\\/fuentesfidedignas.com.mx\\\/#\\\/schema\\\/person\\\/5623d53fe2e579d825b1679734abcc44\"},\"headline\":\"Presidente de Per\u00fa nombra a su tercer ministro de Econom\u00eda y Finanzas en su primer a\u00f1o\",\"datePublished\":\"2022-08-06T21:40:22+00:00\",\"dateModified\":\"2022-08-06T21:41:04+00:00\",\"mainEntityOfPage\":{\"@id\":\"https:\\\/\\\/fuentesfidedignas.com.mx\\\/index.php\\\/2022\\\/08\\\/06\\\/presidente-de-peru-nombra-a-su-tercer-ministro-de-economia-y-finanzas-en-su-primer-ano\\\/\"},\"wordCount\":425,\"commentCount\":0,\"publisher\":{\"@id\":\"https:\\\/\\\/fuentesfidedignas.com.mx\\\/#organization\"},\"articleSection\":[\"NOTICIAS NACIONALES\"],\"inLanguage\":\"es\",\"potentialAction\":[{\"@type\":\"CommentAction\",\"name\":\"Comment\",\"target\":[\"https:\\\/\\\/fuentesfidedignas.com.mx\\\/index.php\\\/2022\\\/08\\\/06\\\/presidente-de-peru-nombra-a-su-tercer-ministro-de-economia-y-finanzas-en-su-primer-ano\\\/#respond\"]}]},{\"@type\":\"WebPage\",\"@id\":\"https:\\\/\\\/fuentesfidedignas.com.mx\\\/index.php\\\/2022\\\/08\\\/06\\\/presidente-de-peru-nombra-a-su-tercer-ministro-de-economia-y-finanzas-en-su-primer-ano\\\/\",\"url\":\"https:\\\/\\\/fuentesfidedignas.com.mx\\\/index.php\\\/2022\\\/08\\\/06\\\/presidente-de-peru-nombra-a-su-tercer-ministro-de-economia-y-finanzas-en-su-primer-ano\\\/\",\"name\":\"Presidente de Per\u00fa nombra a su tercer ministro de Econom\u00eda y Finanzas en su primer a\u00f1o - Fuentes Fidedignas\",\"isPartOf\":{\"@id\":\"https:\\\/\\\/fuentesfidedignas.com.mx\\\/#website\"},\"datePublished\":\"2022-08-06T21:40:22+00:00\",\"dateModified\":\"2022-08-06T21:41:04+00:00\",\"breadcrumb\":{\"@id\":\"https:\\\/\\\/fuentesfidedignas.com.mx\\\/index.php\\\/2022\\\/08\\\/06\\\/presidente-de-peru-nombra-a-su-tercer-ministro-de-economia-y-finanzas-en-su-primer-ano\\\/#breadcrumb\"},\"inLanguage\":\"es\",\"potentialAction\":[{\"@type\":\"ReadAction\",\"target\":[\"https:\\\/\\\/fuentesfidedignas.com.mx\\\/index.php\\\/2022\\\/08\\\/06\\\/presidente-de-peru-nombra-a-su-tercer-ministro-de-economia-y-finanzas-en-su-primer-ano\\\/\"]}]},{\"@type\":\"BreadcrumbList\",\"@id\":\"https:\\\/\\\/fuentesfidedignas.com.mx\\\/index.php\\\/2022\\\/08\\\/06\\\/presidente-de-peru-nombra-a-su-tercer-ministro-de-economia-y-finanzas-en-su-primer-ano\\\/#breadcrumb\",\"itemListElement\":[{\"@type\":\"ListItem\",\"position\":1,\"name\":\"Inicio\",\"item\":\"https:\\\/\\\/fuentesfidedignas.com.mx\\\/\"},{\"@type\":\"ListItem\",\"position\":2,\"name\":\"Presidente de Per\u00fa nombra a su tercer ministro de Econom\u00eda y Finanzas en su primer a\u00f1o\"}]},{\"@type\":\"WebSite\",\"@id\":\"https:\\\/\\\/fuentesfidedignas.com.mx\\\/#website\",\"url\":\"https:\\\/\\\/fuentesfidedignas.com.mx\\\/\",\"name\":\"Fuentes Fidedignas\",\"description\":\"Otro sitio realizado con WordPress\",\"publisher\":{\"@id\":\"https:\\\/\\\/fuentesfidedignas.com.mx\\\/#organization\"},\"potentialAction\":[{\"@type\":\"SearchAction\",\"target\":{\"@type\":\"EntryPoint\",\"urlTemplate\":\"https:\\\/\\\/fuentesfidedignas.com.mx\\\/?s={search_term_string}\"},\"query-input\":{\"@type\":\"PropertyValueSpecification\",\"valueRequired\":true,\"valueName\":\"search_term_string\"}}],\"inLanguage\":\"es\"},{\"@type\":\"Organization\",\"@id\":\"https:\\\/\\\/fuentesfidedignas.com.mx\\\/#organization\",\"name\":\"Fuentes Fidedignas\",\"url\":\"https:\\\/\\\/fuentesfidedignas.com.mx\\\/\",\"logo\":{\"@type\":\"ImageObject\",\"inLanguage\":\"es\",\"@id\":\"https:\\\/\\\/fuentesfidedignas.com.mx\\\/#\\\/schema\\\/logo\\\/image\\\/\",\"url\":\"https:\\\/\\\/fuentesfidedignas.com.mx\\\/wp-content\\\/uploads\\\/2021\\\/04\\\/logo-retina.png\",\"contentUrl\":\"https:\\\/\\\/fuentesfidedignas.com.mx\\\/wp-content\\\/uploads\\\/2021\\\/04\\\/logo-retina.png\",\"width\":280,\"height\":51,\"caption\":\"Fuentes Fidedignas\"},\"image\":{\"@id\":\"https:\\\/\\\/fuentesfidedignas.com.mx\\\/#\\\/schema\\\/logo\\\/image\\\/\"},\"sameAs\":[\"https:\\\/\\\/www.facebook.com\\\/Fuentes-Fidedignas-368234489921644\",\"https:\\\/\\\/x.com\\\/fidedignas\"]},{\"@type\":\"Person\",\"@id\":\"https:\\\/\\\/fuentesfidedignas.com.mx\\\/#\\\/schema\\\/person\\\/5623d53fe2e579d825b1679734abcc44\",\"name\":\"Forbes\",\"image\":{\"@type\":\"ImageObject\",\"inLanguage\":\"es\",\"@id\":\"https:\\\/\\\/secure.gravatar.com\\\/avatar\\\/87ce3dd4e41e60c22a79c758614f01a6bc2469255fc936ec7b15efb9bb5cb66f?s=96&d=mm&r=g\",\"url\":\"https:\\\/\\\/secure.gravatar.com\\\/avatar\\\/87ce3dd4e41e60c22a79c758614f01a6bc2469255fc936ec7b15efb9bb5cb66f?s=96&d=mm&r=g\",\"contentUrl\":\"https:\\\/\\\/secure.gravatar.com\\\/avatar\\\/87ce3dd4e41e60c22a79c758614f01a6bc2469255fc936ec7b15efb9bb5cb66f?s=96&d=mm&r=g\",\"caption\":\"Forbes\"},\"url\":\"https:\\\/\\\/fuentesfidedignas.com.mx\\\/index.php\\\/author\\\/forbes\\\/\"}]}<\/script>\n<!-- \/ Yoast SEO plugin. -->","yoast_head_json":{"title":"Presidente de Per\u00fa nombra a su tercer ministro de Econom\u00eda y Finanzas en su primer a\u00f1o - Fuentes Fidedignas","robots":{"index":"index","follow":"follow","max-snippet":"max-snippet:-1","max-image-preview":"max-image-preview:large","max-video-preview":"max-video-preview:-1"},"canonical":"https:\/\/fuentesfidedignas.com.mx\/index.php\/2022\/08\/06\/presidente-de-peru-nombra-a-su-tercer-ministro-de-economia-y-finanzas-en-su-primer-ano\/","og_locale":"es_MX","og_type":"article","og_title":"Presidente de Per\u00fa nombra a su tercer ministro de Econom\u00eda y Finanzas en su primer a\u00f1o - Fuentes Fidedignas","og_description":"El presidente Castillo no acept\u00f3 la renuncia de An\u00edbal Torres, quien seguir\u00e1 siendo el titular de la PCM Per\u00fa. El presidente de Per\u00fa, Pedro Castillo, tom\u00f3 juramento este viernes a seis nuevos ministros. Pese a poner su cargo a disposici\u00f3n hace dos d\u00edas, el presidente del Consejo de Ministros, An\u00edbal Torres, fue ratificado. Minutos antes [&hellip;]","og_url":"https:\/\/fuentesfidedignas.com.mx\/index.php\/2022\/08\/06\/presidente-de-peru-nombra-a-su-tercer-ministro-de-economia-y-finanzas-en-su-primer-ano\/","og_site_name":"Fuentes Fidedignas","article_publisher":"https:\/\/www.facebook.com\/Fuentes-Fidedignas-368234489921644","article_published_time":"2022-08-06T21:40:22+00:00","article_modified_time":"2022-08-06T21:41:04+00:00","og_image":[{"width":1024,"height":576,"url":"https:\/\/fuentesfidedignas.com.mx\/wp-content\/uploads\/2022\/08\/PEDRO-CASTILLO-PERU\u0301-1024x576-1.jpg","type":"image\/jpeg"}],"author":"Forbes","twitter_card":"summary_large_image","twitter_creator":"@fidedignas","twitter_site":"@fidedignas","twitter_misc":{"Escrito por":"Forbes","Tiempo de lectura":"2 minutos"},"schema":{"@context":"https:\/\/schema.org","@graph":[{"@type":"Article","@id":"https:\/\/fuentesfidedignas.com.mx\/index.php\/2022\/08\/06\/presidente-de-peru-nombra-a-su-tercer-ministro-de-economia-y-finanzas-en-su-primer-ano\/#article","isPartOf":{"@id":"https:\/\/fuentesfidedignas.com.mx\/index.php\/2022\/08\/06\/presidente-de-peru-nombra-a-su-tercer-ministro-de-economia-y-finanzas-en-su-primer-ano\/"},"author":{"name":"Forbes","@id":"https:\/\/fuentesfidedignas.com.mx\/#\/schema\/person\/5623d53fe2e579d825b1679734abcc44"},"headline":"Presidente de Per\u00fa nombra a su tercer ministro de Econom\u00eda y Finanzas en su primer a\u00f1o","datePublished":"2022-08-06T21:40:22+00:00","dateModified":"2022-08-06T21:41:04+00:00","mainEntityOfPage":{"@id":"https:\/\/fuentesfidedignas.com.mx\/index.php\/2022\/08\/06\/presidente-de-peru-nombra-a-su-tercer-ministro-de-economia-y-finanzas-en-su-primer-ano\/"},"wordCount":425,"commentCount":0,"publisher":{"@id":"https:\/\/fuentesfidedignas.com.mx\/#organization"},"articleSection":["NOTICIAS NACIONALES"],"inLanguage":"es","potentialAction":[{"@type":"CommentAction","name":"Comment","target":["https:\/\/fuentesfidedignas.com.mx\/index.php\/2022\/08\/06\/presidente-de-peru-nombra-a-su-tercer-ministro-de-economia-y-finanzas-en-su-primer-ano\/#respond"]}]},{"@type":"WebPage","@id":"https:\/\/fuentesfidedignas.com.mx\/index.php\/2022\/08\/06\/presidente-de-peru-nombra-a-su-tercer-ministro-de-economia-y-finanzas-en-su-primer-ano\/","url":"https:\/\/fuentesfidedignas.com.mx\/index.php\/2022\/08\/06\/presidente-de-peru-nombra-a-su-tercer-ministro-de-economia-y-finanzas-en-su-primer-ano\/","name":"Presidente de Per\u00fa nombra a su tercer ministro de Econom\u00eda y Finanzas en su primer a\u00f1o - Fuentes Fidedignas","isPartOf":{"@id":"https:\/\/fuentesfidedignas.com.mx\/#website"},"datePublished":"2022-08-06T21:40:22+00:00","dateModified":"2022-08-06T21:41:04+00:00","breadcrumb":{"@id":"https:\/\/fuentesfidedignas.com.mx\/index.php\/2022\/08\/06\/presidente-de-peru-nombra-a-su-tercer-ministro-de-economia-y-finanzas-en-su-primer-ano\/#breadcrumb"},"inLanguage":"es","potentialAction":[{"@type":"ReadAction","target":["https:\/\/fuentesfidedignas.com.mx\/index.php\/2022\/08\/06\/presidente-de-peru-nombra-a-su-tercer-ministro-de-economia-y-finanzas-en-su-primer-ano\/"]}]},{"@type":"BreadcrumbList","@id":"https:\/\/fuentesfidedignas.com.mx\/index.php\/2022\/08\/06\/presidente-de-peru-nombra-a-su-tercer-ministro-de-economia-y-finanzas-en-su-primer-ano\/#breadcrumb","itemListElement":[{"@type":"ListItem","position":1,"name":"Inicio","item":"https:\/\/fuentesfidedignas.com.mx\/"},{"@type":"ListItem","position":2,"name":"Presidente de Per\u00fa nombra a su tercer ministro de Econom\u00eda y Finanzas en su primer a\u00f1o"}]},{"@type":"WebSite","@id":"https:\/\/fuentesfidedignas.com.mx\/#website","url":"https:\/\/fuentesfidedignas.com.mx\/","name":"Fuentes Fidedignas","description":"Otro sitio realizado con WordPress","publisher":{"@id":"https:\/\/fuentesfidedignas.com.mx\/#organization"},"potentialAction":[{"@type":"SearchAction","target":{"@type":"EntryPoint","urlTemplate":"https:\/\/fuentesfidedignas.com.mx\/?s={search_term_string}"},"query-input":{"@type":"PropertyValueSpecification","valueRequired":true,"valueName":"search_term_string"}}],"inLanguage":"es"},{"@type":"Organization","@id":"https:\/\/fuentesfidedignas.com.mx\/#organization","name":"Fuentes Fidedignas","url":"https:\/\/fuentesfidedignas.com.mx\/","logo":{"@type":"ImageObject","inLanguage":"es","@id":"https:\/\/fuentesfidedignas.com.mx\/#\/schema\/logo\/image\/","url":"https:\/\/fuentesfidedignas.com.mx\/wp-content\/uploads\/2021\/04\/logo-retina.png","contentUrl":"https:\/\/fuentesfidedignas.com.mx\/wp-content\/uploads\/2021\/04\/logo-retina.png","width":280,"height":51,"caption":"Fuentes Fidedignas"},"image":{"@id":"https:\/\/fuentesfidedignas.com.mx\/#\/schema\/logo\/image\/"},"sameAs":["https:\/\/www.facebook.com\/Fuentes-Fidedignas-368234489921644","https:\/\/x.com\/fidedignas"]},{"@type":"Person","@id":"https:\/\/fuentesfidedignas.com.mx\/#\/schema\/person\/5623d53fe2e579d825b1679734abcc44","name":"Forbes","image":{"@type":"ImageObject","inLanguage":"es","@id":"https:\/\/secure.gravatar.com\/avatar\/87ce3dd4e41e60c22a79c758614f01a6bc2469255fc936ec7b15efb9bb5cb66f?s=96&d=mm&r=g","url":"https:\/\/secure.gravatar.com\/avatar\/87ce3dd4e41e60c22a79c758614f01a6bc2469255fc936ec7b15efb9bb5cb66f?s=96&d=mm&r=g","contentUrl":"https:\/\/secure.gravatar.com\/avatar\/87ce3dd4e41e60c22a79c758614f01a6bc2469255fc936ec7b15efb9bb5cb66f?s=96&d=mm&r=g","caption":"Forbes"},"url":"https:\/\/fuentesfidedignas.com.mx\/index.php\/author\/forbes\/"}]}},"_links":{"self":[{"href":"https:\/\/fuentesfidedignas.com.mx\/index.php\/wp-json\/wp\/v2\/posts\/39069","targetHints":{"allow":["GET"]}}],"collection":[{"href":"https:\/\/fuentesfidedignas.com.mx\/index.php\/wp-json\/wp\/v2\/posts"}],"about":[{"href":"https:\/\/fuentesfidedignas.com.mx\/index.php\/wp-json\/wp\/v2\/types\/post"}],"author":[{"embeddable":true,"href":"https:\/\/fuentesfidedignas.com.mx\/index.php\/wp-json\/wp\/v2\/users\/5"}],"replies":[{"embeddable":true,"href":"https:\/\/fuentesfidedignas.com.mx\/index.php\/wp-json\/wp\/v2\/comments?post=39069"}],"version-history":[{"count":1,"href":"https:\/\/fuentesfidedignas.com.mx\/index.php\/wp-json\/wp\/v2\/posts\/39069\/revisions"}],"predecessor-version":[{"id":39070,"href":"https:\/\/fuentesfidedignas.com.mx\/index.php\/wp-json\/wp\/v2\/posts\/39069\/revisions\/39070"}],"wp:attachment":[{"href":"https:\/\/fuentesfidedignas.com.mx\/index.php\/wp-json\/wp\/v2\/media?parent=39069"}],"wp:term":[{"taxonomy":"category","embeddable":true,"href":"https:\/\/fuentesfidedignas.com.mx\/index.php\/wp-json\/wp\/v2\/categories?post=39069"},{"taxonomy":"post_tag","embeddable":true,"href":"https:\/\/fuentesfidedignas.com.mx\/index.php\/wp-json\/wp\/v2\/tags?post=39069"}],"curies":[{"name":"wp","href":"https:\/\/api.w.org\/{rel}","templated":true}]}}