{"id":39048,"date":"2022-08-07T09:38:04","date_gmt":"2022-08-07T15:38:04","guid":{"rendered":"https:\/\/fuentesfidedignas.com.mx\/?p=39048"},"modified":"2022-08-07T09:46:12","modified_gmt":"2022-08-07T15:46:12","slug":"asesinan-al-recien-nombrado-subdirector-de-la-policia-municipal-de-culiacan","status":"publish","type":"post","link":"https:\/\/fuentesfidedignas.com.mx\/index.php\/2022\/08\/07\/asesinan-al-recien-nombrado-subdirector-de-la-policia-municipal-de-culiacan\/","title":{"rendered":"Asesinan al reci\u00e9n nombrado subdirector de la Polic\u00eda Municipal de Culiac\u00e1n"},"content":{"rendered":"\n<p><strong><em>Juan Miguel Silva Alvarado, conocido como el \u201cB\u00f3xer\u201d, fue asesinado a balazos sobre la calle Alfonso Zaragoza Maytorena, cerca de las oficinas de Gobierno<\/em><\/strong><\/p>\n\n\n\n<p>Culiac\u00e1n.- Cerca de la Fiscal\u00eda General del Estado, en la zona del Desarrollo Urbano de Tres R\u00edos, en la capital del estado, fue asesinado de varios disparos el reci\u00e9n nombrado subdirector de la Polic\u00eda Municipal, Juan Miguel Silva Alvarado, conocido como el \u201cB\u00f3xer\u201d.<\/p>\n\n\n\n<p>Los datos aportados, es que el jefe policiaco fue sorprendido por la calle Alfonso Zaragoza Maytorena, la cual comunica a las oficinas de Gobierno y al estadio de futbol de los Dorados, en donde qued\u00f3 su cuerpo tendido en el pavimento.<\/p>\n\n\n\n<p>Se desconoce si el reci\u00e9n nombrado subdirector de la Polic\u00eda Municipal era acompa\u00f1ado por sus escoltas, solo se ha logrado establecer que uno de los botones de p\u00e1nico se activ\u00f3, por lo que elementos de todas las corporaciones y de la Guardia Nacional se concentraron en el punto y desplegaron operativos de b\u00fasqueda de los presuntos agresores.<\/p>\n\n\n\n<p>El pasado 29 de julio, el presidente municipal de Culiac\u00e1n, Juan de Dios G\u00e1mez Mend\u00edvil, nombr\u00f3 como nuevo Secretario de Seguridad P\u00fablica, al mayor de la Polic\u00eda Militar, Pedro Cesar Rojas Ibarra, cuyo compromiso fue contribuir a reducir la incidencia delictiva para sacar a la capital del estado, de su clasificaci\u00f3n nacional como una de las 50 ciudades m\u00e1s inseguras.<\/p>\n\n\n\n<p>Se inform\u00f3 que el nuevo titular del ramo, de formaci\u00f3n castrense, con mas de 30 a\u00f1os en el servicio de las Fuerzas Armadas y con tres a\u00f1os adscrito a la Guardia Nacional, acredit\u00f3 el examen de control de confianza.<\/p>\n\n\n\n<figure class=\"wp-block-embed is-type-rich is-provider-twitter wp-block-embed-twitter\"><div class=\"wp-block-embed__wrapper\">\n<blockquote class=\"twitter-tweet\" data-width=\"550\" data-dnt=\"true\"><p lang=\"es\" dir=\"ltr\">Al realizar recorridos de seguridad, elementos de la <a href=\"https:\/\/twitter.com\/SSPyTM_Culiacan?ref_src=twsrc%5Etfw\">@SSPyTM_Culiacan<\/a> fueron agredidos por civiles armados; de forma directa un elemento fue atacado y lamentablemente perdi\u00f3 la vida. Autoridades de los tres \u00f3rdenes de gobierno mantenemos operativos para dar con los responsables.<\/p>&mdash; Crist\u00f3bal Casta\u00f1eda (@Mtro_CCastaneda) <a href=\"https:\/\/twitter.com\/Mtro_CCastaneda\/status\/1556142992066457601?ref_src=twsrc%5Etfw\">August 7, 2022<\/a><\/blockquote><script async src=\"https:\/\/platform.twitter.com\/widgets.js\" charset=\"utf-8\"><\/script>\n<\/div><\/figure>\n\n\n\n<p><\/p>\n\n\n\n<p><\/p>\n\n\n\n<p><\/p>\n","protected":false},"excerpt":{"rendered":"<p>Juan Miguel Silva Alvarado, conocido como el \u201cB\u00f3xer\u201d, fue asesinado a balazos sobre la calle Alfonso Zaragoza Maytorena, cerca de las oficinas de Gobierno Culiac\u00e1n.- Cerca de la Fiscal\u00eda General del Estado, en la zona del Desarrollo Urbano de Tres R\u00edos, en la capital del estado, fue asesinado de varios disparos el reci\u00e9n nombrado subdirector [&hellip;]<\/p>\n","protected":false},"author":39,"featured_media":29971,"comment_status":"open","ping_status":"open","sticky":false,"template":"","format":"standard","meta":{"tdm_status":"","tdm_grid_status":"","footnotes":""},"categories":[37],"tags":[],"class_list":{"0":"post-39048","1":"post","2":"type-post","3":"status-publish","4":"format-standard","5":"has-post-thumbnail","7":"category-nota-principal"},"yoast_head":"<!-- This site is optimized with the Yoast SEO plugin v27.4 - https:\/\/yoast.com\/product\/yoast-seo-wordpress\/ -->\n<title>Asesinan al reci\u00e9n nombrado subdirector de la Polic\u00eda Municipal de Culiac\u00e1n - Fuentes Fidedignas<\/title>\n<meta name=\"robots\" content=\"index, follow, max-snippet:-1, max-image-preview:large, max-video-preview:-1\" \/>\n<link rel=\"canonical\" href=\"https:\/\/fuentesfidedignas.com.mx\/index.php\/2022\/08\/07\/asesinan-al-recien-nombrado-subdirector-de-la-policia-municipal-de-culiacan\/\" \/>\n<meta property=\"og:locale\" content=\"es_MX\" \/>\n<meta property=\"og:type\" content=\"article\" \/>\n<meta property=\"og:title\" content=\"Asesinan al reci\u00e9n nombrado subdirector de la Polic\u00eda Municipal de Culiac\u00e1n - Fuentes Fidedignas\" \/>\n<meta property=\"og:description\" content=\"Juan Miguel Silva Alvarado, conocido como el \u201cB\u00f3xer\u201d, fue asesinado a balazos sobre la calle Alfonso Zaragoza Maytorena, cerca de las oficinas de Gobierno Culiac\u00e1n.- Cerca de la Fiscal\u00eda General del Estado, en la zona del Desarrollo Urbano de Tres R\u00edos, en la capital del estado, fue asesinado de varios disparos el reci\u00e9n nombrado subdirector [&hellip;]\" \/>\n<meta property=\"og:url\" content=\"https:\/\/fuentesfidedignas.com.mx\/index.php\/2022\/08\/07\/asesinan-al-recien-nombrado-subdirector-de-la-policia-municipal-de-culiacan\/\" \/>\n<meta property=\"og:site_name\" content=\"Fuentes Fidedignas\" \/>\n<meta property=\"article:publisher\" content=\"https:\/\/www.facebook.com\/Fuentes-Fidedignas-368234489921644\" \/>\n<meta property=\"article:published_time\" content=\"2022-08-07T15:38:04+00:00\" \/>\n<meta property=\"article:modified_time\" content=\"2022-08-07T15:46:12+00:00\" \/>\n<meta property=\"og:image\" content=\"https:\/\/fuentesfidedignas.com.mx\/wp-content\/uploads\/2022\/05\/cinta.jpg\" \/>\n\t<meta property=\"og:image:width\" content=\"400\" \/>\n\t<meta property=\"og:image:height\" content=\"250\" \/>\n\t<meta property=\"og:image:type\" content=\"image\/jpeg\" \/>\n<meta name=\"author\" content=\"El Universal\" \/>\n<meta name=\"twitter:card\" content=\"summary_large_image\" \/>\n<meta name=\"twitter:creator\" content=\"@fidedignas\" \/>\n<meta name=\"twitter:site\" content=\"@fidedignas\" \/>\n<meta name=\"twitter:label1\" content=\"Escrito por\" \/>\n\t<meta name=\"twitter:data1\" content=\"El Universal\" \/>\n\t<meta name=\"twitter:label2\" content=\"Tiempo de lectura\" \/>\n\t<meta name=\"twitter:data2\" content=\"2 minutos\" \/>\n<script type=\"application\/ld+json\" class=\"yoast-schema-graph\">{\"@context\":\"https:\\\/\\\/schema.org\",\"@graph\":[{\"@type\":\"Article\",\"@id\":\"https:\\\/\\\/fuentesfidedignas.com.mx\\\/index.php\\\/2022\\\/08\\\/07\\\/asesinan-al-recien-nombrado-subdirector-de-la-policia-municipal-de-culiacan\\\/#article\",\"isPartOf\":{\"@id\":\"https:\\\/\\\/fuentesfidedignas.com.mx\\\/index.php\\\/2022\\\/08\\\/07\\\/asesinan-al-recien-nombrado-subdirector-de-la-policia-municipal-de-culiacan\\\/\"},\"author\":{\"name\":\"El Universal\",\"@id\":\"https:\\\/\\\/fuentesfidedignas.com.mx\\\/#\\\/schema\\\/person\\\/fee3882e65fd0510d292c43a346d35d7\"},\"headline\":\"Asesinan al reci\u00e9n nombrado subdirector de la Polic\u00eda Municipal de Culiac\u00e1n\",\"datePublished\":\"2022-08-07T15:38:04+00:00\",\"dateModified\":\"2022-08-07T15:46:12+00:00\",\"mainEntityOfPage\":{\"@id\":\"https:\\\/\\\/fuentesfidedignas.com.mx\\\/index.php\\\/2022\\\/08\\\/07\\\/asesinan-al-recien-nombrado-subdirector-de-la-policia-municipal-de-culiacan\\\/\"},\"wordCount\":304,\"commentCount\":0,\"publisher\":{\"@id\":\"https:\\\/\\\/fuentesfidedignas.com.mx\\\/#organization\"},\"image\":{\"@id\":\"https:\\\/\\\/fuentesfidedignas.com.mx\\\/index.php\\\/2022\\\/08\\\/07\\\/asesinan-al-recien-nombrado-subdirector-de-la-policia-municipal-de-culiacan\\\/#primaryimage\"},\"thumbnailUrl\":\"https:\\\/\\\/fuentesfidedignas.com.mx\\\/wp-content\\\/uploads\\\/2022\\\/05\\\/cinta.jpg\",\"articleSection\":[\"NOTA PRINCIPAL\"],\"inLanguage\":\"es\",\"potentialAction\":[{\"@type\":\"CommentAction\",\"name\":\"Comment\",\"target\":[\"https:\\\/\\\/fuentesfidedignas.com.mx\\\/index.php\\\/2022\\\/08\\\/07\\\/asesinan-al-recien-nombrado-subdirector-de-la-policia-municipal-de-culiacan\\\/#respond\"]}]},{\"@type\":\"WebPage\",\"@id\":\"https:\\\/\\\/fuentesfidedignas.com.mx\\\/index.php\\\/2022\\\/08\\\/07\\\/asesinan-al-recien-nombrado-subdirector-de-la-policia-municipal-de-culiacan\\\/\",\"url\":\"https:\\\/\\\/fuentesfidedignas.com.mx\\\/index.php\\\/2022\\\/08\\\/07\\\/asesinan-al-recien-nombrado-subdirector-de-la-policia-municipal-de-culiacan\\\/\",\"name\":\"Asesinan al reci\u00e9n nombrado subdirector de la Polic\u00eda Municipal de Culiac\u00e1n - Fuentes Fidedignas\",\"isPartOf\":{\"@id\":\"https:\\\/\\\/fuentesfidedignas.com.mx\\\/#website\"},\"primaryImageOfPage\":{\"@id\":\"https:\\\/\\\/fuentesfidedignas.com.mx\\\/index.php\\\/2022\\\/08\\\/07\\\/asesinan-al-recien-nombrado-subdirector-de-la-policia-municipal-de-culiacan\\\/#primaryimage\"},\"image\":{\"@id\":\"https:\\\/\\\/fuentesfidedignas.com.mx\\\/index.php\\\/2022\\\/08\\\/07\\\/asesinan-al-recien-nombrado-subdirector-de-la-policia-municipal-de-culiacan\\\/#primaryimage\"},\"thumbnailUrl\":\"https:\\\/\\\/fuentesfidedignas.com.mx\\\/wp-content\\\/uploads\\\/2022\\\/05\\\/cinta.jpg\",\"datePublished\":\"2022-08-07T15:38:04+00:00\",\"dateModified\":\"2022-08-07T15:46:12+00:00\",\"breadcrumb\":{\"@id\":\"https:\\\/\\\/fuentesfidedignas.com.mx\\\/index.php\\\/2022\\\/08\\\/07\\\/asesinan-al-recien-nombrado-subdirector-de-la-policia-municipal-de-culiacan\\\/#breadcrumb\"},\"inLanguage\":\"es\",\"potentialAction\":[{\"@type\":\"ReadAction\",\"target\":[\"https:\\\/\\\/fuentesfidedignas.com.mx\\\/index.php\\\/2022\\\/08\\\/07\\\/asesinan-al-recien-nombrado-subdirector-de-la-policia-municipal-de-culiacan\\\/\"]}]},{\"@type\":\"ImageObject\",\"inLanguage\":\"es\",\"@id\":\"https:\\\/\\\/fuentesfidedignas.com.mx\\\/index.php\\\/2022\\\/08\\\/07\\\/asesinan-al-recien-nombrado-subdirector-de-la-policia-municipal-de-culiacan\\\/#primaryimage\",\"url\":\"https:\\\/\\\/fuentesfidedignas.com.mx\\\/wp-content\\\/uploads\\\/2022\\\/05\\\/cinta.jpg\",\"contentUrl\":\"https:\\\/\\\/fuentesfidedignas.com.mx\\\/wp-content\\\/uploads\\\/2022\\\/05\\\/cinta.jpg\",\"width\":400,\"height\":250},{\"@type\":\"BreadcrumbList\",\"@id\":\"https:\\\/\\\/fuentesfidedignas.com.mx\\\/index.php\\\/2022\\\/08\\\/07\\\/asesinan-al-recien-nombrado-subdirector-de-la-policia-municipal-de-culiacan\\\/#breadcrumb\",\"itemListElement\":[{\"@type\":\"ListItem\",\"position\":1,\"name\":\"Inicio\",\"item\":\"https:\\\/\\\/fuentesfidedignas.com.mx\\\/\"},{\"@type\":\"ListItem\",\"position\":2,\"name\":\"Asesinan al reci\u00e9n nombrado subdirector de la Polic\u00eda Municipal de Culiac\u00e1n\"}]},{\"@type\":\"WebSite\",\"@id\":\"https:\\\/\\\/fuentesfidedignas.com.mx\\\/#website\",\"url\":\"https:\\\/\\\/fuentesfidedignas.com.mx\\\/\",\"name\":\"Fuentes Fidedignas\",\"description\":\"Otro sitio realizado con WordPress\",\"publisher\":{\"@id\":\"https:\\\/\\\/fuentesfidedignas.com.mx\\\/#organization\"},\"potentialAction\":[{\"@type\":\"SearchAction\",\"target\":{\"@type\":\"EntryPoint\",\"urlTemplate\":\"https:\\\/\\\/fuentesfidedignas.com.mx\\\/?s={search_term_string}\"},\"query-input\":{\"@type\":\"PropertyValueSpecification\",\"valueRequired\":true,\"valueName\":\"search_term_string\"}}],\"inLanguage\":\"es\"},{\"@type\":\"Organization\",\"@id\":\"https:\\\/\\\/fuentesfidedignas.com.mx\\\/#organization\",\"name\":\"Fuentes Fidedignas\",\"url\":\"https:\\\/\\\/fuentesfidedignas.com.mx\\\/\",\"logo\":{\"@type\":\"ImageObject\",\"inLanguage\":\"es\",\"@id\":\"https:\\\/\\\/fuentesfidedignas.com.mx\\\/#\\\/schema\\\/logo\\\/image\\\/\",\"url\":\"https:\\\/\\\/fuentesfidedignas.com.mx\\\/wp-content\\\/uploads\\\/2021\\\/04\\\/logo-retina.png\",\"contentUrl\":\"https:\\\/\\\/fuentesfidedignas.com.mx\\\/wp-content\\\/uploads\\\/2021\\\/04\\\/logo-retina.png\",\"width\":280,\"height\":51,\"caption\":\"Fuentes Fidedignas\"},\"image\":{\"@id\":\"https:\\\/\\\/fuentesfidedignas.com.mx\\\/#\\\/schema\\\/logo\\\/image\\\/\"},\"sameAs\":[\"https:\\\/\\\/www.facebook.com\\\/Fuentes-Fidedignas-368234489921644\",\"https:\\\/\\\/x.com\\\/fidedignas\"]},{\"@type\":\"Person\",\"@id\":\"https:\\\/\\\/fuentesfidedignas.com.mx\\\/#\\\/schema\\\/person\\\/fee3882e65fd0510d292c43a346d35d7\",\"name\":\"El Universal\",\"image\":{\"@type\":\"ImageObject\",\"inLanguage\":\"es\",\"@id\":\"https:\\\/\\\/secure.gravatar.com\\\/avatar\\\/1ebc94d82b6c3c081781f73e5b76a0d0c1ac7bf8e57426f18802246eeaa2747c?s=96&d=mm&r=g\",\"url\":\"https:\\\/\\\/secure.gravatar.com\\\/avatar\\\/1ebc94d82b6c3c081781f73e5b76a0d0c1ac7bf8e57426f18802246eeaa2747c?s=96&d=mm&r=g\",\"contentUrl\":\"https:\\\/\\\/secure.gravatar.com\\\/avatar\\\/1ebc94d82b6c3c081781f73e5b76a0d0c1ac7bf8e57426f18802246eeaa2747c?s=96&d=mm&r=g\",\"caption\":\"El Universal\"},\"url\":\"https:\\\/\\\/fuentesfidedignas.com.mx\\\/index.php\\\/author\\\/el-universal\\\/\"}]}<\/script>\n<!-- \/ Yoast SEO plugin. -->","yoast_head_json":{"title":"Asesinan al reci\u00e9n nombrado subdirector de la Polic\u00eda Municipal de Culiac\u00e1n - Fuentes Fidedignas","robots":{"index":"index","follow":"follow","max-snippet":"max-snippet:-1","max-image-preview":"max-image-preview:large","max-video-preview":"max-video-preview:-1"},"canonical":"https:\/\/fuentesfidedignas.com.mx\/index.php\/2022\/08\/07\/asesinan-al-recien-nombrado-subdirector-de-la-policia-municipal-de-culiacan\/","og_locale":"es_MX","og_type":"article","og_title":"Asesinan al reci\u00e9n nombrado subdirector de la Polic\u00eda Municipal de Culiac\u00e1n - Fuentes Fidedignas","og_description":"Juan Miguel Silva Alvarado, conocido como el \u201cB\u00f3xer\u201d, fue asesinado a balazos sobre la calle Alfonso Zaragoza Maytorena, cerca de las oficinas de Gobierno Culiac\u00e1n.- Cerca de la Fiscal\u00eda General del Estado, en la zona del Desarrollo Urbano de Tres R\u00edos, en la capital del estado, fue asesinado de varios disparos el reci\u00e9n nombrado subdirector [&hellip;]","og_url":"https:\/\/fuentesfidedignas.com.mx\/index.php\/2022\/08\/07\/asesinan-al-recien-nombrado-subdirector-de-la-policia-municipal-de-culiacan\/","og_site_name":"Fuentes Fidedignas","article_publisher":"https:\/\/www.facebook.com\/Fuentes-Fidedignas-368234489921644","article_published_time":"2022-08-07T15:38:04+00:00","article_modified_time":"2022-08-07T15:46:12+00:00","og_image":[{"width":400,"height":250,"url":"https:\/\/fuentesfidedignas.com.mx\/wp-content\/uploads\/2022\/05\/cinta.jpg","type":"image\/jpeg"}],"author":"El Universal","twitter_card":"summary_large_image","twitter_creator":"@fidedignas","twitter_site":"@fidedignas","twitter_misc":{"Escrito por":"El Universal","Tiempo de lectura":"2 minutos"},"schema":{"@context":"https:\/\/schema.org","@graph":[{"@type":"Article","@id":"https:\/\/fuentesfidedignas.com.mx\/index.php\/2022\/08\/07\/asesinan-al-recien-nombrado-subdirector-de-la-policia-municipal-de-culiacan\/#article","isPartOf":{"@id":"https:\/\/fuentesfidedignas.com.mx\/index.php\/2022\/08\/07\/asesinan-al-recien-nombrado-subdirector-de-la-policia-municipal-de-culiacan\/"},"author":{"name":"El Universal","@id":"https:\/\/fuentesfidedignas.com.mx\/#\/schema\/person\/fee3882e65fd0510d292c43a346d35d7"},"headline":"Asesinan al reci\u00e9n nombrado subdirector de la Polic\u00eda Municipal de Culiac\u00e1n","datePublished":"2022-08-07T15:38:04+00:00","dateModified":"2022-08-07T15:46:12+00:00","mainEntityOfPage":{"@id":"https:\/\/fuentesfidedignas.com.mx\/index.php\/2022\/08\/07\/asesinan-al-recien-nombrado-subdirector-de-la-policia-municipal-de-culiacan\/"},"wordCount":304,"commentCount":0,"publisher":{"@id":"https:\/\/fuentesfidedignas.com.mx\/#organization"},"image":{"@id":"https:\/\/fuentesfidedignas.com.mx\/index.php\/2022\/08\/07\/asesinan-al-recien-nombrado-subdirector-de-la-policia-municipal-de-culiacan\/#primaryimage"},"thumbnailUrl":"https:\/\/fuentesfidedignas.com.mx\/wp-content\/uploads\/2022\/05\/cinta.jpg","articleSection":["NOTA PRINCIPAL"],"inLanguage":"es","potentialAction":[{"@type":"CommentAction","name":"Comment","target":["https:\/\/fuentesfidedignas.com.mx\/index.php\/2022\/08\/07\/asesinan-al-recien-nombrado-subdirector-de-la-policia-municipal-de-culiacan\/#respond"]}]},{"@type":"WebPage","@id":"https:\/\/fuentesfidedignas.com.mx\/index.php\/2022\/08\/07\/asesinan-al-recien-nombrado-subdirector-de-la-policia-municipal-de-culiacan\/","url":"https:\/\/fuentesfidedignas.com.mx\/index.php\/2022\/08\/07\/asesinan-al-recien-nombrado-subdirector-de-la-policia-municipal-de-culiacan\/","name":"Asesinan al reci\u00e9n nombrado subdirector de la Polic\u00eda Municipal de Culiac\u00e1n - Fuentes Fidedignas","isPartOf":{"@id":"https:\/\/fuentesfidedignas.com.mx\/#website"},"primaryImageOfPage":{"@id":"https:\/\/fuentesfidedignas.com.mx\/index.php\/2022\/08\/07\/asesinan-al-recien-nombrado-subdirector-de-la-policia-municipal-de-culiacan\/#primaryimage"},"image":{"@id":"https:\/\/fuentesfidedignas.com.mx\/index.php\/2022\/08\/07\/asesinan-al-recien-nombrado-subdirector-de-la-policia-municipal-de-culiacan\/#primaryimage"},"thumbnailUrl":"https:\/\/fuentesfidedignas.com.mx\/wp-content\/uploads\/2022\/05\/cinta.jpg","datePublished":"2022-08-07T15:38:04+00:00","dateModified":"2022-08-07T15:46:12+00:00","breadcrumb":{"@id":"https:\/\/fuentesfidedignas.com.mx\/index.php\/2022\/08\/07\/asesinan-al-recien-nombrado-subdirector-de-la-policia-municipal-de-culiacan\/#breadcrumb"},"inLanguage":"es","potentialAction":[{"@type":"ReadAction","target":["https:\/\/fuentesfidedignas.com.mx\/index.php\/2022\/08\/07\/asesinan-al-recien-nombrado-subdirector-de-la-policia-municipal-de-culiacan\/"]}]},{"@type":"ImageObject","inLanguage":"es","@id":"https:\/\/fuentesfidedignas.com.mx\/index.php\/2022\/08\/07\/asesinan-al-recien-nombrado-subdirector-de-la-policia-municipal-de-culiacan\/#primaryimage","url":"https:\/\/fuentesfidedignas.com.mx\/wp-content\/uploads\/2022\/05\/cinta.jpg","contentUrl":"https:\/\/fuentesfidedignas.com.mx\/wp-content\/uploads\/2022\/05\/cinta.jpg","width":400,"height":250},{"@type":"BreadcrumbList","@id":"https:\/\/fuentesfidedignas.com.mx\/index.php\/2022\/08\/07\/asesinan-al-recien-nombrado-subdirector-de-la-policia-municipal-de-culiacan\/#breadcrumb","itemListElement":[{"@type":"ListItem","position":1,"name":"Inicio","item":"https:\/\/fuentesfidedignas.com.mx\/"},{"@type":"ListItem","position":2,"name":"Asesinan al reci\u00e9n nombrado subdirector de la Polic\u00eda Municipal de Culiac\u00e1n"}]},{"@type":"WebSite","@id":"https:\/\/fuentesfidedignas.com.mx\/#website","url":"https:\/\/fuentesfidedignas.com.mx\/","name":"Fuentes Fidedignas","description":"Otro sitio realizado con WordPress","publisher":{"@id":"https:\/\/fuentesfidedignas.com.mx\/#organization"},"potentialAction":[{"@type":"SearchAction","target":{"@type":"EntryPoint","urlTemplate":"https:\/\/fuentesfidedignas.com.mx\/?s={search_term_string}"},"query-input":{"@type":"PropertyValueSpecification","valueRequired":true,"valueName":"search_term_string"}}],"inLanguage":"es"},{"@type":"Organization","@id":"https:\/\/fuentesfidedignas.com.mx\/#organization","name":"Fuentes Fidedignas","url":"https:\/\/fuentesfidedignas.com.mx\/","logo":{"@type":"ImageObject","inLanguage":"es","@id":"https:\/\/fuentesfidedignas.com.mx\/#\/schema\/logo\/image\/","url":"https:\/\/fuentesfidedignas.com.mx\/wp-content\/uploads\/2021\/04\/logo-retina.png","contentUrl":"https:\/\/fuentesfidedignas.com.mx\/wp-content\/uploads\/2021\/04\/logo-retina.png","width":280,"height":51,"caption":"Fuentes Fidedignas"},"image":{"@id":"https:\/\/fuentesfidedignas.com.mx\/#\/schema\/logo\/image\/"},"sameAs":["https:\/\/www.facebook.com\/Fuentes-Fidedignas-368234489921644","https:\/\/x.com\/fidedignas"]},{"@type":"Person","@id":"https:\/\/fuentesfidedignas.com.mx\/#\/schema\/person\/fee3882e65fd0510d292c43a346d35d7","name":"El Universal","image":{"@type":"ImageObject","inLanguage":"es","@id":"https:\/\/secure.gravatar.com\/avatar\/1ebc94d82b6c3c081781f73e5b76a0d0c1ac7bf8e57426f18802246eeaa2747c?s=96&d=mm&r=g","url":"https:\/\/secure.gravatar.com\/avatar\/1ebc94d82b6c3c081781f73e5b76a0d0c1ac7bf8e57426f18802246eeaa2747c?s=96&d=mm&r=g","contentUrl":"https:\/\/secure.gravatar.com\/avatar\/1ebc94d82b6c3c081781f73e5b76a0d0c1ac7bf8e57426f18802246eeaa2747c?s=96&d=mm&r=g","caption":"El Universal"},"url":"https:\/\/fuentesfidedignas.com.mx\/index.php\/author\/el-universal\/"}]}},"_links":{"self":[{"href":"https:\/\/fuentesfidedignas.com.mx\/index.php\/wp-json\/wp\/v2\/posts\/39048","targetHints":{"allow":["GET"]}}],"collection":[{"href":"https:\/\/fuentesfidedignas.com.mx\/index.php\/wp-json\/wp\/v2\/posts"}],"about":[{"href":"https:\/\/fuentesfidedignas.com.mx\/index.php\/wp-json\/wp\/v2\/types\/post"}],"author":[{"embeddable":true,"href":"https:\/\/fuentesfidedignas.com.mx\/index.php\/wp-json\/wp\/v2\/users\/39"}],"replies":[{"embeddable":true,"href":"https:\/\/fuentesfidedignas.com.mx\/index.php\/wp-json\/wp\/v2\/comments?post=39048"}],"version-history":[{"count":4,"href":"https:\/\/fuentesfidedignas.com.mx\/index.php\/wp-json\/wp\/v2\/posts\/39048\/revisions"}],"predecessor-version":[{"id":39097,"href":"https:\/\/fuentesfidedignas.com.mx\/index.php\/wp-json\/wp\/v2\/posts\/39048\/revisions\/39097"}],"wp:featuredmedia":[{"embeddable":true,"href":"https:\/\/fuentesfidedignas.com.mx\/index.php\/wp-json\/wp\/v2\/media\/29971"}],"wp:attachment":[{"href":"https:\/\/fuentesfidedignas.com.mx\/index.php\/wp-json\/wp\/v2\/media?parent=39048"}],"wp:term":[{"taxonomy":"category","embeddable":true,"href":"https:\/\/fuentesfidedignas.com.mx\/index.php\/wp-json\/wp\/v2\/categories?post=39048"},{"taxonomy":"post_tag","embeddable":true,"href":"https:\/\/fuentesfidedignas.com.mx\/index.php\/wp-json\/wp\/v2\/tags?post=39048"}],"curies":[{"name":"wp","href":"https:\/\/api.w.org\/{rel}","templated":true}]}}