{"id":3900,"date":"2021-06-02T21:38:35","date_gmt":"2021-06-03T04:38:35","guid":{"rendered":"https:\/\/fuentesfidedignas.com.mx\/?p=3900"},"modified":"2021-06-02T21:38:37","modified_gmt":"2021-06-03T04:38:37","slug":"gerardo-vargas-juntos-vamos-a-impulsar-ahome-rocha","status":"publish","type":"post","link":"https:\/\/fuentesfidedignas.com.mx\/index.php\/2021\/06\/02\/gerardo-vargas-juntos-vamos-a-impulsar-ahome-rocha\/","title":{"rendered":"Gerardo Vargas, juntos vamos a impulsar Ahome: Rocha"},"content":{"rendered":"\n<p><strong><em>En Los Mochis y sindicaturas de Ahome desarrollaremos obras importantes, se\u00f1al\u00f3. La Carretera Topolobampo-Ojinaga detonar\u00e1 la industrializaci\u00f3n<\/em><\/strong><\/p>\n\n\n\n<p>Culiac\u00e1n, Sin.- En el marco del cierre de su campa\u00f1a de proselitismo pol\u00edtico, el candidato a la gubernatura de Sinaloa, por la f\u00f3rmula Morena-PAS, doctor Rub\u00e9n Rocha Moya destac\u00f3 que en su Plan Estatal de Desarrollo contempla el desarrollo de proyectos importantes como es la carretera Topolobampo-Ojinaga, que permitir\u00e1 detonar la industrializaci\u00f3n del municipio de Ahome.<\/p>\n\n\n\n<p>En la avenida \u00c1lvaro Obreg\u00f3n se dieron cita miles de&nbsp; militantes y simpatizantes morenistas y morados que acudieron de cada uno de los 18 municipios para ser part\u00edcipes del cierre de las campa\u00f1as de proselitismo pol\u00edtico de la f\u00f3rmula Morena-PAS, que iniciaron el&nbsp; 4 de abril del presente a\u00f1o, en donde el candidato a la presidencia municipal de Ahome, Gerardo Vargas Landeros, acompa\u00f1\u00f3 al candidato a la gubernatura de Sinaloa, el doctor Rub\u00e9n Rocha Moya.<\/p>\n\n\n\n<p>En una tarde donde el regocijo y la esperanza inundaban las almas de los miles de simpatizantes, hizo uso de la voz el candidato a la gubernatura de Sinaloa, por la f\u00f3rmula Morena-PAS para puntualizar \u201cHemos ido tambi\u00e9n a Ahome, con mi querido Gerardo, extraordinarios eventos con Gerardo, tenemos una propuesta muy importante de gobierno para desarrollar en Los Mochis, cabecera, pero tambi\u00e9n en algunas sindicaturas importantes como la Villa de Ahome\u201d.<\/p>\n\n\n\n<p>El doctor Rub\u00e9n Rocha Moya precis\u00f3 \u201cAh\u00ed tenemos un proyecto interesante que es la carretera Topolobampo-Ojinaga, que se va a desarrollar y permitir\u00e1 detonar otras obras, otros proyectos secundarios para la industrializaci\u00f3n del municipio\u201d.<\/p>\n\n\n\n<p>Ah\u00ed, el aspirante a la gubernatura de Sinaloa, en candidatura com\u00fan Morena-PAS refrend\u00f3 su apoyo al aspirante a la alcald\u00eda de Ahome, Gerardo Vargas&nbsp; al subrayar \u201cvamos a apoyarte Gerardo, t\u00fa eres nuestro candidato, eres el \u00fanico candidato, \u00bfy por qu\u00e9 lo digo? Porque han querido confundir con un voto cruzado, \u00a1y eso es traici\u00f3n! Vamos a votar 4 de 4, por los candidat@s a diputados federal, estatal y presidentes municipales, todos parejo\u201d.<\/p>\n","protected":false},"excerpt":{"rendered":"<p>En Los Mochis y sindicaturas de Ahome desarrollaremos obras importantes, se\u00f1al\u00f3. La Carretera Topolobampo-Ojinaga detonar\u00e1 la industrializaci\u00f3n Culiac\u00e1n, Sin.- En el marco del cierre de su campa\u00f1a de proselitismo pol\u00edtico, el candidato a la gubernatura de Sinaloa, por la f\u00f3rmula Morena-PAS, doctor Rub\u00e9n Rocha Moya destac\u00f3 que en su Plan Estatal de Desarrollo contempla el [&hellip;]<\/p>\n","protected":false},"author":4,"featured_media":3901,"comment_status":"open","ping_status":"open","sticky":false,"template":"","format":"standard","meta":{"tdm_status":"","tdm_grid_status":"","footnotes":""},"categories":[38],"tags":[],"class_list":{"0":"post-3900","1":"post","2":"type-post","3":"status-publish","4":"format-standard","5":"has-post-thumbnail","7":"category-noticias-locales"},"yoast_head":"<!-- This site is optimized with the Yoast SEO plugin v27.5 - https:\/\/yoast.com\/product\/yoast-seo-wordpress\/ -->\n<title>Gerardo Vargas, juntos vamos a impulsar Ahome: Rocha - Fuentes Fidedignas<\/title>\n<meta name=\"robots\" content=\"index, follow, max-snippet:-1, max-image-preview:large, max-video-preview:-1\" \/>\n<link rel=\"canonical\" href=\"https:\/\/fuentesfidedignas.com.mx\/index.php\/2021\/06\/02\/gerardo-vargas-juntos-vamos-a-impulsar-ahome-rocha\/\" \/>\n<meta property=\"og:locale\" content=\"es_MX\" \/>\n<meta property=\"og:type\" content=\"article\" \/>\n<meta property=\"og:title\" content=\"Gerardo Vargas, juntos vamos a impulsar Ahome: Rocha - Fuentes Fidedignas\" \/>\n<meta property=\"og:description\" content=\"En Los Mochis y sindicaturas de Ahome desarrollaremos obras importantes, se\u00f1al\u00f3. La Carretera Topolobampo-Ojinaga detonar\u00e1 la industrializaci\u00f3n Culiac\u00e1n, Sin.- En el marco del cierre de su campa\u00f1a de proselitismo pol\u00edtico, el candidato a la gubernatura de Sinaloa, por la f\u00f3rmula Morena-PAS, doctor Rub\u00e9n Rocha Moya destac\u00f3 que en su Plan Estatal de Desarrollo contempla el [&hellip;]\" \/>\n<meta property=\"og:url\" content=\"https:\/\/fuentesfidedignas.com.mx\/index.php\/2021\/06\/02\/gerardo-vargas-juntos-vamos-a-impulsar-ahome-rocha\/\" \/>\n<meta property=\"og:site_name\" content=\"Fuentes Fidedignas\" \/>\n<meta property=\"article:publisher\" content=\"https:\/\/www.facebook.com\/Fuentes-Fidedignas-368234489921644\" \/>\n<meta property=\"article:published_time\" content=\"2021-06-03T04:38:35+00:00\" \/>\n<meta property=\"article:modified_time\" content=\"2021-06-03T04:38:37+00:00\" \/>\n<meta property=\"og:image\" content=\"https:\/\/fuentesfidedignas.com.mx\/wp-content\/uploads\/2021\/06\/IMG-20210602-WA0089.jpg\" \/>\n\t<meta property=\"og:image:width\" content=\"1125\" \/>\n\t<meta property=\"og:image:height\" content=\"635\" \/>\n\t<meta property=\"og:image:type\" content=\"image\/jpeg\" \/>\n<meta name=\"author\" content=\"Redacci\u00f3n\" \/>\n<meta name=\"twitter:card\" content=\"summary_large_image\" \/>\n<meta name=\"twitter:creator\" content=\"@fidedignas\" \/>\n<meta name=\"twitter:site\" content=\"@fidedignas\" \/>\n<meta name=\"twitter:label1\" content=\"Escrito por\" \/>\n\t<meta name=\"twitter:data1\" content=\"Redacci\u00f3n\" \/>\n\t<meta name=\"twitter:label2\" content=\"Tiempo de lectura\" \/>\n\t<meta name=\"twitter:data2\" content=\"2 minutos\" \/>\n<script type=\"application\/ld+json\" class=\"yoast-schema-graph\">{\"@context\":\"https:\\\/\\\/schema.org\",\"@graph\":[{\"@type\":\"Article\",\"@id\":\"https:\\\/\\\/fuentesfidedignas.com.mx\\\/index.php\\\/2021\\\/06\\\/02\\\/gerardo-vargas-juntos-vamos-a-impulsar-ahome-rocha\\\/#article\",\"isPartOf\":{\"@id\":\"https:\\\/\\\/fuentesfidedignas.com.mx\\\/index.php\\\/2021\\\/06\\\/02\\\/gerardo-vargas-juntos-vamos-a-impulsar-ahome-rocha\\\/\"},\"author\":{\"name\":\"Redacci\u00f3n\",\"@id\":\"https:\\\/\\\/fuentesfidedignas.com.mx\\\/#\\\/schema\\\/person\\\/331be9283d37198e2acd5750279085b0\"},\"headline\":\"Gerardo Vargas, juntos vamos a impulsar Ahome: Rocha\",\"datePublished\":\"2021-06-03T04:38:35+00:00\",\"dateModified\":\"2021-06-03T04:38:37+00:00\",\"mainEntityOfPage\":{\"@id\":\"https:\\\/\\\/fuentesfidedignas.com.mx\\\/index.php\\\/2021\\\/06\\\/02\\\/gerardo-vargas-juntos-vamos-a-impulsar-ahome-rocha\\\/\"},\"wordCount\":359,\"commentCount\":0,\"publisher\":{\"@id\":\"https:\\\/\\\/fuentesfidedignas.com.mx\\\/#organization\"},\"image\":{\"@id\":\"https:\\\/\\\/fuentesfidedignas.com.mx\\\/index.php\\\/2021\\\/06\\\/02\\\/gerardo-vargas-juntos-vamos-a-impulsar-ahome-rocha\\\/#primaryimage\"},\"thumbnailUrl\":\"https:\\\/\\\/fuentesfidedignas.com.mx\\\/wp-content\\\/uploads\\\/2021\\\/06\\\/IMG-20210602-WA0089.jpg\",\"articleSection\":[\"NOTICIAS LOCALES\"],\"inLanguage\":\"es\",\"potentialAction\":[{\"@type\":\"CommentAction\",\"name\":\"Comment\",\"target\":[\"https:\\\/\\\/fuentesfidedignas.com.mx\\\/index.php\\\/2021\\\/06\\\/02\\\/gerardo-vargas-juntos-vamos-a-impulsar-ahome-rocha\\\/#respond\"]}]},{\"@type\":\"WebPage\",\"@id\":\"https:\\\/\\\/fuentesfidedignas.com.mx\\\/index.php\\\/2021\\\/06\\\/02\\\/gerardo-vargas-juntos-vamos-a-impulsar-ahome-rocha\\\/\",\"url\":\"https:\\\/\\\/fuentesfidedignas.com.mx\\\/index.php\\\/2021\\\/06\\\/02\\\/gerardo-vargas-juntos-vamos-a-impulsar-ahome-rocha\\\/\",\"name\":\"Gerardo Vargas, juntos vamos a impulsar Ahome: Rocha - Fuentes Fidedignas\",\"isPartOf\":{\"@id\":\"https:\\\/\\\/fuentesfidedignas.com.mx\\\/#website\"},\"primaryImageOfPage\":{\"@id\":\"https:\\\/\\\/fuentesfidedignas.com.mx\\\/index.php\\\/2021\\\/06\\\/02\\\/gerardo-vargas-juntos-vamos-a-impulsar-ahome-rocha\\\/#primaryimage\"},\"image\":{\"@id\":\"https:\\\/\\\/fuentesfidedignas.com.mx\\\/index.php\\\/2021\\\/06\\\/02\\\/gerardo-vargas-juntos-vamos-a-impulsar-ahome-rocha\\\/#primaryimage\"},\"thumbnailUrl\":\"https:\\\/\\\/fuentesfidedignas.com.mx\\\/wp-content\\\/uploads\\\/2021\\\/06\\\/IMG-20210602-WA0089.jpg\",\"datePublished\":\"2021-06-03T04:38:35+00:00\",\"dateModified\":\"2021-06-03T04:38:37+00:00\",\"breadcrumb\":{\"@id\":\"https:\\\/\\\/fuentesfidedignas.com.mx\\\/index.php\\\/2021\\\/06\\\/02\\\/gerardo-vargas-juntos-vamos-a-impulsar-ahome-rocha\\\/#breadcrumb\"},\"inLanguage\":\"es\",\"potentialAction\":[{\"@type\":\"ReadAction\",\"target\":[\"https:\\\/\\\/fuentesfidedignas.com.mx\\\/index.php\\\/2021\\\/06\\\/02\\\/gerardo-vargas-juntos-vamos-a-impulsar-ahome-rocha\\\/\"]}]},{\"@type\":\"ImageObject\",\"inLanguage\":\"es\",\"@id\":\"https:\\\/\\\/fuentesfidedignas.com.mx\\\/index.php\\\/2021\\\/06\\\/02\\\/gerardo-vargas-juntos-vamos-a-impulsar-ahome-rocha\\\/#primaryimage\",\"url\":\"https:\\\/\\\/fuentesfidedignas.com.mx\\\/wp-content\\\/uploads\\\/2021\\\/06\\\/IMG-20210602-WA0089.jpg\",\"contentUrl\":\"https:\\\/\\\/fuentesfidedignas.com.mx\\\/wp-content\\\/uploads\\\/2021\\\/06\\\/IMG-20210602-WA0089.jpg\",\"width\":1125,\"height\":635},{\"@type\":\"BreadcrumbList\",\"@id\":\"https:\\\/\\\/fuentesfidedignas.com.mx\\\/index.php\\\/2021\\\/06\\\/02\\\/gerardo-vargas-juntos-vamos-a-impulsar-ahome-rocha\\\/#breadcrumb\",\"itemListElement\":[{\"@type\":\"ListItem\",\"position\":1,\"name\":\"Inicio\",\"item\":\"https:\\\/\\\/fuentesfidedignas.com.mx\\\/\"},{\"@type\":\"ListItem\",\"position\":2,\"name\":\"Gerardo Vargas, juntos vamos a impulsar Ahome: Rocha\"}]},{\"@type\":\"WebSite\",\"@id\":\"https:\\\/\\\/fuentesfidedignas.com.mx\\\/#website\",\"url\":\"https:\\\/\\\/fuentesfidedignas.com.mx\\\/\",\"name\":\"Fuentes Fidedignas\",\"description\":\"Otro sitio realizado con WordPress\",\"publisher\":{\"@id\":\"https:\\\/\\\/fuentesfidedignas.com.mx\\\/#organization\"},\"potentialAction\":[{\"@type\":\"SearchAction\",\"target\":{\"@type\":\"EntryPoint\",\"urlTemplate\":\"https:\\\/\\\/fuentesfidedignas.com.mx\\\/?s={search_term_string}\"},\"query-input\":{\"@type\":\"PropertyValueSpecification\",\"valueRequired\":true,\"valueName\":\"search_term_string\"}}],\"inLanguage\":\"es\"},{\"@type\":\"Organization\",\"@id\":\"https:\\\/\\\/fuentesfidedignas.com.mx\\\/#organization\",\"name\":\"Fuentes Fidedignas\",\"url\":\"https:\\\/\\\/fuentesfidedignas.com.mx\\\/\",\"logo\":{\"@type\":\"ImageObject\",\"inLanguage\":\"es\",\"@id\":\"https:\\\/\\\/fuentesfidedignas.com.mx\\\/#\\\/schema\\\/logo\\\/image\\\/\",\"url\":\"https:\\\/\\\/fuentesfidedignas.com.mx\\\/wp-content\\\/uploads\\\/2021\\\/04\\\/logo-retina.png\",\"contentUrl\":\"https:\\\/\\\/fuentesfidedignas.com.mx\\\/wp-content\\\/uploads\\\/2021\\\/04\\\/logo-retina.png\",\"width\":280,\"height\":51,\"caption\":\"Fuentes Fidedignas\"},\"image\":{\"@id\":\"https:\\\/\\\/fuentesfidedignas.com.mx\\\/#\\\/schema\\\/logo\\\/image\\\/\"},\"sameAs\":[\"https:\\\/\\\/www.facebook.com\\\/Fuentes-Fidedignas-368234489921644\",\"https:\\\/\\\/x.com\\\/fidedignas\"]},{\"@type\":\"Person\",\"@id\":\"https:\\\/\\\/fuentesfidedignas.com.mx\\\/#\\\/schema\\\/person\\\/331be9283d37198e2acd5750279085b0\",\"name\":\"Redacci\u00f3n\",\"image\":{\"@type\":\"ImageObject\",\"inLanguage\":\"es\",\"@id\":\"https:\\\/\\\/secure.gravatar.com\\\/avatar\\\/f6d8782c11d12b2d4ad3fbb6931aeab5309937a4d6cd2fc9cfaa28a6396a5aec?s=96&d=mm&r=g\",\"url\":\"https:\\\/\\\/secure.gravatar.com\\\/avatar\\\/f6d8782c11d12b2d4ad3fbb6931aeab5309937a4d6cd2fc9cfaa28a6396a5aec?s=96&d=mm&r=g\",\"contentUrl\":\"https:\\\/\\\/secure.gravatar.com\\\/avatar\\\/f6d8782c11d12b2d4ad3fbb6931aeab5309937a4d6cd2fc9cfaa28a6396a5aec?s=96&d=mm&r=g\",\"caption\":\"Redacci\u00f3n\"},\"url\":\"https:\\\/\\\/fuentesfidedignas.com.mx\\\/index.php\\\/author\\\/redaccion\\\/\"}]}<\/script>\n<!-- \/ Yoast SEO plugin. -->","yoast_head_json":{"title":"Gerardo Vargas, juntos vamos a impulsar Ahome: Rocha - Fuentes Fidedignas","robots":{"index":"index","follow":"follow","max-snippet":"max-snippet:-1","max-image-preview":"max-image-preview:large","max-video-preview":"max-video-preview:-1"},"canonical":"https:\/\/fuentesfidedignas.com.mx\/index.php\/2021\/06\/02\/gerardo-vargas-juntos-vamos-a-impulsar-ahome-rocha\/","og_locale":"es_MX","og_type":"article","og_title":"Gerardo Vargas, juntos vamos a impulsar Ahome: Rocha - Fuentes Fidedignas","og_description":"En Los Mochis y sindicaturas de Ahome desarrollaremos obras importantes, se\u00f1al\u00f3. La Carretera Topolobampo-Ojinaga detonar\u00e1 la industrializaci\u00f3n Culiac\u00e1n, Sin.- En el marco del cierre de su campa\u00f1a de proselitismo pol\u00edtico, el candidato a la gubernatura de Sinaloa, por la f\u00f3rmula Morena-PAS, doctor Rub\u00e9n Rocha Moya destac\u00f3 que en su Plan Estatal de Desarrollo contempla el [&hellip;]","og_url":"https:\/\/fuentesfidedignas.com.mx\/index.php\/2021\/06\/02\/gerardo-vargas-juntos-vamos-a-impulsar-ahome-rocha\/","og_site_name":"Fuentes Fidedignas","article_publisher":"https:\/\/www.facebook.com\/Fuentes-Fidedignas-368234489921644","article_published_time":"2021-06-03T04:38:35+00:00","article_modified_time":"2021-06-03T04:38:37+00:00","og_image":[{"width":1125,"height":635,"url":"https:\/\/fuentesfidedignas.com.mx\/wp-content\/uploads\/2021\/06\/IMG-20210602-WA0089.jpg","type":"image\/jpeg"}],"author":"Redacci\u00f3n","twitter_card":"summary_large_image","twitter_creator":"@fidedignas","twitter_site":"@fidedignas","twitter_misc":{"Escrito por":"Redacci\u00f3n","Tiempo de lectura":"2 minutos"},"schema":{"@context":"https:\/\/schema.org","@graph":[{"@type":"Article","@id":"https:\/\/fuentesfidedignas.com.mx\/index.php\/2021\/06\/02\/gerardo-vargas-juntos-vamos-a-impulsar-ahome-rocha\/#article","isPartOf":{"@id":"https:\/\/fuentesfidedignas.com.mx\/index.php\/2021\/06\/02\/gerardo-vargas-juntos-vamos-a-impulsar-ahome-rocha\/"},"author":{"name":"Redacci\u00f3n","@id":"https:\/\/fuentesfidedignas.com.mx\/#\/schema\/person\/331be9283d37198e2acd5750279085b0"},"headline":"Gerardo Vargas, juntos vamos a impulsar Ahome: Rocha","datePublished":"2021-06-03T04:38:35+00:00","dateModified":"2021-06-03T04:38:37+00:00","mainEntityOfPage":{"@id":"https:\/\/fuentesfidedignas.com.mx\/index.php\/2021\/06\/02\/gerardo-vargas-juntos-vamos-a-impulsar-ahome-rocha\/"},"wordCount":359,"commentCount":0,"publisher":{"@id":"https:\/\/fuentesfidedignas.com.mx\/#organization"},"image":{"@id":"https:\/\/fuentesfidedignas.com.mx\/index.php\/2021\/06\/02\/gerardo-vargas-juntos-vamos-a-impulsar-ahome-rocha\/#primaryimage"},"thumbnailUrl":"https:\/\/fuentesfidedignas.com.mx\/wp-content\/uploads\/2021\/06\/IMG-20210602-WA0089.jpg","articleSection":["NOTICIAS LOCALES"],"inLanguage":"es","potentialAction":[{"@type":"CommentAction","name":"Comment","target":["https:\/\/fuentesfidedignas.com.mx\/index.php\/2021\/06\/02\/gerardo-vargas-juntos-vamos-a-impulsar-ahome-rocha\/#respond"]}]},{"@type":"WebPage","@id":"https:\/\/fuentesfidedignas.com.mx\/index.php\/2021\/06\/02\/gerardo-vargas-juntos-vamos-a-impulsar-ahome-rocha\/","url":"https:\/\/fuentesfidedignas.com.mx\/index.php\/2021\/06\/02\/gerardo-vargas-juntos-vamos-a-impulsar-ahome-rocha\/","name":"Gerardo Vargas, juntos vamos a impulsar Ahome: Rocha - Fuentes Fidedignas","isPartOf":{"@id":"https:\/\/fuentesfidedignas.com.mx\/#website"},"primaryImageOfPage":{"@id":"https:\/\/fuentesfidedignas.com.mx\/index.php\/2021\/06\/02\/gerardo-vargas-juntos-vamos-a-impulsar-ahome-rocha\/#primaryimage"},"image":{"@id":"https:\/\/fuentesfidedignas.com.mx\/index.php\/2021\/06\/02\/gerardo-vargas-juntos-vamos-a-impulsar-ahome-rocha\/#primaryimage"},"thumbnailUrl":"https:\/\/fuentesfidedignas.com.mx\/wp-content\/uploads\/2021\/06\/IMG-20210602-WA0089.jpg","datePublished":"2021-06-03T04:38:35+00:00","dateModified":"2021-06-03T04:38:37+00:00","breadcrumb":{"@id":"https:\/\/fuentesfidedignas.com.mx\/index.php\/2021\/06\/02\/gerardo-vargas-juntos-vamos-a-impulsar-ahome-rocha\/#breadcrumb"},"inLanguage":"es","potentialAction":[{"@type":"ReadAction","target":["https:\/\/fuentesfidedignas.com.mx\/index.php\/2021\/06\/02\/gerardo-vargas-juntos-vamos-a-impulsar-ahome-rocha\/"]}]},{"@type":"ImageObject","inLanguage":"es","@id":"https:\/\/fuentesfidedignas.com.mx\/index.php\/2021\/06\/02\/gerardo-vargas-juntos-vamos-a-impulsar-ahome-rocha\/#primaryimage","url":"https:\/\/fuentesfidedignas.com.mx\/wp-content\/uploads\/2021\/06\/IMG-20210602-WA0089.jpg","contentUrl":"https:\/\/fuentesfidedignas.com.mx\/wp-content\/uploads\/2021\/06\/IMG-20210602-WA0089.jpg","width":1125,"height":635},{"@type":"BreadcrumbList","@id":"https:\/\/fuentesfidedignas.com.mx\/index.php\/2021\/06\/02\/gerardo-vargas-juntos-vamos-a-impulsar-ahome-rocha\/#breadcrumb","itemListElement":[{"@type":"ListItem","position":1,"name":"Inicio","item":"https:\/\/fuentesfidedignas.com.mx\/"},{"@type":"ListItem","position":2,"name":"Gerardo Vargas, juntos vamos a impulsar Ahome: Rocha"}]},{"@type":"WebSite","@id":"https:\/\/fuentesfidedignas.com.mx\/#website","url":"https:\/\/fuentesfidedignas.com.mx\/","name":"Fuentes Fidedignas","description":"Otro sitio realizado con WordPress","publisher":{"@id":"https:\/\/fuentesfidedignas.com.mx\/#organization"},"potentialAction":[{"@type":"SearchAction","target":{"@type":"EntryPoint","urlTemplate":"https:\/\/fuentesfidedignas.com.mx\/?s={search_term_string}"},"query-input":{"@type":"PropertyValueSpecification","valueRequired":true,"valueName":"search_term_string"}}],"inLanguage":"es"},{"@type":"Organization","@id":"https:\/\/fuentesfidedignas.com.mx\/#organization","name":"Fuentes Fidedignas","url":"https:\/\/fuentesfidedignas.com.mx\/","logo":{"@type":"ImageObject","inLanguage":"es","@id":"https:\/\/fuentesfidedignas.com.mx\/#\/schema\/logo\/image\/","url":"https:\/\/fuentesfidedignas.com.mx\/wp-content\/uploads\/2021\/04\/logo-retina.png","contentUrl":"https:\/\/fuentesfidedignas.com.mx\/wp-content\/uploads\/2021\/04\/logo-retina.png","width":280,"height":51,"caption":"Fuentes Fidedignas"},"image":{"@id":"https:\/\/fuentesfidedignas.com.mx\/#\/schema\/logo\/image\/"},"sameAs":["https:\/\/www.facebook.com\/Fuentes-Fidedignas-368234489921644","https:\/\/x.com\/fidedignas"]},{"@type":"Person","@id":"https:\/\/fuentesfidedignas.com.mx\/#\/schema\/person\/331be9283d37198e2acd5750279085b0","name":"Redacci\u00f3n","image":{"@type":"ImageObject","inLanguage":"es","@id":"https:\/\/secure.gravatar.com\/avatar\/f6d8782c11d12b2d4ad3fbb6931aeab5309937a4d6cd2fc9cfaa28a6396a5aec?s=96&d=mm&r=g","url":"https:\/\/secure.gravatar.com\/avatar\/f6d8782c11d12b2d4ad3fbb6931aeab5309937a4d6cd2fc9cfaa28a6396a5aec?s=96&d=mm&r=g","contentUrl":"https:\/\/secure.gravatar.com\/avatar\/f6d8782c11d12b2d4ad3fbb6931aeab5309937a4d6cd2fc9cfaa28a6396a5aec?s=96&d=mm&r=g","caption":"Redacci\u00f3n"},"url":"https:\/\/fuentesfidedignas.com.mx\/index.php\/author\/redaccion\/"}]}},"_links":{"self":[{"href":"https:\/\/fuentesfidedignas.com.mx\/index.php\/wp-json\/wp\/v2\/posts\/3900","targetHints":{"allow":["GET"]}}],"collection":[{"href":"https:\/\/fuentesfidedignas.com.mx\/index.php\/wp-json\/wp\/v2\/posts"}],"about":[{"href":"https:\/\/fuentesfidedignas.com.mx\/index.php\/wp-json\/wp\/v2\/types\/post"}],"author":[{"embeddable":true,"href":"https:\/\/fuentesfidedignas.com.mx\/index.php\/wp-json\/wp\/v2\/users\/4"}],"replies":[{"embeddable":true,"href":"https:\/\/fuentesfidedignas.com.mx\/index.php\/wp-json\/wp\/v2\/comments?post=3900"}],"version-history":[{"count":1,"href":"https:\/\/fuentesfidedignas.com.mx\/index.php\/wp-json\/wp\/v2\/posts\/3900\/revisions"}],"predecessor-version":[{"id":3902,"href":"https:\/\/fuentesfidedignas.com.mx\/index.php\/wp-json\/wp\/v2\/posts\/3900\/revisions\/3902"}],"wp:featuredmedia":[{"embeddable":true,"href":"https:\/\/fuentesfidedignas.com.mx\/index.php\/wp-json\/wp\/v2\/media\/3901"}],"wp:attachment":[{"href":"https:\/\/fuentesfidedignas.com.mx\/index.php\/wp-json\/wp\/v2\/media?parent=3900"}],"wp:term":[{"taxonomy":"category","embeddable":true,"href":"https:\/\/fuentesfidedignas.com.mx\/index.php\/wp-json\/wp\/v2\/categories?post=3900"},{"taxonomy":"post_tag","embeddable":true,"href":"https:\/\/fuentesfidedignas.com.mx\/index.php\/wp-json\/wp\/v2\/tags?post=3900"}],"curies":[{"name":"wp","href":"https:\/\/api.w.org\/{rel}","templated":true}]}}