{"id":38996,"date":"2022-08-05T12:11:03","date_gmt":"2022-08-05T18:11:03","guid":{"rendered":"https:\/\/fuentesfidedignas.com.mx\/?p=38996"},"modified":"2022-08-05T12:11:04","modified_gmt":"2022-08-05T18:11:04","slug":"encuentran-a-seis-hombres-muertos-dos-de-ellos-decapitados-en-guerrero","status":"publish","type":"post","link":"https:\/\/fuentesfidedignas.com.mx\/index.php\/2022\/08\/05\/encuentran-a-seis-hombres-muertos-dos-de-ellos-decapitados-en-guerrero\/","title":{"rendered":"Encuentran a seis hombres muertos, dos de ellos decapitados, en Guerrero"},"content":{"rendered":"\n<p><strong><em>El hallazgo de las v\u00edctimas ocurri\u00f3 en un tramo de terracer\u00eda, sobre la carretera Tolixtlahuaca-Tejer\u00edas, en el municipio de Quechultenango<\/em><\/strong><\/p>\n\n\n\n<p>Ciudad de M\u00e9xico.- Los cuerpos de seis hombres asesinados, incluyendo las cabezas de dos decapitados, fueron localizados este viernes en un camino de terracer\u00eda del municipio mexicano de Quechultenango, perteneciente a la zona centro del estado de Guerrero, en el sur del pa\u00eds.<\/p>\n\n\n\n<p>De acuerdo con informes policiales, desde las 20.00 horas (01.00 GMT) de la noche del jueves hab\u00eda versiones de balaceras en ese municipio y posteriormente la versi\u00f3n de siete personas muertas.<\/p>\n\n\n\n<p>Sin embargo, este viernes fuentes de la Fiscal\u00eda General del Estado (FGE) confirmaron el asesinato de seis hombres en el tramo carretero de terracer\u00eda Tolixtlahuaca-Tejer\u00edas, en el municipio de Quechultenango.<\/p>\n\n\n\n<p>Seg\u00fan el reporte, adem\u00e1s de impactos de bala en el cuerpo, cuatros de ellos presentaban el tiro de gracia y dos estaban decapitados.<\/p>\n\n\n\n<p>Se inform\u00f3 que a unos 20 metros de los cuerpos estaba una camioneta blanca calcinada y sobre el camino se encontraron casquillos percutidos de rifles AK-47 y R-15.<\/p>\n\n\n\n<p>Los restos humanos fueron trasladados a las instalaciones del Servicio M\u00e9dico Forense (Semefo) ubicado en Chilpancingo, capital del estado.<\/p>\n\n\n\n<p>La FGE inform\u00f3 mediante un comunicado del inicio de una carpeta de investigaci\u00f3n por el delito de homicidio calificado m\u00faltiple, contra quien resulte responsable, sin proporcionar m\u00e1s datos sobre el hecho.<\/p>\n\n\n\n<p>La zona ha sido noticia nacional porque en febrero pasado pobladores del municipio retuvieron por varias horas a un convoy del Ej\u00e9rcito mexicano que arrib\u00f3 para llevar a cabo un operativo fallido.<\/p>\n\n\n\n<p>En ese entonces los habitantes argumentaron violaciones a sus derechos humanos y exigieron su salida a pesar de la presencia de bandas del crimen organizado.<\/p>\n\n\n\n<p>Quechultenango es identificado como uno de los bastiones del grupo delincuencial Los Ardillos, que recientemente ha asolado la zona centro para mantener el control contra otros grupos que pretenden ingresar.<\/p>\n\n\n\n<p>Tambi\u00e9n es reconocido por su sincretismo religioso que a finales de julio festeja al Se\u00f1or Santiago Ap\u00f3stol y re\u00fane a miles de personas en sus calles, donde este a\u00f1o se reactiv\u00f3 la tradici\u00f3n luego de haber sido suspendida por la pandemia por la covid-19.<\/p>\n\n\n\n<p>El hecho refleja la ola de violencia de M\u00e9xico, que registr\u00f3 33.315 homicidios en 2021 despu\u00e9s de los dos a\u00f1os m\u00e1s violentos de su historia, bajo el mandato de Andr\u00e9s Manuel L\u00f3pez Obrador, con 34.690 v\u00edctimas de asesinato en 2019 y 34.554 en 2020.<\/p>\n","protected":false},"excerpt":{"rendered":"<p>El hallazgo de las v\u00edctimas ocurri\u00f3 en un tramo de terracer\u00eda, sobre la carretera Tolixtlahuaca-Tejer\u00edas, en el municipio de Quechultenango Ciudad de M\u00e9xico.- Los cuerpos de seis hombres asesinados, incluyendo las cabezas de dos decapitados, fueron localizados este viernes en un camino de terracer\u00eda del municipio mexicano de Quechultenango, perteneciente a la zona centro del [&hellip;]<\/p>\n","protected":false},"author":52,"featured_media":38997,"comment_status":"open","ping_status":"open","sticky":false,"template":"","format":"standard","meta":{"tdm_status":"","tdm_grid_status":"","footnotes":""},"categories":[39],"tags":[175,115],"class_list":{"0":"post-38996","1":"post","2":"type-post","3":"status-publish","4":"format-standard","5":"has-post-thumbnail","7":"category-noticias-nacionales","8":"tag-guerrero","9":"tag-violencia"},"yoast_head":"<!-- This site is optimized with the Yoast SEO plugin v27.5 - https:\/\/yoast.com\/product\/yoast-seo-wordpress\/ -->\n<title>Encuentran a seis hombres muertos, dos de ellos decapitados, en Guerrero - Fuentes Fidedignas<\/title>\n<meta name=\"robots\" content=\"index, follow, max-snippet:-1, max-image-preview:large, max-video-preview:-1\" \/>\n<link rel=\"canonical\" href=\"https:\/\/fuentesfidedignas.com.mx\/index.php\/2022\/08\/05\/encuentran-a-seis-hombres-muertos-dos-de-ellos-decapitados-en-guerrero\/\" \/>\n<meta property=\"og:locale\" content=\"es_MX\" \/>\n<meta property=\"og:type\" content=\"article\" \/>\n<meta property=\"og:title\" content=\"Encuentran a seis hombres muertos, dos de ellos decapitados, en Guerrero - Fuentes Fidedignas\" \/>\n<meta property=\"og:description\" content=\"El hallazgo de las v\u00edctimas ocurri\u00f3 en un tramo de terracer\u00eda, sobre la carretera Tolixtlahuaca-Tejer\u00edas, en el municipio de Quechultenango Ciudad de M\u00e9xico.- Los cuerpos de seis hombres asesinados, incluyendo las cabezas de dos decapitados, fueron localizados este viernes en un camino de terracer\u00eda del municipio mexicano de Quechultenango, perteneciente a la zona centro del [&hellip;]\" \/>\n<meta property=\"og:url\" content=\"https:\/\/fuentesfidedignas.com.mx\/index.php\/2022\/08\/05\/encuentran-a-seis-hombres-muertos-dos-de-ellos-decapitados-en-guerrero\/\" \/>\n<meta property=\"og:site_name\" content=\"Fuentes Fidedignas\" \/>\n<meta property=\"article:publisher\" content=\"https:\/\/www.facebook.com\/Fuentes-Fidedignas-368234489921644\" \/>\n<meta property=\"article:published_time\" content=\"2022-08-05T18:11:03+00:00\" \/>\n<meta property=\"article:modified_time\" content=\"2022-08-05T18:11:04+00:00\" \/>\n<meta property=\"og:image\" content=\"https:\/\/fuentesfidedignas.com.mx\/wp-content\/uploads\/2022\/08\/muertos-GUERRERO.jpg\" \/>\n\t<meta property=\"og:image:width\" content=\"750\" \/>\n\t<meta property=\"og:image:height\" content=\"375\" \/>\n\t<meta property=\"og:image:type\" content=\"image\/jpeg\" \/>\n<meta name=\"author\" content=\"Tribuna\" \/>\n<meta name=\"twitter:card\" content=\"summary_large_image\" \/>\n<meta name=\"twitter:creator\" content=\"@fidedignas\" \/>\n<meta name=\"twitter:site\" content=\"@fidedignas\" \/>\n<meta name=\"twitter:label1\" content=\"Escrito por\" \/>\n\t<meta name=\"twitter:data1\" content=\"Tribuna\" \/>\n\t<meta name=\"twitter:label2\" content=\"Tiempo de lectura\" \/>\n\t<meta name=\"twitter:data2\" content=\"2 minutos\" \/>\n<script type=\"application\/ld+json\" class=\"yoast-schema-graph\">{\"@context\":\"https:\\\/\\\/schema.org\",\"@graph\":[{\"@type\":\"Article\",\"@id\":\"https:\\\/\\\/fuentesfidedignas.com.mx\\\/index.php\\\/2022\\\/08\\\/05\\\/encuentran-a-seis-hombres-muertos-dos-de-ellos-decapitados-en-guerrero\\\/#article\",\"isPartOf\":{\"@id\":\"https:\\\/\\\/fuentesfidedignas.com.mx\\\/index.php\\\/2022\\\/08\\\/05\\\/encuentran-a-seis-hombres-muertos-dos-de-ellos-decapitados-en-guerrero\\\/\"},\"author\":{\"name\":\"Tribuna\",\"@id\":\"https:\\\/\\\/fuentesfidedignas.com.mx\\\/#\\\/schema\\\/person\\\/f14c82bb6234c9813e005ceba6493b84\"},\"headline\":\"Encuentran a seis hombres muertos, dos de ellos decapitados, en Guerrero\",\"datePublished\":\"2022-08-05T18:11:03+00:00\",\"dateModified\":\"2022-08-05T18:11:04+00:00\",\"mainEntityOfPage\":{\"@id\":\"https:\\\/\\\/fuentesfidedignas.com.mx\\\/index.php\\\/2022\\\/08\\\/05\\\/encuentran-a-seis-hombres-muertos-dos-de-ellos-decapitados-en-guerrero\\\/\"},\"wordCount\":434,\"commentCount\":0,\"publisher\":{\"@id\":\"https:\\\/\\\/fuentesfidedignas.com.mx\\\/#organization\"},\"image\":{\"@id\":\"https:\\\/\\\/fuentesfidedignas.com.mx\\\/index.php\\\/2022\\\/08\\\/05\\\/encuentran-a-seis-hombres-muertos-dos-de-ellos-decapitados-en-guerrero\\\/#primaryimage\"},\"thumbnailUrl\":\"https:\\\/\\\/fuentesfidedignas.com.mx\\\/wp-content\\\/uploads\\\/2022\\\/08\\\/muertos-GUERRERO.jpg\",\"keywords\":[\"Guerrero\",\"violencia\"],\"articleSection\":[\"NOTICIAS NACIONALES\"],\"inLanguage\":\"es\",\"potentialAction\":[{\"@type\":\"CommentAction\",\"name\":\"Comment\",\"target\":[\"https:\\\/\\\/fuentesfidedignas.com.mx\\\/index.php\\\/2022\\\/08\\\/05\\\/encuentran-a-seis-hombres-muertos-dos-de-ellos-decapitados-en-guerrero\\\/#respond\"]}]},{\"@type\":\"WebPage\",\"@id\":\"https:\\\/\\\/fuentesfidedignas.com.mx\\\/index.php\\\/2022\\\/08\\\/05\\\/encuentran-a-seis-hombres-muertos-dos-de-ellos-decapitados-en-guerrero\\\/\",\"url\":\"https:\\\/\\\/fuentesfidedignas.com.mx\\\/index.php\\\/2022\\\/08\\\/05\\\/encuentran-a-seis-hombres-muertos-dos-de-ellos-decapitados-en-guerrero\\\/\",\"name\":\"Encuentran a seis hombres muertos, dos de ellos decapitados, en Guerrero - Fuentes Fidedignas\",\"isPartOf\":{\"@id\":\"https:\\\/\\\/fuentesfidedignas.com.mx\\\/#website\"},\"primaryImageOfPage\":{\"@id\":\"https:\\\/\\\/fuentesfidedignas.com.mx\\\/index.php\\\/2022\\\/08\\\/05\\\/encuentran-a-seis-hombres-muertos-dos-de-ellos-decapitados-en-guerrero\\\/#primaryimage\"},\"image\":{\"@id\":\"https:\\\/\\\/fuentesfidedignas.com.mx\\\/index.php\\\/2022\\\/08\\\/05\\\/encuentran-a-seis-hombres-muertos-dos-de-ellos-decapitados-en-guerrero\\\/#primaryimage\"},\"thumbnailUrl\":\"https:\\\/\\\/fuentesfidedignas.com.mx\\\/wp-content\\\/uploads\\\/2022\\\/08\\\/muertos-GUERRERO.jpg\",\"datePublished\":\"2022-08-05T18:11:03+00:00\",\"dateModified\":\"2022-08-05T18:11:04+00:00\",\"breadcrumb\":{\"@id\":\"https:\\\/\\\/fuentesfidedignas.com.mx\\\/index.php\\\/2022\\\/08\\\/05\\\/encuentran-a-seis-hombres-muertos-dos-de-ellos-decapitados-en-guerrero\\\/#breadcrumb\"},\"inLanguage\":\"es\",\"potentialAction\":[{\"@type\":\"ReadAction\",\"target\":[\"https:\\\/\\\/fuentesfidedignas.com.mx\\\/index.php\\\/2022\\\/08\\\/05\\\/encuentran-a-seis-hombres-muertos-dos-de-ellos-decapitados-en-guerrero\\\/\"]}]},{\"@type\":\"ImageObject\",\"inLanguage\":\"es\",\"@id\":\"https:\\\/\\\/fuentesfidedignas.com.mx\\\/index.php\\\/2022\\\/08\\\/05\\\/encuentran-a-seis-hombres-muertos-dos-de-ellos-decapitados-en-guerrero\\\/#primaryimage\",\"url\":\"https:\\\/\\\/fuentesfidedignas.com.mx\\\/wp-content\\\/uploads\\\/2022\\\/08\\\/muertos-GUERRERO.jpg\",\"contentUrl\":\"https:\\\/\\\/fuentesfidedignas.com.mx\\\/wp-content\\\/uploads\\\/2022\\\/08\\\/muertos-GUERRERO.jpg\",\"width\":750,\"height\":375},{\"@type\":\"BreadcrumbList\",\"@id\":\"https:\\\/\\\/fuentesfidedignas.com.mx\\\/index.php\\\/2022\\\/08\\\/05\\\/encuentran-a-seis-hombres-muertos-dos-de-ellos-decapitados-en-guerrero\\\/#breadcrumb\",\"itemListElement\":[{\"@type\":\"ListItem\",\"position\":1,\"name\":\"Inicio\",\"item\":\"https:\\\/\\\/fuentesfidedignas.com.mx\\\/\"},{\"@type\":\"ListItem\",\"position\":2,\"name\":\"Encuentran a seis hombres muertos, dos de ellos decapitados, en Guerrero\"}]},{\"@type\":\"WebSite\",\"@id\":\"https:\\\/\\\/fuentesfidedignas.com.mx\\\/#website\",\"url\":\"https:\\\/\\\/fuentesfidedignas.com.mx\\\/\",\"name\":\"Fuentes Fidedignas\",\"description\":\"Otro sitio realizado con WordPress\",\"publisher\":{\"@id\":\"https:\\\/\\\/fuentesfidedignas.com.mx\\\/#organization\"},\"potentialAction\":[{\"@type\":\"SearchAction\",\"target\":{\"@type\":\"EntryPoint\",\"urlTemplate\":\"https:\\\/\\\/fuentesfidedignas.com.mx\\\/?s={search_term_string}\"},\"query-input\":{\"@type\":\"PropertyValueSpecification\",\"valueRequired\":true,\"valueName\":\"search_term_string\"}}],\"inLanguage\":\"es\"},{\"@type\":\"Organization\",\"@id\":\"https:\\\/\\\/fuentesfidedignas.com.mx\\\/#organization\",\"name\":\"Fuentes Fidedignas\",\"url\":\"https:\\\/\\\/fuentesfidedignas.com.mx\\\/\",\"logo\":{\"@type\":\"ImageObject\",\"inLanguage\":\"es\",\"@id\":\"https:\\\/\\\/fuentesfidedignas.com.mx\\\/#\\\/schema\\\/logo\\\/image\\\/\",\"url\":\"https:\\\/\\\/fuentesfidedignas.com.mx\\\/wp-content\\\/uploads\\\/2021\\\/04\\\/logo-retina.png\",\"contentUrl\":\"https:\\\/\\\/fuentesfidedignas.com.mx\\\/wp-content\\\/uploads\\\/2021\\\/04\\\/logo-retina.png\",\"width\":280,\"height\":51,\"caption\":\"Fuentes Fidedignas\"},\"image\":{\"@id\":\"https:\\\/\\\/fuentesfidedignas.com.mx\\\/#\\\/schema\\\/logo\\\/image\\\/\"},\"sameAs\":[\"https:\\\/\\\/www.facebook.com\\\/Fuentes-Fidedignas-368234489921644\",\"https:\\\/\\\/x.com\\\/fidedignas\"]},{\"@type\":\"Person\",\"@id\":\"https:\\\/\\\/fuentesfidedignas.com.mx\\\/#\\\/schema\\\/person\\\/f14c82bb6234c9813e005ceba6493b84\",\"name\":\"Tribuna\",\"image\":{\"@type\":\"ImageObject\",\"inLanguage\":\"es\",\"@id\":\"https:\\\/\\\/secure.gravatar.com\\\/avatar\\\/e3f6b8e39b5bcf17b4dccd3da22f961a9a87846579cec8ceb8fa3965c096c7ce?s=96&d=mm&r=g\",\"url\":\"https:\\\/\\\/secure.gravatar.com\\\/avatar\\\/e3f6b8e39b5bcf17b4dccd3da22f961a9a87846579cec8ceb8fa3965c096c7ce?s=96&d=mm&r=g\",\"contentUrl\":\"https:\\\/\\\/secure.gravatar.com\\\/avatar\\\/e3f6b8e39b5bcf17b4dccd3da22f961a9a87846579cec8ceb8fa3965c096c7ce?s=96&d=mm&r=g\",\"caption\":\"Tribuna\"},\"url\":\"https:\\\/\\\/fuentesfidedignas.com.mx\\\/index.php\\\/author\\\/tribuna\\\/\"}]}<\/script>\n<!-- \/ Yoast SEO plugin. -->","yoast_head_json":{"title":"Encuentran a seis hombres muertos, dos de ellos decapitados, en Guerrero - Fuentes Fidedignas","robots":{"index":"index","follow":"follow","max-snippet":"max-snippet:-1","max-image-preview":"max-image-preview:large","max-video-preview":"max-video-preview:-1"},"canonical":"https:\/\/fuentesfidedignas.com.mx\/index.php\/2022\/08\/05\/encuentran-a-seis-hombres-muertos-dos-de-ellos-decapitados-en-guerrero\/","og_locale":"es_MX","og_type":"article","og_title":"Encuentran a seis hombres muertos, dos de ellos decapitados, en Guerrero - Fuentes Fidedignas","og_description":"El hallazgo de las v\u00edctimas ocurri\u00f3 en un tramo de terracer\u00eda, sobre la carretera Tolixtlahuaca-Tejer\u00edas, en el municipio de Quechultenango Ciudad de M\u00e9xico.- Los cuerpos de seis hombres asesinados, incluyendo las cabezas de dos decapitados, fueron localizados este viernes en un camino de terracer\u00eda del municipio mexicano de Quechultenango, perteneciente a la zona centro del [&hellip;]","og_url":"https:\/\/fuentesfidedignas.com.mx\/index.php\/2022\/08\/05\/encuentran-a-seis-hombres-muertos-dos-de-ellos-decapitados-en-guerrero\/","og_site_name":"Fuentes Fidedignas","article_publisher":"https:\/\/www.facebook.com\/Fuentes-Fidedignas-368234489921644","article_published_time":"2022-08-05T18:11:03+00:00","article_modified_time":"2022-08-05T18:11:04+00:00","og_image":[{"width":750,"height":375,"url":"https:\/\/fuentesfidedignas.com.mx\/wp-content\/uploads\/2022\/08\/muertos-GUERRERO.jpg","type":"image\/jpeg"}],"author":"Tribuna","twitter_card":"summary_large_image","twitter_creator":"@fidedignas","twitter_site":"@fidedignas","twitter_misc":{"Escrito por":"Tribuna","Tiempo de lectura":"2 minutos"},"schema":{"@context":"https:\/\/schema.org","@graph":[{"@type":"Article","@id":"https:\/\/fuentesfidedignas.com.mx\/index.php\/2022\/08\/05\/encuentran-a-seis-hombres-muertos-dos-de-ellos-decapitados-en-guerrero\/#article","isPartOf":{"@id":"https:\/\/fuentesfidedignas.com.mx\/index.php\/2022\/08\/05\/encuentran-a-seis-hombres-muertos-dos-de-ellos-decapitados-en-guerrero\/"},"author":{"name":"Tribuna","@id":"https:\/\/fuentesfidedignas.com.mx\/#\/schema\/person\/f14c82bb6234c9813e005ceba6493b84"},"headline":"Encuentran a seis hombres muertos, dos de ellos decapitados, en Guerrero","datePublished":"2022-08-05T18:11:03+00:00","dateModified":"2022-08-05T18:11:04+00:00","mainEntityOfPage":{"@id":"https:\/\/fuentesfidedignas.com.mx\/index.php\/2022\/08\/05\/encuentran-a-seis-hombres-muertos-dos-de-ellos-decapitados-en-guerrero\/"},"wordCount":434,"commentCount":0,"publisher":{"@id":"https:\/\/fuentesfidedignas.com.mx\/#organization"},"image":{"@id":"https:\/\/fuentesfidedignas.com.mx\/index.php\/2022\/08\/05\/encuentran-a-seis-hombres-muertos-dos-de-ellos-decapitados-en-guerrero\/#primaryimage"},"thumbnailUrl":"https:\/\/fuentesfidedignas.com.mx\/wp-content\/uploads\/2022\/08\/muertos-GUERRERO.jpg","keywords":["Guerrero","violencia"],"articleSection":["NOTICIAS NACIONALES"],"inLanguage":"es","potentialAction":[{"@type":"CommentAction","name":"Comment","target":["https:\/\/fuentesfidedignas.com.mx\/index.php\/2022\/08\/05\/encuentran-a-seis-hombres-muertos-dos-de-ellos-decapitados-en-guerrero\/#respond"]}]},{"@type":"WebPage","@id":"https:\/\/fuentesfidedignas.com.mx\/index.php\/2022\/08\/05\/encuentran-a-seis-hombres-muertos-dos-de-ellos-decapitados-en-guerrero\/","url":"https:\/\/fuentesfidedignas.com.mx\/index.php\/2022\/08\/05\/encuentran-a-seis-hombres-muertos-dos-de-ellos-decapitados-en-guerrero\/","name":"Encuentran a seis hombres muertos, dos de ellos decapitados, en Guerrero - Fuentes Fidedignas","isPartOf":{"@id":"https:\/\/fuentesfidedignas.com.mx\/#website"},"primaryImageOfPage":{"@id":"https:\/\/fuentesfidedignas.com.mx\/index.php\/2022\/08\/05\/encuentran-a-seis-hombres-muertos-dos-de-ellos-decapitados-en-guerrero\/#primaryimage"},"image":{"@id":"https:\/\/fuentesfidedignas.com.mx\/index.php\/2022\/08\/05\/encuentran-a-seis-hombres-muertos-dos-de-ellos-decapitados-en-guerrero\/#primaryimage"},"thumbnailUrl":"https:\/\/fuentesfidedignas.com.mx\/wp-content\/uploads\/2022\/08\/muertos-GUERRERO.jpg","datePublished":"2022-08-05T18:11:03+00:00","dateModified":"2022-08-05T18:11:04+00:00","breadcrumb":{"@id":"https:\/\/fuentesfidedignas.com.mx\/index.php\/2022\/08\/05\/encuentran-a-seis-hombres-muertos-dos-de-ellos-decapitados-en-guerrero\/#breadcrumb"},"inLanguage":"es","potentialAction":[{"@type":"ReadAction","target":["https:\/\/fuentesfidedignas.com.mx\/index.php\/2022\/08\/05\/encuentran-a-seis-hombres-muertos-dos-de-ellos-decapitados-en-guerrero\/"]}]},{"@type":"ImageObject","inLanguage":"es","@id":"https:\/\/fuentesfidedignas.com.mx\/index.php\/2022\/08\/05\/encuentran-a-seis-hombres-muertos-dos-de-ellos-decapitados-en-guerrero\/#primaryimage","url":"https:\/\/fuentesfidedignas.com.mx\/wp-content\/uploads\/2022\/08\/muertos-GUERRERO.jpg","contentUrl":"https:\/\/fuentesfidedignas.com.mx\/wp-content\/uploads\/2022\/08\/muertos-GUERRERO.jpg","width":750,"height":375},{"@type":"BreadcrumbList","@id":"https:\/\/fuentesfidedignas.com.mx\/index.php\/2022\/08\/05\/encuentran-a-seis-hombres-muertos-dos-de-ellos-decapitados-en-guerrero\/#breadcrumb","itemListElement":[{"@type":"ListItem","position":1,"name":"Inicio","item":"https:\/\/fuentesfidedignas.com.mx\/"},{"@type":"ListItem","position":2,"name":"Encuentran a seis hombres muertos, dos de ellos decapitados, en Guerrero"}]},{"@type":"WebSite","@id":"https:\/\/fuentesfidedignas.com.mx\/#website","url":"https:\/\/fuentesfidedignas.com.mx\/","name":"Fuentes Fidedignas","description":"Otro sitio realizado con WordPress","publisher":{"@id":"https:\/\/fuentesfidedignas.com.mx\/#organization"},"potentialAction":[{"@type":"SearchAction","target":{"@type":"EntryPoint","urlTemplate":"https:\/\/fuentesfidedignas.com.mx\/?s={search_term_string}"},"query-input":{"@type":"PropertyValueSpecification","valueRequired":true,"valueName":"search_term_string"}}],"inLanguage":"es"},{"@type":"Organization","@id":"https:\/\/fuentesfidedignas.com.mx\/#organization","name":"Fuentes Fidedignas","url":"https:\/\/fuentesfidedignas.com.mx\/","logo":{"@type":"ImageObject","inLanguage":"es","@id":"https:\/\/fuentesfidedignas.com.mx\/#\/schema\/logo\/image\/","url":"https:\/\/fuentesfidedignas.com.mx\/wp-content\/uploads\/2021\/04\/logo-retina.png","contentUrl":"https:\/\/fuentesfidedignas.com.mx\/wp-content\/uploads\/2021\/04\/logo-retina.png","width":280,"height":51,"caption":"Fuentes Fidedignas"},"image":{"@id":"https:\/\/fuentesfidedignas.com.mx\/#\/schema\/logo\/image\/"},"sameAs":["https:\/\/www.facebook.com\/Fuentes-Fidedignas-368234489921644","https:\/\/x.com\/fidedignas"]},{"@type":"Person","@id":"https:\/\/fuentesfidedignas.com.mx\/#\/schema\/person\/f14c82bb6234c9813e005ceba6493b84","name":"Tribuna","image":{"@type":"ImageObject","inLanguage":"es","@id":"https:\/\/secure.gravatar.com\/avatar\/e3f6b8e39b5bcf17b4dccd3da22f961a9a87846579cec8ceb8fa3965c096c7ce?s=96&d=mm&r=g","url":"https:\/\/secure.gravatar.com\/avatar\/e3f6b8e39b5bcf17b4dccd3da22f961a9a87846579cec8ceb8fa3965c096c7ce?s=96&d=mm&r=g","contentUrl":"https:\/\/secure.gravatar.com\/avatar\/e3f6b8e39b5bcf17b4dccd3da22f961a9a87846579cec8ceb8fa3965c096c7ce?s=96&d=mm&r=g","caption":"Tribuna"},"url":"https:\/\/fuentesfidedignas.com.mx\/index.php\/author\/tribuna\/"}]}},"_links":{"self":[{"href":"https:\/\/fuentesfidedignas.com.mx\/index.php\/wp-json\/wp\/v2\/posts\/38996","targetHints":{"allow":["GET"]}}],"collection":[{"href":"https:\/\/fuentesfidedignas.com.mx\/index.php\/wp-json\/wp\/v2\/posts"}],"about":[{"href":"https:\/\/fuentesfidedignas.com.mx\/index.php\/wp-json\/wp\/v2\/types\/post"}],"author":[{"embeddable":true,"href":"https:\/\/fuentesfidedignas.com.mx\/index.php\/wp-json\/wp\/v2\/users\/52"}],"replies":[{"embeddable":true,"href":"https:\/\/fuentesfidedignas.com.mx\/index.php\/wp-json\/wp\/v2\/comments?post=38996"}],"version-history":[{"count":1,"href":"https:\/\/fuentesfidedignas.com.mx\/index.php\/wp-json\/wp\/v2\/posts\/38996\/revisions"}],"predecessor-version":[{"id":38998,"href":"https:\/\/fuentesfidedignas.com.mx\/index.php\/wp-json\/wp\/v2\/posts\/38996\/revisions\/38998"}],"wp:featuredmedia":[{"embeddable":true,"href":"https:\/\/fuentesfidedignas.com.mx\/index.php\/wp-json\/wp\/v2\/media\/38997"}],"wp:attachment":[{"href":"https:\/\/fuentesfidedignas.com.mx\/index.php\/wp-json\/wp\/v2\/media?parent=38996"}],"wp:term":[{"taxonomy":"category","embeddable":true,"href":"https:\/\/fuentesfidedignas.com.mx\/index.php\/wp-json\/wp\/v2\/categories?post=38996"},{"taxonomy":"post_tag","embeddable":true,"href":"https:\/\/fuentesfidedignas.com.mx\/index.php\/wp-json\/wp\/v2\/tags?post=38996"}],"curies":[{"name":"wp","href":"https:\/\/api.w.org\/{rel}","templated":true}]}}