{"id":38985,"date":"2022-08-05T07:39:17","date_gmt":"2022-08-05T13:39:17","guid":{"rendered":"https:\/\/fuentesfidedignas.com.mx\/?p=38985"},"modified":"2022-08-05T07:42:01","modified_gmt":"2022-08-05T13:42:01","slug":"peso-cae-tras-reportes-de-nomina-no-agricola-y-de-desempleo-en-eu","status":"publish","type":"post","link":"https:\/\/fuentesfidedignas.com.mx\/index.php\/2022\/08\/05\/peso-cae-tras-reportes-de-nomina-no-agricola-y-de-desempleo-en-eu\/","title":{"rendered":"Peso cae tras reportes de n\u00f3mina no agr\u00edcola y de desempleo en EU"},"content":{"rendered":"\n<p><strong><em>El\u00a0peso\u00a0cotizaba en 20.4397 por d\u00f3lar, con una p\u00e9rdida de 0.56% frente al precio de referencia del mi\u00e9rcoles<\/em><\/strong><\/p>\n\n\n\n<p>Ciudad de M\u00e9xico. &#8211;\u00a0El peso se depreciaba el jueves ante un fortalecimiento global del d\u00f3lar tras la divulgaci\u00f3n de cifras del mercado laboral de Estados Unidos mejores a lo esperado, que restaban preocupaciones sobre una posible recesi\u00f3n en la mayor econom\u00eda del mundo.<\/p>\n\n\n\n<p>El peso\u00a0cotizaba en 20.4397 por d\u00f3lar, con una p\u00e9rdida de 0.56% frente al precio de referencia de Reuters del mi\u00e9rcoles, en l\u00ednea con el desempe\u00f1o de otras de las principales divisas emergentes.<\/p>\n\n\n\n<p>El Departamento de Trabajo de Estados Unidos dijo que en julio se crearon 528,000 empleos, por encima de los 250,000\u200b\u200b\u200b previstos y de un dato de 398,000 en el mes anterior. La tasa de desempleo, en tanto, \u200b\u200b\u200b\u200b\u200b\u200bcay\u00f3 a un 3.5% desde un nivel del 3.6%.<\/p>\n\n\n\n<p>Para el resto de la sesi\u00f3n, se espera que el peso oscile en un rango de 20.42 a 20.60 por d\u00f3lar, de acuerdo con el local Banco Base.<\/p>\n","protected":false},"excerpt":{"rendered":"<p>El\u00a0peso\u00a0cotizaba en 20.4397 por d\u00f3lar, con una p\u00e9rdida de 0.56% frente al precio de referencia del mi\u00e9rcoles Ciudad de M\u00e9xico. &#8211;\u00a0El peso se depreciaba el jueves ante un fortalecimiento global del d\u00f3lar tras la divulgaci\u00f3n de cifras del mercado laboral de Estados Unidos mejores a lo esperado, que restaban preocupaciones sobre una posible recesi\u00f3n en [&hellip;]<\/p>\n","protected":false},"author":5,"featured_media":38984,"comment_status":"open","ping_status":"open","sticky":false,"template":"","format":"standard","meta":{"tdm_status":"","tdm_grid_status":"","footnotes":""},"categories":[39],"tags":[],"class_list":{"0":"post-38985","1":"post","2":"type-post","3":"status-publish","4":"format-standard","5":"has-post-thumbnail","7":"category-noticias-nacionales"},"yoast_head":"<!-- This site is optimized with the Yoast SEO plugin v27.4 - https:\/\/yoast.com\/product\/yoast-seo-wordpress\/ -->\n<title>Peso cae tras reportes de n\u00f3mina no agr\u00edcola y de desempleo en EU - Fuentes Fidedignas<\/title>\n<meta name=\"robots\" content=\"index, follow, max-snippet:-1, max-image-preview:large, max-video-preview:-1\" \/>\n<link rel=\"canonical\" href=\"https:\/\/fuentesfidedignas.com.mx\/index.php\/2022\/08\/05\/peso-cae-tras-reportes-de-nomina-no-agricola-y-de-desempleo-en-eu\/\" \/>\n<meta property=\"og:locale\" content=\"es_MX\" \/>\n<meta property=\"og:type\" content=\"article\" \/>\n<meta property=\"og:title\" content=\"Peso cae tras reportes de n\u00f3mina no agr\u00edcola y de desempleo en EU - Fuentes Fidedignas\" \/>\n<meta property=\"og:description\" content=\"El\u00a0peso\u00a0cotizaba en 20.4397 por d\u00f3lar, con una p\u00e9rdida de 0.56% frente al precio de referencia del mi\u00e9rcoles Ciudad de M\u00e9xico. &#8211;\u00a0El peso se depreciaba el jueves ante un fortalecimiento global del d\u00f3lar tras la divulgaci\u00f3n de cifras del mercado laboral de Estados Unidos mejores a lo esperado, que restaban preocupaciones sobre una posible recesi\u00f3n en [&hellip;]\" \/>\n<meta property=\"og:url\" content=\"https:\/\/fuentesfidedignas.com.mx\/index.php\/2022\/08\/05\/peso-cae-tras-reportes-de-nomina-no-agricola-y-de-desempleo-en-eu\/\" \/>\n<meta property=\"og:site_name\" content=\"Fuentes Fidedignas\" \/>\n<meta property=\"article:publisher\" content=\"https:\/\/www.facebook.com\/Fuentes-Fidedignas-368234489921644\" \/>\n<meta property=\"article:published_time\" content=\"2022-08-05T13:39:17+00:00\" \/>\n<meta property=\"article:modified_time\" content=\"2022-08-05T13:42:01+00:00\" \/>\n<meta property=\"og:image\" content=\"https:\/\/fuentesfidedignas.com.mx\/wp-content\/uploads\/2022\/08\/Economia-Peso-02-768x432-1.jpg\" \/>\n\t<meta property=\"og:image:width\" content=\"768\" \/>\n\t<meta property=\"og:image:height\" content=\"432\" \/>\n\t<meta property=\"og:image:type\" content=\"image\/jpeg\" \/>\n<meta name=\"author\" content=\"Forbes\" \/>\n<meta name=\"twitter:card\" content=\"summary_large_image\" \/>\n<meta name=\"twitter:creator\" content=\"@fidedignas\" \/>\n<meta name=\"twitter:site\" content=\"@fidedignas\" \/>\n<meta name=\"twitter:label1\" content=\"Escrito por\" \/>\n\t<meta name=\"twitter:data1\" content=\"Forbes\" \/>\n\t<meta name=\"twitter:label2\" content=\"Tiempo de lectura\" \/>\n\t<meta name=\"twitter:data2\" content=\"1 minuto\" \/>\n<script type=\"application\/ld+json\" class=\"yoast-schema-graph\">{\"@context\":\"https:\\\/\\\/schema.org\",\"@graph\":[{\"@type\":\"Article\",\"@id\":\"https:\\\/\\\/fuentesfidedignas.com.mx\\\/index.php\\\/2022\\\/08\\\/05\\\/peso-cae-tras-reportes-de-nomina-no-agricola-y-de-desempleo-en-eu\\\/#article\",\"isPartOf\":{\"@id\":\"https:\\\/\\\/fuentesfidedignas.com.mx\\\/index.php\\\/2022\\\/08\\\/05\\\/peso-cae-tras-reportes-de-nomina-no-agricola-y-de-desempleo-en-eu\\\/\"},\"author\":{\"name\":\"Forbes\",\"@id\":\"https:\\\/\\\/fuentesfidedignas.com.mx\\\/#\\\/schema\\\/person\\\/5623d53fe2e579d825b1679734abcc44\"},\"headline\":\"Peso cae tras reportes de n\u00f3mina no agr\u00edcola y de desempleo en EU\",\"datePublished\":\"2022-08-05T13:39:17+00:00\",\"dateModified\":\"2022-08-05T13:42:01+00:00\",\"mainEntityOfPage\":{\"@id\":\"https:\\\/\\\/fuentesfidedignas.com.mx\\\/index.php\\\/2022\\\/08\\\/05\\\/peso-cae-tras-reportes-de-nomina-no-agricola-y-de-desempleo-en-eu\\\/\"},\"wordCount\":189,\"commentCount\":0,\"publisher\":{\"@id\":\"https:\\\/\\\/fuentesfidedignas.com.mx\\\/#organization\"},\"image\":{\"@id\":\"https:\\\/\\\/fuentesfidedignas.com.mx\\\/index.php\\\/2022\\\/08\\\/05\\\/peso-cae-tras-reportes-de-nomina-no-agricola-y-de-desempleo-en-eu\\\/#primaryimage\"},\"thumbnailUrl\":\"https:\\\/\\\/fuentesfidedignas.com.mx\\\/wp-content\\\/uploads\\\/2022\\\/08\\\/Economia-Peso-02-768x432-1.jpg\",\"articleSection\":[\"NOTICIAS NACIONALES\"],\"inLanguage\":\"es\",\"potentialAction\":[{\"@type\":\"CommentAction\",\"name\":\"Comment\",\"target\":[\"https:\\\/\\\/fuentesfidedignas.com.mx\\\/index.php\\\/2022\\\/08\\\/05\\\/peso-cae-tras-reportes-de-nomina-no-agricola-y-de-desempleo-en-eu\\\/#respond\"]}]},{\"@type\":\"WebPage\",\"@id\":\"https:\\\/\\\/fuentesfidedignas.com.mx\\\/index.php\\\/2022\\\/08\\\/05\\\/peso-cae-tras-reportes-de-nomina-no-agricola-y-de-desempleo-en-eu\\\/\",\"url\":\"https:\\\/\\\/fuentesfidedignas.com.mx\\\/index.php\\\/2022\\\/08\\\/05\\\/peso-cae-tras-reportes-de-nomina-no-agricola-y-de-desempleo-en-eu\\\/\",\"name\":\"Peso cae tras reportes de n\u00f3mina no agr\u00edcola y de desempleo en EU - Fuentes Fidedignas\",\"isPartOf\":{\"@id\":\"https:\\\/\\\/fuentesfidedignas.com.mx\\\/#website\"},\"primaryImageOfPage\":{\"@id\":\"https:\\\/\\\/fuentesfidedignas.com.mx\\\/index.php\\\/2022\\\/08\\\/05\\\/peso-cae-tras-reportes-de-nomina-no-agricola-y-de-desempleo-en-eu\\\/#primaryimage\"},\"image\":{\"@id\":\"https:\\\/\\\/fuentesfidedignas.com.mx\\\/index.php\\\/2022\\\/08\\\/05\\\/peso-cae-tras-reportes-de-nomina-no-agricola-y-de-desempleo-en-eu\\\/#primaryimage\"},\"thumbnailUrl\":\"https:\\\/\\\/fuentesfidedignas.com.mx\\\/wp-content\\\/uploads\\\/2022\\\/08\\\/Economia-Peso-02-768x432-1.jpg\",\"datePublished\":\"2022-08-05T13:39:17+00:00\",\"dateModified\":\"2022-08-05T13:42:01+00:00\",\"breadcrumb\":{\"@id\":\"https:\\\/\\\/fuentesfidedignas.com.mx\\\/index.php\\\/2022\\\/08\\\/05\\\/peso-cae-tras-reportes-de-nomina-no-agricola-y-de-desempleo-en-eu\\\/#breadcrumb\"},\"inLanguage\":\"es\",\"potentialAction\":[{\"@type\":\"ReadAction\",\"target\":[\"https:\\\/\\\/fuentesfidedignas.com.mx\\\/index.php\\\/2022\\\/08\\\/05\\\/peso-cae-tras-reportes-de-nomina-no-agricola-y-de-desempleo-en-eu\\\/\"]}]},{\"@type\":\"ImageObject\",\"inLanguage\":\"es\",\"@id\":\"https:\\\/\\\/fuentesfidedignas.com.mx\\\/index.php\\\/2022\\\/08\\\/05\\\/peso-cae-tras-reportes-de-nomina-no-agricola-y-de-desempleo-en-eu\\\/#primaryimage\",\"url\":\"https:\\\/\\\/fuentesfidedignas.com.mx\\\/wp-content\\\/uploads\\\/2022\\\/08\\\/Economia-Peso-02-768x432-1.jpg\",\"contentUrl\":\"https:\\\/\\\/fuentesfidedignas.com.mx\\\/wp-content\\\/uploads\\\/2022\\\/08\\\/Economia-Peso-02-768x432-1.jpg\",\"width\":768,\"height\":432},{\"@type\":\"BreadcrumbList\",\"@id\":\"https:\\\/\\\/fuentesfidedignas.com.mx\\\/index.php\\\/2022\\\/08\\\/05\\\/peso-cae-tras-reportes-de-nomina-no-agricola-y-de-desempleo-en-eu\\\/#breadcrumb\",\"itemListElement\":[{\"@type\":\"ListItem\",\"position\":1,\"name\":\"Inicio\",\"item\":\"https:\\\/\\\/fuentesfidedignas.com.mx\\\/\"},{\"@type\":\"ListItem\",\"position\":2,\"name\":\"Peso cae tras reportes de n\u00f3mina no agr\u00edcola y de desempleo en EU\"}]},{\"@type\":\"WebSite\",\"@id\":\"https:\\\/\\\/fuentesfidedignas.com.mx\\\/#website\",\"url\":\"https:\\\/\\\/fuentesfidedignas.com.mx\\\/\",\"name\":\"Fuentes Fidedignas\",\"description\":\"Otro sitio realizado con WordPress\",\"publisher\":{\"@id\":\"https:\\\/\\\/fuentesfidedignas.com.mx\\\/#organization\"},\"potentialAction\":[{\"@type\":\"SearchAction\",\"target\":{\"@type\":\"EntryPoint\",\"urlTemplate\":\"https:\\\/\\\/fuentesfidedignas.com.mx\\\/?s={search_term_string}\"},\"query-input\":{\"@type\":\"PropertyValueSpecification\",\"valueRequired\":true,\"valueName\":\"search_term_string\"}}],\"inLanguage\":\"es\"},{\"@type\":\"Organization\",\"@id\":\"https:\\\/\\\/fuentesfidedignas.com.mx\\\/#organization\",\"name\":\"Fuentes Fidedignas\",\"url\":\"https:\\\/\\\/fuentesfidedignas.com.mx\\\/\",\"logo\":{\"@type\":\"ImageObject\",\"inLanguage\":\"es\",\"@id\":\"https:\\\/\\\/fuentesfidedignas.com.mx\\\/#\\\/schema\\\/logo\\\/image\\\/\",\"url\":\"https:\\\/\\\/fuentesfidedignas.com.mx\\\/wp-content\\\/uploads\\\/2021\\\/04\\\/logo-retina.png\",\"contentUrl\":\"https:\\\/\\\/fuentesfidedignas.com.mx\\\/wp-content\\\/uploads\\\/2021\\\/04\\\/logo-retina.png\",\"width\":280,\"height\":51,\"caption\":\"Fuentes Fidedignas\"},\"image\":{\"@id\":\"https:\\\/\\\/fuentesfidedignas.com.mx\\\/#\\\/schema\\\/logo\\\/image\\\/\"},\"sameAs\":[\"https:\\\/\\\/www.facebook.com\\\/Fuentes-Fidedignas-368234489921644\",\"https:\\\/\\\/x.com\\\/fidedignas\"]},{\"@type\":\"Person\",\"@id\":\"https:\\\/\\\/fuentesfidedignas.com.mx\\\/#\\\/schema\\\/person\\\/5623d53fe2e579d825b1679734abcc44\",\"name\":\"Forbes\",\"image\":{\"@type\":\"ImageObject\",\"inLanguage\":\"es\",\"@id\":\"https:\\\/\\\/secure.gravatar.com\\\/avatar\\\/87ce3dd4e41e60c22a79c758614f01a6bc2469255fc936ec7b15efb9bb5cb66f?s=96&d=mm&r=g\",\"url\":\"https:\\\/\\\/secure.gravatar.com\\\/avatar\\\/87ce3dd4e41e60c22a79c758614f01a6bc2469255fc936ec7b15efb9bb5cb66f?s=96&d=mm&r=g\",\"contentUrl\":\"https:\\\/\\\/secure.gravatar.com\\\/avatar\\\/87ce3dd4e41e60c22a79c758614f01a6bc2469255fc936ec7b15efb9bb5cb66f?s=96&d=mm&r=g\",\"caption\":\"Forbes\"},\"url\":\"https:\\\/\\\/fuentesfidedignas.com.mx\\\/index.php\\\/author\\\/forbes\\\/\"}]}<\/script>\n<!-- \/ Yoast SEO plugin. -->","yoast_head_json":{"title":"Peso cae tras reportes de n\u00f3mina no agr\u00edcola y de desempleo en EU - Fuentes Fidedignas","robots":{"index":"index","follow":"follow","max-snippet":"max-snippet:-1","max-image-preview":"max-image-preview:large","max-video-preview":"max-video-preview:-1"},"canonical":"https:\/\/fuentesfidedignas.com.mx\/index.php\/2022\/08\/05\/peso-cae-tras-reportes-de-nomina-no-agricola-y-de-desempleo-en-eu\/","og_locale":"es_MX","og_type":"article","og_title":"Peso cae tras reportes de n\u00f3mina no agr\u00edcola y de desempleo en EU - Fuentes Fidedignas","og_description":"El\u00a0peso\u00a0cotizaba en 20.4397 por d\u00f3lar, con una p\u00e9rdida de 0.56% frente al precio de referencia del mi\u00e9rcoles Ciudad de M\u00e9xico. &#8211;\u00a0El peso se depreciaba el jueves ante un fortalecimiento global del d\u00f3lar tras la divulgaci\u00f3n de cifras del mercado laboral de Estados Unidos mejores a lo esperado, que restaban preocupaciones sobre una posible recesi\u00f3n en [&hellip;]","og_url":"https:\/\/fuentesfidedignas.com.mx\/index.php\/2022\/08\/05\/peso-cae-tras-reportes-de-nomina-no-agricola-y-de-desempleo-en-eu\/","og_site_name":"Fuentes Fidedignas","article_publisher":"https:\/\/www.facebook.com\/Fuentes-Fidedignas-368234489921644","article_published_time":"2022-08-05T13:39:17+00:00","article_modified_time":"2022-08-05T13:42:01+00:00","og_image":[{"width":768,"height":432,"url":"https:\/\/fuentesfidedignas.com.mx\/wp-content\/uploads\/2022\/08\/Economia-Peso-02-768x432-1.jpg","type":"image\/jpeg"}],"author":"Forbes","twitter_card":"summary_large_image","twitter_creator":"@fidedignas","twitter_site":"@fidedignas","twitter_misc":{"Escrito por":"Forbes","Tiempo de lectura":"1 minuto"},"schema":{"@context":"https:\/\/schema.org","@graph":[{"@type":"Article","@id":"https:\/\/fuentesfidedignas.com.mx\/index.php\/2022\/08\/05\/peso-cae-tras-reportes-de-nomina-no-agricola-y-de-desempleo-en-eu\/#article","isPartOf":{"@id":"https:\/\/fuentesfidedignas.com.mx\/index.php\/2022\/08\/05\/peso-cae-tras-reportes-de-nomina-no-agricola-y-de-desempleo-en-eu\/"},"author":{"name":"Forbes","@id":"https:\/\/fuentesfidedignas.com.mx\/#\/schema\/person\/5623d53fe2e579d825b1679734abcc44"},"headline":"Peso cae tras reportes de n\u00f3mina no agr\u00edcola y de desempleo en EU","datePublished":"2022-08-05T13:39:17+00:00","dateModified":"2022-08-05T13:42:01+00:00","mainEntityOfPage":{"@id":"https:\/\/fuentesfidedignas.com.mx\/index.php\/2022\/08\/05\/peso-cae-tras-reportes-de-nomina-no-agricola-y-de-desempleo-en-eu\/"},"wordCount":189,"commentCount":0,"publisher":{"@id":"https:\/\/fuentesfidedignas.com.mx\/#organization"},"image":{"@id":"https:\/\/fuentesfidedignas.com.mx\/index.php\/2022\/08\/05\/peso-cae-tras-reportes-de-nomina-no-agricola-y-de-desempleo-en-eu\/#primaryimage"},"thumbnailUrl":"https:\/\/fuentesfidedignas.com.mx\/wp-content\/uploads\/2022\/08\/Economia-Peso-02-768x432-1.jpg","articleSection":["NOTICIAS NACIONALES"],"inLanguage":"es","potentialAction":[{"@type":"CommentAction","name":"Comment","target":["https:\/\/fuentesfidedignas.com.mx\/index.php\/2022\/08\/05\/peso-cae-tras-reportes-de-nomina-no-agricola-y-de-desempleo-en-eu\/#respond"]}]},{"@type":"WebPage","@id":"https:\/\/fuentesfidedignas.com.mx\/index.php\/2022\/08\/05\/peso-cae-tras-reportes-de-nomina-no-agricola-y-de-desempleo-en-eu\/","url":"https:\/\/fuentesfidedignas.com.mx\/index.php\/2022\/08\/05\/peso-cae-tras-reportes-de-nomina-no-agricola-y-de-desempleo-en-eu\/","name":"Peso cae tras reportes de n\u00f3mina no agr\u00edcola y de desempleo en EU - Fuentes Fidedignas","isPartOf":{"@id":"https:\/\/fuentesfidedignas.com.mx\/#website"},"primaryImageOfPage":{"@id":"https:\/\/fuentesfidedignas.com.mx\/index.php\/2022\/08\/05\/peso-cae-tras-reportes-de-nomina-no-agricola-y-de-desempleo-en-eu\/#primaryimage"},"image":{"@id":"https:\/\/fuentesfidedignas.com.mx\/index.php\/2022\/08\/05\/peso-cae-tras-reportes-de-nomina-no-agricola-y-de-desempleo-en-eu\/#primaryimage"},"thumbnailUrl":"https:\/\/fuentesfidedignas.com.mx\/wp-content\/uploads\/2022\/08\/Economia-Peso-02-768x432-1.jpg","datePublished":"2022-08-05T13:39:17+00:00","dateModified":"2022-08-05T13:42:01+00:00","breadcrumb":{"@id":"https:\/\/fuentesfidedignas.com.mx\/index.php\/2022\/08\/05\/peso-cae-tras-reportes-de-nomina-no-agricola-y-de-desempleo-en-eu\/#breadcrumb"},"inLanguage":"es","potentialAction":[{"@type":"ReadAction","target":["https:\/\/fuentesfidedignas.com.mx\/index.php\/2022\/08\/05\/peso-cae-tras-reportes-de-nomina-no-agricola-y-de-desempleo-en-eu\/"]}]},{"@type":"ImageObject","inLanguage":"es","@id":"https:\/\/fuentesfidedignas.com.mx\/index.php\/2022\/08\/05\/peso-cae-tras-reportes-de-nomina-no-agricola-y-de-desempleo-en-eu\/#primaryimage","url":"https:\/\/fuentesfidedignas.com.mx\/wp-content\/uploads\/2022\/08\/Economia-Peso-02-768x432-1.jpg","contentUrl":"https:\/\/fuentesfidedignas.com.mx\/wp-content\/uploads\/2022\/08\/Economia-Peso-02-768x432-1.jpg","width":768,"height":432},{"@type":"BreadcrumbList","@id":"https:\/\/fuentesfidedignas.com.mx\/index.php\/2022\/08\/05\/peso-cae-tras-reportes-de-nomina-no-agricola-y-de-desempleo-en-eu\/#breadcrumb","itemListElement":[{"@type":"ListItem","position":1,"name":"Inicio","item":"https:\/\/fuentesfidedignas.com.mx\/"},{"@type":"ListItem","position":2,"name":"Peso cae tras reportes de n\u00f3mina no agr\u00edcola y de desempleo en EU"}]},{"@type":"WebSite","@id":"https:\/\/fuentesfidedignas.com.mx\/#website","url":"https:\/\/fuentesfidedignas.com.mx\/","name":"Fuentes Fidedignas","description":"Otro sitio realizado con WordPress","publisher":{"@id":"https:\/\/fuentesfidedignas.com.mx\/#organization"},"potentialAction":[{"@type":"SearchAction","target":{"@type":"EntryPoint","urlTemplate":"https:\/\/fuentesfidedignas.com.mx\/?s={search_term_string}"},"query-input":{"@type":"PropertyValueSpecification","valueRequired":true,"valueName":"search_term_string"}}],"inLanguage":"es"},{"@type":"Organization","@id":"https:\/\/fuentesfidedignas.com.mx\/#organization","name":"Fuentes Fidedignas","url":"https:\/\/fuentesfidedignas.com.mx\/","logo":{"@type":"ImageObject","inLanguage":"es","@id":"https:\/\/fuentesfidedignas.com.mx\/#\/schema\/logo\/image\/","url":"https:\/\/fuentesfidedignas.com.mx\/wp-content\/uploads\/2021\/04\/logo-retina.png","contentUrl":"https:\/\/fuentesfidedignas.com.mx\/wp-content\/uploads\/2021\/04\/logo-retina.png","width":280,"height":51,"caption":"Fuentes Fidedignas"},"image":{"@id":"https:\/\/fuentesfidedignas.com.mx\/#\/schema\/logo\/image\/"},"sameAs":["https:\/\/www.facebook.com\/Fuentes-Fidedignas-368234489921644","https:\/\/x.com\/fidedignas"]},{"@type":"Person","@id":"https:\/\/fuentesfidedignas.com.mx\/#\/schema\/person\/5623d53fe2e579d825b1679734abcc44","name":"Forbes","image":{"@type":"ImageObject","inLanguage":"es","@id":"https:\/\/secure.gravatar.com\/avatar\/87ce3dd4e41e60c22a79c758614f01a6bc2469255fc936ec7b15efb9bb5cb66f?s=96&d=mm&r=g","url":"https:\/\/secure.gravatar.com\/avatar\/87ce3dd4e41e60c22a79c758614f01a6bc2469255fc936ec7b15efb9bb5cb66f?s=96&d=mm&r=g","contentUrl":"https:\/\/secure.gravatar.com\/avatar\/87ce3dd4e41e60c22a79c758614f01a6bc2469255fc936ec7b15efb9bb5cb66f?s=96&d=mm&r=g","caption":"Forbes"},"url":"https:\/\/fuentesfidedignas.com.mx\/index.php\/author\/forbes\/"}]}},"_links":{"self":[{"href":"https:\/\/fuentesfidedignas.com.mx\/index.php\/wp-json\/wp\/v2\/posts\/38985","targetHints":{"allow":["GET"]}}],"collection":[{"href":"https:\/\/fuentesfidedignas.com.mx\/index.php\/wp-json\/wp\/v2\/posts"}],"about":[{"href":"https:\/\/fuentesfidedignas.com.mx\/index.php\/wp-json\/wp\/v2\/types\/post"}],"author":[{"embeddable":true,"href":"https:\/\/fuentesfidedignas.com.mx\/index.php\/wp-json\/wp\/v2\/users\/5"}],"replies":[{"embeddable":true,"href":"https:\/\/fuentesfidedignas.com.mx\/index.php\/wp-json\/wp\/v2\/comments?post=38985"}],"version-history":[{"count":1,"href":"https:\/\/fuentesfidedignas.com.mx\/index.php\/wp-json\/wp\/v2\/posts\/38985\/revisions"}],"predecessor-version":[{"id":38986,"href":"https:\/\/fuentesfidedignas.com.mx\/index.php\/wp-json\/wp\/v2\/posts\/38985\/revisions\/38986"}],"wp:featuredmedia":[{"embeddable":true,"href":"https:\/\/fuentesfidedignas.com.mx\/index.php\/wp-json\/wp\/v2\/media\/38984"}],"wp:attachment":[{"href":"https:\/\/fuentesfidedignas.com.mx\/index.php\/wp-json\/wp\/v2\/media?parent=38985"}],"wp:term":[{"taxonomy":"category","embeddable":true,"href":"https:\/\/fuentesfidedignas.com.mx\/index.php\/wp-json\/wp\/v2\/categories?post=38985"},{"taxonomy":"post_tag","embeddable":true,"href":"https:\/\/fuentesfidedignas.com.mx\/index.php\/wp-json\/wp\/v2\/tags?post=38985"}],"curies":[{"name":"wp","href":"https:\/\/api.w.org\/{rel}","templated":true}]}}