{"id":38902,"date":"2022-08-04T07:04:48","date_gmt":"2022-08-04T13:04:48","guid":{"rendered":"https:\/\/fuentesfidedignas.com.mx\/?p=38902"},"modified":"2022-08-04T08:39:48","modified_gmt":"2022-08-04T14:39:48","slug":"papa-de-joey-meneses-vive-la-emocion-por-el-historico-debut-de-su-hijo-en-grandes-ligas","status":"publish","type":"post","link":"https:\/\/fuentesfidedignas.com.mx\/index.php\/2022\/08\/04\/papa-de-joey-meneses-vive-la-emocion-por-el-historico-debut-de-su-hijo-en-grandes-ligas\/","title":{"rendered":"Pap\u00e1 de Joey Meneses vive la emoci\u00f3n por el hist\u00f3rico debut de su hijo en grandes ligas"},"content":{"rendered":"\n<p><strong><em>Su debut, como tomatero fue el 12 de noviembre de 2013, en casa, contra los Mayos de Navojoa.<\/em><\/strong><\/p>\n\n\n\n<p>Culiac\u00e1n, Sin.- La familia de Joey Meneses, camin\u00f3 a su lado en un largo trayecto que, por fin este martes 2 de agosto de 2022 aterriz\u00f3 en Nationals Park, un estadio de Major League Baseball (MLB).<\/p>\n\n\n\n<p>Meneses, a sus 30 a\u00f1os, se present\u00f3 como sexto en el orden contra los Mets y el derecho Jacob deGrom. Su padre Fabi\u00e1n, no se contiene al expresar la alegr\u00eda que hoy impregna su alma.<\/p>\n\n\n\n<p>\u201cFue una sensaci\u00f3n incre\u00edble, una emoci\u00f3n tremenda, tanto que hab\u00eda luchado por llegar a ese sue\u00f1o y que en ese momento, lo estaba consiguiendo. No hab\u00eda palabras para decir la emoci\u00f3n que sent\u00ed\u201d, dijo en entrevista.<\/p>\n\n\n\n<p>El d\u00eda comenz\u00f3 con una sorpresa matutina para los Meneses Ram\u00edrez. \u201cComo a las 8 de la ma\u00f1ana, le mand\u00f3 un mensaje a su mam\u00e1 diciendo que posiblemente lo iban a subir, pero que no dijeran nada hasta que llegara a Washington y fuera oficial. A eso se la una de la tarde ya nos confirm\u00f3 y que iba a jugar ese d\u00eda\u201c, agreg\u00f3.<\/p>\n\n\n\n<p>Despu\u00e9s de dos turnos sin imparable, Joey peg\u00f3 su primer hit que adem\u00e1s, fue cuadrangular solitario contra el cubano Yoan L\u00f3pez. \u201cNosotros lo est\u00e1bamos viendo con un grupo de amigos y en el momento, uno de mis amigos me dijo \u201cva a pegar HR\u201d y pues yo estaba muy nervioso. Cuando lo conect\u00f3 al primer lanzamiento, pegamos un brinco indescriptible, que no pod\u00edamos la emoci\u00f3n\u201d, describe Fabi\u00e1n Meneses sobre el momento hist\u00f3rico.<\/p>\n\n\n\n<p>Desde su nacimiento, Joey estuvo ligado al amor de su padre por el Rey de los Deportes. \u201cYo jugaba b\u00e9isbol y pues\u2026 Que se llame Joe como Joe Dimaggio. Con Tomateros hab\u00eda venido un jugador que era Joey Fern\u00e1ndez y (pens\u00e9), le vamos a acomodar el Joe y la y griega para que no se vea tanto que fue imitar a otro\u201d, confiesa.<\/p>\n\n\n\n<p>\u201cJoey un ni\u00f1o muy inquieto desde chiquito, era un poco hiperactivo. Un ni\u00f1o muy sano y le gustaba mucho el deporte. Lo llev\u00e9 a las ligas de chico, para que desahogara en el campo toda la energ\u00eda que \u00e9l tra\u00eda\u201d, comparte su padre sobre c\u00f3mo inicia el camino de Joey en el b\u00e9isbol.<\/p>\n\n\n\n<p>\u201cYo ven\u00eda a los juegos de b\u00e9isbol, de Tomateros y lo tra\u00eda. Estaba chico \u00e9l, ten\u00eda unos cuatro o cinco a\u00f1os y le gustaba, quer\u00eda ser Tomatero. Cuando en la liga, en la Recursos hicimos el equipo dijimos \u201cvamos a ponerle Tomateros\u201d, porque quer\u00edan ser Tomateros\u201d, revela<\/p>\n\n\n\n<p>Para 2013, lo que inici\u00f3 como una afici\u00f3n de ni\u00f1o, tom\u00f3 tintes de una carrera deportiva. Su debut, como tomatero fue el 12 de noviembre de 2013, en casa, contra los Mayos de Navojoa.<\/p>\n\n\n\n<p>En ese primer duelo, durante la octava baja, entr\u00f3 a correr de emergente por Al\u00ed Sol\u00eds. Dos d\u00edas m\u00e1s tarde, contra los mismos Mayos en la s\u00e9ptima baja, sustituy\u00f3 de la misma forma a Emmanuel Valdez, el bateador designado.<\/p>\n\n\n\n<p>Una entrada despu\u00e9s, el relevista Andrew Russell decidi\u00f3 darle base intencional a Johan Limonta para verse con el novato Meneses. Lino Rivera, el m\u00e1nager, lo mantuvo en el juego y con las bases llenas, as\u00ed como dos outs, Joey peg\u00f3 doble al jard\u00edn derecho que puso el duelo 6-3 en favor de los Tomateros.<\/p>\n\n\n\n<p>As\u00ed comenz\u00f3 a forjarse el nombre de quien hoy, es una leyenda guinda. \u201cComo novato, \u00e9l ten\u00eda la primera ilusi\u00f3n de debutar con Tomateros. Hizo el entrenamiento y no qued\u00f3 (en 2013). \u00c9l sigui\u00f3 luchando, aqu\u00ed (en Culiac\u00e1n), estaba jugando en una liga de Primera Fuerza cuando Lino Rivera, le dijo: vente, va a haber oportunidad\u201d, recuerda Fabi\u00e1n Meneses sobre aquellos d\u00edas.<\/p>\n\n\n\n<p>Su carrera est\u00e1 marcada por la lucha constante. Como bien describe su padre, su debut en Ligas Mayores, ya es en s\u00ed mismo un gran premio a la perseverancia. \u201cFue algo muy bonito, porque a pesar de todo lo que trabajaba y luchaba, no le llegaba la oportunidad. \u00c9l hab\u00eda veces que se desesperaba y lo le dec\u00eda: pues ni modo, s\u00edguele y s\u00edguele. Tienes que esperar la oportunidad y alg\u00fan d\u00eda se te va a dar\u201d.<\/p>\n\n\n\n<p>Por eso, la clave para Fabi\u00e1n Meneses, ha sido el nunca rendirse. \u201cEn la vida hay momentos buenos, hay momentos malos, pero siempre hay que levantarse y seguir adelante\u201d, sentencia.<\/p>\n\n\n\n<p>Finalmente, el hoy muy orgulloso padre de Joey Meneses, le env\u00eda mensaje a su hijo de cara al futuro: \u201cYo espero que en primer lugar, Dios le d\u00e9 salud, se conserve y logre establecerse para que \u00e9l logre su sue\u00f1o de jugar buen tiempo en Ligas Mayores\u201d.<\/p>\n\n\n\n<iframe loading=\"lazy\" src=\"https:\/\/www.facebook.com\/plugins\/video.php?height=314&#038;href=https%3A%2F%2Fwww.facebook.com%2Fclubtomateros%2Fvideos%2F470930424436154%2F&#038;show_text=false&#038;width=560&#038;t=0\" width=\"560\" height=\"314\" style=\"border:none;overflow:hidden\" scrolling=\"no\" frameborder=\"0\" allowfullscreen=\"true\" allow=\"autoplay; clipboard-write; encrypted-media; picture-in-picture; web-share\" allowFullScreen=\"true\"><\/iframe>\n","protected":false},"excerpt":{"rendered":"<p>Su debut, como tomatero fue el 12 de noviembre de 2013, en casa, contra los Mayos de Navojoa. Culiac\u00e1n, Sin.- La familia de Joey Meneses, camin\u00f3 a su lado en un largo trayecto que, por fin este martes 2 de agosto de 2022 aterriz\u00f3 en Nationals Park, un estadio de Major League Baseball (MLB). Meneses, [&hellip;]<\/p>\n","protected":false},"author":4,"featured_media":38903,"comment_status":"open","ping_status":"open","sticky":false,"template":"","format":"standard","meta":{"tdm_status":"","tdm_grid_status":"","footnotes":""},"categories":[38],"tags":[],"class_list":{"0":"post-38902","1":"post","2":"type-post","3":"status-publish","4":"format-standard","5":"has-post-thumbnail","7":"category-noticias-locales"},"yoast_head":"<!-- This site is optimized with the Yoast SEO plugin v27.4 - https:\/\/yoast.com\/product\/yoast-seo-wordpress\/ -->\n<title>Pap\u00e1 de Joey Meneses vive la emoci\u00f3n por el hist\u00f3rico debut de su hijo en grandes ligas - Fuentes Fidedignas<\/title>\n<meta name=\"robots\" content=\"index, follow, max-snippet:-1, max-image-preview:large, max-video-preview:-1\" \/>\n<link rel=\"canonical\" href=\"https:\/\/fuentesfidedignas.com.mx\/index.php\/2022\/08\/04\/papa-de-joey-meneses-vive-la-emocion-por-el-historico-debut-de-su-hijo-en-grandes-ligas\/\" \/>\n<meta property=\"og:locale\" content=\"es_MX\" \/>\n<meta property=\"og:type\" content=\"article\" \/>\n<meta property=\"og:title\" content=\"Pap\u00e1 de Joey Meneses vive la emoci\u00f3n por el hist\u00f3rico debut de su hijo en grandes ligas - Fuentes Fidedignas\" \/>\n<meta property=\"og:description\" content=\"Su debut, como tomatero fue el 12 de noviembre de 2013, en casa, contra los Mayos de Navojoa. Culiac\u00e1n, Sin.- La familia de Joey Meneses, camin\u00f3 a su lado en un largo trayecto que, por fin este martes 2 de agosto de 2022 aterriz\u00f3 en Nationals Park, un estadio de Major League Baseball (MLB). Meneses, [&hellip;]\" \/>\n<meta property=\"og:url\" content=\"https:\/\/fuentesfidedignas.com.mx\/index.php\/2022\/08\/04\/papa-de-joey-meneses-vive-la-emocion-por-el-historico-debut-de-su-hijo-en-grandes-ligas\/\" \/>\n<meta property=\"og:site_name\" content=\"Fuentes Fidedignas\" \/>\n<meta property=\"article:publisher\" content=\"https:\/\/www.facebook.com\/Fuentes-Fidedignas-368234489921644\" \/>\n<meta property=\"article:published_time\" content=\"2022-08-04T13:04:48+00:00\" \/>\n<meta property=\"article:modified_time\" content=\"2022-08-04T14:39:48+00:00\" \/>\n<meta property=\"og:image\" content=\"https:\/\/fuentesfidedignas.com.mx\/wp-content\/uploads\/2022\/08\/PAPA_MENESES.jpg\" \/>\n\t<meta property=\"og:image:width\" content=\"1185\" \/>\n\t<meta property=\"og:image:height\" content=\"671\" \/>\n\t<meta property=\"og:image:type\" content=\"image\/jpeg\" \/>\n<meta name=\"author\" content=\"Redacci\u00f3n\" \/>\n<meta name=\"twitter:card\" content=\"summary_large_image\" \/>\n<meta name=\"twitter:creator\" content=\"@fidedignas\" \/>\n<meta name=\"twitter:site\" content=\"@fidedignas\" \/>\n<meta name=\"twitter:label1\" content=\"Escrito por\" \/>\n\t<meta name=\"twitter:data1\" content=\"Redacci\u00f3n\" \/>\n\t<meta name=\"twitter:label2\" content=\"Tiempo de lectura\" \/>\n\t<meta name=\"twitter:data2\" content=\"4 minutos\" \/>\n<script type=\"application\/ld+json\" class=\"yoast-schema-graph\">{\"@context\":\"https:\\\/\\\/schema.org\",\"@graph\":[{\"@type\":\"Article\",\"@id\":\"https:\\\/\\\/fuentesfidedignas.com.mx\\\/index.php\\\/2022\\\/08\\\/04\\\/papa-de-joey-meneses-vive-la-emocion-por-el-historico-debut-de-su-hijo-en-grandes-ligas\\\/#article\",\"isPartOf\":{\"@id\":\"https:\\\/\\\/fuentesfidedignas.com.mx\\\/index.php\\\/2022\\\/08\\\/04\\\/papa-de-joey-meneses-vive-la-emocion-por-el-historico-debut-de-su-hijo-en-grandes-ligas\\\/\"},\"author\":{\"name\":\"Redacci\u00f3n\",\"@id\":\"https:\\\/\\\/fuentesfidedignas.com.mx\\\/#\\\/schema\\\/person\\\/331be9283d37198e2acd5750279085b0\"},\"headline\":\"Pap\u00e1 de Joey Meneses vive la emoci\u00f3n por el hist\u00f3rico debut de su hijo en grandes ligas\",\"datePublished\":\"2022-08-04T13:04:48+00:00\",\"dateModified\":\"2022-08-04T14:39:48+00:00\",\"mainEntityOfPage\":{\"@id\":\"https:\\\/\\\/fuentesfidedignas.com.mx\\\/index.php\\\/2022\\\/08\\\/04\\\/papa-de-joey-meneses-vive-la-emocion-por-el-historico-debut-de-su-hijo-en-grandes-ligas\\\/\"},\"wordCount\":839,\"commentCount\":0,\"publisher\":{\"@id\":\"https:\\\/\\\/fuentesfidedignas.com.mx\\\/#organization\"},\"image\":{\"@id\":\"https:\\\/\\\/fuentesfidedignas.com.mx\\\/index.php\\\/2022\\\/08\\\/04\\\/papa-de-joey-meneses-vive-la-emocion-por-el-historico-debut-de-su-hijo-en-grandes-ligas\\\/#primaryimage\"},\"thumbnailUrl\":\"https:\\\/\\\/fuentesfidedignas.com.mx\\\/wp-content\\\/uploads\\\/2022\\\/08\\\/PAPA_MENESES.jpg\",\"articleSection\":[\"NOTICIAS LOCALES\"],\"inLanguage\":\"es\",\"potentialAction\":[{\"@type\":\"CommentAction\",\"name\":\"Comment\",\"target\":[\"https:\\\/\\\/fuentesfidedignas.com.mx\\\/index.php\\\/2022\\\/08\\\/04\\\/papa-de-joey-meneses-vive-la-emocion-por-el-historico-debut-de-su-hijo-en-grandes-ligas\\\/#respond\"]}]},{\"@type\":\"WebPage\",\"@id\":\"https:\\\/\\\/fuentesfidedignas.com.mx\\\/index.php\\\/2022\\\/08\\\/04\\\/papa-de-joey-meneses-vive-la-emocion-por-el-historico-debut-de-su-hijo-en-grandes-ligas\\\/\",\"url\":\"https:\\\/\\\/fuentesfidedignas.com.mx\\\/index.php\\\/2022\\\/08\\\/04\\\/papa-de-joey-meneses-vive-la-emocion-por-el-historico-debut-de-su-hijo-en-grandes-ligas\\\/\",\"name\":\"Pap\u00e1 de Joey Meneses vive la emoci\u00f3n por el hist\u00f3rico debut de su hijo en grandes ligas - Fuentes Fidedignas\",\"isPartOf\":{\"@id\":\"https:\\\/\\\/fuentesfidedignas.com.mx\\\/#website\"},\"primaryImageOfPage\":{\"@id\":\"https:\\\/\\\/fuentesfidedignas.com.mx\\\/index.php\\\/2022\\\/08\\\/04\\\/papa-de-joey-meneses-vive-la-emocion-por-el-historico-debut-de-su-hijo-en-grandes-ligas\\\/#primaryimage\"},\"image\":{\"@id\":\"https:\\\/\\\/fuentesfidedignas.com.mx\\\/index.php\\\/2022\\\/08\\\/04\\\/papa-de-joey-meneses-vive-la-emocion-por-el-historico-debut-de-su-hijo-en-grandes-ligas\\\/#primaryimage\"},\"thumbnailUrl\":\"https:\\\/\\\/fuentesfidedignas.com.mx\\\/wp-content\\\/uploads\\\/2022\\\/08\\\/PAPA_MENESES.jpg\",\"datePublished\":\"2022-08-04T13:04:48+00:00\",\"dateModified\":\"2022-08-04T14:39:48+00:00\",\"breadcrumb\":{\"@id\":\"https:\\\/\\\/fuentesfidedignas.com.mx\\\/index.php\\\/2022\\\/08\\\/04\\\/papa-de-joey-meneses-vive-la-emocion-por-el-historico-debut-de-su-hijo-en-grandes-ligas\\\/#breadcrumb\"},\"inLanguage\":\"es\",\"potentialAction\":[{\"@type\":\"ReadAction\",\"target\":[\"https:\\\/\\\/fuentesfidedignas.com.mx\\\/index.php\\\/2022\\\/08\\\/04\\\/papa-de-joey-meneses-vive-la-emocion-por-el-historico-debut-de-su-hijo-en-grandes-ligas\\\/\"]}]},{\"@type\":\"ImageObject\",\"inLanguage\":\"es\",\"@id\":\"https:\\\/\\\/fuentesfidedignas.com.mx\\\/index.php\\\/2022\\\/08\\\/04\\\/papa-de-joey-meneses-vive-la-emocion-por-el-historico-debut-de-su-hijo-en-grandes-ligas\\\/#primaryimage\",\"url\":\"https:\\\/\\\/fuentesfidedignas.com.mx\\\/wp-content\\\/uploads\\\/2022\\\/08\\\/PAPA_MENESES.jpg\",\"contentUrl\":\"https:\\\/\\\/fuentesfidedignas.com.mx\\\/wp-content\\\/uploads\\\/2022\\\/08\\\/PAPA_MENESES.jpg\",\"width\":1185,\"height\":671},{\"@type\":\"BreadcrumbList\",\"@id\":\"https:\\\/\\\/fuentesfidedignas.com.mx\\\/index.php\\\/2022\\\/08\\\/04\\\/papa-de-joey-meneses-vive-la-emocion-por-el-historico-debut-de-su-hijo-en-grandes-ligas\\\/#breadcrumb\",\"itemListElement\":[{\"@type\":\"ListItem\",\"position\":1,\"name\":\"Inicio\",\"item\":\"https:\\\/\\\/fuentesfidedignas.com.mx\\\/\"},{\"@type\":\"ListItem\",\"position\":2,\"name\":\"Pap\u00e1 de Joey Meneses vive la emoci\u00f3n por el hist\u00f3rico debut de su hijo en grandes ligas\"}]},{\"@type\":\"WebSite\",\"@id\":\"https:\\\/\\\/fuentesfidedignas.com.mx\\\/#website\",\"url\":\"https:\\\/\\\/fuentesfidedignas.com.mx\\\/\",\"name\":\"Fuentes Fidedignas\",\"description\":\"Otro sitio realizado con WordPress\",\"publisher\":{\"@id\":\"https:\\\/\\\/fuentesfidedignas.com.mx\\\/#organization\"},\"potentialAction\":[{\"@type\":\"SearchAction\",\"target\":{\"@type\":\"EntryPoint\",\"urlTemplate\":\"https:\\\/\\\/fuentesfidedignas.com.mx\\\/?s={search_term_string}\"},\"query-input\":{\"@type\":\"PropertyValueSpecification\",\"valueRequired\":true,\"valueName\":\"search_term_string\"}}],\"inLanguage\":\"es\"},{\"@type\":\"Organization\",\"@id\":\"https:\\\/\\\/fuentesfidedignas.com.mx\\\/#organization\",\"name\":\"Fuentes Fidedignas\",\"url\":\"https:\\\/\\\/fuentesfidedignas.com.mx\\\/\",\"logo\":{\"@type\":\"ImageObject\",\"inLanguage\":\"es\",\"@id\":\"https:\\\/\\\/fuentesfidedignas.com.mx\\\/#\\\/schema\\\/logo\\\/image\\\/\",\"url\":\"https:\\\/\\\/fuentesfidedignas.com.mx\\\/wp-content\\\/uploads\\\/2021\\\/04\\\/logo-retina.png\",\"contentUrl\":\"https:\\\/\\\/fuentesfidedignas.com.mx\\\/wp-content\\\/uploads\\\/2021\\\/04\\\/logo-retina.png\",\"width\":280,\"height\":51,\"caption\":\"Fuentes Fidedignas\"},\"image\":{\"@id\":\"https:\\\/\\\/fuentesfidedignas.com.mx\\\/#\\\/schema\\\/logo\\\/image\\\/\"},\"sameAs\":[\"https:\\\/\\\/www.facebook.com\\\/Fuentes-Fidedignas-368234489921644\",\"https:\\\/\\\/x.com\\\/fidedignas\"]},{\"@type\":\"Person\",\"@id\":\"https:\\\/\\\/fuentesfidedignas.com.mx\\\/#\\\/schema\\\/person\\\/331be9283d37198e2acd5750279085b0\",\"name\":\"Redacci\u00f3n\",\"image\":{\"@type\":\"ImageObject\",\"inLanguage\":\"es\",\"@id\":\"https:\\\/\\\/secure.gravatar.com\\\/avatar\\\/f6d8782c11d12b2d4ad3fbb6931aeab5309937a4d6cd2fc9cfaa28a6396a5aec?s=96&d=mm&r=g\",\"url\":\"https:\\\/\\\/secure.gravatar.com\\\/avatar\\\/f6d8782c11d12b2d4ad3fbb6931aeab5309937a4d6cd2fc9cfaa28a6396a5aec?s=96&d=mm&r=g\",\"contentUrl\":\"https:\\\/\\\/secure.gravatar.com\\\/avatar\\\/f6d8782c11d12b2d4ad3fbb6931aeab5309937a4d6cd2fc9cfaa28a6396a5aec?s=96&d=mm&r=g\",\"caption\":\"Redacci\u00f3n\"},\"url\":\"https:\\\/\\\/fuentesfidedignas.com.mx\\\/index.php\\\/author\\\/redaccion\\\/\"}]}<\/script>\n<!-- \/ Yoast SEO plugin. -->","yoast_head_json":{"title":"Pap\u00e1 de Joey Meneses vive la emoci\u00f3n por el hist\u00f3rico debut de su hijo en grandes ligas - Fuentes Fidedignas","robots":{"index":"index","follow":"follow","max-snippet":"max-snippet:-1","max-image-preview":"max-image-preview:large","max-video-preview":"max-video-preview:-1"},"canonical":"https:\/\/fuentesfidedignas.com.mx\/index.php\/2022\/08\/04\/papa-de-joey-meneses-vive-la-emocion-por-el-historico-debut-de-su-hijo-en-grandes-ligas\/","og_locale":"es_MX","og_type":"article","og_title":"Pap\u00e1 de Joey Meneses vive la emoci\u00f3n por el hist\u00f3rico debut de su hijo en grandes ligas - Fuentes Fidedignas","og_description":"Su debut, como tomatero fue el 12 de noviembre de 2013, en casa, contra los Mayos de Navojoa. Culiac\u00e1n, Sin.- La familia de Joey Meneses, camin\u00f3 a su lado en un largo trayecto que, por fin este martes 2 de agosto de 2022 aterriz\u00f3 en Nationals Park, un estadio de Major League Baseball (MLB). Meneses, [&hellip;]","og_url":"https:\/\/fuentesfidedignas.com.mx\/index.php\/2022\/08\/04\/papa-de-joey-meneses-vive-la-emocion-por-el-historico-debut-de-su-hijo-en-grandes-ligas\/","og_site_name":"Fuentes Fidedignas","article_publisher":"https:\/\/www.facebook.com\/Fuentes-Fidedignas-368234489921644","article_published_time":"2022-08-04T13:04:48+00:00","article_modified_time":"2022-08-04T14:39:48+00:00","og_image":[{"width":1185,"height":671,"url":"https:\/\/fuentesfidedignas.com.mx\/wp-content\/uploads\/2022\/08\/PAPA_MENESES.jpg","type":"image\/jpeg"}],"author":"Redacci\u00f3n","twitter_card":"summary_large_image","twitter_creator":"@fidedignas","twitter_site":"@fidedignas","twitter_misc":{"Escrito por":"Redacci\u00f3n","Tiempo de lectura":"4 minutos"},"schema":{"@context":"https:\/\/schema.org","@graph":[{"@type":"Article","@id":"https:\/\/fuentesfidedignas.com.mx\/index.php\/2022\/08\/04\/papa-de-joey-meneses-vive-la-emocion-por-el-historico-debut-de-su-hijo-en-grandes-ligas\/#article","isPartOf":{"@id":"https:\/\/fuentesfidedignas.com.mx\/index.php\/2022\/08\/04\/papa-de-joey-meneses-vive-la-emocion-por-el-historico-debut-de-su-hijo-en-grandes-ligas\/"},"author":{"name":"Redacci\u00f3n","@id":"https:\/\/fuentesfidedignas.com.mx\/#\/schema\/person\/331be9283d37198e2acd5750279085b0"},"headline":"Pap\u00e1 de Joey Meneses vive la emoci\u00f3n por el hist\u00f3rico debut de su hijo en grandes ligas","datePublished":"2022-08-04T13:04:48+00:00","dateModified":"2022-08-04T14:39:48+00:00","mainEntityOfPage":{"@id":"https:\/\/fuentesfidedignas.com.mx\/index.php\/2022\/08\/04\/papa-de-joey-meneses-vive-la-emocion-por-el-historico-debut-de-su-hijo-en-grandes-ligas\/"},"wordCount":839,"commentCount":0,"publisher":{"@id":"https:\/\/fuentesfidedignas.com.mx\/#organization"},"image":{"@id":"https:\/\/fuentesfidedignas.com.mx\/index.php\/2022\/08\/04\/papa-de-joey-meneses-vive-la-emocion-por-el-historico-debut-de-su-hijo-en-grandes-ligas\/#primaryimage"},"thumbnailUrl":"https:\/\/fuentesfidedignas.com.mx\/wp-content\/uploads\/2022\/08\/PAPA_MENESES.jpg","articleSection":["NOTICIAS LOCALES"],"inLanguage":"es","potentialAction":[{"@type":"CommentAction","name":"Comment","target":["https:\/\/fuentesfidedignas.com.mx\/index.php\/2022\/08\/04\/papa-de-joey-meneses-vive-la-emocion-por-el-historico-debut-de-su-hijo-en-grandes-ligas\/#respond"]}]},{"@type":"WebPage","@id":"https:\/\/fuentesfidedignas.com.mx\/index.php\/2022\/08\/04\/papa-de-joey-meneses-vive-la-emocion-por-el-historico-debut-de-su-hijo-en-grandes-ligas\/","url":"https:\/\/fuentesfidedignas.com.mx\/index.php\/2022\/08\/04\/papa-de-joey-meneses-vive-la-emocion-por-el-historico-debut-de-su-hijo-en-grandes-ligas\/","name":"Pap\u00e1 de Joey Meneses vive la emoci\u00f3n por el hist\u00f3rico debut de su hijo en grandes ligas - Fuentes Fidedignas","isPartOf":{"@id":"https:\/\/fuentesfidedignas.com.mx\/#website"},"primaryImageOfPage":{"@id":"https:\/\/fuentesfidedignas.com.mx\/index.php\/2022\/08\/04\/papa-de-joey-meneses-vive-la-emocion-por-el-historico-debut-de-su-hijo-en-grandes-ligas\/#primaryimage"},"image":{"@id":"https:\/\/fuentesfidedignas.com.mx\/index.php\/2022\/08\/04\/papa-de-joey-meneses-vive-la-emocion-por-el-historico-debut-de-su-hijo-en-grandes-ligas\/#primaryimage"},"thumbnailUrl":"https:\/\/fuentesfidedignas.com.mx\/wp-content\/uploads\/2022\/08\/PAPA_MENESES.jpg","datePublished":"2022-08-04T13:04:48+00:00","dateModified":"2022-08-04T14:39:48+00:00","breadcrumb":{"@id":"https:\/\/fuentesfidedignas.com.mx\/index.php\/2022\/08\/04\/papa-de-joey-meneses-vive-la-emocion-por-el-historico-debut-de-su-hijo-en-grandes-ligas\/#breadcrumb"},"inLanguage":"es","potentialAction":[{"@type":"ReadAction","target":["https:\/\/fuentesfidedignas.com.mx\/index.php\/2022\/08\/04\/papa-de-joey-meneses-vive-la-emocion-por-el-historico-debut-de-su-hijo-en-grandes-ligas\/"]}]},{"@type":"ImageObject","inLanguage":"es","@id":"https:\/\/fuentesfidedignas.com.mx\/index.php\/2022\/08\/04\/papa-de-joey-meneses-vive-la-emocion-por-el-historico-debut-de-su-hijo-en-grandes-ligas\/#primaryimage","url":"https:\/\/fuentesfidedignas.com.mx\/wp-content\/uploads\/2022\/08\/PAPA_MENESES.jpg","contentUrl":"https:\/\/fuentesfidedignas.com.mx\/wp-content\/uploads\/2022\/08\/PAPA_MENESES.jpg","width":1185,"height":671},{"@type":"BreadcrumbList","@id":"https:\/\/fuentesfidedignas.com.mx\/index.php\/2022\/08\/04\/papa-de-joey-meneses-vive-la-emocion-por-el-historico-debut-de-su-hijo-en-grandes-ligas\/#breadcrumb","itemListElement":[{"@type":"ListItem","position":1,"name":"Inicio","item":"https:\/\/fuentesfidedignas.com.mx\/"},{"@type":"ListItem","position":2,"name":"Pap\u00e1 de Joey Meneses vive la emoci\u00f3n por el hist\u00f3rico debut de su hijo en grandes ligas"}]},{"@type":"WebSite","@id":"https:\/\/fuentesfidedignas.com.mx\/#website","url":"https:\/\/fuentesfidedignas.com.mx\/","name":"Fuentes Fidedignas","description":"Otro sitio realizado con WordPress","publisher":{"@id":"https:\/\/fuentesfidedignas.com.mx\/#organization"},"potentialAction":[{"@type":"SearchAction","target":{"@type":"EntryPoint","urlTemplate":"https:\/\/fuentesfidedignas.com.mx\/?s={search_term_string}"},"query-input":{"@type":"PropertyValueSpecification","valueRequired":true,"valueName":"search_term_string"}}],"inLanguage":"es"},{"@type":"Organization","@id":"https:\/\/fuentesfidedignas.com.mx\/#organization","name":"Fuentes Fidedignas","url":"https:\/\/fuentesfidedignas.com.mx\/","logo":{"@type":"ImageObject","inLanguage":"es","@id":"https:\/\/fuentesfidedignas.com.mx\/#\/schema\/logo\/image\/","url":"https:\/\/fuentesfidedignas.com.mx\/wp-content\/uploads\/2021\/04\/logo-retina.png","contentUrl":"https:\/\/fuentesfidedignas.com.mx\/wp-content\/uploads\/2021\/04\/logo-retina.png","width":280,"height":51,"caption":"Fuentes Fidedignas"},"image":{"@id":"https:\/\/fuentesfidedignas.com.mx\/#\/schema\/logo\/image\/"},"sameAs":["https:\/\/www.facebook.com\/Fuentes-Fidedignas-368234489921644","https:\/\/x.com\/fidedignas"]},{"@type":"Person","@id":"https:\/\/fuentesfidedignas.com.mx\/#\/schema\/person\/331be9283d37198e2acd5750279085b0","name":"Redacci\u00f3n","image":{"@type":"ImageObject","inLanguage":"es","@id":"https:\/\/secure.gravatar.com\/avatar\/f6d8782c11d12b2d4ad3fbb6931aeab5309937a4d6cd2fc9cfaa28a6396a5aec?s=96&d=mm&r=g","url":"https:\/\/secure.gravatar.com\/avatar\/f6d8782c11d12b2d4ad3fbb6931aeab5309937a4d6cd2fc9cfaa28a6396a5aec?s=96&d=mm&r=g","contentUrl":"https:\/\/secure.gravatar.com\/avatar\/f6d8782c11d12b2d4ad3fbb6931aeab5309937a4d6cd2fc9cfaa28a6396a5aec?s=96&d=mm&r=g","caption":"Redacci\u00f3n"},"url":"https:\/\/fuentesfidedignas.com.mx\/index.php\/author\/redaccion\/"}]}},"_links":{"self":[{"href":"https:\/\/fuentesfidedignas.com.mx\/index.php\/wp-json\/wp\/v2\/posts\/38902","targetHints":{"allow":["GET"]}}],"collection":[{"href":"https:\/\/fuentesfidedignas.com.mx\/index.php\/wp-json\/wp\/v2\/posts"}],"about":[{"href":"https:\/\/fuentesfidedignas.com.mx\/index.php\/wp-json\/wp\/v2\/types\/post"}],"author":[{"embeddable":true,"href":"https:\/\/fuentesfidedignas.com.mx\/index.php\/wp-json\/wp\/v2\/users\/4"}],"replies":[{"embeddable":true,"href":"https:\/\/fuentesfidedignas.com.mx\/index.php\/wp-json\/wp\/v2\/comments?post=38902"}],"version-history":[{"count":2,"href":"https:\/\/fuentesfidedignas.com.mx\/index.php\/wp-json\/wp\/v2\/posts\/38902\/revisions"}],"predecessor-version":[{"id":38911,"href":"https:\/\/fuentesfidedignas.com.mx\/index.php\/wp-json\/wp\/v2\/posts\/38902\/revisions\/38911"}],"wp:featuredmedia":[{"embeddable":true,"href":"https:\/\/fuentesfidedignas.com.mx\/index.php\/wp-json\/wp\/v2\/media\/38903"}],"wp:attachment":[{"href":"https:\/\/fuentesfidedignas.com.mx\/index.php\/wp-json\/wp\/v2\/media?parent=38902"}],"wp:term":[{"taxonomy":"category","embeddable":true,"href":"https:\/\/fuentesfidedignas.com.mx\/index.php\/wp-json\/wp\/v2\/categories?post=38902"},{"taxonomy":"post_tag","embeddable":true,"href":"https:\/\/fuentesfidedignas.com.mx\/index.php\/wp-json\/wp\/v2\/tags?post=38902"}],"curies":[{"name":"wp","href":"https:\/\/api.w.org\/{rel}","templated":true}]}}