{"id":38840,"date":"2022-08-03T12:32:47","date_gmt":"2022-08-03T18:32:47","guid":{"rendered":"https:\/\/fuentesfidedignas.com.mx\/?p=38840"},"modified":"2022-08-03T12:34:29","modified_gmt":"2022-08-03T18:34:29","slug":"alertan-por-perfiles-falsos-en-redes-de-amlo-gutierrez-muller-y-funcionarios-con-fines-perversos","status":"publish","type":"post","link":"https:\/\/fuentesfidedignas.com.mx\/index.php\/2022\/08\/03\/alertan-por-perfiles-falsos-en-redes-de-amlo-gutierrez-muller-y-funcionarios-con-fines-perversos\/","title":{"rendered":"Alertan por perfiles falsos en redes de AMLO, Guti\u00e9rrez M\u00fcller y funcionarios \u201ccon fines perversos\u201d"},"content":{"rendered":"\n<p><strong><em>Elizabeth Garc\u00eda Vilchis, lectora de la secci\u00f3n \u201cqui\u00e9n es qui\u00e9n en las mentiras de la semana\u201d, se\u00f1al\u00f3 que estos perfiles se usan para desinformar, desacreditar y extorsionar<\/em><\/strong><\/p>\n\n\n\n<p>Ciudad de M\u00e9xico.- Elizabeth Garc\u00eda Vilchis, lectora de la secci\u00f3n \u201cqui\u00e9n es qui\u00e9n en las mentiras de la semana\u201d, denunci\u00f3 en la ma\u00f1anera del presidente Andr\u00e9s Manuel L\u00f3pez Obrador la creaci\u00f3n de perfiles falsos en redes sociales de secretarios de estado y del titular del Ejecutivo.<\/p>\n\n\n\n<p>En el Sal\u00f3n Tesorer\u00eda de Palacio Nacional, Garc\u00eda Vilchis se\u00f1al\u00f3 que estos perfiles falsos fueron detectados en los \u00faltimos meses \u201ccon intenciones como extorsionar, difundir informaci\u00f3n falsa sobre el quehacer gubernamental y suplantar identidades para propagar mensajes de odio\u201d.<\/p>\n\n\n\n<p>La lectora de \u201clas mentiras de la semana\u201d mostr\u00f3 perfiles falsos a nombre de Roc\u00edo Nahle, secretaria de Energ\u00eda; Luisa Mar\u00eda Alcalde, secretaria del Trabajo; Rabindranath Salazar, coordinador de Pol\u00edtica y Gobierno de la Presidencia; Rogelio Ram\u00edrez de la O, secretario de Hacienda; y de la doctora Beatriz Guti\u00e9rrez M\u00fcller.<\/p>\n\n\n\n<p>\u201cCon el prop\u00f3sito de combatir la infodemia y los fraudes en todas sus variantes, informamos que el gobierno de M\u00e9xico no hace rifas ni ofrece recompensas a trav\u00e9s de internet ni de redes sociales, y las cuentas de funcionarios p\u00fablicos se encuentran verificadas.<\/p>\n\n\n\n<p>\u201cLe pedimos a todos los que nos est\u00e1n viendo que no se dejen sorprender, se trata de mensajes malintencionados con intenciones perversas, que van desde el descr\u00e9dito a la labor de funcionarios, hasta la difamaci\u00f3n y las extorsiones\u201d, refiri\u00f3 Garc\u00eda Vilchis.<\/p>\n\n\n\n<p><\/p>\n","protected":false},"excerpt":{"rendered":"<p>Elizabeth Garc\u00eda Vilchis, lectora de la secci\u00f3n \u201cqui\u00e9n es qui\u00e9n en las mentiras de la semana\u201d, se\u00f1al\u00f3 que estos perfiles se usan para desinformar, desacreditar y extorsionar Ciudad de M\u00e9xico.- Elizabeth Garc\u00eda Vilchis, lectora de la secci\u00f3n \u201cqui\u00e9n es qui\u00e9n en las mentiras de la semana\u201d, denunci\u00f3 en la ma\u00f1anera del presidente Andr\u00e9s Manuel L\u00f3pez [&hellip;]<\/p>\n","protected":false},"author":39,"featured_media":0,"comment_status":"open","ping_status":"open","sticky":false,"template":"","format":"standard","meta":{"tdm_status":"","tdm_grid_status":"","footnotes":""},"categories":[39],"tags":[],"class_list":{"0":"post-38840","1":"post","2":"type-post","3":"status-publish","4":"format-standard","6":"category-noticias-nacionales"},"yoast_head":"<!-- This site is optimized with the Yoast SEO plugin v27.4 - https:\/\/yoast.com\/product\/yoast-seo-wordpress\/ -->\n<title>Alertan por perfiles falsos en redes de AMLO, Guti\u00e9rrez M\u00fcller y funcionarios \u201ccon fines perversos\u201d - Fuentes Fidedignas<\/title>\n<meta name=\"robots\" content=\"index, follow, max-snippet:-1, max-image-preview:large, max-video-preview:-1\" \/>\n<link rel=\"canonical\" href=\"https:\/\/fuentesfidedignas.com.mx\/index.php\/2022\/08\/03\/alertan-por-perfiles-falsos-en-redes-de-amlo-gutierrez-muller-y-funcionarios-con-fines-perversos\/\" \/>\n<meta property=\"og:locale\" content=\"es_MX\" \/>\n<meta property=\"og:type\" content=\"article\" \/>\n<meta property=\"og:title\" content=\"Alertan por perfiles falsos en redes de AMLO, Guti\u00e9rrez M\u00fcller y funcionarios \u201ccon fines perversos\u201d - Fuentes Fidedignas\" \/>\n<meta property=\"og:description\" content=\"Elizabeth Garc\u00eda Vilchis, lectora de la secci\u00f3n \u201cqui\u00e9n es qui\u00e9n en las mentiras de la semana\u201d, se\u00f1al\u00f3 que estos perfiles se usan para desinformar, desacreditar y extorsionar Ciudad de M\u00e9xico.- Elizabeth Garc\u00eda Vilchis, lectora de la secci\u00f3n \u201cqui\u00e9n es qui\u00e9n en las mentiras de la semana\u201d, denunci\u00f3 en la ma\u00f1anera del presidente Andr\u00e9s Manuel L\u00f3pez [&hellip;]\" \/>\n<meta property=\"og:url\" content=\"https:\/\/fuentesfidedignas.com.mx\/index.php\/2022\/08\/03\/alertan-por-perfiles-falsos-en-redes-de-amlo-gutierrez-muller-y-funcionarios-con-fines-perversos\/\" \/>\n<meta property=\"og:site_name\" content=\"Fuentes Fidedignas\" \/>\n<meta property=\"article:publisher\" content=\"https:\/\/www.facebook.com\/Fuentes-Fidedignas-368234489921644\" \/>\n<meta property=\"article:published_time\" content=\"2022-08-03T18:32:47+00:00\" \/>\n<meta property=\"article:modified_time\" content=\"2022-08-03T18:34:29+00:00\" \/>\n<meta property=\"og:image\" content=\"https:\/\/fuentesfidedignas.com.mx\/wp-content\/uploads\/2022\/08\/REDES_FUNCIONARIOS.jpg\" \/>\n\t<meta property=\"og:image:width\" content=\"1305\" \/>\n\t<meta property=\"og:image:height\" content=\"728\" \/>\n\t<meta property=\"og:image:type\" content=\"image\/jpeg\" \/>\n<meta name=\"author\" content=\"El Universal\" \/>\n<meta name=\"twitter:card\" content=\"summary_large_image\" \/>\n<meta name=\"twitter:creator\" content=\"@fidedignas\" \/>\n<meta name=\"twitter:site\" content=\"@fidedignas\" \/>\n<meta name=\"twitter:label1\" content=\"Escrito por\" \/>\n\t<meta name=\"twitter:data1\" content=\"El Universal\" \/>\n\t<meta name=\"twitter:label2\" content=\"Tiempo de lectura\" \/>\n\t<meta name=\"twitter:data2\" content=\"2 minutos\" \/>\n<script type=\"application\/ld+json\" class=\"yoast-schema-graph\">{\"@context\":\"https:\\\/\\\/schema.org\",\"@graph\":[{\"@type\":\"Article\",\"@id\":\"https:\\\/\\\/fuentesfidedignas.com.mx\\\/index.php\\\/2022\\\/08\\\/03\\\/alertan-por-perfiles-falsos-en-redes-de-amlo-gutierrez-muller-y-funcionarios-con-fines-perversos\\\/#article\",\"isPartOf\":{\"@id\":\"https:\\\/\\\/fuentesfidedignas.com.mx\\\/index.php\\\/2022\\\/08\\\/03\\\/alertan-por-perfiles-falsos-en-redes-de-amlo-gutierrez-muller-y-funcionarios-con-fines-perversos\\\/\"},\"author\":{\"name\":\"El Universal\",\"@id\":\"https:\\\/\\\/fuentesfidedignas.com.mx\\\/#\\\/schema\\\/person\\\/fee3882e65fd0510d292c43a346d35d7\"},\"headline\":\"Alertan por perfiles falsos en redes de AMLO, Guti\u00e9rrez M\u00fcller y funcionarios \u201ccon fines perversos\u201d\",\"datePublished\":\"2022-08-03T18:32:47+00:00\",\"dateModified\":\"2022-08-03T18:34:29+00:00\",\"mainEntityOfPage\":{\"@id\":\"https:\\\/\\\/fuentesfidedignas.com.mx\\\/index.php\\\/2022\\\/08\\\/03\\\/alertan-por-perfiles-falsos-en-redes-de-amlo-gutierrez-muller-y-funcionarios-con-fines-perversos\\\/\"},\"wordCount\":298,\"commentCount\":0,\"publisher\":{\"@id\":\"https:\\\/\\\/fuentesfidedignas.com.mx\\\/#organization\"},\"articleSection\":[\"NOTICIAS NACIONALES\"],\"inLanguage\":\"es\",\"potentialAction\":[{\"@type\":\"CommentAction\",\"name\":\"Comment\",\"target\":[\"https:\\\/\\\/fuentesfidedignas.com.mx\\\/index.php\\\/2022\\\/08\\\/03\\\/alertan-por-perfiles-falsos-en-redes-de-amlo-gutierrez-muller-y-funcionarios-con-fines-perversos\\\/#respond\"]}]},{\"@type\":\"WebPage\",\"@id\":\"https:\\\/\\\/fuentesfidedignas.com.mx\\\/index.php\\\/2022\\\/08\\\/03\\\/alertan-por-perfiles-falsos-en-redes-de-amlo-gutierrez-muller-y-funcionarios-con-fines-perversos\\\/\",\"url\":\"https:\\\/\\\/fuentesfidedignas.com.mx\\\/index.php\\\/2022\\\/08\\\/03\\\/alertan-por-perfiles-falsos-en-redes-de-amlo-gutierrez-muller-y-funcionarios-con-fines-perversos\\\/\",\"name\":\"Alertan por perfiles falsos en redes de AMLO, Guti\u00e9rrez M\u00fcller y funcionarios \u201ccon fines perversos\u201d - Fuentes Fidedignas\",\"isPartOf\":{\"@id\":\"https:\\\/\\\/fuentesfidedignas.com.mx\\\/#website\"},\"datePublished\":\"2022-08-03T18:32:47+00:00\",\"dateModified\":\"2022-08-03T18:34:29+00:00\",\"breadcrumb\":{\"@id\":\"https:\\\/\\\/fuentesfidedignas.com.mx\\\/index.php\\\/2022\\\/08\\\/03\\\/alertan-por-perfiles-falsos-en-redes-de-amlo-gutierrez-muller-y-funcionarios-con-fines-perversos\\\/#breadcrumb\"},\"inLanguage\":\"es\",\"potentialAction\":[{\"@type\":\"ReadAction\",\"target\":[\"https:\\\/\\\/fuentesfidedignas.com.mx\\\/index.php\\\/2022\\\/08\\\/03\\\/alertan-por-perfiles-falsos-en-redes-de-amlo-gutierrez-muller-y-funcionarios-con-fines-perversos\\\/\"]}]},{\"@type\":\"BreadcrumbList\",\"@id\":\"https:\\\/\\\/fuentesfidedignas.com.mx\\\/index.php\\\/2022\\\/08\\\/03\\\/alertan-por-perfiles-falsos-en-redes-de-amlo-gutierrez-muller-y-funcionarios-con-fines-perversos\\\/#breadcrumb\",\"itemListElement\":[{\"@type\":\"ListItem\",\"position\":1,\"name\":\"Inicio\",\"item\":\"https:\\\/\\\/fuentesfidedignas.com.mx\\\/\"},{\"@type\":\"ListItem\",\"position\":2,\"name\":\"Alertan por perfiles falsos en redes de AMLO, Guti\u00e9rrez M\u00fcller y funcionarios \u201ccon fines perversos\u201d\"}]},{\"@type\":\"WebSite\",\"@id\":\"https:\\\/\\\/fuentesfidedignas.com.mx\\\/#website\",\"url\":\"https:\\\/\\\/fuentesfidedignas.com.mx\\\/\",\"name\":\"Fuentes Fidedignas\",\"description\":\"Otro sitio realizado con WordPress\",\"publisher\":{\"@id\":\"https:\\\/\\\/fuentesfidedignas.com.mx\\\/#organization\"},\"potentialAction\":[{\"@type\":\"SearchAction\",\"target\":{\"@type\":\"EntryPoint\",\"urlTemplate\":\"https:\\\/\\\/fuentesfidedignas.com.mx\\\/?s={search_term_string}\"},\"query-input\":{\"@type\":\"PropertyValueSpecification\",\"valueRequired\":true,\"valueName\":\"search_term_string\"}}],\"inLanguage\":\"es\"},{\"@type\":\"Organization\",\"@id\":\"https:\\\/\\\/fuentesfidedignas.com.mx\\\/#organization\",\"name\":\"Fuentes Fidedignas\",\"url\":\"https:\\\/\\\/fuentesfidedignas.com.mx\\\/\",\"logo\":{\"@type\":\"ImageObject\",\"inLanguage\":\"es\",\"@id\":\"https:\\\/\\\/fuentesfidedignas.com.mx\\\/#\\\/schema\\\/logo\\\/image\\\/\",\"url\":\"https:\\\/\\\/fuentesfidedignas.com.mx\\\/wp-content\\\/uploads\\\/2021\\\/04\\\/logo-retina.png\",\"contentUrl\":\"https:\\\/\\\/fuentesfidedignas.com.mx\\\/wp-content\\\/uploads\\\/2021\\\/04\\\/logo-retina.png\",\"width\":280,\"height\":51,\"caption\":\"Fuentes Fidedignas\"},\"image\":{\"@id\":\"https:\\\/\\\/fuentesfidedignas.com.mx\\\/#\\\/schema\\\/logo\\\/image\\\/\"},\"sameAs\":[\"https:\\\/\\\/www.facebook.com\\\/Fuentes-Fidedignas-368234489921644\",\"https:\\\/\\\/x.com\\\/fidedignas\"]},{\"@type\":\"Person\",\"@id\":\"https:\\\/\\\/fuentesfidedignas.com.mx\\\/#\\\/schema\\\/person\\\/fee3882e65fd0510d292c43a346d35d7\",\"name\":\"El Universal\",\"image\":{\"@type\":\"ImageObject\",\"inLanguage\":\"es\",\"@id\":\"https:\\\/\\\/secure.gravatar.com\\\/avatar\\\/1ebc94d82b6c3c081781f73e5b76a0d0c1ac7bf8e57426f18802246eeaa2747c?s=96&d=mm&r=g\",\"url\":\"https:\\\/\\\/secure.gravatar.com\\\/avatar\\\/1ebc94d82b6c3c081781f73e5b76a0d0c1ac7bf8e57426f18802246eeaa2747c?s=96&d=mm&r=g\",\"contentUrl\":\"https:\\\/\\\/secure.gravatar.com\\\/avatar\\\/1ebc94d82b6c3c081781f73e5b76a0d0c1ac7bf8e57426f18802246eeaa2747c?s=96&d=mm&r=g\",\"caption\":\"El Universal\"},\"url\":\"https:\\\/\\\/fuentesfidedignas.com.mx\\\/index.php\\\/author\\\/el-universal\\\/\"}]}<\/script>\n<!-- \/ Yoast SEO plugin. -->","yoast_head_json":{"title":"Alertan por perfiles falsos en redes de AMLO, Guti\u00e9rrez M\u00fcller y funcionarios \u201ccon fines perversos\u201d - Fuentes Fidedignas","robots":{"index":"index","follow":"follow","max-snippet":"max-snippet:-1","max-image-preview":"max-image-preview:large","max-video-preview":"max-video-preview:-1"},"canonical":"https:\/\/fuentesfidedignas.com.mx\/index.php\/2022\/08\/03\/alertan-por-perfiles-falsos-en-redes-de-amlo-gutierrez-muller-y-funcionarios-con-fines-perversos\/","og_locale":"es_MX","og_type":"article","og_title":"Alertan por perfiles falsos en redes de AMLO, Guti\u00e9rrez M\u00fcller y funcionarios \u201ccon fines perversos\u201d - Fuentes Fidedignas","og_description":"Elizabeth Garc\u00eda Vilchis, lectora de la secci\u00f3n \u201cqui\u00e9n es qui\u00e9n en las mentiras de la semana\u201d, se\u00f1al\u00f3 que estos perfiles se usan para desinformar, desacreditar y extorsionar Ciudad de M\u00e9xico.- Elizabeth Garc\u00eda Vilchis, lectora de la secci\u00f3n \u201cqui\u00e9n es qui\u00e9n en las mentiras de la semana\u201d, denunci\u00f3 en la ma\u00f1anera del presidente Andr\u00e9s Manuel L\u00f3pez [&hellip;]","og_url":"https:\/\/fuentesfidedignas.com.mx\/index.php\/2022\/08\/03\/alertan-por-perfiles-falsos-en-redes-de-amlo-gutierrez-muller-y-funcionarios-con-fines-perversos\/","og_site_name":"Fuentes Fidedignas","article_publisher":"https:\/\/www.facebook.com\/Fuentes-Fidedignas-368234489921644","article_published_time":"2022-08-03T18:32:47+00:00","article_modified_time":"2022-08-03T18:34:29+00:00","og_image":[{"width":1305,"height":728,"url":"https:\/\/fuentesfidedignas.com.mx\/wp-content\/uploads\/2022\/08\/REDES_FUNCIONARIOS.jpg","type":"image\/jpeg"}],"author":"El Universal","twitter_card":"summary_large_image","twitter_creator":"@fidedignas","twitter_site":"@fidedignas","twitter_misc":{"Escrito por":"El Universal","Tiempo de lectura":"2 minutos"},"schema":{"@context":"https:\/\/schema.org","@graph":[{"@type":"Article","@id":"https:\/\/fuentesfidedignas.com.mx\/index.php\/2022\/08\/03\/alertan-por-perfiles-falsos-en-redes-de-amlo-gutierrez-muller-y-funcionarios-con-fines-perversos\/#article","isPartOf":{"@id":"https:\/\/fuentesfidedignas.com.mx\/index.php\/2022\/08\/03\/alertan-por-perfiles-falsos-en-redes-de-amlo-gutierrez-muller-y-funcionarios-con-fines-perversos\/"},"author":{"name":"El Universal","@id":"https:\/\/fuentesfidedignas.com.mx\/#\/schema\/person\/fee3882e65fd0510d292c43a346d35d7"},"headline":"Alertan por perfiles falsos en redes de AMLO, Guti\u00e9rrez M\u00fcller y funcionarios \u201ccon fines perversos\u201d","datePublished":"2022-08-03T18:32:47+00:00","dateModified":"2022-08-03T18:34:29+00:00","mainEntityOfPage":{"@id":"https:\/\/fuentesfidedignas.com.mx\/index.php\/2022\/08\/03\/alertan-por-perfiles-falsos-en-redes-de-amlo-gutierrez-muller-y-funcionarios-con-fines-perversos\/"},"wordCount":298,"commentCount":0,"publisher":{"@id":"https:\/\/fuentesfidedignas.com.mx\/#organization"},"articleSection":["NOTICIAS NACIONALES"],"inLanguage":"es","potentialAction":[{"@type":"CommentAction","name":"Comment","target":["https:\/\/fuentesfidedignas.com.mx\/index.php\/2022\/08\/03\/alertan-por-perfiles-falsos-en-redes-de-amlo-gutierrez-muller-y-funcionarios-con-fines-perversos\/#respond"]}]},{"@type":"WebPage","@id":"https:\/\/fuentesfidedignas.com.mx\/index.php\/2022\/08\/03\/alertan-por-perfiles-falsos-en-redes-de-amlo-gutierrez-muller-y-funcionarios-con-fines-perversos\/","url":"https:\/\/fuentesfidedignas.com.mx\/index.php\/2022\/08\/03\/alertan-por-perfiles-falsos-en-redes-de-amlo-gutierrez-muller-y-funcionarios-con-fines-perversos\/","name":"Alertan por perfiles falsos en redes de AMLO, Guti\u00e9rrez M\u00fcller y funcionarios \u201ccon fines perversos\u201d - Fuentes Fidedignas","isPartOf":{"@id":"https:\/\/fuentesfidedignas.com.mx\/#website"},"datePublished":"2022-08-03T18:32:47+00:00","dateModified":"2022-08-03T18:34:29+00:00","breadcrumb":{"@id":"https:\/\/fuentesfidedignas.com.mx\/index.php\/2022\/08\/03\/alertan-por-perfiles-falsos-en-redes-de-amlo-gutierrez-muller-y-funcionarios-con-fines-perversos\/#breadcrumb"},"inLanguage":"es","potentialAction":[{"@type":"ReadAction","target":["https:\/\/fuentesfidedignas.com.mx\/index.php\/2022\/08\/03\/alertan-por-perfiles-falsos-en-redes-de-amlo-gutierrez-muller-y-funcionarios-con-fines-perversos\/"]}]},{"@type":"BreadcrumbList","@id":"https:\/\/fuentesfidedignas.com.mx\/index.php\/2022\/08\/03\/alertan-por-perfiles-falsos-en-redes-de-amlo-gutierrez-muller-y-funcionarios-con-fines-perversos\/#breadcrumb","itemListElement":[{"@type":"ListItem","position":1,"name":"Inicio","item":"https:\/\/fuentesfidedignas.com.mx\/"},{"@type":"ListItem","position":2,"name":"Alertan por perfiles falsos en redes de AMLO, Guti\u00e9rrez M\u00fcller y funcionarios \u201ccon fines perversos\u201d"}]},{"@type":"WebSite","@id":"https:\/\/fuentesfidedignas.com.mx\/#website","url":"https:\/\/fuentesfidedignas.com.mx\/","name":"Fuentes Fidedignas","description":"Otro sitio realizado con WordPress","publisher":{"@id":"https:\/\/fuentesfidedignas.com.mx\/#organization"},"potentialAction":[{"@type":"SearchAction","target":{"@type":"EntryPoint","urlTemplate":"https:\/\/fuentesfidedignas.com.mx\/?s={search_term_string}"},"query-input":{"@type":"PropertyValueSpecification","valueRequired":true,"valueName":"search_term_string"}}],"inLanguage":"es"},{"@type":"Organization","@id":"https:\/\/fuentesfidedignas.com.mx\/#organization","name":"Fuentes Fidedignas","url":"https:\/\/fuentesfidedignas.com.mx\/","logo":{"@type":"ImageObject","inLanguage":"es","@id":"https:\/\/fuentesfidedignas.com.mx\/#\/schema\/logo\/image\/","url":"https:\/\/fuentesfidedignas.com.mx\/wp-content\/uploads\/2021\/04\/logo-retina.png","contentUrl":"https:\/\/fuentesfidedignas.com.mx\/wp-content\/uploads\/2021\/04\/logo-retina.png","width":280,"height":51,"caption":"Fuentes Fidedignas"},"image":{"@id":"https:\/\/fuentesfidedignas.com.mx\/#\/schema\/logo\/image\/"},"sameAs":["https:\/\/www.facebook.com\/Fuentes-Fidedignas-368234489921644","https:\/\/x.com\/fidedignas"]},{"@type":"Person","@id":"https:\/\/fuentesfidedignas.com.mx\/#\/schema\/person\/fee3882e65fd0510d292c43a346d35d7","name":"El Universal","image":{"@type":"ImageObject","inLanguage":"es","@id":"https:\/\/secure.gravatar.com\/avatar\/1ebc94d82b6c3c081781f73e5b76a0d0c1ac7bf8e57426f18802246eeaa2747c?s=96&d=mm&r=g","url":"https:\/\/secure.gravatar.com\/avatar\/1ebc94d82b6c3c081781f73e5b76a0d0c1ac7bf8e57426f18802246eeaa2747c?s=96&d=mm&r=g","contentUrl":"https:\/\/secure.gravatar.com\/avatar\/1ebc94d82b6c3c081781f73e5b76a0d0c1ac7bf8e57426f18802246eeaa2747c?s=96&d=mm&r=g","caption":"El Universal"},"url":"https:\/\/fuentesfidedignas.com.mx\/index.php\/author\/el-universal\/"}]}},"_links":{"self":[{"href":"https:\/\/fuentesfidedignas.com.mx\/index.php\/wp-json\/wp\/v2\/posts\/38840","targetHints":{"allow":["GET"]}}],"collection":[{"href":"https:\/\/fuentesfidedignas.com.mx\/index.php\/wp-json\/wp\/v2\/posts"}],"about":[{"href":"https:\/\/fuentesfidedignas.com.mx\/index.php\/wp-json\/wp\/v2\/types\/post"}],"author":[{"embeddable":true,"href":"https:\/\/fuentesfidedignas.com.mx\/index.php\/wp-json\/wp\/v2\/users\/39"}],"replies":[{"embeddable":true,"href":"https:\/\/fuentesfidedignas.com.mx\/index.php\/wp-json\/wp\/v2\/comments?post=38840"}],"version-history":[{"count":2,"href":"https:\/\/fuentesfidedignas.com.mx\/index.php\/wp-json\/wp\/v2\/posts\/38840\/revisions"}],"predecessor-version":[{"id":38845,"href":"https:\/\/fuentesfidedignas.com.mx\/index.php\/wp-json\/wp\/v2\/posts\/38840\/revisions\/38845"}],"wp:attachment":[{"href":"https:\/\/fuentesfidedignas.com.mx\/index.php\/wp-json\/wp\/v2\/media?parent=38840"}],"wp:term":[{"taxonomy":"category","embeddable":true,"href":"https:\/\/fuentesfidedignas.com.mx\/index.php\/wp-json\/wp\/v2\/categories?post=38840"},{"taxonomy":"post_tag","embeddable":true,"href":"https:\/\/fuentesfidedignas.com.mx\/index.php\/wp-json\/wp\/v2\/tags?post=38840"}],"curies":[{"name":"wp","href":"https:\/\/api.w.org\/{rel}","templated":true}]}}