{"id":3872,"date":"2021-06-02T20:22:19","date_gmt":"2021-06-03T03:22:19","guid":{"rendered":"https:\/\/fuentesfidedignas.com.mx\/?p=3872"},"modified":"2021-06-02T20:23:05","modified_gmt":"2021-06-03T03:23:05","slug":"ya-ganamos-porque-en-la-urna-hablara-la-conciencia-y-la-sed-de-justicia-gildardo-leyva","status":"publish","type":"post","link":"https:\/\/fuentesfidedignas.com.mx\/index.php\/2021\/06\/02\/ya-ganamos-porque-en-la-urna-hablara-la-conciencia-y-la-sed-de-justicia-gildardo-leyva\/","title":{"rendered":"Ya ganamos, porque en la urna hablar\u00e1 la conciencia y la sed de justicia: Gildardo Leyva"},"content":{"rendered":"\n<p><strong><em>Durante su \u00faltimo evento de campa\u00f1a en Jahuara II, se dijo deseoso de ser el nuevo presidente municipal de El Fuerte <\/em><\/strong><\/p>\n\n\n\n<p>El Fuerte, Sin.- En la pol\u00edtica hay que tomar decisiones y tomar partido, por ende eleg\u00ed estar con la mayor\u00eda, con el pueblo, por dignidad y sed de justicia para mi municipio, afirm\u00f3 el candidato de MORENA a la alcald\u00eda de El Fuerte, Gildardo Leyva Ortega.<\/p>\n\n\n\n<p>Durante su \u00faltimo evento de campa\u00f1a en Jahuara II, se dijo deseoso de ser el nuevo presidente municipal y quien ayude a rescatar y sacar de la miseria en la que se tiene a la administraci\u00f3n. &#8220;Basta con ver de qui\u00e9nes se rodean mis adversarios, expresidentes y sus c\u00f3mplices, traidores que se dec\u00edan defensores del pueblo, nosotros los venceremos, con la gente buena de El Fuerte&#8221;, critic\u00f3.<\/p>\n\n\n\n<p>El aspirante a alcalde llam\u00f3 a todos a votar este 6 de junio, para que la esperanza al municipio marcando 4 de 4, todo por MORENA, pues indic\u00f3 que Rub\u00e9n Rocha Moya ser\u00e1 el mejor aliado como gobernador.<\/p>\n\n\n\n<p>&#8220;Somos un equipo desde siempre y tengo la enorme responsabilidad en mis hombros de gobernar a favor de quienes m\u00e1s lo necesitan, por eso les aseguro que no voy a fallar, tienen mi palabra y llevan mi coraz\u00f3n en sus manos&#8221;, asever\u00f3.<\/p>\n\n\n\n<p>Gildardo Leyva pidi\u00f3 al electorado que &#8220;en la soledad de la urna, que hable su conciencia, que hable su alegr\u00eda por la justicia, que hable la democracia. Tengo felicidad por lo que hicimos, porque lo nuestro siempre fue cuesti\u00f3n de dignidad&#8221;.<\/p>\n\n\n\n\n\n<figure class=\"wp-block-gallery columns-3 is-cropped wp-block-gallery-1 is-layout-flex wp-block-gallery-is-layout-flex\"><ul class=\"blocks-gallery-grid\"><li class=\"blocks-gallery-item\"><figure><img decoding=\"async\" width=\"1024\" height=\"682\" src=\"https:\/\/fuentesfidedignas.com.mx\/wp-content\/uploads\/2021\/06\/IMG-20210602-WA0054-1024x682.jpg\" alt=\"\" data-id=\"3874\" data-full-url=\"https:\/\/fuentesfidedignas.com.mx\/wp-content\/uploads\/2021\/06\/IMG-20210602-WA0054.jpg\" data-link=\"https:\/\/fuentesfidedignas.com.mx\/?attachment_id=3874\" class=\"wp-image-3874\" srcset=\"https:\/\/fuentesfidedignas.com.mx\/wp-content\/uploads\/2021\/06\/IMG-20210602-WA0054-1024x682.jpg 1024w, https:\/\/fuentesfidedignas.com.mx\/wp-content\/uploads\/2021\/06\/IMG-20210602-WA0054-300x200.jpg 300w, https:\/\/fuentesfidedignas.com.mx\/wp-content\/uploads\/2021\/06\/IMG-20210602-WA0054-768x512.jpg 768w, https:\/\/fuentesfidedignas.com.mx\/wp-content\/uploads\/2021\/06\/IMG-20210602-WA0054.jpg 1280w\" sizes=\"(max-width: 1024px) 100vw, 1024px\" \/><\/figure><\/li><li class=\"blocks-gallery-item\"><figure><img decoding=\"async\" width=\"1024\" height=\"682\" src=\"https:\/\/fuentesfidedignas.com.mx\/wp-content\/uploads\/2021\/06\/IMG-20210602-WA0047-1024x682.jpg\" alt=\"\" data-id=\"3875\" data-full-url=\"https:\/\/fuentesfidedignas.com.mx\/wp-content\/uploads\/2021\/06\/IMG-20210602-WA0047.jpg\" data-link=\"https:\/\/fuentesfidedignas.com.mx\/?attachment_id=3875\" class=\"wp-image-3875\" srcset=\"https:\/\/fuentesfidedignas.com.mx\/wp-content\/uploads\/2021\/06\/IMG-20210602-WA0047-1024x682.jpg 1024w, https:\/\/fuentesfidedignas.com.mx\/wp-content\/uploads\/2021\/06\/IMG-20210602-WA0047-300x200.jpg 300w, https:\/\/fuentesfidedignas.com.mx\/wp-content\/uploads\/2021\/06\/IMG-20210602-WA0047-768x512.jpg 768w, https:\/\/fuentesfidedignas.com.mx\/wp-content\/uploads\/2021\/06\/IMG-20210602-WA0047.jpg 1280w\" sizes=\"(max-width: 1024px) 100vw, 1024px\" \/><\/figure><\/li><li class=\"blocks-gallery-item\"><figure><img decoding=\"async\" width=\"1024\" height=\"682\" src=\"https:\/\/fuentesfidedignas.com.mx\/wp-content\/uploads\/2021\/06\/IMG-20210602-WA0048-1024x682.jpg\" alt=\"\" data-id=\"3876\" data-full-url=\"https:\/\/fuentesfidedignas.com.mx\/wp-content\/uploads\/2021\/06\/IMG-20210602-WA0048.jpg\" data-link=\"https:\/\/fuentesfidedignas.com.mx\/?attachment_id=3876\" class=\"wp-image-3876\" srcset=\"https:\/\/fuentesfidedignas.com.mx\/wp-content\/uploads\/2021\/06\/IMG-20210602-WA0048-1024x682.jpg 1024w, https:\/\/fuentesfidedignas.com.mx\/wp-content\/uploads\/2021\/06\/IMG-20210602-WA0048-300x200.jpg 300w, https:\/\/fuentesfidedignas.com.mx\/wp-content\/uploads\/2021\/06\/IMG-20210602-WA0048-768x512.jpg 768w, https:\/\/fuentesfidedignas.com.mx\/wp-content\/uploads\/2021\/06\/IMG-20210602-WA0048.jpg 1280w\" sizes=\"(max-width: 1024px) 100vw, 1024px\" \/><\/figure><\/li><li class=\"blocks-gallery-item\"><figure><img decoding=\"async\" width=\"1024\" height=\"682\" src=\"https:\/\/fuentesfidedignas.com.mx\/wp-content\/uploads\/2021\/06\/IMG-20210602-WA0049-1024x682.jpg\" alt=\"\" data-id=\"3878\" data-full-url=\"https:\/\/fuentesfidedignas.com.mx\/wp-content\/uploads\/2021\/06\/IMG-20210602-WA0049.jpg\" data-link=\"https:\/\/fuentesfidedignas.com.mx\/index.php\/2021\/06\/02\/ya-ganamos-porque-en-la-urna-hablara-la-conciencia-y-la-sed-de-justicia-gildardo-leyva\/img-20210602-wa0049\/\" class=\"wp-image-3878\" srcset=\"https:\/\/fuentesfidedignas.com.mx\/wp-content\/uploads\/2021\/06\/IMG-20210602-WA0049-1024x682.jpg 1024w, https:\/\/fuentesfidedignas.com.mx\/wp-content\/uploads\/2021\/06\/IMG-20210602-WA0049-300x200.jpg 300w, https:\/\/fuentesfidedignas.com.mx\/wp-content\/uploads\/2021\/06\/IMG-20210602-WA0049-768x512.jpg 768w, https:\/\/fuentesfidedignas.com.mx\/wp-content\/uploads\/2021\/06\/IMG-20210602-WA0049.jpg 1280w\" sizes=\"(max-width: 1024px) 100vw, 1024px\" \/><\/figure><\/li><li class=\"blocks-gallery-item\"><figure><img decoding=\"async\" width=\"1024\" height=\"682\" src=\"https:\/\/fuentesfidedignas.com.mx\/wp-content\/uploads\/2021\/06\/IMG-20210602-WA0052-1024x682.jpg\" alt=\"\" data-id=\"3879\" data-full-url=\"https:\/\/fuentesfidedignas.com.mx\/wp-content\/uploads\/2021\/06\/IMG-20210602-WA0052.jpg\" data-link=\"https:\/\/fuentesfidedignas.com.mx\/index.php\/2021\/06\/02\/ya-ganamos-porque-en-la-urna-hablara-la-conciencia-y-la-sed-de-justicia-gildardo-leyva\/img-20210602-wa0052\/\" class=\"wp-image-3879\" srcset=\"https:\/\/fuentesfidedignas.com.mx\/wp-content\/uploads\/2021\/06\/IMG-20210602-WA0052-1024x682.jpg 1024w, https:\/\/fuentesfidedignas.com.mx\/wp-content\/uploads\/2021\/06\/IMG-20210602-WA0052-300x200.jpg 300w, https:\/\/fuentesfidedignas.com.mx\/wp-content\/uploads\/2021\/06\/IMG-20210602-WA0052-768x512.jpg 768w, https:\/\/fuentesfidedignas.com.mx\/wp-content\/uploads\/2021\/06\/IMG-20210602-WA0052.jpg 1280w\" sizes=\"(max-width: 1024px) 100vw, 1024px\" \/><\/figure><\/li><li class=\"blocks-gallery-item\"><figure><img decoding=\"async\" width=\"1024\" height=\"682\" src=\"https:\/\/fuentesfidedignas.com.mx\/wp-content\/uploads\/2021\/06\/IMG-20210602-WA0043-1024x682.jpg\" alt=\"\" data-id=\"3880\" data-full-url=\"https:\/\/fuentesfidedignas.com.mx\/wp-content\/uploads\/2021\/06\/IMG-20210602-WA0043.jpg\" data-link=\"https:\/\/fuentesfidedignas.com.mx\/index.php\/2021\/06\/02\/ya-ganamos-porque-en-la-urna-hablara-la-conciencia-y-la-sed-de-justicia-gildardo-leyva\/img-20210602-wa0043\/\" class=\"wp-image-3880\" srcset=\"https:\/\/fuentesfidedignas.com.mx\/wp-content\/uploads\/2021\/06\/IMG-20210602-WA0043-1024x682.jpg 1024w, https:\/\/fuentesfidedignas.com.mx\/wp-content\/uploads\/2021\/06\/IMG-20210602-WA0043-300x200.jpg 300w, https:\/\/fuentesfidedignas.com.mx\/wp-content\/uploads\/2021\/06\/IMG-20210602-WA0043-768x512.jpg 768w, https:\/\/fuentesfidedignas.com.mx\/wp-content\/uploads\/2021\/06\/IMG-20210602-WA0043.jpg 1280w\" sizes=\"(max-width: 1024px) 100vw, 1024px\" \/><\/figure><\/li><\/ul><\/figure>\n","protected":false},"excerpt":{"rendered":"<p>Durante su \u00faltimo evento de campa\u00f1a en Jahuara II, se dijo deseoso de ser el nuevo presidente municipal de El Fuerte El Fuerte, Sin.- En la pol\u00edtica hay que tomar decisiones y tomar partido, por ende eleg\u00ed estar con la mayor\u00eda, con el pueblo, por dignidad y sed de justicia para mi municipio, afirm\u00f3 el [&hellip;]<\/p>\n","protected":false},"author":11,"featured_media":3873,"comment_status":"open","ping_status":"open","sticky":false,"template":"","format":"standard","meta":{"tdm_status":"","tdm_grid_status":"","footnotes":""},"categories":[38],"tags":[],"class_list":{"0":"post-3872","1":"post","2":"type-post","3":"status-publish","4":"format-standard","5":"has-post-thumbnail","7":"category-noticias-locales"},"yoast_head":"<!-- This site is optimized with the Yoast SEO plugin v27.5 - https:\/\/yoast.com\/product\/yoast-seo-wordpress\/ -->\n<title>Ya ganamos, porque en la urna hablar\u00e1 la conciencia y la sed de justicia: Gildardo Leyva - Fuentes Fidedignas<\/title>\n<meta name=\"robots\" content=\"index, follow, max-snippet:-1, max-image-preview:large, max-video-preview:-1\" \/>\n<link rel=\"canonical\" href=\"https:\/\/fuentesfidedignas.com.mx\/index.php\/2021\/06\/02\/ya-ganamos-porque-en-la-urna-hablara-la-conciencia-y-la-sed-de-justicia-gildardo-leyva\/\" \/>\n<meta property=\"og:locale\" content=\"es_MX\" \/>\n<meta property=\"og:type\" content=\"article\" \/>\n<meta property=\"og:title\" content=\"Ya ganamos, porque en la urna hablar\u00e1 la conciencia y la sed de justicia: Gildardo Leyva - Fuentes Fidedignas\" \/>\n<meta property=\"og:description\" content=\"Durante su \u00faltimo evento de campa\u00f1a en Jahuara II, se dijo deseoso de ser el nuevo presidente municipal de El Fuerte El Fuerte, Sin.- En la pol\u00edtica hay que tomar decisiones y tomar partido, por ende eleg\u00ed estar con la mayor\u00eda, con el pueblo, por dignidad y sed de justicia para mi municipio, afirm\u00f3 el [&hellip;]\" \/>\n<meta property=\"og:url\" content=\"https:\/\/fuentesfidedignas.com.mx\/index.php\/2021\/06\/02\/ya-ganamos-porque-en-la-urna-hablara-la-conciencia-y-la-sed-de-justicia-gildardo-leyva\/\" \/>\n<meta property=\"og:site_name\" content=\"Fuentes Fidedignas\" \/>\n<meta property=\"article:publisher\" content=\"https:\/\/www.facebook.com\/Fuentes-Fidedignas-368234489921644\" \/>\n<meta property=\"article:published_time\" content=\"2021-06-03T03:22:19+00:00\" \/>\n<meta property=\"article:modified_time\" content=\"2021-06-03T03:23:05+00:00\" \/>\n<meta property=\"og:image\" content=\"https:\/\/fuentesfidedignas.com.mx\/wp-content\/uploads\/2021\/06\/IMG-20210602-WA0051.jpg\" \/>\n\t<meta property=\"og:image:width\" content=\"1280\" \/>\n\t<meta property=\"og:image:height\" content=\"853\" \/>\n\t<meta property=\"og:image:type\" content=\"image\/jpeg\" \/>\n<meta name=\"author\" content=\"Marissa Palafox\" \/>\n<meta name=\"twitter:card\" content=\"summary_large_image\" \/>\n<meta name=\"twitter:creator\" content=\"@fidedignas\" \/>\n<meta name=\"twitter:site\" content=\"@fidedignas\" \/>\n<meta name=\"twitter:label1\" content=\"Escrito por\" \/>\n\t<meta name=\"twitter:data1\" content=\"Marissa Palafox\" \/>\n\t<meta name=\"twitter:label2\" content=\"Tiempo de lectura\" \/>\n\t<meta name=\"twitter:data2\" content=\"3 minutos\" \/>\n<script type=\"application\/ld+json\" class=\"yoast-schema-graph\">{\"@context\":\"https:\\\/\\\/schema.org\",\"@graph\":[{\"@type\":\"Article\",\"@id\":\"https:\\\/\\\/fuentesfidedignas.com.mx\\\/index.php\\\/2021\\\/06\\\/02\\\/ya-ganamos-porque-en-la-urna-hablara-la-conciencia-y-la-sed-de-justicia-gildardo-leyva\\\/#article\",\"isPartOf\":{\"@id\":\"https:\\\/\\\/fuentesfidedignas.com.mx\\\/index.php\\\/2021\\\/06\\\/02\\\/ya-ganamos-porque-en-la-urna-hablara-la-conciencia-y-la-sed-de-justicia-gildardo-leyva\\\/\"},\"author\":{\"name\":\"Marissa Palafox\",\"@id\":\"https:\\\/\\\/fuentesfidedignas.com.mx\\\/#\\\/schema\\\/person\\\/2c10028b4a30078c05a056a215342ab9\"},\"headline\":\"Ya ganamos, porque en la urna hablar\u00e1 la conciencia y la sed de justicia: Gildardo Leyva\",\"datePublished\":\"2021-06-03T03:22:19+00:00\",\"dateModified\":\"2021-06-03T03:23:05+00:00\",\"mainEntityOfPage\":{\"@id\":\"https:\\\/\\\/fuentesfidedignas.com.mx\\\/index.php\\\/2021\\\/06\\\/02\\\/ya-ganamos-porque-en-la-urna-hablara-la-conciencia-y-la-sed-de-justicia-gildardo-leyva\\\/\"},\"wordCount\":283,\"commentCount\":0,\"publisher\":{\"@id\":\"https:\\\/\\\/fuentesfidedignas.com.mx\\\/#organization\"},\"image\":{\"@id\":\"https:\\\/\\\/fuentesfidedignas.com.mx\\\/index.php\\\/2021\\\/06\\\/02\\\/ya-ganamos-porque-en-la-urna-hablara-la-conciencia-y-la-sed-de-justicia-gildardo-leyva\\\/#primaryimage\"},\"thumbnailUrl\":\"https:\\\/\\\/fuentesfidedignas.com.mx\\\/wp-content\\\/uploads\\\/2021\\\/06\\\/IMG-20210602-WA0051.jpg\",\"articleSection\":[\"NOTICIAS LOCALES\"],\"inLanguage\":\"es\",\"potentialAction\":[{\"@type\":\"CommentAction\",\"name\":\"Comment\",\"target\":[\"https:\\\/\\\/fuentesfidedignas.com.mx\\\/index.php\\\/2021\\\/06\\\/02\\\/ya-ganamos-porque-en-la-urna-hablara-la-conciencia-y-la-sed-de-justicia-gildardo-leyva\\\/#respond\"]}]},{\"@type\":\"WebPage\",\"@id\":\"https:\\\/\\\/fuentesfidedignas.com.mx\\\/index.php\\\/2021\\\/06\\\/02\\\/ya-ganamos-porque-en-la-urna-hablara-la-conciencia-y-la-sed-de-justicia-gildardo-leyva\\\/\",\"url\":\"https:\\\/\\\/fuentesfidedignas.com.mx\\\/index.php\\\/2021\\\/06\\\/02\\\/ya-ganamos-porque-en-la-urna-hablara-la-conciencia-y-la-sed-de-justicia-gildardo-leyva\\\/\",\"name\":\"Ya ganamos, porque en la urna hablar\u00e1 la conciencia y la sed de justicia: Gildardo Leyva - Fuentes Fidedignas\",\"isPartOf\":{\"@id\":\"https:\\\/\\\/fuentesfidedignas.com.mx\\\/#website\"},\"primaryImageOfPage\":{\"@id\":\"https:\\\/\\\/fuentesfidedignas.com.mx\\\/index.php\\\/2021\\\/06\\\/02\\\/ya-ganamos-porque-en-la-urna-hablara-la-conciencia-y-la-sed-de-justicia-gildardo-leyva\\\/#primaryimage\"},\"image\":{\"@id\":\"https:\\\/\\\/fuentesfidedignas.com.mx\\\/index.php\\\/2021\\\/06\\\/02\\\/ya-ganamos-porque-en-la-urna-hablara-la-conciencia-y-la-sed-de-justicia-gildardo-leyva\\\/#primaryimage\"},\"thumbnailUrl\":\"https:\\\/\\\/fuentesfidedignas.com.mx\\\/wp-content\\\/uploads\\\/2021\\\/06\\\/IMG-20210602-WA0051.jpg\",\"datePublished\":\"2021-06-03T03:22:19+00:00\",\"dateModified\":\"2021-06-03T03:23:05+00:00\",\"breadcrumb\":{\"@id\":\"https:\\\/\\\/fuentesfidedignas.com.mx\\\/index.php\\\/2021\\\/06\\\/02\\\/ya-ganamos-porque-en-la-urna-hablara-la-conciencia-y-la-sed-de-justicia-gildardo-leyva\\\/#breadcrumb\"},\"inLanguage\":\"es\",\"potentialAction\":[{\"@type\":\"ReadAction\",\"target\":[\"https:\\\/\\\/fuentesfidedignas.com.mx\\\/index.php\\\/2021\\\/06\\\/02\\\/ya-ganamos-porque-en-la-urna-hablara-la-conciencia-y-la-sed-de-justicia-gildardo-leyva\\\/\"]}]},{\"@type\":\"ImageObject\",\"inLanguage\":\"es\",\"@id\":\"https:\\\/\\\/fuentesfidedignas.com.mx\\\/index.php\\\/2021\\\/06\\\/02\\\/ya-ganamos-porque-en-la-urna-hablara-la-conciencia-y-la-sed-de-justicia-gildardo-leyva\\\/#primaryimage\",\"url\":\"https:\\\/\\\/fuentesfidedignas.com.mx\\\/wp-content\\\/uploads\\\/2021\\\/06\\\/IMG-20210602-WA0051.jpg\",\"contentUrl\":\"https:\\\/\\\/fuentesfidedignas.com.mx\\\/wp-content\\\/uploads\\\/2021\\\/06\\\/IMG-20210602-WA0051.jpg\",\"width\":1280,\"height\":853},{\"@type\":\"BreadcrumbList\",\"@id\":\"https:\\\/\\\/fuentesfidedignas.com.mx\\\/index.php\\\/2021\\\/06\\\/02\\\/ya-ganamos-porque-en-la-urna-hablara-la-conciencia-y-la-sed-de-justicia-gildardo-leyva\\\/#breadcrumb\",\"itemListElement\":[{\"@type\":\"ListItem\",\"position\":1,\"name\":\"Inicio\",\"item\":\"https:\\\/\\\/fuentesfidedignas.com.mx\\\/\"},{\"@type\":\"ListItem\",\"position\":2,\"name\":\"Ya ganamos, porque en la urna hablar\u00e1 la conciencia y la sed de justicia: Gildardo Leyva\"}]},{\"@type\":\"WebSite\",\"@id\":\"https:\\\/\\\/fuentesfidedignas.com.mx\\\/#website\",\"url\":\"https:\\\/\\\/fuentesfidedignas.com.mx\\\/\",\"name\":\"Fuentes Fidedignas\",\"description\":\"Otro sitio realizado con WordPress\",\"publisher\":{\"@id\":\"https:\\\/\\\/fuentesfidedignas.com.mx\\\/#organization\"},\"potentialAction\":[{\"@type\":\"SearchAction\",\"target\":{\"@type\":\"EntryPoint\",\"urlTemplate\":\"https:\\\/\\\/fuentesfidedignas.com.mx\\\/?s={search_term_string}\"},\"query-input\":{\"@type\":\"PropertyValueSpecification\",\"valueRequired\":true,\"valueName\":\"search_term_string\"}}],\"inLanguage\":\"es\"},{\"@type\":\"Organization\",\"@id\":\"https:\\\/\\\/fuentesfidedignas.com.mx\\\/#organization\",\"name\":\"Fuentes Fidedignas\",\"url\":\"https:\\\/\\\/fuentesfidedignas.com.mx\\\/\",\"logo\":{\"@type\":\"ImageObject\",\"inLanguage\":\"es\",\"@id\":\"https:\\\/\\\/fuentesfidedignas.com.mx\\\/#\\\/schema\\\/logo\\\/image\\\/\",\"url\":\"https:\\\/\\\/fuentesfidedignas.com.mx\\\/wp-content\\\/uploads\\\/2021\\\/04\\\/logo-retina.png\",\"contentUrl\":\"https:\\\/\\\/fuentesfidedignas.com.mx\\\/wp-content\\\/uploads\\\/2021\\\/04\\\/logo-retina.png\",\"width\":280,\"height\":51,\"caption\":\"Fuentes Fidedignas\"},\"image\":{\"@id\":\"https:\\\/\\\/fuentesfidedignas.com.mx\\\/#\\\/schema\\\/logo\\\/image\\\/\"},\"sameAs\":[\"https:\\\/\\\/www.facebook.com\\\/Fuentes-Fidedignas-368234489921644\",\"https:\\\/\\\/x.com\\\/fidedignas\"]},{\"@type\":\"Person\",\"@id\":\"https:\\\/\\\/fuentesfidedignas.com.mx\\\/#\\\/schema\\\/person\\\/2c10028b4a30078c05a056a215342ab9\",\"name\":\"Marissa Palafox\",\"image\":{\"@type\":\"ImageObject\",\"inLanguage\":\"es\",\"@id\":\"https:\\\/\\\/secure.gravatar.com\\\/avatar\\\/20a43bdb2f2db10f20b22d4e98b96eb027faf98f7f76d29854dc5fab46d1cf71?s=96&d=mm&r=g\",\"url\":\"https:\\\/\\\/secure.gravatar.com\\\/avatar\\\/20a43bdb2f2db10f20b22d4e98b96eb027faf98f7f76d29854dc5fab46d1cf71?s=96&d=mm&r=g\",\"contentUrl\":\"https:\\\/\\\/secure.gravatar.com\\\/avatar\\\/20a43bdb2f2db10f20b22d4e98b96eb027faf98f7f76d29854dc5fab46d1cf71?s=96&d=mm&r=g\",\"caption\":\"Marissa Palafox\"},\"url\":\"https:\\\/\\\/fuentesfidedignas.com.mx\\\/index.php\\\/author\\\/marissa\\\/\"}]}<\/script>\n<!-- \/ Yoast SEO plugin. -->","yoast_head_json":{"title":"Ya ganamos, porque en la urna hablar\u00e1 la conciencia y la sed de justicia: Gildardo Leyva - Fuentes Fidedignas","robots":{"index":"index","follow":"follow","max-snippet":"max-snippet:-1","max-image-preview":"max-image-preview:large","max-video-preview":"max-video-preview:-1"},"canonical":"https:\/\/fuentesfidedignas.com.mx\/index.php\/2021\/06\/02\/ya-ganamos-porque-en-la-urna-hablara-la-conciencia-y-la-sed-de-justicia-gildardo-leyva\/","og_locale":"es_MX","og_type":"article","og_title":"Ya ganamos, porque en la urna hablar\u00e1 la conciencia y la sed de justicia: Gildardo Leyva - Fuentes Fidedignas","og_description":"Durante su \u00faltimo evento de campa\u00f1a en Jahuara II, se dijo deseoso de ser el nuevo presidente municipal de El Fuerte El Fuerte, Sin.- En la pol\u00edtica hay que tomar decisiones y tomar partido, por ende eleg\u00ed estar con la mayor\u00eda, con el pueblo, por dignidad y sed de justicia para mi municipio, afirm\u00f3 el [&hellip;]","og_url":"https:\/\/fuentesfidedignas.com.mx\/index.php\/2021\/06\/02\/ya-ganamos-porque-en-la-urna-hablara-la-conciencia-y-la-sed-de-justicia-gildardo-leyva\/","og_site_name":"Fuentes Fidedignas","article_publisher":"https:\/\/www.facebook.com\/Fuentes-Fidedignas-368234489921644","article_published_time":"2021-06-03T03:22:19+00:00","article_modified_time":"2021-06-03T03:23:05+00:00","og_image":[{"width":1280,"height":853,"url":"https:\/\/fuentesfidedignas.com.mx\/wp-content\/uploads\/2021\/06\/IMG-20210602-WA0051.jpg","type":"image\/jpeg"}],"author":"Marissa Palafox","twitter_card":"summary_large_image","twitter_creator":"@fidedignas","twitter_site":"@fidedignas","twitter_misc":{"Escrito por":"Marissa Palafox","Tiempo de lectura":"3 minutos"},"schema":{"@context":"https:\/\/schema.org","@graph":[{"@type":"Article","@id":"https:\/\/fuentesfidedignas.com.mx\/index.php\/2021\/06\/02\/ya-ganamos-porque-en-la-urna-hablara-la-conciencia-y-la-sed-de-justicia-gildardo-leyva\/#article","isPartOf":{"@id":"https:\/\/fuentesfidedignas.com.mx\/index.php\/2021\/06\/02\/ya-ganamos-porque-en-la-urna-hablara-la-conciencia-y-la-sed-de-justicia-gildardo-leyva\/"},"author":{"name":"Marissa Palafox","@id":"https:\/\/fuentesfidedignas.com.mx\/#\/schema\/person\/2c10028b4a30078c05a056a215342ab9"},"headline":"Ya ganamos, porque en la urna hablar\u00e1 la conciencia y la sed de justicia: Gildardo Leyva","datePublished":"2021-06-03T03:22:19+00:00","dateModified":"2021-06-03T03:23:05+00:00","mainEntityOfPage":{"@id":"https:\/\/fuentesfidedignas.com.mx\/index.php\/2021\/06\/02\/ya-ganamos-porque-en-la-urna-hablara-la-conciencia-y-la-sed-de-justicia-gildardo-leyva\/"},"wordCount":283,"commentCount":0,"publisher":{"@id":"https:\/\/fuentesfidedignas.com.mx\/#organization"},"image":{"@id":"https:\/\/fuentesfidedignas.com.mx\/index.php\/2021\/06\/02\/ya-ganamos-porque-en-la-urna-hablara-la-conciencia-y-la-sed-de-justicia-gildardo-leyva\/#primaryimage"},"thumbnailUrl":"https:\/\/fuentesfidedignas.com.mx\/wp-content\/uploads\/2021\/06\/IMG-20210602-WA0051.jpg","articleSection":["NOTICIAS LOCALES"],"inLanguage":"es","potentialAction":[{"@type":"CommentAction","name":"Comment","target":["https:\/\/fuentesfidedignas.com.mx\/index.php\/2021\/06\/02\/ya-ganamos-porque-en-la-urna-hablara-la-conciencia-y-la-sed-de-justicia-gildardo-leyva\/#respond"]}]},{"@type":"WebPage","@id":"https:\/\/fuentesfidedignas.com.mx\/index.php\/2021\/06\/02\/ya-ganamos-porque-en-la-urna-hablara-la-conciencia-y-la-sed-de-justicia-gildardo-leyva\/","url":"https:\/\/fuentesfidedignas.com.mx\/index.php\/2021\/06\/02\/ya-ganamos-porque-en-la-urna-hablara-la-conciencia-y-la-sed-de-justicia-gildardo-leyva\/","name":"Ya ganamos, porque en la urna hablar\u00e1 la conciencia y la sed de justicia: Gildardo Leyva - Fuentes Fidedignas","isPartOf":{"@id":"https:\/\/fuentesfidedignas.com.mx\/#website"},"primaryImageOfPage":{"@id":"https:\/\/fuentesfidedignas.com.mx\/index.php\/2021\/06\/02\/ya-ganamos-porque-en-la-urna-hablara-la-conciencia-y-la-sed-de-justicia-gildardo-leyva\/#primaryimage"},"image":{"@id":"https:\/\/fuentesfidedignas.com.mx\/index.php\/2021\/06\/02\/ya-ganamos-porque-en-la-urna-hablara-la-conciencia-y-la-sed-de-justicia-gildardo-leyva\/#primaryimage"},"thumbnailUrl":"https:\/\/fuentesfidedignas.com.mx\/wp-content\/uploads\/2021\/06\/IMG-20210602-WA0051.jpg","datePublished":"2021-06-03T03:22:19+00:00","dateModified":"2021-06-03T03:23:05+00:00","breadcrumb":{"@id":"https:\/\/fuentesfidedignas.com.mx\/index.php\/2021\/06\/02\/ya-ganamos-porque-en-la-urna-hablara-la-conciencia-y-la-sed-de-justicia-gildardo-leyva\/#breadcrumb"},"inLanguage":"es","potentialAction":[{"@type":"ReadAction","target":["https:\/\/fuentesfidedignas.com.mx\/index.php\/2021\/06\/02\/ya-ganamos-porque-en-la-urna-hablara-la-conciencia-y-la-sed-de-justicia-gildardo-leyva\/"]}]},{"@type":"ImageObject","inLanguage":"es","@id":"https:\/\/fuentesfidedignas.com.mx\/index.php\/2021\/06\/02\/ya-ganamos-porque-en-la-urna-hablara-la-conciencia-y-la-sed-de-justicia-gildardo-leyva\/#primaryimage","url":"https:\/\/fuentesfidedignas.com.mx\/wp-content\/uploads\/2021\/06\/IMG-20210602-WA0051.jpg","contentUrl":"https:\/\/fuentesfidedignas.com.mx\/wp-content\/uploads\/2021\/06\/IMG-20210602-WA0051.jpg","width":1280,"height":853},{"@type":"BreadcrumbList","@id":"https:\/\/fuentesfidedignas.com.mx\/index.php\/2021\/06\/02\/ya-ganamos-porque-en-la-urna-hablara-la-conciencia-y-la-sed-de-justicia-gildardo-leyva\/#breadcrumb","itemListElement":[{"@type":"ListItem","position":1,"name":"Inicio","item":"https:\/\/fuentesfidedignas.com.mx\/"},{"@type":"ListItem","position":2,"name":"Ya ganamos, porque en la urna hablar\u00e1 la conciencia y la sed de justicia: Gildardo Leyva"}]},{"@type":"WebSite","@id":"https:\/\/fuentesfidedignas.com.mx\/#website","url":"https:\/\/fuentesfidedignas.com.mx\/","name":"Fuentes Fidedignas","description":"Otro sitio realizado con WordPress","publisher":{"@id":"https:\/\/fuentesfidedignas.com.mx\/#organization"},"potentialAction":[{"@type":"SearchAction","target":{"@type":"EntryPoint","urlTemplate":"https:\/\/fuentesfidedignas.com.mx\/?s={search_term_string}"},"query-input":{"@type":"PropertyValueSpecification","valueRequired":true,"valueName":"search_term_string"}}],"inLanguage":"es"},{"@type":"Organization","@id":"https:\/\/fuentesfidedignas.com.mx\/#organization","name":"Fuentes Fidedignas","url":"https:\/\/fuentesfidedignas.com.mx\/","logo":{"@type":"ImageObject","inLanguage":"es","@id":"https:\/\/fuentesfidedignas.com.mx\/#\/schema\/logo\/image\/","url":"https:\/\/fuentesfidedignas.com.mx\/wp-content\/uploads\/2021\/04\/logo-retina.png","contentUrl":"https:\/\/fuentesfidedignas.com.mx\/wp-content\/uploads\/2021\/04\/logo-retina.png","width":280,"height":51,"caption":"Fuentes Fidedignas"},"image":{"@id":"https:\/\/fuentesfidedignas.com.mx\/#\/schema\/logo\/image\/"},"sameAs":["https:\/\/www.facebook.com\/Fuentes-Fidedignas-368234489921644","https:\/\/x.com\/fidedignas"]},{"@type":"Person","@id":"https:\/\/fuentesfidedignas.com.mx\/#\/schema\/person\/2c10028b4a30078c05a056a215342ab9","name":"Marissa Palafox","image":{"@type":"ImageObject","inLanguage":"es","@id":"https:\/\/secure.gravatar.com\/avatar\/20a43bdb2f2db10f20b22d4e98b96eb027faf98f7f76d29854dc5fab46d1cf71?s=96&d=mm&r=g","url":"https:\/\/secure.gravatar.com\/avatar\/20a43bdb2f2db10f20b22d4e98b96eb027faf98f7f76d29854dc5fab46d1cf71?s=96&d=mm&r=g","contentUrl":"https:\/\/secure.gravatar.com\/avatar\/20a43bdb2f2db10f20b22d4e98b96eb027faf98f7f76d29854dc5fab46d1cf71?s=96&d=mm&r=g","caption":"Marissa Palafox"},"url":"https:\/\/fuentesfidedignas.com.mx\/index.php\/author\/marissa\/"}]}},"_links":{"self":[{"href":"https:\/\/fuentesfidedignas.com.mx\/index.php\/wp-json\/wp\/v2\/posts\/3872","targetHints":{"allow":["GET"]}}],"collection":[{"href":"https:\/\/fuentesfidedignas.com.mx\/index.php\/wp-json\/wp\/v2\/posts"}],"about":[{"href":"https:\/\/fuentesfidedignas.com.mx\/index.php\/wp-json\/wp\/v2\/types\/post"}],"author":[{"embeddable":true,"href":"https:\/\/fuentesfidedignas.com.mx\/index.php\/wp-json\/wp\/v2\/users\/11"}],"replies":[{"embeddable":true,"href":"https:\/\/fuentesfidedignas.com.mx\/index.php\/wp-json\/wp\/v2\/comments?post=3872"}],"version-history":[{"count":2,"href":"https:\/\/fuentesfidedignas.com.mx\/index.php\/wp-json\/wp\/v2\/posts\/3872\/revisions"}],"predecessor-version":[{"id":3881,"href":"https:\/\/fuentesfidedignas.com.mx\/index.php\/wp-json\/wp\/v2\/posts\/3872\/revisions\/3881"}],"wp:featuredmedia":[{"embeddable":true,"href":"https:\/\/fuentesfidedignas.com.mx\/index.php\/wp-json\/wp\/v2\/media\/3873"}],"wp:attachment":[{"href":"https:\/\/fuentesfidedignas.com.mx\/index.php\/wp-json\/wp\/v2\/media?parent=3872"}],"wp:term":[{"taxonomy":"category","embeddable":true,"href":"https:\/\/fuentesfidedignas.com.mx\/index.php\/wp-json\/wp\/v2\/categories?post=3872"},{"taxonomy":"post_tag","embeddable":true,"href":"https:\/\/fuentesfidedignas.com.mx\/index.php\/wp-json\/wp\/v2\/tags?post=3872"}],"curies":[{"name":"wp","href":"https:\/\/api.w.org\/{rel}","templated":true}]}}