{"id":3869,"date":"2021-06-02T20:05:58","date_gmt":"2021-06-03T03:05:58","guid":{"rendered":"https:\/\/fuentesfidedignas.com.mx\/?p=3869"},"modified":"2021-06-02T21:43:25","modified_gmt":"2021-06-03T04:43:25","slug":"con-monumental-fiesta-mario-zamora-anticipa-triunfo-por-la-evolucion-de-sinaloa","status":"publish","type":"post","link":"https:\/\/fuentesfidedignas.com.mx\/index.php\/2021\/06\/02\/con-monumental-fiesta-mario-zamora-anticipa-triunfo-por-la-evolucion-de-sinaloa\/","title":{"rendered":"Con monumental fiesta, Mario Zamora anticipa triunfo por la evoluci\u00f3n de Sinaloa"},"content":{"rendered":"\n<p><em><strong>Ante m\u00e1s de 12 mil ciudadanos, reiter\u00f3 que no se trata de un cierre de campa\u00f1a, si no del inicio de una nueva \u00e9poca<\/strong><\/em><\/p>\n\n\n\n<p>Culiac\u00e1n, Sin.- Ante la presencia de m\u00e1s de 12 mil personas que aceptaron la invitaci\u00f3n para sumarse a esta fiesta popular, en las instalaciones de la feria ganadera, el pr\u00f3ximo gobernador del estado, Mario Zamora Gast\u00e9lum, asegur\u00f3 que hoy inicia la evoluci\u00f3n de Sinaloa, la evoluci\u00f3n con la gente, rumbo a la victoria del domingo 6 de junio, para lograr que en Sinaloa tengamos un gobierno cercano, atento, honesto y transparente.<\/p>\n\n\n\n<p>Mario Zamora Gast\u00e9lum, acompa\u00f1ado por su esposa Wendy Ibarra de Zamora e hijos, se trasladaron a este espectacular, colorido y concurrido evento, donde tambi\u00e9n se congregaron simpatizantes y militantes del PRI, PRD y PAN.<\/p>\n\n\n\n<p>\u201cHoy no le hemos dado lata a nadie, no hemos cerrado una sola calle, ni un solo ciudadano puede decir que fue molestado, al contrario, hoy los invitamos a que vinieran a esta gran fiesta, la fiesta del agradecimiento y de marcar el inicio\u201d, exclam\u00f3 el abanderado de la alianza Va por Sinaloa.<\/p>\n\n\n\n<figure class=\"wp-block-gallery columns-3 is-cropped wp-block-gallery-1 is-layout-flex wp-block-gallery-is-layout-flex\"><ul class=\"blocks-gallery-grid\"><li class=\"blocks-gallery-item\"><figure><img decoding=\"async\" width=\"1024\" height=\"683\" src=\"https:\/\/fuentesfidedignas.com.mx\/wp-content\/uploads\/2021\/06\/IMG-20210602-WA0065-1.jpg\" alt=\"\" data-id=\"3903\" data-full-url=\"https:\/\/fuentesfidedignas.com.mx\/wp-content\/uploads\/2021\/06\/IMG-20210602-WA0065-1.jpg\" data-link=\"https:\/\/fuentesfidedignas.com.mx\/index.php\/2021\/06\/02\/con-monumental-fiesta-mario-zamora-anticipa-triunfo-por-la-evolucion-de-sinaloa\/img-20210602-wa0065-1\/\" class=\"wp-image-3903\" srcset=\"https:\/\/fuentesfidedignas.com.mx\/wp-content\/uploads\/2021\/06\/IMG-20210602-WA0065-1.jpg 1024w, https:\/\/fuentesfidedignas.com.mx\/wp-content\/uploads\/2021\/06\/IMG-20210602-WA0065-1-300x200.jpg 300w, https:\/\/fuentesfidedignas.com.mx\/wp-content\/uploads\/2021\/06\/IMG-20210602-WA0065-1-768x512.jpg 768w\" sizes=\"(max-width: 1024px) 100vw, 1024px\" \/><\/figure><\/li><li class=\"blocks-gallery-item\"><figure><img decoding=\"async\" width=\"1024\" height=\"683\" src=\"https:\/\/fuentesfidedignas.com.mx\/wp-content\/uploads\/2021\/06\/IMG-20210602-WA0066.jpg\" alt=\"\" data-id=\"3904\" data-full-url=\"https:\/\/fuentesfidedignas.com.mx\/wp-content\/uploads\/2021\/06\/IMG-20210602-WA0066.jpg\" data-link=\"https:\/\/fuentesfidedignas.com.mx\/index.php\/2021\/06\/02\/con-monumental-fiesta-mario-zamora-anticipa-triunfo-por-la-evolucion-de-sinaloa\/img-20210602-wa0066\/\" class=\"wp-image-3904\" srcset=\"https:\/\/fuentesfidedignas.com.mx\/wp-content\/uploads\/2021\/06\/IMG-20210602-WA0066.jpg 1024w, https:\/\/fuentesfidedignas.com.mx\/wp-content\/uploads\/2021\/06\/IMG-20210602-WA0066-300x200.jpg 300w, https:\/\/fuentesfidedignas.com.mx\/wp-content\/uploads\/2021\/06\/IMG-20210602-WA0066-768x512.jpg 768w\" sizes=\"(max-width: 1024px) 100vw, 1024px\" \/><\/figure><\/li><li class=\"blocks-gallery-item\"><figure><img decoding=\"async\" width=\"1024\" height=\"732\" src=\"https:\/\/fuentesfidedignas.com.mx\/wp-content\/uploads\/2021\/06\/IMG-20210602-WA0067.jpg\" alt=\"\" data-id=\"3906\" data-full-url=\"https:\/\/fuentesfidedignas.com.mx\/wp-content\/uploads\/2021\/06\/IMG-20210602-WA0067.jpg\" data-link=\"https:\/\/fuentesfidedignas.com.mx\/index.php\/2021\/06\/02\/con-monumental-fiesta-mario-zamora-anticipa-triunfo-por-la-evolucion-de-sinaloa\/img-20210602-wa0067\/\" class=\"wp-image-3906\" srcset=\"https:\/\/fuentesfidedignas.com.mx\/wp-content\/uploads\/2021\/06\/IMG-20210602-WA0067.jpg 1024w, https:\/\/fuentesfidedignas.com.mx\/wp-content\/uploads\/2021\/06\/IMG-20210602-WA0067-300x214.jpg 300w, https:\/\/fuentesfidedignas.com.mx\/wp-content\/uploads\/2021\/06\/IMG-20210602-WA0067-768x549.jpg 768w\" sizes=\"(max-width: 1024px) 100vw, 1024px\" \/><\/figure><\/li><li class=\"blocks-gallery-item\"><figure><img decoding=\"async\" width=\"1024\" height=\"683\" src=\"https:\/\/fuentesfidedignas.com.mx\/wp-content\/uploads\/2021\/06\/IMG-20210602-WA0068.jpg\" alt=\"\" data-id=\"3907\" data-full-url=\"https:\/\/fuentesfidedignas.com.mx\/wp-content\/uploads\/2021\/06\/IMG-20210602-WA0068.jpg\" data-link=\"https:\/\/fuentesfidedignas.com.mx\/index.php\/2021\/06\/02\/con-monumental-fiesta-mario-zamora-anticipa-triunfo-por-la-evolucion-de-sinaloa\/img-20210602-wa0068\/\" class=\"wp-image-3907\" srcset=\"https:\/\/fuentesfidedignas.com.mx\/wp-content\/uploads\/2021\/06\/IMG-20210602-WA0068.jpg 1024w, https:\/\/fuentesfidedignas.com.mx\/wp-content\/uploads\/2021\/06\/IMG-20210602-WA0068-300x200.jpg 300w, https:\/\/fuentesfidedignas.com.mx\/wp-content\/uploads\/2021\/06\/IMG-20210602-WA0068-768x512.jpg 768w\" sizes=\"(max-width: 1024px) 100vw, 1024px\" \/><\/figure><\/li><li class=\"blocks-gallery-item\"><figure><img decoding=\"async\" width=\"1024\" height=\"683\" src=\"https:\/\/fuentesfidedignas.com.mx\/wp-content\/uploads\/2021\/06\/IMG-20210602-WA0063.jpg\" alt=\"\" data-id=\"3908\" data-full-url=\"https:\/\/fuentesfidedignas.com.mx\/wp-content\/uploads\/2021\/06\/IMG-20210602-WA0063.jpg\" data-link=\"https:\/\/fuentesfidedignas.com.mx\/index.php\/2021\/06\/02\/con-monumental-fiesta-mario-zamora-anticipa-triunfo-por-la-evolucion-de-sinaloa\/img-20210602-wa0063\/\" class=\"wp-image-3908\" srcset=\"https:\/\/fuentesfidedignas.com.mx\/wp-content\/uploads\/2021\/06\/IMG-20210602-WA0063.jpg 1024w, https:\/\/fuentesfidedignas.com.mx\/wp-content\/uploads\/2021\/06\/IMG-20210602-WA0063-300x200.jpg 300w, https:\/\/fuentesfidedignas.com.mx\/wp-content\/uploads\/2021\/06\/IMG-20210602-WA0063-768x512.jpg 768w\" sizes=\"(max-width: 1024px) 100vw, 1024px\" \/><\/figure><\/li><li class=\"blocks-gallery-item\"><figure><img decoding=\"async\" width=\"1024\" height=\"683\" src=\"https:\/\/fuentesfidedignas.com.mx\/wp-content\/uploads\/2021\/06\/IMG-20210602-WA0064.jpg\" alt=\"\" data-id=\"3909\" data-full-url=\"https:\/\/fuentesfidedignas.com.mx\/wp-content\/uploads\/2021\/06\/IMG-20210602-WA0064.jpg\" data-link=\"https:\/\/fuentesfidedignas.com.mx\/index.php\/2021\/06\/02\/con-monumental-fiesta-mario-zamora-anticipa-triunfo-por-la-evolucion-de-sinaloa\/img-20210602-wa0064\/\" class=\"wp-image-3909\" srcset=\"https:\/\/fuentesfidedignas.com.mx\/wp-content\/uploads\/2021\/06\/IMG-20210602-WA0064.jpg 1024w, https:\/\/fuentesfidedignas.com.mx\/wp-content\/uploads\/2021\/06\/IMG-20210602-WA0064-300x200.jpg 300w, https:\/\/fuentesfidedignas.com.mx\/wp-content\/uploads\/2021\/06\/IMG-20210602-WA0064-768x512.jpg 768w\" sizes=\"(max-width: 1024px) 100vw, 1024px\" \/><\/figure><\/li><\/ul><\/figure>\n\n\n\n<p>Mario Zamora Gast\u00e9lum, dijo que est\u00e1 convencido que en dicha evoluci\u00f3n, el pilar fundamental y las acciones en su gobierno, se regir\u00e1n bajo el principio del amor al pr\u00f3jimo.<\/p>\n\n\n\n<p>\u201cLo digo con la voz completa, primero que todos, primero que nadie, el que menos tenga, porque el que menos tiene, nos va a tener a nosotros para estar con \u00e9l\u201d, indic\u00f3 el pr\u00f3ximo gobernador.<\/p>\n\n\n\n<p>En ese sentido, Mario Zamora Gast\u00e9lum, afirm\u00f3 que su gobierno ser\u00e1 un gobierno transparente, con honestidad, capacidad, cercano, sensible y con coraz\u00f3n humano, que junto con la sociedad resolver\u00e1 cosas.<\/p>\n\n\n\n<p>Se\u00f1al\u00f3 que esta campa\u00f1a de 60 d\u00edas, fue como son los sinaloenses, intensa, franca, derecha, alegre, y feliz. \u201cLe agradezco mucho a Wendy, a mis hijas y a mi hijo que me han acompa\u00f1ado paso a paso, a mi familia, a todos ustedes que han hecho esto posible\u201d.<\/p>\n\n\n\n<p>El abanderado del PRI, PRD y PAN, afirm\u00f3 que el pr\u00f3ximo domingo cuando est\u00e9n en la urna, s\u00f3lo van a ver dos panoramas: uno es como la noche, oscuro, perverso, es el fin de una \u00e9poca; y el otro representa el amanecer del d\u00eda, una luz incandescente, con fuerza, con pasi\u00f3n, con enorme esperanza de empezar un nuevo d\u00eda, una nueva etapa juntos.<\/p>\n\n\n\n<p>\u201cEse Sinaloa que podemos construir con talento, con honestidad, con fuerza, con garra a defender lo que somos, campesinos, mujeres, maestros, pescadores, ese nuevo Sinaloa que lo hacemos todos nosotros. Eso es lo que est\u00e1 en juego, aqu\u00ed est\u00e1 mi fuerza, aqu\u00ed est\u00e1 todo lo que podemos lograr\u201d.<\/p>\n\n\n\n<p>Invit\u00f3 a votar este 6 de junio por la f\u00f3rmula completa de la alianza Va por Sinaloa, por un gobierno joven, por un Sinaloa potente, por un Sinaloa con porvenir, por un Sinaloa grande, como merece ser Culiac\u00e1n, la gran ciudad del siglo XXI con sus ciclov\u00edas, con su circuito perif\u00e9rico, con mejores medios de transporte, con mucho m\u00e1s pavimento.<\/p>\n\n\n\n<p>\u201cHoy vengo aqu\u00ed como candidato, pero les doy mi palabra, palabra de sinaloense que iremos a todas esas comunidades, a todas esas colonias, que estaremos en su casa y me ver\u00e1n en la calle como gobernador, como gobernador de los sinaloenses trabajando de su mano vi\u00e9ndolos a los ojos, buscando juntos como sociedad y gobierno dar soluci\u00f3n\u201d, subray\u00f3.<\/p>\n\n\n\n<p>\u201cEl pr\u00f3ximo domingo de la mano de todos ustedes, este 6 de junio vamos a ganar\u201d, concluy\u00f3 y enseguida particip\u00f3 junto con los ciudadanos en esta monumental fiesta popular rumbo a la victoria de este 6 de junio.<\/p>\n\n\n\n<p><em>Cumplir\u00e1 Mario Zamora compromisos tambi\u00e9n en Navolato<\/em><\/p>\n\n\n\n<p>Antes de venir a esta fiesta del pueblo, de la gente que lo quiere como gobernador, Zamora Gast\u00e9lum estuvo en Navolato saludando a m\u00e1s de 8 mil ciudadanos que se reunieron en el centro de la cabecera del municipio ca\u00f1ero.<\/p>\n\n\n\n<p>All\u00e1 ratific\u00f3 sus compromisos con los navolatenses, como la construcci\u00f3n del centro de alto rendimiento, la financiera estatal, centros de salud con m\u00e9dicos y medicinas, entre muchos otros.<\/p>\n\n\n\n<p>El candidato de la alianza Va por Sinaloa alert\u00f3 a los navolatenses, pues la tarea no est\u00e1 a\u00fan terminada, porque habr\u00e1 que salir el domingo 6 de junio para ratificar el triunfo que ya es evidente en este municipio.<\/p>\n","protected":false},"excerpt":{"rendered":"<p>Ante m\u00e1s de 12 mil ciudadanos, reiter\u00f3 que no se trata de un cierre de campa\u00f1a, si no del inicio de una nueva \u00e9poca Culiac\u00e1n, Sin.- Ante la presencia de m\u00e1s de 12 mil personas que aceptaron la invitaci\u00f3n para sumarse a esta fiesta popular, en las instalaciones de la feria ganadera, el pr\u00f3ximo gobernador [&hellip;]<\/p>\n","protected":false},"author":4,"featured_media":3870,"comment_status":"open","ping_status":"open","sticky":false,"template":"","format":"standard","meta":{"tdm_status":"","tdm_grid_status":"","footnotes":""},"categories":[37],"tags":[],"class_list":{"0":"post-3869","1":"post","2":"type-post","3":"status-publish","4":"format-standard","5":"has-post-thumbnail","7":"category-nota-principal"},"yoast_head":"<!-- This site is optimized with the Yoast SEO plugin v27.5 - https:\/\/yoast.com\/product\/yoast-seo-wordpress\/ -->\n<title>Con monumental fiesta, Mario Zamora anticipa triunfo por la evoluci\u00f3n de Sinaloa - Fuentes Fidedignas<\/title>\n<meta name=\"robots\" content=\"index, follow, max-snippet:-1, max-image-preview:large, max-video-preview:-1\" \/>\n<link rel=\"canonical\" href=\"https:\/\/fuentesfidedignas.com.mx\/index.php\/2021\/06\/02\/con-monumental-fiesta-mario-zamora-anticipa-triunfo-por-la-evolucion-de-sinaloa\/\" \/>\n<meta property=\"og:locale\" content=\"es_MX\" \/>\n<meta property=\"og:type\" content=\"article\" \/>\n<meta property=\"og:title\" content=\"Con monumental fiesta, Mario Zamora anticipa triunfo por la evoluci\u00f3n de Sinaloa - Fuentes Fidedignas\" \/>\n<meta property=\"og:description\" content=\"Ante m\u00e1s de 12 mil ciudadanos, reiter\u00f3 que no se trata de un cierre de campa\u00f1a, si no del inicio de una nueva \u00e9poca Culiac\u00e1n, Sin.- Ante la presencia de m\u00e1s de 12 mil personas que aceptaron la invitaci\u00f3n para sumarse a esta fiesta popular, en las instalaciones de la feria ganadera, el pr\u00f3ximo gobernador [&hellip;]\" \/>\n<meta property=\"og:url\" content=\"https:\/\/fuentesfidedignas.com.mx\/index.php\/2021\/06\/02\/con-monumental-fiesta-mario-zamora-anticipa-triunfo-por-la-evolucion-de-sinaloa\/\" \/>\n<meta property=\"og:site_name\" content=\"Fuentes Fidedignas\" \/>\n<meta property=\"article:publisher\" content=\"https:\/\/www.facebook.com\/Fuentes-Fidedignas-368234489921644\" \/>\n<meta property=\"article:published_time\" content=\"2021-06-03T03:05:58+00:00\" \/>\n<meta property=\"article:modified_time\" content=\"2021-06-03T04:43:25+00:00\" \/>\n<meta property=\"og:image\" content=\"https:\/\/fuentesfidedignas.com.mx\/wp-content\/uploads\/2021\/06\/IMG-20210602-WA0065.jpg\" \/>\n\t<meta property=\"og:image:width\" content=\"1024\" \/>\n\t<meta property=\"og:image:height\" content=\"683\" \/>\n\t<meta property=\"og:image:type\" content=\"image\/jpeg\" \/>\n<meta name=\"author\" content=\"Redacci\u00f3n\" \/>\n<meta name=\"twitter:card\" content=\"summary_large_image\" \/>\n<meta name=\"twitter:creator\" content=\"@fidedignas\" \/>\n<meta name=\"twitter:site\" content=\"@fidedignas\" \/>\n<meta name=\"twitter:label1\" content=\"Escrito por\" \/>\n\t<meta name=\"twitter:data1\" content=\"Redacci\u00f3n\" \/>\n\t<meta name=\"twitter:label2\" content=\"Tiempo de lectura\" \/>\n\t<meta name=\"twitter:data2\" content=\"5 minutos\" \/>\n<script type=\"application\/ld+json\" class=\"yoast-schema-graph\">{\"@context\":\"https:\\\/\\\/schema.org\",\"@graph\":[{\"@type\":\"Article\",\"@id\":\"https:\\\/\\\/fuentesfidedignas.com.mx\\\/index.php\\\/2021\\\/06\\\/02\\\/con-monumental-fiesta-mario-zamora-anticipa-triunfo-por-la-evolucion-de-sinaloa\\\/#article\",\"isPartOf\":{\"@id\":\"https:\\\/\\\/fuentesfidedignas.com.mx\\\/index.php\\\/2021\\\/06\\\/02\\\/con-monumental-fiesta-mario-zamora-anticipa-triunfo-por-la-evolucion-de-sinaloa\\\/\"},\"author\":{\"name\":\"Redacci\u00f3n\",\"@id\":\"https:\\\/\\\/fuentesfidedignas.com.mx\\\/#\\\/schema\\\/person\\\/331be9283d37198e2acd5750279085b0\"},\"headline\":\"Con monumental fiesta, Mario Zamora anticipa triunfo por la evoluci\u00f3n de Sinaloa\",\"datePublished\":\"2021-06-03T03:05:58+00:00\",\"dateModified\":\"2021-06-03T04:43:25+00:00\",\"mainEntityOfPage\":{\"@id\":\"https:\\\/\\\/fuentesfidedignas.com.mx\\\/index.php\\\/2021\\\/06\\\/02\\\/con-monumental-fiesta-mario-zamora-anticipa-triunfo-por-la-evolucion-de-sinaloa\\\/\"},\"wordCount\":755,\"commentCount\":0,\"publisher\":{\"@id\":\"https:\\\/\\\/fuentesfidedignas.com.mx\\\/#organization\"},\"image\":{\"@id\":\"https:\\\/\\\/fuentesfidedignas.com.mx\\\/index.php\\\/2021\\\/06\\\/02\\\/con-monumental-fiesta-mario-zamora-anticipa-triunfo-por-la-evolucion-de-sinaloa\\\/#primaryimage\"},\"thumbnailUrl\":\"https:\\\/\\\/fuentesfidedignas.com.mx\\\/wp-content\\\/uploads\\\/2021\\\/06\\\/IMG-20210602-WA0065.jpg\",\"articleSection\":[\"NOTA PRINCIPAL\"],\"inLanguage\":\"es\",\"potentialAction\":[{\"@type\":\"CommentAction\",\"name\":\"Comment\",\"target\":[\"https:\\\/\\\/fuentesfidedignas.com.mx\\\/index.php\\\/2021\\\/06\\\/02\\\/con-monumental-fiesta-mario-zamora-anticipa-triunfo-por-la-evolucion-de-sinaloa\\\/#respond\"]}]},{\"@type\":\"WebPage\",\"@id\":\"https:\\\/\\\/fuentesfidedignas.com.mx\\\/index.php\\\/2021\\\/06\\\/02\\\/con-monumental-fiesta-mario-zamora-anticipa-triunfo-por-la-evolucion-de-sinaloa\\\/\",\"url\":\"https:\\\/\\\/fuentesfidedignas.com.mx\\\/index.php\\\/2021\\\/06\\\/02\\\/con-monumental-fiesta-mario-zamora-anticipa-triunfo-por-la-evolucion-de-sinaloa\\\/\",\"name\":\"Con monumental fiesta, Mario Zamora anticipa triunfo por la evoluci\u00f3n de Sinaloa - Fuentes Fidedignas\",\"isPartOf\":{\"@id\":\"https:\\\/\\\/fuentesfidedignas.com.mx\\\/#website\"},\"primaryImageOfPage\":{\"@id\":\"https:\\\/\\\/fuentesfidedignas.com.mx\\\/index.php\\\/2021\\\/06\\\/02\\\/con-monumental-fiesta-mario-zamora-anticipa-triunfo-por-la-evolucion-de-sinaloa\\\/#primaryimage\"},\"image\":{\"@id\":\"https:\\\/\\\/fuentesfidedignas.com.mx\\\/index.php\\\/2021\\\/06\\\/02\\\/con-monumental-fiesta-mario-zamora-anticipa-triunfo-por-la-evolucion-de-sinaloa\\\/#primaryimage\"},\"thumbnailUrl\":\"https:\\\/\\\/fuentesfidedignas.com.mx\\\/wp-content\\\/uploads\\\/2021\\\/06\\\/IMG-20210602-WA0065.jpg\",\"datePublished\":\"2021-06-03T03:05:58+00:00\",\"dateModified\":\"2021-06-03T04:43:25+00:00\",\"breadcrumb\":{\"@id\":\"https:\\\/\\\/fuentesfidedignas.com.mx\\\/index.php\\\/2021\\\/06\\\/02\\\/con-monumental-fiesta-mario-zamora-anticipa-triunfo-por-la-evolucion-de-sinaloa\\\/#breadcrumb\"},\"inLanguage\":\"es\",\"potentialAction\":[{\"@type\":\"ReadAction\",\"target\":[\"https:\\\/\\\/fuentesfidedignas.com.mx\\\/index.php\\\/2021\\\/06\\\/02\\\/con-monumental-fiesta-mario-zamora-anticipa-triunfo-por-la-evolucion-de-sinaloa\\\/\"]}]},{\"@type\":\"ImageObject\",\"inLanguage\":\"es\",\"@id\":\"https:\\\/\\\/fuentesfidedignas.com.mx\\\/index.php\\\/2021\\\/06\\\/02\\\/con-monumental-fiesta-mario-zamora-anticipa-triunfo-por-la-evolucion-de-sinaloa\\\/#primaryimage\",\"url\":\"https:\\\/\\\/fuentesfidedignas.com.mx\\\/wp-content\\\/uploads\\\/2021\\\/06\\\/IMG-20210602-WA0065.jpg\",\"contentUrl\":\"https:\\\/\\\/fuentesfidedignas.com.mx\\\/wp-content\\\/uploads\\\/2021\\\/06\\\/IMG-20210602-WA0065.jpg\",\"width\":1024,\"height\":683},{\"@type\":\"BreadcrumbList\",\"@id\":\"https:\\\/\\\/fuentesfidedignas.com.mx\\\/index.php\\\/2021\\\/06\\\/02\\\/con-monumental-fiesta-mario-zamora-anticipa-triunfo-por-la-evolucion-de-sinaloa\\\/#breadcrumb\",\"itemListElement\":[{\"@type\":\"ListItem\",\"position\":1,\"name\":\"Inicio\",\"item\":\"https:\\\/\\\/fuentesfidedignas.com.mx\\\/\"},{\"@type\":\"ListItem\",\"position\":2,\"name\":\"Con monumental fiesta, Mario Zamora anticipa triunfo por la evoluci\u00f3n de Sinaloa\"}]},{\"@type\":\"WebSite\",\"@id\":\"https:\\\/\\\/fuentesfidedignas.com.mx\\\/#website\",\"url\":\"https:\\\/\\\/fuentesfidedignas.com.mx\\\/\",\"name\":\"Fuentes Fidedignas\",\"description\":\"Otro sitio realizado con WordPress\",\"publisher\":{\"@id\":\"https:\\\/\\\/fuentesfidedignas.com.mx\\\/#organization\"},\"potentialAction\":[{\"@type\":\"SearchAction\",\"target\":{\"@type\":\"EntryPoint\",\"urlTemplate\":\"https:\\\/\\\/fuentesfidedignas.com.mx\\\/?s={search_term_string}\"},\"query-input\":{\"@type\":\"PropertyValueSpecification\",\"valueRequired\":true,\"valueName\":\"search_term_string\"}}],\"inLanguage\":\"es\"},{\"@type\":\"Organization\",\"@id\":\"https:\\\/\\\/fuentesfidedignas.com.mx\\\/#organization\",\"name\":\"Fuentes Fidedignas\",\"url\":\"https:\\\/\\\/fuentesfidedignas.com.mx\\\/\",\"logo\":{\"@type\":\"ImageObject\",\"inLanguage\":\"es\",\"@id\":\"https:\\\/\\\/fuentesfidedignas.com.mx\\\/#\\\/schema\\\/logo\\\/image\\\/\",\"url\":\"https:\\\/\\\/fuentesfidedignas.com.mx\\\/wp-content\\\/uploads\\\/2021\\\/04\\\/logo-retina.png\",\"contentUrl\":\"https:\\\/\\\/fuentesfidedignas.com.mx\\\/wp-content\\\/uploads\\\/2021\\\/04\\\/logo-retina.png\",\"width\":280,\"height\":51,\"caption\":\"Fuentes Fidedignas\"},\"image\":{\"@id\":\"https:\\\/\\\/fuentesfidedignas.com.mx\\\/#\\\/schema\\\/logo\\\/image\\\/\"},\"sameAs\":[\"https:\\\/\\\/www.facebook.com\\\/Fuentes-Fidedignas-368234489921644\",\"https:\\\/\\\/x.com\\\/fidedignas\"]},{\"@type\":\"Person\",\"@id\":\"https:\\\/\\\/fuentesfidedignas.com.mx\\\/#\\\/schema\\\/person\\\/331be9283d37198e2acd5750279085b0\",\"name\":\"Redacci\u00f3n\",\"image\":{\"@type\":\"ImageObject\",\"inLanguage\":\"es\",\"@id\":\"https:\\\/\\\/secure.gravatar.com\\\/avatar\\\/f6d8782c11d12b2d4ad3fbb6931aeab5309937a4d6cd2fc9cfaa28a6396a5aec?s=96&d=mm&r=g\",\"url\":\"https:\\\/\\\/secure.gravatar.com\\\/avatar\\\/f6d8782c11d12b2d4ad3fbb6931aeab5309937a4d6cd2fc9cfaa28a6396a5aec?s=96&d=mm&r=g\",\"contentUrl\":\"https:\\\/\\\/secure.gravatar.com\\\/avatar\\\/f6d8782c11d12b2d4ad3fbb6931aeab5309937a4d6cd2fc9cfaa28a6396a5aec?s=96&d=mm&r=g\",\"caption\":\"Redacci\u00f3n\"},\"url\":\"https:\\\/\\\/fuentesfidedignas.com.mx\\\/index.php\\\/author\\\/redaccion\\\/\"}]}<\/script>\n<!-- \/ Yoast SEO plugin. -->","yoast_head_json":{"title":"Con monumental fiesta, Mario Zamora anticipa triunfo por la evoluci\u00f3n de Sinaloa - Fuentes Fidedignas","robots":{"index":"index","follow":"follow","max-snippet":"max-snippet:-1","max-image-preview":"max-image-preview:large","max-video-preview":"max-video-preview:-1"},"canonical":"https:\/\/fuentesfidedignas.com.mx\/index.php\/2021\/06\/02\/con-monumental-fiesta-mario-zamora-anticipa-triunfo-por-la-evolucion-de-sinaloa\/","og_locale":"es_MX","og_type":"article","og_title":"Con monumental fiesta, Mario Zamora anticipa triunfo por la evoluci\u00f3n de Sinaloa - Fuentes Fidedignas","og_description":"Ante m\u00e1s de 12 mil ciudadanos, reiter\u00f3 que no se trata de un cierre de campa\u00f1a, si no del inicio de una nueva \u00e9poca Culiac\u00e1n, Sin.- Ante la presencia de m\u00e1s de 12 mil personas que aceptaron la invitaci\u00f3n para sumarse a esta fiesta popular, en las instalaciones de la feria ganadera, el pr\u00f3ximo gobernador [&hellip;]","og_url":"https:\/\/fuentesfidedignas.com.mx\/index.php\/2021\/06\/02\/con-monumental-fiesta-mario-zamora-anticipa-triunfo-por-la-evolucion-de-sinaloa\/","og_site_name":"Fuentes Fidedignas","article_publisher":"https:\/\/www.facebook.com\/Fuentes-Fidedignas-368234489921644","article_published_time":"2021-06-03T03:05:58+00:00","article_modified_time":"2021-06-03T04:43:25+00:00","og_image":[{"width":1024,"height":683,"url":"https:\/\/fuentesfidedignas.com.mx\/wp-content\/uploads\/2021\/06\/IMG-20210602-WA0065.jpg","type":"image\/jpeg"}],"author":"Redacci\u00f3n","twitter_card":"summary_large_image","twitter_creator":"@fidedignas","twitter_site":"@fidedignas","twitter_misc":{"Escrito por":"Redacci\u00f3n","Tiempo de lectura":"5 minutos"},"schema":{"@context":"https:\/\/schema.org","@graph":[{"@type":"Article","@id":"https:\/\/fuentesfidedignas.com.mx\/index.php\/2021\/06\/02\/con-monumental-fiesta-mario-zamora-anticipa-triunfo-por-la-evolucion-de-sinaloa\/#article","isPartOf":{"@id":"https:\/\/fuentesfidedignas.com.mx\/index.php\/2021\/06\/02\/con-monumental-fiesta-mario-zamora-anticipa-triunfo-por-la-evolucion-de-sinaloa\/"},"author":{"name":"Redacci\u00f3n","@id":"https:\/\/fuentesfidedignas.com.mx\/#\/schema\/person\/331be9283d37198e2acd5750279085b0"},"headline":"Con monumental fiesta, Mario Zamora anticipa triunfo por la evoluci\u00f3n de Sinaloa","datePublished":"2021-06-03T03:05:58+00:00","dateModified":"2021-06-03T04:43:25+00:00","mainEntityOfPage":{"@id":"https:\/\/fuentesfidedignas.com.mx\/index.php\/2021\/06\/02\/con-monumental-fiesta-mario-zamora-anticipa-triunfo-por-la-evolucion-de-sinaloa\/"},"wordCount":755,"commentCount":0,"publisher":{"@id":"https:\/\/fuentesfidedignas.com.mx\/#organization"},"image":{"@id":"https:\/\/fuentesfidedignas.com.mx\/index.php\/2021\/06\/02\/con-monumental-fiesta-mario-zamora-anticipa-triunfo-por-la-evolucion-de-sinaloa\/#primaryimage"},"thumbnailUrl":"https:\/\/fuentesfidedignas.com.mx\/wp-content\/uploads\/2021\/06\/IMG-20210602-WA0065.jpg","articleSection":["NOTA PRINCIPAL"],"inLanguage":"es","potentialAction":[{"@type":"CommentAction","name":"Comment","target":["https:\/\/fuentesfidedignas.com.mx\/index.php\/2021\/06\/02\/con-monumental-fiesta-mario-zamora-anticipa-triunfo-por-la-evolucion-de-sinaloa\/#respond"]}]},{"@type":"WebPage","@id":"https:\/\/fuentesfidedignas.com.mx\/index.php\/2021\/06\/02\/con-monumental-fiesta-mario-zamora-anticipa-triunfo-por-la-evolucion-de-sinaloa\/","url":"https:\/\/fuentesfidedignas.com.mx\/index.php\/2021\/06\/02\/con-monumental-fiesta-mario-zamora-anticipa-triunfo-por-la-evolucion-de-sinaloa\/","name":"Con monumental fiesta, Mario Zamora anticipa triunfo por la evoluci\u00f3n de Sinaloa - Fuentes Fidedignas","isPartOf":{"@id":"https:\/\/fuentesfidedignas.com.mx\/#website"},"primaryImageOfPage":{"@id":"https:\/\/fuentesfidedignas.com.mx\/index.php\/2021\/06\/02\/con-monumental-fiesta-mario-zamora-anticipa-triunfo-por-la-evolucion-de-sinaloa\/#primaryimage"},"image":{"@id":"https:\/\/fuentesfidedignas.com.mx\/index.php\/2021\/06\/02\/con-monumental-fiesta-mario-zamora-anticipa-triunfo-por-la-evolucion-de-sinaloa\/#primaryimage"},"thumbnailUrl":"https:\/\/fuentesfidedignas.com.mx\/wp-content\/uploads\/2021\/06\/IMG-20210602-WA0065.jpg","datePublished":"2021-06-03T03:05:58+00:00","dateModified":"2021-06-03T04:43:25+00:00","breadcrumb":{"@id":"https:\/\/fuentesfidedignas.com.mx\/index.php\/2021\/06\/02\/con-monumental-fiesta-mario-zamora-anticipa-triunfo-por-la-evolucion-de-sinaloa\/#breadcrumb"},"inLanguage":"es","potentialAction":[{"@type":"ReadAction","target":["https:\/\/fuentesfidedignas.com.mx\/index.php\/2021\/06\/02\/con-monumental-fiesta-mario-zamora-anticipa-triunfo-por-la-evolucion-de-sinaloa\/"]}]},{"@type":"ImageObject","inLanguage":"es","@id":"https:\/\/fuentesfidedignas.com.mx\/index.php\/2021\/06\/02\/con-monumental-fiesta-mario-zamora-anticipa-triunfo-por-la-evolucion-de-sinaloa\/#primaryimage","url":"https:\/\/fuentesfidedignas.com.mx\/wp-content\/uploads\/2021\/06\/IMG-20210602-WA0065.jpg","contentUrl":"https:\/\/fuentesfidedignas.com.mx\/wp-content\/uploads\/2021\/06\/IMG-20210602-WA0065.jpg","width":1024,"height":683},{"@type":"BreadcrumbList","@id":"https:\/\/fuentesfidedignas.com.mx\/index.php\/2021\/06\/02\/con-monumental-fiesta-mario-zamora-anticipa-triunfo-por-la-evolucion-de-sinaloa\/#breadcrumb","itemListElement":[{"@type":"ListItem","position":1,"name":"Inicio","item":"https:\/\/fuentesfidedignas.com.mx\/"},{"@type":"ListItem","position":2,"name":"Con monumental fiesta, Mario Zamora anticipa triunfo por la evoluci\u00f3n de Sinaloa"}]},{"@type":"WebSite","@id":"https:\/\/fuentesfidedignas.com.mx\/#website","url":"https:\/\/fuentesfidedignas.com.mx\/","name":"Fuentes Fidedignas","description":"Otro sitio realizado con WordPress","publisher":{"@id":"https:\/\/fuentesfidedignas.com.mx\/#organization"},"potentialAction":[{"@type":"SearchAction","target":{"@type":"EntryPoint","urlTemplate":"https:\/\/fuentesfidedignas.com.mx\/?s={search_term_string}"},"query-input":{"@type":"PropertyValueSpecification","valueRequired":true,"valueName":"search_term_string"}}],"inLanguage":"es"},{"@type":"Organization","@id":"https:\/\/fuentesfidedignas.com.mx\/#organization","name":"Fuentes Fidedignas","url":"https:\/\/fuentesfidedignas.com.mx\/","logo":{"@type":"ImageObject","inLanguage":"es","@id":"https:\/\/fuentesfidedignas.com.mx\/#\/schema\/logo\/image\/","url":"https:\/\/fuentesfidedignas.com.mx\/wp-content\/uploads\/2021\/04\/logo-retina.png","contentUrl":"https:\/\/fuentesfidedignas.com.mx\/wp-content\/uploads\/2021\/04\/logo-retina.png","width":280,"height":51,"caption":"Fuentes Fidedignas"},"image":{"@id":"https:\/\/fuentesfidedignas.com.mx\/#\/schema\/logo\/image\/"},"sameAs":["https:\/\/www.facebook.com\/Fuentes-Fidedignas-368234489921644","https:\/\/x.com\/fidedignas"]},{"@type":"Person","@id":"https:\/\/fuentesfidedignas.com.mx\/#\/schema\/person\/331be9283d37198e2acd5750279085b0","name":"Redacci\u00f3n","image":{"@type":"ImageObject","inLanguage":"es","@id":"https:\/\/secure.gravatar.com\/avatar\/f6d8782c11d12b2d4ad3fbb6931aeab5309937a4d6cd2fc9cfaa28a6396a5aec?s=96&d=mm&r=g","url":"https:\/\/secure.gravatar.com\/avatar\/f6d8782c11d12b2d4ad3fbb6931aeab5309937a4d6cd2fc9cfaa28a6396a5aec?s=96&d=mm&r=g","contentUrl":"https:\/\/secure.gravatar.com\/avatar\/f6d8782c11d12b2d4ad3fbb6931aeab5309937a4d6cd2fc9cfaa28a6396a5aec?s=96&d=mm&r=g","caption":"Redacci\u00f3n"},"url":"https:\/\/fuentesfidedignas.com.mx\/index.php\/author\/redaccion\/"}]}},"_links":{"self":[{"href":"https:\/\/fuentesfidedignas.com.mx\/index.php\/wp-json\/wp\/v2\/posts\/3869","targetHints":{"allow":["GET"]}}],"collection":[{"href":"https:\/\/fuentesfidedignas.com.mx\/index.php\/wp-json\/wp\/v2\/posts"}],"about":[{"href":"https:\/\/fuentesfidedignas.com.mx\/index.php\/wp-json\/wp\/v2\/types\/post"}],"author":[{"embeddable":true,"href":"https:\/\/fuentesfidedignas.com.mx\/index.php\/wp-json\/wp\/v2\/users\/4"}],"replies":[{"embeddable":true,"href":"https:\/\/fuentesfidedignas.com.mx\/index.php\/wp-json\/wp\/v2\/comments?post=3869"}],"version-history":[{"count":2,"href":"https:\/\/fuentesfidedignas.com.mx\/index.php\/wp-json\/wp\/v2\/posts\/3869\/revisions"}],"predecessor-version":[{"id":3910,"href":"https:\/\/fuentesfidedignas.com.mx\/index.php\/wp-json\/wp\/v2\/posts\/3869\/revisions\/3910"}],"wp:featuredmedia":[{"embeddable":true,"href":"https:\/\/fuentesfidedignas.com.mx\/index.php\/wp-json\/wp\/v2\/media\/3870"}],"wp:attachment":[{"href":"https:\/\/fuentesfidedignas.com.mx\/index.php\/wp-json\/wp\/v2\/media?parent=3869"}],"wp:term":[{"taxonomy":"category","embeddable":true,"href":"https:\/\/fuentesfidedignas.com.mx\/index.php\/wp-json\/wp\/v2\/categories?post=3869"},{"taxonomy":"post_tag","embeddable":true,"href":"https:\/\/fuentesfidedignas.com.mx\/index.php\/wp-json\/wp\/v2\/tags?post=3869"}],"curies":[{"name":"wp","href":"https:\/\/api.w.org\/{rel}","templated":true}]}}