{"id":38639,"date":"2022-08-01T20:43:15","date_gmt":"2022-08-02T02:43:15","guid":{"rendered":"https:\/\/fuentesfidedignas.com.mx\/?p=38639"},"modified":"2022-08-01T20:44:22","modified_gmt":"2022-08-02T02:44:22","slug":"morena-cancelara-triunfos-de-aquellos-militantes-que-ganaron-a-la-mala","status":"publish","type":"post","link":"https:\/\/fuentesfidedignas.com.mx\/index.php\/2022\/08\/01\/morena-cancelara-triunfos-de-aquellos-militantes-que-ganaron-a-la-mala\/","title":{"rendered":"Morena cancelar\u00e1 triunfos de aquellos militantes que ganaron a la \u2018mala\u2019"},"content":{"rendered":"\n<p><br><em><strong>M\u00e1s de 3 millones de personas participaron en la elecci\u00f3n de congresistas de Morena, afirm\u00f3 Mario Delgado, dirigente del partido<\/strong><\/em><\/p>\n\n\n\n<p>Ciudad de M\u00e9xico.- Tras las irregularidades como acarreo y compra de votos en la elecci\u00f3n de congresistas nacionales de Morena del fin de semana, el presidente del partido, Mario Delgado, se\u00f1al\u00f3 que se les cancelar\u00e1 el triunfo de aquellos militantes que est\u00e9n relacionados con estos actos.<\/p>\n\n\n\n<p>\u201c<strong>No se permitir\u00e1 que haya consejeros que hayan ganado a la mala, si hubo compra de voto y acarreo<\/strong>\u201d, dijo el dirigente nacional.<\/p>\n\n\n\n<p>En conferencia, record\u00f3 que hay videos en los que aparecen personas pidiendo que voten por alg\u00fan morenista para que quede como congresista, por lo que coment\u00f3 que si ese militante gan\u00f3, ser\u00e1<\/p>\n\n\n\n<p>\u201c<strong>Hay videos donde hay personas que les dan un papelito por quien votar. Lo bueno que tenemos es que el video se ve la persona que hizo esa pr\u00e1ctica. Esa persona si sali\u00f3 electa como consejero, probablemente le anulemos su elecciones, porque quiere decir que hizo una practica de acarreo y eso no esta permitido<\/strong>\u201d, dijo Mario Delgado.<\/p>\n\n\n\n<p>Sobre las personas que llegaron a los centros de votaci\u00f3n para quemar o robarse las urnas, el pol\u00edtico coment\u00f3 que estas personas no son de Morena.<\/p>\n\n\n\n<p><strong>\u201cNo podemos decir que son morensitas, porque un morenista no actuaria as\u00ed, no actuaria en contra de nuestro movimiento, de hacer este tipo de acciones, que a lo que lleva se desgaste nuestro movimiento y darle carnita a la oposici\u00f3n<\/strong>\u201d, mencion\u00f3.<\/p>\n\n\n\n<p>Aunque no detall\u00f3 si los militantes provocaron alguna irregularidad en la votaci\u00f3n del fin de semana ser\u00e1n expulsados del partido, dijo que estos no deben estar en el partido.<\/p>\n\n\n\n<p>\u201c<strong>Algunos compa\u00f1eros que se nos despistaron, que les gan\u00f3 la pasi\u00f3n, que actuaron en contra del movimiento, no tiene porqu\u00e9 estar en Morena<\/strong>\u201d, enfatiz\u00f3.<\/p>\n\n\n\n<figure class=\"wp-block-image\"><img decoding=\"async\" src=\"https:\/\/cdn.forbes.com.mx\/2022\/08\/Elecciones-Morena-1024x683.jpg\" alt=\"Elecciones Morena\" class=\"wp-image-1011596\"\/><figcaption>Elecciones internas de Morena en #Zongolica. Pobladores prenden papeletas en repudio a la hija de la alcaldesa, Lidia Irma Mezhua Campos: Jazm\u00edn Macuixtle Mezhua. Es un caos lo que pasa en #Veracruz. Foto: @UrbisVeracruz<\/figcaption><\/figure>\n\n\n\n<p>Mario Delgado coment\u00f3 que m\u00e1s de 3 millones de personas participaron para la elecci\u00f3n de 3 millones de personas que integrar\u00e1n el Congreso Nacional de Morena, que es el \u00f3rgano m\u00e1ximo de decisi\u00f3n del partido. Este sesionar\u00e1 el 17 y 18 de septiembre.<\/p>\n\n\n\n<p>Explic\u00f3 que instalaron 553 centros de votaci\u00f3n instalados en todo el pa\u00eds, de los cuales 19 fueron cerrados por diversas incidencias en Baja California, Chiapas, Edomex, Durango, Guanajuato, Jalisco, Oaxaca, Puebla y Guerrero.<\/p>\n\n\n\n<figure class=\"wp-block-image\"><img decoding=\"async\" src=\"https:\/\/cdn.forbes.com.mx\/2022\/08\/Jessica-Rami%CC%81rez-DIPUTADA-1024x683.jpg\" alt=\"Jessica Ram\u00edrez DIPUTADA\" class=\"wp-image-1011597\"\/><figcaption>Polic\u00edas y funcionarios municipales de Minatitl\u00e1n detienen a la diputada Jessica Ram\u00edrez y la ingresan a los separos. Esto durante las elecciones internas de Morena. Captura de pantalla:\u00a9 Codigo Veracruz.<\/figcaption><\/figure>\n\n\n\n<figure class=\"wp-block-image\"><img decoding=\"async\" src=\"https:\/\/cdn.forbes.com.mx\/2022\/08\/quema-de-urnas-1024x683.jpg\" alt=\"Morena Quema de urnas\" class=\"wp-image-1011599\"\/><figcaption>Queman urnas en elecci\u00f3n de Consejeros de MORENA en Tequixquiac, Estado de M\u00e9xico. Militantes del @PartidoMorenaMx acusaron al presidente municipal Miguel \u00c1ngel Gamboa de ser el responsable de reventar la jornada electoral. Captura de pantalle: \u00a9 Enlace Istmo Noticias @enlaceistmo_<\/figcaption><\/figure>\n\n\n\n<figure class=\"wp-block-image\"><img decoding=\"async\" src=\"https:\/\/cdn.forbes.com.mx\/2022\/08\/Morena-1024x683.jpg\" alt=\"Morena\" class=\"wp-image-1011598\"\/><figcaption>Foto: \u00a9Morena<\/figcaption><\/figure>\n\n\n\n<p><a href=\"https:\/\/www.forbes.com.mx\/oposicion-arma-foros-alternos-sobre-reforma-electoral-no-costaran-nada-asegura\/\"><\/a><\/p>\n\n\n\n<figure class=\"wp-block-image size-full\"><img decoding=\"async\" width=\"1\" height=\"1\" src=\"https:\/\/fuentesfidedignas.com.mx\/wp-content\/uploads\/2022\/08\/image.gif\" alt=\"\" class=\"wp-image-38640\"\/><\/figure>\n\n\n\n<figure class=\"wp-block-image size-full\"><img decoding=\"async\" width=\"1\" height=\"1\" src=\"https:\/\/fuentesfidedignas.com.mx\/wp-content\/uploads\/2022\/08\/image-2.gif\" alt=\"\" class=\"wp-image-38642\"\/><\/figure>\n\n\n\n<figure class=\"wp-block-image size-full\"><img decoding=\"async\" width=\"1\" height=\"1\" src=\"https:\/\/fuentesfidedignas.com.mx\/wp-content\/uploads\/2022\/08\/image-3.gif\" alt=\"\" class=\"wp-image-38643\"\/><\/figure>\n\n\n\n<figure class=\"wp-block-image size-full\"><img decoding=\"async\" width=\"1\" height=\"1\" src=\"https:\/\/fuentesfidedignas.com.mx\/wp-content\/uploads\/2022\/08\/image-1.gif\" alt=\"\" class=\"wp-image-38641\"\/><\/figure>\n","protected":false},"excerpt":{"rendered":"<p>M\u00e1s de 3 millones de personas participaron en la elecci\u00f3n de congresistas de Morena, afirm\u00f3 Mario Delgado, dirigente del partido Ciudad de M\u00e9xico.- Tras las irregularidades como acarreo y compra de votos en la elecci\u00f3n de congresistas nacionales de Morena del fin de semana, el presidente del partido, Mario Delgado, se\u00f1al\u00f3 que se les cancelar\u00e1 [&hellip;]<\/p>\n","protected":false},"author":5,"featured_media":0,"comment_status":"open","ping_status":"open","sticky":false,"template":"","format":"standard","meta":{"tdm_status":"","tdm_grid_status":"","footnotes":""},"categories":[39],"tags":[],"class_list":{"0":"post-38639","1":"post","2":"type-post","3":"status-publish","4":"format-standard","6":"category-noticias-nacionales"},"yoast_head":"<!-- This site is optimized with the Yoast SEO plugin v27.4 - https:\/\/yoast.com\/product\/yoast-seo-wordpress\/ -->\n<title>Morena cancelar\u00e1 triunfos de aquellos militantes que ganaron a la \u2018mala\u2019 - Fuentes Fidedignas<\/title>\n<meta name=\"robots\" content=\"index, follow, max-snippet:-1, max-image-preview:large, max-video-preview:-1\" \/>\n<link rel=\"canonical\" href=\"https:\/\/fuentesfidedignas.com.mx\/index.php\/2022\/08\/01\/morena-cancelara-triunfos-de-aquellos-militantes-que-ganaron-a-la-mala\/\" \/>\n<meta property=\"og:locale\" content=\"es_MX\" \/>\n<meta property=\"og:type\" content=\"article\" \/>\n<meta property=\"og:title\" content=\"Morena cancelar\u00e1 triunfos de aquellos militantes que ganaron a la \u2018mala\u2019 - Fuentes Fidedignas\" \/>\n<meta property=\"og:description\" content=\"M\u00e1s de 3 millones de personas participaron en la elecci\u00f3n de congresistas de Morena, afirm\u00f3 Mario Delgado, dirigente del partido Ciudad de M\u00e9xico.- Tras las irregularidades como acarreo y compra de votos en la elecci\u00f3n de congresistas nacionales de Morena del fin de semana, el presidente del partido, Mario Delgado, se\u00f1al\u00f3 que se les cancelar\u00e1 [&hellip;]\" \/>\n<meta property=\"og:url\" content=\"https:\/\/fuentesfidedignas.com.mx\/index.php\/2022\/08\/01\/morena-cancelara-triunfos-de-aquellos-militantes-que-ganaron-a-la-mala\/\" \/>\n<meta property=\"og:site_name\" content=\"Fuentes Fidedignas\" \/>\n<meta property=\"article:publisher\" content=\"https:\/\/www.facebook.com\/Fuentes-Fidedignas-368234489921644\" \/>\n<meta property=\"article:published_time\" content=\"2022-08-02T02:43:15+00:00\" \/>\n<meta property=\"article:modified_time\" content=\"2022-08-02T02:44:22+00:00\" \/>\n<meta property=\"og:image\" content=\"https:\/\/fuentesfidedignas.com.mx\/wp-content\/uploads\/2022\/08\/278055895_5392731180762354_3544375846626250911_n-e1650661179608-640x360-1.jpg\" \/>\n\t<meta property=\"og:image:width\" content=\"640\" \/>\n\t<meta property=\"og:image:height\" content=\"360\" \/>\n\t<meta property=\"og:image:type\" content=\"image\/jpeg\" \/>\n<meta name=\"author\" content=\"Forbes\" \/>\n<meta name=\"twitter:card\" content=\"summary_large_image\" \/>\n<meta name=\"twitter:creator\" content=\"@fidedignas\" \/>\n<meta name=\"twitter:site\" content=\"@fidedignas\" \/>\n<meta name=\"twitter:label1\" content=\"Escrito por\" \/>\n\t<meta name=\"twitter:data1\" content=\"Forbes\" \/>\n\t<meta name=\"twitter:label2\" content=\"Tiempo de lectura\" \/>\n\t<meta name=\"twitter:data2\" content=\"4 minutos\" \/>\n<script type=\"application\/ld+json\" class=\"yoast-schema-graph\">{\"@context\":\"https:\\\/\\\/schema.org\",\"@graph\":[{\"@type\":\"Article\",\"@id\":\"https:\\\/\\\/fuentesfidedignas.com.mx\\\/index.php\\\/2022\\\/08\\\/01\\\/morena-cancelara-triunfos-de-aquellos-militantes-que-ganaron-a-la-mala\\\/#article\",\"isPartOf\":{\"@id\":\"https:\\\/\\\/fuentesfidedignas.com.mx\\\/index.php\\\/2022\\\/08\\\/01\\\/morena-cancelara-triunfos-de-aquellos-militantes-que-ganaron-a-la-mala\\\/\"},\"author\":{\"name\":\"Forbes\",\"@id\":\"https:\\\/\\\/fuentesfidedignas.com.mx\\\/#\\\/schema\\\/person\\\/5623d53fe2e579d825b1679734abcc44\"},\"headline\":\"Morena cancelar\u00e1 triunfos de aquellos militantes que ganaron a la \u2018mala\u2019\",\"datePublished\":\"2022-08-02T02:43:15+00:00\",\"dateModified\":\"2022-08-02T02:44:22+00:00\",\"mainEntityOfPage\":{\"@id\":\"https:\\\/\\\/fuentesfidedignas.com.mx\\\/index.php\\\/2022\\\/08\\\/01\\\/morena-cancelara-triunfos-de-aquellos-militantes-que-ganaron-a-la-mala\\\/\"},\"wordCount\":513,\"commentCount\":0,\"publisher\":{\"@id\":\"https:\\\/\\\/fuentesfidedignas.com.mx\\\/#organization\"},\"image\":{\"@id\":\"https:\\\/\\\/fuentesfidedignas.com.mx\\\/index.php\\\/2022\\\/08\\\/01\\\/morena-cancelara-triunfos-de-aquellos-militantes-que-ganaron-a-la-mala\\\/#primaryimage\"},\"thumbnailUrl\":\"https:\\\/\\\/cdn.forbes.com.mx\\\/2022\\\/08\\\/Elecciones-Morena-1024x683.jpg\",\"articleSection\":[\"NOTICIAS NACIONALES\"],\"inLanguage\":\"es\",\"potentialAction\":[{\"@type\":\"CommentAction\",\"name\":\"Comment\",\"target\":[\"https:\\\/\\\/fuentesfidedignas.com.mx\\\/index.php\\\/2022\\\/08\\\/01\\\/morena-cancelara-triunfos-de-aquellos-militantes-que-ganaron-a-la-mala\\\/#respond\"]}]},{\"@type\":\"WebPage\",\"@id\":\"https:\\\/\\\/fuentesfidedignas.com.mx\\\/index.php\\\/2022\\\/08\\\/01\\\/morena-cancelara-triunfos-de-aquellos-militantes-que-ganaron-a-la-mala\\\/\",\"url\":\"https:\\\/\\\/fuentesfidedignas.com.mx\\\/index.php\\\/2022\\\/08\\\/01\\\/morena-cancelara-triunfos-de-aquellos-militantes-que-ganaron-a-la-mala\\\/\",\"name\":\"Morena cancelar\u00e1 triunfos de aquellos militantes que ganaron a la \u2018mala\u2019 - Fuentes Fidedignas\",\"isPartOf\":{\"@id\":\"https:\\\/\\\/fuentesfidedignas.com.mx\\\/#website\"},\"primaryImageOfPage\":{\"@id\":\"https:\\\/\\\/fuentesfidedignas.com.mx\\\/index.php\\\/2022\\\/08\\\/01\\\/morena-cancelara-triunfos-de-aquellos-militantes-que-ganaron-a-la-mala\\\/#primaryimage\"},\"image\":{\"@id\":\"https:\\\/\\\/fuentesfidedignas.com.mx\\\/index.php\\\/2022\\\/08\\\/01\\\/morena-cancelara-triunfos-de-aquellos-militantes-que-ganaron-a-la-mala\\\/#primaryimage\"},\"thumbnailUrl\":\"https:\\\/\\\/cdn.forbes.com.mx\\\/2022\\\/08\\\/Elecciones-Morena-1024x683.jpg\",\"datePublished\":\"2022-08-02T02:43:15+00:00\",\"dateModified\":\"2022-08-02T02:44:22+00:00\",\"breadcrumb\":{\"@id\":\"https:\\\/\\\/fuentesfidedignas.com.mx\\\/index.php\\\/2022\\\/08\\\/01\\\/morena-cancelara-triunfos-de-aquellos-militantes-que-ganaron-a-la-mala\\\/#breadcrumb\"},\"inLanguage\":\"es\",\"potentialAction\":[{\"@type\":\"ReadAction\",\"target\":[\"https:\\\/\\\/fuentesfidedignas.com.mx\\\/index.php\\\/2022\\\/08\\\/01\\\/morena-cancelara-triunfos-de-aquellos-militantes-que-ganaron-a-la-mala\\\/\"]}]},{\"@type\":\"ImageObject\",\"inLanguage\":\"es\",\"@id\":\"https:\\\/\\\/fuentesfidedignas.com.mx\\\/index.php\\\/2022\\\/08\\\/01\\\/morena-cancelara-triunfos-de-aquellos-militantes-que-ganaron-a-la-mala\\\/#primaryimage\",\"url\":\"https:\\\/\\\/cdn.forbes.com.mx\\\/2022\\\/08\\\/Elecciones-Morena-1024x683.jpg\",\"contentUrl\":\"https:\\\/\\\/cdn.forbes.com.mx\\\/2022\\\/08\\\/Elecciones-Morena-1024x683.jpg\"},{\"@type\":\"BreadcrumbList\",\"@id\":\"https:\\\/\\\/fuentesfidedignas.com.mx\\\/index.php\\\/2022\\\/08\\\/01\\\/morena-cancelara-triunfos-de-aquellos-militantes-que-ganaron-a-la-mala\\\/#breadcrumb\",\"itemListElement\":[{\"@type\":\"ListItem\",\"position\":1,\"name\":\"Inicio\",\"item\":\"https:\\\/\\\/fuentesfidedignas.com.mx\\\/\"},{\"@type\":\"ListItem\",\"position\":2,\"name\":\"Morena cancelar\u00e1 triunfos de aquellos militantes que ganaron a la \u2018mala\u2019\"}]},{\"@type\":\"WebSite\",\"@id\":\"https:\\\/\\\/fuentesfidedignas.com.mx\\\/#website\",\"url\":\"https:\\\/\\\/fuentesfidedignas.com.mx\\\/\",\"name\":\"Fuentes Fidedignas\",\"description\":\"Otro sitio realizado con WordPress\",\"publisher\":{\"@id\":\"https:\\\/\\\/fuentesfidedignas.com.mx\\\/#organization\"},\"potentialAction\":[{\"@type\":\"SearchAction\",\"target\":{\"@type\":\"EntryPoint\",\"urlTemplate\":\"https:\\\/\\\/fuentesfidedignas.com.mx\\\/?s={search_term_string}\"},\"query-input\":{\"@type\":\"PropertyValueSpecification\",\"valueRequired\":true,\"valueName\":\"search_term_string\"}}],\"inLanguage\":\"es\"},{\"@type\":\"Organization\",\"@id\":\"https:\\\/\\\/fuentesfidedignas.com.mx\\\/#organization\",\"name\":\"Fuentes Fidedignas\",\"url\":\"https:\\\/\\\/fuentesfidedignas.com.mx\\\/\",\"logo\":{\"@type\":\"ImageObject\",\"inLanguage\":\"es\",\"@id\":\"https:\\\/\\\/fuentesfidedignas.com.mx\\\/#\\\/schema\\\/logo\\\/image\\\/\",\"url\":\"https:\\\/\\\/fuentesfidedignas.com.mx\\\/wp-content\\\/uploads\\\/2021\\\/04\\\/logo-retina.png\",\"contentUrl\":\"https:\\\/\\\/fuentesfidedignas.com.mx\\\/wp-content\\\/uploads\\\/2021\\\/04\\\/logo-retina.png\",\"width\":280,\"height\":51,\"caption\":\"Fuentes Fidedignas\"},\"image\":{\"@id\":\"https:\\\/\\\/fuentesfidedignas.com.mx\\\/#\\\/schema\\\/logo\\\/image\\\/\"},\"sameAs\":[\"https:\\\/\\\/www.facebook.com\\\/Fuentes-Fidedignas-368234489921644\",\"https:\\\/\\\/x.com\\\/fidedignas\"]},{\"@type\":\"Person\",\"@id\":\"https:\\\/\\\/fuentesfidedignas.com.mx\\\/#\\\/schema\\\/person\\\/5623d53fe2e579d825b1679734abcc44\",\"name\":\"Forbes\",\"image\":{\"@type\":\"ImageObject\",\"inLanguage\":\"es\",\"@id\":\"https:\\\/\\\/secure.gravatar.com\\\/avatar\\\/87ce3dd4e41e60c22a79c758614f01a6bc2469255fc936ec7b15efb9bb5cb66f?s=96&d=mm&r=g\",\"url\":\"https:\\\/\\\/secure.gravatar.com\\\/avatar\\\/87ce3dd4e41e60c22a79c758614f01a6bc2469255fc936ec7b15efb9bb5cb66f?s=96&d=mm&r=g\",\"contentUrl\":\"https:\\\/\\\/secure.gravatar.com\\\/avatar\\\/87ce3dd4e41e60c22a79c758614f01a6bc2469255fc936ec7b15efb9bb5cb66f?s=96&d=mm&r=g\",\"caption\":\"Forbes\"},\"url\":\"https:\\\/\\\/fuentesfidedignas.com.mx\\\/index.php\\\/author\\\/forbes\\\/\"}]}<\/script>\n<!-- \/ Yoast SEO plugin. -->","yoast_head_json":{"title":"Morena cancelar\u00e1 triunfos de aquellos militantes que ganaron a la \u2018mala\u2019 - Fuentes Fidedignas","robots":{"index":"index","follow":"follow","max-snippet":"max-snippet:-1","max-image-preview":"max-image-preview:large","max-video-preview":"max-video-preview:-1"},"canonical":"https:\/\/fuentesfidedignas.com.mx\/index.php\/2022\/08\/01\/morena-cancelara-triunfos-de-aquellos-militantes-que-ganaron-a-la-mala\/","og_locale":"es_MX","og_type":"article","og_title":"Morena cancelar\u00e1 triunfos de aquellos militantes que ganaron a la \u2018mala\u2019 - Fuentes Fidedignas","og_description":"M\u00e1s de 3 millones de personas participaron en la elecci\u00f3n de congresistas de Morena, afirm\u00f3 Mario Delgado, dirigente del partido Ciudad de M\u00e9xico.- Tras las irregularidades como acarreo y compra de votos en la elecci\u00f3n de congresistas nacionales de Morena del fin de semana, el presidente del partido, Mario Delgado, se\u00f1al\u00f3 que se les cancelar\u00e1 [&hellip;]","og_url":"https:\/\/fuentesfidedignas.com.mx\/index.php\/2022\/08\/01\/morena-cancelara-triunfos-de-aquellos-militantes-que-ganaron-a-la-mala\/","og_site_name":"Fuentes Fidedignas","article_publisher":"https:\/\/www.facebook.com\/Fuentes-Fidedignas-368234489921644","article_published_time":"2022-08-02T02:43:15+00:00","article_modified_time":"2022-08-02T02:44:22+00:00","og_image":[{"width":640,"height":360,"url":"https:\/\/fuentesfidedignas.com.mx\/wp-content\/uploads\/2022\/08\/278055895_5392731180762354_3544375846626250911_n-e1650661179608-640x360-1.jpg","type":"image\/jpeg"}],"author":"Forbes","twitter_card":"summary_large_image","twitter_creator":"@fidedignas","twitter_site":"@fidedignas","twitter_misc":{"Escrito por":"Forbes","Tiempo de lectura":"4 minutos"},"schema":{"@context":"https:\/\/schema.org","@graph":[{"@type":"Article","@id":"https:\/\/fuentesfidedignas.com.mx\/index.php\/2022\/08\/01\/morena-cancelara-triunfos-de-aquellos-militantes-que-ganaron-a-la-mala\/#article","isPartOf":{"@id":"https:\/\/fuentesfidedignas.com.mx\/index.php\/2022\/08\/01\/morena-cancelara-triunfos-de-aquellos-militantes-que-ganaron-a-la-mala\/"},"author":{"name":"Forbes","@id":"https:\/\/fuentesfidedignas.com.mx\/#\/schema\/person\/5623d53fe2e579d825b1679734abcc44"},"headline":"Morena cancelar\u00e1 triunfos de aquellos militantes que ganaron a la \u2018mala\u2019","datePublished":"2022-08-02T02:43:15+00:00","dateModified":"2022-08-02T02:44:22+00:00","mainEntityOfPage":{"@id":"https:\/\/fuentesfidedignas.com.mx\/index.php\/2022\/08\/01\/morena-cancelara-triunfos-de-aquellos-militantes-que-ganaron-a-la-mala\/"},"wordCount":513,"commentCount":0,"publisher":{"@id":"https:\/\/fuentesfidedignas.com.mx\/#organization"},"image":{"@id":"https:\/\/fuentesfidedignas.com.mx\/index.php\/2022\/08\/01\/morena-cancelara-triunfos-de-aquellos-militantes-que-ganaron-a-la-mala\/#primaryimage"},"thumbnailUrl":"https:\/\/cdn.forbes.com.mx\/2022\/08\/Elecciones-Morena-1024x683.jpg","articleSection":["NOTICIAS NACIONALES"],"inLanguage":"es","potentialAction":[{"@type":"CommentAction","name":"Comment","target":["https:\/\/fuentesfidedignas.com.mx\/index.php\/2022\/08\/01\/morena-cancelara-triunfos-de-aquellos-militantes-que-ganaron-a-la-mala\/#respond"]}]},{"@type":"WebPage","@id":"https:\/\/fuentesfidedignas.com.mx\/index.php\/2022\/08\/01\/morena-cancelara-triunfos-de-aquellos-militantes-que-ganaron-a-la-mala\/","url":"https:\/\/fuentesfidedignas.com.mx\/index.php\/2022\/08\/01\/morena-cancelara-triunfos-de-aquellos-militantes-que-ganaron-a-la-mala\/","name":"Morena cancelar\u00e1 triunfos de aquellos militantes que ganaron a la \u2018mala\u2019 - Fuentes Fidedignas","isPartOf":{"@id":"https:\/\/fuentesfidedignas.com.mx\/#website"},"primaryImageOfPage":{"@id":"https:\/\/fuentesfidedignas.com.mx\/index.php\/2022\/08\/01\/morena-cancelara-triunfos-de-aquellos-militantes-que-ganaron-a-la-mala\/#primaryimage"},"image":{"@id":"https:\/\/fuentesfidedignas.com.mx\/index.php\/2022\/08\/01\/morena-cancelara-triunfos-de-aquellos-militantes-que-ganaron-a-la-mala\/#primaryimage"},"thumbnailUrl":"https:\/\/cdn.forbes.com.mx\/2022\/08\/Elecciones-Morena-1024x683.jpg","datePublished":"2022-08-02T02:43:15+00:00","dateModified":"2022-08-02T02:44:22+00:00","breadcrumb":{"@id":"https:\/\/fuentesfidedignas.com.mx\/index.php\/2022\/08\/01\/morena-cancelara-triunfos-de-aquellos-militantes-que-ganaron-a-la-mala\/#breadcrumb"},"inLanguage":"es","potentialAction":[{"@type":"ReadAction","target":["https:\/\/fuentesfidedignas.com.mx\/index.php\/2022\/08\/01\/morena-cancelara-triunfos-de-aquellos-militantes-que-ganaron-a-la-mala\/"]}]},{"@type":"ImageObject","inLanguage":"es","@id":"https:\/\/fuentesfidedignas.com.mx\/index.php\/2022\/08\/01\/morena-cancelara-triunfos-de-aquellos-militantes-que-ganaron-a-la-mala\/#primaryimage","url":"https:\/\/cdn.forbes.com.mx\/2022\/08\/Elecciones-Morena-1024x683.jpg","contentUrl":"https:\/\/cdn.forbes.com.mx\/2022\/08\/Elecciones-Morena-1024x683.jpg"},{"@type":"BreadcrumbList","@id":"https:\/\/fuentesfidedignas.com.mx\/index.php\/2022\/08\/01\/morena-cancelara-triunfos-de-aquellos-militantes-que-ganaron-a-la-mala\/#breadcrumb","itemListElement":[{"@type":"ListItem","position":1,"name":"Inicio","item":"https:\/\/fuentesfidedignas.com.mx\/"},{"@type":"ListItem","position":2,"name":"Morena cancelar\u00e1 triunfos de aquellos militantes que ganaron a la \u2018mala\u2019"}]},{"@type":"WebSite","@id":"https:\/\/fuentesfidedignas.com.mx\/#website","url":"https:\/\/fuentesfidedignas.com.mx\/","name":"Fuentes Fidedignas","description":"Otro sitio realizado con WordPress","publisher":{"@id":"https:\/\/fuentesfidedignas.com.mx\/#organization"},"potentialAction":[{"@type":"SearchAction","target":{"@type":"EntryPoint","urlTemplate":"https:\/\/fuentesfidedignas.com.mx\/?s={search_term_string}"},"query-input":{"@type":"PropertyValueSpecification","valueRequired":true,"valueName":"search_term_string"}}],"inLanguage":"es"},{"@type":"Organization","@id":"https:\/\/fuentesfidedignas.com.mx\/#organization","name":"Fuentes Fidedignas","url":"https:\/\/fuentesfidedignas.com.mx\/","logo":{"@type":"ImageObject","inLanguage":"es","@id":"https:\/\/fuentesfidedignas.com.mx\/#\/schema\/logo\/image\/","url":"https:\/\/fuentesfidedignas.com.mx\/wp-content\/uploads\/2021\/04\/logo-retina.png","contentUrl":"https:\/\/fuentesfidedignas.com.mx\/wp-content\/uploads\/2021\/04\/logo-retina.png","width":280,"height":51,"caption":"Fuentes Fidedignas"},"image":{"@id":"https:\/\/fuentesfidedignas.com.mx\/#\/schema\/logo\/image\/"},"sameAs":["https:\/\/www.facebook.com\/Fuentes-Fidedignas-368234489921644","https:\/\/x.com\/fidedignas"]},{"@type":"Person","@id":"https:\/\/fuentesfidedignas.com.mx\/#\/schema\/person\/5623d53fe2e579d825b1679734abcc44","name":"Forbes","image":{"@type":"ImageObject","inLanguage":"es","@id":"https:\/\/secure.gravatar.com\/avatar\/87ce3dd4e41e60c22a79c758614f01a6bc2469255fc936ec7b15efb9bb5cb66f?s=96&d=mm&r=g","url":"https:\/\/secure.gravatar.com\/avatar\/87ce3dd4e41e60c22a79c758614f01a6bc2469255fc936ec7b15efb9bb5cb66f?s=96&d=mm&r=g","contentUrl":"https:\/\/secure.gravatar.com\/avatar\/87ce3dd4e41e60c22a79c758614f01a6bc2469255fc936ec7b15efb9bb5cb66f?s=96&d=mm&r=g","caption":"Forbes"},"url":"https:\/\/fuentesfidedignas.com.mx\/index.php\/author\/forbes\/"}]}},"_links":{"self":[{"href":"https:\/\/fuentesfidedignas.com.mx\/index.php\/wp-json\/wp\/v2\/posts\/38639","targetHints":{"allow":["GET"]}}],"collection":[{"href":"https:\/\/fuentesfidedignas.com.mx\/index.php\/wp-json\/wp\/v2\/posts"}],"about":[{"href":"https:\/\/fuentesfidedignas.com.mx\/index.php\/wp-json\/wp\/v2\/types\/post"}],"author":[{"embeddable":true,"href":"https:\/\/fuentesfidedignas.com.mx\/index.php\/wp-json\/wp\/v2\/users\/5"}],"replies":[{"embeddable":true,"href":"https:\/\/fuentesfidedignas.com.mx\/index.php\/wp-json\/wp\/v2\/comments?post=38639"}],"version-history":[{"count":1,"href":"https:\/\/fuentesfidedignas.com.mx\/index.php\/wp-json\/wp\/v2\/posts\/38639\/revisions"}],"predecessor-version":[{"id":38645,"href":"https:\/\/fuentesfidedignas.com.mx\/index.php\/wp-json\/wp\/v2\/posts\/38639\/revisions\/38645"}],"wp:attachment":[{"href":"https:\/\/fuentesfidedignas.com.mx\/index.php\/wp-json\/wp\/v2\/media?parent=38639"}],"wp:term":[{"taxonomy":"category","embeddable":true,"href":"https:\/\/fuentesfidedignas.com.mx\/index.php\/wp-json\/wp\/v2\/categories?post=38639"},{"taxonomy":"post_tag","embeddable":true,"href":"https:\/\/fuentesfidedignas.com.mx\/index.php\/wp-json\/wp\/v2\/tags?post=38639"}],"curies":[{"name":"wp","href":"https:\/\/api.w.org\/{rel}","templated":true}]}}