{"id":38571,"date":"2022-08-01T06:26:44","date_gmt":"2022-08-01T12:26:44","guid":{"rendered":"https:\/\/fuentesfidedignas.com.mx\/?p=38571"},"modified":"2022-08-01T06:26:45","modified_gmt":"2022-08-01T12:26:45","slug":"joven-se-desvanece-y-muere-durante-su-fiesta-de-xv-anos-en-coahuila","status":"publish","type":"post","link":"https:\/\/fuentesfidedignas.com.mx\/index.php\/2022\/08\/01\/joven-se-desvanece-y-muere-durante-su-fiesta-de-xv-anos-en-coahuila\/","title":{"rendered":"Joven se desvanece y muere durante su fiesta de XV a\u00f1os en Coahuila"},"content":{"rendered":"\n<p><strong><em>La fiesta de XV a\u00f1os se estaba celebrando en el ejido Rosita, en la localidad de San Pedro<\/em><\/strong><\/p>\n\n\n\n<p>Una celebraci\u00f3n de XV a\u00f1os concluy\u00f3 en tragedia despu\u00e9s de que la joven festejada muriera de forma repentina, esto en la localidad de San Pedro, Coahuila.<\/p>\n\n\n\n<p>Unos XV a\u00f1os son sin\u00f3nimo de fiesta y alegr\u00eda, sin embargo, este domingo 31 de julio la situaci\u00f3n fue totalmente diferente en el ejido Rosita en San Pedro, esto despu\u00e9s de que la joven identificada como Daniela Montemayor Cornejo se desvaneciera mientras se realizaba su celebraci\u00f3n.<\/p>\n\n\n\n<p>Algunos medios locales han mencionado que el desvanecimiento incluso ocurri\u00f3 mientras la joven realizaba una de sus piezas de baile.<\/p>\n\n\n\n<p>Despu\u00e9s del incidente durante la fiesta, la menor fue llevada a un hospital, donde m\u00e1s tarde se report\u00f3 su muerte, la cual ha sido lamentada a trav\u00e9s de redes sociales por diferentes personas y grupos.<\/p>\n\n\n\n<p>Medios locales han asegurado que, seg\u00fan versiones de familiares, desde que era peque\u00f1a Daniela padec\u00eda un soplo en el coraz\u00f3n, por lo que esto pudo ser la causa de su fallecimiento, aunque no esto no ha sido confirmado.<\/p>\n\n\n\n<p>Al paso de las horas circularon versiones que aseguraban que durante la fiesta de XV a\u00f1os ocurri\u00f3 una ri\u00f1a y, a ra\u00edz de esta pelea, la joven habr\u00eda muerto; sin embargo, esto ha sido descartado.<\/p>\n\n\n\n<p>Tras los lamentables sucesos, el cuerpo de la joven Daniela Montemayor fue llevado al Semefo, donde se le realizar\u00e1 la necropsia de ley, la cual ayudar\u00e1 a esclarecer las causas de su muerte.<\/p>\n\n\n\n<iframe loading=\"lazy\" src=\"https:\/\/www.facebook.com\/plugins\/post.php?href=https%3A%2F%2Fwww.facebook.com%2Fpermalink.php%3Fstory_fbid%3Dpfbid0bX2hFHxvgoe7hLgm1tpXTysXzV8hTXyvQbpEvnsxaXdAcXqGdjpQZhFKhrbzYmW1l%26id%3D252450791910204&#038;show_text=true&#038;width=500\" width=\"500\" height=\"767\" style=\"border:none;overflow:hidden\" scrolling=\"no\" frameborder=\"0\" allowfullscreen=\"true\" allow=\"autoplay; clipboard-write; encrypted-media; picture-in-picture; web-share\"><\/iframe>\n\n","protected":false},"excerpt":{"rendered":"<p>La fiesta de XV a\u00f1os se estaba celebrando en el ejido Rosita, en la localidad de San Pedro Una celebraci\u00f3n de XV a\u00f1os concluy\u00f3 en tragedia despu\u00e9s de que la joven festejada muriera de forma repentina, esto en la localidad de San Pedro, Coahuila. Unos XV a\u00f1os son sin\u00f3nimo de fiesta y alegr\u00eda, sin embargo, [&hellip;]<\/p>\n","protected":false},"author":46,"featured_media":38572,"comment_status":"open","ping_status":"open","sticky":false,"template":"","format":"standard","meta":{"tdm_status":"","tdm_grid_status":"","footnotes":""},"categories":[40],"tags":[290,193],"class_list":{"0":"post-38571","1":"post","2":"type-post","3":"status-publish","4":"format-standard","5":"has-post-thumbnail","7":"category-las-asombrosas","8":"tag-asombrosa","9":"tag-viral"},"yoast_head":"<!-- This site is optimized with the Yoast SEO plugin v27.5 - https:\/\/yoast.com\/product\/yoast-seo-wordpress\/ -->\n<title>Joven se desvanece y muere durante su fiesta de XV a\u00f1os en Coahuila - Fuentes Fidedignas<\/title>\n<meta name=\"robots\" content=\"index, follow, max-snippet:-1, max-image-preview:large, max-video-preview:-1\" \/>\n<link rel=\"canonical\" href=\"https:\/\/fuentesfidedignas.com.mx\/index.php\/2022\/08\/01\/joven-se-desvanece-y-muere-durante-su-fiesta-de-xv-anos-en-coahuila\/\" \/>\n<meta property=\"og:locale\" content=\"es_MX\" \/>\n<meta property=\"og:type\" content=\"article\" \/>\n<meta property=\"og:title\" content=\"Joven se desvanece y muere durante su fiesta de XV a\u00f1os en Coahuila - Fuentes Fidedignas\" \/>\n<meta property=\"og:description\" content=\"La fiesta de XV a\u00f1os se estaba celebrando en el ejido Rosita, en la localidad de San Pedro Una celebraci\u00f3n de XV a\u00f1os concluy\u00f3 en tragedia despu\u00e9s de que la joven festejada muriera de forma repentina, esto en la localidad de San Pedro, Coahuila. Unos XV a\u00f1os son sin\u00f3nimo de fiesta y alegr\u00eda, sin embargo, [&hellip;]\" \/>\n<meta property=\"og:url\" content=\"https:\/\/fuentesfidedignas.com.mx\/index.php\/2022\/08\/01\/joven-se-desvanece-y-muere-durante-su-fiesta-de-xv-anos-en-coahuila\/\" \/>\n<meta property=\"og:site_name\" content=\"Fuentes Fidedignas\" \/>\n<meta property=\"article:publisher\" content=\"https:\/\/www.facebook.com\/Fuentes-Fidedignas-368234489921644\" \/>\n<meta property=\"article:published_time\" content=\"2022-08-01T12:26:44+00:00\" \/>\n<meta property=\"article:modified_time\" content=\"2022-08-01T12:26:45+00:00\" \/>\n<meta property=\"og:image\" content=\"https:\/\/fuentesfidedignas.com.mx\/wp-content\/uploads\/2022\/08\/XV_ANERA.jpg\" \/>\n\t<meta property=\"og:image:width\" content=\"1271\" \/>\n\t<meta property=\"og:image:height\" content=\"691\" \/>\n\t<meta property=\"og:image:type\" content=\"image\/jpeg\" \/>\n<meta name=\"author\" content=\"Noticieros Televisa\" \/>\n<meta name=\"twitter:card\" content=\"summary_large_image\" \/>\n<meta name=\"twitter:creator\" content=\"@fidedignas\" \/>\n<meta name=\"twitter:site\" content=\"@fidedignas\" \/>\n<meta name=\"twitter:label1\" content=\"Escrito por\" \/>\n\t<meta name=\"twitter:data1\" content=\"Noticieros Televisa\" \/>\n\t<meta name=\"twitter:label2\" content=\"Tiempo de lectura\" \/>\n\t<meta name=\"twitter:data2\" content=\"2 minutos\" \/>\n<script type=\"application\/ld+json\" class=\"yoast-schema-graph\">{\"@context\":\"https:\\\/\\\/schema.org\",\"@graph\":[{\"@type\":\"Article\",\"@id\":\"https:\\\/\\\/fuentesfidedignas.com.mx\\\/index.php\\\/2022\\\/08\\\/01\\\/joven-se-desvanece-y-muere-durante-su-fiesta-de-xv-anos-en-coahuila\\\/#article\",\"isPartOf\":{\"@id\":\"https:\\\/\\\/fuentesfidedignas.com.mx\\\/index.php\\\/2022\\\/08\\\/01\\\/joven-se-desvanece-y-muere-durante-su-fiesta-de-xv-anos-en-coahuila\\\/\"},\"author\":{\"name\":\"Noticieros Televisa\",\"@id\":\"https:\\\/\\\/fuentesfidedignas.com.mx\\\/#\\\/schema\\\/person\\\/f030e42657a5a464a8bbd891b1aab6ee\"},\"headline\":\"Joven se desvanece y muere durante su fiesta de XV a\u00f1os en Coahuila\",\"datePublished\":\"2022-08-01T12:26:44+00:00\",\"dateModified\":\"2022-08-01T12:26:45+00:00\",\"mainEntityOfPage\":{\"@id\":\"https:\\\/\\\/fuentesfidedignas.com.mx\\\/index.php\\\/2022\\\/08\\\/01\\\/joven-se-desvanece-y-muere-durante-su-fiesta-de-xv-anos-en-coahuila\\\/\"},\"wordCount\":285,\"commentCount\":0,\"publisher\":{\"@id\":\"https:\\\/\\\/fuentesfidedignas.com.mx\\\/#organization\"},\"image\":{\"@id\":\"https:\\\/\\\/fuentesfidedignas.com.mx\\\/index.php\\\/2022\\\/08\\\/01\\\/joven-se-desvanece-y-muere-durante-su-fiesta-de-xv-anos-en-coahuila\\\/#primaryimage\"},\"thumbnailUrl\":\"https:\\\/\\\/fuentesfidedignas.com.mx\\\/wp-content\\\/uploads\\\/2022\\\/08\\\/XV_ANERA.jpg\",\"keywords\":[\"Asombrosa\",\"Viral\"],\"articleSection\":[\"LAS ASOMBROSAS\"],\"inLanguage\":\"es\",\"potentialAction\":[{\"@type\":\"CommentAction\",\"name\":\"Comment\",\"target\":[\"https:\\\/\\\/fuentesfidedignas.com.mx\\\/index.php\\\/2022\\\/08\\\/01\\\/joven-se-desvanece-y-muere-durante-su-fiesta-de-xv-anos-en-coahuila\\\/#respond\"]}]},{\"@type\":\"WebPage\",\"@id\":\"https:\\\/\\\/fuentesfidedignas.com.mx\\\/index.php\\\/2022\\\/08\\\/01\\\/joven-se-desvanece-y-muere-durante-su-fiesta-de-xv-anos-en-coahuila\\\/\",\"url\":\"https:\\\/\\\/fuentesfidedignas.com.mx\\\/index.php\\\/2022\\\/08\\\/01\\\/joven-se-desvanece-y-muere-durante-su-fiesta-de-xv-anos-en-coahuila\\\/\",\"name\":\"Joven se desvanece y muere durante su fiesta de XV a\u00f1os en Coahuila - Fuentes Fidedignas\",\"isPartOf\":{\"@id\":\"https:\\\/\\\/fuentesfidedignas.com.mx\\\/#website\"},\"primaryImageOfPage\":{\"@id\":\"https:\\\/\\\/fuentesfidedignas.com.mx\\\/index.php\\\/2022\\\/08\\\/01\\\/joven-se-desvanece-y-muere-durante-su-fiesta-de-xv-anos-en-coahuila\\\/#primaryimage\"},\"image\":{\"@id\":\"https:\\\/\\\/fuentesfidedignas.com.mx\\\/index.php\\\/2022\\\/08\\\/01\\\/joven-se-desvanece-y-muere-durante-su-fiesta-de-xv-anos-en-coahuila\\\/#primaryimage\"},\"thumbnailUrl\":\"https:\\\/\\\/fuentesfidedignas.com.mx\\\/wp-content\\\/uploads\\\/2022\\\/08\\\/XV_ANERA.jpg\",\"datePublished\":\"2022-08-01T12:26:44+00:00\",\"dateModified\":\"2022-08-01T12:26:45+00:00\",\"breadcrumb\":{\"@id\":\"https:\\\/\\\/fuentesfidedignas.com.mx\\\/index.php\\\/2022\\\/08\\\/01\\\/joven-se-desvanece-y-muere-durante-su-fiesta-de-xv-anos-en-coahuila\\\/#breadcrumb\"},\"inLanguage\":\"es\",\"potentialAction\":[{\"@type\":\"ReadAction\",\"target\":[\"https:\\\/\\\/fuentesfidedignas.com.mx\\\/index.php\\\/2022\\\/08\\\/01\\\/joven-se-desvanece-y-muere-durante-su-fiesta-de-xv-anos-en-coahuila\\\/\"]}]},{\"@type\":\"ImageObject\",\"inLanguage\":\"es\",\"@id\":\"https:\\\/\\\/fuentesfidedignas.com.mx\\\/index.php\\\/2022\\\/08\\\/01\\\/joven-se-desvanece-y-muere-durante-su-fiesta-de-xv-anos-en-coahuila\\\/#primaryimage\",\"url\":\"https:\\\/\\\/fuentesfidedignas.com.mx\\\/wp-content\\\/uploads\\\/2022\\\/08\\\/XV_ANERA.jpg\",\"contentUrl\":\"https:\\\/\\\/fuentesfidedignas.com.mx\\\/wp-content\\\/uploads\\\/2022\\\/08\\\/XV_ANERA.jpg\",\"width\":1271,\"height\":691},{\"@type\":\"BreadcrumbList\",\"@id\":\"https:\\\/\\\/fuentesfidedignas.com.mx\\\/index.php\\\/2022\\\/08\\\/01\\\/joven-se-desvanece-y-muere-durante-su-fiesta-de-xv-anos-en-coahuila\\\/#breadcrumb\",\"itemListElement\":[{\"@type\":\"ListItem\",\"position\":1,\"name\":\"Inicio\",\"item\":\"https:\\\/\\\/fuentesfidedignas.com.mx\\\/\"},{\"@type\":\"ListItem\",\"position\":2,\"name\":\"Joven se desvanece y muere durante su fiesta de XV a\u00f1os en Coahuila\"}]},{\"@type\":\"WebSite\",\"@id\":\"https:\\\/\\\/fuentesfidedignas.com.mx\\\/#website\",\"url\":\"https:\\\/\\\/fuentesfidedignas.com.mx\\\/\",\"name\":\"Fuentes Fidedignas\",\"description\":\"Otro sitio realizado con WordPress\",\"publisher\":{\"@id\":\"https:\\\/\\\/fuentesfidedignas.com.mx\\\/#organization\"},\"potentialAction\":[{\"@type\":\"SearchAction\",\"target\":{\"@type\":\"EntryPoint\",\"urlTemplate\":\"https:\\\/\\\/fuentesfidedignas.com.mx\\\/?s={search_term_string}\"},\"query-input\":{\"@type\":\"PropertyValueSpecification\",\"valueRequired\":true,\"valueName\":\"search_term_string\"}}],\"inLanguage\":\"es\"},{\"@type\":\"Organization\",\"@id\":\"https:\\\/\\\/fuentesfidedignas.com.mx\\\/#organization\",\"name\":\"Fuentes Fidedignas\",\"url\":\"https:\\\/\\\/fuentesfidedignas.com.mx\\\/\",\"logo\":{\"@type\":\"ImageObject\",\"inLanguage\":\"es\",\"@id\":\"https:\\\/\\\/fuentesfidedignas.com.mx\\\/#\\\/schema\\\/logo\\\/image\\\/\",\"url\":\"https:\\\/\\\/fuentesfidedignas.com.mx\\\/wp-content\\\/uploads\\\/2021\\\/04\\\/logo-retina.png\",\"contentUrl\":\"https:\\\/\\\/fuentesfidedignas.com.mx\\\/wp-content\\\/uploads\\\/2021\\\/04\\\/logo-retina.png\",\"width\":280,\"height\":51,\"caption\":\"Fuentes Fidedignas\"},\"image\":{\"@id\":\"https:\\\/\\\/fuentesfidedignas.com.mx\\\/#\\\/schema\\\/logo\\\/image\\\/\"},\"sameAs\":[\"https:\\\/\\\/www.facebook.com\\\/Fuentes-Fidedignas-368234489921644\",\"https:\\\/\\\/x.com\\\/fidedignas\"]},{\"@type\":\"Person\",\"@id\":\"https:\\\/\\\/fuentesfidedignas.com.mx\\\/#\\\/schema\\\/person\\\/f030e42657a5a464a8bbd891b1aab6ee\",\"name\":\"Noticieros Televisa\",\"image\":{\"@type\":\"ImageObject\",\"inLanguage\":\"es\",\"@id\":\"https:\\\/\\\/secure.gravatar.com\\\/avatar\\\/0e47b9e785a628831b8fd9eaf15e090e106760a879abbd4a3306f128ef5d43a9?s=96&d=mm&r=g\",\"url\":\"https:\\\/\\\/secure.gravatar.com\\\/avatar\\\/0e47b9e785a628831b8fd9eaf15e090e106760a879abbd4a3306f128ef5d43a9?s=96&d=mm&r=g\",\"contentUrl\":\"https:\\\/\\\/secure.gravatar.com\\\/avatar\\\/0e47b9e785a628831b8fd9eaf15e090e106760a879abbd4a3306f128ef5d43a9?s=96&d=mm&r=g\",\"caption\":\"Noticieros Televisa\"},\"url\":\"https:\\\/\\\/fuentesfidedignas.com.mx\\\/index.php\\\/author\\\/noticieros-televisa\\\/\"}]}<\/script>\n<!-- \/ Yoast SEO plugin. -->","yoast_head_json":{"title":"Joven se desvanece y muere durante su fiesta de XV a\u00f1os en Coahuila - Fuentes Fidedignas","robots":{"index":"index","follow":"follow","max-snippet":"max-snippet:-1","max-image-preview":"max-image-preview:large","max-video-preview":"max-video-preview:-1"},"canonical":"https:\/\/fuentesfidedignas.com.mx\/index.php\/2022\/08\/01\/joven-se-desvanece-y-muere-durante-su-fiesta-de-xv-anos-en-coahuila\/","og_locale":"es_MX","og_type":"article","og_title":"Joven se desvanece y muere durante su fiesta de XV a\u00f1os en Coahuila - Fuentes Fidedignas","og_description":"La fiesta de XV a\u00f1os se estaba celebrando en el ejido Rosita, en la localidad de San Pedro Una celebraci\u00f3n de XV a\u00f1os concluy\u00f3 en tragedia despu\u00e9s de que la joven festejada muriera de forma repentina, esto en la localidad de San Pedro, Coahuila. Unos XV a\u00f1os son sin\u00f3nimo de fiesta y alegr\u00eda, sin embargo, [&hellip;]","og_url":"https:\/\/fuentesfidedignas.com.mx\/index.php\/2022\/08\/01\/joven-se-desvanece-y-muere-durante-su-fiesta-de-xv-anos-en-coahuila\/","og_site_name":"Fuentes Fidedignas","article_publisher":"https:\/\/www.facebook.com\/Fuentes-Fidedignas-368234489921644","article_published_time":"2022-08-01T12:26:44+00:00","article_modified_time":"2022-08-01T12:26:45+00:00","og_image":[{"width":1271,"height":691,"url":"https:\/\/fuentesfidedignas.com.mx\/wp-content\/uploads\/2022\/08\/XV_ANERA.jpg","type":"image\/jpeg"}],"author":"Noticieros Televisa","twitter_card":"summary_large_image","twitter_creator":"@fidedignas","twitter_site":"@fidedignas","twitter_misc":{"Escrito por":"Noticieros Televisa","Tiempo de lectura":"2 minutos"},"schema":{"@context":"https:\/\/schema.org","@graph":[{"@type":"Article","@id":"https:\/\/fuentesfidedignas.com.mx\/index.php\/2022\/08\/01\/joven-se-desvanece-y-muere-durante-su-fiesta-de-xv-anos-en-coahuila\/#article","isPartOf":{"@id":"https:\/\/fuentesfidedignas.com.mx\/index.php\/2022\/08\/01\/joven-se-desvanece-y-muere-durante-su-fiesta-de-xv-anos-en-coahuila\/"},"author":{"name":"Noticieros Televisa","@id":"https:\/\/fuentesfidedignas.com.mx\/#\/schema\/person\/f030e42657a5a464a8bbd891b1aab6ee"},"headline":"Joven se desvanece y muere durante su fiesta de XV a\u00f1os en Coahuila","datePublished":"2022-08-01T12:26:44+00:00","dateModified":"2022-08-01T12:26:45+00:00","mainEntityOfPage":{"@id":"https:\/\/fuentesfidedignas.com.mx\/index.php\/2022\/08\/01\/joven-se-desvanece-y-muere-durante-su-fiesta-de-xv-anos-en-coahuila\/"},"wordCount":285,"commentCount":0,"publisher":{"@id":"https:\/\/fuentesfidedignas.com.mx\/#organization"},"image":{"@id":"https:\/\/fuentesfidedignas.com.mx\/index.php\/2022\/08\/01\/joven-se-desvanece-y-muere-durante-su-fiesta-de-xv-anos-en-coahuila\/#primaryimage"},"thumbnailUrl":"https:\/\/fuentesfidedignas.com.mx\/wp-content\/uploads\/2022\/08\/XV_ANERA.jpg","keywords":["Asombrosa","Viral"],"articleSection":["LAS ASOMBROSAS"],"inLanguage":"es","potentialAction":[{"@type":"CommentAction","name":"Comment","target":["https:\/\/fuentesfidedignas.com.mx\/index.php\/2022\/08\/01\/joven-se-desvanece-y-muere-durante-su-fiesta-de-xv-anos-en-coahuila\/#respond"]}]},{"@type":"WebPage","@id":"https:\/\/fuentesfidedignas.com.mx\/index.php\/2022\/08\/01\/joven-se-desvanece-y-muere-durante-su-fiesta-de-xv-anos-en-coahuila\/","url":"https:\/\/fuentesfidedignas.com.mx\/index.php\/2022\/08\/01\/joven-se-desvanece-y-muere-durante-su-fiesta-de-xv-anos-en-coahuila\/","name":"Joven se desvanece y muere durante su fiesta de XV a\u00f1os en Coahuila - Fuentes Fidedignas","isPartOf":{"@id":"https:\/\/fuentesfidedignas.com.mx\/#website"},"primaryImageOfPage":{"@id":"https:\/\/fuentesfidedignas.com.mx\/index.php\/2022\/08\/01\/joven-se-desvanece-y-muere-durante-su-fiesta-de-xv-anos-en-coahuila\/#primaryimage"},"image":{"@id":"https:\/\/fuentesfidedignas.com.mx\/index.php\/2022\/08\/01\/joven-se-desvanece-y-muere-durante-su-fiesta-de-xv-anos-en-coahuila\/#primaryimage"},"thumbnailUrl":"https:\/\/fuentesfidedignas.com.mx\/wp-content\/uploads\/2022\/08\/XV_ANERA.jpg","datePublished":"2022-08-01T12:26:44+00:00","dateModified":"2022-08-01T12:26:45+00:00","breadcrumb":{"@id":"https:\/\/fuentesfidedignas.com.mx\/index.php\/2022\/08\/01\/joven-se-desvanece-y-muere-durante-su-fiesta-de-xv-anos-en-coahuila\/#breadcrumb"},"inLanguage":"es","potentialAction":[{"@type":"ReadAction","target":["https:\/\/fuentesfidedignas.com.mx\/index.php\/2022\/08\/01\/joven-se-desvanece-y-muere-durante-su-fiesta-de-xv-anos-en-coahuila\/"]}]},{"@type":"ImageObject","inLanguage":"es","@id":"https:\/\/fuentesfidedignas.com.mx\/index.php\/2022\/08\/01\/joven-se-desvanece-y-muere-durante-su-fiesta-de-xv-anos-en-coahuila\/#primaryimage","url":"https:\/\/fuentesfidedignas.com.mx\/wp-content\/uploads\/2022\/08\/XV_ANERA.jpg","contentUrl":"https:\/\/fuentesfidedignas.com.mx\/wp-content\/uploads\/2022\/08\/XV_ANERA.jpg","width":1271,"height":691},{"@type":"BreadcrumbList","@id":"https:\/\/fuentesfidedignas.com.mx\/index.php\/2022\/08\/01\/joven-se-desvanece-y-muere-durante-su-fiesta-de-xv-anos-en-coahuila\/#breadcrumb","itemListElement":[{"@type":"ListItem","position":1,"name":"Inicio","item":"https:\/\/fuentesfidedignas.com.mx\/"},{"@type":"ListItem","position":2,"name":"Joven se desvanece y muere durante su fiesta de XV a\u00f1os en Coahuila"}]},{"@type":"WebSite","@id":"https:\/\/fuentesfidedignas.com.mx\/#website","url":"https:\/\/fuentesfidedignas.com.mx\/","name":"Fuentes Fidedignas","description":"Otro sitio realizado con WordPress","publisher":{"@id":"https:\/\/fuentesfidedignas.com.mx\/#organization"},"potentialAction":[{"@type":"SearchAction","target":{"@type":"EntryPoint","urlTemplate":"https:\/\/fuentesfidedignas.com.mx\/?s={search_term_string}"},"query-input":{"@type":"PropertyValueSpecification","valueRequired":true,"valueName":"search_term_string"}}],"inLanguage":"es"},{"@type":"Organization","@id":"https:\/\/fuentesfidedignas.com.mx\/#organization","name":"Fuentes Fidedignas","url":"https:\/\/fuentesfidedignas.com.mx\/","logo":{"@type":"ImageObject","inLanguage":"es","@id":"https:\/\/fuentesfidedignas.com.mx\/#\/schema\/logo\/image\/","url":"https:\/\/fuentesfidedignas.com.mx\/wp-content\/uploads\/2021\/04\/logo-retina.png","contentUrl":"https:\/\/fuentesfidedignas.com.mx\/wp-content\/uploads\/2021\/04\/logo-retina.png","width":280,"height":51,"caption":"Fuentes Fidedignas"},"image":{"@id":"https:\/\/fuentesfidedignas.com.mx\/#\/schema\/logo\/image\/"},"sameAs":["https:\/\/www.facebook.com\/Fuentes-Fidedignas-368234489921644","https:\/\/x.com\/fidedignas"]},{"@type":"Person","@id":"https:\/\/fuentesfidedignas.com.mx\/#\/schema\/person\/f030e42657a5a464a8bbd891b1aab6ee","name":"Noticieros Televisa","image":{"@type":"ImageObject","inLanguage":"es","@id":"https:\/\/secure.gravatar.com\/avatar\/0e47b9e785a628831b8fd9eaf15e090e106760a879abbd4a3306f128ef5d43a9?s=96&d=mm&r=g","url":"https:\/\/secure.gravatar.com\/avatar\/0e47b9e785a628831b8fd9eaf15e090e106760a879abbd4a3306f128ef5d43a9?s=96&d=mm&r=g","contentUrl":"https:\/\/secure.gravatar.com\/avatar\/0e47b9e785a628831b8fd9eaf15e090e106760a879abbd4a3306f128ef5d43a9?s=96&d=mm&r=g","caption":"Noticieros Televisa"},"url":"https:\/\/fuentesfidedignas.com.mx\/index.php\/author\/noticieros-televisa\/"}]}},"_links":{"self":[{"href":"https:\/\/fuentesfidedignas.com.mx\/index.php\/wp-json\/wp\/v2\/posts\/38571","targetHints":{"allow":["GET"]}}],"collection":[{"href":"https:\/\/fuentesfidedignas.com.mx\/index.php\/wp-json\/wp\/v2\/posts"}],"about":[{"href":"https:\/\/fuentesfidedignas.com.mx\/index.php\/wp-json\/wp\/v2\/types\/post"}],"author":[{"embeddable":true,"href":"https:\/\/fuentesfidedignas.com.mx\/index.php\/wp-json\/wp\/v2\/users\/46"}],"replies":[{"embeddable":true,"href":"https:\/\/fuentesfidedignas.com.mx\/index.php\/wp-json\/wp\/v2\/comments?post=38571"}],"version-history":[{"count":1,"href":"https:\/\/fuentesfidedignas.com.mx\/index.php\/wp-json\/wp\/v2\/posts\/38571\/revisions"}],"predecessor-version":[{"id":38573,"href":"https:\/\/fuentesfidedignas.com.mx\/index.php\/wp-json\/wp\/v2\/posts\/38571\/revisions\/38573"}],"wp:featuredmedia":[{"embeddable":true,"href":"https:\/\/fuentesfidedignas.com.mx\/index.php\/wp-json\/wp\/v2\/media\/38572"}],"wp:attachment":[{"href":"https:\/\/fuentesfidedignas.com.mx\/index.php\/wp-json\/wp\/v2\/media?parent=38571"}],"wp:term":[{"taxonomy":"category","embeddable":true,"href":"https:\/\/fuentesfidedignas.com.mx\/index.php\/wp-json\/wp\/v2\/categories?post=38571"},{"taxonomy":"post_tag","embeddable":true,"href":"https:\/\/fuentesfidedignas.com.mx\/index.php\/wp-json\/wp\/v2\/tags?post=38571"}],"curies":[{"name":"wp","href":"https:\/\/api.w.org\/{rel}","templated":true}]}}